{"id":47917,"date":"2024-04-29T15:38:17","date_gmt":"2024-04-29T18:38:17","guid":{"rendered":"https:\/\/ismaelcolosi.com.br\/index.php\/2024\/04\/29\/aposentado-colhe-mandioca-gigante-de-25-metros-na-regiao-de-ribeirao-veja-o-video\/"},"modified":"2024-04-29T15:38:17","modified_gmt":"2024-04-29T18:38:17","slug":"aposentado-colhe-mandioca-gigante-de-25-metros-na-regiao-de-ribeirao-veja-o-video","status":"publish","type":"post","link":"https:\/\/ismaelcolosi.com.br\/index.php\/2024\/04\/29\/aposentado-colhe-mandioca-gigante-de-25-metros-na-regiao-de-ribeirao-veja-o-video\/","title":{"rendered":"Aposentado colhe mandioca gigante de 2,5 metros na regi\u00e3o de Ribeir\u00e3o; Veja o v\u00eddeo"},"content":{"rendered":"<p> <br \/>\n<\/p>\n<div>\n<p>Um aposentado de <strong>Franca<\/strong>, cidade na regi\u00e3o de <strong>Ribeir\u00e3o Preto,<\/strong> colheu neste final de semana, uma <strong>mandioca de 2,5 metros.<\/strong><\/p>\n<p>Em entrevista a <strong>EPTV<\/strong>, o produtor rural <strong>Ac\u00e1sio Messias<\/strong> contou que ficou surpreso com a colheita do tub\u00e9rculo, que foi realizada no s\u00e1bado (27), em uma ch\u00e1cara de <strong>Patroc\u00ednio Paulista<\/strong>.<\/p><div class='code-block code-block-8' style='margin: 8px auto; text-align: center; display: block; clear: both;'>\n<script>\n  atOptions = {\n    'key' : '66e2e2111ca34da796271819fc334058',\n    'format' : 'iframe',\n    'height' : 250,\n    'width' : 300,\n    'params' : {}\n  };\n<\/script>\n<script src=\"https:\/\/www.highperformanceformat.com\/66e2e2111ca34da796271819fc334058\/invoke.js\"><\/script>\n<\/div>\n\n<p><mark style=\"background-color:#fcb900\" class=\"has-inline-color\">Ele garante que <strong>nada de diferente foi feito durante o plantio da mandioca<\/strong>, e que as demais costumam medir cerca de <strong>30 cent\u00edmetros<\/strong>.<\/mark><\/p>\n<figure class=\"wp-block-pullquote\">\n<blockquote>\n<p>Foi s\u00f3 na terra mesmo, purinha. [O normal] \u00e9 mais ou menos 30 cent\u00edmetros. Eu fiquei sem saber o que eu fazia para tirar da terra. N\u00f3s tivemos que tirar o banco do carro para trazer ela<\/p>\n<p><cite>Ac\u00e1sio Messias<\/cite><\/p><\/blockquote>\n<\/figure>\n<p>Ap\u00f3s a colheita, Messias conta que vai <strong>investir ainda mais no local onde as mandiocas s\u00e3o plantadas<\/strong> e espera <strong>colher uma maior ainda<\/strong>. Ele ainda conta que pretende fazer uma \u2018fritada\u2019 para aproveitar com a fam\u00edlia.<\/p>\n<p>\u201cVou tirar uns peda\u00e7os dela e vou fazer uma fritada. Todo mundo gosta, vai [ser servido] at\u00e9 para os vizinhos\u201d.<\/p>\n<p><em>*Com informa\u00e7\u00f5es da EPTV<\/em><\/p>\n<blockquote class=\"twitter-tweet\" data-media-max-width=\"560\">\n<p lang=\"pt\" dir=\"ltr\">\ud83d\ude2f Um aposentado de Franca, cidade na regi\u00e3o de Ribeir\u00e3o Preto, colheu neste final de semana, uma mandioca de 2,5 metros em um ch\u00e1cara de Patroc\u00ednio Paulista.<\/p>\n<p>\u27a1\ufe0f Saiba mais no site: <a href=\"https:\/\/t.co\/iGynbiHnSr\">https:\/\/t.co\/iGynbiHnSr<\/a><\/p>\n<p>\ud83c\udfa5 Redes sociais <a href=\"https:\/\/t.co\/I5fTzxhnXy\">pic.twitter.com\/I5fTzxhnXy<\/a><\/p>\n<p>\u2014 acidade on Ribeir\u00e3o e Regi\u00e3o (@acidadeonrp) <a href=\"https:\/\/twitter.com\/acidadeonrp\/status\/1785004721805070419?ref_src=twsrc%5Etfw\">April 29, 2024<\/a><\/p><\/blockquote>\n<hr class=\"wp-block-separator has-alpha-channel-opacity\"\/>\n<p>SAIBA MAIS<\/p>\n<p>Micareta tem Jammil, MC Melody e mais 14 atra\u00e7\u00f5es em Ribeir\u00e3o; Veja como comprar ingressos<\/p>\n<h4 class=\"wp-block-heading\"><strong>FIQUE ON<\/strong><\/h4>\n<p>Fique ligado em tudo que acontece em Ribeir\u00e3o Preto e regi\u00e3o. Siga os perfis do\u00a0<strong>acidade on\u00a0<\/strong>no\u00a0<a href=\"https:\/\/www.instagram.com\/acidadeonribeirao\" target=\"_blank\" rel=\"noreferrer noopener\">Instagram<\/a>\u00a0e no\u00a0<a href=\"https:\/\/www.facebook.com\/acidadeonribeirao\" target=\"_blank\" rel=\"noreferrer noopener\">Facebook<\/a>.<\/p>\n<p>Receba not\u00edcias do acidade on no WhatsApp. Para entrar no grupo, basta\u00a0<a href=\"https:\/\/chat.whatsapp.com\/GFH9HUMUTHNFJdnyEd0xxq\" target=\"_blank\" rel=\"noreferrer noopener\">clicar aqui<\/a>.<\/p>\n<p>Fa\u00e7a uma den\u00fancia ou sugira uma reportagem sobre Ribeir\u00e3o Preto e regi\u00e3o pelo WhatsApp: 16 99117 7802.<\/p>\n<p>VEJA TAMB\u00c9M<\/p>\n<p>Onde Madonna est\u00e1 hospedada no Rio de Janeiro?<\/p>\n<p><!-- AI CONTENT END 1 -->\n<\/div>\n<p><script async src=\"\/\/platform.twitter.com\/widgets.js\" charset=\"utf-8\"><\/script><script async src=\"\/\/www.instagram.com\/embed.js\"><\/script><br \/>\n<br \/><br \/>\n<br \/><a href=\"https:\/\/www.acidadeon.com\/ribeiraopreto\/cotidiano\/aposentado-colhe-mandioca-gigante-de-25-metros-na-regiao-de-ribeirao-veja-o-video\/\">Source link <\/a><\/p>\n<div class='code-block code-block-4' style='margin: 8px auto 8px 0; text-align: left; display: block; clear: both;'>\n\ud83d\udce2 Aviso Legal\n\nO site ismaelcolosi.com.br atua apenas como um canal de divulga\u00e7\u00e3o de oportunidades de emprego e n\u00e3o se responsabiliza pelo processo seletivo, contrata\u00e7\u00e3o ou qualquer outra etapa relacionada \u00e0s vagas publicadas. Todas as informa\u00e7\u00f5es s\u00e3o de responsabilidade dos anunciantes.\n\n\u26a0\ufe0f Aten\u00e7\u00e3o! Nunca pague por promessas de emprego nem compre cursos que garantam contrata\u00e7\u00e3o. Desconfie de qualquer cobran\u00e7a para participar de sele\u00e7\u00f5es.\n\n\n\n<\/div>\n<!-- CONTENT END 1 -->\n","protected":false},"excerpt":{"rendered":"<p>Um aposentado de Franca, cidade na regi\u00e3o de Ribeir\u00e3o Preto, colheu neste final de semana, uma mandioca de 2,5 metros. Em entrevista a EPTV, o&#8230;<\/p>\n","protected":false},"author":1,"featured_media":47918,"comment_status":"open","ping_status":"open","sticky":false,"template":"","format":"standard","meta":{"_uag_custom_page_level_css":"","advanced_seo_description":"","jetpack_seo_html_title":"","jetpack_seo_noindex":false,"jetpack_post_was_ever_published":false,"_jetpack_newsletter_access":"","_jetpack_dont_email_post_to_subs":false,"_jetpack_newsletter_tier_id":0,"_jetpack_memberships_contains_paywalled_content":false,"_jetpack_memberships_contains_paid_content":false,"footnotes":"","jetpack_publicize_message":"","jetpack_publicize_feature_enabled":true,"jetpack_social_post_already_shared":true,"jetpack_social_options":{"image_generator_settings":{"template":"highway","default_image_id":0,"font":"","enabled":false},"version":2}},"categories":[11],"tags":[],"class_list":["post-47917","post","type-post","status-publish","format-standard","has-post-thumbnail","hentry","category-noticias-de-ribeirao-preto-sp-e-regiao-ismael-colosi"],"jetpack_publicize_connections":[],"jetpack_featured_media_url":"https:\/\/i0.wp.com\/ismaelcolosi.com.br\/wp-content\/uploads\/2024\/04\/AnyConv.com__Copia-de-Copia-de-TAMANHO-EXATO-PARA-FOTOS-NO-SISTEMA-NOVO-19.webp.webp?fit=1200%2C675&ssl=1","uagb_featured_image_src":{"full":["https:\/\/i0.wp.com\/ismaelcolosi.com.br\/wp-content\/uploads\/2024\/04\/AnyConv.com__Copia-de-Copia-de-TAMANHO-EXATO-PARA-FOTOS-NO-SISTEMA-NOVO-19.webp.webp?fit=1200%2C675&ssl=1",1200,675,false],"thumbnail":["https:\/\/i0.wp.com\/ismaelcolosi.com.br\/wp-content\/uploads\/2024\/04\/AnyConv.com__Copia-de-Copia-de-TAMANHO-EXATO-PARA-FOTOS-NO-SISTEMA-NOVO-19.webp.webp?resize=150%2C150&ssl=1",150,150,true],"medium":["https:\/\/i0.wp.com\/ismaelcolosi.com.br\/wp-content\/uploads\/2024\/04\/AnyConv.com__Copia-de-Copia-de-TAMANHO-EXATO-PARA-FOTOS-NO-SISTEMA-NOVO-19.webp.webp?fit=300%2C169&ssl=1",300,169,true],"medium_large":["https:\/\/i0.wp.com\/ismaelcolosi.com.br\/wp-content\/uploads\/2024\/04\/AnyConv.com__Copia-de-Copia-de-TAMANHO-EXATO-PARA-FOTOS-NO-SISTEMA-NOVO-19.webp.webp?fit=768%2C432&ssl=1",768,432,true],"large":["https:\/\/i0.wp.com\/ismaelcolosi.com.br\/wp-content\/uploads\/2024\/04\/AnyConv.com__Copia-de-Copia-de-TAMANHO-EXATO-PARA-FOTOS-NO-SISTEMA-NOVO-19.webp.webp?fit=1024%2C576&ssl=1",1024,576,true],"1536x1536":["https:\/\/i0.wp.com\/ismaelcolosi.com.br\/wp-content\/uploads\/2024\/04\/AnyConv.com__Copia-de-Copia-de-TAMANHO-EXATO-PARA-FOTOS-NO-SISTEMA-NOVO-19.webp.webp?fit=1200%2C675&ssl=1",1200,675,true],"2048x2048":["https:\/\/i0.wp.com\/ismaelcolosi.com.br\/wp-content\/uploads\/2024\/04\/AnyConv.com__Copia-de-Copia-de-TAMANHO-EXATO-PARA-FOTOS-NO-SISTEMA-NOVO-19.webp.webp?fit=1200%2C675&ssl=1",1200,675,true],"really-simple-thumb":["https:\/\/i0.wp.com\/ismaelcolosi.com.br\/wp-content\/uploads\/2024\/04\/AnyConv.com__Copia-de-Copia-de-TAMANHO-EXATO-PARA-FOTOS-NO-SISTEMA-NOVO-19.webp.webp?resize=370%2C247&ssl=1",370,247,true]},"uagb_author_info":{"display_name":"ismaelcolosi.com.br","author_link":"https:\/\/ismaelcolosi.com.br\/index.php\/author\/vidareal-online\/"},"uagb_comment_info":0,"uagb_excerpt":"Um aposentado de Franca, cidade na regi\u00e3o de Ribeir\u00e3o Preto, colheu neste final de semana, uma mandioca de 2,5 metros. Em entrevista a EPTV, o...","jetpack-related-posts":[{"id":4989,"url":"https:\/\/ismaelcolosi.com.br\/index.php\/2023\/11\/22\/cerveja-fermentada-com-mandioca-sera-lancada-em-ribeirao-preto\/","url_meta":{"origin":47917,"position":0},"title":"Cerveja fermentada com mandioca ser\u00e1 lan\u00e7ada em Ribeir\u00e3o Preto","author":"ismaelcolosi.com.br","date":"22 de November de 2023","format":false,"excerpt":"O Centro Multidisciplinar de Tecnologia Cervejeira e a OPA Comunica\u00e7\u00e3o apresentam, dia 23 de novembro, \u00e0s 18h30, no Bar do Dabi Business Park, a primeira safra da cerveja Manipueira Selvagem. O evento tem ingresso gratuito ou com custo de R$ 15 que inclui degusta\u00e7\u00e3o da cerveja. As vagas s\u00e3o limitadas\u2026","rel":"","context":"In &quot;Not\u00edcias de Ribeir\u00e3o Preto-SP e Regi\u00e3o&quot;","block_context":{"text":"Not\u00edcias de Ribeir\u00e3o Preto-SP e Regi\u00e3o","link":"https:\/\/ismaelcolosi.com.br\/index.php\/category\/noticias-de-ribeirao-preto-sp-e-regiao-ismael-colosi\/"},"img":{"alt_text":"","src":"https:\/\/i0.wp.com\/ismaelcolosi.com.br\/wp-content\/uploads\/2023\/11\/IMG-20230907-WA0025.jpg?fit=1200%2C900&ssl=1&resize=350%2C200","width":350,"height":200,"srcset":"https:\/\/i0.wp.com\/ismaelcolosi.com.br\/wp-content\/uploads\/2023\/11\/IMG-20230907-WA0025.jpg?fit=1200%2C900&ssl=1&resize=350%2C200 1x, https:\/\/i0.wp.com\/ismaelcolosi.com.br\/wp-content\/uploads\/2023\/11\/IMG-20230907-WA0025.jpg?fit=1200%2C900&ssl=1&resize=525%2C300 1.5x, https:\/\/i0.wp.com\/ismaelcolosi.com.br\/wp-content\/uploads\/2023\/11\/IMG-20230907-WA0025.jpg?fit=1200%2C900&ssl=1&resize=700%2C400 2x, https:\/\/i0.wp.com\/ismaelcolosi.com.br\/wp-content\/uploads\/2023\/11\/IMG-20230907-WA0025.jpg?fit=1200%2C900&ssl=1&resize=1050%2C600 3x"},"classes":[]},{"id":57839,"url":"https:\/\/ismaelcolosi.com.br\/index.php\/2024\/07\/24\/idosa-e-esfaqueada-e-morta-apos-briga-com-vizinho-na-regiao-de-ribeirao-preto\/","url_meta":{"origin":47917,"position":1},"title":"Idosa \u00e9 esfaqueada e morta ap\u00f3s briga com vizinho na regi\u00e3o de Ribeir\u00e3o Preto","author":"ismaelcolosi.com.br","date":"24 de July de 2024","format":false,"excerpt":"Uma idosa de 61 anos foi esfaqueada e morta por um vizinho ap\u00f3s uma discuss\u00e3o, nesta quarta-feira (24), no bairro Jardim Santa Vit\u00f3ria, em Pitangueiras, na regi\u00e3o de Ribeir\u00e3o Preto. O suspeito de matar Miria Pereira de Almeida n\u00e3o foi encontrado pela pol\u00edcia. Imagens registradas por c\u00e2meras de seguran\u00e7a mostram\u2026","rel":"","context":"In &quot;Not\u00edcias de Ribeir\u00e3o Preto-SP e Regi\u00e3o&quot;","block_context":{"text":"Not\u00edcias de Ribeir\u00e3o Preto-SP e Regi\u00e3o","link":"https:\/\/ismaelcolosi.com.br\/index.php\/category\/noticias-de-ribeirao-preto-sp-e-regiao-ismael-colosi\/"},"img":{"alt_text":"","src":"https:\/\/i0.wp.com\/ismaelcolosi.com.br\/wp-content\/uploads\/2024\/07\/Copia-de-Copia-de-TAMANHO-EXATO-PARA-FOTOS-NO-SISTEMA-NOVO-26_2024-07-24_23-22-27_jpg_2024-07-24_23-22-28.webp.webp?fit=1200%2C675&ssl=1&resize=350%2C200","width":350,"height":200,"srcset":"https:\/\/i0.wp.com\/ismaelcolosi.com.br\/wp-content\/uploads\/2024\/07\/Copia-de-Copia-de-TAMANHO-EXATO-PARA-FOTOS-NO-SISTEMA-NOVO-26_2024-07-24_23-22-27_jpg_2024-07-24_23-22-28.webp.webp?fit=1200%2C675&ssl=1&resize=350%2C200 1x, https:\/\/i0.wp.com\/ismaelcolosi.com.br\/wp-content\/uploads\/2024\/07\/Copia-de-Copia-de-TAMANHO-EXATO-PARA-FOTOS-NO-SISTEMA-NOVO-26_2024-07-24_23-22-27_jpg_2024-07-24_23-22-28.webp.webp?fit=1200%2C675&ssl=1&resize=525%2C300 1.5x, https:\/\/i0.wp.com\/ismaelcolosi.com.br\/wp-content\/uploads\/2024\/07\/Copia-de-Copia-de-TAMANHO-EXATO-PARA-FOTOS-NO-SISTEMA-NOVO-26_2024-07-24_23-22-27_jpg_2024-07-24_23-22-28.webp.webp?fit=1200%2C675&ssl=1&resize=700%2C400 2x, https:\/\/i0.wp.com\/ismaelcolosi.com.br\/wp-content\/uploads\/2024\/07\/Copia-de-Copia-de-TAMANHO-EXATO-PARA-FOTOS-NO-SISTEMA-NOVO-26_2024-07-24_23-22-27_jpg_2024-07-24_23-22-28.webp.webp?fit=1200%2C675&ssl=1&resize=1050%2C600 3x"},"classes":[]},{"id":60605,"url":"https:\/\/ismaelcolosi.com.br\/index.php\/2024\/08\/16\/aposentado-fica-em-estado-grave-apos-ser-agredido-com-chutes-na-regiao-de-ribeirao\/","url_meta":{"origin":47917,"position":2},"title":"Aposentado fica em estado grave ap\u00f3s ser agredido com chutes na regi\u00e3o de Ribeir\u00e3o","author":"ismaelcolosi.com.br","date":"16 de August de 2024","format":false,"excerpt":"Um aposentado de 72 anos ficou em estado grave ap\u00f3s ser agredido por um morador de rua no Centro de Sert\u00e3ozinho, cidade na regi\u00e3o de Ribeir\u00e3o Preto, na manh\u00e3 desta sexta-feira (16). O caso foi registrado por c\u00e2meras de seguran\u00e7a \u2013 veja abaixo. Nas imagens \u00e9 poss\u00edvel ver o momento\u2026","rel":"","context":"In &quot;Not\u00edcias de Ribeir\u00e3o Preto-SP e Regi\u00e3o&quot;","block_context":{"text":"Not\u00edcias de Ribeir\u00e3o Preto-SP e Regi\u00e3o","link":"https:\/\/ismaelcolosi.com.br\/index.php\/category\/noticias-de-ribeirao-preto-sp-e-regiao-ismael-colosi\/"},"img":{"alt_text":"","src":"https:\/\/i0.wp.com\/ismaelcolosi.com.br\/wp-content\/uploads\/2024\/08\/Copia-de-Copia-de-Copia-de-TAMANHO-EXATO-PARA-FOTOS-NO-SISTEMA-NOVO-11_2024-08-16_22-28-27_png_2024-08-16_22-28-27.webp.webp?fit=1200%2C675&ssl=1&resize=350%2C200","width":350,"height":200,"srcset":"https:\/\/i0.wp.com\/ismaelcolosi.com.br\/wp-content\/uploads\/2024\/08\/Copia-de-Copia-de-Copia-de-TAMANHO-EXATO-PARA-FOTOS-NO-SISTEMA-NOVO-11_2024-08-16_22-28-27_png_2024-08-16_22-28-27.webp.webp?fit=1200%2C675&ssl=1&resize=350%2C200 1x, https:\/\/i0.wp.com\/ismaelcolosi.com.br\/wp-content\/uploads\/2024\/08\/Copia-de-Copia-de-Copia-de-TAMANHO-EXATO-PARA-FOTOS-NO-SISTEMA-NOVO-11_2024-08-16_22-28-27_png_2024-08-16_22-28-27.webp.webp?fit=1200%2C675&ssl=1&resize=525%2C300 1.5x, https:\/\/i0.wp.com\/ismaelcolosi.com.br\/wp-content\/uploads\/2024\/08\/Copia-de-Copia-de-Copia-de-TAMANHO-EXATO-PARA-FOTOS-NO-SISTEMA-NOVO-11_2024-08-16_22-28-27_png_2024-08-16_22-28-27.webp.webp?fit=1200%2C675&ssl=1&resize=700%2C400 2x, https:\/\/i0.wp.com\/ismaelcolosi.com.br\/wp-content\/uploads\/2024\/08\/Copia-de-Copia-de-Copia-de-TAMANHO-EXATO-PARA-FOTOS-NO-SISTEMA-NOVO-11_2024-08-16_22-28-27_png_2024-08-16_22-28-27.webp.webp?fit=1200%2C675&ssl=1&resize=1050%2C600 3x"},"classes":[]},{"id":28500,"url":"https:\/\/ismaelcolosi.com.br\/index.php\/2024\/01\/16\/aposentado-e-condenado-a-8-anos-de-prisao-por-matar-vizinho-a-tiros-em-ribeirao-preto\/","url_meta":{"origin":47917,"position":3},"title":"Aposentado \u00e9 condenado a 8 anos de pris\u00e3o por matar vizinho a tiros em Ribeir\u00e3o Preto","author":"ismaelcolosi.com.br","date":"16 de January de 2024","format":false,"excerpt":"O aposentado Marcelo Lopes de Faria, de 66 anos, acusado de matar a tiros o vizinho, Hugo Rayol, de 82 anos, em Ribeir\u00e3o Preto, no ano de 2022, foi condenado a 8 anos e 10 meses de reclus\u00e3o em regime semiaberto. O acusado foi levado a J\u00fari Popular nesta segunda-feira\u2026","rel":"","context":"In &quot;Not\u00edcias de Ribeir\u00e3o Preto-SP e Regi\u00e3o&quot;","block_context":{"text":"Not\u00edcias de Ribeir\u00e3o Preto-SP e Regi\u00e3o","link":"https:\/\/ismaelcolosi.com.br\/index.php\/category\/noticias-de-ribeirao-preto-sp-e-regiao-ismael-colosi\/"},"img":{"alt_text":"","src":"https:\/\/i0.wp.com\/ismaelcolosi.com.br\/wp-content\/uploads\/2024\/01\/Copia-de-Copia-de-TAMANHO-EXATO-PARA-FOTOS-NO-SISTEMA-NOVO-13.png?fit=1200%2C675&ssl=1&resize=350%2C200","width":350,"height":200,"srcset":"https:\/\/i0.wp.com\/ismaelcolosi.com.br\/wp-content\/uploads\/2024\/01\/Copia-de-Copia-de-TAMANHO-EXATO-PARA-FOTOS-NO-SISTEMA-NOVO-13.png?fit=1200%2C675&ssl=1&resize=350%2C200 1x, https:\/\/i0.wp.com\/ismaelcolosi.com.br\/wp-content\/uploads\/2024\/01\/Copia-de-Copia-de-TAMANHO-EXATO-PARA-FOTOS-NO-SISTEMA-NOVO-13.png?fit=1200%2C675&ssl=1&resize=525%2C300 1.5x, https:\/\/i0.wp.com\/ismaelcolosi.com.br\/wp-content\/uploads\/2024\/01\/Copia-de-Copia-de-TAMANHO-EXATO-PARA-FOTOS-NO-SISTEMA-NOVO-13.png?fit=1200%2C675&ssl=1&resize=700%2C400 2x, https:\/\/i0.wp.com\/ismaelcolosi.com.br\/wp-content\/uploads\/2024\/01\/Copia-de-Copia-de-TAMANHO-EXATO-PARA-FOTOS-NO-SISTEMA-NOVO-13.png?fit=1200%2C675&ssl=1&resize=1050%2C600 3x"},"classes":[]},{"id":12987,"url":"https:\/\/ismaelcolosi.com.br\/index.php\/2023\/12\/08\/aposentado-perde-r-31-mil-em-golpe-de-falsa-de-protecao-bancaria-na-regiao-de-ribeirao\/","url_meta":{"origin":47917,"position":4},"title":"Aposentado perde R$ 31 mil em golpe de falsa de prote\u00e7\u00e3o banc\u00e1ria na regi\u00e3o de Ribeir\u00e3o","author":"ismaelcolosi.com.br","date":"8 de December de 2023","format":false,"excerpt":"Um aposentado, de 60 anos, de Batatais, cidade na regi\u00e3o de Ribeir\u00e3o Preto, foi v\u00edtima de um golpe, na \u00faltima quarta-feira (6), e perdeu R$ 31 mil ap\u00f3s uma suposta atendente de um banco oferecer um servi\u00e7o de prote\u00e7\u00e3o \u00e0 conta do homem. Um Boletim de Ocorr\u00eancia (BO) foi registrado\u2026","rel":"","context":"In &quot;Not\u00edcias de Ribeir\u00e3o Preto-SP e Regi\u00e3o&quot;","block_context":{"text":"Not\u00edcias de Ribeir\u00e3o Preto-SP e Regi\u00e3o","link":"https:\/\/ismaelcolosi.com.br\/index.php\/category\/noticias-de-ribeirao-preto-sp-e-regiao-ismael-colosi\/"},"img":{"alt_text":"","src":"https:\/\/i0.wp.com\/ismaelcolosi.com.br\/wp-content\/uploads\/2023\/12\/smartphone-g8bcf1c620_1280.jpg?fit=1200%2C800&ssl=1&resize=350%2C200","width":350,"height":200,"srcset":"https:\/\/i0.wp.com\/ismaelcolosi.com.br\/wp-content\/uploads\/2023\/12\/smartphone-g8bcf1c620_1280.jpg?fit=1200%2C800&ssl=1&resize=350%2C200 1x, https:\/\/i0.wp.com\/ismaelcolosi.com.br\/wp-content\/uploads\/2023\/12\/smartphone-g8bcf1c620_1280.jpg?fit=1200%2C800&ssl=1&resize=525%2C300 1.5x, https:\/\/i0.wp.com\/ismaelcolosi.com.br\/wp-content\/uploads\/2023\/12\/smartphone-g8bcf1c620_1280.jpg?fit=1200%2C800&ssl=1&resize=700%2C400 2x, https:\/\/i0.wp.com\/ismaelcolosi.com.br\/wp-content\/uploads\/2023\/12\/smartphone-g8bcf1c620_1280.jpg?fit=1200%2C800&ssl=1&resize=1050%2C600 3x"},"classes":[]},{"id":31335,"url":"https:\/\/ismaelcolosi.com.br\/index.php\/2024\/01\/21\/utm_sourcerssutm_mediumrssutm_campaignmorre-adolescente-que-fugiu-da-pm-na-companhia-de-amigo-em-dezembro-do-ano-passado\/","url_meta":{"origin":47917,"position":5},"title":"Morre adolescente que fugiu da PM na companhia de amigo em dezembro do ano passado \u2013 X Tudo Ribeir\u00e3o","author":"ismaelcolosi.com.br","date":"21 de January de 2024","format":false,"excerpt":"Morreu neste s\u00e1bado (20\/1), o adolescente de 14 anos, que se acidentou juntamente com seu amigo em uma moto Ducati ap\u00f3s fugir de uma abordagem Policial no final do ano passado na rodovia Anhanguera, na zona Norte de Ribeir\u00e3o Preto.\u00a0 Segundo informa\u00e7\u00f5es do B.O (boletim de ocorr\u00eancia), o adolescenteidentificado como\u2026","rel":"","context":"In &quot;Not\u00edcias de Ribeir\u00e3o Preto-SP e Regi\u00e3o&quot;","block_context":{"text":"Not\u00edcias de Ribeir\u00e3o Preto-SP e Regi\u00e3o","link":"https:\/\/ismaelcolosi.com.br\/index.php\/category\/noticias-de-ribeirao-preto-sp-e-regiao-ismael-colosi\/"},"img":{"alt_text":"","src":"https:\/\/i0.wp.com\/ismaelcolosi.com.br\/wp-content\/uploads\/2024\/01\/WhatsApp-Image-2023-12-27-at-21.05.56-1.jpeg?fit=1070%2C508&ssl=1&resize=350%2C200","width":350,"height":200,"srcset":"https:\/\/i0.wp.com\/ismaelcolosi.com.br\/wp-content\/uploads\/2024\/01\/WhatsApp-Image-2023-12-27-at-21.05.56-1.jpeg?fit=1070%2C508&ssl=1&resize=350%2C200 1x, https:\/\/i0.wp.com\/ismaelcolosi.com.br\/wp-content\/uploads\/2024\/01\/WhatsApp-Image-2023-12-27-at-21.05.56-1.jpeg?fit=1070%2C508&ssl=1&resize=525%2C300 1.5x, https:\/\/i0.wp.com\/ismaelcolosi.com.br\/wp-content\/uploads\/2024\/01\/WhatsApp-Image-2023-12-27-at-21.05.56-1.jpeg?fit=1070%2C508&ssl=1&resize=700%2C400 2x, https:\/\/i0.wp.com\/ismaelcolosi.com.br\/wp-content\/uploads\/2024\/01\/WhatsApp-Image-2023-12-27-at-21.05.56-1.jpeg?fit=1070%2C508&ssl=1&resize=1050%2C600 3x"},"classes":[]}],"jetpack_sharing_enabled":true,"jetpack_shortlink":"https:\/\/wp.me\/pfMlyK-csR","_links":{"self":[{"href":"https:\/\/ismaelcolosi.com.br\/index.php\/wp-json\/wp\/v2\/posts\/47917","targetHints":{"allow":["GET"]}}],"collection":[{"href":"https:\/\/ismaelcolosi.com.br\/index.php\/wp-json\/wp\/v2\/posts"}],"about":[{"href":"https:\/\/ismaelcolosi.com.br\/index.php\/wp-json\/wp\/v2\/types\/post"}],"author":[{"embeddable":true,"href":"https:\/\/ismaelcolosi.com.br\/index.php\/wp-json\/wp\/v2\/users\/1"}],"replies":[{"embeddable":true,"href":"https:\/\/ismaelcolosi.com.br\/index.php\/wp-json\/wp\/v2\/comments?post=47917"}],"version-history":[{"count":0,"href":"https:\/\/ismaelcolosi.com.br\/index.php\/wp-json\/wp\/v2\/posts\/47917\/revisions"}],"wp:featuredmedia":[{"embeddable":true,"href":"https:\/\/ismaelcolosi.com.br\/index.php\/wp-json\/wp\/v2\/media\/47918"}],"wp:attachment":[{"href":"https:\/\/ismaelcolosi.com.br\/index.php\/wp-json\/wp\/v2\/media?parent=47917"}],"wp:term":[{"taxonomy":"category","embeddable":true,"href":"https:\/\/ismaelcolosi.com.br\/index.php\/wp-json\/wp\/v2\/categories?post=47917"},{"taxonomy":"post_tag","embeddable":true,"href":"https:\/\/ismaelcolosi.com.br\/index.php\/wp-json\/wp\/v2\/tags?post=47917"}],"curies":[{"name":"wp","href":"https:\/\/api.w.org\/{rel}","templated":true}]}}