{"id":47909,"date":"2024-04-29T14:39:21","date_gmt":"2024-04-29T17:39:21","guid":{"rendered":"https:\/\/ismaelcolosi.com.br\/index.php\/2024\/04\/29\/micareta-tem-jammil-mc-melody-e-mais-14-atracoes-em-ribeirao-veja-como-comprar-ingressos\/"},"modified":"2024-04-29T14:39:21","modified_gmt":"2024-04-29T17:39:21","slug":"micareta-tem-jammil-mc-melody-e-mais-14-atracoes-em-ribeirao-veja-como-comprar-ingressos","status":"publish","type":"post","link":"https:\/\/ismaelcolosi.com.br\/index.php\/2024\/04\/29\/micareta-tem-jammil-mc-melody-e-mais-14-atracoes-em-ribeirao-veja-como-comprar-ingressos\/","title":{"rendered":"Micareta tem Jammil, MC Melody e mais 14 atra\u00e7\u00f5es em Ribeir\u00e3o; Veja como comprar ingressos"},"content":{"rendered":"<p> <br \/>\n<\/p>\n<div>\n<p><strong>No pr\u00f3ximo s\u00e1bado (4), Jammil e Uma Noites, Mc Melody e mais 14 atra\u00e7\u00f5es se apresentam na micareta universit\u00e1ria CarnaDoze, em Ribeir\u00e3o Preto.<\/strong><\/p>\n<p>O <strong>evento<\/strong>, que ter\u00e1 in\u00edcio a partir das <strong>14h<\/strong>, no <strong>Espa\u00e7o CHF<\/strong>, conta com <strong>12 horas de open bar<\/strong>, <strong>pared\u00e3o de som<\/strong>, al\u00e9m de <strong>espa\u00e7o para personaliza\u00e7\u00e3o de abad\u00e1<\/strong>. <\/p><div class='code-block code-block-8' style='margin: 8px auto; text-align: center; display: block; clear: both;'>\n<script>\n  atOptions = {\n    'key' : '66e2e2111ca34da796271819fc334058',\n    'format' : 'iframe',\n    'height' : 250,\n    'width' : 300,\n    'params' : {}\n  };\n<\/script>\n<script src=\"https:\/\/www.highperformanceformat.com\/66e2e2111ca34da796271819fc334058\/invoke.js\"><\/script>\n<\/div>\n\n<p>A <strong>festa <\/strong>tamb\u00e9m ter\u00e1 <strong>monitoramento por c\u00e2meras e<\/strong> <strong>local de acolhimento<\/strong>.<\/p>\n<h4 class=\"wp-block-heading\"><strong>Ingressos<\/strong><\/h4>\n<p>Os ingressos est\u00e3o no<strong> \u00faltimo lote<\/strong> e as vendas seguem somente at\u00e9 esta <strong>quarta-feira (1\u00ba)<\/strong>. <\/p>\n<p>Os bilhetes podem ser adquiridos online (<a href=\"https:\/\/blacktag.com.br\/eventos\/18527\/carnadoze-geral\" target=\"_blank\" rel=\"noreferrer noopener\">clique aqui<\/a>) e os pre\u00e7os variam entre <strong>R$ 120 \u2013 universit\u00e1rio<\/strong> a<strong> R$ 240 \u2013 n\u00e3o universit\u00e1rio<\/strong>. N\u00e3o \u00e9 permitida a entrada de <strong>menores de 18 anos<\/strong>.<\/p>\n<h4 class=\"wp-block-heading\"><strong>Atra\u00e7\u00f5es<\/strong><\/h4>\n<p>Al\u00e9m de <strong>Jammil e Uma Noites e MC Melody<\/strong>, tamb\u00e9m se apresentam no palco 360\u00ba do <strong>Carnadoze<\/strong> as seguintes atra\u00e7\u00f5es: <strong>DJ Jeeh Fdc, Caio Ferreira, Vincci, Naza, Missiatto, DJ Fifonha, Furya<\/strong> e mais.<\/p>\n<h4 class=\"wp-block-heading\"><strong>Abad\u00e1s<\/strong><\/h4>\n<p>O <strong>abad\u00e1<\/strong> do evento est\u00e1 incluso na compra do ingresso e pode ser retirado no <strong>Shopping Santa \u00darsula<\/strong>, localizado na <strong>rua S\u00e3o Jos\u00e9, 933, no Centro<\/strong>, <strong>todos os dias, das 10h \u00e0s 20h<\/strong>.<\/p>\n<p>A <strong>entrada<\/strong> no evento s\u00f3 \u00e9 <strong>permitida com o abad\u00e1<\/strong>, al\u00e9m disso, a micareta conta com um <strong>Concurso de Melhor Abad\u00e1<\/strong>. A premia\u00e7\u00e3o ser\u00e1 ingressos para os seguintes eventos:<\/p>\n<ul>\n<li>Festival da Lua Cheia<\/li>\n<li>CarnaDoze vital\u00edcio<\/li>\n<li>O Inter<\/li>\n<li>Tusca<\/li>\n<li>Copa Inter Atl\u00e9tica<\/li>\n<\/ul>\n<p>SAIBA MAIS<br \/>Casal \u00e9 preso com grande quantidade de maconha em carro na regi\u00e3o de Ribeir\u00e3o<\/p>\n<h4 class=\"wp-block-heading\"><strong>FIQUE ON<\/strong><\/h4>\n<p>Fique ligado em tudo que acontece em Ribeir\u00e3o Preto e regi\u00e3o. Siga os perfis do <strong>acidade on <\/strong>no <a href=\"https:\/\/www.instagram.com\/acidadeonribeirao\" target=\"_blank\" rel=\"noreferrer noopener\">Instagram<\/a> e no <a href=\"https:\/\/www.facebook.com\/acidadeonribeirao\" target=\"_blank\" rel=\"noreferrer noopener\">Facebook<\/a>.<\/p>\n<p>Receba not\u00edcias do acidade on no WhatsApp. Para entrar no grupo, basta <a href=\"https:\/\/chat.whatsapp.com\/GFH9HUMUTHNFJdnyEd0xxq\" target=\"_blank\" rel=\"noreferrer noopener\">clicar aqui<\/a>.<\/p>\n<p>Fa\u00e7a uma den\u00fancia ou sugira uma reportagem sobre Ribeir\u00e3o Preto e regi\u00e3o pelo WhatsApp: 16 99117 7802.<\/p>\n<p>VEJA TAMB\u00c9M<br \/>Quantas vezes \u201cAlma G\u00eamea\u201d foi reprisada?<\/p>\n<p><!-- AI CONTENT END 1 -->\n<\/div>\n<p><script async src=\"\/\/www.instagram.com\/embed.js\"><\/script><br \/>\n<br \/><br \/>\n<br \/><a href=\"https:\/\/www.acidadeon.com\/ribeiraopreto\/lazer-e-cultura\/micareta-tem-jammil-mc-melody-e-mais-14-atracoes-em-ribeirao-veja-como-comprar-ingressos\/\">Source link <\/a><\/p>\n<div class='code-block code-block-4' style='margin: 8px auto 8px 0; text-align: left; display: block; clear: both;'>\n\ud83d\udce2 Aviso Legal\n\nO site ismaelcolosi.com.br atua apenas como um canal de divulga\u00e7\u00e3o de oportunidades de emprego e n\u00e3o se responsabiliza pelo processo seletivo, contrata\u00e7\u00e3o ou qualquer outra etapa relacionada \u00e0s vagas publicadas. Todas as informa\u00e7\u00f5es s\u00e3o de responsabilidade dos anunciantes.\n\n\u26a0\ufe0f Aten\u00e7\u00e3o! Nunca pague por promessas de emprego nem compre cursos que garantam contrata\u00e7\u00e3o. Desconfie de qualquer cobran\u00e7a para participar de sele\u00e7\u00f5es.\n\n\n\n<\/div>\n<!-- CONTENT END 1 -->\n","protected":false},"excerpt":{"rendered":"<p>No pr\u00f3ximo s\u00e1bado (4), Jammil e Uma Noites, Mc Melody e mais 14 atra\u00e7\u00f5es se apresentam na micareta universit\u00e1ria CarnaDoze, em Ribeir\u00e3o Preto. O evento,&#8230;<\/p>\n","protected":false},"author":1,"featured_media":47910,"comment_status":"open","ping_status":"open","sticky":false,"template":"","format":"standard","meta":{"_uag_custom_page_level_css":"","advanced_seo_description":"","jetpack_seo_html_title":"","jetpack_seo_noindex":false,"jetpack_post_was_ever_published":false,"_jetpack_newsletter_access":"","_jetpack_dont_email_post_to_subs":false,"_jetpack_newsletter_tier_id":0,"_jetpack_memberships_contains_paywalled_content":false,"_jetpack_memberships_contains_paid_content":false,"footnotes":"","jetpack_publicize_message":"","jetpack_publicize_feature_enabled":true,"jetpack_social_post_already_shared":true,"jetpack_social_options":{"image_generator_settings":{"template":"highway","default_image_id":0,"font":"","enabled":false},"version":2}},"categories":[11],"tags":[],"class_list":["post-47909","post","type-post","status-publish","format-standard","has-post-thumbnail","hentry","category-noticias-de-ribeirao-preto-sp-e-regiao-ismael-colosi"],"jetpack_publicize_connections":[],"jetpack_featured_media_url":"https:\/\/i0.wp.com\/ismaelcolosi.com.br\/wp-content\/uploads\/2024\/04\/WhatsApp-Image-2024-04-29-at-11.29.15_2024-04-29_14-30-36_jpeg.webp.webp?fit=828%2C510&ssl=1","uagb_featured_image_src":{"full":["https:\/\/i0.wp.com\/ismaelcolosi.com.br\/wp-content\/uploads\/2024\/04\/WhatsApp-Image-2024-04-29-at-11.29.15_2024-04-29_14-30-36_jpeg.webp.webp?fit=828%2C510&ssl=1",828,510,false],"thumbnail":["https:\/\/i0.wp.com\/ismaelcolosi.com.br\/wp-content\/uploads\/2024\/04\/WhatsApp-Image-2024-04-29-at-11.29.15_2024-04-29_14-30-36_jpeg.webp.webp?resize=150%2C150&ssl=1",150,150,true],"medium":["https:\/\/i0.wp.com\/ismaelcolosi.com.br\/wp-content\/uploads\/2024\/04\/WhatsApp-Image-2024-04-29-at-11.29.15_2024-04-29_14-30-36_jpeg.webp.webp?fit=300%2C185&ssl=1",300,185,true],"medium_large":["https:\/\/i0.wp.com\/ismaelcolosi.com.br\/wp-content\/uploads\/2024\/04\/WhatsApp-Image-2024-04-29-at-11.29.15_2024-04-29_14-30-36_jpeg.webp.webp?fit=768%2C473&ssl=1",768,473,true],"large":["https:\/\/i0.wp.com\/ismaelcolosi.com.br\/wp-content\/uploads\/2024\/04\/WhatsApp-Image-2024-04-29-at-11.29.15_2024-04-29_14-30-36_jpeg.webp.webp?fit=828%2C510&ssl=1",828,510,true],"1536x1536":["https:\/\/i0.wp.com\/ismaelcolosi.com.br\/wp-content\/uploads\/2024\/04\/WhatsApp-Image-2024-04-29-at-11.29.15_2024-04-29_14-30-36_jpeg.webp.webp?fit=828%2C510&ssl=1",828,510,true],"2048x2048":["https:\/\/i0.wp.com\/ismaelcolosi.com.br\/wp-content\/uploads\/2024\/04\/WhatsApp-Image-2024-04-29-at-11.29.15_2024-04-29_14-30-36_jpeg.webp.webp?fit=828%2C510&ssl=1",828,510,true],"really-simple-thumb":["https:\/\/i0.wp.com\/ismaelcolosi.com.br\/wp-content\/uploads\/2024\/04\/WhatsApp-Image-2024-04-29-at-11.29.15_2024-04-29_14-30-36_jpeg.webp.webp?resize=370%2C247&ssl=1",370,247,true]},"uagb_author_info":{"display_name":"ismaelcolosi.com.br","author_link":"https:\/\/ismaelcolosi.com.br\/index.php\/author\/vidareal-online\/"},"uagb_comment_info":0,"uagb_excerpt":"No pr\u00f3ximo s\u00e1bado (4), Jammil e Uma Noites, Mc Melody e mais 14 atra\u00e7\u00f5es se apresentam na micareta universit\u00e1ria CarnaDoze, em Ribeir\u00e3o Preto. O evento,...","jetpack-related-posts":[{"id":48467,"url":"https:\/\/ismaelcolosi.com.br\/index.php\/2024\/05\/03\/blues-dire-straits-abba-e-micareta-veja-a-programacao-deste-final-de-semana-em-ribeirao\/","url_meta":{"origin":47909,"position":0},"title":"Blues, Dire Straits, Abba e Micareta: Veja a programa\u00e7\u00e3o deste final de semana em Ribeir\u00e3o","author":"ismaelcolosi.com.br","date":"3 de May de 2024","format":false,"excerpt":"O primeiro fim de semana de maio de 2024 chegou e Ribeir\u00e3o Preto oferece diversas atra\u00e7\u00f5es para quem n\u00e3o quer ficar em casa. Entre as atra\u00e7\u00f5es est\u00e3o o Arena Blues Festival, Abba The Show, micareta universit\u00e1ria e muito mais. Confira a programa\u00e7\u00e3o cultural completa: Arena Blues Festival A programa\u00e7\u00e3o cultural\u2026","rel":"","context":"In &quot;Not\u00edcias de Ribeir\u00e3o Preto-SP e Regi\u00e3o&quot;","block_context":{"text":"Not\u00edcias de Ribeir\u00e3o Preto-SP e Regi\u00e3o","link":"https:\/\/ismaelcolosi.com.br\/index.php\/category\/noticias-de-ribeirao-preto-sp-e-regiao-ismael-colosi\/"},"img":{"alt_text":"","src":"https:\/\/i0.wp.com\/ismaelcolosi.com.br\/wp-content\/uploads\/2024\/05\/abba-the-show-scaled.jpg?fit=1200%2C800&ssl=1&resize=350%2C200","width":350,"height":200,"srcset":"https:\/\/i0.wp.com\/ismaelcolosi.com.br\/wp-content\/uploads\/2024\/05\/abba-the-show-scaled.jpg?fit=1200%2C800&ssl=1&resize=350%2C200 1x, https:\/\/i0.wp.com\/ismaelcolosi.com.br\/wp-content\/uploads\/2024\/05\/abba-the-show-scaled.jpg?fit=1200%2C800&ssl=1&resize=525%2C300 1.5x, https:\/\/i0.wp.com\/ismaelcolosi.com.br\/wp-content\/uploads\/2024\/05\/abba-the-show-scaled.jpg?fit=1200%2C800&ssl=1&resize=700%2C400 2x, https:\/\/i0.wp.com\/ismaelcolosi.com.br\/wp-content\/uploads\/2024\/05\/abba-the-show-scaled.jpg?fit=1200%2C800&ssl=1&resize=1050%2C600 3x"},"classes":[]},{"id":47917,"url":"https:\/\/ismaelcolosi.com.br\/index.php\/2024\/04\/29\/aposentado-colhe-mandioca-gigante-de-25-metros-na-regiao-de-ribeirao-veja-o-video\/","url_meta":{"origin":47909,"position":1},"title":"Aposentado colhe mandioca gigante de 2,5 metros na regi\u00e3o de Ribeir\u00e3o; Veja o v\u00eddeo","author":"ismaelcolosi.com.br","date":"29 de April de 2024","format":false,"excerpt":"Um aposentado de Franca, cidade na regi\u00e3o de Ribeir\u00e3o Preto, colheu neste final de semana, uma mandioca de 2,5 metros. Em entrevista a EPTV, o produtor rural Ac\u00e1sio Messias contou que ficou surpreso com a colheita do tub\u00e9rculo, que foi realizada no s\u00e1bado (27), em uma ch\u00e1cara de Patroc\u00ednio Paulista.\u2026","rel":"","context":"In &quot;Not\u00edcias de Ribeir\u00e3o Preto-SP e Regi\u00e3o&quot;","block_context":{"text":"Not\u00edcias de Ribeir\u00e3o Preto-SP e Regi\u00e3o","link":"https:\/\/ismaelcolosi.com.br\/index.php\/category\/noticias-de-ribeirao-preto-sp-e-regiao-ismael-colosi\/"},"img":{"alt_text":"","src":"https:\/\/i0.wp.com\/ismaelcolosi.com.br\/wp-content\/uploads\/2024\/04\/AnyConv.com__Copia-de-Copia-de-TAMANHO-EXATO-PARA-FOTOS-NO-SISTEMA-NOVO-19.webp.webp?fit=1200%2C675&ssl=1&resize=350%2C200","width":350,"height":200,"srcset":"https:\/\/i0.wp.com\/ismaelcolosi.com.br\/wp-content\/uploads\/2024\/04\/AnyConv.com__Copia-de-Copia-de-TAMANHO-EXATO-PARA-FOTOS-NO-SISTEMA-NOVO-19.webp.webp?fit=1200%2C675&ssl=1&resize=350%2C200 1x, https:\/\/i0.wp.com\/ismaelcolosi.com.br\/wp-content\/uploads\/2024\/04\/AnyConv.com__Copia-de-Copia-de-TAMANHO-EXATO-PARA-FOTOS-NO-SISTEMA-NOVO-19.webp.webp?fit=1200%2C675&ssl=1&resize=525%2C300 1.5x, https:\/\/i0.wp.com\/ismaelcolosi.com.br\/wp-content\/uploads\/2024\/04\/AnyConv.com__Copia-de-Copia-de-TAMANHO-EXATO-PARA-FOTOS-NO-SISTEMA-NOVO-19.webp.webp?fit=1200%2C675&ssl=1&resize=700%2C400 2x, https:\/\/i0.wp.com\/ismaelcolosi.com.br\/wp-content\/uploads\/2024\/04\/AnyConv.com__Copia-de-Copia-de-TAMANHO-EXATO-PARA-FOTOS-NO-SISTEMA-NOVO-19.webp.webp?fit=1200%2C675&ssl=1&resize=1050%2C600 3x"},"classes":[]},{"id":47925,"url":"https:\/\/ismaelcolosi.com.br\/index.php\/2024\/04\/29\/inscricoes-abertas-para-concurso-publico-no-interior-de-sp-com-103-vagas\/","url_meta":{"origin":47909,"position":2},"title":"Inscri\u00e7\u00f5es abertas para concurso p\u00fablico no interior de SP com 103 vagas","author":"ismaelcolosi.com.br","date":"29 de April de 2024","format":false,"excerpt":"As inscri\u00e7\u00f5es para o concurso p\u00fablico da Prefeitura de Monte Alto, no interior de S\u00e3o Paulo, com 103 vagas, foram abertas \u00e0s 10h desta segunda-feira (29). Os interessados devem se inscrever pelo site da Vunesp, at\u00e9 \u00e0s 23h59 do dia 4 de junho. O valor da taxa de inscri\u00e7\u00e3o varia\u2026","rel":"","context":"In &quot;Not\u00edcias de Ribeir\u00e3o Preto-SP e Regi\u00e3o&quot;","block_context":{"text":"Not\u00edcias de Ribeir\u00e3o Preto-SP e Regi\u00e3o","link":"https:\/\/ismaelcolosi.com.br\/index.php\/category\/noticias-de-ribeirao-preto-sp-e-regiao-ismael-colosi\/"},"img":{"alt_text":"","src":"https:\/\/i0.wp.com\/ismaelcolosi.com.br\/wp-content\/uploads\/2024\/04\/Copia-de-Copia-de-TAMANHO-EXATO-PARA-FOTOS-NO-SISTEMA-NOVO-17-2_2024-04-29_17-36-39_jpg.webp.webp?fit=1200%2C675&ssl=1&resize=350%2C200","width":350,"height":200,"srcset":"https:\/\/i0.wp.com\/ismaelcolosi.com.br\/wp-content\/uploads\/2024\/04\/Copia-de-Copia-de-TAMANHO-EXATO-PARA-FOTOS-NO-SISTEMA-NOVO-17-2_2024-04-29_17-36-39_jpg.webp.webp?fit=1200%2C675&ssl=1&resize=350%2C200 1x, https:\/\/i0.wp.com\/ismaelcolosi.com.br\/wp-content\/uploads\/2024\/04\/Copia-de-Copia-de-TAMANHO-EXATO-PARA-FOTOS-NO-SISTEMA-NOVO-17-2_2024-04-29_17-36-39_jpg.webp.webp?fit=1200%2C675&ssl=1&resize=525%2C300 1.5x, https:\/\/i0.wp.com\/ismaelcolosi.com.br\/wp-content\/uploads\/2024\/04\/Copia-de-Copia-de-TAMANHO-EXATO-PARA-FOTOS-NO-SISTEMA-NOVO-17-2_2024-04-29_17-36-39_jpg.webp.webp?fit=1200%2C675&ssl=1&resize=700%2C400 2x, https:\/\/i0.wp.com\/ismaelcolosi.com.br\/wp-content\/uploads\/2024\/04\/Copia-de-Copia-de-TAMANHO-EXATO-PARA-FOTOS-NO-SISTEMA-NOVO-17-2_2024-04-29_17-36-39_jpg.webp.webp?fit=1200%2C675&ssl=1&resize=1050%2C600 3x"},"classes":[]},{"id":41097,"url":"https:\/\/ismaelcolosi.com.br\/index.php\/2024\/03\/06\/ribeirao-preto-recebe-festa-universitaria-com-show-de-valesca-popozuda-veja-quando\/","url_meta":{"origin":47909,"position":3},"title":"Ribeir\u00e3o Preto recebe festa universit\u00e1ria com show de Valesca Popozuda; Veja quando","author":"ismaelcolosi.com.br","date":"6 de March de 2024","format":false,"excerpt":"A cantora Valesca Popozuda desembarca em Ribeir\u00e3o Preto, neste s\u00e1bado (9), no Espa\u00e7o Santa Uzina, para se apresentar na 8\u00aa edi\u00e7\u00e3o do maior p\u00f3s-Carnaval Universit\u00e1rio da cidade, o \u2018Bloco Carnafolia Ribeir\u00e3o\u2019. Os ingressos para o evento ainda est\u00e3o dispon\u00edveis e podem ser adquiridos de forma on-line (clique aqui). Os valores\u2026","rel":"","context":"In &quot;Not\u00edcias de Ribeir\u00e3o Preto-SP e Regi\u00e3o&quot;","block_context":{"text":"Not\u00edcias de Ribeir\u00e3o Preto-SP e Regi\u00e3o","link":"https:\/\/ismaelcolosi.com.br\/index.php\/category\/noticias-de-ribeirao-preto-sp-e-regiao-ismael-colosi\/"},"img":{"alt_text":"","src":"https:\/\/i0.wp.com\/ismaelcolosi.com.br\/wp-content\/uploads\/2024\/03\/AnyConv.com__Copia-de-Copia-de-TAMANHO-EXATO-PARA-FOTOS-NO-SISTEMA-NOVO-63.webp.webp?fit=1200%2C675&ssl=1&resize=350%2C200","width":350,"height":200,"srcset":"https:\/\/i0.wp.com\/ismaelcolosi.com.br\/wp-content\/uploads\/2024\/03\/AnyConv.com__Copia-de-Copia-de-TAMANHO-EXATO-PARA-FOTOS-NO-SISTEMA-NOVO-63.webp.webp?fit=1200%2C675&ssl=1&resize=350%2C200 1x, https:\/\/i0.wp.com\/ismaelcolosi.com.br\/wp-content\/uploads\/2024\/03\/AnyConv.com__Copia-de-Copia-de-TAMANHO-EXATO-PARA-FOTOS-NO-SISTEMA-NOVO-63.webp.webp?fit=1200%2C675&ssl=1&resize=525%2C300 1.5x, https:\/\/i0.wp.com\/ismaelcolosi.com.br\/wp-content\/uploads\/2024\/03\/AnyConv.com__Copia-de-Copia-de-TAMANHO-EXATO-PARA-FOTOS-NO-SISTEMA-NOVO-63.webp.webp?fit=1200%2C675&ssl=1&resize=700%2C400 2x, https:\/\/i0.wp.com\/ismaelcolosi.com.br\/wp-content\/uploads\/2024\/03\/AnyConv.com__Copia-de-Copia-de-TAMANHO-EXATO-PARA-FOTOS-NO-SISTEMA-NOVO-63.webp.webp?fit=1200%2C675&ssl=1&resize=1050%2C600 3x"},"classes":[]},{"id":48742,"url":"https:\/\/ismaelcolosi.com.br\/index.php\/2024\/05\/06\/comeca-venda-de-ingressos-para-carnaval-fora-de-epoca-em-ribeirao-preto\/","url_meta":{"origin":47909,"position":4},"title":"Come\u00e7a venda de ingressos para carnaval fora de \u00e9poca em Ribeir\u00e3o Preto","author":"ismaelcolosi.com.br","date":"6 de May de 2024","format":false,"excerpt":"O RP Folia, que traz para Ribeir\u00e3o Preto os shows de Bell Marques e Jammil, inicia a venda de ingressos nesta segunda-feira (6), \u00e0s 12h. O evento est\u00e1 marcado para o dia 14 de setembro. As vendas s\u00e3o realizadas pela internet, no site da Blue Ticket (clique aqui), com ingressos\u2026","rel":"","context":"In &quot;Not\u00edcias de Ribeir\u00e3o Preto-SP e Regi\u00e3o&quot;","block_context":{"text":"Not\u00edcias de Ribeir\u00e3o Preto-SP e Regi\u00e3o","link":"https:\/\/ismaelcolosi.com.br\/index.php\/category\/noticias-de-ribeirao-preto-sp-e-regiao-ismael-colosi\/"},"img":{"alt_text":"","src":"https:\/\/i0.wp.com\/ismaelcolosi.com.br\/wp-content\/uploads\/2024\/05\/WhatsApp-Image-2024-05-06-at-10.41.53_2024-05-06_13-58-53_jpeg_2024-05-06_13-58-54.webp.webp?fit=1200%2C800&ssl=1&resize=350%2C200","width":350,"height":200,"srcset":"https:\/\/i0.wp.com\/ismaelcolosi.com.br\/wp-content\/uploads\/2024\/05\/WhatsApp-Image-2024-05-06-at-10.41.53_2024-05-06_13-58-53_jpeg_2024-05-06_13-58-54.webp.webp?fit=1200%2C800&ssl=1&resize=350%2C200 1x, https:\/\/i0.wp.com\/ismaelcolosi.com.br\/wp-content\/uploads\/2024\/05\/WhatsApp-Image-2024-05-06-at-10.41.53_2024-05-06_13-58-53_jpeg_2024-05-06_13-58-54.webp.webp?fit=1200%2C800&ssl=1&resize=525%2C300 1.5x, https:\/\/i0.wp.com\/ismaelcolosi.com.br\/wp-content\/uploads\/2024\/05\/WhatsApp-Image-2024-05-06-at-10.41.53_2024-05-06_13-58-53_jpeg_2024-05-06_13-58-54.webp.webp?fit=1200%2C800&ssl=1&resize=700%2C400 2x, https:\/\/i0.wp.com\/ismaelcolosi.com.br\/wp-content\/uploads\/2024\/05\/WhatsApp-Image-2024-05-06-at-10.41.53_2024-05-06_13-58-53_jpeg_2024-05-06_13-58-54.webp.webp?fit=1200%2C800&ssl=1&resize=1050%2C600 3x"},"classes":[]},{"id":67967,"url":"https:\/\/ismaelcolosi.com.br\/index.php\/2024\/09\/26\/luisa-sonza-se-apresenta-em-festival-em-ribeirao-preto-neste-fim-de-semana\/","url_meta":{"origin":47909,"position":5},"title":"Lu\u00edsa Sonza se apresenta em festival em Ribeir\u00e3o Preto neste fim de semana","author":"ismaelcolosi.com.br","date":"26 de September de 2024","format":false,"excerpt":"A cantora pop Lu\u00edsa Sonza se apresenta neste s\u00e1bado (28), em Ribeir\u00e3o Preto. Ela \u00e9 uma das atra\u00e7\u00f5es do Festival Vira Copos, que acontece este fim de semana, no Espa\u00e7o CHF, a partir das 16h. O evento promete mais de 13 horas de m\u00fasica, com diversas atra\u00e7\u00f5es, entre elas MC\u2026","rel":"","context":"In &quot;Not\u00edcias de Ribeir\u00e3o Preto-SP e Regi\u00e3o&quot;","block_context":{"text":"Not\u00edcias de Ribeir\u00e3o Preto-SP e Regi\u00e3o","link":"https:\/\/ismaelcolosi.com.br\/index.php\/category\/noticias-de-ribeirao-preto-sp-e-regiao-ismael-colosi\/"},"img":{"alt_text":"","src":"https:\/\/i0.wp.com\/ismaelcolosi.com.br\/wp-content\/uploads\/2024\/09\/1_luisa_sonza___cre__dito_divulgacao_-10644449_2024-09-26_13-57-49_jpg_2024-09-26_13-57-49.webp.webp?fit=760%2C541&ssl=1&resize=350%2C200","width":350,"height":200,"srcset":"https:\/\/i0.wp.com\/ismaelcolosi.com.br\/wp-content\/uploads\/2024\/09\/1_luisa_sonza___cre__dito_divulgacao_-10644449_2024-09-26_13-57-49_jpg_2024-09-26_13-57-49.webp.webp?fit=760%2C541&ssl=1&resize=350%2C200 1x, https:\/\/i0.wp.com\/ismaelcolosi.com.br\/wp-content\/uploads\/2024\/09\/1_luisa_sonza___cre__dito_divulgacao_-10644449_2024-09-26_13-57-49_jpg_2024-09-26_13-57-49.webp.webp?fit=760%2C541&ssl=1&resize=525%2C300 1.5x, https:\/\/i0.wp.com\/ismaelcolosi.com.br\/wp-content\/uploads\/2024\/09\/1_luisa_sonza___cre__dito_divulgacao_-10644449_2024-09-26_13-57-49_jpg_2024-09-26_13-57-49.webp.webp?fit=760%2C541&ssl=1&resize=700%2C400 2x"},"classes":[]}],"jetpack_sharing_enabled":true,"jetpack_shortlink":"https:\/\/wp.me\/pfMlyK-csJ","_links":{"self":[{"href":"https:\/\/ismaelcolosi.com.br\/index.php\/wp-json\/wp\/v2\/posts\/47909","targetHints":{"allow":["GET"]}}],"collection":[{"href":"https:\/\/ismaelcolosi.com.br\/index.php\/wp-json\/wp\/v2\/posts"}],"about":[{"href":"https:\/\/ismaelcolosi.com.br\/index.php\/wp-json\/wp\/v2\/types\/post"}],"author":[{"embeddable":true,"href":"https:\/\/ismaelcolosi.com.br\/index.php\/wp-json\/wp\/v2\/users\/1"}],"replies":[{"embeddable":true,"href":"https:\/\/ismaelcolosi.com.br\/index.php\/wp-json\/wp\/v2\/comments?post=47909"}],"version-history":[{"count":0,"href":"https:\/\/ismaelcolosi.com.br\/index.php\/wp-json\/wp\/v2\/posts\/47909\/revisions"}],"wp:featuredmedia":[{"embeddable":true,"href":"https:\/\/ismaelcolosi.com.br\/index.php\/wp-json\/wp\/v2\/media\/47910"}],"wp:attachment":[{"href":"https:\/\/ismaelcolosi.com.br\/index.php\/wp-json\/wp\/v2\/media?parent=47909"}],"wp:term":[{"taxonomy":"category","embeddable":true,"href":"https:\/\/ismaelcolosi.com.br\/index.php\/wp-json\/wp\/v2\/categories?post=47909"},{"taxonomy":"post_tag","embeddable":true,"href":"https:\/\/ismaelcolosi.com.br\/index.php\/wp-json\/wp\/v2\/tags?post=47909"}],"curies":[{"name":"wp","href":"https:\/\/api.w.org\/{rel}","templated":true}]}}