{"id":47901,"date":"2024-04-29T13:53:51","date_gmt":"2024-04-29T16:53:51","guid":{"rendered":"https:\/\/ismaelcolosi.com.br\/index.php\/2024\/04\/29\/chitaozinho-xororo-sao-os-primeiros-artistas-sertanejos-no-rock-in-rio\/"},"modified":"2024-04-29T13:53:51","modified_gmt":"2024-04-29T16:53:51","slug":"chitaozinho-xororo-sao-os-primeiros-artistas-sertanejos-no-rock-in-rio","status":"publish","type":"post","link":"https:\/\/ismaelcolosi.com.br\/index.php\/2024\/04\/29\/chitaozinho-xororo-sao-os-primeiros-artistas-sertanejos-no-rock-in-rio\/","title":{"rendered":"Chit\u00e3ozinho &#038; Xoror\u00f3 s\u00e3o os primeiros artistas sertanejos no Rock in Rio"},"content":{"rendered":"<p> <br \/>\n<\/p>\n<div>\n<p>A dupla <strong>Chit\u00e3ozinho &amp; Xoror\u00f3<\/strong> ser\u00e1 a primeira atra\u00e7\u00e3o sertaneja da hist\u00f3ria a se apresentar no<strong> Rock in Rio<\/strong>. O evento acontece em setembro, no<strong> Rio de Janeiro<\/strong>. A informa\u00e7\u00e3o foi confirmada ao Estad\u00e3o pela assessoria dos cantores.<\/p>\n<p>\u201cChit\u00e3ozinho &amp; Xoror\u00f3 s\u00e3o os primeiros artistas sertanejos a capitanear um show no Rock in Rio\u201d, diz a mensagem. <mark style=\"background-color:#fcb900\" class=\"has-inline-color has-black-color\">O show teria convidados<\/mark>, tamb\u00e9m segundo a assessoria da dupla.<\/p><div class='code-block code-block-8' style='margin: 8px auto; text-align: center; display: block; clear: both;'>\n<script>\n  atOptions = {\n    'key' : '66e2e2111ca34da796271819fc334058',\n    'format' : 'iframe',\n    'height' : 250,\n    'width' : 300,\n    'params' : {}\n  };\n<\/script>\n<script src=\"https:\/\/www.highperformanceformat.com\/66e2e2111ca34da796271819fc334058\/invoke.js\"><\/script>\n<\/div>\n\n<p>Procurada pela reportagem, a assessoria do festival n\u00e3o de manifestou at\u00e9 a publica\u00e7\u00e3o desta mat\u00e9ria. O espa\u00e7o segue aberto.<\/p>\n<p>Em recente entrevista ao Estad\u00e3o, <mark style=\"background-color:#fcb900\" class=\"has-inline-color has-black-color\">Chit\u00e3ozinho &amp; Xoror\u00f3 disseram que \u201cj\u00e1 estava mais do que na hora de um artista sertanejo participar de festivais<\/mark>\u201c. Antes do Rock in Rio, os irm\u00e3os, que j\u00e1 somam mais de 50 anos de carreira, se apresentar\u00e3o no Festival Tur\u00e1, em 29 de junho, no Parque Ibirapuera, em S\u00e3o Paulo.<\/p>\n<p>A press\u00e3o do p\u00fablico por artistas sertanejos em festivais como o Rock in Rio come\u00e7ou no ano passado, depois que o The Town, promovido pela mesma empresa do evento carioca, estreou em S\u00e3o Paulo. Na \u00e9poca, o pedido era pela participa\u00e7\u00e3o do cantor Luan Santana.<\/p>\n<p>O Rock in Rio, que neste ano completa 40 anos, ocorrer\u00e1 nos dias 13, 14, 15, 19, 20, 21 e 22 de setembro e ter\u00e1 atra\u00e7\u00f5es como<strong> Cindy Lauper<\/strong>,<strong> Kate Perry<\/strong>, <strong>Imagine Dragons<\/strong>, <strong>OneRepublic<\/strong>,<strong> Ed Sheeran<\/strong>,<strong> Joss Stone<\/strong>, <strong>Gloria Gaynor<\/strong>, <strong>Lulu Santos<\/strong>, <strong>Iza <\/strong>e <strong>J\u00e3o.<\/strong> Os ingressos custam R$ 795 na modalidade inteira.<\/p>\n<p>SAIBA MAIS<br \/>Onda de calor \u00e9 estendida e tem nova data para acabar no estado de SP; Confira<\/p>\n<h4 class=\"wp-block-heading\"><strong>FIQUE ON<\/strong><\/h4>\n<p>Fique ligado em tudo que acontece em Ribeir\u00e3o Preto e regi\u00e3o. Siga os perfis do<strong> acidade on<\/strong> no<a href=\"https:\/\/www.instagram.com\/acidadeonribeirao\" target=\"_blank\" rel=\"noreferrer noopener nofollow\"> Instagram <\/a>e no <a href=\"https:\/\/www.facebook.com\/acidadeonribeirao\" target=\"_blank\" rel=\"noreferrer noopener nofollow\">Facebook<\/a>.<\/p>\n<p>Receba not\u00edcias do<strong> acidade on <\/strong>no WhatsApp. <a href=\"https:\/\/chat.whatsapp.com\/GFH9HUMUTHNFJdnyEd0xxq\" target=\"_blank\" rel=\"noreferrer noopener nofollow\">Para entrar no grupo, basta clicar aqui.<\/a><\/p>\n<p>Fa\u00e7a uma den\u00fancia ou sugira uma reportagem sobre Ribeir\u00e3o Preto e regi\u00e3o pelo WhatsApp: 16 99117 7802.<\/p>\n<p>VEJA TAMB\u00c9M<br \/>1\u00ba de maio \u00e9 feriado ou ponto facultativo?<\/p>\n<p><!-- AI CONTENT END 1 -->\n<\/div>\n<p><script async src=\"\/\/www.instagram.com\/embed.js\"><\/script><br \/>\n<br \/><br \/>\n<br \/><a href=\"https:\/\/www.acidadeon.com\/ribeiraopreto\/lazer-e-cultura\/chitaozinho-xororo-sao-os-primeiros-artistas-sertanejos-no-rock-in-rio\/\">Source link <\/a><\/p>\n<div class='code-block code-block-4' style='margin: 8px auto 8px 0; text-align: left; display: block; clear: both;'>\n\ud83d\udce2 Aviso Legal\n\nO site ismaelcolosi.com.br atua apenas como um canal de divulga\u00e7\u00e3o de oportunidades de emprego e n\u00e3o se responsabiliza pelo processo seletivo, contrata\u00e7\u00e3o ou qualquer outra etapa relacionada \u00e0s vagas publicadas. Todas as informa\u00e7\u00f5es s\u00e3o de responsabilidade dos anunciantes.\n\n\u26a0\ufe0f Aten\u00e7\u00e3o! Nunca pague por promessas de emprego nem compre cursos que garantam contrata\u00e7\u00e3o. Desconfie de qualquer cobran\u00e7a para participar de sele\u00e7\u00f5es.\n\n\n\n<\/div>\n<!-- CONTENT END 1 -->\n","protected":false},"excerpt":{"rendered":"<p>A dupla Chit\u00e3ozinho &amp; Xoror\u00f3 ser\u00e1 a primeira atra\u00e7\u00e3o sertaneja da hist\u00f3ria a se apresentar no Rock in Rio. O evento acontece em setembro, no&#8230;<\/p>\n","protected":false},"author":1,"featured_media":47902,"comment_status":"open","ping_status":"open","sticky":false,"template":"","format":"standard","meta":{"_uag_custom_page_level_css":"","advanced_seo_description":"","jetpack_seo_html_title":"","jetpack_seo_noindex":false,"jetpack_post_was_ever_published":false,"_jetpack_newsletter_access":"","_jetpack_dont_email_post_to_subs":false,"_jetpack_newsletter_tier_id":0,"_jetpack_memberships_contains_paywalled_content":false,"_jetpack_memberships_contains_paid_content":false,"footnotes":"","jetpack_publicize_message":"","jetpack_publicize_feature_enabled":true,"jetpack_social_post_already_shared":true,"jetpack_social_options":{"image_generator_settings":{"template":"highway","default_image_id":0,"font":"","enabled":false},"version":2}},"categories":[11],"tags":[],"class_list":["post-47901","post","type-post","status-publish","format-standard","has-post-thumbnail","hentry","category-noticias-de-ribeirao-preto-sp-e-regiao-ismael-colosi"],"jetpack_publicize_connections":[],"jetpack_featured_media_url":"https:\/\/i0.wp.com\/ismaelcolosi.com.br\/wp-content\/uploads\/2024\/04\/chitaozinho-xororo_2024-04-29_16-49-14_jpg.webp.webp?fit=1024%2C797&ssl=1","uagb_featured_image_src":{"full":["https:\/\/i0.wp.com\/ismaelcolosi.com.br\/wp-content\/uploads\/2024\/04\/chitaozinho-xororo_2024-04-29_16-49-14_jpg.webp.webp?fit=1024%2C797&ssl=1",1024,797,false],"thumbnail":["https:\/\/i0.wp.com\/ismaelcolosi.com.br\/wp-content\/uploads\/2024\/04\/chitaozinho-xororo_2024-04-29_16-49-14_jpg.webp.webp?resize=150%2C150&ssl=1",150,150,true],"medium":["https:\/\/i0.wp.com\/ismaelcolosi.com.br\/wp-content\/uploads\/2024\/04\/chitaozinho-xororo_2024-04-29_16-49-14_jpg.webp.webp?fit=300%2C233&ssl=1",300,233,true],"medium_large":["https:\/\/i0.wp.com\/ismaelcolosi.com.br\/wp-content\/uploads\/2024\/04\/chitaozinho-xororo_2024-04-29_16-49-14_jpg.webp.webp?fit=768%2C598&ssl=1",768,598,true],"large":["https:\/\/i0.wp.com\/ismaelcolosi.com.br\/wp-content\/uploads\/2024\/04\/chitaozinho-xororo_2024-04-29_16-49-14_jpg.webp.webp?fit=1024%2C797&ssl=1",1024,797,true],"1536x1536":["https:\/\/i0.wp.com\/ismaelcolosi.com.br\/wp-content\/uploads\/2024\/04\/chitaozinho-xororo_2024-04-29_16-49-14_jpg.webp.webp?fit=1024%2C797&ssl=1",1024,797,true],"2048x2048":["https:\/\/i0.wp.com\/ismaelcolosi.com.br\/wp-content\/uploads\/2024\/04\/chitaozinho-xororo_2024-04-29_16-49-14_jpg.webp.webp?fit=1024%2C797&ssl=1",1024,797,true],"really-simple-thumb":["https:\/\/i0.wp.com\/ismaelcolosi.com.br\/wp-content\/uploads\/2024\/04\/chitaozinho-xororo_2024-04-29_16-49-14_jpg.webp.webp?resize=370%2C247&ssl=1",370,247,true]},"uagb_author_info":{"display_name":"ismaelcolosi.com.br","author_link":"https:\/\/ismaelcolosi.com.br\/index.php\/author\/vidareal-online\/"},"uagb_comment_info":0,"uagb_excerpt":"A dupla Chit\u00e3ozinho &amp; Xoror\u00f3 ser\u00e1 a primeira atra\u00e7\u00e3o sertaneja da hist\u00f3ria a se apresentar no Rock in Rio. O evento acontece em setembro, no...","jetpack-related-posts":[{"id":72623,"url":"https:\/\/ismaelcolosi.com.br\/index.php\/2024\/10\/22\/tudo-sobre-a-serie-que-conta-a-carreira-de-chitaozinho-e-xororo\/","url_meta":{"origin":47901,"position":0},"title":"Tudo sobre a s\u00e9rie que conta a carreira de Chit\u00e3ozinho e Xoror\u00f3","author":"ismaelcolosi.com.br","date":"22 de October de 2024","format":false,"excerpt":"Est\u00e1 dispon\u00edvel a partir desta ter\u00e7a-feira (22) no Globoplay a s\u00e9rie documental \u201cChit\u00e3ozinho & Xoror\u00f3: Uma Hist\u00f3ria de Sucesso\u201d, de Emilia Silveira e Marcus Fernando. A s\u00e9rie tem o objetivo de comemorar os 50 anos de carreira da dupla. \u201cChit\u00e3ozinho & Xoror\u00f3: Uma Hist\u00f3ria de Sucesso\u201d tem cinco epis\u00f3dios, que\u2026","rel":"","context":"In &quot;Not\u00edcias de Ribeir\u00e3o Preto-SP e Regi\u00e3o&quot;","block_context":{"text":"Not\u00edcias de Ribeir\u00e3o Preto-SP e Regi\u00e3o","link":"https:\/\/ismaelcolosi.com.br\/index.php\/category\/noticias-de-ribeirao-preto-sp-e-regiao-ismael-colosi\/"},"img":{"alt_text":"","src":"https:\/\/i0.wp.com\/ismaelcolosi.com.br\/wp-content\/uploads\/2024\/04\/chitaozinho-xororo_2024-04-29_16-49-14_jpg.webp.webp?fit=1024%2C797&ssl=1&resize=350%2C200","width":350,"height":200,"srcset":"https:\/\/i0.wp.com\/ismaelcolosi.com.br\/wp-content\/uploads\/2024\/04\/chitaozinho-xororo_2024-04-29_16-49-14_jpg.webp.webp?fit=1024%2C797&ssl=1&resize=350%2C200 1x, https:\/\/i0.wp.com\/ismaelcolosi.com.br\/wp-content\/uploads\/2024\/04\/chitaozinho-xororo_2024-04-29_16-49-14_jpg.webp.webp?fit=1024%2C797&ssl=1&resize=525%2C300 1.5x, https:\/\/i0.wp.com\/ismaelcolosi.com.br\/wp-content\/uploads\/2024\/04\/chitaozinho-xororo_2024-04-29_16-49-14_jpg.webp.webp?fit=1024%2C797&ssl=1&resize=700%2C400 2x"},"classes":[]},{"id":72635,"url":"https:\/\/ismaelcolosi.com.br\/index.php\/2024\/10\/22\/tudo-sobre-a-serie-que-conta-a-carreira-de-chitaozinho-e-xororo-2\/","url_meta":{"origin":47901,"position":1},"title":"Tudo sobre a s\u00e9rie que conta a carreira de Chit\u00e3ozinho e Xoror\u00f3","author":"ismaelcolosi.com.br","date":"22 de October de 2024","format":false,"excerpt":"Est\u00e1 dispon\u00edvel a partir desta ter\u00e7a-feira (22) no Globoplay a s\u00e9rie documental \u201cChit\u00e3ozinho & Xoror\u00f3: Uma Hist\u00f3ria de Sucesso\u201d, de Emilia Silveira e Marcus Fernando. A s\u00e9rie tem o objetivo de comemorar os 50 anos de carreira da dupla. \u201cChit\u00e3ozinho & Xoror\u00f3: Uma Hist\u00f3ria de Sucesso\u201d tem cinco epis\u00f3dios, que\u2026","rel":"","context":"In &quot;Not\u00edcias de Ribeir\u00e3o Preto-SP e Regi\u00e3o&quot;","block_context":{"text":"Not\u00edcias de Ribeir\u00e3o Preto-SP e Regi\u00e3o","link":"https:\/\/ismaelcolosi.com.br\/index.php\/category\/noticias-de-ribeirao-preto-sp-e-regiao-ismael-colosi\/"},"img":{"alt_text":"","src":"https:\/\/i0.wp.com\/ismaelcolosi.com.br\/wp-content\/uploads\/2024\/04\/chitaozinho-xororo_2024-04-29_16-49-14_jpg.webp.webp?fit=1024%2C797&ssl=1&resize=350%2C200","width":350,"height":200,"srcset":"https:\/\/i0.wp.com\/ismaelcolosi.com.br\/wp-content\/uploads\/2024\/04\/chitaozinho-xororo_2024-04-29_16-49-14_jpg.webp.webp?fit=1024%2C797&ssl=1&resize=350%2C200 1x, https:\/\/i0.wp.com\/ismaelcolosi.com.br\/wp-content\/uploads\/2024\/04\/chitaozinho-xororo_2024-04-29_16-49-14_jpg.webp.webp?fit=1024%2C797&ssl=1&resize=525%2C300 1.5x, https:\/\/i0.wp.com\/ismaelcolosi.com.br\/wp-content\/uploads\/2024\/04\/chitaozinho-xororo_2024-04-29_16-49-14_jpg.webp.webp?fit=1024%2C797&ssl=1&resize=700%2C400 2x"},"classes":[]},{"id":46124,"url":"https:\/\/ismaelcolosi.com.br\/index.php\/2024\/04\/09\/chitaozinho-e-xororo-sao-confirmados-para-abrir-a-primeira-noite-de-shows-do-jaguariuna-rodeo-festival-que-comemora-35-anos-em-2024\/","url_meta":{"origin":47901,"position":2},"title":"Chit\u00e3ozinho e Xoror\u00f3 s\u00e3o confirmados para abrir a primeira noite de shows do Jaguari\u00fana Rodeo Festival","author":"ismaelcolosi.com.br","date":"9 de April de 2024","format":false,"excerpt":"Chit\u00e3ozinho e Xoror\u00f3 s\u00e3o confirmados para abrir a primeira noite de shows do Jaguari\u00fana Rodeo FestivalA 35\u00aa edi\u00e7\u00e3o da festa traz a dupla, uma das maiores do sertanejo no Brasil, como sua primeira atra\u00e7\u00e3o, no dia 20 de setembro, trazendo seus maiores sucessos para o palco Com 50 anos de\u2026","rel":"","context":"In &quot;Not\u00edcias de Ribeir\u00e3o Preto-SP e Regi\u00e3o&quot;","block_context":{"text":"Not\u00edcias de Ribeir\u00e3o Preto-SP e Regi\u00e3o","link":"https:\/\/ismaelcolosi.com.br\/index.php\/category\/noticias-de-ribeirao-preto-sp-e-regiao-ismael-colosi\/"},"img":{"alt_text":"","src":"https:\/\/i0.wp.com\/ismaelcolosi.com.br\/wp-content\/uploads\/2024\/04\/chx_50_anos.webp.webp?fit=1200%2C800&ssl=1&resize=350%2C200","width":350,"height":200,"srcset":"https:\/\/i0.wp.com\/ismaelcolosi.com.br\/wp-content\/uploads\/2024\/04\/chx_50_anos.webp.webp?fit=1200%2C800&ssl=1&resize=350%2C200 1x, https:\/\/i0.wp.com\/ismaelcolosi.com.br\/wp-content\/uploads\/2024\/04\/chx_50_anos.webp.webp?fit=1200%2C800&ssl=1&resize=525%2C300 1.5x, https:\/\/i0.wp.com\/ismaelcolosi.com.br\/wp-content\/uploads\/2024\/04\/chx_50_anos.webp.webp?fit=1200%2C800&ssl=1&resize=700%2C400 2x, https:\/\/i0.wp.com\/ismaelcolosi.com.br\/wp-content\/uploads\/2024\/04\/chx_50_anos.webp.webp?fit=1200%2C800&ssl=1&resize=1050%2C600 3x"},"classes":[]},{"id":46466,"url":"https:\/\/ismaelcolosi.com.br\/index.php\/2024\/04\/11\/chitaozinho-e-xororo-estao-confirmados-na-festa-do-peao-de-barretos-veja-atracoes\/","url_meta":{"origin":47901,"position":3},"title":"Chit\u00e3ozinho e Xoror\u00f3 est\u00e3o confirmados na Festa do Pe\u00e3o de Barretos; Veja atra\u00e7\u00f5es","author":"ismaelcolosi.com.br","date":"11 de April de 2024","format":false,"excerpt":"Os cantores Chit\u00e3ozinho e Xoror\u00f3, considerados \u2018\u00edcones\u2019 do mundo sertanejo, est\u00e3o confirmados na programa\u00e7\u00e3o de shows da Festa do Pe\u00e3o de Barretos, que acontece entre os dias 15 e 25 de agosto, no Parque Permanente de Exposi\u00e7\u00f5es do munic\u00edpio. A dupla se apresenta no dia 24 de agosto, com sua\u2026","rel":"","context":"In &quot;Not\u00edcias de Ribeir\u00e3o Preto-SP e Regi\u00e3o&quot;","block_context":{"text":"Not\u00edcias de Ribeir\u00e3o Preto-SP e Regi\u00e3o","link":"https:\/\/ismaelcolosi.com.br\/index.php\/category\/noticias-de-ribeirao-preto-sp-e-regiao-ismael-colosi\/"},"img":{"alt_text":"","src":"https:\/\/i0.wp.com\/ismaelcolosi.com.br\/wp-content\/uploads\/2024\/04\/ffc834adec60a26990ee21a8c5053e6e-scaled.jpeg?fit=1200%2C800&ssl=1&resize=350%2C200","width":350,"height":200,"srcset":"https:\/\/i0.wp.com\/ismaelcolosi.com.br\/wp-content\/uploads\/2024\/04\/ffc834adec60a26990ee21a8c5053e6e-scaled.jpeg?fit=1200%2C800&ssl=1&resize=350%2C200 1x, https:\/\/i0.wp.com\/ismaelcolosi.com.br\/wp-content\/uploads\/2024\/04\/ffc834adec60a26990ee21a8c5053e6e-scaled.jpeg?fit=1200%2C800&ssl=1&resize=525%2C300 1.5x, https:\/\/i0.wp.com\/ismaelcolosi.com.br\/wp-content\/uploads\/2024\/04\/ffc834adec60a26990ee21a8c5053e6e-scaled.jpeg?fit=1200%2C800&ssl=1&resize=700%2C400 2x, https:\/\/i0.wp.com\/ismaelcolosi.com.br\/wp-content\/uploads\/2024\/04\/ffc834adec60a26990ee21a8c5053e6e-scaled.jpeg?fit=1200%2C800&ssl=1&resize=1050%2C600 3x"},"classes":[]},{"id":48139,"url":"https:\/\/ismaelcolosi.com.br\/index.php\/2024\/04\/30\/disputa-de-rimas-acontece-pelo-segundo-ano-no-joao-rock-em-ribeirao-preto\/","url_meta":{"origin":47901,"position":4},"title":"Disputa de rimas acontece pelo segundo ano no Jo\u00e3o Rock em Ribeir\u00e3o Preto","author":"ismaelcolosi.com.br","date":"30 de April de 2024","format":false,"excerpt":"O Festival Jo\u00e3o Rock, que acontece no dia 8 de junho, no Parque Permanente de Exposi\u00e7\u00f5es de Ribeir\u00e3o Preto, realiza pela segunda vez a disputa de rimas, que ir\u00e1 reunir quatro MCs convidados. As batalhas, que trazem o improviso e refor\u00e7am o rap e a cultura urbana brasileira, ser\u00e3o disputadas\u2026","rel":"","context":"In &quot;Not\u00edcias de Ribeir\u00e3o Preto-SP e Regi\u00e3o&quot;","block_context":{"text":"Not\u00edcias de Ribeir\u00e3o Preto-SP e Regi\u00e3o","link":"https:\/\/ismaelcolosi.com.br\/index.php\/category\/noticias-de-ribeirao-preto-sp-e-regiao-ismael-colosi\/"},"img":{"alt_text":"","src":"https:\/\/i0.wp.com\/ismaelcolosi.com.br\/wp-content\/uploads\/2024\/04\/Copia-de-Copia-de-TAMANHO-EXATO-PARA-FOTOS-NO-SISTEMA-NOVO-26-1_2024-04-30_23-20-40_jpg.webp.webp?fit=1200%2C675&ssl=1&resize=350%2C200","width":350,"height":200,"srcset":"https:\/\/i0.wp.com\/ismaelcolosi.com.br\/wp-content\/uploads\/2024\/04\/Copia-de-Copia-de-TAMANHO-EXATO-PARA-FOTOS-NO-SISTEMA-NOVO-26-1_2024-04-30_23-20-40_jpg.webp.webp?fit=1200%2C675&ssl=1&resize=350%2C200 1x, https:\/\/i0.wp.com\/ismaelcolosi.com.br\/wp-content\/uploads\/2024\/04\/Copia-de-Copia-de-TAMANHO-EXATO-PARA-FOTOS-NO-SISTEMA-NOVO-26-1_2024-04-30_23-20-40_jpg.webp.webp?fit=1200%2C675&ssl=1&resize=525%2C300 1.5x, https:\/\/i0.wp.com\/ismaelcolosi.com.br\/wp-content\/uploads\/2024\/04\/Copia-de-Copia-de-TAMANHO-EXATO-PARA-FOTOS-NO-SISTEMA-NOVO-26-1_2024-04-30_23-20-40_jpg.webp.webp?fit=1200%2C675&ssl=1&resize=700%2C400 2x, https:\/\/i0.wp.com\/ismaelcolosi.com.br\/wp-content\/uploads\/2024\/04\/Copia-de-Copia-de-TAMANHO-EXATO-PARA-FOTOS-NO-SISTEMA-NOVO-26-1_2024-04-30_23-20-40_jpg.webp.webp?fit=1200%2C675&ssl=1&resize=1050%2C600 3x"},"classes":[]},{"id":47921,"url":"https:\/\/ismaelcolosi.com.br\/index.php\/2024\/04\/29\/ex-jogadora-do-corinthians-e-diagnosticada-com-linfoma-de-hodgkin\/","url_meta":{"origin":47901,"position":5},"title":"Ex-jogadora do Corinthians \u00e9 diagnosticada com Linfoma de Hodgkin","author":"ismaelcolosi.com.br","date":"29 de April de 2024","format":false,"excerpt":"A meio-campista da sele\u00e7\u00e3o brasileira feminina de futebol, Luana Bertolucci, ex-jogadora do Corinthians, revelou nesta segunda-feira (29) que foi diagnosticada com Linfoma de Hodgkin, um tipo de c\u00e2ncer que ser origina no sistema linf\u00e1tico. Em comunicado em rede social, a jogadora de 30 anos disse que recebeu o diagn\u00f3stico ap\u00f3s\u2026","rel":"","context":"In &quot;Not\u00edcias de Ribeir\u00e3o Preto-SP e Regi\u00e3o&quot;","block_context":{"text":"Not\u00edcias de Ribeir\u00e3o Preto-SP e Regi\u00e3o","link":"https:\/\/ismaelcolosi.com.br\/index.php\/category\/noticias-de-ribeirao-preto-sp-e-regiao-ismael-colosi\/"},"img":{"alt_text":"","src":"https:\/\/i0.wp.com\/ismaelcolosi.com.br\/wp-content\/uploads\/2024\/04\/luana_2024-04-29_17-56-21_jpg.webp.webp?fit=941%2C627&ssl=1&resize=350%2C200","width":350,"height":200,"srcset":"https:\/\/i0.wp.com\/ismaelcolosi.com.br\/wp-content\/uploads\/2024\/04\/luana_2024-04-29_17-56-21_jpg.webp.webp?fit=941%2C627&ssl=1&resize=350%2C200 1x, https:\/\/i0.wp.com\/ismaelcolosi.com.br\/wp-content\/uploads\/2024\/04\/luana_2024-04-29_17-56-21_jpg.webp.webp?fit=941%2C627&ssl=1&resize=525%2C300 1.5x, https:\/\/i0.wp.com\/ismaelcolosi.com.br\/wp-content\/uploads\/2024\/04\/luana_2024-04-29_17-56-21_jpg.webp.webp?fit=941%2C627&ssl=1&resize=700%2C400 2x"},"classes":[]}],"jetpack_sharing_enabled":true,"jetpack_shortlink":"https:\/\/wp.me\/pfMlyK-csB","_links":{"self":[{"href":"https:\/\/ismaelcolosi.com.br\/index.php\/wp-json\/wp\/v2\/posts\/47901","targetHints":{"allow":["GET"]}}],"collection":[{"href":"https:\/\/ismaelcolosi.com.br\/index.php\/wp-json\/wp\/v2\/posts"}],"about":[{"href":"https:\/\/ismaelcolosi.com.br\/index.php\/wp-json\/wp\/v2\/types\/post"}],"author":[{"embeddable":true,"href":"https:\/\/ismaelcolosi.com.br\/index.php\/wp-json\/wp\/v2\/users\/1"}],"replies":[{"embeddable":true,"href":"https:\/\/ismaelcolosi.com.br\/index.php\/wp-json\/wp\/v2\/comments?post=47901"}],"version-history":[{"count":0,"href":"https:\/\/ismaelcolosi.com.br\/index.php\/wp-json\/wp\/v2\/posts\/47901\/revisions"}],"wp:featuredmedia":[{"embeddable":true,"href":"https:\/\/ismaelcolosi.com.br\/index.php\/wp-json\/wp\/v2\/media\/47902"}],"wp:attachment":[{"href":"https:\/\/ismaelcolosi.com.br\/index.php\/wp-json\/wp\/v2\/media?parent=47901"}],"wp:term":[{"taxonomy":"category","embeddable":true,"href":"https:\/\/ismaelcolosi.com.br\/index.php\/wp-json\/wp\/v2\/categories?post=47901"},{"taxonomy":"post_tag","embeddable":true,"href":"https:\/\/ismaelcolosi.com.br\/index.php\/wp-json\/wp\/v2\/tags?post=47901"}],"curies":[{"name":"wp","href":"https:\/\/api.w.org\/{rel}","templated":true}]}}