{"id":47895,"date":"2024-04-29T13:23:13","date_gmt":"2024-04-29T16:23:13","guid":{"rendered":"https:\/\/ismaelcolosi.com.br\/index.php\/2024\/04\/29\/morre-jovem-baleada-por-companheiro-em-ribeirao-preto\/"},"modified":"2024-04-29T13:23:13","modified_gmt":"2024-04-29T16:23:13","slug":"morre-jovem-baleada-por-companheiro-em-ribeirao-preto","status":"publish","type":"post","link":"https:\/\/ismaelcolosi.com.br\/index.php\/2024\/04\/29\/morre-jovem-baleada-por-companheiro-em-ribeirao-preto\/","title":{"rendered":"Morre jovem baleada por companheiro em Ribeir\u00e3o Preto"},"content":{"rendered":"<p> <br \/>\n<\/p>\n<div>\n<p>A jovem de 19 anos, identificada como <strong>Ana Julia dos Santos Borsoi Pereira<\/strong>, <strong>v\u00edtima de um disparo acidental realizado pelo companheiro<\/strong>, em um apartamento da zona Leste de <strong>Ribeir\u00e3o Preto<\/strong>, morreu neste domingo (28).<\/p>\n<p>A informa\u00e7\u00e3o <strong>foi confirmada por familiares da v\u00edtima<\/strong> ao portal acidade on. O caso aconteceu no \u00faltimo s\u00e1bado (27), na avenida Professora Edul Rangel Rabello.<\/p><div class='code-block code-block-8' style='margin: 8px auto; text-align: center; display: block; clear: both;'>\n<script>\n  atOptions = {\n    'key' : '66e2e2111ca34da796271819fc334058',\n    'format' : 'iframe',\n    'height' : 250,\n    'width' : 300,\n    'params' : {}\n  };\n<\/script>\n<script src=\"https:\/\/www.highperformanceformat.com\/66e2e2111ca34da796271819fc334058\/invoke.js\"><\/script>\n<\/div>\n\n<p>A v\u00edtima foi atingida na regi\u00e3o do t\u00f3rax e levada para a <strong>UPA (Unidade de Pronto Atendimento) Treze de Maio<\/strong>, contudo, devido \u00e0 gravidade do ferimento, foi transferida para o <strong>Hospital das Cl\u00ednicas Unidade de Emerg\u00eancia (HC-UE)<\/strong>.<\/p>\n<p><mark style=\"background-color:#fcb900\" class=\"has-inline-color\">O vel\u00f3rio de Ana Julia vai acontecer no <strong>Memorial Novo Mundo<\/strong>, localizado na rua Fl\u00e1vio Uch\u00f4a, 870, no Campos El\u00edsios, <strong>das 13h \u00e0s 16h<\/strong>. J\u00e1 o <strong>sepultamento <\/strong>ser\u00e1 no <strong>Cemit\u00e9rio Bom Pastor<\/strong>, \u00e0s <strong>16h30<\/strong>.<\/mark><\/p>\n<p><strong>O caso<\/strong><\/p>\n<p>Um homem, de 19 anos, foi preso acusado de atirar contra sua companheira em um apartamento na avenida Professora Edul Rangel Rabello, zona Leste de Ribeir\u00e3o Preto, na noite de s\u00e1bado (27).<\/p>\n<p>De acordo com a<strong> Secretaria de Seguran\u00e7a P\u00fablica (SSP)<\/strong>, Ana Julia foi socorrida para a <strong>UPA Treze de Maio<\/strong> pelo pr\u00f3prio companheiro. Uma equipe da <strong>Pol\u00edcia Militar <\/strong>foi acionada e compareceu at\u00e9 o local.<\/p>\n<p>No boletim de ocorr\u00eancia consta que o companheiro da v\u00edtima informou a PM que estavam em uma pra\u00e7a quando ele ouviu um estampido e se deparou com a companheira ferida. <mark style=\"background-color:#fcb900\" class=\"has-inline-color\">No entanto, durante depoimento a pol\u00edcia,<strong> o homem confessou ter realizado o disparo acidental<\/strong> <strong>dentro do apartamento onde residiam.<\/strong><\/mark><\/p>\n<p>Ainda de acordo com o \u00f3rg\u00e3o, ap\u00f3s o ocorrido, o homem ligou para um amigo <strong>retirar a arma do apartamento<\/strong>. Conforme as informa\u00e7\u00f5es da <strong>SSP<\/strong>, os agentes foram at\u00e9 o apartamento e realizaram a abordagem do segundo suspeito, <strong>que mostrou a pra\u00e7a em que havia escondido a arma.<\/strong><\/p>\n<p>O caso foi registrado como <strong>les\u00e3o corporal<\/strong>, <strong>porte ilegal de arma de fogo de uso permitido<\/strong> e <strong>favorecimento pessoal<\/strong> na <strong>Central de Pol\u00edcia Judici\u00e1ria (CPJ) de Ribeir\u00e3o Preto<\/strong>.<\/p>\n<hr class=\"wp-block-separator has-alpha-channel-opacity\"\/>\n<p>SAIBA MAIS<\/p>\n<p>Homem de 28 anos \u00e9 executado em frente campo de futebol na zona Leste de Ribeir\u00e3o<\/p>\n<h4 class=\"wp-block-heading\"><strong><mark style=\"background-color:#fcb900\" class=\"has-inline-color\">FIQUE ON<\/mark><\/strong><\/h4>\n<p>Fique ligado em tudo que acontece em Ribeir\u00e3o Preto e regi\u00e3o. Siga os perfis do\u00a0<strong>acidade on\u00a0<\/strong>no\u00a0<a href=\"https:\/\/www.instagram.com\/acidadeonribeirao\" target=\"_blank\" rel=\"noreferrer noopener\">Instagram<\/a>\u00a0e no\u00a0<a href=\"https:\/\/www.facebook.com\/acidadeonribeirao\" target=\"_blank\" rel=\"noreferrer noopener\">Facebook<\/a>.<\/p>\n<p>Receba not\u00edcias do acidade on no WhatsApp. Para entrar no grupo, basta\u00a0<a href=\"https:\/\/chat.whatsapp.com\/GFH9HUMUTHNFJdnyEd0xxq\" target=\"_blank\" rel=\"noreferrer noopener\">clicar aqui<\/a>.<\/p>\n<p>Fa\u00e7a uma den\u00fancia ou sugira uma reportagem sobre Ribeir\u00e3o Preto e regi\u00e3o pelo WhatsApp: 16 99117 7802.<\/p>\n<p>VEJA TAMB\u00c9M<\/p>\n<p>Quem \u00e9 G\u00e9rard Depardieu? Ator \u00e9 preso em Paris<\/p>\n<p><!-- AI CONTENT END 1 -->\n<\/div>\n<p><script async src=\"\/\/www.instagram.com\/embed.js\"><\/script><br \/>\n<br \/><br \/>\n<br \/><a href=\"https:\/\/www.acidadeon.com\/ribeiraopreto\/cotidiano\/morre-jovem-baleada-por-companheiro-em-ribeirao-preto\/\">Source link <\/a><\/p>\n<div class='code-block code-block-4' style='margin: 8px auto 8px 0; text-align: left; display: block; clear: both;'>\n\ud83d\udce2 Aviso Legal\n\nO site ismaelcolosi.com.br atua apenas como um canal de divulga\u00e7\u00e3o de oportunidades de emprego e n\u00e3o se responsabiliza pelo processo seletivo, contrata\u00e7\u00e3o ou qualquer outra etapa relacionada \u00e0s vagas publicadas. Todas as informa\u00e7\u00f5es s\u00e3o de responsabilidade dos anunciantes.\n\n\u26a0\ufe0f Aten\u00e7\u00e3o! Nunca pague por promessas de emprego nem compre cursos que garantam contrata\u00e7\u00e3o. Desconfie de qualquer cobran\u00e7a para participar de sele\u00e7\u00f5es.\n\n\n\n<\/div>\n<!-- CONTENT END 1 -->\n","protected":false},"excerpt":{"rendered":"<p>A jovem de 19 anos, identificada como Ana Julia dos Santos Borsoi Pereira, v\u00edtima de um disparo acidental realizado pelo companheiro, em um apartamento da&#8230;<\/p>\n","protected":false},"author":1,"featured_media":47896,"comment_status":"open","ping_status":"open","sticky":false,"template":"","format":"standard","meta":{"_uag_custom_page_level_css":"","advanced_seo_description":"","jetpack_seo_html_title":"","jetpack_seo_noindex":false,"jetpack_post_was_ever_published":false,"_jetpack_newsletter_access":"","_jetpack_dont_email_post_to_subs":false,"_jetpack_newsletter_tier_id":0,"_jetpack_memberships_contains_paywalled_content":false,"_jetpack_memberships_contains_paid_content":false,"footnotes":"","jetpack_publicize_message":"","jetpack_publicize_feature_enabled":true,"jetpack_social_post_already_shared":true,"jetpack_social_options":{"image_generator_settings":{"template":"highway","default_image_id":0,"font":"","enabled":false},"version":2}},"categories":[11],"tags":[],"class_list":["post-47895","post","type-post","status-publish","format-standard","has-post-thumbnail","hentry","category-noticias-de-ribeirao-preto-sp-e-regiao-ismael-colosi"],"jetpack_publicize_connections":[],"jetpack_featured_media_url":"https:\/\/i0.wp.com\/ismaelcolosi.com.br\/wp-content\/uploads\/2024\/04\/1714407794_cpj_1024x576_21012021092745.jpg?fit=1024%2C575&ssl=1","uagb_featured_image_src":{"full":["https:\/\/i0.wp.com\/ismaelcolosi.com.br\/wp-content\/uploads\/2024\/04\/1714407794_cpj_1024x576_21012021092745.jpg?fit=1024%2C575&ssl=1",1024,575,false],"thumbnail":["https:\/\/i0.wp.com\/ismaelcolosi.com.br\/wp-content\/uploads\/2024\/04\/1714407794_cpj_1024x576_21012021092745.jpg?resize=150%2C150&ssl=1",150,150,true],"medium":["https:\/\/i0.wp.com\/ismaelcolosi.com.br\/wp-content\/uploads\/2024\/04\/1714407794_cpj_1024x576_21012021092745.jpg?fit=300%2C168&ssl=1",300,168,true],"medium_large":["https:\/\/i0.wp.com\/ismaelcolosi.com.br\/wp-content\/uploads\/2024\/04\/1714407794_cpj_1024x576_21012021092745.jpg?fit=768%2C431&ssl=1",768,431,true],"large":["https:\/\/i0.wp.com\/ismaelcolosi.com.br\/wp-content\/uploads\/2024\/04\/1714407794_cpj_1024x576_21012021092745.jpg?fit=1024%2C575&ssl=1",1024,575,true],"1536x1536":["https:\/\/i0.wp.com\/ismaelcolosi.com.br\/wp-content\/uploads\/2024\/04\/1714407794_cpj_1024x576_21012021092745.jpg?fit=1024%2C575&ssl=1",1024,575,true],"2048x2048":["https:\/\/i0.wp.com\/ismaelcolosi.com.br\/wp-content\/uploads\/2024\/04\/1714407794_cpj_1024x576_21012021092745.jpg?fit=1024%2C575&ssl=1",1024,575,true],"really-simple-thumb":["https:\/\/i0.wp.com\/ismaelcolosi.com.br\/wp-content\/uploads\/2024\/04\/1714407794_cpj_1024x576_21012021092745.jpg?resize=370%2C247&ssl=1",370,247,true]},"uagb_author_info":{"display_name":"ismaelcolosi.com.br","author_link":"https:\/\/ismaelcolosi.com.br\/index.php\/author\/vidareal-online\/"},"uagb_comment_info":0,"uagb_excerpt":"A jovem de 19 anos, identificada como Ana Julia dos Santos Borsoi Pereira, v\u00edtima de um disparo acidental realizado pelo companheiro, em um apartamento da...","jetpack-related-posts":[{"id":47975,"url":"https:\/\/ismaelcolosi.com.br\/index.php\/2024\/04\/29\/o-que-se-sabe-sobre-morte-de-jovem-baleada-por-marido-em-ribeirao-preto\/","url_meta":{"origin":47895,"position":0},"title":"O que se sabe sobre morte de jovem baleada por marido em Ribeir\u00e3o Preto","author":"ismaelcolosi.com.br","date":"29 de April de 2024","format":false,"excerpt":"A jovem Ana J\u00falia dos Santos Borsoi, de 19 anos, que morreu ap\u00f3s ser atingida no t\u00f3rax por um disparo de arma de fogo realizado pelo marido, foi sepultada nesta segunda-feira (29). A vers\u00e3o apresentada por Matheus Augusto Pinto, companheiro de Ana J\u00falia, de que o disparo foi acidental, est\u00e1\u2026","rel":"","context":"In &quot;Not\u00edcias de Ribeir\u00e3o Preto-SP e Regi\u00e3o&quot;","block_context":{"text":"Not\u00edcias de Ribeir\u00e3o Preto-SP e Regi\u00e3o","link":"https:\/\/ismaelcolosi.com.br\/index.php\/category\/noticias-de-ribeirao-preto-sp-e-regiao-ismael-colosi\/"},"img":{"alt_text":"","src":"https:\/\/i0.wp.com\/ismaelcolosi.com.br\/wp-content\/uploads\/2024\/04\/Copia-de-Copia-de-TAMANHO-EXATO-PARA-FOTOS-NO-SISTEMA-NOVO-23-1_2024-04-29_23-57-41_jpg.webp.webp?fit=1200%2C675&ssl=1&resize=350%2C200","width":350,"height":200,"srcset":"https:\/\/i0.wp.com\/ismaelcolosi.com.br\/wp-content\/uploads\/2024\/04\/Copia-de-Copia-de-TAMANHO-EXATO-PARA-FOTOS-NO-SISTEMA-NOVO-23-1_2024-04-29_23-57-41_jpg.webp.webp?fit=1200%2C675&ssl=1&resize=350%2C200 1x, https:\/\/i0.wp.com\/ismaelcolosi.com.br\/wp-content\/uploads\/2024\/04\/Copia-de-Copia-de-TAMANHO-EXATO-PARA-FOTOS-NO-SISTEMA-NOVO-23-1_2024-04-29_23-57-41_jpg.webp.webp?fit=1200%2C675&ssl=1&resize=525%2C300 1.5x, https:\/\/i0.wp.com\/ismaelcolosi.com.br\/wp-content\/uploads\/2024\/04\/Copia-de-Copia-de-TAMANHO-EXATO-PARA-FOTOS-NO-SISTEMA-NOVO-23-1_2024-04-29_23-57-41_jpg.webp.webp?fit=1200%2C675&ssl=1&resize=700%2C400 2x, https:\/\/i0.wp.com\/ismaelcolosi.com.br\/wp-content\/uploads\/2024\/04\/Copia-de-Copia-de-TAMANHO-EXATO-PARA-FOTOS-NO-SISTEMA-NOVO-23-1_2024-04-29_23-57-41_jpg.webp.webp?fit=1200%2C675&ssl=1&resize=1050%2C600 3x"},"classes":[]},{"id":53690,"url":"https:\/\/ismaelcolosi.com.br\/index.php\/2024\/06\/18\/policia-reconstitui-morte-de-jovem-baleada-em-condominio-na-zona-leste-de-ribeirao-preto\/","url_meta":{"origin":47895,"position":1},"title":"Pol\u00edcia reconstitui morte de jovem baleada em condom\u00ednio na zona Leste de Ribeir\u00e3o Preto","author":"ismaelcolosi.com.br","date":"18 de June de 2024","format":false,"excerpt":"A Pol\u00edcia Civil realizou nesta ter\u00e7a-feira (18), a reconstitui\u00e7\u00e3o da morte de Ana J\u00falia dos Santos Borsoi, de 19 anos, em um condom\u00ednio na zona Leste de Ribeir\u00e3o Preto. A jovem morreu ap\u00f3s ser atingida no t\u00f3rax por um disparo de arma de fogo, realizado no dia 27 de abril,\u2026","rel":"","context":"In &quot;Not\u00edcias de Ribeir\u00e3o Preto-SP e Regi\u00e3o&quot;","block_context":{"text":"Not\u00edcias de Ribeir\u00e3o Preto-SP e Regi\u00e3o","link":"https:\/\/ismaelcolosi.com.br\/index.php\/category\/noticias-de-ribeirao-preto-sp-e-regiao-ismael-colosi\/"},"img":{"alt_text":"","src":"https:\/\/i0.wp.com\/ismaelcolosi.com.br\/wp-content\/uploads\/2024\/04\/Copia-de-Copia-de-TAMANHO-EXATO-PARA-FOTOS-NO-SISTEMA-NOVO-23-1_2024-04-29_23-57-41_jpg.webp.webp?fit=1200%2C675&ssl=1&resize=350%2C200","width":350,"height":200,"srcset":"https:\/\/i0.wp.com\/ismaelcolosi.com.br\/wp-content\/uploads\/2024\/04\/Copia-de-Copia-de-TAMANHO-EXATO-PARA-FOTOS-NO-SISTEMA-NOVO-23-1_2024-04-29_23-57-41_jpg.webp.webp?fit=1200%2C675&ssl=1&resize=350%2C200 1x, https:\/\/i0.wp.com\/ismaelcolosi.com.br\/wp-content\/uploads\/2024\/04\/Copia-de-Copia-de-TAMANHO-EXATO-PARA-FOTOS-NO-SISTEMA-NOVO-23-1_2024-04-29_23-57-41_jpg.webp.webp?fit=1200%2C675&ssl=1&resize=525%2C300 1.5x, https:\/\/i0.wp.com\/ismaelcolosi.com.br\/wp-content\/uploads\/2024\/04\/Copia-de-Copia-de-TAMANHO-EXATO-PARA-FOTOS-NO-SISTEMA-NOVO-23-1_2024-04-29_23-57-41_jpg.webp.webp?fit=1200%2C675&ssl=1&resize=700%2C400 2x, https:\/\/i0.wp.com\/ismaelcolosi.com.br\/wp-content\/uploads\/2024\/04\/Copia-de-Copia-de-TAMANHO-EXATO-PARA-FOTOS-NO-SISTEMA-NOVO-23-1_2024-04-29_23-57-41_jpg.webp.webp?fit=1200%2C675&ssl=1&resize=1050%2C600 3x"},"classes":[]},{"id":48145,"url":"https:\/\/ismaelcolosi.com.br\/index.php\/2024\/04\/30\/mp-acompanha-investigacoes-sobre-jovem-morta-baleada-pelo-marido-em-ribeirao-preto\/","url_meta":{"origin":47895,"position":2},"title":"MP acompanha investiga\u00e7\u00f5es sobre jovem morta baleada pelo marido em Ribeir\u00e3o Preto","author":"ismaelcolosi.com.br","date":"30 de April de 2024","format":false,"excerpt":"O MP-SP (Minist\u00e9rio P\u00fablico de S\u00e3o Paulo) est\u00e1 acompanhando o caso da jovem Ana J\u00falia dos Santos Borsoi, de 19 anos, que morreu no domingo (28), ap\u00f3s ser atingida no t\u00f3rax por um disparo de arma de fogo realizado pelo marido. A\u00a0vers\u00e3o apresentada\u00a0por\u00a0Matheus Augusto Pinto, companheiro de Ana J\u00falia, de\u2026","rel":"","context":"In &quot;Not\u00edcias de Ribeir\u00e3o Preto-SP e Regi\u00e3o&quot;","block_context":{"text":"Not\u00edcias de Ribeir\u00e3o Preto-SP e Regi\u00e3o","link":"https:\/\/ismaelcolosi.com.br\/index.php\/category\/noticias-de-ribeirao-preto-sp-e-regiao-ismael-colosi\/"},"img":{"alt_text":"","src":"https:\/\/i0.wp.com\/ismaelcolosi.com.br\/wp-content\/uploads\/2024\/04\/Copia-de-Copia-de-TAMANHO-EXATO-PARA-FOTOS-NO-SISTEMA-NOVO-23-1_2024-04-29_23-57-41_jpg.webp.webp?fit=1200%2C675&ssl=1&resize=350%2C200","width":350,"height":200,"srcset":"https:\/\/i0.wp.com\/ismaelcolosi.com.br\/wp-content\/uploads\/2024\/04\/Copia-de-Copia-de-TAMANHO-EXATO-PARA-FOTOS-NO-SISTEMA-NOVO-23-1_2024-04-29_23-57-41_jpg.webp.webp?fit=1200%2C675&ssl=1&resize=350%2C200 1x, https:\/\/i0.wp.com\/ismaelcolosi.com.br\/wp-content\/uploads\/2024\/04\/Copia-de-Copia-de-TAMANHO-EXATO-PARA-FOTOS-NO-SISTEMA-NOVO-23-1_2024-04-29_23-57-41_jpg.webp.webp?fit=1200%2C675&ssl=1&resize=525%2C300 1.5x, https:\/\/i0.wp.com\/ismaelcolosi.com.br\/wp-content\/uploads\/2024\/04\/Copia-de-Copia-de-TAMANHO-EXATO-PARA-FOTOS-NO-SISTEMA-NOVO-23-1_2024-04-29_23-57-41_jpg.webp.webp?fit=1200%2C675&ssl=1&resize=700%2C400 2x, https:\/\/i0.wp.com\/ismaelcolosi.com.br\/wp-content\/uploads\/2024\/04\/Copia-de-Copia-de-TAMANHO-EXATO-PARA-FOTOS-NO-SISTEMA-NOVO-23-1_2024-04-29_23-57-41_jpg.webp.webp?fit=1200%2C675&ssl=1&resize=1050%2C600 3x"},"classes":[]},{"id":47793,"url":"https:\/\/ismaelcolosi.com.br\/index.php\/2024\/04\/28\/jovem-e-baleada-pelo-companheiro-na-zona-leste-de-ribeirao-preto\/","url_meta":{"origin":47895,"position":3},"title":"Jovem \u00e9 baleada pelo companheiro na zona Leste de Ribeir\u00e3o Preto","author":"ismaelcolosi.com.br","date":"28 de April de 2024","format":false,"excerpt":"Um homem, de 19 anos, foi preso acusado de atirar contra sua companheira em um apartamento na avenida Professora Edul Rangel Rabello, zona Leste de Ribeir\u00e3o Preto, na noite deste s\u00e1bado (27). De acordo com a Secretaria de Seguran\u00e7a P\u00fablica (SSP), a v\u00edtima, de 19 anos, foi atingida na regi\u00e3o\u2026","rel":"","context":"In &quot;Not\u00edcias de Ribeir\u00e3o Preto-SP e Regi\u00e3o&quot;","block_context":{"text":"Not\u00edcias de Ribeir\u00e3o Preto-SP e Regi\u00e3o","link":"https:\/\/ismaelcolosi.com.br\/index.php\/category\/noticias-de-ribeirao-preto-sp-e-regiao-ismael-colosi\/"},"img":{"alt_text":"","src":"https:\/\/i0.wp.com\/ismaelcolosi.com.br\/wp-content\/uploads\/2024\/04\/WhatsApp-Image-2023-12-09-at-13.55.44.jpeg?fit=1024%2C576&ssl=1&resize=350%2C200","width":350,"height":200,"srcset":"https:\/\/i0.wp.com\/ismaelcolosi.com.br\/wp-content\/uploads\/2024\/04\/WhatsApp-Image-2023-12-09-at-13.55.44.jpeg?fit=1024%2C576&ssl=1&resize=350%2C200 1x, https:\/\/i0.wp.com\/ismaelcolosi.com.br\/wp-content\/uploads\/2024\/04\/WhatsApp-Image-2023-12-09-at-13.55.44.jpeg?fit=1024%2C576&ssl=1&resize=525%2C300 1.5x, https:\/\/i0.wp.com\/ismaelcolosi.com.br\/wp-content\/uploads\/2024\/04\/WhatsApp-Image-2023-12-09-at-13.55.44.jpeg?fit=1024%2C576&ssl=1&resize=700%2C400 2x"},"classes":[]},{"id":68674,"url":"https:\/\/ismaelcolosi.com.br\/index.php\/2024\/10\/01\/mp-denuncia-duas-pessoas-por-morte-de-jovem-em-ribeirao-preto\/","url_meta":{"origin":47895,"position":4},"title":"MP denuncia duas pessoas por morte de jovem em Ribeir\u00e3o Preto","author":"ismaelcolosi.com.br","date":"1 de October de 2024","format":false,"excerpt":"O Minist\u00e9rio P\u00fablico denunciou duas pessoas pela morte de Ana J\u00falia dos Santos Borsoi Pereira, de 19 anos, v\u00edtima de um disparo de arma de fogo dentro do apartamento que morava, em Ribeir\u00e3o Preto, no dia 27 de abril de 2024. O primeiro acusado \u00e9 Matheus Augusto Pinto, marido da\u2026","rel":"","context":"In &quot;Not\u00edcias de Ribeir\u00e3o Preto-SP e Regi\u00e3o&quot;","block_context":{"text":"Not\u00edcias de Ribeir\u00e3o Preto-SP e Regi\u00e3o","link":"https:\/\/ismaelcolosi.com.br\/index.php\/category\/noticias-de-ribeirao-preto-sp-e-regiao-ismael-colosi\/"},"img":{"alt_text":"","src":"https:\/\/i0.wp.com\/ismaelcolosi.com.br\/wp-content\/uploads\/2024\/04\/Copia-de-Copia-de-TAMANHO-EXATO-PARA-FOTOS-NO-SISTEMA-NOVO-23-1_2024-04-29_23-57-41_jpg.webp.webp?fit=1200%2C675&ssl=1&resize=350%2C200","width":350,"height":200,"srcset":"https:\/\/i0.wp.com\/ismaelcolosi.com.br\/wp-content\/uploads\/2024\/04\/Copia-de-Copia-de-TAMANHO-EXATO-PARA-FOTOS-NO-SISTEMA-NOVO-23-1_2024-04-29_23-57-41_jpg.webp.webp?fit=1200%2C675&ssl=1&resize=350%2C200 1x, https:\/\/i0.wp.com\/ismaelcolosi.com.br\/wp-content\/uploads\/2024\/04\/Copia-de-Copia-de-TAMANHO-EXATO-PARA-FOTOS-NO-SISTEMA-NOVO-23-1_2024-04-29_23-57-41_jpg.webp.webp?fit=1200%2C675&ssl=1&resize=525%2C300 1.5x, https:\/\/i0.wp.com\/ismaelcolosi.com.br\/wp-content\/uploads\/2024\/04\/Copia-de-Copia-de-TAMANHO-EXATO-PARA-FOTOS-NO-SISTEMA-NOVO-23-1_2024-04-29_23-57-41_jpg.webp.webp?fit=1200%2C675&ssl=1&resize=700%2C400 2x, https:\/\/i0.wp.com\/ismaelcolosi.com.br\/wp-content\/uploads\/2024\/04\/Copia-de-Copia-de-TAMANHO-EXATO-PARA-FOTOS-NO-SISTEMA-NOVO-23-1_2024-04-29_23-57-41_jpg.webp.webp?fit=1200%2C675&ssl=1&resize=1050%2C600 3x"},"classes":[]},{"id":76194,"url":"https:\/\/ismaelcolosi.com.br\/index.php\/2024\/11\/11\/mulher-e-vitima-de-feminicidio-na-regiao\/","url_meta":{"origin":47895,"position":5},"title":"Mulher \u00e9 v\u00edtima de feminic\u00eddio na regi\u00e3o","author":"ismaelcolosi.com.br","date":"11 de November de 2024","format":false,"excerpt":"Por: Adalberto Luque Uma mulher morreu, na madrugada deste domingo (10), ap\u00f3s ser atingida com mais de 20 facadas. O crime ocorreu na Avenida Ot\u00e1vio Rangel, em Guariba, regi\u00e3o metropolitana de Ribeir\u00e3o Preto. Segundo informa\u00e7\u00f5es, \u00c9lida Renata Benedito de Oliveira Abreu, de 39 anos, estava em sua resid\u00eancia, quando a\u2026","rel":"","context":"In &quot;Not\u00edcias de Ribeir\u00e3o Preto-SP e Regi\u00e3o&quot;","block_context":{"text":"Not\u00edcias de Ribeir\u00e3o Preto-SP e Regi\u00e3o","link":"https:\/\/ismaelcolosi.com.br\/index.php\/category\/noticias-de-ribeirao-preto-sp-e-regiao-ismael-colosi\/"},"img":{"alt_text":"","src":"https:\/\/i0.wp.com\/ismaelcolosi.com.br\/wp-content\/uploads\/2024\/11\/11nov2024-feminicidioguariba-scaled.jpg?fit=800%2C494&ssl=1&resize=350%2C200","width":350,"height":200,"srcset":"https:\/\/i0.wp.com\/ismaelcolosi.com.br\/wp-content\/uploads\/2024\/11\/11nov2024-feminicidioguariba-scaled.jpg?fit=800%2C494&ssl=1&resize=350%2C200 1x, https:\/\/i0.wp.com\/ismaelcolosi.com.br\/wp-content\/uploads\/2024\/11\/11nov2024-feminicidioguariba-scaled.jpg?fit=800%2C494&ssl=1&resize=525%2C300 1.5x, https:\/\/i0.wp.com\/ismaelcolosi.com.br\/wp-content\/uploads\/2024\/11\/11nov2024-feminicidioguariba-scaled.jpg?fit=800%2C494&ssl=1&resize=700%2C400 2x"},"classes":[]}],"jetpack_sharing_enabled":true,"jetpack_shortlink":"https:\/\/wp.me\/pfMlyK-csv","_links":{"self":[{"href":"https:\/\/ismaelcolosi.com.br\/index.php\/wp-json\/wp\/v2\/posts\/47895","targetHints":{"allow":["GET"]}}],"collection":[{"href":"https:\/\/ismaelcolosi.com.br\/index.php\/wp-json\/wp\/v2\/posts"}],"about":[{"href":"https:\/\/ismaelcolosi.com.br\/index.php\/wp-json\/wp\/v2\/types\/post"}],"author":[{"embeddable":true,"href":"https:\/\/ismaelcolosi.com.br\/index.php\/wp-json\/wp\/v2\/users\/1"}],"replies":[{"embeddable":true,"href":"https:\/\/ismaelcolosi.com.br\/index.php\/wp-json\/wp\/v2\/comments?post=47895"}],"version-history":[{"count":0,"href":"https:\/\/ismaelcolosi.com.br\/index.php\/wp-json\/wp\/v2\/posts\/47895\/revisions"}],"wp:featuredmedia":[{"embeddable":true,"href":"https:\/\/ismaelcolosi.com.br\/index.php\/wp-json\/wp\/v2\/media\/47896"}],"wp:attachment":[{"href":"https:\/\/ismaelcolosi.com.br\/index.php\/wp-json\/wp\/v2\/media?parent=47895"}],"wp:term":[{"taxonomy":"category","embeddable":true,"href":"https:\/\/ismaelcolosi.com.br\/index.php\/wp-json\/wp\/v2\/categories?post=47895"},{"taxonomy":"post_tag","embeddable":true,"href":"https:\/\/ismaelcolosi.com.br\/index.php\/wp-json\/wp\/v2\/tags?post=47895"}],"curies":[{"name":"wp","href":"https:\/\/api.w.org\/{rel}","templated":true}]}}