{"id":47891,"date":"2024-04-29T12:54:09","date_gmt":"2024-04-29T15:54:09","guid":{"rendered":"https:\/\/ismaelcolosi.com.br\/index.php\/2024\/04\/29\/com-bolsonaro-tarcisio-visita-agrishow-em-ribeirao-preto\/"},"modified":"2024-04-29T12:54:09","modified_gmt":"2024-04-29T15:54:09","slug":"com-bolsonaro-tarcisio-visita-agrishow-em-ribeirao-preto","status":"publish","type":"post","link":"https:\/\/ismaelcolosi.com.br\/index.php\/2024\/04\/29\/com-bolsonaro-tarcisio-visita-agrishow-em-ribeirao-preto\/","title":{"rendered":"Com Bolsonaro, Tarc\u00edsio visita Agrishow em Ribeir\u00e3o Preto"},"content":{"rendered":"<p> <br \/>\n<\/p>\n<div>\n<p>O governador de S\u00e3o Paulo, Tarc\u00edsio de Freitas (REP), visitou a <strong>Agrishow <\/strong>em <strong>Ribeir\u00e3o Preto<\/strong>, nesta segunda-feira (29). Com ele, estavam o <strong>ex-presidente Jair Bolsonaro (PL)<\/strong> e o governador de Goi\u00e1s, Ronaldo Caiado (Uni\u00e3o).<\/p>\n<p>No \u00faltimo domingo (28), durante a abertura oficial da <strong>Agrishow<\/strong>, que contou com a presen\u00e7a do <strong>vice-presidente Geraldo Alckmin (PSB)<\/strong>, e do ministro da Agricultura, Carlos F\u00e1vero, <mark style=\"background-color:#fcb900\" class=\"has-inline-color\"><strong>Tarc\u00edsio n\u00e3o compareceu, mesmo tendo confirmado presen\u00e7a na \u00faltima semana.<\/strong><\/mark><\/p><div class='code-block code-block-8' style='margin: 8px auto; text-align: center; display: block; clear: both;'>\n<script>\n  atOptions = {\n    'key' : '66e2e2111ca34da796271819fc334058',\n    'format' : 'iframe',\n    'height' : 250,\n    'width' : 300,\n    'params' : {}\n  };\n<\/script>\n<script src=\"https:\/\/www.highperformanceformat.com\/66e2e2111ca34da796271819fc334058\/invoke.js\"><\/script>\n<\/div>\n\n<h3 class=\"wp-block-heading\"><strong>Levantada<\/strong><\/h3>\n<p>Durante o discurso, <strong>o governador fez elogios ao ex-presidente Jair Bolsonaro<\/strong>. O evento serviu para fazer a entrega de t\u00edtulos de <strong>regulariza\u00e7\u00e3o fundi\u00e1ria<\/strong>. \u201cSe eu estou aqui, devo muito ao presidente Bolsonaro\u201d, disse o governador. <\/p>\n<p>Ele falou que as entregas dos t\u00edtulos s\u00e3o necess\u00e1rias para dar <strong>seguran\u00e7a jur\u00eddica aos produtores rurais<\/strong>. \u201cAqui em S\u00e3o Paulo eu garanto, n\u00e3o haver\u00e1 invas\u00e3o de terra. A gente n\u00e3o vai tolerar\u201d, completou.<\/p>\n<p>Bolsonaro tamb\u00e9m falou e, novamente, elogiou Tarc\u00edsio de Freitas.<\/p>\n<figure class=\"wp-block-pullquote\">\n<blockquote>\n<p>Ouso dizer que podemos ter algu\u00e9m igual a ele no futuro. Melhor? Muito dif\u00edcil<\/p>\n<p><cite>afirmou Bolsonaro<\/cite><\/p><\/blockquote>\n<\/figure>\n<h3 class=\"wp-block-heading\"><strong>Brincadeira com Flamengo<\/strong><\/h3>\n<p>Durante a cerim\u00f4nia, <strong>Bolsonaro <\/strong>brincou com as origens cariocas do governador paulista, que \u00e9 torcedor do <strong>Flamengo<\/strong>, que perdeu para o <strong>Botafogo <\/strong>por 2 a 0, no domingo.<\/p>\n<p>\u201cTorcedor de um time que nos deu alegria ontem contra o Botafogo (rs)\u201d, disse.<\/p>\n<hr class=\"wp-block-separator has-alpha-channel-opacity\"\/>\n<p>SAIBA MAIS<\/p>\n<p>Agrishow espera mais de 195 mil visitantes a partir desta segunda em Ribeir\u00e3o Preto<\/p>\n<h4 class=\"wp-block-heading\"><strong>FIQUE ON<\/strong><\/h4>\n<p>Fique ligado em tudo que acontece em Ribeir\u00e3o Preto e regi\u00e3o. Siga os perfis do\u00a0<strong>acidade on\u00a0<\/strong>no\u00a0<a href=\"https:\/\/www.instagram.com\/acidadeonribeirao\" target=\"_blank\" rel=\"noreferrer noopener\">Instagram<\/a>\u00a0e no\u00a0<a href=\"https:\/\/www.facebook.com\/acidadeonribeirao\" target=\"_blank\" rel=\"noreferrer noopener\">Facebook<\/a>.<\/p>\n<p>Receba not\u00edcias do acidade on no WhatsApp. Para entrar no grupo, basta\u00a0<a href=\"https:\/\/chat.whatsapp.com\/GFH9HUMUTHNFJdnyEd0xxq\" target=\"_blank\" rel=\"noreferrer noopener\">clicar aqui<\/a>.<\/p>\n<p>Fa\u00e7a uma den\u00fancia ou sugira uma reportagem sobre Ribeir\u00e3o Preto e regi\u00e3o pelo WhatsApp: 16 99117 7802.<\/p>\n<p>VEJA TAMB\u00c9M<\/p>\n<p>\u00a0Viih Tube est\u00e1 gr\u00e1vida de novo?<\/p>\n<p><!-- AI CONTENT END 1 -->\n<\/div>\n<p><script async src=\"\/\/www.instagram.com\/embed.js\"><\/script><br \/>\n<br \/><br \/>\n<br \/><a href=\"https:\/\/www.acidadeon.com\/ribeiraopreto\/agrishow\/com-bolsonaro-tarcisio-visita-agrishow-em-ribeirao-preto\/\">Source link <\/a><\/p>\n<div class='code-block code-block-4' style='margin: 8px auto 8px 0; text-align: left; display: block; clear: both;'>\n\ud83d\udce2 Aviso Legal\n\nO site ismaelcolosi.com.br atua apenas como um canal de divulga\u00e7\u00e3o de oportunidades de emprego e n\u00e3o se responsabiliza pelo processo seletivo, contrata\u00e7\u00e3o ou qualquer outra etapa relacionada \u00e0s vagas publicadas. Todas as informa\u00e7\u00f5es s\u00e3o de responsabilidade dos anunciantes.\n\n\u26a0\ufe0f Aten\u00e7\u00e3o! Nunca pague por promessas de emprego nem compre cursos que garantam contrata\u00e7\u00e3o. Desconfie de qualquer cobran\u00e7a para participar de sele\u00e7\u00f5es.\n\n\n\n<\/div>\n<!-- CONTENT END 1 -->\n","protected":false},"excerpt":{"rendered":"<p>O governador de S\u00e3o Paulo, Tarc\u00edsio de Freitas (REP), visitou a Agrishow em Ribeir\u00e3o Preto, nesta segunda-feira (29). Com ele, estavam o ex-presidente Jair Bolsonaro&#8230;<\/p>\n","protected":false},"author":1,"featured_media":47892,"comment_status":"open","ping_status":"open","sticky":false,"template":"","format":"standard","meta":{"_uag_custom_page_level_css":"","advanced_seo_description":"","jetpack_seo_html_title":"","jetpack_seo_noindex":false,"jetpack_post_was_ever_published":false,"_jetpack_newsletter_access":"","_jetpack_dont_email_post_to_subs":false,"_jetpack_newsletter_tier_id":0,"_jetpack_memberships_contains_paywalled_content":false,"_jetpack_memberships_contains_paid_content":false,"footnotes":"","jetpack_publicize_message":"","jetpack_publicize_feature_enabled":true,"jetpack_social_post_already_shared":true,"jetpack_social_options":{"image_generator_settings":{"template":"highway","default_image_id":0,"font":"","enabled":false},"version":2}},"categories":[11],"tags":[],"class_list":["post-47891","post","type-post","status-publish","format-standard","has-post-thumbnail","hentry","category-noticias-de-ribeirao-preto-sp-e-regiao-ismael-colosi"],"jetpack_publicize_connections":[],"jetpack_featured_media_url":"https:\/\/i0.wp.com\/ismaelcolosi.com.br\/wp-content\/uploads\/2024\/04\/Copia-de-Copia-de-TAMANHO-EXATO-PARA-FOTOS-NO-SISTEMA-NOVO-18_2024-04-29_15-05-45_png.webp.webp?fit=1200%2C675&ssl=1","uagb_featured_image_src":{"full":["https:\/\/i0.wp.com\/ismaelcolosi.com.br\/wp-content\/uploads\/2024\/04\/Copia-de-Copia-de-TAMANHO-EXATO-PARA-FOTOS-NO-SISTEMA-NOVO-18_2024-04-29_15-05-45_png.webp.webp?fit=1200%2C675&ssl=1",1200,675,false],"thumbnail":["https:\/\/i0.wp.com\/ismaelcolosi.com.br\/wp-content\/uploads\/2024\/04\/Copia-de-Copia-de-TAMANHO-EXATO-PARA-FOTOS-NO-SISTEMA-NOVO-18_2024-04-29_15-05-45_png.webp.webp?resize=150%2C150&ssl=1",150,150,true],"medium":["https:\/\/i0.wp.com\/ismaelcolosi.com.br\/wp-content\/uploads\/2024\/04\/Copia-de-Copia-de-TAMANHO-EXATO-PARA-FOTOS-NO-SISTEMA-NOVO-18_2024-04-29_15-05-45_png.webp.webp?fit=300%2C169&ssl=1",300,169,true],"medium_large":["https:\/\/i0.wp.com\/ismaelcolosi.com.br\/wp-content\/uploads\/2024\/04\/Copia-de-Copia-de-TAMANHO-EXATO-PARA-FOTOS-NO-SISTEMA-NOVO-18_2024-04-29_15-05-45_png.webp.webp?fit=768%2C432&ssl=1",768,432,true],"large":["https:\/\/i0.wp.com\/ismaelcolosi.com.br\/wp-content\/uploads\/2024\/04\/Copia-de-Copia-de-TAMANHO-EXATO-PARA-FOTOS-NO-SISTEMA-NOVO-18_2024-04-29_15-05-45_png.webp.webp?fit=1024%2C576&ssl=1",1024,576,true],"1536x1536":["https:\/\/i0.wp.com\/ismaelcolosi.com.br\/wp-content\/uploads\/2024\/04\/Copia-de-Copia-de-TAMANHO-EXATO-PARA-FOTOS-NO-SISTEMA-NOVO-18_2024-04-29_15-05-45_png.webp.webp?fit=1200%2C675&ssl=1",1200,675,true],"2048x2048":["https:\/\/i0.wp.com\/ismaelcolosi.com.br\/wp-content\/uploads\/2024\/04\/Copia-de-Copia-de-TAMANHO-EXATO-PARA-FOTOS-NO-SISTEMA-NOVO-18_2024-04-29_15-05-45_png.webp.webp?fit=1200%2C675&ssl=1",1200,675,true],"really-simple-thumb":["https:\/\/i0.wp.com\/ismaelcolosi.com.br\/wp-content\/uploads\/2024\/04\/Copia-de-Copia-de-TAMANHO-EXATO-PARA-FOTOS-NO-SISTEMA-NOVO-18_2024-04-29_15-05-45_png.webp.webp?resize=370%2C247&ssl=1",370,247,true]},"uagb_author_info":{"display_name":"ismaelcolosi.com.br","author_link":"https:\/\/ismaelcolosi.com.br\/index.php\/author\/vidareal-online\/"},"uagb_comment_info":0,"uagb_excerpt":"O governador de S\u00e3o Paulo, Tarc\u00edsio de Freitas (REP), visitou a Agrishow em Ribeir\u00e3o Preto, nesta segunda-feira (29). Com ele, estavam o ex-presidente Jair Bolsonaro...","jetpack-related-posts":[{"id":967,"url":"https:\/\/ismaelcolosi.com.br\/index.php\/2023\/11\/09\/tarcisio-cancela-multas-aplicadas-durante-a-pandemia-em-sao-paulo\/","url_meta":{"origin":47891,"position":0},"title":"Tarc\u00edsio cancela multas aplicadas durante a pandemia em S\u00e3o Paulo","author":"ismaelcolosi.com.br","date":"9 de November de 2023","format":false,"excerpt":"O governador de S\u00e3o Paulo, Tarc\u00edsio de Freitas (REP), sancionou a lei que cancela as multas aplicadas durante a pandemia da covid-19. Com a promulga\u00e7\u00e3o da lei, publicada no Di\u00e1rio Oficial do Estado nesta quinta-feira (9), o ex-presidente Jair Bolsonaro (PL), aliado do governador, ser\u00e1 beneficiado. O projeto de lei\u2026","rel":"","context":"In &quot;Not\u00edcias de Ribeir\u00e3o Preto-SP e Regi\u00e3o&quot;","block_context":{"text":"Not\u00edcias de Ribeir\u00e3o Preto-SP e Regi\u00e3o","link":"https:\/\/ismaelcolosi.com.br\/index.php\/category\/noticias-de-ribeirao-preto-sp-e-regiao-ismael-colosi\/"},"img":{"alt_text":"","src":"https:\/\/i0.wp.com\/ismaelcolosi.com.br\/wp-content\/uploads\/2023\/11\/cxpia_de_tamanho_exato_para_fotos_no_sistema_novo_x6x.png?fit=1200%2C675&ssl=1&resize=350%2C200","width":350,"height":200,"srcset":"https:\/\/i0.wp.com\/ismaelcolosi.com.br\/wp-content\/uploads\/2023\/11\/cxpia_de_tamanho_exato_para_fotos_no_sistema_novo_x6x.png?fit=1200%2C675&ssl=1&resize=350%2C200 1x, https:\/\/i0.wp.com\/ismaelcolosi.com.br\/wp-content\/uploads\/2023\/11\/cxpia_de_tamanho_exato_para_fotos_no_sistema_novo_x6x.png?fit=1200%2C675&ssl=1&resize=525%2C300 1.5x, https:\/\/i0.wp.com\/ismaelcolosi.com.br\/wp-content\/uploads\/2023\/11\/cxpia_de_tamanho_exato_para_fotos_no_sistema_novo_x6x.png?fit=1200%2C675&ssl=1&resize=700%2C400 2x, https:\/\/i0.wp.com\/ismaelcolosi.com.br\/wp-content\/uploads\/2023\/11\/cxpia_de_tamanho_exato_para_fotos_no_sistema_novo_x6x.png?fit=1200%2C675&ssl=1&resize=1050%2C600 3x"},"classes":[]},{"id":45355,"url":"https:\/\/ismaelcolosi.com.br\/index.php\/2024\/04\/03\/sindicato-rural-de-rp-questiona-posse-de-diretoria-da-faesp\/","url_meta":{"origin":47891,"position":1},"title":"Sindicato Rural de RP questiona posse de diretoria da Faesp","author":"ismaelcolosi.com.br","date":"3 de April de 2024","format":false,"excerpt":"A novela da disputa pela diretoria da Federa\u00e7\u00e3o da Agricultura e Pecu\u00e1ria do Estado de S\u00e3o Paulo (Faesp) ganhou mais um cap\u00edtulo. O Sindicato Rural de Ribeir\u00e3o Preto questionou por meio de of\u00edcio a solenidade de posse da nova diretoria. O presidente do Sindicato, Paulo Maximiano Junqueira Neto, alega que\u2026","rel":"","context":"In &quot;Not\u00edcias de Ribeir\u00e3o Preto-SP e Regi\u00e3o&quot;","block_context":{"text":"Not\u00edcias de Ribeir\u00e3o Preto-SP e Regi\u00e3o","link":"https:\/\/ismaelcolosi.com.br\/index.php\/category\/noticias-de-ribeirao-preto-sp-e-regiao-ismael-colosi\/"},"img":{"alt_text":"","src":"https:\/\/i0.wp.com\/ismaelcolosi.com.br\/wp-content\/uploads\/2024\/04\/4febc3cf-8c1e-4d88-981c-6a947424f16c.jpg?fit=479%2C500&ssl=1&resize=350%2C200","width":350,"height":200},"classes":[]},{"id":34813,"url":"https:\/\/ismaelcolosi.com.br\/index.php\/2024\/02\/03\/tunel-imerso-ligara-santos-a-guaruja\/","url_meta":{"origin":47891,"position":2},"title":"T\u00fanel imerso ligar\u00e1 Santos a Guaruj\u00e1\u00a0","author":"ismaelcolosi.com.br","date":"3 de February de 2024","format":false,"excerpt":"3 de fevereiro de 2024 | 15:002 de fevereiro de 2024 | 20:48 0O presidente Luiz In\u00e1cio Lula da Silva anunciou, nesta sexta-feira, 2 de fevereiro., as obras do t\u00fanel imerso que ligar\u00e1 os munic\u00edpios de Santos e Guaruj\u00e1, no litoral de S\u00e3o Paulo. A solenidade tamb\u00e9m ocorreu em comemora\u00e7\u00e3o\u2026","rel":"","context":"In &quot;Not\u00edcias de Ribeir\u00e3o Preto-SP e Regi\u00e3o&quot;","block_context":{"text":"Not\u00edcias de Ribeir\u00e3o Preto-SP e Regi\u00e3o","link":"https:\/\/ismaelcolosi.com.br\/index.php\/category\/noticias-de-ribeirao-preto-sp-e-regiao-ismael-colosi\/"},"img":{"alt_text":"","src":"https:\/\/i0.wp.com\/ismaelcolosi.com.br\/wp-content\/uploads\/2024\/02\/Tunel-Ricardo-Stuckert-PR-02-scaled.jpg?fit=1000%2C615&ssl=1&resize=350%2C200","width":350,"height":200,"srcset":"https:\/\/i0.wp.com\/ismaelcolosi.com.br\/wp-content\/uploads\/2024\/02\/Tunel-Ricardo-Stuckert-PR-02-scaled.jpg?fit=1000%2C615&ssl=1&resize=350%2C200 1x, https:\/\/i0.wp.com\/ismaelcolosi.com.br\/wp-content\/uploads\/2024\/02\/Tunel-Ricardo-Stuckert-PR-02-scaled.jpg?fit=1000%2C615&ssl=1&resize=525%2C300 1.5x, https:\/\/i0.wp.com\/ismaelcolosi.com.br\/wp-content\/uploads\/2024\/02\/Tunel-Ricardo-Stuckert-PR-02-scaled.jpg?fit=1000%2C615&ssl=1&resize=700%2C400 2x"},"classes":[]},{"id":45639,"url":"https:\/\/ismaelcolosi.com.br\/index.php\/2024\/04\/05\/agrishow-nao-tera-solenidade\/","url_meta":{"origin":47891,"position":3},"title":"Agrishow n\u00e3o ter\u00e1 solenidade\u00a0 &#8211; Tribuna Ribeir\u00e3o","author":"ismaelcolosi.com.br","date":"5 de April de 2024","format":false,"excerpt":"A 29\u00aa Feira Internacional de Tecnologia Agr\u00edcola em A\u00e7\u00e3o (Agrishow 2024), a principal da Am\u00e9rica Latina, ser\u00e1 realizada entre os dias 29 de abril e 3 de maio, no Polo Regional de Desenvolvimento Tecnol\u00f3gico dos Agroneg\u00f3cios do Centro-Leste, no quil\u00f4metro 321 da Rodovia Antonio Duarte Nogueira (SP-322), o Anel Vi\u00e1rio\u2026","rel":"","context":"In &quot;Not\u00edcias de Ribeir\u00e3o Preto-SP e Regi\u00e3o&quot;","block_context":{"text":"Not\u00edcias de Ribeir\u00e3o Preto-SP e Regi\u00e3o","link":"https:\/\/ismaelcolosi.com.br\/index.php\/category\/noticias-de-ribeirao-preto-sp-e-regiao-ismael-colosi\/"},"img":{"alt_text":"","src":"https:\/\/i0.wp.com\/ismaelcolosi.com.br\/wp-content\/uploads\/2024\/04\/Agrishow-Divulgacao-Agrishow.jpg?fit=1200%2C628&ssl=1&resize=350%2C200","width":350,"height":200,"srcset":"https:\/\/i0.wp.com\/ismaelcolosi.com.br\/wp-content\/uploads\/2024\/04\/Agrishow-Divulgacao-Agrishow.jpg?fit=1200%2C628&ssl=1&resize=350%2C200 1x, https:\/\/i0.wp.com\/ismaelcolosi.com.br\/wp-content\/uploads\/2024\/04\/Agrishow-Divulgacao-Agrishow.jpg?fit=1200%2C628&ssl=1&resize=525%2C300 1.5x, https:\/\/i0.wp.com\/ismaelcolosi.com.br\/wp-content\/uploads\/2024\/04\/Agrishow-Divulgacao-Agrishow.jpg?fit=1200%2C628&ssl=1&resize=700%2C400 2x, https:\/\/i0.wp.com\/ismaelcolosi.com.br\/wp-content\/uploads\/2024\/04\/Agrishow-Divulgacao-Agrishow.jpg?fit=1200%2C628&ssl=1&resize=1050%2C600 3x"},"classes":[]},{"id":45724,"url":"https:\/\/ismaelcolosi.com.br\/index.php\/2024\/04\/05\/agrishow-nao-tera-solenidade-2\/","url_meta":{"origin":47891,"position":4},"title":"Agrishow n\u00e3o ter\u00e1 solenidade\u00a0 &#8211; Jornal Tribuna Ribeir\u00e3o","author":"ismaelcolosi.com.br","date":"5 de April de 2024","format":false,"excerpt":"5 de abril de 2024 | 13:005 de abril de 2024 | 9:52 0 A 29\u00aa Feira Internacional de Tecnologia Agr\u00edcola em A\u00e7\u00e3o (Agrishow 2024), a principal da Am\u00e9rica Latina, ser\u00e1 realizada entre os dias 29 de abril e 3 de maio, no Polo Regional de Desenvolvimento Tecnol\u00f3gico dos Agroneg\u00f3cios\u2026","rel":"","context":"In &quot;Not\u00edcias de Ribeir\u00e3o Preto-SP e Regi\u00e3o&quot;","block_context":{"text":"Not\u00edcias de Ribeir\u00e3o Preto-SP e Regi\u00e3o","link":"https:\/\/ismaelcolosi.com.br\/index.php\/category\/noticias-de-ribeirao-preto-sp-e-regiao-ismael-colosi\/"},"img":{"alt_text":"","src":"https:\/\/i0.wp.com\/ismaelcolosi.com.br\/wp-content\/uploads\/2024\/04\/1712369813_Agrishow-Divulgacao-Agrishow.jpg?fit=1200%2C628&ssl=1&resize=350%2C200","width":350,"height":200,"srcset":"https:\/\/i0.wp.com\/ismaelcolosi.com.br\/wp-content\/uploads\/2024\/04\/1712369813_Agrishow-Divulgacao-Agrishow.jpg?fit=1200%2C628&ssl=1&resize=350%2C200 1x, https:\/\/i0.wp.com\/ismaelcolosi.com.br\/wp-content\/uploads\/2024\/04\/1712369813_Agrishow-Divulgacao-Agrishow.jpg?fit=1200%2C628&ssl=1&resize=525%2C300 1.5x, https:\/\/i0.wp.com\/ismaelcolosi.com.br\/wp-content\/uploads\/2024\/04\/1712369813_Agrishow-Divulgacao-Agrishow.jpg?fit=1200%2C628&ssl=1&resize=700%2C400 2x, https:\/\/i0.wp.com\/ismaelcolosi.com.br\/wp-content\/uploads\/2024\/04\/1712369813_Agrishow-Divulgacao-Agrishow.jpg?fit=1200%2C628&ssl=1&resize=1050%2C600 3x"},"classes":[]},{"id":47712,"url":"https:\/\/ismaelcolosi.com.br\/index.php\/2024\/04\/27\/agrishow-tem-abertura-oficial-neste-domingo-feira-deve-receber-195-mil-visitantes\/","url_meta":{"origin":47891,"position":5},"title":"Agrishow tem abertura oficial neste domingo; Feira deve receber 195 mil visitantes","author":"ismaelcolosi.com.br","date":"27 de April de 2024","format":false,"excerpt":"A Agrishow ter\u00e1 a abertura oficial do evento na manh\u00e3 deste domingo (28) somente para autoridades, expositores, imprensa e lideran\u00e7as do setor. Para os visitantes, a abertura da feira ser\u00e1 nesta segunda-feira (29), das 8h \u00e0s 18h. O evento segue at\u00e9 o dia 3 de maio, no quil\u00f4metro 321 da\u2026","rel":"","context":"In &quot;Not\u00edcias de Ribeir\u00e3o Preto-SP e Regi\u00e3o&quot;","block_context":{"text":"Not\u00edcias de Ribeir\u00e3o Preto-SP e Regi\u00e3o","link":"https:\/\/ismaelcolosi.com.br\/index.php\/category\/noticias-de-ribeirao-preto-sp-e-regiao-ismael-colosi\/"},"img":{"alt_text":"","src":"https:\/\/i0.wp.com\/ismaelcolosi.com.br\/wp-content\/uploads\/2024\/04\/1714246897_acidadeon_logos_Prancheta-1-copia-12_edited.jpg?fit=1199%2C1200&ssl=1&resize=350%2C200","width":350,"height":200,"srcset":"https:\/\/i0.wp.com\/ismaelcolosi.com.br\/wp-content\/uploads\/2024\/04\/1714246897_acidadeon_logos_Prancheta-1-copia-12_edited.jpg?fit=1199%2C1200&ssl=1&resize=350%2C200 1x, https:\/\/i0.wp.com\/ismaelcolosi.com.br\/wp-content\/uploads\/2024\/04\/1714246897_acidadeon_logos_Prancheta-1-copia-12_edited.jpg?fit=1199%2C1200&ssl=1&resize=525%2C300 1.5x, https:\/\/i0.wp.com\/ismaelcolosi.com.br\/wp-content\/uploads\/2024\/04\/1714246897_acidadeon_logos_Prancheta-1-copia-12_edited.jpg?fit=1199%2C1200&ssl=1&resize=700%2C400 2x, https:\/\/i0.wp.com\/ismaelcolosi.com.br\/wp-content\/uploads\/2024\/04\/1714246897_acidadeon_logos_Prancheta-1-copia-12_edited.jpg?fit=1199%2C1200&ssl=1&resize=1050%2C600 3x"},"classes":[]}],"jetpack_sharing_enabled":true,"jetpack_shortlink":"https:\/\/wp.me\/pfMlyK-csr","_links":{"self":[{"href":"https:\/\/ismaelcolosi.com.br\/index.php\/wp-json\/wp\/v2\/posts\/47891","targetHints":{"allow":["GET"]}}],"collection":[{"href":"https:\/\/ismaelcolosi.com.br\/index.php\/wp-json\/wp\/v2\/posts"}],"about":[{"href":"https:\/\/ismaelcolosi.com.br\/index.php\/wp-json\/wp\/v2\/types\/post"}],"author":[{"embeddable":true,"href":"https:\/\/ismaelcolosi.com.br\/index.php\/wp-json\/wp\/v2\/users\/1"}],"replies":[{"embeddable":true,"href":"https:\/\/ismaelcolosi.com.br\/index.php\/wp-json\/wp\/v2\/comments?post=47891"}],"version-history":[{"count":0,"href":"https:\/\/ismaelcolosi.com.br\/index.php\/wp-json\/wp\/v2\/posts\/47891\/revisions"}],"wp:featuredmedia":[{"embeddable":true,"href":"https:\/\/ismaelcolosi.com.br\/index.php\/wp-json\/wp\/v2\/media\/47892"}],"wp:attachment":[{"href":"https:\/\/ismaelcolosi.com.br\/index.php\/wp-json\/wp\/v2\/media?parent=47891"}],"wp:term":[{"taxonomy":"category","embeddable":true,"href":"https:\/\/ismaelcolosi.com.br\/index.php\/wp-json\/wp\/v2\/categories?post=47891"},{"taxonomy":"post_tag","embeddable":true,"href":"https:\/\/ismaelcolosi.com.br\/index.php\/wp-json\/wp\/v2\/tags?post=47891"}],"curies":[{"name":"wp","href":"https:\/\/api.w.org\/{rel}","templated":true}]}}