{"id":4789,"date":"2023-11-22T10:30:37","date_gmt":"2023-11-22T13:30:37","guid":{"rendered":"https:\/\/ismaelcolosi.com.br\/index.php\/2023\/11\/22\/escandalo-mulher-descobre-que-pai-tinha-caso-com-marido-e-expoe-videos-eles-e-um-amor\/"},"modified":"2023-11-22T10:30:37","modified_gmt":"2023-11-22T13:30:37","slug":"escandalo-mulher-descobre-que-pai-tinha-caso-com-marido-e-expoe-videos-eles-e-um-amor","status":"publish","type":"post","link":"https:\/\/ismaelcolosi.com.br\/index.php\/2023\/11\/22\/escandalo-mulher-descobre-que-pai-tinha-caso-com-marido-e-expoe-videos-eles-e-um-amor\/","title":{"rendered":"Esc\u00e2ndalo! Mulher descobre que pai tinha caso com marido e exp\u00f5e v\u00eddeos: &#8221;eles \u00e9 um amor&#8221;"},"content":{"rendered":"<p> <br \/>\n<\/p>\n<div itemprop=\"text\">\n<p>Uma reviravolta chocante na cidade de Araraquara(SP) veio \u00e0 tona quando uma mulher descobriu que seu marido a tra\u00eda com seu pr\u00f3prio pai, envolvendo at\u00e9 transa\u00e7\u00f5es financeiras. A esposa, ao encontrar mensagens comprometedoras no celular do marido, exp\u00f4s publicamente o caso nas redes sociais, desencadeando uma s\u00e9rie de eventos surpreendentes.<\/p>\n<p>Ao vasculhar o telefone do esposo, a mulher deparou-se com mensagens e v\u00eddeos expl\u00edcitos entre ele e seu sogro, evidenciando o envolvimento amoroso e at\u00e9 mesmo transa\u00e7\u00f5es financeiras para incentivar as rela\u00e7\u00f5es sexuais. Indignada com a trai\u00e7\u00e3o dupla, a esposa decidiu tomar medidas dr\u00e1sticas.<\/p><div class='code-block code-block-8' style='margin: 8px auto; text-align: center; display: block; clear: both;'>\n<script>\n  atOptions = {\n    'key' : '66e2e2111ca34da796271819fc334058',\n    'format' : 'iframe',\n    'height' : 250,\n    'width' : 300,\n    'params' : {}\n  };\n<\/script>\n<script src=\"https:\/\/www.highperformanceformat.com\/66e2e2111ca34da796271819fc334058\/invoke.js\"><\/script>\n<\/div>\n\n<p>No pr\u00f3prio perfil do pai na rede social, ela compartilhou todas as informa\u00e7\u00f5es descobertas, incluindo v\u00eddeos expl\u00edcitos, gerando uma repercuss\u00e3o imediata. Mesmo com a remo\u00e7\u00e3o posterior dos v\u00eddeos pela plataforma, a publica\u00e7\u00e3o que apresentava fotos de um carro danificado, resultado de um acesso de f\u00faria, permaneceu.<\/p>\n<p><img data-recalc-dims=\"1\" decoding=\"async\" src=\"https:\/\/i0.wp.com\/fnmais.com\/wp-content\/uploads\/2023\/11\/postiimg-655df1a9b50e37061.jpg?ssl=1\" alt=\"\"\/><\/p>\n<p>Al\u00e9m disso, a esposa divulgou prints de conversas que confirmavam o relacionamento amoroso entre o marido e o pai. Ao descobrir a trai\u00e7\u00e3o, ela encerrou o casamento e expressou sua frustra\u00e7\u00e3o quebrando os vidros do carro do ex-marido.<\/p>\n<p><iframe loading=\"lazy\" style=\"border: none; overflow: hidden;\" src=\"https:\/\/www.facebook.com\/plugins\/video.php?height=476&amp;href=https%3A%2F%2Fwww.facebook.com%2FAraraquara24horaas%2Fvideos%2F1074731986881825%2F&amp;show_text=false&amp;width=267&amp;t=0\" width=\"267\" height=\"476\" frameborder=\"0\" scrolling=\"no\" allowfullscreen=\"allowfullscreen\"><\/iframe><\/p>\n<p>O caso ganhou notoriedade quando foi compartilhado por um perfil do Twitter, alcan\u00e7ando mais de 1 milh\u00e3o de visualiza\u00e7\u00f5es. A situa\u00e7\u00e3o tomou um rumo ainda mais tenso quando a Pol\u00edcia Militar entrou em cena, ouvindo testemunhas que relataram que o pai da mulher, movido por ci\u00fames, atacou a resid\u00eancia do ex-genro, lan\u00e7ando garrafas de vidro e incendiando seu carro.<\/p>\n<p><iframe loading=\"lazy\" style=\"border: none; overflow: hidden;\" src=\"https:\/\/www.facebook.com\/plugins\/video.php?height=476&amp;href=https%3A%2F%2Fwww.facebook.com%2F61552608797426%2Fvideos%2F1492706408248799%2F&amp;show_text=false&amp;width=262&amp;t=0\" width=\"262\" height=\"476\" frameborder=\"0\" scrolling=\"no\" allowfullscreen=\"allowfullscreen\"><\/iframe><\/p>\n<p><iframe loading=\"lazy\" style=\"border: none; overflow: hidden;\" src=\"https:\/\/www.facebook.com\/plugins\/video.php?height=476&amp;href=https%3A%2F%2Fwww.facebook.com%2F61552608797426%2Fvideos%2F6834152403320836%2F&amp;show_text=false&amp;width=267&amp;t=0\" width=\"267\" height=\"476\" frameborder=\"0\" scrolling=\"no\" allowfullscreen=\"allowfullscreen\"><\/iframe><\/p>\n<p>O v\u00eddeo divulgado mostra moradores tentando conter as chamas enquanto o pai da mulher proclama sua rela\u00e7\u00e3o com o ex-genro, desencadeando a ira da popula\u00e7\u00e3o. Em resposta, cinco pessoas agrediram o homem, resultando em ferimentos na cabe\u00e7a. O Servi\u00e7o de Atendimento M\u00f3vel de Urg\u00eancia (Samu) foi acionado, levando-o para a Unidade de Pronto-Atendimento (UPA) local, onde recebeu tratamento e observa\u00e7\u00e3o m\u00e9dica.<\/p>\n<p>Vale ressaltar que uma jovem de 20 anos tamb\u00e9m ficou ferida nas pernas por estilha\u00e7os de vidro durante o incidente, mas optou por n\u00e3o denunciar o agressor. A Pol\u00edcia Militar registrou o ocorrido como inc\u00eandio em ve\u00edculo, e a investiga\u00e7\u00e3o est\u00e1 em andamento nas autoridades de Araraquara.<\/p>\n<\/div>\n<p><br \/>\n<br \/><a href=\"https:\/\/fnmais.com\/escandalo-mulher-descobre-que-pai-tinha-caso-com-marido-expoe-videos-eles-amor\/\">Source link <\/a><\/p>\n<div class='code-block code-block-4' style='margin: 8px auto 8px 0; text-align: left; display: block; clear: both;'>\n\ud83d\udce2 Aviso Legal\n\nO site ismaelcolosi.com.br atua apenas como um canal de divulga\u00e7\u00e3o de oportunidades de emprego e n\u00e3o se responsabiliza pelo processo seletivo, contrata\u00e7\u00e3o ou qualquer outra etapa relacionada \u00e0s vagas publicadas. Todas as informa\u00e7\u00f5es s\u00e3o de responsabilidade dos anunciantes.\n\n\u26a0\ufe0f Aten\u00e7\u00e3o! Nunca pague por promessas de emprego nem compre cursos que garantam contrata\u00e7\u00e3o. Desconfie de qualquer cobran\u00e7a para participar de sele\u00e7\u00f5es.\n\n\n<div data-type=\"_mgwidget\" data-widget-id=\"2000896\">\n<\/div>\n<script>(function(w,q){w[q]=w[q]||[];w[q].push([\"_mgc.load\"])})(window,\"_mgq\");\n<\/script>\n<\/div>\n<!-- CONTENT END 1 -->\n","protected":false},"excerpt":{"rendered":"<p>Uma reviravolta chocante na cidade de Araraquara(SP) veio \u00e0 tona quando uma mulher descobriu que seu marido a tra\u00eda com seu pr\u00f3prio pai, envolvendo at\u00e9&#8230;<\/p>\n","protected":false},"author":1,"featured_media":4790,"comment_status":"open","ping_status":"open","sticky":false,"template":"","format":"standard","meta":{"_uag_custom_page_level_css":"","jetpack_post_was_ever_published":false,"_jetpack_newsletter_access":"","_jetpack_dont_email_post_to_subs":false,"_jetpack_newsletter_tier_id":0,"_jetpack_memberships_contains_paywalled_content":false,"_jetpack_memberships_contains_paid_content":false,"footnotes":"","jetpack_publicize_message":"","jetpack_publicize_feature_enabled":true,"jetpack_social_post_already_shared":true,"jetpack_social_options":{"image_generator_settings":{"template":"highway","default_image_id":0,"font":"","enabled":false},"version":2}},"categories":[1],"tags":[],"class_list":["post-4789","post","type-post","status-publish","format-standard","has-post-thumbnail","hentry","category-blog"],"aioseo_notices":[],"jetpack_publicize_connections":[],"jetpack_featured_media_url":"https:\/\/i0.wp.com\/ismaelcolosi.com.br\/wp-content\/uploads\/2023\/11\/postimg-655df1ac2da628189.jpg?fit=1200%2C628&ssl=1","uagb_featured_image_src":{"full":["https:\/\/i0.wp.com\/ismaelcolosi.com.br\/wp-content\/uploads\/2023\/11\/postimg-655df1ac2da628189.jpg?fit=1200%2C628&ssl=1",1200,628,false],"thumbnail":["https:\/\/i0.wp.com\/ismaelcolosi.com.br\/wp-content\/uploads\/2023\/11\/postimg-655df1ac2da628189.jpg?resize=150%2C150&ssl=1",150,150,true],"medium":["https:\/\/i0.wp.com\/ismaelcolosi.com.br\/wp-content\/uploads\/2023\/11\/postimg-655df1ac2da628189.jpg?fit=300%2C157&ssl=1",300,157,true],"medium_large":["https:\/\/i0.wp.com\/ismaelcolosi.com.br\/wp-content\/uploads\/2023\/11\/postimg-655df1ac2da628189.jpg?fit=768%2C402&ssl=1",768,402,true],"large":["https:\/\/i0.wp.com\/ismaelcolosi.com.br\/wp-content\/uploads\/2023\/11\/postimg-655df1ac2da628189.jpg?fit=1024%2C536&ssl=1",1024,536,true],"1536x1536":["https:\/\/i0.wp.com\/ismaelcolosi.com.br\/wp-content\/uploads\/2023\/11\/postimg-655df1ac2da628189.jpg?fit=1200%2C628&ssl=1",1200,628,true],"2048x2048":["https:\/\/i0.wp.com\/ismaelcolosi.com.br\/wp-content\/uploads\/2023\/11\/postimg-655df1ac2da628189.jpg?fit=1200%2C628&ssl=1",1200,628,true],"really-simple-thumb":["https:\/\/i0.wp.com\/ismaelcolosi.com.br\/wp-content\/uploads\/2023\/11\/postimg-655df1ac2da628189.jpg?resize=370%2C247&ssl=1",370,247,true]},"uagb_author_info":{"display_name":"ismaelcolosi.com.br","author_link":"https:\/\/ismaelcolosi.com.br\/index.php\/author\/vidareal-online\/"},"uagb_comment_info":0,"uagb_excerpt":"Uma reviravolta chocante na cidade de Araraquara(SP) veio \u00e0 tona quando uma mulher descobriu que seu marido a tra\u00eda com seu pr\u00f3prio pai, envolvendo at\u00e9...","jetpack-related-posts":[{"id":4807,"url":"https:\/\/ismaelcolosi.com.br\/index.php\/2023\/11\/22\/a-casa-caiu-mulher-descobre-que-pai-e-marido-tem-caso-romantico-expoe-na-internet-caso-viraliza-e-desfecho-e-assombroso-videos\/","url_meta":{"origin":4789,"position":0},"title":"A casa caiu! Mulher descobre que pai e marido t\u00eam caso rom\u00e2ntico, exp\u00f5e na internet, caso viraliza e desfecho \u00e9 assombroso \u2013 V\u00cdDEOS","author":"ismaelcolosi.com.br","date":"22 de November de 2023","format":false,"excerpt":"Este caso ganhou enorme repercuss\u00e3o e se tornou destaque nos principais portais de not\u00edcias do Brasil. A hist\u00f3ria parece ter sa\u00eddo de uma com\u00e9dia s\u00f3rdida ou at\u00e9 mesmo lembra alguns dos epis\u00f3dios do famoso programa \u2018Casos de Fam\u00edlia\u2019, que \u00e9 um dos atrativos do Sistema Brasileiro de Televis\u00e3o \u2013 SBT.A\u2026","rel":"","context":"In &quot;Blog&quot;","block_context":{"text":"Blog","link":"https:\/\/ismaelcolosi.com.br\/index.php\/category\/blog\/"},"img":{"alt_text":"","src":"https:\/\/i0.wp.com\/ismaelcolosi.com.br\/wp-content\/uploads\/2023\/11\/postimg-655dee9ae5a1e2870.jpg?fit=1200%2C628&ssl=1&resize=350%2C200","width":350,"height":200,"srcset":"https:\/\/i0.wp.com\/ismaelcolosi.com.br\/wp-content\/uploads\/2023\/11\/postimg-655dee9ae5a1e2870.jpg?fit=1200%2C628&ssl=1&resize=350%2C200 1x, https:\/\/i0.wp.com\/ismaelcolosi.com.br\/wp-content\/uploads\/2023\/11\/postimg-655dee9ae5a1e2870.jpg?fit=1200%2C628&ssl=1&resize=525%2C300 1.5x, https:\/\/i0.wp.com\/ismaelcolosi.com.br\/wp-content\/uploads\/2023\/11\/postimg-655dee9ae5a1e2870.jpg?fit=1200%2C628&ssl=1&resize=700%2C400 2x, https:\/\/i0.wp.com\/ismaelcolosi.com.br\/wp-content\/uploads\/2023\/11\/postimg-655dee9ae5a1e2870.jpg?fit=1200%2C628&ssl=1&resize=1050%2C600 3x"},"classes":[]},{"id":27100,"url":"https:\/\/ismaelcolosi.com.br\/index.php\/2024\/01\/11\/esposa-de-cantor-sertanejo-desaparecido-faz-revelacoes-sobre-cantor\/","url_meta":{"origin":4789,"position":1},"title":"esposa de cantor sertanejo desaparecido faz revela\u00e7\u00f5es sobre cantor","author":"ismaelcolosi.com.br","date":"11 de January de 2024","format":false,"excerpt":"Ap\u00f3s relatar desaparecimento do marido, Adriele Stephanie tem pedido ajuda nas redes sociais para conseguir informa\u00e7\u00f5es do paradeiro do marido que desapareceu ap\u00f3s show no interior de S\u00e3o Paulo.O cantor sumiu ap\u00f3s realizar show e ser visto pela \u00faltima vez ap\u00f3s dar carona a um integrante de sua equipe e\u2026","rel":"","context":"In &quot;Blog&quot;","block_context":{"text":"Blog","link":"https:\/\/ismaelcolosi.com.br\/index.php\/category\/blog\/"},"img":{"alt_text":"","src":"https:\/\/i0.wp.com\/ismaelcolosi.com.br\/wp-content\/uploads\/2024\/01\/postimg-659ffb2e88d295273.jpg?fit=1200%2C628&ssl=1&resize=350%2C200","width":350,"height":200,"srcset":"https:\/\/i0.wp.com\/ismaelcolosi.com.br\/wp-content\/uploads\/2024\/01\/postimg-659ffb2e88d295273.jpg?fit=1200%2C628&ssl=1&resize=350%2C200 1x, https:\/\/i0.wp.com\/ismaelcolosi.com.br\/wp-content\/uploads\/2024\/01\/postimg-659ffb2e88d295273.jpg?fit=1200%2C628&ssl=1&resize=525%2C300 1.5x, https:\/\/i0.wp.com\/ismaelcolosi.com.br\/wp-content\/uploads\/2024\/01\/postimg-659ffb2e88d295273.jpg?fit=1200%2C628&ssl=1&resize=700%2C400 2x, https:\/\/i0.wp.com\/ismaelcolosi.com.br\/wp-content\/uploads\/2024\/01\/postimg-659ffb2e88d295273.jpg?fit=1200%2C628&ssl=1&resize=1050%2C600 3x"},"classes":[]},{"id":10362,"url":"https:\/\/ismaelcolosi.com.br\/index.php\/2023\/12\/04\/marido-de-maira-cardi-rebate-sobre-forcar-lugar-na-vida-da-enteada-assumo-meu-papel\/","url_meta":{"origin":4789,"position":2},"title":"Marido de Ma\u00edra Cardi rebate sobre &#8216;for\u00e7ar lugar&#8217; na vida da enteada: &#8221; Assumo meu papel&#8221;","author":"ismaelcolosi.com.br","date":"4 de December de 2023","format":false,"excerpt":"A rela\u00e7\u00e3o padrasto e enteada \u00e9 um assunto que levanta debates entre os internautas com os filhos dos casais famosos. Todo esse debate chegou a virar desabafo nas redes sociais.O empres\u00e1rio Thiago Nigro, marido de Ma\u00edra Cardi, fez uma publica\u00e7\u00e3o em seu perfil nas redes sociais falando sobre as cr\u00edticas\u2026","rel":"","context":"In &quot;Blog&quot;","block_context":{"text":"Blog","link":"https:\/\/ismaelcolosi.com.br\/index.php\/category\/blog\/"},"img":{"alt_text":"","src":"https:\/\/i0.wp.com\/ismaelcolosi.com.br\/wp-content\/uploads\/2023\/12\/postimg-656ddb5a245f05551.jpg?fit=1200%2C628&ssl=1&resize=350%2C200","width":350,"height":200,"srcset":"https:\/\/i0.wp.com\/ismaelcolosi.com.br\/wp-content\/uploads\/2023\/12\/postimg-656ddb5a245f05551.jpg?fit=1200%2C628&ssl=1&resize=350%2C200 1x, https:\/\/i0.wp.com\/ismaelcolosi.com.br\/wp-content\/uploads\/2023\/12\/postimg-656ddb5a245f05551.jpg?fit=1200%2C628&ssl=1&resize=525%2C300 1.5x, https:\/\/i0.wp.com\/ismaelcolosi.com.br\/wp-content\/uploads\/2023\/12\/postimg-656ddb5a245f05551.jpg?fit=1200%2C628&ssl=1&resize=700%2C400 2x, https:\/\/i0.wp.com\/ismaelcolosi.com.br\/wp-content\/uploads\/2023\/12\/postimg-656ddb5a245f05551.jpg?fit=1200%2C628&ssl=1&resize=1050%2C600 3x"},"classes":[]},{"id":33507,"url":"https:\/\/ismaelcolosi.com.br\/index.php\/2024\/01\/29\/secretario-da-prefeitura-e-exonerado-apos-denuncia-de-violencia-domestica\/","url_meta":{"origin":4789,"position":3},"title":"Secret\u00e1rio da Prefeitura \u00e9 exonerado ap\u00f3s den\u00fancia de viol\u00eancia dom\u00e9stica","author":"ismaelcolosi.com.br","date":"29 de January de 2024","format":false,"excerpt":"Ricardo Fernandes Abreu, que foi prefeito em Santa Ernestina, foi acusado em B.O. de ter agredido sua esposa e sogro; ap\u00f3s epis\u00f3dio, ele deixou a pasta 29 de janeiro de 2024 | 16:25 2Por: Adalberto LuqueO Secret\u00e1rio de Administra\u00e7\u00e3o da Prefeitura de Ribeir\u00e3o Preto, Ricardo Fernandes de Abreu, teria se\u2026","rel":"","context":"In &quot;Not\u00edcias de Ribeir\u00e3o Preto-SP e Regi\u00e3o&quot;","block_context":{"text":"Not\u00edcias de Ribeir\u00e3o Preto-SP e Regi\u00e3o","link":"https:\/\/ismaelcolosi.com.br\/index.php\/category\/noticias-de-ribeirao-preto-sp-e-regiao-ismael-colosi\/"},"img":{"alt_text":"","src":"https:\/\/i0.wp.com\/ismaelcolosi.com.br\/wp-content\/uploads\/2024\/01\/00-29-jan-2024-secretario-exonerado-foto-redes-sociais-scaled.jpg?fit=645%2C645&ssl=1&resize=350%2C200","width":350,"height":200,"srcset":"https:\/\/i0.wp.com\/ismaelcolosi.com.br\/wp-content\/uploads\/2024\/01\/00-29-jan-2024-secretario-exonerado-foto-redes-sociais-scaled.jpg?fit=645%2C645&ssl=1&resize=350%2C200 1x, https:\/\/i0.wp.com\/ismaelcolosi.com.br\/wp-content\/uploads\/2024\/01\/00-29-jan-2024-secretario-exonerado-foto-redes-sociais-scaled.jpg?fit=645%2C645&ssl=1&resize=525%2C300 1.5x"},"classes":[]},{"id":27051,"url":"https:\/\/ismaelcolosi.com.br\/index.php\/2024\/01\/11\/esposa-do-cantor-sertanejo-desaparecido-apos-show-faz-atualizacao-sobre-desaparecimento-do-marido\/","url_meta":{"origin":4789,"position":4},"title":"Esposa do cantor sertanejo desaparecido ap\u00f3s show faz atualiza\u00e7\u00e3o sobre desaparecimento do marido","author":"ismaelcolosi.com.br","date":"11 de January de 2024","format":false,"excerpt":"A vida de Adriele Stephanie se tornou um verdadeiro clima de tens\u00e3o e preocupa\u00e7\u00e3o desde a madrugada da \u00faltima sexta feira, 5 de dezembro ap\u00f3s ficar sem not\u00edcias do marido.Ela \u00e9 esposa do cantor sertanejo Ton Ferreira. Ele foi visto pela \u00faltima vez na cidade de S\u00e3o Jos\u00e9 dos Campos,\u2026","rel":"","context":"In &quot;Blog&quot;","block_context":{"text":"Blog","link":"https:\/\/ismaelcolosi.com.br\/index.php\/category\/blog\/"},"img":{"alt_text":"","src":"https:\/\/i0.wp.com\/ismaelcolosi.com.br\/wp-content\/uploads\/2024\/01\/postimg-659fef3d635775388.jpg?fit=1200%2C628&ssl=1&resize=350%2C200","width":350,"height":200,"srcset":"https:\/\/i0.wp.com\/ismaelcolosi.com.br\/wp-content\/uploads\/2024\/01\/postimg-659fef3d635775388.jpg?fit=1200%2C628&ssl=1&resize=350%2C200 1x, https:\/\/i0.wp.com\/ismaelcolosi.com.br\/wp-content\/uploads\/2024\/01\/postimg-659fef3d635775388.jpg?fit=1200%2C628&ssl=1&resize=525%2C300 1.5x, https:\/\/i0.wp.com\/ismaelcolosi.com.br\/wp-content\/uploads\/2024\/01\/postimg-659fef3d635775388.jpg?fit=1200%2C628&ssl=1&resize=700%2C400 2x, https:\/\/i0.wp.com\/ismaelcolosi.com.br\/wp-content\/uploads\/2024\/01\/postimg-659fef3d635775388.jpg?fit=1200%2C628&ssl=1&resize=1050%2C600 3x"},"classes":[]},{"id":26066,"url":"https:\/\/ismaelcolosi.com.br\/index.php\/2024\/01\/09\/zeze-di-camargo-fala-sobre-esposa-do-filho-e-recebe-invertida-de-igor-uma-correcao\/","url_meta":{"origin":4789,"position":5},"title":"Zez\u00e9 di Camargo fala sobre esposa do filho e recebe invertida de Igor: &#8216;uma corre\u00e7\u00e3o&#8217;","author":"ismaelcolosi.com.br","date":"9 de January de 2024","format":false,"excerpt":"O nome de Wanessa Camargo foi confirmado no elenco do Big Brother Brasil e isso chamou novamente a aten\u00e7\u00e3o da imprensa sobre a fam\u00edlia Camargo, que enfrenta um per\u00edodo delicado nas \u00faltimas semanas.Tudo come\u00e7ou quando um caso antigo foi resgatado na imprensa. Por volta de 2011, Wanessa teve um desentendimento\u2026","rel":"","context":"In &quot;Blog&quot;","block_context":{"text":"Blog","link":"https:\/\/ismaelcolosi.com.br\/index.php\/category\/blog\/"},"img":{"alt_text":"","src":"https:\/\/i0.wp.com\/ismaelcolosi.com.br\/wp-content\/uploads\/2024\/01\/postimg-659caacbbd01a4148.jpg?fit=1200%2C628&ssl=1&resize=350%2C200","width":350,"height":200,"srcset":"https:\/\/i0.wp.com\/ismaelcolosi.com.br\/wp-content\/uploads\/2024\/01\/postimg-659caacbbd01a4148.jpg?fit=1200%2C628&ssl=1&resize=350%2C200 1x, https:\/\/i0.wp.com\/ismaelcolosi.com.br\/wp-content\/uploads\/2024\/01\/postimg-659caacbbd01a4148.jpg?fit=1200%2C628&ssl=1&resize=525%2C300 1.5x, https:\/\/i0.wp.com\/ismaelcolosi.com.br\/wp-content\/uploads\/2024\/01\/postimg-659caacbbd01a4148.jpg?fit=1200%2C628&ssl=1&resize=700%2C400 2x, https:\/\/i0.wp.com\/ismaelcolosi.com.br\/wp-content\/uploads\/2024\/01\/postimg-659caacbbd01a4148.jpg?fit=1200%2C628&ssl=1&resize=1050%2C600 3x"},"classes":[]}],"jetpack_sharing_enabled":true,"jetpack_shortlink":"https:\/\/wp.me\/pfMlyK-1ff","_links":{"self":[{"href":"https:\/\/ismaelcolosi.com.br\/index.php\/wp-json\/wp\/v2\/posts\/4789","targetHints":{"allow":["GET"]}}],"collection":[{"href":"https:\/\/ismaelcolosi.com.br\/index.php\/wp-json\/wp\/v2\/posts"}],"about":[{"href":"https:\/\/ismaelcolosi.com.br\/index.php\/wp-json\/wp\/v2\/types\/post"}],"author":[{"embeddable":true,"href":"https:\/\/ismaelcolosi.com.br\/index.php\/wp-json\/wp\/v2\/users\/1"}],"replies":[{"embeddable":true,"href":"https:\/\/ismaelcolosi.com.br\/index.php\/wp-json\/wp\/v2\/comments?post=4789"}],"version-history":[{"count":0,"href":"https:\/\/ismaelcolosi.com.br\/index.php\/wp-json\/wp\/v2\/posts\/4789\/revisions"}],"wp:featuredmedia":[{"embeddable":true,"href":"https:\/\/ismaelcolosi.com.br\/index.php\/wp-json\/wp\/v2\/media\/4790"}],"wp:attachment":[{"href":"https:\/\/ismaelcolosi.com.br\/index.php\/wp-json\/wp\/v2\/media?parent=4789"}],"wp:term":[{"taxonomy":"category","embeddable":true,"href":"https:\/\/ismaelcolosi.com.br\/index.php\/wp-json\/wp\/v2\/categories?post=4789"},{"taxonomy":"post_tag","embeddable":true,"href":"https:\/\/ismaelcolosi.com.br\/index.php\/wp-json\/wp\/v2\/tags?post=4789"}],"curies":[{"name":"wp","href":"https:\/\/api.w.org\/{rel}","templated":true}]}}