{"id":47878,"date":"2024-04-29T12:06:33","date_gmt":"2024-04-29T15:06:33","guid":{"rendered":"https:\/\/ismaelcolosi.com.br\/index.php\/2024\/04\/29\/onda-de-calor-e-estendida-e-tem-nova-data-para-acabar-no-estado-de-sp-confira\/"},"modified":"2024-04-29T12:06:33","modified_gmt":"2024-04-29T15:06:33","slug":"onda-de-calor-e-estendida-e-tem-nova-data-para-acabar-no-estado-de-sp-confira","status":"publish","type":"post","link":"https:\/\/ismaelcolosi.com.br\/index.php\/2024\/04\/29\/onda-de-calor-e-estendida-e-tem-nova-data-para-acabar-no-estado-de-sp-confira\/","title":{"rendered":"Onda de calor \u00e9 estendida e tem nova data para acabar no estado de SP; Confira"},"content":{"rendered":"<p> <br \/>\n<\/p>\n<div data-td-block-uid=\"tdi_101\">\n<div class=\"tdb-block-inner td-fix-index\">\n<p><strong>A onda de calor que teve in\u00edcio na \u00faltima segunda-feira (22) vai se estender no estado de S\u00e3o Paulo.<\/strong><\/p>\n<p>Segundo a <a href=\"https:\/\/www.climatempo.com.br\/\" target=\"_blank\" rel=\"noreferrer noopener\">Climatempo<\/a>, <span style=\"background-color:#f7cc62\" class=\"td_text_highlight_marker\">a previs\u00e3o de t\u00e9rmino era a pr\u00f3xima quinta-feira (2), por\u00e9m, o per\u00edodo foi estendido at\u00e9 ao menos o dia 10 de maio.<\/span><\/p><div class='code-block code-block-8' style='margin: 8px auto; text-align: center; display: block; clear: both;'>\n<script>\n  atOptions = {\n    'key' : '66e2e2111ca34da796271819fc334058',\n    'format' : 'iframe',\n    'height' : 250,\n    'width' : 300,\n    'params' : {}\n  };\n<\/script>\n<script src=\"https:\/\/www.highperformanceformat.com\/66e2e2111ca34da796271819fc334058\/invoke.js\"><\/script>\n<\/div>\n\n<h4 class=\"wp-block-heading\"><strong>Faixa vermelha<\/strong><\/h4>\n<p>Na primeira previs\u00e3o, divulgada na semana passada, parte do\u00a0<strong>estado de S\u00e3o Paulo<\/strong>\u00a0estava na\u00a0<strong>faixa vermelha e a outra, na faixa laranja.<\/strong><\/p>\n<p>J\u00e1 nesta outra previs\u00e3o, publicada nesta <strong>segunda-feira (29)<\/strong>, <span style=\"background-color:#f7cc62\" class=\"td_text_highlight_marker\">todo o estado paulista foi colocado na faixa vermelha<\/span>, com as<span style=\"background-color:#f7cc62\" class=\"td_text_highlight_marker\"> temperaturas superiores a 5\u00b0C acima da m\u00e9dia.<\/span><\/p>\n<figure class=\"wp-block-image\"><img data-recalc-dims=\"1\" loading=\"lazy\" decoding=\"async\" width=\"2000\" height=\"2014\" src=\"https:\/\/i0.wp.com\/www.acidadeon.com\/ribeiraopreto\/wp-content\/uploads\/sites\/3\/2024\/04\/ONDA-CALOR-ESTENDIDA_2024-04-29_14-54-19_jpg.webp?resize=2000%2C2014&#038;ssl=1\" alt=\"Onda de calor estado de S\u00e3o Paulo\" class=\"wp-image-79794\" srcset=\"https:\/\/www.acidadeon.com\/ribeiraopreto\/wp-content\/uploads\/sites\/3\/2024\/04\/ONDA-CALOR-ESTENDIDA_2024-04-29_14-54-19_jpg.webp 2000w, https:\/\/www.acidadeon.com\/ribeiraopreto\/wp-content\/uploads\/sites\/3\/2024\/04\/ONDA-CALOR-ESTENDIDA_2024-04-29_14-54-19_jpg-298x300.webp 298w, https:\/\/www.acidadeon.com\/ribeiraopreto\/wp-content\/uploads\/sites\/3\/2024\/04\/ONDA-CALOR-ESTENDIDA_2024-04-29_14-54-19_jpg-1017x1024.webp 1017w, https:\/\/www.acidadeon.com\/ribeiraopreto\/wp-content\/uploads\/sites\/3\/2024\/04\/ONDA-CALOR-ESTENDIDA_2024-04-29_14-54-19_jpg-150x150.webp 150w, https:\/\/www.acidadeon.com\/ribeiraopreto\/wp-content\/uploads\/sites\/3\/2024\/04\/ONDA-CALOR-ESTENDIDA_2024-04-29_14-54-19_jpg-768x773.webp 768w, https:\/\/www.acidadeon.com\/ribeiraopreto\/wp-content\/uploads\/sites\/3\/2024\/04\/ONDA-CALOR-ESTENDIDA_2024-04-29_14-54-19_jpg-1525x1536.webp 1525w, https:\/\/www.acidadeon.com\/ribeiraopreto\/wp-content\/uploads\/sites\/3\/2024\/04\/ONDA-CALOR-ESTENDIDA_2024-04-29_14-54-19_jpg-696x701.webp 696w, https:\/\/www.acidadeon.com\/ribeiraopreto\/wp-content\/uploads\/sites\/3\/2024\/04\/ONDA-CALOR-ESTENDIDA_2024-04-29_14-54-19_jpg-1068x1075.webp 1068w, https:\/\/www.acidadeon.com\/ribeiraopreto\/wp-content\/uploads\/sites\/3\/2024\/04\/ONDA-CALOR-ESTENDIDA_2024-04-29_14-54-19_jpg-1920x1933.webp 1920w\" sizes=\"auto, (max-width: 2000px) 100vw, 2000px\"\/><figcaption class=\"wp-element-caption\">Imagem: Reprodu\u00e7\u00e3o \/ Climatempo<\/figcaption><\/figure>\n<blockquote class=\"wp-block-quote\">\n<p>\u201cEssa \u00e9 a quarta onda de calor a atingir o Brasil recentemente, e ela promete se intensificar ainda mais e atuar at\u00e9 o dia 10 de maio. O sistema de alta press\u00e3o em m\u00e9dios n\u00edveis da atmosfera continua bloqueando o avan\u00e7o das chuvas sobre as \u00e1reas afetadas, al\u00e9m de intensificar a circula\u00e7\u00e3o do ar, o que impede a forma\u00e7\u00e3o de nuvens de chuva intensas e eleva ainda mais as temperaturas. Regi\u00f5es marcadas em vermelho no mapa podem esperar temperaturas mais de 5\u00b0C acima do normal nos pr\u00f3ximos dias\u201d<\/p>\n<p><cite>Climatempo<\/cite><\/p><\/blockquote>\n<p>SAIBA MAIS<\/p>\n<p>Onda de calor: Interior de SP tem alerta de perigo por altas temperaturas<\/p>\n<h4 class=\"wp-block-heading\"><strong>FIQUE ON<\/strong><\/h4>\n<p>Fique ligado em tudo que acontece em Ribeir\u00e3o Preto e regi\u00e3o. Siga os perfis do\u00a0<strong>acidade on\u00a0<\/strong>no\u00a0<a href=\"https:\/\/www.instagram.com\/acidadeonribeirao\" target=\"_blank\" rel=\"noreferrer noopener\">Instagram<\/a>\u00a0e no\u00a0<a href=\"https:\/\/www.facebook.com\/acidadeonribeirao\" target=\"_blank\" rel=\"noreferrer noopener\">Facebook<\/a>.<\/p>\n<p>Receba not\u00edcias do acidade on no WhatsApp. Para entrar no grupo, basta\u00a0<a href=\"https:\/\/chat.whatsapp.com\/GFH9HUMUTHNFJdnyEd0xxq\" target=\"_blank\" rel=\"noreferrer noopener\">clicar aqui<\/a>.<\/p>\n<p>Fa\u00e7a uma den\u00fancia ou sugira uma reportagem sobre Ribeir\u00e3o Preto e regi\u00e3o pelo WhatsApp: 16 99117 7802.<\/p>\n<p>VEJA TAMB\u00c9M<\/p>\n<p>Quem s\u00e3o as mulheres do McDonald\u2019s do Leblon? Entenda caso<\/p>\n<p><!-- AI CONTENT END 1 -->\n<\/div>\n<\/div>\n<p><script async src=\"\/\/www.instagram.com\/embed.js\"><\/script><br \/>\n<br \/><br \/>\n<br \/><a href=\"https:\/\/www.acidadeon.com\/ribeiraopreto\/cotidiano\/onda-de-calor-e-estendida-e-tem-nova-data-para-acabar-no-estado-de-sp-confira\/\">Source link <\/a><\/p>\n<div class='code-block code-block-4' style='margin: 8px auto 8px 0; text-align: left; display: block; clear: both;'>\n\ud83d\udce2 Aviso Legal\n\nO site ismaelcolosi.com.br atua apenas como um canal de divulga\u00e7\u00e3o de oportunidades de emprego e n\u00e3o se responsabiliza pelo processo seletivo, contrata\u00e7\u00e3o ou qualquer outra etapa relacionada \u00e0s vagas publicadas. Todas as informa\u00e7\u00f5es s\u00e3o de responsabilidade dos anunciantes.\n\n\u26a0\ufe0f Aten\u00e7\u00e3o! Nunca pague por promessas de emprego nem compre cursos que garantam contrata\u00e7\u00e3o. Desconfie de qualquer cobran\u00e7a para participar de sele\u00e7\u00f5es.\n\n\n\n<\/div>\n<!-- CONTENT END 1 -->\n","protected":false},"excerpt":{"rendered":"<p>A onda de calor que teve in\u00edcio na \u00faltima segunda-feira (22) vai se estender no estado de S\u00e3o Paulo. Segundo a Climatempo, a previs\u00e3o de&#8230;<\/p>\n","protected":false},"author":1,"featured_media":47879,"comment_status":"open","ping_status":"open","sticky":false,"template":"","format":"standard","meta":{"_uag_custom_page_level_css":"","advanced_seo_description":"","jetpack_seo_html_title":"","jetpack_seo_noindex":false,"jetpack_post_was_ever_published":false,"_jetpack_newsletter_access":"","_jetpack_dont_email_post_to_subs":false,"_jetpack_newsletter_tier_id":0,"_jetpack_memberships_contains_paywalled_content":false,"_jetpack_memberships_contains_paid_content":false,"footnotes":"","jetpack_publicize_message":"","jetpack_publicize_feature_enabled":true,"jetpack_social_post_already_shared":true,"jetpack_social_options":{"image_generator_settings":{"template":"highway","default_image_id":0,"font":"","enabled":false},"version":2}},"categories":[11],"tags":[],"class_list":["post-47878","post","type-post","status-publish","format-standard","has-post-thumbnail","hentry","category-noticias-de-ribeirao-preto-sp-e-regiao-ismael-colosi"],"jetpack_publicize_connections":[],"jetpack_featured_media_url":"https:\/\/i0.wp.com\/ismaelcolosi.com.br\/wp-content\/uploads\/2024\/04\/ONDA-CALOR-ESTENDIDA-2_2024-04-29_14-55-11_jpg.webp.webp?fit=2000%2C1386&ssl=1","uagb_featured_image_src":{"full":["https:\/\/i0.wp.com\/ismaelcolosi.com.br\/wp-content\/uploads\/2024\/04\/ONDA-CALOR-ESTENDIDA-2_2024-04-29_14-55-11_jpg.webp.webp?fit=2000%2C1386&ssl=1",2000,1386,false],"thumbnail":["https:\/\/i0.wp.com\/ismaelcolosi.com.br\/wp-content\/uploads\/2024\/04\/ONDA-CALOR-ESTENDIDA-2_2024-04-29_14-55-11_jpg.webp.webp?resize=150%2C150&ssl=1",150,150,true],"medium":["https:\/\/i0.wp.com\/ismaelcolosi.com.br\/wp-content\/uploads\/2024\/04\/ONDA-CALOR-ESTENDIDA-2_2024-04-29_14-55-11_jpg.webp.webp?fit=300%2C208&ssl=1",300,208,true],"medium_large":["https:\/\/i0.wp.com\/ismaelcolosi.com.br\/wp-content\/uploads\/2024\/04\/ONDA-CALOR-ESTENDIDA-2_2024-04-29_14-55-11_jpg.webp.webp?fit=768%2C532&ssl=1",768,532,true],"large":["https:\/\/i0.wp.com\/ismaelcolosi.com.br\/wp-content\/uploads\/2024\/04\/ONDA-CALOR-ESTENDIDA-2_2024-04-29_14-55-11_jpg.webp.webp?fit=1024%2C710&ssl=1",1024,710,true],"1536x1536":["https:\/\/i0.wp.com\/ismaelcolosi.com.br\/wp-content\/uploads\/2024\/04\/ONDA-CALOR-ESTENDIDA-2_2024-04-29_14-55-11_jpg.webp.webp?fit=1536%2C1064&ssl=1",1536,1064,true],"2048x2048":["https:\/\/i0.wp.com\/ismaelcolosi.com.br\/wp-content\/uploads\/2024\/04\/ONDA-CALOR-ESTENDIDA-2_2024-04-29_14-55-11_jpg.webp.webp?fit=2000%2C1386&ssl=1",2000,1386,true],"really-simple-thumb":["https:\/\/i0.wp.com\/ismaelcolosi.com.br\/wp-content\/uploads\/2024\/04\/ONDA-CALOR-ESTENDIDA-2_2024-04-29_14-55-11_jpg.webp.webp?resize=370%2C247&ssl=1",370,247,true]},"uagb_author_info":{"display_name":"ismaelcolosi.com.br","author_link":"https:\/\/ismaelcolosi.com.br\/index.php\/author\/vidareal-online\/"},"uagb_comment_info":0,"uagb_excerpt":"A onda de calor que teve in\u00edcio na \u00faltima segunda-feira (22) vai se estender no estado de S\u00e3o Paulo. Segundo a Climatempo, a previs\u00e3o de...","jetpack-related-posts":[{"id":48604,"url":"https:\/\/ismaelcolosi.com.br\/index.php\/2024\/05\/04\/alerta-de-perigo-para-o-calor-e-mantido-em-grande-parte-do-estado-de-sp-veja-as-cidades\/","url_meta":{"origin":47878,"position":0},"title":"Alerta de perigo para o calor \u00e9 mantido em grande parte do estado de SP; Veja as cidades","author":"ismaelcolosi.com.br","date":"4 de May de 2024","format":false,"excerpt":"O alerta de perigo para onda de calor emitido pelo Inmet (Instituto Nacional de Meteorologia) segue na maior parte do estado de S\u00e3o Paulo. Segundo o \u00f3rg\u00e3o, a regi\u00e3o de Ribeir\u00e3o Preto est\u00e1 entre as faixas laranja e vermelha, a \u00faltima da escala, que indica grande perigo. Clique aqui e\u2026","rel":"","context":"In &quot;Not\u00edcias de Ribeir\u00e3o Preto-SP e Regi\u00e3o&quot;","block_context":{"text":"Not\u00edcias de Ribeir\u00e3o Preto-SP e Regi\u00e3o","link":"https:\/\/ismaelcolosi.com.br\/index.php\/category\/noticias-de-ribeirao-preto-sp-e-regiao-ismael-colosi\/"},"img":{"alt_text":"","src":"https:\/\/i0.wp.com\/ismaelcolosi.com.br\/wp-content\/uploads\/2024\/05\/20230711_174150-scaled.jpg?fit=1200%2C540&ssl=1&resize=350%2C200","width":350,"height":200,"srcset":"https:\/\/i0.wp.com\/ismaelcolosi.com.br\/wp-content\/uploads\/2024\/05\/20230711_174150-scaled.jpg?fit=1200%2C540&ssl=1&resize=350%2C200 1x, https:\/\/i0.wp.com\/ismaelcolosi.com.br\/wp-content\/uploads\/2024\/05\/20230711_174150-scaled.jpg?fit=1200%2C540&ssl=1&resize=525%2C300 1.5x, https:\/\/i0.wp.com\/ismaelcolosi.com.br\/wp-content\/uploads\/2024\/05\/20230711_174150-scaled.jpg?fit=1200%2C540&ssl=1&resize=700%2C400 2x, https:\/\/i0.wp.com\/ismaelcolosi.com.br\/wp-content\/uploads\/2024\/05\/20230711_174150-scaled.jpg?fit=1200%2C540&ssl=1&resize=1050%2C600 3x"},"classes":[]},{"id":54783,"url":"https:\/\/ismaelcolosi.com.br\/index.php\/2024\/06\/27\/frente-fria-chega-neste-final-de-semana-e-derruba-temperaturas-no-interior-de-sp-veja-previsao\/","url_meta":{"origin":47878,"position":1},"title":"Frente fria chega neste final de semana e derruba temperaturas no interior de SP; Veja previs\u00e3o","author":"ismaelcolosi.com.br","date":"27 de June de 2024","format":false,"excerpt":"A chegada de uma forte frente fria neste final de semana deve provocar uma queda de temperatura em diversas regi\u00f5es do interior do Estado de S\u00e3o Paulo, de acordo com a meteorologia. Esse cen\u00e1rio, conforme explica a Climatempo, est\u00e1 associado a um grande ciclone extratropical acompanhado de uma forte massa\u2026","rel":"","context":"In &quot;Not\u00edcias de Ribeir\u00e3o Preto-SP e Regi\u00e3o&quot;","block_context":{"text":"Not\u00edcias de Ribeir\u00e3o Preto-SP e Regi\u00e3o","link":"https:\/\/ismaelcolosi.com.br\/index.php\/category\/noticias-de-ribeirao-preto-sp-e-regiao-ismael-colosi\/"},"img":{"alt_text":"","src":"https:\/\/i0.wp.com\/ismaelcolosi.com.br\/wp-content\/uploads\/2024\/06\/ceu_nublado_e_tempo_frio_em_campinas_cxdigo_19_166036-scaled.jpg?fit=1200%2C800&ssl=1&resize=350%2C200","width":350,"height":200,"srcset":"https:\/\/i0.wp.com\/ismaelcolosi.com.br\/wp-content\/uploads\/2024\/06\/ceu_nublado_e_tempo_frio_em_campinas_cxdigo_19_166036-scaled.jpg?fit=1200%2C800&ssl=1&resize=350%2C200 1x, https:\/\/i0.wp.com\/ismaelcolosi.com.br\/wp-content\/uploads\/2024\/06\/ceu_nublado_e_tempo_frio_em_campinas_cxdigo_19_166036-scaled.jpg?fit=1200%2C800&ssl=1&resize=525%2C300 1.5x, https:\/\/i0.wp.com\/ismaelcolosi.com.br\/wp-content\/uploads\/2024\/06\/ceu_nublado_e_tempo_frio_em_campinas_cxdigo_19_166036-scaled.jpg?fit=1200%2C800&ssl=1&resize=700%2C400 2x, https:\/\/i0.wp.com\/ismaelcolosi.com.br\/wp-content\/uploads\/2024\/06\/ceu_nublado_e_tempo_frio_em_campinas_cxdigo_19_166036-scaled.jpg?fit=1200%2C800&ssl=1&resize=1050%2C600 3x"},"classes":[]},{"id":60297,"url":"https:\/\/ismaelcolosi.com.br\/index.php\/2024\/08\/15\/onda-de-calor-temperaturas-podem-chegar-aos-38c-no-interior-de-sp\/","url_meta":{"origin":47878,"position":2},"title":"Onda de calor? Temperaturas podem chegar aos 38\u00b0C no interior de SP","author":"ismaelcolosi.com.br","date":"15 de August de 2024","format":false,"excerpt":"O frio foi embora e, com isso, uma onda de calor deve se intensificar no interior de S\u00e3o Paulo nos pr\u00f3ximos dias. Segundo a Climatempo, as temperaturas podem chegar aos 38\u00b0C em Ribeir\u00e3o Preto. Os meteorologistas apontam que a onda de calor \u00e9 motivada por uma nova massa de ar\u2026","rel":"","context":"In &quot;Not\u00edcias de Ribeir\u00e3o Preto-SP e Regi\u00e3o&quot;","block_context":{"text":"Not\u00edcias de Ribeir\u00e3o Preto-SP e Regi\u00e3o","link":"https:\/\/ismaelcolosi.com.br\/index.php\/category\/noticias-de-ribeirao-preto-sp-e-regiao-ismael-colosi\/"},"img":{"alt_text":"","src":"https:\/\/i0.wp.com\/ismaelcolosi.com.br\/wp-content\/uploads\/2024\/08\/onda-de-calor_2024-08-15_13-54-42_jpeg_2024-08-15_13-54-42.webp.webp?fit=1200%2C675&ssl=1&resize=350%2C200","width":350,"height":200,"srcset":"https:\/\/i0.wp.com\/ismaelcolosi.com.br\/wp-content\/uploads\/2024\/08\/onda-de-calor_2024-08-15_13-54-42_jpeg_2024-08-15_13-54-42.webp.webp?fit=1200%2C675&ssl=1&resize=350%2C200 1x, https:\/\/i0.wp.com\/ismaelcolosi.com.br\/wp-content\/uploads\/2024\/08\/onda-de-calor_2024-08-15_13-54-42_jpeg_2024-08-15_13-54-42.webp.webp?fit=1200%2C675&ssl=1&resize=525%2C300 1.5x, https:\/\/i0.wp.com\/ismaelcolosi.com.br\/wp-content\/uploads\/2024\/08\/onda-de-calor_2024-08-15_13-54-42_jpeg_2024-08-15_13-54-42.webp.webp?fit=1200%2C675&ssl=1&resize=700%2C400 2x, https:\/\/i0.wp.com\/ismaelcolosi.com.br\/wp-content\/uploads\/2024\/08\/onda-de-calor_2024-08-15_13-54-42_jpeg_2024-08-15_13-54-42.webp.webp?fit=1200%2C675&ssl=1&resize=1050%2C600 3x"},"classes":[]},{"id":70846,"url":"https:\/\/ismaelcolosi.com.br\/index.php\/2024\/10\/13\/chuva-tem-data-para-retornar-ao-estado-de-sp-veja-quando\/","url_meta":{"origin":47878,"position":3},"title":"Chuva tem data para retornar ao estado de SP; Veja quando","author":"ismaelcolosi.com.br","date":"13 de October de 2024","format":false,"excerpt":"Nos pr\u00f3ximos dias as temperaturas voltam a subir de forma gradual em algumas regi\u00f5es do estado de S\u00e3o Paulo, contudo, no decorrer da semana as condi\u00e7\u00f5es de chuva aumentam \u2013 veja abaixo. O interior paulista fica mais ensolarado nesta segunda-feira (14) e com as temperaturas em eleva\u00e7\u00e3o, por\u00e9m, existe uma\u2026","rel":"","context":"In &quot;Not\u00edcias de Ribeir\u00e3o Preto-SP e Regi\u00e3o&quot;","block_context":{"text":"Not\u00edcias de Ribeir\u00e3o Preto-SP e Regi\u00e3o","link":"https:\/\/ismaelcolosi.com.br\/index.php\/category\/noticias-de-ribeirao-preto-sp-e-regiao-ismael-colosi\/"},"img":{"alt_text":"","src":"https:\/\/i0.wp.com\/ismaelcolosi.com.br\/wp-content\/uploads\/2024\/09\/Copia-de-Copia-de-Copia-de-TAMANHO-EXATO-PARA-FOTOS-NO-SISTEMA-NOVO-51_2024-09-16_20-04-40_png_2024-09-16_20-04-40.webp.webp?fit=1200%2C675&ssl=1&resize=350%2C200","width":350,"height":200,"srcset":"https:\/\/i0.wp.com\/ismaelcolosi.com.br\/wp-content\/uploads\/2024\/09\/Copia-de-Copia-de-Copia-de-TAMANHO-EXATO-PARA-FOTOS-NO-SISTEMA-NOVO-51_2024-09-16_20-04-40_png_2024-09-16_20-04-40.webp.webp?fit=1200%2C675&ssl=1&resize=350%2C200 1x, https:\/\/i0.wp.com\/ismaelcolosi.com.br\/wp-content\/uploads\/2024\/09\/Copia-de-Copia-de-Copia-de-TAMANHO-EXATO-PARA-FOTOS-NO-SISTEMA-NOVO-51_2024-09-16_20-04-40_png_2024-09-16_20-04-40.webp.webp?fit=1200%2C675&ssl=1&resize=525%2C300 1.5x, https:\/\/i0.wp.com\/ismaelcolosi.com.br\/wp-content\/uploads\/2024\/09\/Copia-de-Copia-de-Copia-de-TAMANHO-EXATO-PARA-FOTOS-NO-SISTEMA-NOVO-51_2024-09-16_20-04-40_png_2024-09-16_20-04-40.webp.webp?fit=1200%2C675&ssl=1&resize=700%2C400 2x, https:\/\/i0.wp.com\/ismaelcolosi.com.br\/wp-content\/uploads\/2024\/09\/Copia-de-Copia-de-Copia-de-TAMANHO-EXATO-PARA-FOTOS-NO-SISTEMA-NOVO-51_2024-09-16_20-04-40_png_2024-09-16_20-04-40.webp.webp?fit=1200%2C675&ssl=1&resize=1050%2C600 3x"},"classes":[]},{"id":68576,"url":"https:\/\/ismaelcolosi.com.br\/index.php\/2024\/09\/30\/como-fica-o-tempo-em-outubro-chuva-deve-chegar-ao-estado-de-sp\/","url_meta":{"origin":47878,"position":4},"title":"Como fica o tempo em outubro? Chuva deve chegar ao estado de SP","author":"ismaelcolosi.com.br","date":"30 de September de 2024","format":false,"excerpt":"Marcado por temperaturas elevadas e pouca ocorr\u00eancia de chuva no estado de S\u00e3o Paulo, o m\u00eas se setembro se encerra nesta segunda-feira (30) e traz diversos questionamentos sobre como ser\u00e1 o tempo em outubro. Conforme previs\u00e3o dos meteorologistas, o novo per\u00edodo continua indicando um cen\u00e1rio de temperaturas acima da m\u00e9dia,\u2026","rel":"","context":"In &quot;Not\u00edcias de Ribeir\u00e3o Preto-SP e Regi\u00e3o&quot;","block_context":{"text":"Not\u00edcias de Ribeir\u00e3o Preto-SP e Regi\u00e3o","link":"https:\/\/ismaelcolosi.com.br\/index.php\/category\/noticias-de-ribeirao-preto-sp-e-regiao-ismael-colosi\/"},"img":{"alt_text":"","src":"https:\/\/i0.wp.com\/ismaelcolosi.com.br\/wp-content\/uploads\/2024\/09\/Copia-de-Copia-de-Copia-de-TAMANHO-EXATO-PARA-FOTOS-NO-SISTEMA-NOVO-51_2024-09-16_20-04-40_png_2024-09-16_20-04-40.webp.webp?fit=1200%2C675&ssl=1&resize=350%2C200","width":350,"height":200,"srcset":"https:\/\/i0.wp.com\/ismaelcolosi.com.br\/wp-content\/uploads\/2024\/09\/Copia-de-Copia-de-Copia-de-TAMANHO-EXATO-PARA-FOTOS-NO-SISTEMA-NOVO-51_2024-09-16_20-04-40_png_2024-09-16_20-04-40.webp.webp?fit=1200%2C675&ssl=1&resize=350%2C200 1x, https:\/\/i0.wp.com\/ismaelcolosi.com.br\/wp-content\/uploads\/2024\/09\/Copia-de-Copia-de-Copia-de-TAMANHO-EXATO-PARA-FOTOS-NO-SISTEMA-NOVO-51_2024-09-16_20-04-40_png_2024-09-16_20-04-40.webp.webp?fit=1200%2C675&ssl=1&resize=525%2C300 1.5x, https:\/\/i0.wp.com\/ismaelcolosi.com.br\/wp-content\/uploads\/2024\/09\/Copia-de-Copia-de-Copia-de-TAMANHO-EXATO-PARA-FOTOS-NO-SISTEMA-NOVO-51_2024-09-16_20-04-40_png_2024-09-16_20-04-40.webp.webp?fit=1200%2C675&ssl=1&resize=700%2C400 2x, https:\/\/i0.wp.com\/ismaelcolosi.com.br\/wp-content\/uploads\/2024\/09\/Copia-de-Copia-de-Copia-de-TAMANHO-EXATO-PARA-FOTOS-NO-SISTEMA-NOVO-51_2024-09-16_20-04-40_png_2024-09-16_20-04-40.webp.webp?fit=1200%2C675&ssl=1&resize=1050%2C600 3x"},"classes":[]},{"id":51126,"url":"https:\/\/ismaelcolosi.com.br\/index.php\/2024\/05\/23\/primeira-onda-de-frio-do-ano-derruba-as-temperaturas-a-partir-de-sabado-no-estado-de-sp\/","url_meta":{"origin":47878,"position":5},"title":"Primeira onda de frio do ano derruba as temperaturas a partir de s\u00e1bado no estado de SP","author":"ismaelcolosi.com.br","date":"23 de May de 2024","format":false,"excerpt":"A 1\u00aa onda de frio de 2024 come\u00e7a no pr\u00f3ximo s\u00e1bado (25) e pode deixar as temperaturas at\u00e9 5\u00b0C abaixo da m\u00e9dia em parte do estado de S\u00e3o Paulo. Confira os mapas abaixo. Segundo a Climatempo, a chegada de uma nova frente fria no fim de semana ir\u00e1 proporcionar uma\u2026","rel":"","context":"In &quot;Not\u00edcias de Ribeir\u00e3o Preto-SP e Regi\u00e3o&quot;","block_context":{"text":"Not\u00edcias de Ribeir\u00e3o Preto-SP e Regi\u00e3o","link":"https:\/\/ismaelcolosi.com.br\/index.php\/category\/noticias-de-ribeirao-preto-sp-e-regiao-ismael-colosi\/"},"img":{"alt_text":"","src":"https:\/\/i0.wp.com\/ismaelcolosi.com.br\/wp-content\/uploads\/2024\/05\/frio_luva_1200x675_16042022092951.jpg?fit=1200%2C675&ssl=1&resize=350%2C200","width":350,"height":200,"srcset":"https:\/\/i0.wp.com\/ismaelcolosi.com.br\/wp-content\/uploads\/2024\/05\/frio_luva_1200x675_16042022092951.jpg?fit=1200%2C675&ssl=1&resize=350%2C200 1x, https:\/\/i0.wp.com\/ismaelcolosi.com.br\/wp-content\/uploads\/2024\/05\/frio_luva_1200x675_16042022092951.jpg?fit=1200%2C675&ssl=1&resize=525%2C300 1.5x, https:\/\/i0.wp.com\/ismaelcolosi.com.br\/wp-content\/uploads\/2024\/05\/frio_luva_1200x675_16042022092951.jpg?fit=1200%2C675&ssl=1&resize=700%2C400 2x, https:\/\/i0.wp.com\/ismaelcolosi.com.br\/wp-content\/uploads\/2024\/05\/frio_luva_1200x675_16042022092951.jpg?fit=1200%2C675&ssl=1&resize=1050%2C600 3x"},"classes":[]}],"jetpack_sharing_enabled":true,"jetpack_shortlink":"https:\/\/wp.me\/pfMlyK-cse","_links":{"self":[{"href":"https:\/\/ismaelcolosi.com.br\/index.php\/wp-json\/wp\/v2\/posts\/47878","targetHints":{"allow":["GET"]}}],"collection":[{"href":"https:\/\/ismaelcolosi.com.br\/index.php\/wp-json\/wp\/v2\/posts"}],"about":[{"href":"https:\/\/ismaelcolosi.com.br\/index.php\/wp-json\/wp\/v2\/types\/post"}],"author":[{"embeddable":true,"href":"https:\/\/ismaelcolosi.com.br\/index.php\/wp-json\/wp\/v2\/users\/1"}],"replies":[{"embeddable":true,"href":"https:\/\/ismaelcolosi.com.br\/index.php\/wp-json\/wp\/v2\/comments?post=47878"}],"version-history":[{"count":0,"href":"https:\/\/ismaelcolosi.com.br\/index.php\/wp-json\/wp\/v2\/posts\/47878\/revisions"}],"wp:featuredmedia":[{"embeddable":true,"href":"https:\/\/ismaelcolosi.com.br\/index.php\/wp-json\/wp\/v2\/media\/47879"}],"wp:attachment":[{"href":"https:\/\/ismaelcolosi.com.br\/index.php\/wp-json\/wp\/v2\/media?parent=47878"}],"wp:term":[{"taxonomy":"category","embeddable":true,"href":"https:\/\/ismaelcolosi.com.br\/index.php\/wp-json\/wp\/v2\/categories?post=47878"},{"taxonomy":"post_tag","embeddable":true,"href":"https:\/\/ismaelcolosi.com.br\/index.php\/wp-json\/wp\/v2\/tags?post=47878"}],"curies":[{"name":"wp","href":"https:\/\/api.w.org\/{rel}","templated":true}]}}