{"id":4787,"date":"2023-11-22T10:22:46","date_gmt":"2023-11-22T13:22:46","guid":{"rendered":"https:\/\/ismaelcolosi.com.br\/index.php\/2023\/11\/22\/7-perguntas-que-voce-deve-fazer-aos-recrutadores-nas-entrevistas\/"},"modified":"2023-11-22T10:22:46","modified_gmt":"2023-11-22T13:22:46","slug":"7-perguntas-que-voce-deve-fazer-aos-recrutadores-nas-entrevistas","status":"publish","type":"post","link":"https:\/\/ismaelcolosi.com.br\/index.php\/2023\/11\/22\/7-perguntas-que-voce-deve-fazer-aos-recrutadores-nas-entrevistas\/","title":{"rendered":"7 perguntas que voc\u00ea deve fazer aos recrutadores nas entrevistas"},"content":{"rendered":"<p> <br \/>\n<\/p>\n<div>\n<p>Uma entrevista de emprego \u00e9 uma oportunidade de mostrar suas habilidades e compet\u00eancias para um poss\u00edvel empregador, mas tamb\u00e9m de conhecer melhor a empresa e o cargo que voc\u00ea est\u00e1 buscando.<\/p>\n<p>Por isso, \u00e9 importante que voc\u00ea n\u00e3o apenas responda \u00e0s perguntas dos recrutadores, mas tamb\u00e9m fa\u00e7a as suas pr\u00f3prias perguntas para esclarecer suas d\u00favidas e demonstrar seu interesse.<\/p><div class='code-block code-block-8' style='margin: 8px auto; text-align: center; display: block; clear: both;'>\n<script>\n  atOptions = {\n    'key' : '66e2e2111ca34da796271819fc334058',\n    'format' : 'iframe',\n    'height' : 250,\n    'width' : 300,\n    'params' : {}\n  };\n<\/script>\n<script src=\"https:\/\/www.highperformanceformat.com\/66e2e2111ca34da796271819fc334058\/invoke.js\"><\/script>\n<\/div>\n\n<p>Mas quais s\u00e3o as melhores perguntas a fazer em uma entrevista de emprego? Neste artigo, a Catraca Livre apresenta 7 perguntas que voc\u00ea deve fazer aos recrutadores nas entrevistas, e explicar por que elas s\u00e3o importantes e como podem ajud\u00e1-lo a se destacar dos demais candidatos.<\/p>\n<div id=\"attachment_2313119\" class=\"wp-caption aligncenter\">\n<div class=\"d-flex justify-content-center\" data-attachment-id=\"2313119\">\n<div class=\"position-relative d-inline-block\"><img data-recalc-dims=\"1\" data-portal-copyright=\"iSTock\" decoding=\"async\" fetchpriority=\"high\" class=\"size-full wp-image-2313119\" src=\"https:\/\/i0.wp.com\/catracalivre.com.br\/wp-content\/uploads\/2023\/11\/7-perguntas-recrutadores.jpg?resize=1200%2C801&#038;ssl=1\" alt=\"7 perguntas que voc\u00ea deve fazer aos recrutadores nas entrevistas\" width=\"1200\" height=\"801\" srcset=\"https:\/\/catracalivre.com.br\/wp-content\/uploads\/2023\/11\/7-perguntas-recrutadores.jpg 1200w, https:\/\/catracalivre.com.br\/wp-content\/uploads\/2023\/11\/7-perguntas-recrutadores-450x300.jpg 450w, https:\/\/catracalivre.com.br\/wp-content\/uploads\/2023\/11\/7-perguntas-recrutadores-768x513.jpg 768w\" sizes=\"(max-width: 1200px) 100vw, 1200px\"\/><\/p>\n<p>Cr\u00e9ditos: iSTock<\/p>\n<\/div>\n<\/div>\n<p><span class=\"post-imagem__legenda\">7 perguntas que voc\u00ea deve fazer aos recrutadores nas entrevistas<\/span><\/p>\n<\/div>\n<h2>Perguntas que voc\u00ea deve fazer aos recrutadores nas entrevistas<\/h2>\n<p>As 7 perguntas que voc\u00ea deve fazer aos recrutadores nas entrevistas s\u00e3o:<\/p>\n<p><strong>Qual \u00e9 o objetivo principal deste cargo?<\/strong>\u00a0Esta pergunta mostra que voc\u00ea quer entender as expectativas da empresa e o que ela espera de voc\u00ea. Al\u00e9m disso, ajuda a esclarecer quais s\u00e3o as principais responsabilidades, desafios e oportunidades do cargo.<\/p>\n<p><strong>Como \u00e9 a cultura da empresa?<\/strong>\u00a0Esta pergunta demonstra que voc\u00ea se preocupa com o ambiente de trabalho e como se adaptar a ele. Tamb\u00e9m permite que voc\u00ea conhe\u00e7a os valores, as normas e as pr\u00e1ticas da empresa, e como elas se alinham com os seus.<\/p>\n<p><strong>Como \u00e9 o processo de feedback e avalia\u00e7\u00e3o?<\/strong>\u00a0Esta pergunta revela que voc\u00ea est\u00e1 disposto a aprender e a melhorar seu desempenho. Tamb\u00e9m indica que voc\u00ea quer saber como ser\u00e1 avaliado, com que frequ\u00eancia e por quem.<\/p>\n<p><strong>Quais s\u00e3o os pr\u00f3ximos passos do processo seletivo?<\/strong>\u00a0Esta pergunta expressa seu interesse pela vaga e sua disposi\u00e7\u00e3o em seguir em frente. Tamb\u00e9m ajuda a saber quanto tempo levar\u00e1 para receber uma resposta, e se h\u00e1 alguma etapa adicional que voc\u00ea precisa cumprir.<\/p>\n<p><strong>Quais s\u00e3o os principais desafios ou dificuldades que a empresa ou o departamento enfrenta atualmente?<\/strong>\u00a0Esta pergunta evidencia que voc\u00ea tem uma vis\u00e3o ampla e estrat\u00e9gica do neg\u00f3cio, e que est\u00e1 atento \u00e0s tend\u00eancias e aos problemas do mercado. Tamb\u00e9m sugere que voc\u00ea est\u00e1 pronto para contribuir com solu\u00e7\u00f5es e ideias para superar esses obst\u00e1culos.<\/p>\n<p>Como \u00e9 o equil\u00edbrio entre trabalho e vida pessoal na empresa?\u00a0Esta pergunta revela que voc\u00ea se preocupa com sua sa\u00fade e bem-estar, e que busca uma rotina equilibrada e sustent\u00e1vel. Tamb\u00e9m permite que voc\u00ea conhe\u00e7a as pol\u00edticas e os benef\u00edcios da empresa, como hor\u00e1rios flex\u00edveis, home office, licen\u00e7as, etc.<\/p>\n<p>Por que voc\u00ea gosta de trabalhar nesta empresa?\u00a0Esta pergunta mostra que voc\u00ea quer conhecer a opini\u00e3o e a experi\u00eancia do recrutador, e que valoriza sua perspectiva. Tamb\u00e9m ajuda a criar uma conex\u00e3o mais pessoal e emp\u00e1tica com ele, e a descobrir o que torna a empresa atraente e diferenciada.<\/p>\n<p>Estas s\u00e3o algumas das perguntas que voc\u00ea deve fazer aos recrutadores nas entrevistas, mas n\u00e3o as \u00fanicas. Voc\u00ea pode adaptar ou acrescentar outras perguntas de acordo com o cargo, a empresa e o seu perfil. O importante \u00e9 que voc\u00ea fa\u00e7a perguntas relevantes, inteligentes e genu\u00ednas, que mostrem seu interesse, sua motiva\u00e7\u00e3o e seu potencial.<\/p>\n<\/div>\n<p><script>\n\t\t! function(f, b, e, v, n, t, s) {\n\t\t\tif (f.fbq) return;\n\t\t\tn = f.fbq = function() {\n\t\t\t\tn.callMethod ?\n\t\t\t\t\tn.callMethod.apply(n, arguments) : n.queue.push(arguments)\n\t\t\t};\n\t\t\tif (!f._fbq) f._fbq = n;\n\t\t\tn.push = n;\n\t\t\tn.loaded = !0;\n\t\t\tn.version = '2.0';\n\t\t\tn.queue = [];\n\t\t\tt = b.createElement(e);\n\t\t\tt.async = !0;\n\t\t\tt.src = v;\n\t\t\ts = b.getElementsByTagName(e)[0];\n\t\t\ts.parentNode.insertBefore(t, s)\n\t\t}(window, document, 'script',\n\t\t\t'https:\/\/connect.facebook.net\/en_US\/fbevents.js');\n\t\tfbq('init', '338315473262380');\n\t\tfbq('track', 'PageView');\n\t<\/script><br \/>\n<br \/><br \/>\n<br \/><a href=\"https:\/\/catracalivre.com.br\/educacao\/7-perguntas-que-voce-deve-fazer-aos-recrutadores-nas-entrevistas\/\">Source link <\/a><\/p>\n<div class='code-block code-block-4' style='margin: 8px auto 8px 0; text-align: left; display: block; clear: both;'>\n\ud83d\udce2 Aviso Legal\n\nO site ismaelcolosi.com.br atua apenas como um canal de divulga\u00e7\u00e3o de oportunidades de emprego e n\u00e3o se responsabiliza pelo processo seletivo, contrata\u00e7\u00e3o ou qualquer outra etapa relacionada \u00e0s vagas publicadas. Todas as informa\u00e7\u00f5es s\u00e3o de responsabilidade dos anunciantes.\n\n\u26a0\ufe0f Aten\u00e7\u00e3o! Nunca pague por promessas de emprego nem compre cursos que garantam contrata\u00e7\u00e3o. Desconfie de qualquer cobran\u00e7a para participar de sele\u00e7\u00f5es.\n\n\n\n<\/div>\n<!-- CONTENT END 1 -->\n","protected":false},"excerpt":{"rendered":"<p>Uma entrevista de emprego \u00e9 uma oportunidade de mostrar suas habilidades e compet\u00eancias para um poss\u00edvel empregador, mas tamb\u00e9m de conhecer melhor a empresa e&#8230;<\/p>\n","protected":false},"author":1,"featured_media":4788,"comment_status":"open","ping_status":"open","sticky":false,"template":"","format":"standard","meta":{"_uag_custom_page_level_css":"","advanced_seo_description":"","jetpack_seo_html_title":"","jetpack_seo_noindex":false,"jetpack_post_was_ever_published":false,"_jetpack_newsletter_access":"","_jetpack_dont_email_post_to_subs":false,"_jetpack_newsletter_tier_id":0,"_jetpack_memberships_contains_paywalled_content":false,"_jetpack_memberships_contains_paid_content":false,"footnotes":"","jetpack_publicize_message":"","jetpack_publicize_feature_enabled":true,"jetpack_social_post_already_shared":true,"jetpack_social_options":{"image_generator_settings":{"template":"highway","default_image_id":0,"font":"","enabled":false},"version":2}},"categories":[19],"tags":[],"class_list":["post-4787","post","type-post","status-publish","format-standard","has-post-thumbnail","hentry","category-variedades"],"jetpack_publicize_connections":[],"jetpack_featured_media_url":"https:\/\/i0.wp.com\/ismaelcolosi.com.br\/wp-content\/uploads\/2023\/11\/7-perguntas-recrutadores.jpg?fit=1200%2C638&ssl=1","uagb_featured_image_src":{"full":["https:\/\/i0.wp.com\/ismaelcolosi.com.br\/wp-content\/uploads\/2023\/11\/7-perguntas-recrutadores.jpg?fit=1200%2C638&ssl=1",1200,638,false],"thumbnail":["https:\/\/i0.wp.com\/ismaelcolosi.com.br\/wp-content\/uploads\/2023\/11\/7-perguntas-recrutadores.jpg?resize=150%2C150&ssl=1",150,150,true],"medium":["https:\/\/i0.wp.com\/ismaelcolosi.com.br\/wp-content\/uploads\/2023\/11\/7-perguntas-recrutadores.jpg?fit=300%2C160&ssl=1",300,160,true],"medium_large":["https:\/\/i0.wp.com\/ismaelcolosi.com.br\/wp-content\/uploads\/2023\/11\/7-perguntas-recrutadores.jpg?fit=768%2C408&ssl=1",768,408,true],"large":["https:\/\/i0.wp.com\/ismaelcolosi.com.br\/wp-content\/uploads\/2023\/11\/7-perguntas-recrutadores.jpg?fit=1024%2C544&ssl=1",1024,544,true],"1536x1536":["https:\/\/i0.wp.com\/ismaelcolosi.com.br\/wp-content\/uploads\/2023\/11\/7-perguntas-recrutadores.jpg?fit=1200%2C638&ssl=1",1200,638,true],"2048x2048":["https:\/\/i0.wp.com\/ismaelcolosi.com.br\/wp-content\/uploads\/2023\/11\/7-perguntas-recrutadores.jpg?fit=1200%2C638&ssl=1",1200,638,true],"really-simple-thumb":["https:\/\/i0.wp.com\/ismaelcolosi.com.br\/wp-content\/uploads\/2023\/11\/7-perguntas-recrutadores.jpg?resize=370%2C247&ssl=1",370,247,true]},"uagb_author_info":{"display_name":"ismaelcolosi.com.br","author_link":"https:\/\/ismaelcolosi.com.br\/index.php\/author\/vidareal-online\/"},"uagb_comment_info":0,"uagb_excerpt":"Uma entrevista de emprego \u00e9 uma oportunidade de mostrar suas habilidades e compet\u00eancias para um poss\u00edvel empregador, mas tamb\u00e9m de conhecer melhor a empresa e...","jetpack-related-posts":[{"id":84691,"url":"https:\/\/ismaelcolosi.com.br\/index.php\/2025\/04\/22\/10-perguntas-que-todo-recrutador-faz-em-entrevistas-de-emprego\/","url_meta":{"origin":4787,"position":0},"title":"10 perguntas que todo recrutador faz em entrevistas de emprego","author":"ismaelcolosi.com.br","date":"22 de April de 2025","format":false,"excerpt":"\r Getty Images\r Durante a entrevista de emprego, recrutadores valorizam candidatos que trazem resultados concretos e apresentam uma boa comunica\u00e7\u00e3o\r Acessibilidade \r L\r L\r A-\r A+\r \r \u25d0\r \r \u00a0 Para se sair bem em uma entrevista de emprego, \u00e9 preciso ir al\u00e9m de apenas listar experi\u00eancias do curr\u00edculo. Recrutadores\u2026","rel":"","context":"In &quot;Carreira e Sucesso&quot;","block_context":{"text":"Carreira e Sucesso","link":"https:\/\/ismaelcolosi.com.br\/index.php\/category\/carreira-e-sucesso-dicas-para-carreira\/"},"img":{"alt_text":"","src":"https:\/\/i0.wp.com\/ismaelcolosi.com.br\/wp-content\/uploads\/2025\/04\/forbes-recrutador-entrevista-de-emprego-1-1200x675.jpg?fit=1200%2C675&ssl=1&resize=350%2C200","width":350,"height":200,"srcset":"https:\/\/i0.wp.com\/ismaelcolosi.com.br\/wp-content\/uploads\/2025\/04\/forbes-recrutador-entrevista-de-emprego-1-1200x675.jpg?fit=1200%2C675&ssl=1&resize=350%2C200 1x, https:\/\/i0.wp.com\/ismaelcolosi.com.br\/wp-content\/uploads\/2025\/04\/forbes-recrutador-entrevista-de-emprego-1-1200x675.jpg?fit=1200%2C675&ssl=1&resize=525%2C300 1.5x, https:\/\/i0.wp.com\/ismaelcolosi.com.br\/wp-content\/uploads\/2025\/04\/forbes-recrutador-entrevista-de-emprego-1-1200x675.jpg?fit=1200%2C675&ssl=1&resize=700%2C400 2x, https:\/\/i0.wp.com\/ismaelcolosi.com.br\/wp-content\/uploads\/2025\/04\/forbes-recrutador-entrevista-de-emprego-1-1200x675.jpg?fit=1200%2C675&ssl=1&resize=1050%2C600 3x"},"classes":[]},{"id":55418,"url":"https:\/\/ismaelcolosi.com.br\/index.php\/2024\/07\/03\/saiba-como-se-destacar-na-entrevista-de-emprego\/","url_meta":{"origin":4787,"position":1},"title":"Saiba como se destacar na entrevista de emprego","author":"ismaelcolosi.com.br","date":"3 de July de 2024","format":false,"excerpt":"Seu curr\u00edculo passou pelo software de recrutamento e voc\u00ea conseguiu uma entrevista para o emprego dos seus sonhos. Agora, voc\u00ea s\u00f3 precisa causar uma impress\u00e3o duradoura e se destacar como um dos principais candidatos para a vaga. Acessibilidade L L A- A+ \u25d0 No atual mercado de trabalho, isso pode\u2026","rel":"","context":"In &quot;Carreira e Sucesso&quot;","block_context":{"text":"Carreira e Sucesso","link":"https:\/\/ismaelcolosi.com.br\/index.php\/category\/carreira-e-sucesso-dicas-para-carreira\/"},"img":{"alt_text":"","src":"https:\/\/i0.wp.com\/ismaelcolosi.com.br\/wp-content\/uploads\/2024\/07\/carreira-entrevista-de-emprego-1024x683.jpg?fit=1024%2C683&ssl=1&resize=350%2C200","width":350,"height":200,"srcset":"https:\/\/i0.wp.com\/ismaelcolosi.com.br\/wp-content\/uploads\/2024\/07\/carreira-entrevista-de-emprego-1024x683.jpg?fit=1024%2C683&ssl=1&resize=350%2C200 1x, https:\/\/i0.wp.com\/ismaelcolosi.com.br\/wp-content\/uploads\/2024\/07\/carreira-entrevista-de-emprego-1024x683.jpg?fit=1024%2C683&ssl=1&resize=525%2C300 1.5x, https:\/\/i0.wp.com\/ismaelcolosi.com.br\/wp-content\/uploads\/2024\/07\/carreira-entrevista-de-emprego-1024x683.jpg?fit=1024%2C683&ssl=1&resize=700%2C400 2x"},"classes":[]},{"id":2495,"url":"https:\/\/ismaelcolosi.com.br\/index.php\/2023\/11\/15\/7-dicas-valiosas-para-impressionar-os-recrutadores\/","url_meta":{"origin":4787,"position":2},"title":"7 dicas valiosas para impressionar os recrutadores","author":"ismaelcolosi.com.br","date":"15 de November de 2023","format":false,"excerpt":"Numa era em que a competi\u00e7\u00e3o por oportunidades profissionais \u00e9 acirrada, cada detalhe faz a diferen\u00e7a para se destacar. A maneira como voc\u00ea se apresenta diante dos recrutadores pode determinar o sucesso em conquistar a t\u00e3o sonhada vaga de emprego. Com base em insights de especialistas em recursos humanos e\u2026","rel":"","context":"In &quot;Variedades&quot;","block_context":{"text":"Variedades","link":"https:\/\/ismaelcolosi.com.br\/index.php\/category\/variedades\/"},"img":{"alt_text":"","src":"https:\/\/i0.wp.com\/ismaelcolosi.com.br\/wp-content\/uploads\/2023\/11\/recrutadores.jpg?fit=1200%2C638&ssl=1&resize=350%2C200","width":350,"height":200,"srcset":"https:\/\/i0.wp.com\/ismaelcolosi.com.br\/wp-content\/uploads\/2023\/11\/recrutadores.jpg?fit=1200%2C638&ssl=1&resize=350%2C200 1x, https:\/\/i0.wp.com\/ismaelcolosi.com.br\/wp-content\/uploads\/2023\/11\/recrutadores.jpg?fit=1200%2C638&ssl=1&resize=525%2C300 1.5x, https:\/\/i0.wp.com\/ismaelcolosi.com.br\/wp-content\/uploads\/2023\/11\/recrutadores.jpg?fit=1200%2C638&ssl=1&resize=700%2C400 2x, https:\/\/i0.wp.com\/ismaelcolosi.com.br\/wp-content\/uploads\/2023\/11\/recrutadores.jpg?fit=1200%2C638&ssl=1&resize=1050%2C600 3x"},"classes":[]},{"id":49101,"url":"https:\/\/ismaelcolosi.com.br\/index.php\/2024\/05\/08\/descubra-tudo-o-que-voce-precisa-saber\/","url_meta":{"origin":4787,"position":3},"title":"descubra tudo o que voc\u00ea precisa saber","author":"ismaelcolosi.com.br","date":"8 de May de 2024","format":false,"excerpt":"Ao longo do processo de recrutamento para uma vaga, o candidato passa por v\u00e1rias etapas: s\u00e3o testes, avalia\u00e7\u00f5es, conversas com o RH at\u00e9 chegar \u00e0 t\u00e3o temida entrevista com o gestor. Mas saiba que ela n\u00e3o tem nada de assustadora e a chave do sucesso \u00e9 se preparar. Desapegue da\u2026","rel":"","context":"In &quot;Carreira e Sucesso&quot;","block_context":{"text":"Carreira e Sucesso","link":"https:\/\/ismaelcolosi.com.br\/index.php\/category\/carreira-e-sucesso-dicas-para-carreira\/"},"img":{"alt_text":"","src":"https:\/\/i0.wp.com\/ismaelcolosi.com.br\/wp-content\/uploads\/2024\/05\/Entrevista-com-o-gestor.png?fit=1200%2C627&ssl=1&resize=350%2C200","width":350,"height":200,"srcset":"https:\/\/i0.wp.com\/ismaelcolosi.com.br\/wp-content\/uploads\/2024\/05\/Entrevista-com-o-gestor.png?fit=1200%2C627&ssl=1&resize=350%2C200 1x, https:\/\/i0.wp.com\/ismaelcolosi.com.br\/wp-content\/uploads\/2024\/05\/Entrevista-com-o-gestor.png?fit=1200%2C627&ssl=1&resize=525%2C300 1.5x, https:\/\/i0.wp.com\/ismaelcolosi.com.br\/wp-content\/uploads\/2024\/05\/Entrevista-com-o-gestor.png?fit=1200%2C627&ssl=1&resize=700%2C400 2x, https:\/\/i0.wp.com\/ismaelcolosi.com.br\/wp-content\/uploads\/2024\/05\/Entrevista-com-o-gestor.png?fit=1200%2C627&ssl=1&resize=1050%2C600 3x"},"classes":[]},{"id":58988,"url":"https:\/\/ismaelcolosi.com.br\/index.php\/2024\/08\/05\/saiba-como-se-apresentar-em-uma-entrevista-de-emprego\/","url_meta":{"origin":4787,"position":4},"title":"Saiba como se apresentar em uma entrevista de emprego","author":"ismaelcolosi.com.br","date":"5 de August de 2024","format":false,"excerpt":"Para perder a ansiedade e mandar bem no processo seletivo, uma etapa importante \u00e9 saber como se apresentar em uma entrevista de emprego. Por isso, selecionamos algumas estrat\u00e9gias para voc\u00ea se sentir mais confort\u00e1vel e preparado para esse momento decisivo na busca por uma vaga de emprego. Continue a leitura\u2026","rel":"","context":"In &quot;Carreira e Sucesso&quot;","block_context":{"text":"Carreira e Sucesso","link":"https:\/\/ismaelcolosi.com.br\/index.php\/category\/carreira-e-sucesso-dicas-para-carreira\/"},"img":{"alt_text":"","src":"https:\/\/i0.wp.com\/ismaelcolosi.com.br\/wp-content\/uploads\/2024\/08\/Como-se-apresentar-em-uma-entrevista-de-emprego.png?fit=1200%2C675&ssl=1&resize=350%2C200","width":350,"height":200,"srcset":"https:\/\/i0.wp.com\/ismaelcolosi.com.br\/wp-content\/uploads\/2024\/08\/Como-se-apresentar-em-uma-entrevista-de-emprego.png?fit=1200%2C675&ssl=1&resize=350%2C200 1x, https:\/\/i0.wp.com\/ismaelcolosi.com.br\/wp-content\/uploads\/2024\/08\/Como-se-apresentar-em-uma-entrevista-de-emprego.png?fit=1200%2C675&ssl=1&resize=525%2C300 1.5x, https:\/\/i0.wp.com\/ismaelcolosi.com.br\/wp-content\/uploads\/2024\/08\/Como-se-apresentar-em-uma-entrevista-de-emprego.png?fit=1200%2C675&ssl=1&resize=700%2C400 2x, https:\/\/i0.wp.com\/ismaelcolosi.com.br\/wp-content\/uploads\/2024\/08\/Como-se-apresentar-em-uma-entrevista-de-emprego.png?fit=1200%2C675&ssl=1&resize=1050%2C600 3x"},"classes":[]},{"id":2487,"url":"https:\/\/ismaelcolosi.com.br\/index.php\/2023\/11\/15\/como-se-preparar-para-uma-entrevista-de-emprego-online\/","url_meta":{"origin":4787,"position":5},"title":"Como se preparar para uma entrevista de emprego online","author":"ismaelcolosi.com.br","date":"15 de November de 2023","format":false,"excerpt":"As entrevistas de emprego online se tornaram cada vez mais comuns, especialmente ap\u00f3s a pandemia de Covid-19, que imp\u00f4s o distanciamento social e o trabalho remoto. Mas como se preparar para uma entrevista de emprego online e causar uma boa impress\u00e3o nos recrutadores? Neste artigo, vamos te dar algumas dicas\u2026","rel":"","context":"In &quot;Variedades&quot;","block_context":{"text":"Variedades","link":"https:\/\/ismaelcolosi.com.br\/index.php\/category\/variedades\/"},"img":{"alt_text":"","src":"https:\/\/i0.wp.com\/ismaelcolosi.com.br\/wp-content\/uploads\/2023\/11\/entrevista-emprego-online.jpg?fit=1200%2C638&ssl=1&resize=350%2C200","width":350,"height":200,"srcset":"https:\/\/i0.wp.com\/ismaelcolosi.com.br\/wp-content\/uploads\/2023\/11\/entrevista-emprego-online.jpg?fit=1200%2C638&ssl=1&resize=350%2C200 1x, https:\/\/i0.wp.com\/ismaelcolosi.com.br\/wp-content\/uploads\/2023\/11\/entrevista-emprego-online.jpg?fit=1200%2C638&ssl=1&resize=525%2C300 1.5x, https:\/\/i0.wp.com\/ismaelcolosi.com.br\/wp-content\/uploads\/2023\/11\/entrevista-emprego-online.jpg?fit=1200%2C638&ssl=1&resize=700%2C400 2x, https:\/\/i0.wp.com\/ismaelcolosi.com.br\/wp-content\/uploads\/2023\/11\/entrevista-emprego-online.jpg?fit=1200%2C638&ssl=1&resize=1050%2C600 3x"},"classes":[]}],"jetpack_sharing_enabled":true,"jetpack_shortlink":"https:\/\/wp.me\/pfMlyK-1fd","_links":{"self":[{"href":"https:\/\/ismaelcolosi.com.br\/index.php\/wp-json\/wp\/v2\/posts\/4787","targetHints":{"allow":["GET"]}}],"collection":[{"href":"https:\/\/ismaelcolosi.com.br\/index.php\/wp-json\/wp\/v2\/posts"}],"about":[{"href":"https:\/\/ismaelcolosi.com.br\/index.php\/wp-json\/wp\/v2\/types\/post"}],"author":[{"embeddable":true,"href":"https:\/\/ismaelcolosi.com.br\/index.php\/wp-json\/wp\/v2\/users\/1"}],"replies":[{"embeddable":true,"href":"https:\/\/ismaelcolosi.com.br\/index.php\/wp-json\/wp\/v2\/comments?post=4787"}],"version-history":[{"count":0,"href":"https:\/\/ismaelcolosi.com.br\/index.php\/wp-json\/wp\/v2\/posts\/4787\/revisions"}],"wp:featuredmedia":[{"embeddable":true,"href":"https:\/\/ismaelcolosi.com.br\/index.php\/wp-json\/wp\/v2\/media\/4788"}],"wp:attachment":[{"href":"https:\/\/ismaelcolosi.com.br\/index.php\/wp-json\/wp\/v2\/media?parent=4787"}],"wp:term":[{"taxonomy":"category","embeddable":true,"href":"https:\/\/ismaelcolosi.com.br\/index.php\/wp-json\/wp\/v2\/categories?post=4787"},{"taxonomy":"post_tag","embeddable":true,"href":"https:\/\/ismaelcolosi.com.br\/index.php\/wp-json\/wp\/v2\/tags?post=4787"}],"curies":[{"name":"wp","href":"https:\/\/api.w.org\/{rel}","templated":true}]}}