{"id":47848,"date":"2024-04-29T09:25:03","date_gmt":"2024-04-29T12:25:03","guid":{"rendered":"https:\/\/ismaelcolosi.com.br\/index.php\/2024\/04\/29\/casas-bahia-entra-com-pedido-de-recuperacao-extrajudicial-para-divida-de-r-41-bi-entenda\/"},"modified":"2024-04-29T09:25:03","modified_gmt":"2024-04-29T12:25:03","slug":"casas-bahia-entra-com-pedido-de-recuperacao-extrajudicial-para-divida-de-r-41-bi-entenda","status":"publish","type":"post","link":"https:\/\/ismaelcolosi.com.br\/index.php\/2024\/04\/29\/casas-bahia-entra-com-pedido-de-recuperacao-extrajudicial-para-divida-de-r-41-bi-entenda\/","title":{"rendered":"Casas\u00a0Bahia\u00a0entra com pedido de recupera\u00e7\u00e3o extrajudicial para d\u00edvida de R$ 4,1 bi; Entenda"},"content":{"rendered":"<p> <br \/>\n<\/p>\n<div>\n<p><strong>A\u00a0Casas\u00a0Bahia\u00a0entrou com pedido de recupera\u00e7\u00e3o extrajudicial para d\u00edvidas que somam R$ 4,1 bilh\u00f5es.<\/strong><\/p>\n<p>O <span style=\"background-color:#f7cc62\" class=\"td_text_highlight_marker\">pedido j\u00e1 \u00e9 pr\u00e9-acordado com os principais credores, que det\u00e9m 54,5% dos d\u00e9bitos<\/span> e, portanto, deve ser aplicado tamb\u00e9m aos demais credores pulverizados, dentre eles, pessoas f\u00edsicas. <\/p><div class='code-block code-block-8' style='margin: 8px auto; text-align: center; display: block; clear: both;'>\n<script>\n  atOptions = {\n    'key' : '66e2e2111ca34da796271819fc334058',\n    'format' : 'iframe',\n    'height' : 250,\n    'width' : 300,\n    'params' : {}\n  };\n<\/script>\n<script src=\"https:\/\/www.highperformanceformat.com\/66e2e2111ca34da796271819fc334058\/invoke.js\"><\/script>\n<\/div>\n\n<p>O montante renegociado, que envolve a 6\u00aa, 7\u00aa, 8\u00aa e 9\u00aa s\u00e9ries de deb\u00eantures, tinha custo m\u00e9dio de CDI +2,7% e prazo de 22 meses. Agora, o custo est\u00e1 em CDI + 1,2%, em um prazo de 72 meses. Nos c\u00e1lculos da empresa, o novo perfil da d\u00edvida preserva R$ 4,3 bilh\u00f5es de caixa at\u00e9 2027, sendo R$ 1,5 bilh\u00e3o somente em 2024. Como contrapartida, os principais bancos credores ganham o dinheiro de converter 63% dos valores que lhe s\u00e3o devidos em a\u00e7\u00f5es da varejista.<\/p>\n<p>O acordo inclui uma car\u00eancia de 24 meses para pagamentos de juros e 30 meses para pagamento de principal. Assim, antes da renegocia\u00e7\u00e3o, a empresa desembolsaria, at\u00e9 2027, R$ 4,8 bilh\u00f5es. Agora, a empresa ter\u00e1 de arcar, no mesmo prazo, apenas com R$ 500 milh\u00f5es.<\/p>\n<blockquote class=\"wp-block-quote\">\n<p>\u201cTodo mundo olhava e via que t\u00ednhamos pagamentos de juros todos os anos. Era R$1,5 bilh\u00e3o esse ano e quase R$ 1 bilh\u00e3o nos pr\u00f3ximos anos. Perguntavam: Voc\u00eas conseguem gerar caixa para isso tudo?. Por mais que o plano de reestrutura\u00e7\u00e3o estivesse indo bem, iria ficar apertado. Ir\u00edamos trabalhar para pagar juros, diziam. Desse jeito, n\u00e3o. Ganhamos muita flexibilidade e caixa para eventuais volatilidades e, tamb\u00e9m, para aproveitar algumas oportunidades de mercado e nos prepararmos para a Black Friday, por exemplo\u201d.<\/p>\n<p><cite>Renato Franklin ao Broadcast,  CEO da\u00a0Casas\u00a0Bahia<\/cite><\/p><\/blockquote>\n<h4 class=\"wp-block-heading\"><strong>D\u00edvidas sem garantia<\/strong><\/h4>\n<p>A opera\u00e7\u00e3o tem per\u00edmetro restrito, ou seja, inclui apenas <strong>d\u00edvidas financeiras sem garantias<\/strong>, como <strong>deb\u00eantures <\/strong>e CCBs emitidas junto aos bancos. O <strong>Bradesco <\/strong>possui R$ 953 milh\u00f5es em deb\u00eantures e o <strong>Banco do Brasil<\/strong>, R$ 1,272 bilh\u00e3o, o que representa 54,5% do total das emiss\u00f5es contempladas no plano.<\/p>\n<p>O acordo determina que as quatro s\u00e9ries de <strong>deb\u00eantures<\/strong>, mais as c\u00e9dulas de cr\u00e9dito banc\u00e1rio, sejam transformadas em uma \u00fanica deb\u00eanture de tr\u00eas s\u00e9ries. A primeira representar\u00e1 37% dos d\u00e9bitos de todos os credores e ser\u00e1 paga com car\u00eancia de juros de 24 meses e car\u00eancia de principal de 30 meses. A taxa ser\u00e1 de CDI + 1,5%, com pagamentos semestrais ap\u00f3s a car\u00eancia. Sendo que a maior parcela (60%) ser\u00e1 paga em novembro de 2029.<\/p>\n<p>Depois, para receber o restante (63%), ser\u00e1 poss\u00edvel escolher entre a segunda e a terceira s\u00e9rie. Quem optar pela categoria de \u201ccredor parceiro\u201d (s\u00e9rie 2), como o Banco do Brasil e o Bradesco, deve manter as atuais condi\u00e7\u00f5es de outras linhas de cr\u00e9dito que n\u00e3o fazem parte da Reestrutura\u00e7\u00e3o Extrajudicial. No caso desses dois bancos, as linhas s\u00e3o as que financiam o credi\u00e1rio da varejista e as opera\u00e7\u00f5es de risco sacado.<\/p>\n<p>Nessa op\u00e7\u00e3o, ser\u00e1 poss\u00edvel converter a d\u00edvida em a\u00e7\u00f5es da companhia entre 18 e 36 meses por 80% do valor m\u00e9dio dos pap\u00e9is nos 90 dias anteriores, ou aguardar o pagamento at\u00e9 novembro de 2030, com juros de CDI + 1%. Se essa op\u00e7\u00e3o fosse feita integralmente, com o valor de mercado atual da companhia, e sem que os atuais s\u00f3cios exercessem seu direito de investir mais para n\u00e3o serem dilu\u00eddos, os dois bancos assumiriam o controle da varejista. Franklin diz, por\u00e9m, que n\u00e3o acredita que os bancos tenham essa inten\u00e7\u00e3o.<\/p>\n<p>Caso mais detentores dos t\u00edtulos de d\u00edvida queiram aderir a essa categoria, ter\u00e3o de fazer novos empr\u00e9stimos \u00e0 empresa. Do contr\u00e1rio, eles ser\u00e3o enquadrados na s\u00e9rie 3 e ter\u00e3o de aguardar o pagamento at\u00e9 novembro de 2030, com juros de CDI + 1%.<\/p>\n<p>\u201cEstamos fazendo um acordo estrutural e definitivo para a companhia. Nessa negocia\u00e7\u00e3o conseguimos n\u00e3o s\u00f3 as car\u00eancias para juros e principal, mas um cronograma de amortiza\u00e7\u00e3o tamb\u00e9m bem mais dilu\u00eddo. Isso transforma o perfil de d\u00edvida da companhia\u201d, concluiu Franklin.<\/p>\n<h4 class=\"wp-block-heading\"><strong>Casas Bahia em Ribeir\u00e3o Preto<\/strong><\/h4>\n<p>O Grupo Casas Bahia informou, por meio de nota ao <strong>acidade on<\/strong> emitida h\u00e1 duas semanas, que <span style=\"background-color:#f7cc62\" class=\"td_text_highlight_marker\">mant\u00e9m seu Centro de Distribui\u00e7\u00e3o na cidade de Ribeir\u00e3o Preto em \u201cpleno funcionamento\u201d<\/span>, o que inclui a expedi\u00e7\u00e3o de cargas para os consumidores. <\/p>\n<blockquote class=\"wp-block-quote\">\n<p>\u201cA Companhia esclarece que est\u00e1 passando por um processo de revis\u00e3o de sua malha log\u00edstica, como parte integrante do Plano de Transforma\u00e7\u00e3o e por isso houve uma redu\u00e7\u00e3o significativa nos estoques dessa unidade. Diante disso, est\u00e1 buscando sublocat\u00e1rios interessados em ocupar essa \u00e1rea dispon\u00edvel nas instala\u00e7\u00f5es\u201d.<\/p>\n<p><cite>Grupo Casas Bahia <\/cite><\/p><\/blockquote>\n<p>SAIBA MAIS<\/p>\n<p>Agrishow espera mais de 195 mil visitantes a partir desta segunda em Ribeir\u00e3o Preto<\/p>\n<h4 class=\"wp-block-heading\"><strong>FIQUE ON<\/strong><\/h4>\n<p>Fique ligado em tudo que acontece em Ribeir\u00e3o Preto e regi\u00e3o. Siga os perfis do\u00a0<strong>acidade on\u00a0<\/strong>no\u00a0<a href=\"https:\/\/www.instagram.com\/acidadeonribeirao\" target=\"_blank\" rel=\"noreferrer noopener\">Instagram<\/a>\u00a0e no\u00a0<a href=\"https:\/\/www.facebook.com\/acidadeonribeirao\" target=\"_blank\" rel=\"noreferrer noopener\">Facebook<\/a>.<\/p>\n<p>Receba not\u00edcias do acidade on no WhatsApp. Para entrar no grupo, basta\u00a0<a href=\"https:\/\/chat.whatsapp.com\/GFH9HUMUTHNFJdnyEd0xxq\" target=\"_blank\" rel=\"noreferrer noopener\">clicar aqui<\/a>.<\/p>\n<p>Fa\u00e7a uma den\u00fancia ou sugira uma reportagem sobre Ribeir\u00e3o Preto e regi\u00e3o pelo WhatsApp: 16 99117 7802.<\/p>\n<p>VEJA TAMB\u00c9M<\/p>\n<p>Quem s\u00e3o as mulheres do McDonald\u2019s do Leblon? Entenda caso<\/p>\n<p><!-- AI CONTENT END 1 -->\n<\/div>\n<p><script async src=\"\/\/www.instagram.com\/embed.js\"><\/script><br \/>\n<br \/><br \/>\n<br \/><a href=\"https:\/\/www.acidadeon.com\/ribeiraopreto\/cotidiano\/casas-bahia-entra-com-pedido-de-recuperacao-extrajudicial-para-divida-de-r-41-bi-entenda\/\">Source link <\/a><\/p>\n<div class='code-block code-block-4' style='margin: 8px auto 8px 0; text-align: left; display: block; clear: both;'>\n\ud83d\udce2 Aviso Legal\n\nO site ismaelcolosi.com.br atua apenas como um canal de divulga\u00e7\u00e3o de oportunidades de emprego e n\u00e3o se responsabiliza pelo processo seletivo, contrata\u00e7\u00e3o ou qualquer outra etapa relacionada \u00e0s vagas publicadas. Todas as informa\u00e7\u00f5es s\u00e3o de responsabilidade dos anunciantes.\n\n\u26a0\ufe0f Aten\u00e7\u00e3o! Nunca pague por promessas de emprego nem compre cursos que garantam contrata\u00e7\u00e3o. Desconfie de qualquer cobran\u00e7a para participar de sele\u00e7\u00f5es.\n\n\n\n<\/div>\n<!-- CONTENT END 1 -->\n","protected":false},"excerpt":{"rendered":"<p>A\u00a0Casas\u00a0Bahia\u00a0entrou com pedido de recupera\u00e7\u00e3o extrajudicial para d\u00edvidas que somam R$ 4,1 bilh\u00f5es. O pedido j\u00e1 \u00e9 pr\u00e9-acordado com os principais credores, que det\u00e9m 54,5%&#8230;<\/p>\n","protected":false},"author":1,"featured_media":47849,"comment_status":"open","ping_status":"open","sticky":false,"template":"","format":"standard","meta":{"_uag_custom_page_level_css":"","advanced_seo_description":"","jetpack_seo_html_title":"","jetpack_seo_noindex":false,"jetpack_post_was_ever_published":false,"_jetpack_newsletter_access":"","_jetpack_dont_email_post_to_subs":false,"_jetpack_newsletter_tier_id":0,"_jetpack_memberships_contains_paywalled_content":false,"_jetpack_memberships_contains_paid_content":false,"footnotes":"","jetpack_publicize_message":"","jetpack_publicize_feature_enabled":true,"jetpack_social_post_already_shared":true,"jetpack_social_options":{"image_generator_settings":{"template":"highway","default_image_id":0,"font":"","enabled":false},"version":2}},"categories":[11],"tags":[],"class_list":["post-47848","post","type-post","status-publish","format-standard","has-post-thumbnail","hentry","category-noticias-de-ribeirao-preto-sp-e-regiao-ismael-colosi"],"jetpack_publicize_connections":[],"jetpack_featured_media_url":"https:\/\/i0.wp.com\/ismaelcolosi.com.br\/wp-content\/uploads\/2024\/04\/Casa-Bahia2.jpg?fit=840%2C630&ssl=1","uagb_featured_image_src":{"full":["https:\/\/i0.wp.com\/ismaelcolosi.com.br\/wp-content\/uploads\/2024\/04\/Casa-Bahia2.jpg?fit=840%2C630&ssl=1",840,630,false],"thumbnail":["https:\/\/i0.wp.com\/ismaelcolosi.com.br\/wp-content\/uploads\/2024\/04\/Casa-Bahia2.jpg?resize=150%2C150&ssl=1",150,150,true],"medium":["https:\/\/i0.wp.com\/ismaelcolosi.com.br\/wp-content\/uploads\/2024\/04\/Casa-Bahia2.jpg?fit=300%2C225&ssl=1",300,225,true],"medium_large":["https:\/\/i0.wp.com\/ismaelcolosi.com.br\/wp-content\/uploads\/2024\/04\/Casa-Bahia2.jpg?fit=768%2C576&ssl=1",768,576,true],"large":["https:\/\/i0.wp.com\/ismaelcolosi.com.br\/wp-content\/uploads\/2024\/04\/Casa-Bahia2.jpg?fit=840%2C630&ssl=1",840,630,true],"1536x1536":["https:\/\/i0.wp.com\/ismaelcolosi.com.br\/wp-content\/uploads\/2024\/04\/Casa-Bahia2.jpg?fit=840%2C630&ssl=1",840,630,true],"2048x2048":["https:\/\/i0.wp.com\/ismaelcolosi.com.br\/wp-content\/uploads\/2024\/04\/Casa-Bahia2.jpg?fit=840%2C630&ssl=1",840,630,true],"really-simple-thumb":["https:\/\/i0.wp.com\/ismaelcolosi.com.br\/wp-content\/uploads\/2024\/04\/Casa-Bahia2.jpg?resize=370%2C247&ssl=1",370,247,true]},"uagb_author_info":{"display_name":"ismaelcolosi.com.br","author_link":"https:\/\/ismaelcolosi.com.br\/index.php\/author\/vidareal-online\/"},"uagb_comment_info":0,"uagb_excerpt":"A\u00a0Casas\u00a0Bahia\u00a0entrou com pedido de recupera\u00e7\u00e3o extrajudicial para d\u00edvidas que somam R$ 4,1 bilh\u00f5es. O pedido j\u00e1 \u00e9 pr\u00e9-acordado com os principais credores, que det\u00e9m 54,5%...","jetpack-related-posts":[{"id":48516,"url":"https:\/\/ismaelcolosi.com.br\/index.php\/2024\/05\/03\/recuperacao-extrajudicial-casas-bahia-fecha-acordo-com-principais-credores\/","url_meta":{"origin":47848,"position":0},"title":"Recupera\u00e7\u00e3o extrajudicial: Casas Bahia fecha acordo com principais credores","author":"ismaelcolosi.com.br","date":"3 de May de 2024","format":false,"excerpt":"A Casas Bahia deu um importante passo nesta semana dentro de seu Plano de Transforma\u00e7\u00e3o. Com apoio de seus principais credores, a companhia promoveu uma renegocia\u00e7\u00e3o de sua d\u00edvida que permitiu o alongamento do prazo, a redu\u00e7\u00e3o dos juros e trouxe uma previs\u00e3o de melhora no fluxo de caixa para\u2026","rel":"","context":"In &quot;Not\u00edcias de Ribeir\u00e3o Preto-SP e Regi\u00e3o&quot;","block_context":{"text":"Not\u00edcias de Ribeir\u00e3o Preto-SP e Regi\u00e3o","link":"https:\/\/ismaelcolosi.com.br\/index.php\/category\/noticias-de-ribeirao-preto-sp-e-regiao-ismael-colosi\/"},"img":{"alt_text":"","src":"https:\/\/i0.wp.com\/ismaelcolosi.com.br\/wp-content\/uploads\/2024\/05\/Casa-Bahia2.jpg?fit=840%2C630&ssl=1&resize=350%2C200","width":350,"height":200,"srcset":"https:\/\/i0.wp.com\/ismaelcolosi.com.br\/wp-content\/uploads\/2024\/05\/Casa-Bahia2.jpg?fit=840%2C630&ssl=1&resize=350%2C200 1x, https:\/\/i0.wp.com\/ismaelcolosi.com.br\/wp-content\/uploads\/2024\/05\/Casa-Bahia2.jpg?fit=840%2C630&ssl=1&resize=525%2C300 1.5x, https:\/\/i0.wp.com\/ismaelcolosi.com.br\/wp-content\/uploads\/2024\/05\/Casa-Bahia2.jpg?fit=840%2C630&ssl=1&resize=700%2C400 2x"},"classes":[]},{"id":55274,"url":"https:\/\/ismaelcolosi.com.br\/index.php\/2024\/07\/01\/casa-do-pao-de-queijo-entra-com-pedido-de-recuperacao-judicial-para-divida-de-r-575-milhoes\/","url_meta":{"origin":47848,"position":1},"title":"Casa do P\u00e3o de Queijo entra com pedido de recupera\u00e7\u00e3o judicial para d\u00edvida de R$ 57,5 milh\u00f5es","author":"ismaelcolosi.com.br","date":"1 de July de 2024","format":false,"excerpt":"A Casa do P\u00e3o de Queijo, uma das principais redes de cafeterias do pa\u00eds, entrou com pedido de recupera\u00e7\u00e3o judicial na \u00faltima sexta-feira (23), com uma d\u00edvida de aproximadamente R$ 57,5 milh\u00f5es. O portal acidade on teve acesso \u00e0 a\u00e7\u00e3o que foi protocolada na Vara de Compet\u00eancia Empresarial e de\u2026","rel":"","context":"In &quot;Not\u00edcias de Ribeir\u00e3o Preto-SP e Regi\u00e3o&quot;","block_context":{"text":"Not\u00edcias de Ribeir\u00e3o Preto-SP e Regi\u00e3o","link":"https:\/\/ismaelcolosi.com.br\/index.php\/category\/noticias-de-ribeirao-preto-sp-e-regiao-ismael-colosi\/"},"img":{"alt_text":"","src":"https:\/\/i0.wp.com\/ismaelcolosi.com.br\/wp-content\/uploads\/2024\/07\/bebidas-quentes-desktop_2024-07-01_21-22-40_jpg_2024-07-01_21-22-40.webp.webp?fit=960%2C470&ssl=1&resize=350%2C200","width":350,"height":200,"srcset":"https:\/\/i0.wp.com\/ismaelcolosi.com.br\/wp-content\/uploads\/2024\/07\/bebidas-quentes-desktop_2024-07-01_21-22-40_jpg_2024-07-01_21-22-40.webp.webp?fit=960%2C470&ssl=1&resize=350%2C200 1x, https:\/\/i0.wp.com\/ismaelcolosi.com.br\/wp-content\/uploads\/2024\/07\/bebidas-quentes-desktop_2024-07-01_21-22-40_jpg_2024-07-01_21-22-40.webp.webp?fit=960%2C470&ssl=1&resize=525%2C300 1.5x, https:\/\/i0.wp.com\/ismaelcolosi.com.br\/wp-content\/uploads\/2024\/07\/bebidas-quentes-desktop_2024-07-01_21-22-40_jpg_2024-07-01_21-22-40.webp.webp?fit=960%2C470&ssl=1&resize=700%2C400 2x"},"classes":[]},{"id":58506,"url":"https:\/\/ismaelcolosi.com.br\/index.php\/2024\/07\/31\/grupo-com-supermercado-em-ribeirao-preto-tem-recuperacao-judicial-aprovada\/","url_meta":{"origin":47848,"position":2},"title":"Grupo com supermercado em Ribeir\u00e3o Preto tem recupera\u00e7\u00e3o judicial aprovada","author":"ismaelcolosi.com.br","date":"31 de July de 2024","format":false,"excerpt":"O Grupo Solar Supermercados, propriet\u00e1rio do Alma Julia, em Ribeir\u00e3o Preto, anunciou que teve o plano de recupera\u00e7\u00e3o judicial foi aprovado pela assembleia geral de credores, realizada na \u00faltima ter\u00e7a-feira (30), em Santa Rosa do Viterbo, sede do grupo. Esse \u00e9 o segundo pedido de recupera\u00e7\u00e3o judicial do grupo, que\u2026","rel":"","context":"In &quot;Not\u00edcias de Ribeir\u00e3o Preto-SP e Regi\u00e3o&quot;","block_context":{"text":"Not\u00edcias de Ribeir\u00e3o Preto-SP e Regi\u00e3o","link":"https:\/\/ismaelcolosi.com.br\/index.php\/category\/noticias-de-ribeirao-preto-sp-e-regiao-ismael-colosi\/"},"img":{"alt_text":"","src":"https:\/\/i0.wp.com\/ismaelcolosi.com.br\/wp-content\/uploads\/2024\/07\/alma-julia-ribeirao-preto_2024-07-31_15-00-40_jpg_2024-07-31_15-00-40.webp.webp?fit=1078%2C677&ssl=1&resize=350%2C200","width":350,"height":200,"srcset":"https:\/\/i0.wp.com\/ismaelcolosi.com.br\/wp-content\/uploads\/2024\/07\/alma-julia-ribeirao-preto_2024-07-31_15-00-40_jpg_2024-07-31_15-00-40.webp.webp?fit=1078%2C677&ssl=1&resize=350%2C200 1x, https:\/\/i0.wp.com\/ismaelcolosi.com.br\/wp-content\/uploads\/2024\/07\/alma-julia-ribeirao-preto_2024-07-31_15-00-40_jpg_2024-07-31_15-00-40.webp.webp?fit=1078%2C677&ssl=1&resize=525%2C300 1.5x, https:\/\/i0.wp.com\/ismaelcolosi.com.br\/wp-content\/uploads\/2024\/07\/alma-julia-ribeirao-preto_2024-07-31_15-00-40_jpg_2024-07-31_15-00-40.webp.webp?fit=1078%2C677&ssl=1&resize=700%2C400 2x, https:\/\/i0.wp.com\/ismaelcolosi.com.br\/wp-content\/uploads\/2024\/07\/alma-julia-ribeirao-preto_2024-07-31_15-00-40_jpg_2024-07-31_15-00-40.webp.webp?fit=1078%2C677&ssl=1&resize=1050%2C600 3x"},"classes":[]},{"id":48542,"url":"https:\/\/ismaelcolosi.com.br\/index.php\/2024\/05\/03\/agrishow-afirma-que-alcancou-r-136-bilhoes-em-negocios-em-2024\/","url_meta":{"origin":47848,"position":3},"title":"Agrishow afirma que alcan\u00e7ou R$ 13,6 bilh\u00f5es em neg\u00f3cios em 2024","author":"ismaelcolosi.com.br","date":"3 de May de 2024","format":false,"excerpt":"A organiza\u00e7\u00e3o da Agrishow anunciou que alcan\u00e7ou R$ 13,608 bilh\u00f5es em inten\u00e7\u00f5es de neg\u00f3cios para o setor de m\u00e1quinas e implementos agr\u00edcolas em 2024. A feira termina nesta sexta-feira (3), em Ribeir\u00e3o Preto, e contou com crescimento de 2,4%, em rela\u00e7\u00e3o ao ano passado. O n\u00famero foi divulgado em comunicado\u2026","rel":"","context":"In &quot;Not\u00edcias de Ribeir\u00e3o Preto-SP e Regi\u00e3o&quot;","block_context":{"text":"Not\u00edcias de Ribeir\u00e3o Preto-SP e Regi\u00e3o","link":"https:\/\/ismaelcolosi.com.br\/index.php\/category\/noticias-de-ribeirao-preto-sp-e-regiao-ismael-colosi\/"},"img":{"alt_text":"","src":"https:\/\/i0.wp.com\/ismaelcolosi.com.br\/wp-content\/uploads\/2024\/05\/Copia-de-Copia-de-TAMANHO-EXATO-PARA-FOTOS-NO-SISTEMA-NOVO-13.jpg?fit=1200%2C675&ssl=1&resize=350%2C200","width":350,"height":200,"srcset":"https:\/\/i0.wp.com\/ismaelcolosi.com.br\/wp-content\/uploads\/2024\/05\/Copia-de-Copia-de-TAMANHO-EXATO-PARA-FOTOS-NO-SISTEMA-NOVO-13.jpg?fit=1200%2C675&ssl=1&resize=350%2C200 1x, https:\/\/i0.wp.com\/ismaelcolosi.com.br\/wp-content\/uploads\/2024\/05\/Copia-de-Copia-de-TAMANHO-EXATO-PARA-FOTOS-NO-SISTEMA-NOVO-13.jpg?fit=1200%2C675&ssl=1&resize=525%2C300 1.5x, https:\/\/i0.wp.com\/ismaelcolosi.com.br\/wp-content\/uploads\/2024\/05\/Copia-de-Copia-de-TAMANHO-EXATO-PARA-FOTOS-NO-SISTEMA-NOVO-13.jpg?fit=1200%2C675&ssl=1&resize=700%2C400 2x, https:\/\/i0.wp.com\/ismaelcolosi.com.br\/wp-content\/uploads\/2024\/05\/Copia-de-Copia-de-TAMANHO-EXATO-PARA-FOTOS-NO-SISTEMA-NOVO-13.jpg?fit=1200%2C675&ssl=1&resize=1050%2C600 3x"},"classes":[]},{"id":4592,"url":"https:\/\/ismaelcolosi.com.br\/index.php\/2023\/11\/21\/grupo-com-supermercado-em-ribeirao-tem-pedido-de-recuperacao-judicial-aceito\/","url_meta":{"origin":47848,"position":4},"title":"Grupo com supermercado em Ribeir\u00e3o tem pedido de recupera\u00e7\u00e3o judicial aceito","author":"ismaelcolosi.com.br","date":"21 de November de 2023","format":false,"excerpt":"A Justi\u00e7a de Santa Rosa de Viterbo aceitou o pedido de recupera\u00e7\u00e3o judicial do Grupo Solar Supermercados, dono do Alma Julia, de Ribeir\u00e3o Preto. A empresa j\u00e1 tinha tido o pedido de recupera\u00e7\u00e3o judicial negado, ap\u00f3s alegar crise econ\u00f4mica de R$ 135 milh\u00f5es. A decis\u00e3o \u00e9 do juiz Alexandre Cesar\u2026","rel":"","context":"In &quot;Not\u00edcias de Ribeir\u00e3o Preto-SP e Regi\u00e3o&quot;","block_context":{"text":"Not\u00edcias de Ribeir\u00e3o Preto-SP e Regi\u00e3o","link":"https:\/\/ismaelcolosi.com.br\/index.php\/category\/noticias-de-ribeirao-preto-sp-e-regiao-ismael-colosi\/"},"img":{"alt_text":"","src":"https:\/\/i0.wp.com\/ismaelcolosi.com.br\/wp-content\/uploads\/2023\/11\/supermercado-alma-julia.jpg?fit=1200%2C792&ssl=1&resize=350%2C200","width":350,"height":200,"srcset":"https:\/\/i0.wp.com\/ismaelcolosi.com.br\/wp-content\/uploads\/2023\/11\/supermercado-alma-julia.jpg?fit=1200%2C792&ssl=1&resize=350%2C200 1x, https:\/\/i0.wp.com\/ismaelcolosi.com.br\/wp-content\/uploads\/2023\/11\/supermercado-alma-julia.jpg?fit=1200%2C792&ssl=1&resize=525%2C300 1.5x, https:\/\/i0.wp.com\/ismaelcolosi.com.br\/wp-content\/uploads\/2023\/11\/supermercado-alma-julia.jpg?fit=1200%2C792&ssl=1&resize=700%2C400 2x, https:\/\/i0.wp.com\/ismaelcolosi.com.br\/wp-content\/uploads\/2023\/11\/supermercado-alma-julia.jpg?fit=1200%2C792&ssl=1&resize=1050%2C600 3x"},"classes":[]},{"id":51899,"url":"https:\/\/ismaelcolosi.com.br\/index.php\/2024\/06\/01\/gol-tem-prejuizo-de-r-395-milhoes-em-abril-e-anuncia-novo-cfo\/","url_meta":{"origin":47848,"position":5},"title":"Gol tem preju\u00edzo de R$ 395 milh\u00f5es em abril e anuncia novo CFO","author":"ismaelcolosi.com.br","date":"1 de June de 2024","format":false,"excerpt":"\u00a0 Acessibilidade L L A- A+ \u25d0 \u00a0 A Gol informou nesta sexta-feira que registrou preju\u00edzo l\u00edquido de R$ 395 milh\u00f5es em abril, em meio a conversas de sua controladora com a rival Azul sobre \u201ceventuais oportunidades\u201d e a um recente acordo de codeshare. Siga o canal da Forbes e\u2026","rel":"","context":"In &quot;Carreira e Sucesso&quot;","block_context":{"text":"Carreira e Sucesso","link":"https:\/\/ismaelcolosi.com.br\/index.php\/category\/carreira-e-sucesso-dicas-para-carreira\/"},"img":{"alt_text":"","src":"https:\/\/i0.wp.com\/ismaelcolosi.com.br\/wp-content\/uploads\/2024\/06\/money-gol-aviao-1024x683.jpg?fit=1024%2C683&ssl=1&resize=350%2C200","width":350,"height":200,"srcset":"https:\/\/i0.wp.com\/ismaelcolosi.com.br\/wp-content\/uploads\/2024\/06\/money-gol-aviao-1024x683.jpg?fit=1024%2C683&ssl=1&resize=350%2C200 1x, https:\/\/i0.wp.com\/ismaelcolosi.com.br\/wp-content\/uploads\/2024\/06\/money-gol-aviao-1024x683.jpg?fit=1024%2C683&ssl=1&resize=525%2C300 1.5x, https:\/\/i0.wp.com\/ismaelcolosi.com.br\/wp-content\/uploads\/2024\/06\/money-gol-aviao-1024x683.jpg?fit=1024%2C683&ssl=1&resize=700%2C400 2x"},"classes":[]}],"jetpack_sharing_enabled":true,"jetpack_shortlink":"https:\/\/wp.me\/pfMlyK-crK","_links":{"self":[{"href":"https:\/\/ismaelcolosi.com.br\/index.php\/wp-json\/wp\/v2\/posts\/47848","targetHints":{"allow":["GET"]}}],"collection":[{"href":"https:\/\/ismaelcolosi.com.br\/index.php\/wp-json\/wp\/v2\/posts"}],"about":[{"href":"https:\/\/ismaelcolosi.com.br\/index.php\/wp-json\/wp\/v2\/types\/post"}],"author":[{"embeddable":true,"href":"https:\/\/ismaelcolosi.com.br\/index.php\/wp-json\/wp\/v2\/users\/1"}],"replies":[{"embeddable":true,"href":"https:\/\/ismaelcolosi.com.br\/index.php\/wp-json\/wp\/v2\/comments?post=47848"}],"version-history":[{"count":0,"href":"https:\/\/ismaelcolosi.com.br\/index.php\/wp-json\/wp\/v2\/posts\/47848\/revisions"}],"wp:featuredmedia":[{"embeddable":true,"href":"https:\/\/ismaelcolosi.com.br\/index.php\/wp-json\/wp\/v2\/media\/47849"}],"wp:attachment":[{"href":"https:\/\/ismaelcolosi.com.br\/index.php\/wp-json\/wp\/v2\/media?parent=47848"}],"wp:term":[{"taxonomy":"category","embeddable":true,"href":"https:\/\/ismaelcolosi.com.br\/index.php\/wp-json\/wp\/v2\/categories?post=47848"},{"taxonomy":"post_tag","embeddable":true,"href":"https:\/\/ismaelcolosi.com.br\/index.php\/wp-json\/wp\/v2\/tags?post=47848"}],"curies":[{"name":"wp","href":"https:\/\/api.w.org\/{rel}","templated":true}]}}