{"id":47842,"date":"2024-04-29T08:48:40","date_gmt":"2024-04-29T11:48:40","guid":{"rendered":"https:\/\/ismaelcolosi.com.br\/index.php\/2024\/04\/29\/homem-morre-apos-carro-capotar-em-avenida-na-zona-oeste-de-ribeirao\/"},"modified":"2024-04-29T08:48:40","modified_gmt":"2024-04-29T11:48:40","slug":"homem-morre-apos-carro-capotar-em-avenida-na-zona-oeste-de-ribeirao","status":"publish","type":"post","link":"https:\/\/ismaelcolosi.com.br\/index.php\/2024\/04\/29\/homem-morre-apos-carro-capotar-em-avenida-na-zona-oeste-de-ribeirao\/","title":{"rendered":"Homem morre ap\u00f3s carro capotar em avenida na zona Oeste de Ribeir\u00e3o"},"content":{"rendered":"<p> <br \/>\n<\/p>\n<div data-td-block-uid=\"tdi_101\">\n<div class=\"tdb-block-inner td-fix-index\">\n<p><strong>Um homem morreu na madrugada desta segunda-feira (29), depois do capotamento de um carro na pista lateral da avenida Bandeirantes, na zona Oeste de Ribeir\u00e3o Preto.<\/strong><\/p>\n<p>Segundo o boletim de ocorr\u00eancia (BO), a v\u00edtima, ainda sem identifica\u00e7\u00e3o, estava fora do ve\u00edculo \u2013 um Peugeot 207 prata \u2013 quando a equipe de socorro chegou. O homem morreu no local, ao lado do autom\u00f3vel.<\/p><div class='code-block code-block-8' style='margin: 8px auto; text-align: center; display: block; clear: both;'>\n<script>\n  atOptions = {\n    'key' : '66e2e2111ca34da796271819fc334058',\n    'format' : 'iframe',\n    'height' : 250,\n    'width' : 300,\n    'params' : {}\n  };\n<\/script>\n<script src=\"https:\/\/www.highperformanceformat.com\/66e2e2111ca34da796271819fc334058\/invoke.js\"><\/script>\n<\/div>\n\n<p>A suspeita \u00e9 que ele tenha sido lan\u00e7ado para fora do carro durante o capotamento. O ve\u00edculo estava com as quatro rodas para cima na pista sentido a Ribeir\u00e3o.<\/p>\n<p>Os documentos da v\u00edtima n\u00e3o foram localizados pela pol\u00edcia.<\/p>\n<p>A Pol\u00edcia Cient\u00edfica periciou o local e as causas ainda dever\u00e3o ser investigadas.<\/p>\n<p>O BO foi registrado como homic\u00eddio culposo (sem inten\u00e7\u00e3o) na dire\u00e7\u00e3o de ve\u00edculo automotor. <\/p>\n<p>SAIBA MAIS<\/p>\n<p>Agrishow espera mais de 195 mil visitantes a partir desta segunda em Ribeir\u00e3o Preto<\/p>\n<h4 class=\"wp-block-heading\"><strong>FIQUE ON<\/strong><\/h4>\n<p>Fique ligado em tudo que acontece em Ribeir\u00e3o Preto e regi\u00e3o. Siga os perfis do\u00a0<strong>acidade on\u00a0<\/strong>no\u00a0<a href=\"https:\/\/www.instagram.com\/acidadeonribeirao\" target=\"_blank\" rel=\"noreferrer noopener\">Instagram<\/a>\u00a0e no\u00a0<a href=\"https:\/\/www.facebook.com\/acidadeonribeirao\" target=\"_blank\" rel=\"noreferrer noopener\">Facebook<\/a>.<\/p>\n<p>Receba not\u00edcias do acidade on no WhatsApp. Para entrar no grupo, basta\u00a0<a href=\"https:\/\/chat.whatsapp.com\/GFH9HUMUTHNFJdnyEd0xxq\" target=\"_blank\" rel=\"noreferrer noopener\">clicar aqui<\/a>.<\/p>\n<p>Fa\u00e7a uma den\u00fancia ou sugira uma reportagem sobre Ribeir\u00e3o Preto e regi\u00e3o pelo WhatsApp: 16 99117 7802.<\/p>\n<p>VEJA TAMB\u00c9M<\/p>\n<p>Quem s\u00e3o as mulheres do McDonald\u2019s do Leblon? Entenda caso<\/p>\n<p><!-- AI CONTENT END 3 -->\n<\/div>\n<\/div>\n<p><script async src=\"\/\/www.instagram.com\/embed.js\"><\/script><br \/>\n<br \/><br \/>\n<br \/><a href=\"https:\/\/www.acidadeon.com\/ribeiraopreto\/cotidiano\/homem-morre-apos-carro-capotar-em-avenida-na-zona-oeste-de-ribeirao\/\">Source link <\/a><\/p>\n<div class='code-block code-block-4' style='margin: 8px auto 8px 0; text-align: left; display: block; clear: both;'>\n\ud83d\udce2 Aviso Legal\n\nO site ismaelcolosi.com.br atua apenas como um canal de divulga\u00e7\u00e3o de oportunidades de emprego e n\u00e3o se responsabiliza pelo processo seletivo, contrata\u00e7\u00e3o ou qualquer outra etapa relacionada \u00e0s vagas publicadas. Todas as informa\u00e7\u00f5es s\u00e3o de responsabilidade dos anunciantes.\n\n\u26a0\ufe0f Aten\u00e7\u00e3o! Nunca pague por promessas de emprego nem compre cursos que garantam contrata\u00e7\u00e3o. Desconfie de qualquer cobran\u00e7a para participar de sele\u00e7\u00f5es.\n\n\n\n<\/div>\n<!-- CONTENT END 1 -->\n","protected":false},"excerpt":{"rendered":"<p>Um homem morreu na madrugada desta segunda-feira (29), depois do capotamento de um carro na pista lateral da avenida Bandeirantes, na zona Oeste de Ribeir\u00e3o&#8230;<\/p>\n","protected":false},"author":1,"featured_media":47843,"comment_status":"open","ping_status":"open","sticky":false,"template":"","format":"standard","meta":{"_uag_custom_page_level_css":"","advanced_seo_description":"","jetpack_seo_html_title":"","jetpack_seo_noindex":false,"jetpack_post_was_ever_published":false,"_jetpack_newsletter_access":"","_jetpack_dont_email_post_to_subs":false,"_jetpack_newsletter_tier_id":0,"_jetpack_memberships_contains_paywalled_content":false,"_jetpack_memberships_contains_paid_content":false,"footnotes":"","jetpack_publicize_message":"","jetpack_publicize_feature_enabled":true,"jetpack_social_post_already_shared":true,"jetpack_social_options":{"image_generator_settings":{"template":"highway","default_image_id":0,"font":"","enabled":false},"version":2}},"categories":[11],"tags":[],"class_list":["post-47842","post","type-post","status-publish","format-standard","has-post-thumbnail","hentry","category-noticias-de-ribeirao-preto-sp-e-regiao-ismael-colosi"],"jetpack_publicize_connections":[],"jetpack_featured_media_url":"https:\/\/i0.wp.com\/ismaelcolosi.com.br\/wp-content\/uploads\/2024\/04\/1714391321_cpj_1024x576_21012021092745.jpg?fit=1024%2C575&ssl=1","uagb_featured_image_src":{"full":["https:\/\/i0.wp.com\/ismaelcolosi.com.br\/wp-content\/uploads\/2024\/04\/1714391321_cpj_1024x576_21012021092745.jpg?fit=1024%2C575&ssl=1",1024,575,false],"thumbnail":["https:\/\/i0.wp.com\/ismaelcolosi.com.br\/wp-content\/uploads\/2024\/04\/1714391321_cpj_1024x576_21012021092745.jpg?resize=150%2C150&ssl=1",150,150,true],"medium":["https:\/\/i0.wp.com\/ismaelcolosi.com.br\/wp-content\/uploads\/2024\/04\/1714391321_cpj_1024x576_21012021092745.jpg?fit=300%2C168&ssl=1",300,168,true],"medium_large":["https:\/\/i0.wp.com\/ismaelcolosi.com.br\/wp-content\/uploads\/2024\/04\/1714391321_cpj_1024x576_21012021092745.jpg?fit=768%2C431&ssl=1",768,431,true],"large":["https:\/\/i0.wp.com\/ismaelcolosi.com.br\/wp-content\/uploads\/2024\/04\/1714391321_cpj_1024x576_21012021092745.jpg?fit=1024%2C575&ssl=1",1024,575,true],"1536x1536":["https:\/\/i0.wp.com\/ismaelcolosi.com.br\/wp-content\/uploads\/2024\/04\/1714391321_cpj_1024x576_21012021092745.jpg?fit=1024%2C575&ssl=1",1024,575,true],"2048x2048":["https:\/\/i0.wp.com\/ismaelcolosi.com.br\/wp-content\/uploads\/2024\/04\/1714391321_cpj_1024x576_21012021092745.jpg?fit=1024%2C575&ssl=1",1024,575,true],"really-simple-thumb":["https:\/\/i0.wp.com\/ismaelcolosi.com.br\/wp-content\/uploads\/2024\/04\/1714391321_cpj_1024x576_21012021092745.jpg?resize=370%2C247&ssl=1",370,247,true]},"uagb_author_info":{"display_name":"ismaelcolosi.com.br","author_link":"https:\/\/ismaelcolosi.com.br\/index.php\/author\/vidareal-online\/"},"uagb_comment_info":0,"uagb_excerpt":"Um homem morreu na madrugada desta segunda-feira (29), depois do capotamento de um carro na pista lateral da avenida Bandeirantes, na zona Oeste de Ribeir\u00e3o...","jetpack-related-posts":[{"id":48491,"url":"https:\/\/ismaelcolosi.com.br\/index.php\/2024\/05\/03\/homem-morto-apos-carro-capotar-e-identificado-pelo-filho-em-ribeirao-preto\/","url_meta":{"origin":47842,"position":0},"title":"Homem morto ap\u00f3s carro capotar \u00e9 identificado pelo filho em Ribeir\u00e3o Preto","author":"ismaelcolosi.com.br","date":"3 de May de 2024","format":false,"excerpt":"Um homem que morreu na madrugada de segunda-feira (29), depois do capotamento de um carro na pista lateral da avenida Bandeirantes, na zona Oeste de Ribeir\u00e3o Preto, foi identificado. Segundo o boletim de ocorr\u00eancia (BO), Jos\u00e9 Roberto da Silva, de 68 anos, foi identificado pelo pr\u00f3prio filho, que soube do\u2026","rel":"","context":"In &quot;Not\u00edcias de Ribeir\u00e3o Preto-SP e Regi\u00e3o&quot;","block_context":{"text":"Not\u00edcias de Ribeir\u00e3o Preto-SP e Regi\u00e3o","link":"https:\/\/ismaelcolosi.com.br\/index.php\/category\/noticias-de-ribeirao-preto-sp-e-regiao-ismael-colosi\/"},"img":{"alt_text":"","src":"https:\/\/ismaelcolosi.com.br\/wp-content\/uploads\/2024\/02\/whatsapp_image_2022-08-14_at_12_10_03.jpe","width":350,"height":200,"srcset":"https:\/\/ismaelcolosi.com.br\/wp-content\/uploads\/2024\/02\/whatsapp_image_2022-08-14_at_12_10_03.jpe 1x, https:\/\/ismaelcolosi.com.br\/wp-content\/uploads\/2024\/02\/whatsapp_image_2022-08-14_at_12_10_03.jpe 1.5x, https:\/\/ismaelcolosi.com.br\/wp-content\/uploads\/2024\/02\/whatsapp_image_2022-08-14_at_12_10_03.jpe 2x, https:\/\/ismaelcolosi.com.br\/wp-content\/uploads\/2024\/02\/whatsapp_image_2022-08-14_at_12_10_03.jpe 3x"},"classes":[]},{"id":51787,"url":"https:\/\/ismaelcolosi.com.br\/index.php\/2024\/05\/31\/jovem-de-20-anos-morre-em-acidente-de-carro-em-avenida-de-ribeirao-preto\/","url_meta":{"origin":47842,"position":1},"title":"Jovem de 20 anos morre em acidente de carro em avenida de Ribeir\u00e3o Preto","author":"ismaelcolosi.com.br","date":"31 de May de 2024","format":false,"excerpt":"Uma jovem de 20 morreu e outros dois jovens, ambos com 19 anos, ficaram feridos na madrugada desta sexta-feira (31), em uma acidente de carro na avenida Bandeirantes, zona Oeste de Ribeir\u00e3o Preto. O ve\u00edculo \u2013 um Volkswagen Gol prata \u2013 foi encontrado atravessado no meio na pista pela PMR\u2026","rel":"","context":"In &quot;Not\u00edcias de Ribeir\u00e3o Preto-SP e Regi\u00e3o&quot;","block_context":{"text":"Not\u00edcias de Ribeir\u00e3o Preto-SP e Regi\u00e3o","link":"https:\/\/ismaelcolosi.com.br\/index.php\/category\/noticias-de-ribeirao-preto-sp-e-regiao-ismael-colosi\/"},"img":{"alt_text":"","src":"https:\/\/i0.wp.com\/ismaelcolosi.com.br\/wp-content\/uploads\/2024\/05\/1717156948_20220809_065618844_policia_rodoviaria_1200x675_21062022083038.jpg?fit=1200%2C675&ssl=1&resize=350%2C200","width":350,"height":200,"srcset":"https:\/\/i0.wp.com\/ismaelcolosi.com.br\/wp-content\/uploads\/2024\/05\/1717156948_20220809_065618844_policia_rodoviaria_1200x675_21062022083038.jpg?fit=1200%2C675&ssl=1&resize=350%2C200 1x, https:\/\/i0.wp.com\/ismaelcolosi.com.br\/wp-content\/uploads\/2024\/05\/1717156948_20220809_065618844_policia_rodoviaria_1200x675_21062022083038.jpg?fit=1200%2C675&ssl=1&resize=525%2C300 1.5x, https:\/\/i0.wp.com\/ismaelcolosi.com.br\/wp-content\/uploads\/2024\/05\/1717156948_20220809_065618844_policia_rodoviaria_1200x675_21062022083038.jpg?fit=1200%2C675&ssl=1&resize=700%2C400 2x, https:\/\/i0.wp.com\/ismaelcolosi.com.br\/wp-content\/uploads\/2024\/05\/1717156948_20220809_065618844_policia_rodoviaria_1200x675_21062022083038.jpg?fit=1200%2C675&ssl=1&resize=1050%2C600 3x"},"classes":[]},{"id":52702,"url":"https:\/\/ismaelcolosi.com.br\/index.php\/2024\/06\/10\/homem-de-46-anos-morre-apos-ser-atropelado-por-carro-em-ribeirao-preto\/","url_meta":{"origin":47842,"position":2},"title":"Homem de 46 anos morre ap\u00f3s ser atropelado por carro em Ribeir\u00e3o Preto","author":"ismaelcolosi.com.br","date":"10 de June de 2024","format":false,"excerpt":"Um homem de 46 anos morreu na noite do \u00faltimo s\u00e1bado (8), depois de ser atropelado por um carro no acesso da rodovia C\u00e2ndido Portinari \u00e0 avenida Marechal Costa e Silva (SPA-318\/330), em Ribeir\u00e3o Preto. Segundo o boletim de ocorr\u00eancia (BO), a v\u00edtima, identificada como Ricardo Ananias Dechechi, tentava atravessar\u2026","rel":"","context":"In &quot;Not\u00edcias de Ribeir\u00e3o Preto-SP e Regi\u00e3o&quot;","block_context":{"text":"Not\u00edcias de Ribeir\u00e3o Preto-SP e Regi\u00e3o","link":"https:\/\/ismaelcolosi.com.br\/index.php\/category\/noticias-de-ribeirao-preto-sp-e-regiao-ismael-colosi\/"},"img":{"alt_text":"","src":"https:\/\/i0.wp.com\/ismaelcolosi.com.br\/wp-content\/uploads\/2024\/06\/pm_qru_1024x576_25052021184558.jpg?fit=1024%2C576&ssl=1&resize=350%2C200","width":350,"height":200,"srcset":"https:\/\/i0.wp.com\/ismaelcolosi.com.br\/wp-content\/uploads\/2024\/06\/pm_qru_1024x576_25052021184558.jpg?fit=1024%2C576&ssl=1&resize=350%2C200 1x, https:\/\/i0.wp.com\/ismaelcolosi.com.br\/wp-content\/uploads\/2024\/06\/pm_qru_1024x576_25052021184558.jpg?fit=1024%2C576&ssl=1&resize=525%2C300 1.5x, https:\/\/i0.wp.com\/ismaelcolosi.com.br\/wp-content\/uploads\/2024\/06\/pm_qru_1024x576_25052021184558.jpg?fit=1024%2C576&ssl=1&resize=700%2C400 2x"},"classes":[]},{"id":52501,"url":"https:\/\/ismaelcolosi.com.br\/index.php\/2024\/06\/07\/idoso-morre-atropelado-por-carro-ao-tentar-atravessar-avenida-em-ribeirao-preto\/","url_meta":{"origin":47842,"position":3},"title":"Idoso morre atropelado por carro ao tentar atravessar avenida em Ribeir\u00e3o Preto","author":"ismaelcolosi.com.br","date":"7 de June de 2024","format":false,"excerpt":"Um homem de 62 anos morre na noite desta quinta-feira (6), ap\u00f3s ser atropelado por um carro na avenida Lu\u00eds Galv\u00e3o C\u00e9sar, zona Norte de Ribeir\u00e3o Preto. Segundo o boletim de ocorr\u00eancia (BO), a v\u00edtima, identificada como Jo\u00e3o Salvador de Carvalho, morreu ainda no local, na altura da liga\u00e7\u00e3o da\u2026","rel":"","context":"In &quot;Not\u00edcias de Ribeir\u00e3o Preto-SP e Regi\u00e3o&quot;","block_context":{"text":"Not\u00edcias de Ribeir\u00e3o Preto-SP e Regi\u00e3o","link":"https:\/\/ismaelcolosi.com.br\/index.php\/category\/noticias-de-ribeirao-preto-sp-e-regiao-ismael-colosi\/"},"img":{"alt_text":"","src":"https:\/\/i0.wp.com\/ismaelcolosi.com.br\/wp-content\/uploads\/2024\/06\/policia_qru_1024x576_05012021161940.jpg?fit=1024%2C576&ssl=1&resize=350%2C200","width":350,"height":200,"srcset":"https:\/\/i0.wp.com\/ismaelcolosi.com.br\/wp-content\/uploads\/2024\/06\/policia_qru_1024x576_05012021161940.jpg?fit=1024%2C576&ssl=1&resize=350%2C200 1x, https:\/\/i0.wp.com\/ismaelcolosi.com.br\/wp-content\/uploads\/2024\/06\/policia_qru_1024x576_05012021161940.jpg?fit=1024%2C576&ssl=1&resize=525%2C300 1.5x, https:\/\/i0.wp.com\/ismaelcolosi.com.br\/wp-content\/uploads\/2024\/06\/policia_qru_1024x576_05012021161940.jpg?fit=1024%2C576&ssl=1&resize=700%2C400 2x"},"classes":[]},{"id":54849,"url":"https:\/\/ismaelcolosi.com.br\/index.php\/2024\/06\/28\/homem-oferece-bala-e-puxa-crianca-para-dentro-de-carro-em-ribeirao-preto\/","url_meta":{"origin":47842,"position":4},"title":"Homem oferece bala e puxa crian\u00e7a para dentro de carro em Ribeir\u00e3o Preto","author":"ismaelcolosi.com.br","date":"28 de June de 2024","format":false,"excerpt":"Um menino de 9 anos relatou \u00e0 pol\u00edcia que um homem em um carro preto ofereceu bala a ele e que, ao se aproximar, foi puxado para dentro do ve\u00edculo nesta quinta-feira (28), em Ribeir\u00e3o Preto. Segundo o boletim de ocorr\u00eancia (BO), o garoto foi encontrado \u00e0s 22h45, nas imedia\u00e7\u00f5es\u2026","rel":"","context":"In &quot;Not\u00edcias de Ribeir\u00e3o Preto-SP e Regi\u00e3o&quot;","block_context":{"text":"Not\u00edcias de Ribeir\u00e3o Preto-SP e Regi\u00e3o","link":"https:\/\/ismaelcolosi.com.br\/index.php\/category\/noticias-de-ribeirao-preto-sp-e-regiao-ismael-colosi\/"},"img":{"alt_text":"","src":"https:\/\/i0.wp.com\/ismaelcolosi.com.br\/wp-content\/uploads\/2024\/06\/policia_2.jpg?fit=1200%2C900&ssl=1&resize=350%2C200","width":350,"height":200,"srcset":"https:\/\/i0.wp.com\/ismaelcolosi.com.br\/wp-content\/uploads\/2024\/06\/policia_2.jpg?fit=1200%2C900&ssl=1&resize=350%2C200 1x, https:\/\/i0.wp.com\/ismaelcolosi.com.br\/wp-content\/uploads\/2024\/06\/policia_2.jpg?fit=1200%2C900&ssl=1&resize=525%2C300 1.5x, https:\/\/i0.wp.com\/ismaelcolosi.com.br\/wp-content\/uploads\/2024\/06\/policia_2.jpg?fit=1200%2C900&ssl=1&resize=700%2C400 2x, https:\/\/i0.wp.com\/ismaelcolosi.com.br\/wp-content\/uploads\/2024\/06\/policia_2.jpg?fit=1200%2C900&ssl=1&resize=1050%2C600 3x"},"classes":[]},{"id":53931,"url":"https:\/\/ismaelcolosi.com.br\/index.php\/2024\/06\/20\/mulher-trans-e-agredida-e-assaltada-a-caminho-de-motel-em-ribeirao-preto\/","url_meta":{"origin":47842,"position":5},"title":"Mulher trans \u00e9 agredida e assaltada a caminho de motel em Ribeir\u00e3o Preto","author":"ismaelcolosi.com.br","date":"20 de June de 2024","format":false,"excerpt":"Uma mulher trans de 24 anos foi agredida e assaltada na madrugada desta quarta-feira (19), em Ribeir\u00e3o Preto. Segundo o boletim de ocorr\u00eancia (BO), a v\u00edtima, que estava na companhia de outra mulher trans, disse \u00e0 pol\u00edcia que havia combinado um programa sexual com um homem e que estavam no\u2026","rel":"","context":"In &quot;Not\u00edcias de Ribeir\u00e3o Preto-SP e Regi\u00e3o&quot;","block_context":{"text":"Not\u00edcias de Ribeir\u00e3o Preto-SP e Regi\u00e3o","link":"https:\/\/ismaelcolosi.com.br\/index.php\/category\/noticias-de-ribeirao-preto-sp-e-regiao-ismael-colosi\/"},"img":{"alt_text":"","src":"https:\/\/i0.wp.com\/ismaelcolosi.com.br\/wp-content\/uploads\/2024\/06\/1718898522_cpj_policia_1024x576_21012021082231.jpg?fit=1024%2C576&ssl=1&resize=350%2C200","width":350,"height":200,"srcset":"https:\/\/i0.wp.com\/ismaelcolosi.com.br\/wp-content\/uploads\/2024\/06\/1718898522_cpj_policia_1024x576_21012021082231.jpg?fit=1024%2C576&ssl=1&resize=350%2C200 1x, https:\/\/i0.wp.com\/ismaelcolosi.com.br\/wp-content\/uploads\/2024\/06\/1718898522_cpj_policia_1024x576_21012021082231.jpg?fit=1024%2C576&ssl=1&resize=525%2C300 1.5x, https:\/\/i0.wp.com\/ismaelcolosi.com.br\/wp-content\/uploads\/2024\/06\/1718898522_cpj_policia_1024x576_21012021082231.jpg?fit=1024%2C576&ssl=1&resize=700%2C400 2x"},"classes":[]}],"jetpack_sharing_enabled":true,"jetpack_shortlink":"https:\/\/wp.me\/pfMlyK-crE","_links":{"self":[{"href":"https:\/\/ismaelcolosi.com.br\/index.php\/wp-json\/wp\/v2\/posts\/47842","targetHints":{"allow":["GET"]}}],"collection":[{"href":"https:\/\/ismaelcolosi.com.br\/index.php\/wp-json\/wp\/v2\/posts"}],"about":[{"href":"https:\/\/ismaelcolosi.com.br\/index.php\/wp-json\/wp\/v2\/types\/post"}],"author":[{"embeddable":true,"href":"https:\/\/ismaelcolosi.com.br\/index.php\/wp-json\/wp\/v2\/users\/1"}],"replies":[{"embeddable":true,"href":"https:\/\/ismaelcolosi.com.br\/index.php\/wp-json\/wp\/v2\/comments?post=47842"}],"version-history":[{"count":0,"href":"https:\/\/ismaelcolosi.com.br\/index.php\/wp-json\/wp\/v2\/posts\/47842\/revisions"}],"wp:featuredmedia":[{"embeddable":true,"href":"https:\/\/ismaelcolosi.com.br\/index.php\/wp-json\/wp\/v2\/media\/47843"}],"wp:attachment":[{"href":"https:\/\/ismaelcolosi.com.br\/index.php\/wp-json\/wp\/v2\/media?parent=47842"}],"wp:term":[{"taxonomy":"category","embeddable":true,"href":"https:\/\/ismaelcolosi.com.br\/index.php\/wp-json\/wp\/v2\/categories?post=47842"},{"taxonomy":"post_tag","embeddable":true,"href":"https:\/\/ismaelcolosi.com.br\/index.php\/wp-json\/wp\/v2\/tags?post=47842"}],"curies":[{"name":"wp","href":"https:\/\/api.w.org\/{rel}","templated":true}]}}