{"id":47838,"date":"2024-04-29T07:33:33","date_gmt":"2024-04-29T10:33:33","guid":{"rendered":"https:\/\/ismaelcolosi.com.br\/index.php\/2024\/04\/29\/agrishow-espera-mais-de-195-mil-visitantes-a-partir-desta-segunda-em-ribeirao-preto\/"},"modified":"2024-04-29T07:33:33","modified_gmt":"2024-04-29T10:33:33","slug":"agrishow-espera-mais-de-195-mil-visitantes-a-partir-desta-segunda-em-ribeirao-preto","status":"publish","type":"post","link":"https:\/\/ismaelcolosi.com.br\/index.php\/2024\/04\/29\/agrishow-espera-mais-de-195-mil-visitantes-a-partir-desta-segunda-em-ribeirao-preto\/","title":{"rendered":"Agrishow espera mais de 195 mil visitantes a partir desta segunda em Ribeir\u00e3o Preto"},"content":{"rendered":"<p> <br \/>\n<\/p>\n<div>\n<p><strong>A 29\u00aa Agrishow come\u00e7a nesta segunda-feira (29), a partir das 8h, em Ribeir\u00e3o Preto.<\/strong> <\/p>\n<p><span style=\"background-color:#f7cc62\" class=\"td_text_highlight_marker\">A expectativa dos organizadores \u00e9 receber mais de 195 mil visitantes at\u00e9 a pr\u00f3xima sexta-feira (3).<\/span><\/p><div class='code-block code-block-8' style='margin: 8px auto; text-align: center; display: block; clear: both;'>\n<script>\n  atOptions = {\n    'key' : '66e2e2111ca34da796271819fc334058',\n    'format' : 'iframe',\n    'height' : 250,\n    'width' : 300,\n    'params' : {}\n  };\n<\/script>\n<script src=\"https:\/\/www.highperformanceformat.com\/66e2e2111ca34da796271819fc334058\/invoke.js\"><\/script>\n<\/div>\n\n<p>A feira, considerada a principal do segmento de tecnologia agr\u00edcola da Am\u00e9rica Latina, deve receber pessoas de mais de 50 pa\u00edses.<\/p>\n<h4 class=\"wp-block-heading\"><strong>Ingressos<\/strong><\/h4>\n<p>Os <strong>ingressos <\/strong>para a <strong>Agrishow<\/strong> custam R$ 70,00 no site da feira (<a href=\"https:\/\/www.agrishow.com.br\/pt\/visitar\/compra-de-ingresso.html\" target=\"_blank\" rel=\"noreferrer noopener\">clique aqui<\/a>). O visitante j\u00e1 escolhe o dia da semana que ir\u00e1 visitar a feira. Na bilheteria, o valor di\u00e1rio da entrada \u00e9 R$ 120,00.<\/p>\n<p>O <strong>ticket <\/strong>para o <strong>estacionamento <\/strong>tamb\u00e9m pode ser comprado antecipadamente por R$ 60,00 para carros e motos. J\u00e1 vans, micro-\u00f4nibus e \u00f4nibus pagam R$ 100,00 por acesso.<\/p>\n<p>Durante o evento, carros e motos pagar\u00e3o R$ 65,00 por acesso.<\/p>\n<h4 class=\"wp-block-heading\"><strong>Tr\u00e2nsito<\/strong><\/h4>\n<p>A concession\u00e1ria que administra a <strong>rodovia\u202fAnt\u00f4nio\u202fDuarte\u202fNogueira<\/strong>, onde a feira \u00e9 realizada, informou que o tr\u00e1fego no trecho\u00a0deve aumentar\u00a0em at\u00e9\u00a0<strong>10 mil ve\u00edculos<\/strong> por dia, nos dois sentidos. Clique aqui\u00a0confira os hor\u00e1rios de pico.\u00a0<\/p>\n<p>A <a href=\"https:\/\/www.ribeiraopreto.sp.gov.br\/portal\/\" target=\"_blank\" rel=\"noreferrer noopener\">Prefeitura de Ribeir\u00e3o Preto<\/a> recomendou cinco rotas alternativas para acesso \u00e0 <strong>Agrishow <\/strong>(clique aqui).<\/p>\n<p>A feira informou que ampliou as \u00e1reas de estacionamento e otimizou acessos, al\u00e9m de criar sa\u00eddas novas com acessos a pontos de melhor vaz\u00e3o na <strong>rodovia Ant\u00f4nio Duarte Nogueira<\/strong> e em outras vias do entorno.<\/p>\n<h4 class=\"wp-block-heading\"><strong>\u00d4nibus<\/strong><\/h4>\n<p>Al\u00e9m\u00a0da linha 606 \u2013 Fazenda Experimental, uma<strong>\u00a0linha especial\u00a0de \u00f4nibus do transporte p\u00fablico<\/strong> estar\u00e1 dispon\u00edvel ao visitantes\u00a0durante\u00a0a <strong>Agrishow<\/strong>. Clique aqui e veja os hor\u00e1rios. <\/p>\n<h4 class=\"wp-block-heading\"><strong>Servi\u00e7o<\/strong><\/h4>\n<p><em>Agrishow 2024 \u2013 29\u00aa Feira Internacional de Tecnologia Agr\u00edcola em A\u00e7\u00e3o\u00a0<\/em><\/p>\n<p>Data: 29 de abril a 3 de maio<\/p>\n<p>Local: Rodovia\u202fAnt\u00f4nio\u202fDuarte\u202fNogueira, Km 321\u202f- Ribeir\u00e3o Preto<\/p>\n<p>Hor\u00e1rio: das 8h \u00e0s 18h\u00a0<\/p>\n<p>SAIBA MAIS<\/p>\n<p>Veja quando come\u00e7am as inscri\u00e7\u00f5es para concurso com sal\u00e1rios de R$ 10 mil no interior de SP<\/p>\n<h4 class=\"wp-block-heading\"><strong>FIQUE ON<\/strong><\/h4>\n<p>Fique ligado em tudo que acontece em Ribeir\u00e3o Preto e regi\u00e3o. Siga os perfis do\u00a0<strong>acidade on\u00a0<\/strong>no\u00a0<a href=\"https:\/\/www.instagram.com\/acidadeonribeirao\" target=\"_blank\" rel=\"noreferrer noopener\">Instagram<\/a>\u00a0e no\u00a0<a href=\"https:\/\/www.facebook.com\/acidadeonribeirao\" target=\"_blank\" rel=\"noreferrer noopener\">Facebook<\/a>.<\/p>\n<p>Receba not\u00edcias do acidade on no WhatsApp. Para entrar no grupo, basta\u00a0<a href=\"https:\/\/chat.whatsapp.com\/GFH9HUMUTHNFJdnyEd0xxq\" target=\"_blank\" rel=\"noreferrer noopener\">clicar aqui<\/a>.<\/p>\n<p>Fa\u00e7a uma den\u00fancia ou sugira uma reportagem sobre Ribeir\u00e3o Preto e regi\u00e3o pelo WhatsApp: 16 99117 7802.<\/p>\n<p>VEJA TAMB\u00c9M<\/p>\n<p>Quem s\u00e3o as mulheres do McDonald\u2019s do Leblon? Entenda caso<\/p>\n<p><!-- AI CONTENT END 1 -->\n<\/div>\n<p><script async src=\"\/\/www.instagram.com\/embed.js\"><\/script><br \/>\n<br \/><br \/>\n<br \/><a href=\"https:\/\/www.acidadeon.com\/ribeiraopreto\/agrishow\/agrishow-espera-mais-de-195-mil-visitantes-a-partir-desta-segunda-em-ribeirao-preto\/\">Source link <\/a><\/p>\n<div class='code-block code-block-4' style='margin: 8px auto 8px 0; text-align: left; display: block; clear: both;'>\n\ud83d\udce2 Aviso Legal\n\nO site ismaelcolosi.com.br atua apenas como um canal de divulga\u00e7\u00e3o de oportunidades de emprego e n\u00e3o se responsabiliza pelo processo seletivo, contrata\u00e7\u00e3o ou qualquer outra etapa relacionada \u00e0s vagas publicadas. Todas as informa\u00e7\u00f5es s\u00e3o de responsabilidade dos anunciantes.\n\n\u26a0\ufe0f Aten\u00e7\u00e3o! Nunca pague por promessas de emprego nem compre cursos que garantam contrata\u00e7\u00e3o. Desconfie de qualquer cobran\u00e7a para participar de sele\u00e7\u00f5es.\n\n\n\n<\/div>\n<!-- CONTENT END 1 -->\n","protected":false},"excerpt":{"rendered":"<p>A 29\u00aa Agrishow come\u00e7a nesta segunda-feira (29), a partir das 8h, em Ribeir\u00e3o Preto. A expectativa dos organizadores \u00e9 receber mais de 195 mil visitantes&#8230;<\/p>\n","protected":false},"author":1,"featured_media":47839,"comment_status":"open","ping_status":"open","sticky":false,"template":"","format":"standard","meta":{"_uag_custom_page_level_css":"","advanced_seo_description":"","jetpack_seo_html_title":"","jetpack_seo_noindex":false,"jetpack_post_was_ever_published":false,"_jetpack_newsletter_access":"","_jetpack_dont_email_post_to_subs":false,"_jetpack_newsletter_tier_id":0,"_jetpack_memberships_contains_paywalled_content":false,"_jetpack_memberships_contains_paid_content":false,"footnotes":"","jetpack_publicize_message":"","jetpack_publicize_feature_enabled":true,"jetpack_social_post_already_shared":true,"jetpack_social_options":{"image_generator_settings":{"template":"highway","default_image_id":0,"font":"","enabled":false},"version":2}},"categories":[11],"tags":[],"class_list":["post-47838","post","type-post","status-publish","format-standard","has-post-thumbnail","hentry","category-noticias-de-ribeirao-preto-sp-e-regiao-ismael-colosi"],"jetpack_publicize_connections":[],"jetpack_featured_media_url":"https:\/\/i0.wp.com\/ismaelcolosi.com.br\/wp-content\/uploads\/2024\/04\/WhatsApp-Image-2024-04-29-at-06.14.07_2024-04-29_10-00-45_jpeg.webp.webp?fit=1280%2C963&ssl=1","uagb_featured_image_src":{"full":["https:\/\/i0.wp.com\/ismaelcolosi.com.br\/wp-content\/uploads\/2024\/04\/WhatsApp-Image-2024-04-29-at-06.14.07_2024-04-29_10-00-45_jpeg.webp.webp?fit=1280%2C963&ssl=1",1280,963,false],"thumbnail":["https:\/\/i0.wp.com\/ismaelcolosi.com.br\/wp-content\/uploads\/2024\/04\/WhatsApp-Image-2024-04-29-at-06.14.07_2024-04-29_10-00-45_jpeg.webp.webp?resize=150%2C150&ssl=1",150,150,true],"medium":["https:\/\/i0.wp.com\/ismaelcolosi.com.br\/wp-content\/uploads\/2024\/04\/WhatsApp-Image-2024-04-29-at-06.14.07_2024-04-29_10-00-45_jpeg.webp.webp?fit=300%2C226&ssl=1",300,226,true],"medium_large":["https:\/\/i0.wp.com\/ismaelcolosi.com.br\/wp-content\/uploads\/2024\/04\/WhatsApp-Image-2024-04-29-at-06.14.07_2024-04-29_10-00-45_jpeg.webp.webp?fit=768%2C578&ssl=1",768,578,true],"large":["https:\/\/i0.wp.com\/ismaelcolosi.com.br\/wp-content\/uploads\/2024\/04\/WhatsApp-Image-2024-04-29-at-06.14.07_2024-04-29_10-00-45_jpeg.webp.webp?fit=1024%2C770&ssl=1",1024,770,true],"1536x1536":["https:\/\/i0.wp.com\/ismaelcolosi.com.br\/wp-content\/uploads\/2024\/04\/WhatsApp-Image-2024-04-29-at-06.14.07_2024-04-29_10-00-45_jpeg.webp.webp?fit=1280%2C963&ssl=1",1280,963,true],"2048x2048":["https:\/\/i0.wp.com\/ismaelcolosi.com.br\/wp-content\/uploads\/2024\/04\/WhatsApp-Image-2024-04-29-at-06.14.07_2024-04-29_10-00-45_jpeg.webp.webp?fit=1280%2C963&ssl=1",1280,963,true],"really-simple-thumb":["https:\/\/i0.wp.com\/ismaelcolosi.com.br\/wp-content\/uploads\/2024\/04\/WhatsApp-Image-2024-04-29-at-06.14.07_2024-04-29_10-00-45_jpeg.webp.webp?resize=370%2C247&ssl=1",370,247,true]},"uagb_author_info":{"display_name":"ismaelcolosi.com.br","author_link":"https:\/\/ismaelcolosi.com.br\/index.php\/author\/vidareal-online\/"},"uagb_comment_info":0,"uagb_excerpt":"A 29\u00aa Agrishow come\u00e7a nesta segunda-feira (29), a partir das 8h, em Ribeir\u00e3o Preto. A expectativa dos organizadores \u00e9 receber mais de 195 mil visitantes...","jetpack-related-posts":[{"id":47418,"url":"https:\/\/ismaelcolosi.com.br\/index.php\/2024\/04\/25\/veja-como-comprar-ingressos-para-agrishow\/","url_meta":{"origin":47838,"position":0},"title":"Veja como comprar ingressos para Agrishow","author":"ismaelcolosi.com.br","date":"25 de April de 2024","format":false,"excerpt":"A venda de ingressos para a Agrishow, que acontece de 29 de abril a 3 de maio, em Ribeir\u00e3o Preto est\u00e1 sendo realizada antecipadamente e, exclusivamente, pelo site do evento (clique aqui). Os valores dos ingressos adquiridos pelo site s\u00e3o R$ 70 (inteira) e R$ 35 (meia-entrada), com pagamento somente\u2026","rel":"","context":"In &quot;Not\u00edcias de Ribeir\u00e3o Preto-SP e Regi\u00e3o&quot;","block_context":{"text":"Not\u00edcias de Ribeir\u00e3o Preto-SP e Regi\u00e3o","link":"https:\/\/ismaelcolosi.com.br\/index.php\/category\/noticias-de-ribeirao-preto-sp-e-regiao-ismael-colosi\/"},"img":{"alt_text":"","src":"https:\/\/i0.wp.com\/ismaelcolosi.com.br\/wp-content\/uploads\/2024\/04\/Copia-de-Copia-de-TAMANHO-EXATO-PARA-FOTOS-NO-SISTEMA-NOVO-4-2_2024-04-25_16-40-06_jpg.webp.webp?fit=1200%2C675&ssl=1&resize=350%2C200","width":350,"height":200,"srcset":"https:\/\/i0.wp.com\/ismaelcolosi.com.br\/wp-content\/uploads\/2024\/04\/Copia-de-Copia-de-TAMANHO-EXATO-PARA-FOTOS-NO-SISTEMA-NOVO-4-2_2024-04-25_16-40-06_jpg.webp.webp?fit=1200%2C675&ssl=1&resize=350%2C200 1x, https:\/\/i0.wp.com\/ismaelcolosi.com.br\/wp-content\/uploads\/2024\/04\/Copia-de-Copia-de-TAMANHO-EXATO-PARA-FOTOS-NO-SISTEMA-NOVO-4-2_2024-04-25_16-40-06_jpg.webp.webp?fit=1200%2C675&ssl=1&resize=525%2C300 1.5x, https:\/\/i0.wp.com\/ismaelcolosi.com.br\/wp-content\/uploads\/2024\/04\/Copia-de-Copia-de-TAMANHO-EXATO-PARA-FOTOS-NO-SISTEMA-NOVO-4-2_2024-04-25_16-40-06_jpg.webp.webp?fit=1200%2C675&ssl=1&resize=700%2C400 2x, https:\/\/i0.wp.com\/ismaelcolosi.com.br\/wp-content\/uploads\/2024\/04\/Copia-de-Copia-de-TAMANHO-EXATO-PARA-FOTOS-NO-SISTEMA-NOVO-4-2_2024-04-25_16-40-06_jpg.webp.webp?fit=1200%2C675&ssl=1&resize=1050%2C600 3x"},"classes":[]},{"id":36389,"url":"https:\/\/ismaelcolosi.com.br\/index.php\/2024\/02\/09\/empresa-aerea-amplia-voos-para-ribeirao-preto-na-agrishow\/","url_meta":{"origin":47838,"position":1},"title":"Empresa a\u00e9rea amplia voos para Ribeir\u00e3o Preto na Agrishow","author":"ismaelcolosi.com.br","date":"9 de February de 2024","format":false,"excerpt":"A Azul informou que vai ampliar o n\u00famero de voos extras para Ribeir\u00e3o Preto durante a Agrishow, que acontece entre os dias 29 de abril e 3 de maio. S\u00e3o 66 voos extras para rotas partindo de Bras\u00edlia, Cuiab\u00e1, Campo Grande, Goi\u00e2nia e Porto Alegre. Al\u00e9m disso, ser\u00e1 ampliada a\u2026","rel":"","context":"In &quot;Not\u00edcias de Ribeir\u00e3o Preto-SP e Regi\u00e3o&quot;","block_context":{"text":"Not\u00edcias de Ribeir\u00e3o Preto-SP e Regi\u00e3o","link":"https:\/\/ismaelcolosi.com.br\/index.php\/category\/noticias-de-ribeirao-preto-sp-e-regiao-ismael-colosi\/"},"img":{"alt_text":"","src":"https:\/\/i0.wp.com\/ismaelcolosi.com.br\/wp-content\/uploads\/2024\/02\/WhatsApp-Image-2023-12-19-at-08.41.32.jpeg?fit=1200%2C675&ssl=1&resize=350%2C200","width":350,"height":200,"srcset":"https:\/\/i0.wp.com\/ismaelcolosi.com.br\/wp-content\/uploads\/2024\/02\/WhatsApp-Image-2023-12-19-at-08.41.32.jpeg?fit=1200%2C675&ssl=1&resize=350%2C200 1x, https:\/\/i0.wp.com\/ismaelcolosi.com.br\/wp-content\/uploads\/2024\/02\/WhatsApp-Image-2023-12-19-at-08.41.32.jpeg?fit=1200%2C675&ssl=1&resize=525%2C300 1.5x, https:\/\/i0.wp.com\/ismaelcolosi.com.br\/wp-content\/uploads\/2024\/02\/WhatsApp-Image-2023-12-19-at-08.41.32.jpeg?fit=1200%2C675&ssl=1&resize=700%2C400 2x, https:\/\/i0.wp.com\/ismaelcolosi.com.br\/wp-content\/uploads\/2024\/02\/WhatsApp-Image-2023-12-19-at-08.41.32.jpeg?fit=1200%2C675&ssl=1&resize=1050%2C600 3x"},"classes":[]},{"id":47712,"url":"https:\/\/ismaelcolosi.com.br\/index.php\/2024\/04\/27\/agrishow-tem-abertura-oficial-neste-domingo-feira-deve-receber-195-mil-visitantes\/","url_meta":{"origin":47838,"position":2},"title":"Agrishow tem abertura oficial neste domingo; Feira deve receber 195 mil visitantes","author":"ismaelcolosi.com.br","date":"27 de April de 2024","format":false,"excerpt":"A Agrishow ter\u00e1 a abertura oficial do evento na manh\u00e3 deste domingo (28) somente para autoridades, expositores, imprensa e lideran\u00e7as do setor. Para os visitantes, a abertura da feira ser\u00e1 nesta segunda-feira (29), das 8h \u00e0s 18h. O evento segue at\u00e9 o dia 3 de maio, no quil\u00f4metro 321 da\u2026","rel":"","context":"In &quot;Not\u00edcias de Ribeir\u00e3o Preto-SP e Regi\u00e3o&quot;","block_context":{"text":"Not\u00edcias de Ribeir\u00e3o Preto-SP e Regi\u00e3o","link":"https:\/\/ismaelcolosi.com.br\/index.php\/category\/noticias-de-ribeirao-preto-sp-e-regiao-ismael-colosi\/"},"img":{"alt_text":"","src":"https:\/\/i0.wp.com\/ismaelcolosi.com.br\/wp-content\/uploads\/2024\/04\/1714246897_acidadeon_logos_Prancheta-1-copia-12_edited.jpg?fit=1199%2C1200&ssl=1&resize=350%2C200","width":350,"height":200,"srcset":"https:\/\/i0.wp.com\/ismaelcolosi.com.br\/wp-content\/uploads\/2024\/04\/1714246897_acidadeon_logos_Prancheta-1-copia-12_edited.jpg?fit=1199%2C1200&ssl=1&resize=350%2C200 1x, https:\/\/i0.wp.com\/ismaelcolosi.com.br\/wp-content\/uploads\/2024\/04\/1714246897_acidadeon_logos_Prancheta-1-copia-12_edited.jpg?fit=1199%2C1200&ssl=1&resize=525%2C300 1.5x, https:\/\/i0.wp.com\/ismaelcolosi.com.br\/wp-content\/uploads\/2024\/04\/1714246897_acidadeon_logos_Prancheta-1-copia-12_edited.jpg?fit=1199%2C1200&ssl=1&resize=700%2C400 2x, https:\/\/i0.wp.com\/ismaelcolosi.com.br\/wp-content\/uploads\/2024\/04\/1714246897_acidadeon_logos_Prancheta-1-copia-12_edited.jpg?fit=1199%2C1200&ssl=1&resize=1050%2C600 3x"},"classes":[]},{"id":45313,"url":"https:\/\/ismaelcolosi.com.br\/index.php\/2024\/04\/03\/agrishow-aposta-na-ampliacao-de-areas-de-estacionamento-para-facilitar-o-acesso-a-feira\/","url_meta":{"origin":47838,"position":3},"title":"Agrishow aposta na amplia\u00e7\u00e3o de \u00e1reas de estacionamento para facilitar o acesso \u00e0 feira","author":"ismaelcolosi.com.br","date":"3 de April de 2024","format":false,"excerpt":"A organiza\u00e7\u00e3o da 29\u00aa edi\u00e7\u00e3o da Agrishow, em Ribeir\u00e3o Preto, aposta na amplia\u00e7\u00e3o das \u00e1reas de estacionamentos e melhoria dos acessos para facilitar a mobilidade do p\u00fablico e de exposi\u00e7\u00f5es. A feira come\u00e7a no dia 29 de abril e segue at\u00e9 o dia 3 de maio. Este ano, a expectativa\u2026","rel":"","context":"In &quot;Not\u00edcias de Ribeir\u00e3o Preto-SP e Regi\u00e3o&quot;","block_context":{"text":"Not\u00edcias de Ribeir\u00e3o Preto-SP e Regi\u00e3o","link":"https:\/\/ismaelcolosi.com.br\/index.php\/category\/noticias-de-ribeirao-preto-sp-e-regiao-ismael-colosi\/"},"img":{"alt_text":"","src":"https:\/\/i0.wp.com\/ismaelcolosi.com.br\/wp-content\/uploads\/2024\/04\/AnyConv.com__agrishow.webp.webp?fit=800%2C533&ssl=1&resize=350%2C200","width":350,"height":200,"srcset":"https:\/\/i0.wp.com\/ismaelcolosi.com.br\/wp-content\/uploads\/2024\/04\/AnyConv.com__agrishow.webp.webp?fit=800%2C533&ssl=1&resize=350%2C200 1x, https:\/\/i0.wp.com\/ismaelcolosi.com.br\/wp-content\/uploads\/2024\/04\/AnyConv.com__agrishow.webp.webp?fit=800%2C533&ssl=1&resize=525%2C300 1.5x, https:\/\/i0.wp.com\/ismaelcolosi.com.br\/wp-content\/uploads\/2024\/04\/AnyConv.com__agrishow.webp.webp?fit=800%2C533&ssl=1&resize=700%2C400 2x"},"classes":[]},{"id":48127,"url":"https:\/\/ismaelcolosi.com.br\/index.php\/2024\/04\/30\/saiba-como-comprar-ingressos-para-a-agrishow-neste-feriado-de-1o-de-maio\/","url_meta":{"origin":47838,"position":4},"title":"Saiba como comprar ingressos para a Agrishow neste feriado de 1\u00ba de maio","author":"ismaelcolosi.com.br","date":"30 de April de 2024","format":false,"excerpt":"No terceiro dia da Agrishow e tamb\u00e9m data em que \u00e9 comemorado o Dia do Trabalho, os visitantes que quiserem participar da evento nesta quarta-feira (1\u00ba) ter\u00e3o acesso \u00e0 entrada somente com a compra de ingressos na bilheteria. Segundo a organiza\u00e7\u00e3o, os ingressos on-line, vendidos exclusivamente pelo site do evento,\u2026","rel":"","context":"In &quot;Not\u00edcias de Ribeir\u00e3o Preto-SP e Regi\u00e3o&quot;","block_context":{"text":"Not\u00edcias de Ribeir\u00e3o Preto-SP e Regi\u00e3o","link":"https:\/\/ismaelcolosi.com.br\/index.php\/category\/noticias-de-ribeirao-preto-sp-e-regiao-ismael-colosi\/"},"img":{"alt_text":"","src":"https:\/\/i0.wp.com\/ismaelcolosi.com.br\/wp-content\/uploads\/2024\/04\/1714517380_Copia-de-Copia-de-TAMANHO-EXATO-PARA-FOTOS-NO-SISTEMA-NOVO-13.jpg?fit=1200%2C675&ssl=1&resize=350%2C200","width":350,"height":200,"srcset":"https:\/\/i0.wp.com\/ismaelcolosi.com.br\/wp-content\/uploads\/2024\/04\/1714517380_Copia-de-Copia-de-TAMANHO-EXATO-PARA-FOTOS-NO-SISTEMA-NOVO-13.jpg?fit=1200%2C675&ssl=1&resize=350%2C200 1x, https:\/\/i0.wp.com\/ismaelcolosi.com.br\/wp-content\/uploads\/2024\/04\/1714517380_Copia-de-Copia-de-TAMANHO-EXATO-PARA-FOTOS-NO-SISTEMA-NOVO-13.jpg?fit=1200%2C675&ssl=1&resize=525%2C300 1.5x, https:\/\/i0.wp.com\/ismaelcolosi.com.br\/wp-content\/uploads\/2024\/04\/1714517380_Copia-de-Copia-de-TAMANHO-EXATO-PARA-FOTOS-NO-SISTEMA-NOVO-13.jpg?fit=1200%2C675&ssl=1&resize=700%2C400 2x, https:\/\/i0.wp.com\/ismaelcolosi.com.br\/wp-content\/uploads\/2024\/04\/1714517380_Copia-de-Copia-de-TAMANHO-EXATO-PARA-FOTOS-NO-SISTEMA-NOVO-13.jpg?fit=1200%2C675&ssl=1&resize=1050%2C600 3x"},"classes":[]},{"id":48494,"url":"https:\/\/ismaelcolosi.com.br\/index.php\/2024\/05\/03\/agrishow-2024-termina-nesta-sexta-feira-portoes-ficam-abertos-ate-18h\/","url_meta":{"origin":47838,"position":5},"title":"Agrishow 2024 termina nesta sexta-feira; port\u00f5es ficam abertos at\u00e9 18h","author":"ismaelcolosi.com.br","date":"3 de May de 2024","format":false,"excerpt":"A Agrishow considerada uma das maiores feiras voltadas ao agroneg\u00f3cio no mundo, termina nesta sexta-feira (3). A organiza\u00e7\u00e3o estima que 195 mil pessoas tenham passado pela feira, desde a \u00faltima segunda-feira (30), quando o evento foi aberto ao p\u00fablico. Os port\u00f5es da Agrishow ficam abertos at\u00e9 as 18h. Os ingressos\u2026","rel":"","context":"In &quot;Not\u00edcias de Ribeir\u00e3o Preto-SP e Regi\u00e3o&quot;","block_context":{"text":"Not\u00edcias de Ribeir\u00e3o Preto-SP e Regi\u00e3o","link":"https:\/\/ismaelcolosi.com.br\/index.php\/category\/noticias-de-ribeirao-preto-sp-e-regiao-ismael-colosi\/"},"img":{"alt_text":"","src":"https:\/\/i0.wp.com\/ismaelcolosi.com.br\/wp-content\/uploads\/2024\/05\/agrishow-2_2024-05-03_14-04-43_jpeg_2024-05-03_14-04-43.webp.webp?fit=1200%2C800&ssl=1&resize=350%2C200","width":350,"height":200,"srcset":"https:\/\/i0.wp.com\/ismaelcolosi.com.br\/wp-content\/uploads\/2024\/05\/agrishow-2_2024-05-03_14-04-43_jpeg_2024-05-03_14-04-43.webp.webp?fit=1200%2C800&ssl=1&resize=350%2C200 1x, https:\/\/i0.wp.com\/ismaelcolosi.com.br\/wp-content\/uploads\/2024\/05\/agrishow-2_2024-05-03_14-04-43_jpeg_2024-05-03_14-04-43.webp.webp?fit=1200%2C800&ssl=1&resize=525%2C300 1.5x, https:\/\/i0.wp.com\/ismaelcolosi.com.br\/wp-content\/uploads\/2024\/05\/agrishow-2_2024-05-03_14-04-43_jpeg_2024-05-03_14-04-43.webp.webp?fit=1200%2C800&ssl=1&resize=700%2C400 2x, https:\/\/i0.wp.com\/ismaelcolosi.com.br\/wp-content\/uploads\/2024\/05\/agrishow-2_2024-05-03_14-04-43_jpeg_2024-05-03_14-04-43.webp.webp?fit=1200%2C800&ssl=1&resize=1050%2C600 3x"},"classes":[]}],"jetpack_sharing_enabled":true,"jetpack_shortlink":"https:\/\/wp.me\/pfMlyK-crA","_links":{"self":[{"href":"https:\/\/ismaelcolosi.com.br\/index.php\/wp-json\/wp\/v2\/posts\/47838","targetHints":{"allow":["GET"]}}],"collection":[{"href":"https:\/\/ismaelcolosi.com.br\/index.php\/wp-json\/wp\/v2\/posts"}],"about":[{"href":"https:\/\/ismaelcolosi.com.br\/index.php\/wp-json\/wp\/v2\/types\/post"}],"author":[{"embeddable":true,"href":"https:\/\/ismaelcolosi.com.br\/index.php\/wp-json\/wp\/v2\/users\/1"}],"replies":[{"embeddable":true,"href":"https:\/\/ismaelcolosi.com.br\/index.php\/wp-json\/wp\/v2\/comments?post=47838"}],"version-history":[{"count":0,"href":"https:\/\/ismaelcolosi.com.br\/index.php\/wp-json\/wp\/v2\/posts\/47838\/revisions"}],"wp:featuredmedia":[{"embeddable":true,"href":"https:\/\/ismaelcolosi.com.br\/index.php\/wp-json\/wp\/v2\/media\/47839"}],"wp:attachment":[{"href":"https:\/\/ismaelcolosi.com.br\/index.php\/wp-json\/wp\/v2\/media?parent=47838"}],"wp:term":[{"taxonomy":"category","embeddable":true,"href":"https:\/\/ismaelcolosi.com.br\/index.php\/wp-json\/wp\/v2\/categories?post=47838"},{"taxonomy":"post_tag","embeddable":true,"href":"https:\/\/ismaelcolosi.com.br\/index.php\/wp-json\/wp\/v2\/tags?post=47838"}],"curies":[{"name":"wp","href":"https:\/\/api.w.org\/{rel}","templated":true}]}}