{"id":47813,"date":"2024-04-28T20:35:23","date_gmt":"2024-04-28T23:35:23","guid":{"rendered":"https:\/\/ismaelcolosi.com.br\/index.php\/2024\/04\/28\/thiaguinho-leva-a-turne-meu-nome-e-thiago-andre-para-o-japao\/"},"modified":"2024-04-28T20:35:23","modified_gmt":"2024-04-28T23:35:23","slug":"thiaguinho-leva-a-turne-meu-nome-e-thiago-andre-para-o-japao","status":"publish","type":"post","link":"https:\/\/ismaelcolosi.com.br\/index.php\/2024\/04\/28\/thiaguinho-leva-a-turne-meu-nome-e-thiago-andre-para-o-japao\/","title":{"rendered":"Thiaguinho leva a turn\u00ea \u201cMeu Nome \u00e9 Thiago Andr\u00e9\u201d para o Jap\u00e3o"},"content":{"rendered":"<p> <br \/>\n<\/p>\n<div>\n<h3 class=\"fn__maintitle\"><span>Thiaguinho leva a turn\u00ea \u201cMeu Nome \u00e9 Thiago Andr\u00e9\u201d para o Jap\u00e3o<\/span><\/h3>\n<\/div>\n<div>\n<p>Os brasileiros no Jap\u00e3o podem se preparar para um feriado de Golden Week bem animado, pois Thiaguinho, um dos artistas mais populares do Brasil, botou o p\u00e9 na estrada e est\u00e1 viajando pelo mundo com a turn\u00ea\u00a0<i>\u201cMeu Nome \u00e9 Thiago Andr\u00e9\u201d<\/i>. O artista desembarca em Yamanashi, para uma apresenta\u00e7\u00e3o \u00fanica no pa\u00eds, fazendo parte da comemora\u00e7\u00e3o de duas d\u00e9cadas de carreira.<\/p>\n<p>O repert\u00f3rio do novo show \u00e9 baseado nos dois \u00faltimos projetos do cantor: \u201cInfinito\u201d, de 2021, com composi\u00e7\u00f5es in\u00e9ditas e os maiores sucessos da carreira de Thiago; e o disco \u201cMeu Nome \u00c9 Thiago Andr\u00e9\u201d, que traz m\u00fasicas de artistas que fizeram parte da forma\u00e7\u00e3o musical do cantor.<\/p>\n<p>Cantor, compositor e instrumentista, Thiaguinho se consolidou como um dos artistas brasileiros mais vers\u00e1teis e criativos do Brasil. Ap\u00f3s vencer o programa \u201cFama\u201d, em 2002, assumiu o vocal do Exaltasamba e alcan\u00e7ou o reconhecimento nacional. Em 2012, decidiu seguir a carreira solo e, desde ent\u00e3o, acumula CDs, DVDs, EPs, hits e milh\u00f5es de f\u00e3s. Em suas composi\u00e7\u00f5es, transmite a influ\u00eancia de tudo o que ouve. Os ritmos pagode, samba, R&amp;B e pop se fazem presentes em suas can\u00e7\u00f5es, criando uma identifica\u00e7\u00e3o natural com diversos p\u00fablicos.<\/p>\n<p>Com uma carreira consolidada e uma legi\u00e3o de f\u00e3s ao redor do mundo, Thiaguinho \u00e9 conhecido por seus hits cativantes e performances eletrizantes. Sua turn\u00ea atual, \u201cMeu Nome \u00e9 Thiago Andr\u00e9\u201d, tem encantado plateias em todo o Brasil e agora ele est\u00e1 ansioso para levar sua m\u00fasica contagiante aos f\u00e3s no Jap\u00e3o.<\/p>\n<p>O show em Yamanashi acontece no dia 4 de maio, no Yamanakako Communication Plaza Kirara. Os ingressos para o show j\u00e1 est\u00e3o dispon\u00edveis para compra no site\u00a0<a href=\"https:\/\/www.eurekajapan.jp\/\" target=\"_blank\" rel=\"noopener noreferrer\">www.eurekajapan.jp<\/a>.<\/p>\n<p><strong>Mais um show da Eureka Japan<\/strong><\/p>\n<p>A Eureka Japan surgiu em 2016, em parceria com o produtor e comediante Luiz Fran\u00e7a iniciou o projeto de profissionaliza\u00e7\u00e3o de grandes eventos no Jap\u00e3o. Entre os artistas brasileiros que j\u00e1 trouxe para o Jap\u00e3o est\u00e3o Leandro Hassum, Paulinho Gogo, Maloka\/Rodrigo C\u00e1ceres, Renato Albani, Afonso Padilha, Bruna Loiuse, Atila Shingue e Gui Preto, Whinderson e os 4 amigos (Dii Lopes\/Padilha\/Marcos Donato e Thiago Ventura).<\/p>\n<p>Em 2023, a Eureka Japan e LF Produ\u00e7\u00f5es trouxeram artistas renomados no Brasil para o Jap\u00e3o, como Deive Leonardo e Jhonathan Nemer. Ambos os shows foram recordes de p\u00fablico, com lota\u00e7\u00e3o m\u00e1xima dos teatros.<\/p>\n<p>O show de Thiaguinho no Jap\u00e3o \u00e9 uma realiza\u00e7\u00e3o da Eureka Japan em parceria com a Laplata eventos.<\/p>\n<p><strong>Servi\u00e7o<\/strong><\/p>\n<p><strong>Show Thiguinho \u2013 Turn\u00ea \u201cMeu nome \u00e9 Thiago Andr\u00e9\u201d<\/strong><\/p>\n<p><strong>Dia:<\/strong>\u00a004 de maio de 2024<\/p>\n<p><strong>Local:<\/strong>\u00a0Yamanashi \u2013 Ken (Yamanakako Communication Plaza Kirara)<\/p>\n<p><strong>Ingressos e mais informa\u00e7\u00f5es:<\/strong>\u00a0<a href=\"https:\/\/www.eurekajapan.jp\/\" target=\"_blank\" rel=\"noopener noreferrer\">www.eurekajapan.jp<\/a><\/p>\n<div class=\"popito_fn_votewrap\">\n<h3 class=\"vote_title\">Como voc\u00ea vota? <\/h3>\n<div class=\"popito_fn_votes \" data-id=\"2430\">\n<p>1 People voted this article. 1 Upvotes &#8211; 0 Downvotes.<\/p>\n<\/div>\n<\/div>\n<\/div>\n<p><br \/>\n<br \/><a href=\"https:\/\/popito.com.br\/thiaguinho-leva-a-turne-meu-nome-e-thiago-andre-para-o-japao\/\">Source link <\/a><\/p>\n<div class='code-block code-block-4' style='margin: 8px auto 8px 0; text-align: left; display: block; clear: both;'>\n\ud83d\udce2 Aviso Legal\n\nO site ismaelcolosi.com.br atua apenas como um canal de divulga\u00e7\u00e3o de oportunidades de emprego e n\u00e3o se responsabiliza pelo processo seletivo, contrata\u00e7\u00e3o ou qualquer outra etapa relacionada \u00e0s vagas publicadas. Todas as informa\u00e7\u00f5es s\u00e3o de responsabilidade dos anunciantes.\n\n\u26a0\ufe0f Aten\u00e7\u00e3o! Nunca pague por promessas de emprego nem compre cursos que garantam contrata\u00e7\u00e3o. Desconfie de qualquer cobran\u00e7a para participar de sele\u00e7\u00f5es.\n\n\n\n<\/div>\n<!-- CONTENT END 1 -->\n","protected":false},"excerpt":{"rendered":"<p>Thiaguinho leva a turn\u00ea \u201cMeu Nome \u00e9 Thiago Andr\u00e9\u201d para o Jap\u00e3o Os brasileiros no Jap\u00e3o podem se preparar para um feriado de Golden Week&#8230;<\/p>\n","protected":false},"author":1,"featured_media":47814,"comment_status":"open","ping_status":"open","sticky":false,"template":"","format":"standard","meta":{"_uag_custom_page_level_css":"","advanced_seo_description":"","jetpack_seo_html_title":"","jetpack_seo_noindex":false,"jetpack_post_was_ever_published":false,"_jetpack_newsletter_access":"","_jetpack_dont_email_post_to_subs":false,"_jetpack_newsletter_tier_id":0,"_jetpack_memberships_contains_paywalled_content":false,"_jetpack_memberships_contains_paid_content":false,"footnotes":"","jetpack_publicize_message":"","jetpack_publicize_feature_enabled":true,"jetpack_social_post_already_shared":true,"jetpack_social_options":{"image_generator_settings":{"template":"highway","default_image_id":0,"font":"","enabled":false},"version":2}},"categories":[11],"tags":[1943,2389,505,2602,1804,71,5629,915,3455],"class_list":["post-47813","post","type-post","status-publish","format-standard","has-post-thumbnail","hentry","category-noticias-de-ribeirao-preto-sp-e-regiao-ismael-colosi","tag-andre","tag-japao","tag-leva","tag-meu","tag-nome","tag-para","tag-thiago","tag-thiaguinho","tag-turne"],"jetpack_publicize_connections":[],"jetpack_featured_media_url":"https:\/\/i0.wp.com\/ismaelcolosi.com.br\/wp-content\/uploads\/2024\/04\/1714347324_retina-logo.png?fit=145%2C50&ssl=1","uagb_featured_image_src":{"full":["https:\/\/i0.wp.com\/ismaelcolosi.com.br\/wp-content\/uploads\/2024\/04\/1714347324_retina-logo.png?fit=145%2C50&ssl=1",145,50,false],"thumbnail":["https:\/\/i0.wp.com\/ismaelcolosi.com.br\/wp-content\/uploads\/2024\/04\/1714347324_retina-logo.png?resize=145%2C50&ssl=1",145,50,true],"medium":["https:\/\/i0.wp.com\/ismaelcolosi.com.br\/wp-content\/uploads\/2024\/04\/1714347324_retina-logo.png?fit=145%2C50&ssl=1",145,50,true],"medium_large":["https:\/\/i0.wp.com\/ismaelcolosi.com.br\/wp-content\/uploads\/2024\/04\/1714347324_retina-logo.png?fit=145%2C50&ssl=1",145,50,true],"large":["https:\/\/i0.wp.com\/ismaelcolosi.com.br\/wp-content\/uploads\/2024\/04\/1714347324_retina-logo.png?fit=145%2C50&ssl=1",145,50,true],"1536x1536":["https:\/\/i0.wp.com\/ismaelcolosi.com.br\/wp-content\/uploads\/2024\/04\/1714347324_retina-logo.png?fit=145%2C50&ssl=1",145,50,true],"2048x2048":["https:\/\/i0.wp.com\/ismaelcolosi.com.br\/wp-content\/uploads\/2024\/04\/1714347324_retina-logo.png?fit=145%2C50&ssl=1",145,50,true],"really-simple-thumb":["https:\/\/i0.wp.com\/ismaelcolosi.com.br\/wp-content\/uploads\/2024\/04\/1714347324_retina-logo.png?resize=145%2C50&ssl=1",145,50,true]},"uagb_author_info":{"display_name":"ismaelcolosi.com.br","author_link":"https:\/\/ismaelcolosi.com.br\/index.php\/author\/vidareal-online\/"},"uagb_comment_info":0,"uagb_excerpt":"Thiaguinho leva a turn\u00ea \u201cMeu Nome \u00e9 Thiago Andr\u00e9\u201d para o Jap\u00e3o Os brasileiros no Jap\u00e3o podem se preparar para um feriado de Golden Week...","jetpack-related-posts":[{"id":17273,"url":"https:\/\/ismaelcolosi.com.br\/index.php\/2023\/12\/18\/colunista-expoe-suposto-motivo-pelo-qual-thiaguinho-encerra-projeto-tardezinha\/","url_meta":{"origin":47813,"position":0},"title":"Colunista exp\u00f5e suposto motivo pelo qual Thiaguinho encerra projeto Tardezinha","author":"ismaelcolosi.com.br","date":"18 de December de 2023","format":false,"excerpt":"Neste domingo (17\/12), a colunista F\u00e1bia Oliveira revelou ter descoberto o motivo pelo qual o cantor Thiaguinho vai encerrar o projeto \u201cTardezinha\u201d. Segundo as informa\u00e7\u00f5es, o cantor tem novos projetos para o pr\u00f3ximo ano.O cantor fez hoje (17\/12) o \u00faltimo show da turn\u00ea 2023 do projeto. No entanto, a Tardezinha\u2026","rel":"","context":"In &quot;Blog&quot;","block_context":{"text":"Blog","link":"https:\/\/ismaelcolosi.com.br\/index.php\/category\/blog\/"},"img":{"alt_text":"","src":"https:\/\/i0.wp.com\/ismaelcolosi.com.br\/wp-content\/uploads\/2023\/12\/postimg-657fae929814e5550.jpg?fit=1200%2C628&ssl=1&resize=350%2C200","width":350,"height":200,"srcset":"https:\/\/i0.wp.com\/ismaelcolosi.com.br\/wp-content\/uploads\/2023\/12\/postimg-657fae929814e5550.jpg?fit=1200%2C628&ssl=1&resize=350%2C200 1x, https:\/\/i0.wp.com\/ismaelcolosi.com.br\/wp-content\/uploads\/2023\/12\/postimg-657fae929814e5550.jpg?fit=1200%2C628&ssl=1&resize=525%2C300 1.5x, https:\/\/i0.wp.com\/ismaelcolosi.com.br\/wp-content\/uploads\/2023\/12\/postimg-657fae929814e5550.jpg?fit=1200%2C628&ssl=1&resize=700%2C400 2x, https:\/\/i0.wp.com\/ismaelcolosi.com.br\/wp-content\/uploads\/2023\/12\/postimg-657fae929814e5550.jpg?fit=1200%2C628&ssl=1&resize=1050%2C600 3x"},"classes":[]},{"id":10352,"url":"https:\/\/ismaelcolosi.com.br\/index.php\/2023\/12\/04\/luciano-hulk-comete-gafe-em-comentario-sobre-thiaguinho-e-fernanda-souza-mas-encaixar-mesmo\/","url_meta":{"origin":47813,"position":1},"title":"Luciano Hulk comete gafe em coment\u00e1rio sobre Thiaguinho e Fernanda Souza : &#8220;Mas encaixar mesmo&#8221;","author":"ismaelcolosi.com.br","date":"4 de December de 2023","format":false,"excerpt":"Algumas situa\u00e7\u00f5es envolvendo ex casais podem ser tomar um rumo um pouco embara\u00e7osa. Isso porque, quando se tratar de mencionar a ex no mesmo momento em que se elogia a atual situa\u00e7\u00e3o, o coment\u00e1rio pode fugir para outra interpreta\u00e7\u00e3o.Isso aconteceu com o apresentador Luciano Hulk no \u00faltimo domingo, 3 de\u2026","rel":"","context":"In &quot;Blog&quot;","block_context":{"text":"Blog","link":"https:\/\/ismaelcolosi.com.br\/index.php\/category\/blog\/"},"img":{"alt_text":"","src":"https:\/\/i0.wp.com\/ismaelcolosi.com.br\/wp-content\/uploads\/2023\/12\/postimg-656ddb96489b86190.jpg?fit=1200%2C628&ssl=1&resize=350%2C200","width":350,"height":200,"srcset":"https:\/\/i0.wp.com\/ismaelcolosi.com.br\/wp-content\/uploads\/2023\/12\/postimg-656ddb96489b86190.jpg?fit=1200%2C628&ssl=1&resize=350%2C200 1x, https:\/\/i0.wp.com\/ismaelcolosi.com.br\/wp-content\/uploads\/2023\/12\/postimg-656ddb96489b86190.jpg?fit=1200%2C628&ssl=1&resize=525%2C300 1.5x, https:\/\/i0.wp.com\/ismaelcolosi.com.br\/wp-content\/uploads\/2023\/12\/postimg-656ddb96489b86190.jpg?fit=1200%2C628&ssl=1&resize=700%2C400 2x, https:\/\/i0.wp.com\/ismaelcolosi.com.br\/wp-content\/uploads\/2023\/12\/postimg-656ddb96489b86190.jpg?fit=1200%2C628&ssl=1&resize=1050%2C600 3x"},"classes":[]},{"id":12010,"url":"https:\/\/ismaelcolosi.com.br\/index.php\/2023\/12\/07\/thiaguinho-apresenta-tardezinha-para-20-mil-pessoas-em-rp\/","url_meta":{"origin":47813,"position":2},"title":"Thiaguinho apresenta Tardezinha para 20 mil pessoas em RP","author":"ismaelcolosi.com.br","date":"7 de December de 2023","format":false,"excerpt":"7 de dezembro de 2023 | 9:036 de dezembro de 2023 | 12:04 0A Arena Eurobike foi palco do projeto Tardezinha,\u00a0liderado pelo cantor e compositor Thiaguinho\u00a020.000 pessoas estiveram no evento e cantaram do in\u00edcio ao fim grandes hits do samba e do pagode, como \u201cT\u00e1 Vendo Aquela Lua\u201d e \u201cSou\u2026","rel":"","context":"In &quot;Not\u00edcias de Ribeir\u00e3o Preto-SP e Regi\u00e3o&quot;","block_context":{"text":"Not\u00edcias de Ribeir\u00e3o Preto-SP e Regi\u00e3o","link":"https:\/\/ismaelcolosi.com.br\/index.php\/category\/noticias-de-ribeirao-preto-sp-e-regiao-ismael-colosi\/"},"img":{"alt_text":"","src":"https:\/\/i0.wp.com\/ismaelcolosi.com.br\/wp-content\/uploads\/2023\/12\/link.png?fit=886%2C591&ssl=1&resize=350%2C200","width":350,"height":200,"srcset":"https:\/\/i0.wp.com\/ismaelcolosi.com.br\/wp-content\/uploads\/2023\/12\/link.png?fit=886%2C591&ssl=1&resize=350%2C200 1x, https:\/\/i0.wp.com\/ismaelcolosi.com.br\/wp-content\/uploads\/2023\/12\/link.png?fit=886%2C591&ssl=1&resize=525%2C300 1.5x, https:\/\/i0.wp.com\/ismaelcolosi.com.br\/wp-content\/uploads\/2023\/12\/link.png?fit=886%2C591&ssl=1&resize=700%2C400 2x"},"classes":[]},{"id":15034,"url":"https:\/\/ismaelcolosi.com.br\/index.php\/2023\/12\/12\/inicio-da-carreira-de-thiaguinho-teve-ajuda-de-um-anjo-saiba-quem-e\/","url_meta":{"origin":47813,"position":3},"title":"In\u00edcio da carreira de Thiaguinho teve ajuda de um &#8216;anjo&#8217;; saiba quem \u00e9","author":"ismaelcolosi.com.br","date":"12 de December de 2023","format":false,"excerpt":"Que o cantor Thiaguinho \u00e9 um fen\u00f4meno do mundo musical, \u00e9 um fato. Acontece que l\u00e1 no in\u00edcio, a hist\u00f3ria do cantor contou com uma ajuda fundamental para o sucesso que ele \u00e9 hoje.O \u2018anjo\u2019 tem o nome de Isabel Cristina. Ela \u00e9 moradora da Baixada Fluminense e trabalha com\u2026","rel":"","context":"In &quot;Blog&quot;","block_context":{"text":"Blog","link":"https:\/\/ismaelcolosi.com.br\/index.php\/category\/blog\/"},"img":{"alt_text":"","src":"https:\/\/i0.wp.com\/ismaelcolosi.com.br\/wp-content\/uploads\/2023\/12\/postimg-65790dd5e478b1990.jpg?fit=1200%2C628&ssl=1&resize=350%2C200","width":350,"height":200,"srcset":"https:\/\/i0.wp.com\/ismaelcolosi.com.br\/wp-content\/uploads\/2023\/12\/postimg-65790dd5e478b1990.jpg?fit=1200%2C628&ssl=1&resize=350%2C200 1x, https:\/\/i0.wp.com\/ismaelcolosi.com.br\/wp-content\/uploads\/2023\/12\/postimg-65790dd5e478b1990.jpg?fit=1200%2C628&ssl=1&resize=525%2C300 1.5x, https:\/\/i0.wp.com\/ismaelcolosi.com.br\/wp-content\/uploads\/2023\/12\/postimg-65790dd5e478b1990.jpg?fit=1200%2C628&ssl=1&resize=700%2C400 2x, https:\/\/i0.wp.com\/ismaelcolosi.com.br\/wp-content\/uploads\/2023\/12\/postimg-65790dd5e478b1990.jpg?fit=1200%2C628&ssl=1&resize=1050%2C600 3x"},"classes":[]},{"id":7146,"url":"https:\/\/ismaelcolosi.com.br\/index.php\/2023\/11\/27\/vai-chover-veja-a-previsao-do-tempo-para-a-tardezinha-do-thiaguinho-em-ribeirao\/","url_meta":{"origin":47813,"position":4},"title":"Vai chover? Veja a previs\u00e3o do tempo para a \u2018Tardezinha\u2019 do Thiaguinho em Ribeir\u00e3o","author":"ismaelcolosi.com.br","date":"27 de November de 2023","format":false,"excerpt":"Ribeir\u00e3o Preto recebe, neste s\u00e1bado (2), a turn\u00ea \u201cTardezinha\u201d do cantor Thiaguinho, \u00e0s 14h. De acordo com a plataforma Climatempo, quem for curtir o show na Arena Eurobike, deve se prevenir e levar uma capa de chuva. Criado h\u00e1 mais de 6 anos, o evento conquistou quase um milh\u00e3o de\u2026","rel":"","context":"In &quot;Not\u00edcias de Ribeir\u00e3o Preto-SP e Regi\u00e3o&quot;","block_context":{"text":"Not\u00edcias de Ribeir\u00e3o Preto-SP e Regi\u00e3o","link":"https:\/\/ismaelcolosi.com.br\/index.php\/category\/noticias-de-ribeirao-preto-sp-e-regiao-ismael-colosi\/"},"img":{"alt_text":"","src":"https:\/\/i0.wp.com\/ismaelcolosi.com.br\/wp-content\/uploads\/2023\/11\/sao-paulo-sp-156-e1701110797107.webp.webp?fit=1200%2C839&ssl=1&resize=350%2C200","width":350,"height":200,"srcset":"https:\/\/i0.wp.com\/ismaelcolosi.com.br\/wp-content\/uploads\/2023\/11\/sao-paulo-sp-156-e1701110797107.webp.webp?fit=1200%2C839&ssl=1&resize=350%2C200 1x, https:\/\/i0.wp.com\/ismaelcolosi.com.br\/wp-content\/uploads\/2023\/11\/sao-paulo-sp-156-e1701110797107.webp.webp?fit=1200%2C839&ssl=1&resize=525%2C300 1.5x, https:\/\/i0.wp.com\/ismaelcolosi.com.br\/wp-content\/uploads\/2023\/11\/sao-paulo-sp-156-e1701110797107.webp.webp?fit=1200%2C839&ssl=1&resize=700%2C400 2x, https:\/\/i0.wp.com\/ismaelcolosi.com.br\/wp-content\/uploads\/2023\/11\/sao-paulo-sp-156-e1701110797107.webp.webp?fit=1200%2C839&ssl=1&resize=1050%2C600 3x"},"classes":[]},{"id":39679,"url":"https:\/\/ismaelcolosi.com.br\/index.php\/2024\/02\/27\/roberto-carlos-confirma-data-de-show-na-regiao-de-ribeirao-veja-como-comprar-ingressos\/","url_meta":{"origin":47813,"position":5},"title":"Roberto Carlos confirma data de show na regi\u00e3o de Ribeir\u00e3o; Veja como comprar ingressos","author":"ismaelcolosi.com.br","date":"27 de February de 2024","format":false,"excerpt":"O show do cantor Roberto Carlos em Franca, na regi\u00e3o de Ribeir\u00e3o Preto, ser\u00e1 realizado no gin\u00e1sio Pedroc\u00e3o, no dia 12 de abril, \u00e0s 21h. A venda de ingressos come\u00e7a na pr\u00f3xima quinta-feira (29), a partir das 12h. Os ingressos ser\u00e3o vendidos pela internet, no site da Eventim (clique aqui),\u2026","rel":"","context":"In &quot;Not\u00edcias de Ribeir\u00e3o Preto-SP e Regi\u00e3o&quot;","block_context":{"text":"Not\u00edcias de Ribeir\u00e3o Preto-SP e Regi\u00e3o","link":"https:\/\/ismaelcolosi.com.br\/index.php\/category\/noticias-de-ribeirao-preto-sp-e-regiao-ismael-colosi\/"},"img":{"alt_text":"","src":"https:\/\/i0.wp.com\/ismaelcolosi.com.br\/wp-content\/uploads\/2024\/02\/roberto-carlos-cantor.jpg?fit=1200%2C789&ssl=1&resize=350%2C200","width":350,"height":200,"srcset":"https:\/\/i0.wp.com\/ismaelcolosi.com.br\/wp-content\/uploads\/2024\/02\/roberto-carlos-cantor.jpg?fit=1200%2C789&ssl=1&resize=350%2C200 1x, https:\/\/i0.wp.com\/ismaelcolosi.com.br\/wp-content\/uploads\/2024\/02\/roberto-carlos-cantor.jpg?fit=1200%2C789&ssl=1&resize=525%2C300 1.5x, https:\/\/i0.wp.com\/ismaelcolosi.com.br\/wp-content\/uploads\/2024\/02\/roberto-carlos-cantor.jpg?fit=1200%2C789&ssl=1&resize=700%2C400 2x, https:\/\/i0.wp.com\/ismaelcolosi.com.br\/wp-content\/uploads\/2024\/02\/roberto-carlos-cantor.jpg?fit=1200%2C789&ssl=1&resize=1050%2C600 3x"},"classes":[]}],"jetpack_sharing_enabled":true,"jetpack_shortlink":"https:\/\/wp.me\/pfMlyK-crb","_links":{"self":[{"href":"https:\/\/ismaelcolosi.com.br\/index.php\/wp-json\/wp\/v2\/posts\/47813","targetHints":{"allow":["GET"]}}],"collection":[{"href":"https:\/\/ismaelcolosi.com.br\/index.php\/wp-json\/wp\/v2\/posts"}],"about":[{"href":"https:\/\/ismaelcolosi.com.br\/index.php\/wp-json\/wp\/v2\/types\/post"}],"author":[{"embeddable":true,"href":"https:\/\/ismaelcolosi.com.br\/index.php\/wp-json\/wp\/v2\/users\/1"}],"replies":[{"embeddable":true,"href":"https:\/\/ismaelcolosi.com.br\/index.php\/wp-json\/wp\/v2\/comments?post=47813"}],"version-history":[{"count":0,"href":"https:\/\/ismaelcolosi.com.br\/index.php\/wp-json\/wp\/v2\/posts\/47813\/revisions"}],"wp:featuredmedia":[{"embeddable":true,"href":"https:\/\/ismaelcolosi.com.br\/index.php\/wp-json\/wp\/v2\/media\/47814"}],"wp:attachment":[{"href":"https:\/\/ismaelcolosi.com.br\/index.php\/wp-json\/wp\/v2\/media?parent=47813"}],"wp:term":[{"taxonomy":"category","embeddable":true,"href":"https:\/\/ismaelcolosi.com.br\/index.php\/wp-json\/wp\/v2\/categories?post=47813"},{"taxonomy":"post_tag","embeddable":true,"href":"https:\/\/ismaelcolosi.com.br\/index.php\/wp-json\/wp\/v2\/tags?post=47813"}],"curies":[{"name":"wp","href":"https:\/\/api.w.org\/{rel}","templated":true}]}}