{"id":47712,"date":"2024-04-27T16:41:36","date_gmt":"2024-04-27T19:41:36","guid":{"rendered":"https:\/\/ismaelcolosi.com.br\/index.php\/2024\/04\/27\/agrishow-tem-abertura-oficial-neste-domingo-feira-deve-receber-195-mil-visitantes\/"},"modified":"2024-04-27T16:41:36","modified_gmt":"2024-04-27T19:41:36","slug":"agrishow-tem-abertura-oficial-neste-domingo-feira-deve-receber-195-mil-visitantes","status":"publish","type":"post","link":"https:\/\/ismaelcolosi.com.br\/index.php\/2024\/04\/27\/agrishow-tem-abertura-oficial-neste-domingo-feira-deve-receber-195-mil-visitantes\/","title":{"rendered":"Agrishow tem abertura oficial neste domingo; Feira deve receber 195 mil visitantes"},"content":{"rendered":"<p> <br \/>\n<\/p>\n<div data-td-block-uid=\"tdi_101\">\n<div class=\"tdb-block-inner td-fix-index\">\n<p>A<strong> <\/strong><span style=\"background-color:#f7cc62\" class=\"td_text_highlight_marker\"><mark style=\"background-color:rgba(0, 0, 0, 0)\" class=\"has-inline-color has-black-color\"><strong>Agrishow ter\u00e1 a abertura oficial do evento na manh\u00e3 deste domingo<\/strong> (28) <strong>somente para autoridades, expositores, imprensa e lideran\u00e7as do setor<\/strong><\/mark><\/span>.<\/p>\n<p>Para os <strong>visitantes<\/strong>, a <strong>abertura da feira ser\u00e1 nesta segunda-feira<\/strong> (29), <strong>das 8h \u00e0s 18h<\/strong>. O <strong>evento<\/strong> <strong>segue at\u00e9 o dia 3 de maio<\/strong>, no quil\u00f4metro 321 da rodovia Prefeito Ant\u00f4nio Duarte Nogueira (<strong>Anel Vi\u00e1rio Sul<\/strong>).<\/p><div class='code-block code-block-8' style='margin: 8px auto; text-align: center; display: block; clear: both;'>\n<script>\n  atOptions = {\n    'key' : '66e2e2111ca34da796271819fc334058',\n    'format' : 'iframe',\n    'height' : 250,\n    'width' : 300,\n    'params' : {}\n  };\n<\/script>\n<script src=\"https:\/\/www.highperformanceformat.com\/66e2e2111ca34da796271819fc334058\/invoke.js\"><\/script>\n<\/div>\n\n<p>A <strong>expectativa \u00e9 de que 195 mil pessoas passem pela feira durante os cinco dias de evento<\/strong>.<\/p>\n<p>De acordo com a organiza\u00e7\u00e3o, a<strong> Agrishow deve movimentar R$ 500 milh\u00f5es<\/strong> em<strong> Ribeir\u00e3o Preto <\/strong>e <strong>cidades da regi\u00e3o<\/strong>. Este ano, s\u00e3o <strong>mais de 800 marcas expositoras<\/strong>, de diversos segmentos e pa\u00edses, que <strong>estar\u00e3o presentes na feira<\/strong>.<\/p>\n<h4 class=\"wp-block-heading\"><strong>Autoridades na abertura oficial<\/strong><\/h4>\n<p>A <strong>cerim\u00f4nia oficial de abertura da feira neste domingo<\/strong> tem as <strong>presen\u00e7as confirmadas<\/strong> das seguintes <strong>autoridades<\/strong>, at\u00e9 o momento:<\/p>\n<ul>\n<li><strong>Tarc\u00edsio de Freitas<\/strong> (governador do Estado de S\u00e3o Paulo)<\/li>\n<li><strong>Carlos F\u00e1varo<\/strong> (ministro da Agricultura e Pecu\u00e1ria)<\/li>\n<li><strong>Paulo Teixeira <\/strong>(ministro do Desenvolvimento Agr\u00e1rio e Agricultura Familiar)<\/li>\n<\/ul>\n<p>Embora tenha sido convidado pela organiza\u00e7\u00e3o, o presidente<strong>\u00a0Luiz In\u00e1cio Lula da Silva (PT)<\/strong>\u00a0n\u00e3o deve visitar a\u00a0<strong>Agrishow<\/strong>.<\/p>\n<p>SAIBA MAIS <\/p>\n<p>Bandido usa carro em marcha \u00e0 r\u00e9 para furtar farm\u00e1cia na regi\u00e3o de Ribeir\u00e3o; Veja v\u00eddeo<\/p>\n<h4 class=\"wp-block-heading\"><strong>FIQUE ON<\/strong><\/h4>\n<p>Fique ligado em tudo que acontece em Ribeir\u00e3o Preto e regi\u00e3o. Siga os perfis do\u00a0<strong>acidade on\u00a0<\/strong>no\u00a0<a href=\"https:\/\/www.instagram.com\/acidadeonribeirao\" target=\"_blank\" rel=\"noreferrer noopener\">Instagram<\/a>\u00a0e no\u00a0<a href=\"https:\/\/www.facebook.com\/acidadeonribeirao\" target=\"_blank\" rel=\"noreferrer noopener\">Facebook<\/a>.<\/p>\n<p>Receba not\u00edcias do acidade on no WhatsApp. Para entrar no grupo, basta\u00a0<a href=\"https:\/\/chat.whatsapp.com\/GFH9HUMUTHNFJdnyEd0xxq\" target=\"_blank\" rel=\"noreferrer noopener\">clicar aqui<\/a>.<\/p>\n<p>Fa\u00e7a uma den\u00fancia ou sugira uma reportagem sobre Ribeir\u00e3o Preto e regi\u00e3o pelo WhatsApp: 16 99117 7802.<\/p>\n<p>VEJA TAMB\u00c9M<br \/>Globoplay revela nome do document\u00e1rio sobre o Davi do BBB 24<\/p>\n<p><!-- AI CONTENT END 1 -->\n<\/div>\n<\/div>\n<p><script async src=\"\/\/www.instagram.com\/embed.js\"><\/script><br \/>\n<br \/><br \/>\n<br \/><a href=\"https:\/\/www.acidadeon.com\/ribeiraopreto\/agrishow\/agrishow-tem-abertura-oficial-neste-domingo-feira-deve-receber-195-mil-visitantes\/\">Source link <\/a><\/p>\n<div class='code-block code-block-4' style='margin: 8px auto 8px 0; text-align: left; display: block; clear: both;'>\n\ud83d\udce2 Aviso Legal\n\nO site ismaelcolosi.com.br atua apenas como um canal de divulga\u00e7\u00e3o de oportunidades de emprego e n\u00e3o se responsabiliza pelo processo seletivo, contrata\u00e7\u00e3o ou qualquer outra etapa relacionada \u00e0s vagas publicadas. Todas as informa\u00e7\u00f5es s\u00e3o de responsabilidade dos anunciantes.\n\n\u26a0\ufe0f Aten\u00e7\u00e3o! Nunca pague por promessas de emprego nem compre cursos que garantam contrata\u00e7\u00e3o. Desconfie de qualquer cobran\u00e7a para participar de sele\u00e7\u00f5es.\n\n\n\n<\/div>\n<!-- CONTENT END 1 -->\n","protected":false},"excerpt":{"rendered":"<p>A Agrishow ter\u00e1 a abertura oficial do evento na manh\u00e3 deste domingo (28) somente para autoridades, expositores, imprensa e lideran\u00e7as do setor. Para os visitantes,&#8230;<\/p>\n","protected":false},"author":1,"featured_media":47713,"comment_status":"open","ping_status":"open","sticky":false,"template":"","format":"standard","meta":{"_uag_custom_page_level_css":"","advanced_seo_description":"","jetpack_seo_html_title":"","jetpack_seo_noindex":false,"jetpack_post_was_ever_published":false,"_jetpack_newsletter_access":"","_jetpack_dont_email_post_to_subs":false,"_jetpack_newsletter_tier_id":0,"_jetpack_memberships_contains_paywalled_content":false,"_jetpack_memberships_contains_paid_content":false,"footnotes":"","jetpack_publicize_message":"","jetpack_publicize_feature_enabled":true,"jetpack_social_post_already_shared":true,"jetpack_social_options":{"image_generator_settings":{"template":"highway","default_image_id":0,"font":"","enabled":false},"version":2}},"categories":[11],"tags":[],"class_list":["post-47712","post","type-post","status-publish","format-standard","has-post-thumbnail","hentry","category-noticias-de-ribeirao-preto-sp-e-regiao-ismael-colosi"],"jetpack_publicize_connections":[],"jetpack_featured_media_url":"https:\/\/i0.wp.com\/ismaelcolosi.com.br\/wp-content\/uploads\/2024\/04\/1714246897_acidadeon_logos_Prancheta-1-copia-12_edited.jpg?fit=2250%2C2251&ssl=1","uagb_featured_image_src":{"full":["https:\/\/i0.wp.com\/ismaelcolosi.com.br\/wp-content\/uploads\/2024\/04\/1714246897_acidadeon_logos_Prancheta-1-copia-12_edited.jpg?fit=2250%2C2251&ssl=1",2250,2251,false],"thumbnail":["https:\/\/i0.wp.com\/ismaelcolosi.com.br\/wp-content\/uploads\/2024\/04\/1714246897_acidadeon_logos_Prancheta-1-copia-12_edited.jpg?resize=150%2C150&ssl=1",150,150,true],"medium":["https:\/\/i0.wp.com\/ismaelcolosi.com.br\/wp-content\/uploads\/2024\/04\/1714246897_acidadeon_logos_Prancheta-1-copia-12_edited.jpg?fit=300%2C300&ssl=1",300,300,true],"medium_large":["https:\/\/i0.wp.com\/ismaelcolosi.com.br\/wp-content\/uploads\/2024\/04\/1714246897_acidadeon_logos_Prancheta-1-copia-12_edited.jpg?fit=768%2C768&ssl=1",768,768,true],"large":["https:\/\/i0.wp.com\/ismaelcolosi.com.br\/wp-content\/uploads\/2024\/04\/1714246897_acidadeon_logos_Prancheta-1-copia-12_edited.jpg?fit=1024%2C1024&ssl=1",1024,1024,true],"1536x1536":["https:\/\/i0.wp.com\/ismaelcolosi.com.br\/wp-content\/uploads\/2024\/04\/1714246897_acidadeon_logos_Prancheta-1-copia-12_edited.jpg?fit=1536%2C1536&ssl=1",1536,1536,true],"2048x2048":["https:\/\/i0.wp.com\/ismaelcolosi.com.br\/wp-content\/uploads\/2024\/04\/1714246897_acidadeon_logos_Prancheta-1-copia-12_edited.jpg?fit=2048%2C2048&ssl=1",2048,2048,true],"really-simple-thumb":["https:\/\/i0.wp.com\/ismaelcolosi.com.br\/wp-content\/uploads\/2024\/04\/1714246897_acidadeon_logos_Prancheta-1-copia-12_edited.jpg?resize=370%2C247&ssl=1",370,247,true]},"uagb_author_info":{"display_name":"ismaelcolosi.com.br","author_link":"https:\/\/ismaelcolosi.com.br\/index.php\/author\/vidareal-online\/"},"uagb_comment_info":0,"uagb_excerpt":"A Agrishow ter\u00e1 a abertura oficial do evento na manh\u00e3 deste domingo (28) somente para autoridades, expositores, imprensa e lideran\u00e7as do setor. Para os visitantes,...","jetpack-related-posts":[{"id":47762,"url":"https:\/\/ismaelcolosi.com.br\/index.php\/2024\/04\/28\/vai-a-agrishow-confira-cinco-rotas-alternativas-para-acesso-a-feira-em-ribeirao-preto\/","url_meta":{"origin":47712,"position":0},"title":"Vai \u00e0 Agrishow? Confira cinco rotas alternativas para acesso \u00e0 feira em Ribeir\u00e3o Preto","author":"ismaelcolosi.com.br","date":"28 de April de 2024","format":false,"excerpt":"A Prefeitura de Ribeir\u00e3o Preto divulgou cinco sugest\u00f5es de rotas alternativas para quem pretende chegar \u00e0 Agrishow, no quil\u00f4metro 321 da rodovia Prefeito Ant\u00f4nio Duarte Nogueira (Anel Vi\u00e1rio Sul), a partir desta segunda-feira (29). A feira realiza a abertura oficial do evento na manh\u00e3 deste domingo (28), com a presen\u00e7a\u2026","rel":"","context":"In &quot;Not\u00edcias de Ribeir\u00e3o Preto-SP e Regi\u00e3o&quot;","block_context":{"text":"Not\u00edcias de Ribeir\u00e3o Preto-SP e Regi\u00e3o","link":"https:\/\/ismaelcolosi.com.br\/index.php\/category\/noticias-de-ribeirao-preto-sp-e-regiao-ismael-colosi\/"},"img":{"alt_text":"","src":"https:\/\/i0.wp.com\/ismaelcolosi.com.br\/wp-content\/uploads\/2024\/04\/agrishow_1024x576_01122020133641.jpg?fit=1024%2C576&ssl=1&resize=350%2C200","width":350,"height":200,"srcset":"https:\/\/i0.wp.com\/ismaelcolosi.com.br\/wp-content\/uploads\/2024\/04\/agrishow_1024x576_01122020133641.jpg?fit=1024%2C576&ssl=1&resize=350%2C200 1x, https:\/\/i0.wp.com\/ismaelcolosi.com.br\/wp-content\/uploads\/2024\/04\/agrishow_1024x576_01122020133641.jpg?fit=1024%2C576&ssl=1&resize=525%2C300 1.5x, https:\/\/i0.wp.com\/ismaelcolosi.com.br\/wp-content\/uploads\/2024\/04\/agrishow_1024x576_01122020133641.jpg?fit=1024%2C576&ssl=1&resize=700%2C400 2x"},"classes":[]},{"id":47838,"url":"https:\/\/ismaelcolosi.com.br\/index.php\/2024\/04\/29\/agrishow-espera-mais-de-195-mil-visitantes-a-partir-desta-segunda-em-ribeirao-preto\/","url_meta":{"origin":47712,"position":1},"title":"Agrishow espera mais de 195 mil visitantes a partir desta segunda em Ribeir\u00e3o Preto","author":"ismaelcolosi.com.br","date":"29 de April de 2024","format":false,"excerpt":"A 29\u00aa Agrishow come\u00e7a nesta segunda-feira (29), a partir das 8h, em Ribeir\u00e3o Preto. A expectativa dos organizadores \u00e9 receber mais de 195 mil visitantes at\u00e9 a pr\u00f3xima sexta-feira (3). A feira, considerada a principal do segmento de tecnologia agr\u00edcola da Am\u00e9rica Latina, deve receber pessoas de mais de 50\u2026","rel":"","context":"In &quot;Not\u00edcias de Ribeir\u00e3o Preto-SP e Regi\u00e3o&quot;","block_context":{"text":"Not\u00edcias de Ribeir\u00e3o Preto-SP e Regi\u00e3o","link":"https:\/\/ismaelcolosi.com.br\/index.php\/category\/noticias-de-ribeirao-preto-sp-e-regiao-ismael-colosi\/"},"img":{"alt_text":"","src":"https:\/\/i0.wp.com\/ismaelcolosi.com.br\/wp-content\/uploads\/2024\/04\/WhatsApp-Image-2024-04-29-at-06.14.07_2024-04-29_10-00-45_jpeg.webp.webp?fit=1200%2C903&ssl=1&resize=350%2C200","width":350,"height":200,"srcset":"https:\/\/i0.wp.com\/ismaelcolosi.com.br\/wp-content\/uploads\/2024\/04\/WhatsApp-Image-2024-04-29-at-06.14.07_2024-04-29_10-00-45_jpeg.webp.webp?fit=1200%2C903&ssl=1&resize=350%2C200 1x, https:\/\/i0.wp.com\/ismaelcolosi.com.br\/wp-content\/uploads\/2024\/04\/WhatsApp-Image-2024-04-29-at-06.14.07_2024-04-29_10-00-45_jpeg.webp.webp?fit=1200%2C903&ssl=1&resize=525%2C300 1.5x, https:\/\/i0.wp.com\/ismaelcolosi.com.br\/wp-content\/uploads\/2024\/04\/WhatsApp-Image-2024-04-29-at-06.14.07_2024-04-29_10-00-45_jpeg.webp.webp?fit=1200%2C903&ssl=1&resize=700%2C400 2x, https:\/\/i0.wp.com\/ismaelcolosi.com.br\/wp-content\/uploads\/2024\/04\/WhatsApp-Image-2024-04-29-at-06.14.07_2024-04-29_10-00-45_jpeg.webp.webp?fit=1200%2C903&ssl=1&resize=1050%2C600 3x"},"classes":[]},{"id":47891,"url":"https:\/\/ismaelcolosi.com.br\/index.php\/2024\/04\/29\/com-bolsonaro-tarcisio-visita-agrishow-em-ribeirao-preto\/","url_meta":{"origin":47712,"position":2},"title":"Com Bolsonaro, Tarc\u00edsio visita Agrishow em Ribeir\u00e3o Preto","author":"ismaelcolosi.com.br","date":"29 de April de 2024","format":false,"excerpt":"O governador de S\u00e3o Paulo, Tarc\u00edsio de Freitas (REP), visitou a Agrishow em Ribeir\u00e3o Preto, nesta segunda-feira (29). Com ele, estavam o ex-presidente Jair Bolsonaro (PL) e o governador de Goi\u00e1s, Ronaldo Caiado (Uni\u00e3o). No \u00faltimo domingo (28), durante a abertura oficial da Agrishow, que contou com a presen\u00e7a do\u2026","rel":"","context":"In &quot;Not\u00edcias de Ribeir\u00e3o Preto-SP e Regi\u00e3o&quot;","block_context":{"text":"Not\u00edcias de Ribeir\u00e3o Preto-SP e Regi\u00e3o","link":"https:\/\/ismaelcolosi.com.br\/index.php\/category\/noticias-de-ribeirao-preto-sp-e-regiao-ismael-colosi\/"},"img":{"alt_text":"","src":"https:\/\/i0.wp.com\/ismaelcolosi.com.br\/wp-content\/uploads\/2024\/04\/Copia-de-Copia-de-TAMANHO-EXATO-PARA-FOTOS-NO-SISTEMA-NOVO-18_2024-04-29_15-05-45_png.webp.webp?fit=1200%2C675&ssl=1&resize=350%2C200","width":350,"height":200,"srcset":"https:\/\/i0.wp.com\/ismaelcolosi.com.br\/wp-content\/uploads\/2024\/04\/Copia-de-Copia-de-TAMANHO-EXATO-PARA-FOTOS-NO-SISTEMA-NOVO-18_2024-04-29_15-05-45_png.webp.webp?fit=1200%2C675&ssl=1&resize=350%2C200 1x, https:\/\/i0.wp.com\/ismaelcolosi.com.br\/wp-content\/uploads\/2024\/04\/Copia-de-Copia-de-TAMANHO-EXATO-PARA-FOTOS-NO-SISTEMA-NOVO-18_2024-04-29_15-05-45_png.webp.webp?fit=1200%2C675&ssl=1&resize=525%2C300 1.5x, https:\/\/i0.wp.com\/ismaelcolosi.com.br\/wp-content\/uploads\/2024\/04\/Copia-de-Copia-de-TAMANHO-EXATO-PARA-FOTOS-NO-SISTEMA-NOVO-18_2024-04-29_15-05-45_png.webp.webp?fit=1200%2C675&ssl=1&resize=700%2C400 2x, https:\/\/i0.wp.com\/ismaelcolosi.com.br\/wp-content\/uploads\/2024\/04\/Copia-de-Copia-de-TAMANHO-EXATO-PARA-FOTOS-NO-SISTEMA-NOVO-18_2024-04-29_15-05-45_png.webp.webp?fit=1200%2C675&ssl=1&resize=1050%2C600 3x"},"classes":[]},{"id":45639,"url":"https:\/\/ismaelcolosi.com.br\/index.php\/2024\/04\/05\/agrishow-nao-tera-solenidade\/","url_meta":{"origin":47712,"position":3},"title":"Agrishow n\u00e3o ter\u00e1 solenidade\u00a0 &#8211; Tribuna Ribeir\u00e3o","author":"ismaelcolosi.com.br","date":"5 de April de 2024","format":false,"excerpt":"A 29\u00aa Feira Internacional de Tecnologia Agr\u00edcola em A\u00e7\u00e3o (Agrishow 2024), a principal da Am\u00e9rica Latina, ser\u00e1 realizada entre os dias 29 de abril e 3 de maio, no Polo Regional de Desenvolvimento Tecnol\u00f3gico dos Agroneg\u00f3cios do Centro-Leste, no quil\u00f4metro 321 da Rodovia Antonio Duarte Nogueira (SP-322), o Anel Vi\u00e1rio\u2026","rel":"","context":"In &quot;Not\u00edcias de Ribeir\u00e3o Preto-SP e Regi\u00e3o&quot;","block_context":{"text":"Not\u00edcias de Ribeir\u00e3o Preto-SP e Regi\u00e3o","link":"https:\/\/ismaelcolosi.com.br\/index.php\/category\/noticias-de-ribeirao-preto-sp-e-regiao-ismael-colosi\/"},"img":{"alt_text":"","src":"https:\/\/i0.wp.com\/ismaelcolosi.com.br\/wp-content\/uploads\/2024\/04\/Agrishow-Divulgacao-Agrishow.jpg?fit=1200%2C628&ssl=1&resize=350%2C200","width":350,"height":200,"srcset":"https:\/\/i0.wp.com\/ismaelcolosi.com.br\/wp-content\/uploads\/2024\/04\/Agrishow-Divulgacao-Agrishow.jpg?fit=1200%2C628&ssl=1&resize=350%2C200 1x, https:\/\/i0.wp.com\/ismaelcolosi.com.br\/wp-content\/uploads\/2024\/04\/Agrishow-Divulgacao-Agrishow.jpg?fit=1200%2C628&ssl=1&resize=525%2C300 1.5x, https:\/\/i0.wp.com\/ismaelcolosi.com.br\/wp-content\/uploads\/2024\/04\/Agrishow-Divulgacao-Agrishow.jpg?fit=1200%2C628&ssl=1&resize=700%2C400 2x, https:\/\/i0.wp.com\/ismaelcolosi.com.br\/wp-content\/uploads\/2024\/04\/Agrishow-Divulgacao-Agrishow.jpg?fit=1200%2C628&ssl=1&resize=1050%2C600 3x"},"classes":[]},{"id":45724,"url":"https:\/\/ismaelcolosi.com.br\/index.php\/2024\/04\/05\/agrishow-nao-tera-solenidade-2\/","url_meta":{"origin":47712,"position":4},"title":"Agrishow n\u00e3o ter\u00e1 solenidade\u00a0 &#8211; Jornal Tribuna Ribeir\u00e3o","author":"ismaelcolosi.com.br","date":"5 de April de 2024","format":false,"excerpt":"5 de abril de 2024 | 13:005 de abril de 2024 | 9:52 0 A 29\u00aa Feira Internacional de Tecnologia Agr\u00edcola em A\u00e7\u00e3o (Agrishow 2024), a principal da Am\u00e9rica Latina, ser\u00e1 realizada entre os dias 29 de abril e 3 de maio, no Polo Regional de Desenvolvimento Tecnol\u00f3gico dos Agroneg\u00f3cios\u2026","rel":"","context":"In &quot;Not\u00edcias de Ribeir\u00e3o Preto-SP e Regi\u00e3o&quot;","block_context":{"text":"Not\u00edcias de Ribeir\u00e3o Preto-SP e Regi\u00e3o","link":"https:\/\/ismaelcolosi.com.br\/index.php\/category\/noticias-de-ribeirao-preto-sp-e-regiao-ismael-colosi\/"},"img":{"alt_text":"","src":"https:\/\/i0.wp.com\/ismaelcolosi.com.br\/wp-content\/uploads\/2024\/04\/1712369813_Agrishow-Divulgacao-Agrishow.jpg?fit=1200%2C628&ssl=1&resize=350%2C200","width":350,"height":200,"srcset":"https:\/\/i0.wp.com\/ismaelcolosi.com.br\/wp-content\/uploads\/2024\/04\/1712369813_Agrishow-Divulgacao-Agrishow.jpg?fit=1200%2C628&ssl=1&resize=350%2C200 1x, https:\/\/i0.wp.com\/ismaelcolosi.com.br\/wp-content\/uploads\/2024\/04\/1712369813_Agrishow-Divulgacao-Agrishow.jpg?fit=1200%2C628&ssl=1&resize=525%2C300 1.5x, https:\/\/i0.wp.com\/ismaelcolosi.com.br\/wp-content\/uploads\/2024\/04\/1712369813_Agrishow-Divulgacao-Agrishow.jpg?fit=1200%2C628&ssl=1&resize=700%2C400 2x, https:\/\/i0.wp.com\/ismaelcolosi.com.br\/wp-content\/uploads\/2024\/04\/1712369813_Agrishow-Divulgacao-Agrishow.jpg?fit=1200%2C628&ssl=1&resize=1050%2C600 3x"},"classes":[]},{"id":48242,"url":"https:\/\/ismaelcolosi.com.br\/index.php\/2024\/05\/01\/queijo-mel-e-cachaca-produtos-artesanais-ganham-mais-espaco-na-agrishow\/","url_meta":{"origin":47712,"position":5},"title":"Queijo, mel e cacha\u00e7a: Produtos artesanais ganham mais espa\u00e7o na Agrishow","author":"ismaelcolosi.com.br","date":"1 de May de 2024","format":false,"excerpt":"O Pavilh\u00e3o de Produtos Artesanais da Agrishow, que acontece em Ribeir\u00e3o Preto at\u00e9 sexta-feira (3), foi ampliado para a edi\u00e7\u00e3o de 2024. O espa\u00e7o faz parte da feira h\u00e1 tr\u00eas anos e recebe expositores de alimentos e bebidas produzidos por pequenos agricultores de S\u00e3o Paulo. Localizado no complexo da Secretaria\u2026","rel":"","context":"In &quot;Not\u00edcias de Ribeir\u00e3o Preto-SP e Regi\u00e3o&quot;","block_context":{"text":"Not\u00edcias de Ribeir\u00e3o Preto-SP e Regi\u00e3o","link":"https:\/\/ismaelcolosi.com.br\/index.php\/category\/noticias-de-ribeirao-preto-sp-e-regiao-ismael-colosi\/"},"img":{"alt_text":"","src":"https:\/\/i0.wp.com\/ismaelcolosi.com.br\/wp-content\/uploads\/2024\/05\/agrishow_1200x675_26042022180633_2024-05-01_19-57-19_jpg.webp.webp?fit=1200%2C675&ssl=1&resize=350%2C200","width":350,"height":200,"srcset":"https:\/\/i0.wp.com\/ismaelcolosi.com.br\/wp-content\/uploads\/2024\/05\/agrishow_1200x675_26042022180633_2024-05-01_19-57-19_jpg.webp.webp?fit=1200%2C675&ssl=1&resize=350%2C200 1x, https:\/\/i0.wp.com\/ismaelcolosi.com.br\/wp-content\/uploads\/2024\/05\/agrishow_1200x675_26042022180633_2024-05-01_19-57-19_jpg.webp.webp?fit=1200%2C675&ssl=1&resize=525%2C300 1.5x, https:\/\/i0.wp.com\/ismaelcolosi.com.br\/wp-content\/uploads\/2024\/05\/agrishow_1200x675_26042022180633_2024-05-01_19-57-19_jpg.webp.webp?fit=1200%2C675&ssl=1&resize=700%2C400 2x, https:\/\/i0.wp.com\/ismaelcolosi.com.br\/wp-content\/uploads\/2024\/05\/agrishow_1200x675_26042022180633_2024-05-01_19-57-19_jpg.webp.webp?fit=1200%2C675&ssl=1&resize=1050%2C600 3x"},"classes":[]}],"jetpack_sharing_enabled":true,"jetpack_shortlink":"https:\/\/wp.me\/pfMlyK-cpy","_links":{"self":[{"href":"https:\/\/ismaelcolosi.com.br\/index.php\/wp-json\/wp\/v2\/posts\/47712","targetHints":{"allow":["GET"]}}],"collection":[{"href":"https:\/\/ismaelcolosi.com.br\/index.php\/wp-json\/wp\/v2\/posts"}],"about":[{"href":"https:\/\/ismaelcolosi.com.br\/index.php\/wp-json\/wp\/v2\/types\/post"}],"author":[{"embeddable":true,"href":"https:\/\/ismaelcolosi.com.br\/index.php\/wp-json\/wp\/v2\/users\/1"}],"replies":[{"embeddable":true,"href":"https:\/\/ismaelcolosi.com.br\/index.php\/wp-json\/wp\/v2\/comments?post=47712"}],"version-history":[{"count":0,"href":"https:\/\/ismaelcolosi.com.br\/index.php\/wp-json\/wp\/v2\/posts\/47712\/revisions"}],"wp:featuredmedia":[{"embeddable":true,"href":"https:\/\/ismaelcolosi.com.br\/index.php\/wp-json\/wp\/v2\/media\/47713"}],"wp:attachment":[{"href":"https:\/\/ismaelcolosi.com.br\/index.php\/wp-json\/wp\/v2\/media?parent=47712"}],"wp:term":[{"taxonomy":"category","embeddable":true,"href":"https:\/\/ismaelcolosi.com.br\/index.php\/wp-json\/wp\/v2\/categories?post=47712"},{"taxonomy":"post_tag","embeddable":true,"href":"https:\/\/ismaelcolosi.com.br\/index.php\/wp-json\/wp\/v2\/tags?post=47712"}],"curies":[{"name":"wp","href":"https:\/\/api.w.org\/{rel}","templated":true}]}}