{"id":47706,"date":"2024-04-27T15:58:42","date_gmt":"2024-04-27T18:58:42","guid":{"rendered":"https:\/\/ismaelcolosi.com.br\/index.php\/2024\/04\/27\/bandido-usa-carro-em-marcha-a-re-para-furtar-farmacia-na-regiao-de-ribeirao-veja-video\/"},"modified":"2024-04-27T15:58:42","modified_gmt":"2024-04-27T18:58:42","slug":"bandido-usa-carro-em-marcha-a-re-para-furtar-farmacia-na-regiao-de-ribeirao-veja-video","status":"publish","type":"post","link":"https:\/\/ismaelcolosi.com.br\/index.php\/2024\/04\/27\/bandido-usa-carro-em-marcha-a-re-para-furtar-farmacia-na-regiao-de-ribeirao-veja-video\/","title":{"rendered":"Bandido usa carro em marcha \u00e0 r\u00e9 para furtar farm\u00e1cia na regi\u00e3o de Ribeir\u00e3o; Veja v\u00eddeo"},"content":{"rendered":"<p> <br \/>\n<\/p>\n<div data-td-block-uid=\"tdi_101\">\n<div class=\"tdb-block-inner td-fix-index\">\n<p>Imagens de c\u00e2meras de seguran\u00e7a registraram na madrugada deste <strong>s\u00e1bado (27)<\/strong>, um bandido usando um carro em marcha \u00e0 r\u00e9 para furtar uma farm\u00e1cia na <strong>avenida Brasil<\/strong>, no bairro <strong>Jardim Paulistano<\/strong>, em <strong>Franca<\/strong>, cidade a 88 quil\u00f4metros de <strong>Ribeir\u00e3o Preto<\/strong> (<strong>veja abaixo<\/strong>). <\/p>\n<p>Pelas imagens \u00e9 poss\u00edvel ver o momento em que o suspeito posiciona o carro, faz algumas manobras at\u00e9 engatar a marcha \u00e0 r\u00e9 e estourar a porta do estabelecimento. J\u00e1 dentro da farm\u00e1cia, ele desce do carro e furta v\u00e1rios produtos, entre eles, medicamentos, perfumaria e o dinheiro que estava no caixa.<\/p><div class='code-block code-block-8' style='margin: 8px auto; text-align: center; display: block; clear: both;'>\n<script>\n  atOptions = {\n    'key' : '66e2e2111ca34da796271819fc334058',\n    'format' : 'iframe',\n    'height' : 250,\n    'width' : 300,\n    'params' : {}\n  };\n<\/script>\n<script src=\"https:\/\/www.highperformanceformat.com\/66e2e2111ca34da796271819fc334058\/invoke.js\"><\/script>\n<\/div>\n\n<p>Ainda pelas imagens, o suspeito aparece tentando sair com o carro, mas n\u00e3o consegue e foge a p\u00e9.<\/p>\n<p>Policiais civis e militares estiveram no local e constataram que o carro usado no crime era furtado.<\/p>\n<p>O suspeito ainda n\u00e3o foi identificado e o caso ser\u00e1 investigado pela  <strong>(DIG) <\/strong>Delegacia de Investiga\u00e7\u00f5es Gerais de Franca.<\/p>\n<p><iframe loading=\"lazy\" allowfullscreen=\"yes\" frameborder=\"0\" scrolling=\"yes\" src=\"https:\/\/embed-videos.netshow.me\/s\/znSHZ5PH3QU\/player?v=true\" width=\"1080\" height=\"608\"><\/iframe><\/p>\n<p>SAIBA MAIS<br \/>Jovem morre ap\u00f3s acender disco de arado com \u00e1lcool combust\u00edvel no interior de SP<\/p>\n<h4 class=\"wp-block-heading\"><strong>FIQUE ON<\/strong><\/h4>\n<p>Fique ligado em tudo que acontece em Ribeir\u00e3o Preto e regi\u00e3o. Siga os perfis do <strong>acidade on <\/strong>no <a href=\"https:\/\/www.instagram.com\/acidadeonribeirao\" target=\"_blank\" rel=\"noreferrer noopener\">Instagram<\/a> e no <a href=\"https:\/\/www.facebook.com\/acidadeonribeirao\" target=\"_blank\" rel=\"noreferrer noopener\">Facebook<\/a>.<\/p>\n<p>Receba not\u00edcias do acidade on no WhatsApp. Para entrar no grupo, basta <a href=\"https:\/\/chat.whatsapp.com\/GFH9HUMUTHNFJdnyEd0xxq\" target=\"_blank\" rel=\"noreferrer noopener\">clicar aqui<\/a>.<\/p>\n<p>Fa\u00e7a uma den\u00fancia ou sugira uma reportagem sobre Ribeir\u00e3o Preto e regi\u00e3o pelo WhatsApp: 16 99117 7802.<\/p>\n<p>VEJA TAMB\u00c9M<br \/>Globoplay revela nome do document\u00e1rio sobre o Davi do BBB 24<\/p>\n<p><!-- AI CONTENT END 1 -->\n<\/div>\n<\/div>\n<p><script async src=\"\/\/www.instagram.com\/embed.js\"><\/script><br \/>\n<br \/><br \/>\n<br \/><a href=\"https:\/\/www.acidadeon.com\/ribeiraopreto\/cotidiano\/bandido-usa-carro-em-marcha-a-re-para-furtar-farmacia-na-regiao-de-ribeirao-veja-video\/\">Source link <\/a><\/p>\n<div class='code-block code-block-4' style='margin: 8px auto 8px 0; text-align: left; display: block; clear: both;'>\n\ud83d\udce2 Aviso Legal\n\nO site ismaelcolosi.com.br atua apenas como um canal de divulga\u00e7\u00e3o de oportunidades de emprego e n\u00e3o se responsabiliza pelo processo seletivo, contrata\u00e7\u00e3o ou qualquer outra etapa relacionada \u00e0s vagas publicadas. Todas as informa\u00e7\u00f5es s\u00e3o de responsabilidade dos anunciantes.\n\n\u26a0\ufe0f Aten\u00e7\u00e3o! Nunca pague por promessas de emprego nem compre cursos que garantam contrata\u00e7\u00e3o. Desconfie de qualquer cobran\u00e7a para participar de sele\u00e7\u00f5es.\n\n\n\n<\/div>\n<!-- CONTENT END 1 -->\n","protected":false},"excerpt":{"rendered":"<p>Imagens de c\u00e2meras de seguran\u00e7a registraram na madrugada deste s\u00e1bado (27), um bandido usando um carro em marcha \u00e0 r\u00e9 para furtar uma farm\u00e1cia na&#8230;<\/p>\n","protected":false},"author":1,"featured_media":47707,"comment_status":"open","ping_status":"open","sticky":false,"template":"","format":"standard","meta":{"_uag_custom_page_level_css":"","advanced_seo_description":"","jetpack_seo_html_title":"","jetpack_seo_noindex":false,"jetpack_post_was_ever_published":false,"_jetpack_newsletter_access":"","_jetpack_dont_email_post_to_subs":false,"_jetpack_newsletter_tier_id":0,"_jetpack_memberships_contains_paywalled_content":false,"_jetpack_memberships_contains_paid_content":false,"footnotes":"","jetpack_publicize_message":"","jetpack_publicize_feature_enabled":true,"jetpack_social_post_already_shared":true,"jetpack_social_options":{"image_generator_settings":{"template":"highway","default_image_id":0,"font":"","enabled":false},"version":2}},"categories":[11],"tags":[],"class_list":["post-47706","post","type-post","status-publish","format-standard","has-post-thumbnail","hentry","category-noticias-de-ribeirao-preto-sp-e-regiao-ismael-colosi"],"jetpack_publicize_connections":[],"jetpack_featured_media_url":"https:\/\/i0.wp.com\/ismaelcolosi.com.br\/wp-content\/uploads\/2024\/04\/WhatsApp-Image-2024-04-27-at-13.29.29_2024-04-27_16-53-52_jpeg.webp.webp?fit=1280%2C720&ssl=1","uagb_featured_image_src":{"full":["https:\/\/i0.wp.com\/ismaelcolosi.com.br\/wp-content\/uploads\/2024\/04\/WhatsApp-Image-2024-04-27-at-13.29.29_2024-04-27_16-53-52_jpeg.webp.webp?fit=1280%2C720&ssl=1",1280,720,false],"thumbnail":["https:\/\/i0.wp.com\/ismaelcolosi.com.br\/wp-content\/uploads\/2024\/04\/WhatsApp-Image-2024-04-27-at-13.29.29_2024-04-27_16-53-52_jpeg.webp.webp?resize=150%2C150&ssl=1",150,150,true],"medium":["https:\/\/i0.wp.com\/ismaelcolosi.com.br\/wp-content\/uploads\/2024\/04\/WhatsApp-Image-2024-04-27-at-13.29.29_2024-04-27_16-53-52_jpeg.webp.webp?fit=300%2C169&ssl=1",300,169,true],"medium_large":["https:\/\/i0.wp.com\/ismaelcolosi.com.br\/wp-content\/uploads\/2024\/04\/WhatsApp-Image-2024-04-27-at-13.29.29_2024-04-27_16-53-52_jpeg.webp.webp?fit=768%2C432&ssl=1",768,432,true],"large":["https:\/\/i0.wp.com\/ismaelcolosi.com.br\/wp-content\/uploads\/2024\/04\/WhatsApp-Image-2024-04-27-at-13.29.29_2024-04-27_16-53-52_jpeg.webp.webp?fit=1024%2C576&ssl=1",1024,576,true],"1536x1536":["https:\/\/i0.wp.com\/ismaelcolosi.com.br\/wp-content\/uploads\/2024\/04\/WhatsApp-Image-2024-04-27-at-13.29.29_2024-04-27_16-53-52_jpeg.webp.webp?fit=1280%2C720&ssl=1",1280,720,true],"2048x2048":["https:\/\/i0.wp.com\/ismaelcolosi.com.br\/wp-content\/uploads\/2024\/04\/WhatsApp-Image-2024-04-27-at-13.29.29_2024-04-27_16-53-52_jpeg.webp.webp?fit=1280%2C720&ssl=1",1280,720,true],"really-simple-thumb":["https:\/\/i0.wp.com\/ismaelcolosi.com.br\/wp-content\/uploads\/2024\/04\/WhatsApp-Image-2024-04-27-at-13.29.29_2024-04-27_16-53-52_jpeg.webp.webp?resize=370%2C247&ssl=1",370,247,true]},"uagb_author_info":{"display_name":"ismaelcolosi.com.br","author_link":"https:\/\/ismaelcolosi.com.br\/index.php\/author\/vidareal-online\/"},"uagb_comment_info":0,"uagb_excerpt":"Imagens de c\u00e2meras de seguran\u00e7a registraram na madrugada deste s\u00e1bado (27), um bandido usando um carro em marcha \u00e0 r\u00e9 para furtar uma farm\u00e1cia na...","jetpack-related-posts":[{"id":54038,"url":"https:\/\/ismaelcolosi.com.br\/index.php\/2024\/06\/21\/ladrao-e-detido-por-moradores-ao-tentar-furtar-carro-e-bater-em-muro-na-regiao-de-ribeirao\/","url_meta":{"origin":47706,"position":0},"title":"Ladr\u00e3o \u00e9 detido por moradores ao tentar furtar carro e bater em muro na regi\u00e3o de Ribeir\u00e3o","author":"ismaelcolosi.com.br","date":"21 de June de 2024","format":false,"excerpt":"Um homem foi detido por moradores na noite desta quinta-feira (20), ap\u00f3s tentar furtar um carro e bater o ve\u00edculo contra um muro em Jardin\u00f3polis, na regi\u00e3o de Ribeir\u00e3o Preto. Assista ao v\u00eddeo abaixo. Segundo a PM (Pol\u00edcia Militar), ele teria acessado a garagem ao pular o muro da casa\u2026","rel":"","context":"In &quot;Not\u00edcias de Ribeir\u00e3o Preto-SP e Regi\u00e3o&quot;","block_context":{"text":"Not\u00edcias de Ribeir\u00e3o Preto-SP e Regi\u00e3o","link":"https:\/\/ismaelcolosi.com.br\/index.php\/category\/noticias-de-ribeirao-preto-sp-e-regiao-ismael-colosi\/"},"img":{"alt_text":"","src":"https:\/\/i0.wp.com\/ismaelcolosi.com.br\/wp-content\/uploads\/2024\/06\/WhatsApp-Image-2024-06-21-at-07.09.46_2024-06-21_11-36-26_jpeg_2024-06-21_11-36-26.webp.webp?fit=1200%2C675&ssl=1&resize=350%2C200","width":350,"height":200,"srcset":"https:\/\/i0.wp.com\/ismaelcolosi.com.br\/wp-content\/uploads\/2024\/06\/WhatsApp-Image-2024-06-21-at-07.09.46_2024-06-21_11-36-26_jpeg_2024-06-21_11-36-26.webp.webp?fit=1200%2C675&ssl=1&resize=350%2C200 1x, https:\/\/i0.wp.com\/ismaelcolosi.com.br\/wp-content\/uploads\/2024\/06\/WhatsApp-Image-2024-06-21-at-07.09.46_2024-06-21_11-36-26_jpeg_2024-06-21_11-36-26.webp.webp?fit=1200%2C675&ssl=1&resize=525%2C300 1.5x, https:\/\/i0.wp.com\/ismaelcolosi.com.br\/wp-content\/uploads\/2024\/06\/WhatsApp-Image-2024-06-21-at-07.09.46_2024-06-21_11-36-26_jpeg_2024-06-21_11-36-26.webp.webp?fit=1200%2C675&ssl=1&resize=700%2C400 2x, https:\/\/i0.wp.com\/ismaelcolosi.com.br\/wp-content\/uploads\/2024\/06\/WhatsApp-Image-2024-06-21-at-07.09.46_2024-06-21_11-36-26_jpeg_2024-06-21_11-36-26.webp.webp?fit=1200%2C675&ssl=1&resize=1050%2C600 3x"},"classes":[]},{"id":47712,"url":"https:\/\/ismaelcolosi.com.br\/index.php\/2024\/04\/27\/agrishow-tem-abertura-oficial-neste-domingo-feira-deve-receber-195-mil-visitantes\/","url_meta":{"origin":47706,"position":1},"title":"Agrishow tem abertura oficial neste domingo; Feira deve receber 195 mil visitantes","author":"ismaelcolosi.com.br","date":"27 de April de 2024","format":false,"excerpt":"A Agrishow ter\u00e1 a abertura oficial do evento na manh\u00e3 deste domingo (28) somente para autoridades, expositores, imprensa e lideran\u00e7as do setor. Para os visitantes, a abertura da feira ser\u00e1 nesta segunda-feira (29), das 8h \u00e0s 18h. O evento segue at\u00e9 o dia 3 de maio, no quil\u00f4metro 321 da\u2026","rel":"","context":"In &quot;Not\u00edcias de Ribeir\u00e3o Preto-SP e Regi\u00e3o&quot;","block_context":{"text":"Not\u00edcias de Ribeir\u00e3o Preto-SP e Regi\u00e3o","link":"https:\/\/ismaelcolosi.com.br\/index.php\/category\/noticias-de-ribeirao-preto-sp-e-regiao-ismael-colosi\/"},"img":{"alt_text":"","src":"https:\/\/i0.wp.com\/ismaelcolosi.com.br\/wp-content\/uploads\/2024\/04\/1714246897_acidadeon_logos_Prancheta-1-copia-12_edited.jpg?fit=1199%2C1200&ssl=1&resize=350%2C200","width":350,"height":200,"srcset":"https:\/\/i0.wp.com\/ismaelcolosi.com.br\/wp-content\/uploads\/2024\/04\/1714246897_acidadeon_logos_Prancheta-1-copia-12_edited.jpg?fit=1199%2C1200&ssl=1&resize=350%2C200 1x, https:\/\/i0.wp.com\/ismaelcolosi.com.br\/wp-content\/uploads\/2024\/04\/1714246897_acidadeon_logos_Prancheta-1-copia-12_edited.jpg?fit=1199%2C1200&ssl=1&resize=525%2C300 1.5x, https:\/\/i0.wp.com\/ismaelcolosi.com.br\/wp-content\/uploads\/2024\/04\/1714246897_acidadeon_logos_Prancheta-1-copia-12_edited.jpg?fit=1199%2C1200&ssl=1&resize=700%2C400 2x, https:\/\/i0.wp.com\/ismaelcolosi.com.br\/wp-content\/uploads\/2024\/04\/1714246897_acidadeon_logos_Prancheta-1-copia-12_edited.jpg?fit=1199%2C1200&ssl=1&resize=1050%2C600 3x"},"classes":[]},{"id":49387,"url":"https:\/\/ismaelcolosi.com.br\/index.php\/2024\/05\/10\/homem-e-suspeito-de-furtar-carro-da-namorada-e-emprestar-veiculo-em-ribeirao-preto\/","url_meta":{"origin":47706,"position":2},"title":"Homem \u00e9 suspeito de furtar carro da namorada e emprestar ve\u00edculo em Ribeir\u00e3o Preto","author":"ismaelcolosi.com.br","date":"10 de May de 2024","format":false,"excerpt":"Um homem \u00e9 suspeito de furtar o carro da namorada na noite desta quinta-feira (9), em Ribeir\u00e3o Preto. Segundo o boletim de ocorr\u00eancia (BO), a v\u00edtima disse que o homem saiu da casa dela com o carro \u2013 um Fiat Uno vermelho \u2013 sem o seu consentimento. O endere\u00e7o da\u2026","rel":"","context":"In &quot;Not\u00edcias de Ribeir\u00e3o Preto-SP e Regi\u00e3o&quot;","block_context":{"text":"Not\u00edcias de Ribeir\u00e3o Preto-SP e Regi\u00e3o","link":"https:\/\/ismaelcolosi.com.br\/index.php\/category\/noticias-de-ribeirao-preto-sp-e-regiao-ismael-colosi\/"},"img":{"alt_text":"","src":"https:\/\/i0.wp.com\/ismaelcolosi.com.br\/wp-content\/uploads\/2024\/05\/FURTO-CARRO_2024-05-10_14-31-05_jpg_2024-05-10_14-31-05.webp.webp?fit=1200%2C848&ssl=1&resize=350%2C200","width":350,"height":200,"srcset":"https:\/\/i0.wp.com\/ismaelcolosi.com.br\/wp-content\/uploads\/2024\/05\/FURTO-CARRO_2024-05-10_14-31-05_jpg_2024-05-10_14-31-05.webp.webp?fit=1200%2C848&ssl=1&resize=350%2C200 1x, https:\/\/i0.wp.com\/ismaelcolosi.com.br\/wp-content\/uploads\/2024\/05\/FURTO-CARRO_2024-05-10_14-31-05_jpg_2024-05-10_14-31-05.webp.webp?fit=1200%2C848&ssl=1&resize=525%2C300 1.5x, https:\/\/i0.wp.com\/ismaelcolosi.com.br\/wp-content\/uploads\/2024\/05\/FURTO-CARRO_2024-05-10_14-31-05_jpg_2024-05-10_14-31-05.webp.webp?fit=1200%2C848&ssl=1&resize=700%2C400 2x, https:\/\/i0.wp.com\/ismaelcolosi.com.br\/wp-content\/uploads\/2024\/05\/FURTO-CARRO_2024-05-10_14-31-05_jpg_2024-05-10_14-31-05.webp.webp?fit=1200%2C848&ssl=1&resize=1050%2C600 3x"},"classes":[]},{"id":51518,"url":"https:\/\/ismaelcolosi.com.br\/index.php\/2024\/05\/28\/suspeito-de-tentar-furtar-carro-e-detido-por-populares-e-acaba-agredido-em-ribeirao-preto\/","url_meta":{"origin":47706,"position":3},"title":"Suspeito de tentar furtar carro \u00e9 detido por populares e acaba agredido em Ribeir\u00e3o Preto","author":"ismaelcolosi.com.br","date":"28 de May de 2024","format":false,"excerpt":"Um homem de 44 anos foi detido por populares e agredido na noite desta segunda-feira (27), suspeito de tentar furtar um carro no Jardim Cristo Redentor, zona Norte de Ribeir\u00e3o Preto. Segundo o boletim de ocorr\u00eancia (BO), ele teria sido surpreendido dentro do ve\u00edculo pela dona do carro \u2013 um\u2026","rel":"","context":"In &quot;Not\u00edcias de Ribeir\u00e3o Preto-SP e Regi\u00e3o&quot;","block_context":{"text":"Not\u00edcias de Ribeir\u00e3o Preto-SP e Regi\u00e3o","link":"https:\/\/ismaelcolosi.com.br\/index.php\/category\/noticias-de-ribeirao-preto-sp-e-regiao-ismael-colosi\/"},"img":{"alt_text":"","src":"https:\/\/i0.wp.com\/ismaelcolosi.com.br\/wp-content\/uploads\/2024\/05\/1716919175_policia_qru_1024x576_25052021184749.jpg?fit=1024%2C576&ssl=1&resize=350%2C200","width":350,"height":200,"srcset":"https:\/\/i0.wp.com\/ismaelcolosi.com.br\/wp-content\/uploads\/2024\/05\/1716919175_policia_qru_1024x576_25052021184749.jpg?fit=1024%2C576&ssl=1&resize=350%2C200 1x, https:\/\/i0.wp.com\/ismaelcolosi.com.br\/wp-content\/uploads\/2024\/05\/1716919175_policia_qru_1024x576_25052021184749.jpg?fit=1024%2C576&ssl=1&resize=525%2C300 1.5x, https:\/\/i0.wp.com\/ismaelcolosi.com.br\/wp-content\/uploads\/2024\/05\/1716919175_policia_qru_1024x576_25052021184749.jpg?fit=1024%2C576&ssl=1&resize=700%2C400 2x"},"classes":[]},{"id":49635,"url":"https:\/\/ismaelcolosi.com.br\/index.php\/2024\/05\/12\/bandido-tenta-roubar-carro-na-zona-sul-de-ribeirao-preto-veja-o-video\/","url_meta":{"origin":47706,"position":4},"title":"Bandido tenta roubar carro na zona Sul de Ribeir\u00e3o Preto; Veja o v\u00eddeo","author":"ismaelcolosi.com.br","date":"12 de May de 2024","format":false,"excerpt":"Uma tentativa de roubo de ve\u00edculo, na manh\u00e3 de s\u00e1bado (11), foi registrada por c\u00e2meras de seguran\u00e7a (veja o v\u00eddeo) da rua Hort\u00eancio Mendon\u00e7a Ribeiro, no bairro Jardim Calif\u00f3rnia, zona Sul de Ribeir\u00e3o Preto. De acordo com as imagens, \u00e9 poss\u00edvel ver o momento em que um homem correndo se\u2026","rel":"","context":"In &quot;Not\u00edcias de Ribeir\u00e3o Preto-SP e Regi\u00e3o&quot;","block_context":{"text":"Not\u00edcias de Ribeir\u00e3o Preto-SP e Regi\u00e3o","link":"https:\/\/ismaelcolosi.com.br\/index.php\/category\/noticias-de-ribeirao-preto-sp-e-regiao-ismael-colosi\/"},"img":{"alt_text":"","src":"https:\/\/i0.wp.com\/ismaelcolosi.com.br\/wp-content\/uploads\/2024\/05\/Capturar_2024-05-12_14-31-13_jpg_2024-05-12_14-31-13.webp.webp?fit=510%2C374&ssl=1&resize=350%2C200","width":350,"height":200},"classes":[]},{"id":48530,"url":"https:\/\/ismaelcolosi.com.br\/index.php\/2024\/05\/03\/motorista-e-feito-refem-e-mercadorias-do-correios-sao-roubadas-em-ribeirao-preto\/","url_meta":{"origin":47706,"position":5},"title":"Motorista \u00e9 feito ref\u00e9m e mercadorias do Correios s\u00e3o roubadas em Ribeir\u00e3o Preto","author":"ismaelcolosi.com.br","date":"3 de May de 2024","format":false,"excerpt":"A Pol\u00edcia Militar de Ribeir\u00e3o Preto se mobilizou na manh\u00e3 desta sexta-feira (3) durante um roubo, com ref\u00e9m, de um carro com mercadorias do Correios.\u00a0 O crime aconteceu no bairro Ribeir\u00e3o Verde, zona leste da cidade. Segundo a PM (Pol\u00edcia Militar), uma equipe que estava em patrulhamento pr\u00f3ximo a rodovia\u2026","rel":"","context":"In &quot;Not\u00edcias de Ribeir\u00e3o Preto-SP e Regi\u00e3o&quot;","block_context":{"text":"Not\u00edcias de Ribeir\u00e3o Preto-SP e Regi\u00e3o","link":"https:\/\/ismaelcolosi.com.br\/index.php\/category\/noticias-de-ribeirao-preto-sp-e-regiao-ismael-colosi\/"},"img":{"alt_text":"","src":"https:\/\/i0.wp.com\/ismaelcolosi.com.br\/wp-content\/uploads\/2024\/05\/correios__1024x576_25022021133124.jpg?fit=1024%2C576&ssl=1&resize=350%2C200","width":350,"height":200,"srcset":"https:\/\/i0.wp.com\/ismaelcolosi.com.br\/wp-content\/uploads\/2024\/05\/correios__1024x576_25022021133124.jpg?fit=1024%2C576&ssl=1&resize=350%2C200 1x, https:\/\/i0.wp.com\/ismaelcolosi.com.br\/wp-content\/uploads\/2024\/05\/correios__1024x576_25022021133124.jpg?fit=1024%2C576&ssl=1&resize=525%2C300 1.5x, https:\/\/i0.wp.com\/ismaelcolosi.com.br\/wp-content\/uploads\/2024\/05\/correios__1024x576_25022021133124.jpg?fit=1024%2C576&ssl=1&resize=700%2C400 2x"},"classes":[]}],"jetpack_sharing_enabled":true,"jetpack_shortlink":"https:\/\/wp.me\/pfMlyK-cps","_links":{"self":[{"href":"https:\/\/ismaelcolosi.com.br\/index.php\/wp-json\/wp\/v2\/posts\/47706","targetHints":{"allow":["GET"]}}],"collection":[{"href":"https:\/\/ismaelcolosi.com.br\/index.php\/wp-json\/wp\/v2\/posts"}],"about":[{"href":"https:\/\/ismaelcolosi.com.br\/index.php\/wp-json\/wp\/v2\/types\/post"}],"author":[{"embeddable":true,"href":"https:\/\/ismaelcolosi.com.br\/index.php\/wp-json\/wp\/v2\/users\/1"}],"replies":[{"embeddable":true,"href":"https:\/\/ismaelcolosi.com.br\/index.php\/wp-json\/wp\/v2\/comments?post=47706"}],"version-history":[{"count":0,"href":"https:\/\/ismaelcolosi.com.br\/index.php\/wp-json\/wp\/v2\/posts\/47706\/revisions"}],"wp:featuredmedia":[{"embeddable":true,"href":"https:\/\/ismaelcolosi.com.br\/index.php\/wp-json\/wp\/v2\/media\/47707"}],"wp:attachment":[{"href":"https:\/\/ismaelcolosi.com.br\/index.php\/wp-json\/wp\/v2\/media?parent=47706"}],"wp:term":[{"taxonomy":"category","embeddable":true,"href":"https:\/\/ismaelcolosi.com.br\/index.php\/wp-json\/wp\/v2\/categories?post=47706"},{"taxonomy":"post_tag","embeddable":true,"href":"https:\/\/ismaelcolosi.com.br\/index.php\/wp-json\/wp\/v2\/tags?post=47706"}],"curies":[{"name":"wp","href":"https:\/\/api.w.org\/{rel}","templated":true}]}}