{"id":47696,"date":"2024-04-27T12:56:16","date_gmt":"2024-04-27T15:56:16","guid":{"rendered":"https:\/\/ismaelcolosi.com.br\/index.php\/2024\/04\/27\/veja-como-fica-o-tempo-em-ribeirao-preto-neste-fim-de-semana\/"},"modified":"2024-04-27T12:56:16","modified_gmt":"2024-04-27T15:56:16","slug":"veja-como-fica-o-tempo-em-ribeirao-preto-neste-fim-de-semana","status":"publish","type":"post","link":"https:\/\/ismaelcolosi.com.br\/index.php\/2024\/04\/27\/veja-como-fica-o-tempo-em-ribeirao-preto-neste-fim-de-semana\/","title":{"rendered":"Veja como fica o tempo em Ribeir\u00e3o Preto neste fim de semana"},"content":{"rendered":"<p> <br \/>\n<\/p>\n<div data-td-block-uid=\"tdi_101\">\n<div class=\"tdb-block-inner td-fix-index\">\n<p>O \u00faltimo fim de semana de abril em<strong> Ribeir\u00e3o Preto<\/strong> ser\u00e1 de muito calor, de acordo com os meteorologistas. Segundo a previs\u00e3o da <strong><a href=\"https:\/\/www.climatempo.com.br\/\" target=\"_blank\" rel=\"noreferrer noopener\">Climatempo<\/a><\/strong>, as temperaturas podem chegar aos<strong> 34\u00baC<\/strong> neste s\u00e1bado (27) e no domingo (28).<\/p>\n<p>Os dois dias ser\u00e3o marcados pelo sol, com aumento de nuvens a partir do per\u00edodo da tarde.<strong> N\u00e3o h\u00e1 possibilidade de chuva.<\/strong><\/p><div class='code-block code-block-8' style='margin: 8px auto; text-align: center; display: block; clear: both;'>\n<script>\n  atOptions = {\n    'key' : '66e2e2111ca34da796271819fc334058',\n    'format' : 'iframe',\n    'height' : 250,\n    'width' : 300,\n    'params' : {}\n  };\n<\/script>\n<script src=\"https:\/\/www.highperformanceformat.com\/66e2e2111ca34da796271819fc334058\/invoke.js\"><\/script>\n<\/div>\n\n<p>Durante toda a <strong>semana<\/strong>, a previs\u00e3o n\u00e3o ter\u00e1 altera\u00e7\u00f5es significativas. A <strong>temperatura continua alta<\/strong> e<strong> sem previs\u00e3o de chover na cidade<\/strong>. Os <strong>term\u00f4metros<\/strong> podem registrar <strong>35\u00b0C a m\u00e1xima<\/strong> e <strong>18\u00b0C a m\u00ednima<\/strong>, que deve ocorrer apenas no domingo (5).<\/p>\n<h4 class=\"wp-block-heading\"><strong>Confira: \u00a0<\/strong><\/h4>\n<p><strong>S\u00e1bado, 27 de abril<\/strong><\/p>\n<p>M\u00e1xima: <strong>34\u00baC<\/strong><br \/>M\u00ednima: 20\u00baC<br \/>Dia de sol com aumento de nuvens a partir da tarde. <strong>N\u00e3o chove<\/strong>.<\/p>\n<p><strong>Domingo, 28 de abril <\/strong><\/p>\n<p>M\u00e1xima: <strong>34\u00baC<\/strong><br \/>M\u00ednima: 20\u00baC<br \/><strong>Dia de sol<\/strong>, com muitas nuvens \u00e0 tarde. \u00c0 noite a nebulosidade diminui.<\/p>\n<p>SAIBA MAIS<br \/>Zez\u00e9 Motta, Larissa Luz e Ala\u00edde Costa: Veja os espet\u00e1culos no Sesc Ribeir\u00e3o Preto<\/p>\n<h4 class=\"wp-block-heading\"><strong>FIQUE ON<\/strong><\/h4>\n<p>Fique ligado em tudo que acontece em Ribeir\u00e3o Preto e regi\u00e3o. Siga os perfis do <strong>acidade on <\/strong>no <a href=\"https:\/\/www.instagram.com\/acidadeonribeirao\" target=\"_blank\" rel=\"noreferrer noopener\">Instagram<\/a> e no <a href=\"https:\/\/www.facebook.com\/acidadeonribeirao\" target=\"_blank\" rel=\"noreferrer noopener\">Facebook<\/a>.<\/p>\n<p>Receba not\u00edcias do acidade on no WhatsApp. Para entrar no grupo, basta <a href=\"https:\/\/chat.whatsapp.com\/GFH9HUMUTHNFJdnyEd0xxq\" target=\"_blank\" rel=\"noreferrer noopener\">clicar aqui<\/a>.<\/p>\n<p>Fa\u00e7a uma den\u00fancia ou sugira uma reportagem sobre Ribeir\u00e3o Preto e regi\u00e3o pelo WhatsApp: 16 99117 7802.<\/p>\n<p>VEJA TAMB\u00c9M<br \/>Maju Coutinho vai sair do Fant\u00e1stico?<\/p>\n<p><!-- AI CONTENT END 1 -->\n<\/div>\n<\/div>\n<p><script async src=\"\/\/www.instagram.com\/embed.js\"><\/script><br \/>\n<br \/><br \/>\n<br \/><a href=\"https:\/\/www.acidadeon.com\/ribeiraopreto\/cotidiano\/veja-como-fica-o-tempo-em-ribeirao-preto-neste-fim-de-semana\/\">Source link <\/a><\/p>\n<div class='code-block code-block-4' style='margin: 8px auto 8px 0; text-align: left; display: block; clear: both;'>\n\ud83d\udce2 Aviso Legal\n\nO site ismaelcolosi.com.br atua apenas como um canal de divulga\u00e7\u00e3o de oportunidades de emprego e n\u00e3o se responsabiliza pelo processo seletivo, contrata\u00e7\u00e3o ou qualquer outra etapa relacionada \u00e0s vagas publicadas. Todas as informa\u00e7\u00f5es s\u00e3o de responsabilidade dos anunciantes.\n\n\u26a0\ufe0f Aten\u00e7\u00e3o! Nunca pague por promessas de emprego nem compre cursos que garantam contrata\u00e7\u00e3o. Desconfie de qualquer cobran\u00e7a para participar de sele\u00e7\u00f5es.\n\n\n\n<\/div>\n<!-- CONTENT END 1 -->\n","protected":false},"excerpt":{"rendered":"<p>O \u00faltimo fim de semana de abril em Ribeir\u00e3o Preto ser\u00e1 de muito calor, de acordo com os meteorologistas. Segundo a previs\u00e3o da Climatempo, as&#8230;<\/p>\n","protected":false},"author":1,"featured_media":47697,"comment_status":"open","ping_status":"open","sticky":false,"template":"","format":"standard","meta":{"_uag_custom_page_level_css":"","advanced_seo_description":"","jetpack_seo_html_title":"","jetpack_seo_noindex":false,"jetpack_post_was_ever_published":false,"_jetpack_newsletter_access":"","_jetpack_dont_email_post_to_subs":false,"_jetpack_newsletter_tier_id":0,"_jetpack_memberships_contains_paywalled_content":false,"_jetpack_memberships_contains_paid_content":false,"footnotes":"","jetpack_publicize_message":"","jetpack_publicize_feature_enabled":true,"jetpack_social_post_already_shared":true,"jetpack_social_options":{"image_generator_settings":{"template":"highway","default_image_id":0,"font":"","enabled":false},"version":2}},"categories":[11],"tags":[],"class_list":["post-47696","post","type-post","status-publish","format-standard","has-post-thumbnail","hentry","category-noticias-de-ribeirao-preto-sp-e-regiao-ismael-colosi"],"jetpack_publicize_connections":[],"jetpack_featured_media_url":"https:\/\/i0.wp.com\/ismaelcolosi.com.br\/wp-content\/uploads\/2024\/04\/1714233376_WhatsApp-Image-2024-02-28-at-08.48.57.jpeg?fit=1600%2C1200&ssl=1","uagb_featured_image_src":{"full":["https:\/\/i0.wp.com\/ismaelcolosi.com.br\/wp-content\/uploads\/2024\/04\/1714233376_WhatsApp-Image-2024-02-28-at-08.48.57.jpeg?fit=1600%2C1200&ssl=1",1600,1200,false],"thumbnail":["https:\/\/i0.wp.com\/ismaelcolosi.com.br\/wp-content\/uploads\/2024\/04\/1714233376_WhatsApp-Image-2024-02-28-at-08.48.57.jpeg?resize=150%2C150&ssl=1",150,150,true],"medium":["https:\/\/i0.wp.com\/ismaelcolosi.com.br\/wp-content\/uploads\/2024\/04\/1714233376_WhatsApp-Image-2024-02-28-at-08.48.57.jpeg?fit=300%2C225&ssl=1",300,225,true],"medium_large":["https:\/\/i0.wp.com\/ismaelcolosi.com.br\/wp-content\/uploads\/2024\/04\/1714233376_WhatsApp-Image-2024-02-28-at-08.48.57.jpeg?fit=768%2C576&ssl=1",768,576,true],"large":["https:\/\/i0.wp.com\/ismaelcolosi.com.br\/wp-content\/uploads\/2024\/04\/1714233376_WhatsApp-Image-2024-02-28-at-08.48.57.jpeg?fit=1024%2C768&ssl=1",1024,768,true],"1536x1536":["https:\/\/i0.wp.com\/ismaelcolosi.com.br\/wp-content\/uploads\/2024\/04\/1714233376_WhatsApp-Image-2024-02-28-at-08.48.57.jpeg?fit=1536%2C1152&ssl=1",1536,1152,true],"2048x2048":["https:\/\/i0.wp.com\/ismaelcolosi.com.br\/wp-content\/uploads\/2024\/04\/1714233376_WhatsApp-Image-2024-02-28-at-08.48.57.jpeg?fit=1600%2C1200&ssl=1",1600,1200,true],"really-simple-thumb":["https:\/\/i0.wp.com\/ismaelcolosi.com.br\/wp-content\/uploads\/2024\/04\/1714233376_WhatsApp-Image-2024-02-28-at-08.48.57.jpeg?resize=370%2C247&ssl=1",370,247,true]},"uagb_author_info":{"display_name":"ismaelcolosi.com.br","author_link":"https:\/\/ismaelcolosi.com.br\/index.php\/author\/vidareal-online\/"},"uagb_comment_info":0,"uagb_excerpt":"O \u00faltimo fim de semana de abril em Ribeir\u00e3o Preto ser\u00e1 de muito calor, de acordo com os meteorologistas. Segundo a previs\u00e3o da Climatempo, as...","jetpack-related-posts":[{"id":34632,"url":"https:\/\/ismaelcolosi.com.br\/index.php\/2024\/02\/02\/ribeirao-preto-e-regiao-tem-previsao-de-chuva-no-fim-de-semana-de-pre-carnaval\/","url_meta":{"origin":47696,"position":0},"title":"Ribeir\u00e3o Preto e regi\u00e3o tem previs\u00e3o de chuva no fim de semana de pr\u00e9-carnaval","author":"ismaelcolosi.com.br","date":"2 de February de 2024","format":false,"excerpt":"O fim de semana de pr\u00e9-carnaval em Ribeir\u00e3o Preto, Barretos e Franca tem previs\u00e3o de chuva, segundo o Climatempo. Em Ribeir\u00e3o Preto, no s\u00e1bado (3), as chances de chover durante o dia e \u00e0 noite \u00e9 de 80%, sendo que a previs\u00e3o \u00e9 de que o dia seja de sol\u2026","rel":"","context":"In &quot;Not\u00edcias de Ribeir\u00e3o Preto-SP e Regi\u00e3o&quot;","block_context":{"text":"Not\u00edcias de Ribeir\u00e3o Preto-SP e Regi\u00e3o","link":"https:\/\/ismaelcolosi.com.br\/index.php\/category\/noticias-de-ribeirao-preto-sp-e-regiao-ismael-colosi\/"},"img":{"alt_text":"","src":"https:\/\/i0.wp.com\/ismaelcolosi.com.br\/wp-content\/uploads\/2024\/02\/Capturar-2.jpg?fit=732%2C440&ssl=1&resize=350%2C200","width":350,"height":200,"srcset":"https:\/\/i0.wp.com\/ismaelcolosi.com.br\/wp-content\/uploads\/2024\/02\/Capturar-2.jpg?fit=732%2C440&ssl=1&resize=350%2C200 1x, https:\/\/i0.wp.com\/ismaelcolosi.com.br\/wp-content\/uploads\/2024\/02\/Capturar-2.jpg?fit=732%2C440&ssl=1&resize=525%2C300 1.5x, https:\/\/i0.wp.com\/ismaelcolosi.com.br\/wp-content\/uploads\/2024\/02\/Capturar-2.jpg?fit=732%2C440&ssl=1&resize=700%2C400 2x"},"classes":[]},{"id":59499,"url":"https:\/\/ismaelcolosi.com.br\/index.php\/2024\/08\/09\/vai-esfriar-confira-a-previsao-do-tempo-para-ribeirao-preto-no-fim-de-semana\/","url_meta":{"origin":47696,"position":1},"title":"Vai esfriar? Confira a previs\u00e3o do tempo para Ribeir\u00e3o Preto no fim de semana","author":"ismaelcolosi.com.br","date":"9 de August de 2024","format":false,"excerpt":"A chegada de uma frente fria promete derrubar as temperaturas em Ribeir\u00e3o Preto neste fim de semana. De acordo com a Climatempo, os term\u00f4metros n\u00e3o devem passar dos 27\u00b0C em Ribeir\u00e3o Preto nesta sexta-feira (9). Os meteorologistas ainda informam que h\u00e1 possibilidade de chuva, com acumulado previsto de at\u00e9 5\u2026","rel":"","context":"In &quot;Not\u00edcias de Ribeir\u00e3o Preto-SP e Regi\u00e3o&quot;","block_context":{"text":"Not\u00edcias de Ribeir\u00e3o Preto-SP e Regi\u00e3o","link":"https:\/\/ismaelcolosi.com.br\/index.php\/category\/noticias-de-ribeirao-preto-sp-e-regiao-ismael-colosi\/"},"img":{"alt_text":"","src":"https:\/\/i0.wp.com\/ismaelcolosi.com.br\/wp-content\/uploads\/2024\/06\/frio-2_2024-06-26_20-08-46_jpg_2024-06-26_20-08-47.webp.webp?fit=1200%2C800&ssl=1&resize=350%2C200","width":350,"height":200,"srcset":"https:\/\/i0.wp.com\/ismaelcolosi.com.br\/wp-content\/uploads\/2024\/06\/frio-2_2024-06-26_20-08-46_jpg_2024-06-26_20-08-47.webp.webp?fit=1200%2C800&ssl=1&resize=350%2C200 1x, https:\/\/i0.wp.com\/ismaelcolosi.com.br\/wp-content\/uploads\/2024\/06\/frio-2_2024-06-26_20-08-46_jpg_2024-06-26_20-08-47.webp.webp?fit=1200%2C800&ssl=1&resize=525%2C300 1.5x, https:\/\/i0.wp.com\/ismaelcolosi.com.br\/wp-content\/uploads\/2024\/06\/frio-2_2024-06-26_20-08-46_jpg_2024-06-26_20-08-47.webp.webp?fit=1200%2C800&ssl=1&resize=700%2C400 2x, https:\/\/i0.wp.com\/ismaelcolosi.com.br\/wp-content\/uploads\/2024\/06\/frio-2_2024-06-26_20-08-46_jpg_2024-06-26_20-08-47.webp.webp?fit=1200%2C800&ssl=1&resize=1050%2C600 3x"},"classes":[]},{"id":47723,"url":"https:\/\/ismaelcolosi.com.br\/index.php\/2024\/04\/27\/onda-de-calor-interior-de-sp-tem-alerta-de-perigo-por-altas-temperaturas\/","url_meta":{"origin":47696,"position":2},"title":"Onda de calor: Interior de SP tem alerta de perigo por altas temperaturas","author":"ismaelcolosi.com.br","date":"27 de April de 2024","format":false,"excerpt":"O Inmet (Instituto Nacional de Meteorologia) emitiu neste s\u00e1bado (27) um aviso de perigo provocado por altas temperaturas, que atingem algumas cidades do interior de S\u00e3o Paulo, entre elas, Ribeir\u00e3o Preto (veja as cidades abaixo). Com a onda de calor, as temperaturas devem ficar 5\u00b0C acima da m\u00e9dia por um\u2026","rel":"","context":"In &quot;Not\u00edcias de Ribeir\u00e3o Preto-SP e Regi\u00e3o&quot;","block_context":{"text":"Not\u00edcias de Ribeir\u00e3o Preto-SP e Regi\u00e3o","link":"https:\/\/ismaelcolosi.com.br\/index.php\/category\/noticias-de-ribeirao-preto-sp-e-regiao-ismael-colosi\/"},"img":{"alt_text":"","src":"https:\/\/i0.wp.com\/ismaelcolosi.com.br\/wp-content\/uploads\/2024\/04\/AnyConv.com__CLIMA_QUENTE_NA_CIDADE_DE_CAMPINAS_SP_CoDIGO-19_173574-1068x712-1.webp.webp?fit=1068%2C712&ssl=1&resize=350%2C200","width":350,"height":200,"srcset":"https:\/\/i0.wp.com\/ismaelcolosi.com.br\/wp-content\/uploads\/2024\/04\/AnyConv.com__CLIMA_QUENTE_NA_CIDADE_DE_CAMPINAS_SP_CoDIGO-19_173574-1068x712-1.webp.webp?fit=1068%2C712&ssl=1&resize=350%2C200 1x, https:\/\/i0.wp.com\/ismaelcolosi.com.br\/wp-content\/uploads\/2024\/04\/AnyConv.com__CLIMA_QUENTE_NA_CIDADE_DE_CAMPINAS_SP_CoDIGO-19_173574-1068x712-1.webp.webp?fit=1068%2C712&ssl=1&resize=525%2C300 1.5x, https:\/\/i0.wp.com\/ismaelcolosi.com.br\/wp-content\/uploads\/2024\/04\/AnyConv.com__CLIMA_QUENTE_NA_CIDADE_DE_CAMPINAS_SP_CoDIGO-19_173574-1068x712-1.webp.webp?fit=1068%2C712&ssl=1&resize=700%2C400 2x, https:\/\/i0.wp.com\/ismaelcolosi.com.br\/wp-content\/uploads\/2024\/04\/AnyConv.com__CLIMA_QUENTE_NA_CIDADE_DE_CAMPINAS_SP_CoDIGO-19_173574-1068x712-1.webp.webp?fit=1068%2C712&ssl=1&resize=1050%2C600 3x"},"classes":[]},{"id":66947,"url":"https:\/\/ismaelcolosi.com.br\/index.php\/2024\/09\/20\/vai-chover-no-fim-de-semana-veja-a-previsao-do-tempo-no-estado-de-sp\/","url_meta":{"origin":47696,"position":3},"title":"Vai chover no fim de semana? Veja a previs\u00e3o do tempo no estado de SP","author":"ismaelcolosi.com.br","date":"20 de September de 2024","format":false,"excerpt":"Uma frente est\u00e1 prevista para passar pelo estado de S\u00e3o Paulo neste fim de semana. A primavera 2024 come\u00e7a \u00e0s 9h44 do pr\u00f3ximo domingo (22). Segundo a Meteored, esta frente fria ter\u00e1 uma abrang\u00eancia maior do que a anterior e poder\u00e1 causar chuvas mais expressivas. Durante este s\u00e1bado (21), este\u2026","rel":"","context":"In &quot;Not\u00edcias de Ribeir\u00e3o Preto-SP e Regi\u00e3o&quot;","block_context":{"text":"Not\u00edcias de Ribeir\u00e3o Preto-SP e Regi\u00e3o","link":"https:\/\/ismaelcolosi.com.br\/index.php\/category\/noticias-de-ribeirao-preto-sp-e-regiao-ismael-colosi\/"},"img":{"alt_text":"","src":"https:\/\/i0.wp.com\/ismaelcolosi.com.br\/wp-content\/uploads\/2024\/09\/clima_tempo_1024x576_18112020224025.jpg?fit=1024%2C576&ssl=1&resize=350%2C200","width":350,"height":200,"srcset":"https:\/\/i0.wp.com\/ismaelcolosi.com.br\/wp-content\/uploads\/2024\/09\/clima_tempo_1024x576_18112020224025.jpg?fit=1024%2C576&ssl=1&resize=350%2C200 1x, https:\/\/i0.wp.com\/ismaelcolosi.com.br\/wp-content\/uploads\/2024\/09\/clima_tempo_1024x576_18112020224025.jpg?fit=1024%2C576&ssl=1&resize=525%2C300 1.5x, https:\/\/i0.wp.com\/ismaelcolosi.com.br\/wp-content\/uploads\/2024\/09\/clima_tempo_1024x576_18112020224025.jpg?fit=1024%2C576&ssl=1&resize=700%2C400 2x"},"classes":[]},{"id":33020,"url":"https:\/\/ismaelcolosi.com.br\/index.php\/2024\/01\/27\/interior-de-sp-deve-ter-final-de-semana-com-sol-e-pancadas-de-chuva-veja-a-previsao\/","url_meta":{"origin":47696,"position":4},"title":"Interior de SP deve ter final de semana com sol e pancadas de chuva; Veja a previs\u00e3o","author":"ismaelcolosi.com.br","date":"27 de January de 2024","format":false,"excerpt":"A Zona de Converg\u00eancia do Atl\u00e2ntico Sul (ZCAS) ainda est\u00e1 ativa sobre o Brasil e espalha nuvens carregadas sobre algumas regi\u00f5es do pa\u00eds. De acordo com a Climatempo, o interior do estado de S\u00e3o Paulo deve ter um final de semana de sol o dia todo, acompanhado de nuvens e\u2026","rel":"","context":"In &quot;Not\u00edcias de Ribeir\u00e3o Preto-SP e Regi\u00e3o&quot;","block_context":{"text":"Not\u00edcias de Ribeir\u00e3o Preto-SP e Regi\u00e3o","link":"https:\/\/ismaelcolosi.com.br\/index.php\/category\/noticias-de-ribeirao-preto-sp-e-regiao-ismael-colosi\/"},"img":{"alt_text":"","src":"https:\/\/i0.wp.com\/ismaelcolosi.com.br\/wp-content\/uploads\/2024\/01\/1706363396_RIBEIRAO-PRETO.jpg?fit=1200%2C739&ssl=1&resize=350%2C200","width":350,"height":200,"srcset":"https:\/\/i0.wp.com\/ismaelcolosi.com.br\/wp-content\/uploads\/2024\/01\/1706363396_RIBEIRAO-PRETO.jpg?fit=1200%2C739&ssl=1&resize=350%2C200 1x, https:\/\/i0.wp.com\/ismaelcolosi.com.br\/wp-content\/uploads\/2024\/01\/1706363396_RIBEIRAO-PRETO.jpg?fit=1200%2C739&ssl=1&resize=525%2C300 1.5x, https:\/\/i0.wp.com\/ismaelcolosi.com.br\/wp-content\/uploads\/2024\/01\/1706363396_RIBEIRAO-PRETO.jpg?fit=1200%2C739&ssl=1&resize=700%2C400 2x, https:\/\/i0.wp.com\/ismaelcolosi.com.br\/wp-content\/uploads\/2024\/01\/1706363396_RIBEIRAO-PRETO.jpg?fit=1200%2C739&ssl=1&resize=1050%2C600 3x"},"classes":[]},{"id":69420,"url":"https:\/\/ismaelcolosi.com.br\/index.php\/2024\/10\/05\/fim-de-semana-comeca-com-alerta-do-inmet-no-interior-de-sp\/","url_meta":{"origin":47696,"position":5},"title":"Fim de semana come\u00e7a com alerta do Inmet no interior de SP","author":"ismaelcolosi.com.br","date":"5 de October de 2024","format":false,"excerpt":"O fim de semana come\u00e7ou com alerta do Inmet (Instituto Nacional de Meteorologia) no interior de S\u00e3o Paulo. Segundo o \u00f3rg\u00e3o, h\u00e1 um aviso de perigo potencial para baixa umidade neste s\u00e1bado (5), v\u00e1lido para o per\u00edodo entre 10h e 21h. O Inmet informa que a umidade do ar deve\u2026","rel":"","context":"In &quot;Not\u00edcias de Ribeir\u00e3o Preto-SP e Regi\u00e3o&quot;","block_context":{"text":"Not\u00edcias de Ribeir\u00e3o Preto-SP e Regi\u00e3o","link":"https:\/\/ismaelcolosi.com.br\/index.php\/category\/noticias-de-ribeirao-preto-sp-e-regiao-ismael-colosi\/"},"img":{"alt_text":"","src":"https:\/\/i0.wp.com\/ismaelcolosi.com.br\/wp-content\/uploads\/2024\/09\/ribeirao-preto_2024-09-30_10-41-38_jpeg_2024-09-30_10-41-38.webp.webp?fit=1200%2C903&ssl=1&resize=350%2C200","width":350,"height":200,"srcset":"https:\/\/i0.wp.com\/ismaelcolosi.com.br\/wp-content\/uploads\/2024\/09\/ribeirao-preto_2024-09-30_10-41-38_jpeg_2024-09-30_10-41-38.webp.webp?fit=1200%2C903&ssl=1&resize=350%2C200 1x, https:\/\/i0.wp.com\/ismaelcolosi.com.br\/wp-content\/uploads\/2024\/09\/ribeirao-preto_2024-09-30_10-41-38_jpeg_2024-09-30_10-41-38.webp.webp?fit=1200%2C903&ssl=1&resize=525%2C300 1.5x, https:\/\/i0.wp.com\/ismaelcolosi.com.br\/wp-content\/uploads\/2024\/09\/ribeirao-preto_2024-09-30_10-41-38_jpeg_2024-09-30_10-41-38.webp.webp?fit=1200%2C903&ssl=1&resize=700%2C400 2x, https:\/\/i0.wp.com\/ismaelcolosi.com.br\/wp-content\/uploads\/2024\/09\/ribeirao-preto_2024-09-30_10-41-38_jpeg_2024-09-30_10-41-38.webp.webp?fit=1200%2C903&ssl=1&resize=1050%2C600 3x"},"classes":[]}],"jetpack_sharing_enabled":true,"jetpack_shortlink":"https:\/\/wp.me\/pfMlyK-cpi","_links":{"self":[{"href":"https:\/\/ismaelcolosi.com.br\/index.php\/wp-json\/wp\/v2\/posts\/47696","targetHints":{"allow":["GET"]}}],"collection":[{"href":"https:\/\/ismaelcolosi.com.br\/index.php\/wp-json\/wp\/v2\/posts"}],"about":[{"href":"https:\/\/ismaelcolosi.com.br\/index.php\/wp-json\/wp\/v2\/types\/post"}],"author":[{"embeddable":true,"href":"https:\/\/ismaelcolosi.com.br\/index.php\/wp-json\/wp\/v2\/users\/1"}],"replies":[{"embeddable":true,"href":"https:\/\/ismaelcolosi.com.br\/index.php\/wp-json\/wp\/v2\/comments?post=47696"}],"version-history":[{"count":0,"href":"https:\/\/ismaelcolosi.com.br\/index.php\/wp-json\/wp\/v2\/posts\/47696\/revisions"}],"wp:featuredmedia":[{"embeddable":true,"href":"https:\/\/ismaelcolosi.com.br\/index.php\/wp-json\/wp\/v2\/media\/47697"}],"wp:attachment":[{"href":"https:\/\/ismaelcolosi.com.br\/index.php\/wp-json\/wp\/v2\/media?parent=47696"}],"wp:term":[{"taxonomy":"category","embeddable":true,"href":"https:\/\/ismaelcolosi.com.br\/index.php\/wp-json\/wp\/v2\/categories?post=47696"},{"taxonomy":"post_tag","embeddable":true,"href":"https:\/\/ismaelcolosi.com.br\/index.php\/wp-json\/wp\/v2\/tags?post=47696"}],"curies":[{"name":"wp","href":"https:\/\/api.w.org\/{rel}","templated":true}]}}