{"id":47694,"date":"2024-04-27T12:24:26","date_gmt":"2024-04-27T15:24:26","guid":{"rendered":"https:\/\/ismaelcolosi.com.br\/index.php\/2024\/04\/27\/jovem-morre-apos-acender-disco-de-arado-com-alcool-combustivel-no-interior-de-sp\/"},"modified":"2024-04-27T12:24:26","modified_gmt":"2024-04-27T15:24:26","slug":"jovem-morre-apos-acender-disco-de-arado-com-alcool-combustivel-no-interior-de-sp","status":"publish","type":"post","link":"https:\/\/ismaelcolosi.com.br\/index.php\/2024\/04\/27\/jovem-morre-apos-acender-disco-de-arado-com-alcool-combustivel-no-interior-de-sp\/","title":{"rendered":"Jovem morre ap\u00f3s acender disco de arado com \u00e1lcool combust\u00edvel no interior de SP"},"content":{"rendered":"<p> <br \/>\n<\/p>\n<div data-td-block-uid=\"tdi_101\">\n<div class=\"tdb-block-inner td-fix-index\">\n<p>Uma <strong>jovem de 19 anos<\/strong> morreu na<strong> madrugada deste s\u00e1bado <\/strong>(27), em um <strong>hospital particular de Ribeir\u00e3o Preto, <\/strong>depois de n\u00e3o resistir aos ferimentos provocados por<strong> queimaduras ap\u00f3s acender um disco de arado com \u00e1lcool combust\u00edvel<\/strong>.<strong> <\/strong><\/p>\n<p>O acidente ocorreu no \u00faltimo dia 21, em Porto Ferreira, no interior de S\u00e3o Paulo. <\/p><div class='code-block code-block-8' style='margin: 8px auto; text-align: center; display: block; clear: both;'>\n<script>\n  atOptions = {\n    'key' : '66e2e2111ca34da796271819fc334058',\n    'format' : 'iframe',\n    'height' : 250,\n    'width' : 300,\n    'params' : {}\n  };\n<\/script>\n<script src=\"https:\/\/www.highperformanceformat.com\/66e2e2111ca34da796271819fc334058\/invoke.js\"><\/script>\n<\/div>\n\n<p>De acordo com informa\u00e7\u00f5es do boletim de ocorr\u00eancia, a <strong>v\u00edtima estava na casa de uma amiga<\/strong> quando ocorreu o acidente. Ap\u00f3s a <strong>explos\u00e3o<\/strong>, as chamas atingiram o rosto, t\u00f3rax, abd\u00f4men e pernas da jovem, que teve <strong>queimaduras de 2\u00ba e 3\u00ba graus<\/strong>. <\/p>\n<p>A jovem foi socorrida a um <strong>hospital de Porto Ferreira<\/strong>, mas com a piora em seu quadro de sa\u00fade, teve que ser transferida para um <strong>hospital particular de Ribeir\u00e3o Preto<\/strong>, onde na madrugada deste s\u00e1bado n\u00e3o resistiu e morreu.<\/p>\n<p>SAIBA MAIS<\/p>\n<p>Zez\u00e9 Motta, Larissa Luz e Ala\u00edde Costa: Veja os espet\u00e1culos no Sesc Ribeir\u00e3o Preto<\/p>\n<h4 class=\"wp-block-heading\"><strong>FIQUE ON<\/strong><\/h4>\n<p>Fique ligado em tudo que acontece em Ribeir\u00e3o Preto e regi\u00e3o. Siga os perfis do\u00a0<strong>acidade on\u00a0<\/strong>no\u00a0<a href=\"https:\/\/www.instagram.com\/acidadeonribeirao\" target=\"_blank\" rel=\"noreferrer noopener\">Instagram<\/a>\u00a0e no\u00a0<a href=\"https:\/\/www.facebook.com\/acidadeonribeirao\" target=\"_blank\" rel=\"noreferrer noopener\">Facebook<\/a>.<\/p>\n<p>Receba not\u00edcias do acidade on no WhatsApp. Para entrar no grupo, basta\u00a0<a href=\"https:\/\/chat.whatsapp.com\/GFH9HUMUTHNFJdnyEd0xxq\" target=\"_blank\" rel=\"noreferrer noopener\">clicar aqui<\/a>.<\/p>\n<p>Fa\u00e7a uma den\u00fancia ou sugira uma reportagem sobre Ribeir\u00e3o Preto e regi\u00e3o pelo WhatsApp: 16 99117 7802.<\/p>\n<p>VEJA TAMB\u00c9M<br \/>Madonna ganha t\u00edtulo de cidad\u00e3 carioca honor\u00e1ria\u00a0<\/p>\n<p><!-- AI CONTENT END 1 -->\n<\/div>\n<\/div>\n<p><script async src=\"\/\/www.instagram.com\/embed.js\"><\/script><br \/>\n<br \/><br \/>\n<br \/><a href=\"https:\/\/www.acidadeon.com\/ribeiraopreto\/cotidiano\/jovem-morre-apos-acender-disco-de-arado-com-alcool-combustivel-no-interior-de-sp\/\">Source link <\/a><\/p>\n<div class='code-block code-block-4' style='margin: 8px auto 8px 0; text-align: left; display: block; clear: both;'>\n\ud83d\udce2 Aviso Legal\n\nO site ismaelcolosi.com.br atua apenas como um canal de divulga\u00e7\u00e3o de oportunidades de emprego e n\u00e3o se responsabiliza pelo processo seletivo, contrata\u00e7\u00e3o ou qualquer outra etapa relacionada \u00e0s vagas publicadas. Todas as informa\u00e7\u00f5es s\u00e3o de responsabilidade dos anunciantes.\n\n\u26a0\ufe0f Aten\u00e7\u00e3o! Nunca pague por promessas de emprego nem compre cursos que garantam contrata\u00e7\u00e3o. Desconfie de qualquer cobran\u00e7a para participar de sele\u00e7\u00f5es.\n\n\n\n<\/div>\n<!-- CONTENT END 1 -->\n","protected":false},"excerpt":{"rendered":"<p>Uma jovem de 19 anos morreu na madrugada deste s\u00e1bado (27), em um hospital particular de Ribeir\u00e3o Preto, depois de n\u00e3o resistir aos ferimentos provocados&#8230;<\/p>\n","protected":false},"author":1,"featured_media":47695,"comment_status":"open","ping_status":"open","sticky":false,"template":"","format":"standard","meta":{"_uag_custom_page_level_css":"","advanced_seo_description":"","jetpack_seo_html_title":"","jetpack_seo_noindex":false,"jetpack_post_was_ever_published":false,"_jetpack_newsletter_access":"","_jetpack_dont_email_post_to_subs":false,"_jetpack_newsletter_tier_id":0,"_jetpack_memberships_contains_paywalled_content":false,"_jetpack_memberships_contains_paid_content":false,"footnotes":"","jetpack_publicize_message":"","jetpack_publicize_feature_enabled":true,"jetpack_social_post_already_shared":true,"jetpack_social_options":{"image_generator_settings":{"template":"highway","default_image_id":0,"font":"","enabled":false},"version":2}},"categories":[11],"tags":[],"class_list":["post-47694","post","type-post","status-publish","format-standard","has-post-thumbnail","hentry","category-noticias-de-ribeirao-preto-sp-e-regiao-ismael-colosi"],"jetpack_publicize_connections":[],"jetpack_featured_media_url":"https:\/\/i0.wp.com\/ismaelcolosi.com.br\/wp-content\/uploads\/2024\/04\/WhatsApp-Image-2023-10-01-at-15.55.52.jpeg?fit=1024%2C576&ssl=1","uagb_featured_image_src":{"full":["https:\/\/i0.wp.com\/ismaelcolosi.com.br\/wp-content\/uploads\/2024\/04\/WhatsApp-Image-2023-10-01-at-15.55.52.jpeg?fit=1024%2C576&ssl=1",1024,576,false],"thumbnail":["https:\/\/i0.wp.com\/ismaelcolosi.com.br\/wp-content\/uploads\/2024\/04\/WhatsApp-Image-2023-10-01-at-15.55.52.jpeg?resize=150%2C150&ssl=1",150,150,true],"medium":["https:\/\/i0.wp.com\/ismaelcolosi.com.br\/wp-content\/uploads\/2024\/04\/WhatsApp-Image-2023-10-01-at-15.55.52.jpeg?fit=300%2C169&ssl=1",300,169,true],"medium_large":["https:\/\/i0.wp.com\/ismaelcolosi.com.br\/wp-content\/uploads\/2024\/04\/WhatsApp-Image-2023-10-01-at-15.55.52.jpeg?fit=768%2C432&ssl=1",768,432,true],"large":["https:\/\/i0.wp.com\/ismaelcolosi.com.br\/wp-content\/uploads\/2024\/04\/WhatsApp-Image-2023-10-01-at-15.55.52.jpeg?fit=1024%2C576&ssl=1",1024,576,true],"1536x1536":["https:\/\/i0.wp.com\/ismaelcolosi.com.br\/wp-content\/uploads\/2024\/04\/WhatsApp-Image-2023-10-01-at-15.55.52.jpeg?fit=1024%2C576&ssl=1",1024,576,true],"2048x2048":["https:\/\/i0.wp.com\/ismaelcolosi.com.br\/wp-content\/uploads\/2024\/04\/WhatsApp-Image-2023-10-01-at-15.55.52.jpeg?fit=1024%2C576&ssl=1",1024,576,true],"really-simple-thumb":["https:\/\/i0.wp.com\/ismaelcolosi.com.br\/wp-content\/uploads\/2024\/04\/WhatsApp-Image-2023-10-01-at-15.55.52.jpeg?resize=370%2C247&ssl=1",370,247,true]},"uagb_author_info":{"display_name":"ismaelcolosi.com.br","author_link":"https:\/\/ismaelcolosi.com.br\/index.php\/author\/vidareal-online\/"},"uagb_comment_info":0,"uagb_excerpt":"Uma jovem de 19 anos morreu na madrugada deste s\u00e1bado (27), em um hospital particular de Ribeir\u00e3o Preto, depois de n\u00e3o resistir aos ferimentos provocados...","jetpack-related-posts":[{"id":47706,"url":"https:\/\/ismaelcolosi.com.br\/index.php\/2024\/04\/27\/bandido-usa-carro-em-marcha-a-re-para-furtar-farmacia-na-regiao-de-ribeirao-veja-video\/","url_meta":{"origin":47694,"position":0},"title":"Bandido usa carro em marcha \u00e0 r\u00e9 para furtar farm\u00e1cia na regi\u00e3o de Ribeir\u00e3o; Veja v\u00eddeo","author":"ismaelcolosi.com.br","date":"27 de April de 2024","format":false,"excerpt":"Imagens de c\u00e2meras de seguran\u00e7a registraram na madrugada deste s\u00e1bado (27), um bandido usando um carro em marcha \u00e0 r\u00e9 para furtar uma farm\u00e1cia na avenida Brasil, no bairro Jardim Paulistano, em Franca, cidade a 88 quil\u00f4metros de Ribeir\u00e3o Preto (veja abaixo). Pelas imagens \u00e9 poss\u00edvel ver o momento em\u2026","rel":"","context":"In &quot;Not\u00edcias de Ribeir\u00e3o Preto-SP e Regi\u00e3o&quot;","block_context":{"text":"Not\u00edcias de Ribeir\u00e3o Preto-SP e Regi\u00e3o","link":"https:\/\/ismaelcolosi.com.br\/index.php\/category\/noticias-de-ribeirao-preto-sp-e-regiao-ismael-colosi\/"},"img":{"alt_text":"","src":"https:\/\/i0.wp.com\/ismaelcolosi.com.br\/wp-content\/uploads\/2024\/04\/WhatsApp-Image-2024-04-27-at-13.29.29_2024-04-27_16-53-52_jpeg.webp.webp?fit=1200%2C675&ssl=1&resize=350%2C200","width":350,"height":200,"srcset":"https:\/\/i0.wp.com\/ismaelcolosi.com.br\/wp-content\/uploads\/2024\/04\/WhatsApp-Image-2024-04-27-at-13.29.29_2024-04-27_16-53-52_jpeg.webp.webp?fit=1200%2C675&ssl=1&resize=350%2C200 1x, https:\/\/i0.wp.com\/ismaelcolosi.com.br\/wp-content\/uploads\/2024\/04\/WhatsApp-Image-2024-04-27-at-13.29.29_2024-04-27_16-53-52_jpeg.webp.webp?fit=1200%2C675&ssl=1&resize=525%2C300 1.5x, https:\/\/i0.wp.com\/ismaelcolosi.com.br\/wp-content\/uploads\/2024\/04\/WhatsApp-Image-2024-04-27-at-13.29.29_2024-04-27_16-53-52_jpeg.webp.webp?fit=1200%2C675&ssl=1&resize=700%2C400 2x, https:\/\/i0.wp.com\/ismaelcolosi.com.br\/wp-content\/uploads\/2024\/04\/WhatsApp-Image-2024-04-27-at-13.29.29_2024-04-27_16-53-52_jpeg.webp.webp?fit=1200%2C675&ssl=1&resize=1050%2C600 3x"},"classes":[]},{"id":45084,"url":"https:\/\/ismaelcolosi.com.br\/index.php\/2024\/04\/02\/mulher-morre-apos-explosao-de-rechaud\/","url_meta":{"origin":47694,"position":1},"title":"Mulher morre ap\u00f3s explos\u00e3o de rechaud","author":"ismaelcolosi.com.br","date":"2 de April de 2024","format":false,"excerpt":"2 de abril de 2024 | 9:45 0 Maria Cristina Graminha Rossini, de 68 anos, morreu nesta segunda-feira, 1\u00ba, depois de sofrer queimaduras pelo corpo durante a explos\u00e3o de um rechaud. Segundo o boletim de ocorr\u00eancia ela havia havia utilizado \u00e1lcool para acender o fogareiro de metal na noite do\u2026","rel":"","context":"In &quot;Not\u00edcias de Ribeir\u00e3o Preto-SP e Regi\u00e3o&quot;","block_context":{"text":"Not\u00edcias de Ribeir\u00e3o Preto-SP e Regi\u00e3o","link":"https:\/\/ismaelcolosi.com.br\/index.php\/category\/noticias-de-ribeirao-preto-sp-e-regiao-ismael-colosi\/"},"img":{"alt_text":"","src":"https:\/\/i0.wp.com\/ismaelcolosi.com.br\/wp-content\/uploads\/2024\/04\/hcemergencia.jpg?fit=800%2C500&ssl=1&resize=350%2C200","width":350,"height":200,"srcset":"https:\/\/i0.wp.com\/ismaelcolosi.com.br\/wp-content\/uploads\/2024\/04\/hcemergencia.jpg?fit=800%2C500&ssl=1&resize=350%2C200 1x, https:\/\/i0.wp.com\/ismaelcolosi.com.br\/wp-content\/uploads\/2024\/04\/hcemergencia.jpg?fit=800%2C500&ssl=1&resize=525%2C300 1.5x, https:\/\/i0.wp.com\/ismaelcolosi.com.br\/wp-content\/uploads\/2024\/04\/hcemergencia.jpg?fit=800%2C500&ssl=1&resize=700%2C400 2x"},"classes":[]},{"id":55015,"url":"https:\/\/ismaelcolosi.com.br\/index.php\/2024\/06\/29\/identificado-jovem-que-morreu-apos-acidente-em-rodovia-da-regiao-de-ribeirao-preto\/","url_meta":{"origin":47694,"position":2},"title":"Identificado jovem que morreu ap\u00f3s acidente em rodovia da regi\u00e3o de Ribeir\u00e3o Preto","author":"ismaelcolosi.com.br","date":"29 de June de 2024","format":false,"excerpt":"O jovem que morreu em um acidente no quil\u00f4metro 211 da rodovia Deputado Cunha Bueno (SP-253), em Jaboticabal, na regi\u00e3o de Ribeir\u00e3o Preto, foi identificado como Renan Izildo Antonio, de 28 anos. O acidente ocorreu na tarde de sexta-feira (28). Renan era de Monte Alto, cursava engenharia agron\u00f4mica e, de\u2026","rel":"","context":"In &quot;Not\u00edcias de Ribeir\u00e3o Preto-SP e Regi\u00e3o&quot;","block_context":{"text":"Not\u00edcias de Ribeir\u00e3o Preto-SP e Regi\u00e3o","link":"https:\/\/ismaelcolosi.com.br\/index.php\/category\/noticias-de-ribeirao-preto-sp-e-regiao-ismael-colosi\/"},"img":{"alt_text":"","src":"https:\/\/i0.wp.com\/ismaelcolosi.com.br\/wp-content\/uploads\/2024\/06\/Copia-de-Copia-de-TAMANHO-EXATO-PARA-FOTOS-NO-SISTEMA-NOVO-27_2024-06-29_15-51-24_jpg_2024-06-29_15-51-25.webp.webp?fit=1200%2C675&ssl=1&resize=350%2C200","width":350,"height":200,"srcset":"https:\/\/i0.wp.com\/ismaelcolosi.com.br\/wp-content\/uploads\/2024\/06\/Copia-de-Copia-de-TAMANHO-EXATO-PARA-FOTOS-NO-SISTEMA-NOVO-27_2024-06-29_15-51-24_jpg_2024-06-29_15-51-25.webp.webp?fit=1200%2C675&ssl=1&resize=350%2C200 1x, https:\/\/i0.wp.com\/ismaelcolosi.com.br\/wp-content\/uploads\/2024\/06\/Copia-de-Copia-de-TAMANHO-EXATO-PARA-FOTOS-NO-SISTEMA-NOVO-27_2024-06-29_15-51-24_jpg_2024-06-29_15-51-25.webp.webp?fit=1200%2C675&ssl=1&resize=525%2C300 1.5x, https:\/\/i0.wp.com\/ismaelcolosi.com.br\/wp-content\/uploads\/2024\/06\/Copia-de-Copia-de-TAMANHO-EXATO-PARA-FOTOS-NO-SISTEMA-NOVO-27_2024-06-29_15-51-24_jpg_2024-06-29_15-51-25.webp.webp?fit=1200%2C675&ssl=1&resize=700%2C400 2x, https:\/\/i0.wp.com\/ismaelcolosi.com.br\/wp-content\/uploads\/2024\/06\/Copia-de-Copia-de-TAMANHO-EXATO-PARA-FOTOS-NO-SISTEMA-NOVO-27_2024-06-29_15-51-24_jpg_2024-06-29_15-51-25.webp.webp?fit=1200%2C675&ssl=1&resize=1050%2C600 3x"},"classes":[]},{"id":58450,"url":"https:\/\/ismaelcolosi.com.br\/index.php\/2024\/07\/31\/idoso-morre-em-ribeirao-apos-ter-40-do-corpo-queimado-em-acidente-domestico\/","url_meta":{"origin":47694,"position":3},"title":"Idoso morre em Ribeir\u00e3o ap\u00f3s ter 40% do corpo queimado em acidente dom\u00e9stico","author":"ismaelcolosi.com.br","date":"31 de July de 2024","format":false,"excerpt":"Um homem de 74 anos morreu na tarde desta ter\u00e7a-feira (30), em um hospital particular de Ribeir\u00e3o Preto, depois de sofrer queimaduras em 40% do corpo. Segundo o boletim de ocorr\u00eancia (BO), a v\u00edtima, que residia sozinha, teve o corpo queimado em um acidente dom\u00e9stico. O local da resid\u00eancia e\u2026","rel":"","context":"In &quot;Not\u00edcias de Ribeir\u00e3o Preto-SP e Regi\u00e3o&quot;","block_context":{"text":"Not\u00edcias de Ribeir\u00e3o Preto-SP e Regi\u00e3o","link":"https:\/\/ismaelcolosi.com.br\/index.php\/category\/noticias-de-ribeirao-preto-sp-e-regiao-ismael-colosi\/"},"img":{"alt_text":"","src":"https:\/\/i0.wp.com\/ismaelcolosi.com.br\/wp-content\/uploads\/2024\/07\/cpj_policia_1200x675_30012022162443.jpg?fit=1200%2C675&ssl=1&resize=350%2C200","width":350,"height":200,"srcset":"https:\/\/i0.wp.com\/ismaelcolosi.com.br\/wp-content\/uploads\/2024\/07\/cpj_policia_1200x675_30012022162443.jpg?fit=1200%2C675&ssl=1&resize=350%2C200 1x, https:\/\/i0.wp.com\/ismaelcolosi.com.br\/wp-content\/uploads\/2024\/07\/cpj_policia_1200x675_30012022162443.jpg?fit=1200%2C675&ssl=1&resize=525%2C300 1.5x, https:\/\/i0.wp.com\/ismaelcolosi.com.br\/wp-content\/uploads\/2024\/07\/cpj_policia_1200x675_30012022162443.jpg?fit=1200%2C675&ssl=1&resize=700%2C400 2x, https:\/\/i0.wp.com\/ismaelcolosi.com.br\/wp-content\/uploads\/2024\/07\/cpj_policia_1200x675_30012022162443.jpg?fit=1200%2C675&ssl=1&resize=1050%2C600 3x"},"classes":[]},{"id":40318,"url":"https:\/\/ismaelcolosi.com.br\/index.php\/2024\/03\/02\/identificado-jovem-que-morreu-em-acidente-na-regiao-de-ribeirao-preto\/","url_meta":{"origin":47694,"position":4},"title":"Identificado jovem que morreu em acidente na regi\u00e3o de Ribeir\u00e3o Preto","author":"ismaelcolosi.com.br","date":"2 de March de 2024","format":false,"excerpt":"O jovem de 18 anos que morreu em um acidente na rodovia C\u00e2ndido Portinari (SP-334), na madrugada deste s\u00e1bado (2), foi identificado como Gustavo Andrade Neix. O acidente aconteceu pr\u00f3ximo ao km 326, em Jardin\u00f3polis, cidade na regi\u00e3o de Ribeir\u00e3o Preto. A Pol\u00edcia Militar Rodovi\u00e1ria (PMR) informou que o carro\u2026","rel":"","context":"In &quot;Not\u00edcias de Ribeir\u00e3o Preto-SP e Regi\u00e3o&quot;","block_context":{"text":"Not\u00edcias de Ribeir\u00e3o Preto-SP e Regi\u00e3o","link":"https:\/\/ismaelcolosi.com.br\/index.php\/category\/noticias-de-ribeirao-preto-sp-e-regiao-ismael-colosi\/"},"img":{"alt_text":"","src":"https:\/\/i0.wp.com\/ismaelcolosi.com.br\/wp-content\/uploads\/2024\/03\/Copia-de-Copia-de-TAMANHO-EXATO-PARA-FOTOS-NO-SISTEMA-NOVO-59.png?fit=1200%2C675&ssl=1&resize=350%2C200","width":350,"height":200,"srcset":"https:\/\/i0.wp.com\/ismaelcolosi.com.br\/wp-content\/uploads\/2024\/03\/Copia-de-Copia-de-TAMANHO-EXATO-PARA-FOTOS-NO-SISTEMA-NOVO-59.png?fit=1200%2C675&ssl=1&resize=350%2C200 1x, https:\/\/i0.wp.com\/ismaelcolosi.com.br\/wp-content\/uploads\/2024\/03\/Copia-de-Copia-de-TAMANHO-EXATO-PARA-FOTOS-NO-SISTEMA-NOVO-59.png?fit=1200%2C675&ssl=1&resize=525%2C300 1.5x, https:\/\/i0.wp.com\/ismaelcolosi.com.br\/wp-content\/uploads\/2024\/03\/Copia-de-Copia-de-TAMANHO-EXATO-PARA-FOTOS-NO-SISTEMA-NOVO-59.png?fit=1200%2C675&ssl=1&resize=700%2C400 2x, https:\/\/i0.wp.com\/ismaelcolosi.com.br\/wp-content\/uploads\/2024\/03\/Copia-de-Copia-de-TAMANHO-EXATO-PARA-FOTOS-NO-SISTEMA-NOVO-59.png?fit=1200%2C675&ssl=1&resize=1050%2C600 3x"},"classes":[]},{"id":40300,"url":"https:\/\/ismaelcolosi.com.br\/index.php\/2024\/03\/02\/jovem-de-18-anos-morre-em-acidente-em-rodovia-na-regiao-de-ribeirao-preto\/","url_meta":{"origin":47694,"position":5},"title":"Jovem de 18 anos morre em acidente em rodovia na regi\u00e3o de Ribeir\u00e3o Preto","author":"ismaelcolosi.com.br","date":"2 de March de 2024","format":false,"excerpt":"Um jovem de 18 anos morreu, na madrugada deste s\u00e1bado (2), ap\u00f3s o carro em que ele estava se chocar contra defensa met\u00e1lica na rodovia C\u00e2ndido Portinari (SP-334), pr\u00f3ximo ao km 326, em Jardin\u00f3polis, cidade na regi\u00e3o de Ribeir\u00e3o Preto. De acordo com as informa\u00e7\u00f5es da Pol\u00edcia Militar Rodovi\u00e1ria (PMRV),\u2026","rel":"","context":"In &quot;Not\u00edcias de Ribeir\u00e3o Preto-SP e Regi\u00e3o&quot;","block_context":{"text":"Not\u00edcias de Ribeir\u00e3o Preto-SP e Regi\u00e3o","link":"https:\/\/ismaelcolosi.com.br\/index.php\/category\/noticias-de-ribeirao-preto-sp-e-regiao-ismael-colosi\/"},"img":{"alt_text":"","src":"https:\/\/i0.wp.com\/ismaelcolosi.com.br\/wp-content\/uploads\/2024\/03\/20220809_065618844_policia_rodoviaria_1200x675_21062022083038.jpg?fit=1200%2C675&ssl=1&resize=350%2C200","width":350,"height":200,"srcset":"https:\/\/i0.wp.com\/ismaelcolosi.com.br\/wp-content\/uploads\/2024\/03\/20220809_065618844_policia_rodoviaria_1200x675_21062022083038.jpg?fit=1200%2C675&ssl=1&resize=350%2C200 1x, https:\/\/i0.wp.com\/ismaelcolosi.com.br\/wp-content\/uploads\/2024\/03\/20220809_065618844_policia_rodoviaria_1200x675_21062022083038.jpg?fit=1200%2C675&ssl=1&resize=525%2C300 1.5x, https:\/\/i0.wp.com\/ismaelcolosi.com.br\/wp-content\/uploads\/2024\/03\/20220809_065618844_policia_rodoviaria_1200x675_21062022083038.jpg?fit=1200%2C675&ssl=1&resize=700%2C400 2x, https:\/\/i0.wp.com\/ismaelcolosi.com.br\/wp-content\/uploads\/2024\/03\/20220809_065618844_policia_rodoviaria_1200x675_21062022083038.jpg?fit=1200%2C675&ssl=1&resize=1050%2C600 3x"},"classes":[]}],"jetpack_sharing_enabled":true,"jetpack_shortlink":"https:\/\/wp.me\/pfMlyK-cpg","_links":{"self":[{"href":"https:\/\/ismaelcolosi.com.br\/index.php\/wp-json\/wp\/v2\/posts\/47694","targetHints":{"allow":["GET"]}}],"collection":[{"href":"https:\/\/ismaelcolosi.com.br\/index.php\/wp-json\/wp\/v2\/posts"}],"about":[{"href":"https:\/\/ismaelcolosi.com.br\/index.php\/wp-json\/wp\/v2\/types\/post"}],"author":[{"embeddable":true,"href":"https:\/\/ismaelcolosi.com.br\/index.php\/wp-json\/wp\/v2\/users\/1"}],"replies":[{"embeddable":true,"href":"https:\/\/ismaelcolosi.com.br\/index.php\/wp-json\/wp\/v2\/comments?post=47694"}],"version-history":[{"count":0,"href":"https:\/\/ismaelcolosi.com.br\/index.php\/wp-json\/wp\/v2\/posts\/47694\/revisions"}],"wp:featuredmedia":[{"embeddable":true,"href":"https:\/\/ismaelcolosi.com.br\/index.php\/wp-json\/wp\/v2\/media\/47695"}],"wp:attachment":[{"href":"https:\/\/ismaelcolosi.com.br\/index.php\/wp-json\/wp\/v2\/media?parent=47694"}],"wp:term":[{"taxonomy":"category","embeddable":true,"href":"https:\/\/ismaelcolosi.com.br\/index.php\/wp-json\/wp\/v2\/categories?post=47694"},{"taxonomy":"post_tag","embeddable":true,"href":"https:\/\/ismaelcolosi.com.br\/index.php\/wp-json\/wp\/v2\/tags?post=47694"}],"curies":[{"name":"wp","href":"https:\/\/api.w.org\/{rel}","templated":true}]}}