{"id":47688,"date":"2024-04-27T11:23:16","date_gmt":"2024-04-27T14:23:16","guid":{"rendered":"https:\/\/ismaelcolosi.com.br\/index.php\/2024\/04\/27\/homem-e-morto-dentro-de-apartamento-em-condominio-na-regiao-de-ribeirao-preto\/"},"modified":"2024-04-27T11:23:16","modified_gmt":"2024-04-27T14:23:16","slug":"homem-e-morto-dentro-de-apartamento-em-condominio-na-regiao-de-ribeirao-preto","status":"publish","type":"post","link":"https:\/\/ismaelcolosi.com.br\/index.php\/2024\/04\/27\/homem-e-morto-dentro-de-apartamento-em-condominio-na-regiao-de-ribeirao-preto\/","title":{"rendered":"Homem \u00e9 morto dentro de apartamento em condom\u00ednio na regi\u00e3o de Ribeir\u00e3o Preto"},"content":{"rendered":"<p> <br \/>\n<\/p>\n<div>\n<p>Um<strong> homem de 32 anos <\/strong>foi <strong>morto com um tiro na cabe\u00e7a<\/strong> na madrugada deste s\u00e1bado (27), em um conjunto habitacional de <strong>Jaboticabal<\/strong>, cidade a 57 quil\u00f4metros de Ribeir\u00e3o Preto. O <strong>suspeito<\/strong>, que tamb\u00e9m, \u00e9 <strong>morador <\/strong>do local est\u00e1 <strong>foragido<\/strong>.<\/p>\n<p>Segundo consta no <strong>boletim de ocorr\u00eancia<\/strong>, os <strong>envolvidos tinham rixas<\/strong> por conta da <strong>v\u00edtima n\u00e3o se dar bem<\/strong> com a <strong>s\u00edndica do condom\u00ednio<\/strong>, que \u00e9 <strong>esposa do suspeito<\/strong>.<\/p><div class='code-block code-block-8' style='margin: 8px auto; text-align: center; display: block; clear: both;'>\n<script>\n  atOptions = {\n    'key' : '66e2e2111ca34da796271819fc334058',\n    'format' : 'iframe',\n    'height' : 250,\n    'width' : 300,\n    'params' : {}\n  };\n<\/script>\n<script src=\"https:\/\/www.highperformanceformat.com\/66e2e2111ca34da796271819fc334058\/invoke.js\"><\/script>\n<\/div>\n\n<p>A mulher de <strong>Rafael De Andrade Siqueira<\/strong> contou aos policiais militares que atenderam \u00e0 ocorr\u00eancia, que por volta das <strong>2h40 deste s\u00e1bado<\/strong>, o <strong>suspeito<\/strong> bateu na porta do apartamento e, ao abrir, <strong>Rafael foi atingido por um tiro na cabe\u00e7a<\/strong>.<\/p>\n<p>Consta, ainda, na ocorr\u00eancia, que o <strong>suspeito<\/strong> chegou <strong>atirar<\/strong> em <strong>dire\u00e7\u00e3o da esposa da v\u00edtima<\/strong>, por\u00e9m, ela <strong>n\u00e3o foi atingida<\/strong>.<\/p>\n<p>O <strong>Samu <\/strong>foi at\u00e9 o local, mas Rafael j\u00e1 estava morto.<\/p>\n<h4 class=\"wp-block-heading\"><strong>C\u00e2meras de seguran\u00e7a<\/strong><\/h4>\n<p>A<strong> s\u00edndica do condom\u00ednio<\/strong> foi quem chamou os policiais militares e contou que <strong>ouviu o barulho<\/strong> e <strong>v\u00e1rias pessoas gritando<\/strong>, que em seguida, foi ver as imagens das <strong>c\u00e2meras de seguran\u00e7a<\/strong> e constatou o tumulto e a gritaria, quando acionou a PM.<\/p>\n<p>Os <strong>aparelhos de DVR do condom\u00ednio<\/strong>, que cont\u00e9m as imagens do local, foram apreendidos.<\/p>\n<p>A per\u00edcia esteve no local e a <strong>pol\u00edcia investiga o caso<\/strong> registrado como homic\u00eddio.<\/p>\n<p>SAIBA MAIS<\/p>\n<p>Grupo de \u2018racha\u2019 em Ribeir\u00e3o vai prestar servi\u00e7os \u00e0 comunidade ap\u00f3s acordo com Minist\u00e9rio P\u00fablico<\/p>\n<h4 class=\"wp-block-heading\"><strong>FIQUE ON<\/strong><\/h4>\n<p>Fique ligado em tudo que acontece em Ribeir\u00e3o Preto e regi\u00e3o. Siga os perfis do\u00a0<strong>acidade on<\/strong>\u00a0no\u00a0<a href=\"https:\/\/www.instagram.com\/acidadeonribeirao\" target=\"_blank\" rel=\"noreferrer noopener\">Instagram<\/a>\u00a0e no<a href=\"https:\/\/www.facebook.com\/acidadeonribeirao\" target=\"_blank\" rel=\"noreferrer noopener\">\u00a0Facebook<\/a>.<\/p>\n<p>Receba not\u00edcias do\u00a0<strong>acidade on<\/strong>\u00a0no WhatsApp.<a href=\"https:\/\/chat.whatsapp.com\/Bnv2w66ZT4VDyZW3oiZ69n\" target=\"_blank\" rel=\"noreferrer noopener\">\u00a0Para entrar no grupo, basta clicar aqui.<\/a><\/p>\n<p>Fa\u00e7a uma den\u00fancia ou sugira uma reportagem sobre Ribeir\u00e3o Preto e regi\u00e3o pelo WhatsApp: 16 99117 7802.<\/p>\n<p>VEJA TAMB\u00c9M<\/p>\n<p>Quem j\u00e1 desistiu de \u201cA Grande Conquista 2\u201d?<\/p>\n<p><!-- AI CONTENT END 1 -->\n<\/div>\n<p><script async src=\"\/\/www.instagram.com\/embed.js\"><\/script><br \/>\n<br \/><br \/>\n<br \/><a href=\"https:\/\/www.acidadeon.com\/ribeiraopreto\/cotidiano\/homem-e-morto-dentro-de-apartamento-em-condominio-na-regiao-de-ribeirao-preto\/\">Source link <\/a><\/p>\n<div class='code-block code-block-4' style='margin: 8px auto 8px 0; text-align: left; display: block; clear: both;'>\n\ud83d\udce2 Aviso Legal\n\nO site ismaelcolosi.com.br atua apenas como um canal de divulga\u00e7\u00e3o de oportunidades de emprego e n\u00e3o se responsabiliza pelo processo seletivo, contrata\u00e7\u00e3o ou qualquer outra etapa relacionada \u00e0s vagas publicadas. Todas as informa\u00e7\u00f5es s\u00e3o de responsabilidade dos anunciantes.\n\n\u26a0\ufe0f Aten\u00e7\u00e3o! Nunca pague por promessas de emprego nem compre cursos que garantam contrata\u00e7\u00e3o. Desconfie de qualquer cobran\u00e7a para participar de sele\u00e7\u00f5es.\n\n\n\n<\/div>\n<!-- CONTENT END 1 -->\n","protected":false},"excerpt":{"rendered":"<p>Um homem de 32 anos foi morto com um tiro na cabe\u00e7a na madrugada deste s\u00e1bado (27), em um conjunto habitacional de Jaboticabal, cidade a&#8230;<\/p>\n","protected":false},"author":1,"featured_media":47689,"comment_status":"open","ping_status":"open","sticky":false,"template":"","format":"standard","meta":{"_uag_custom_page_level_css":"","advanced_seo_description":"","jetpack_seo_html_title":"","jetpack_seo_noindex":false,"jetpack_post_was_ever_published":false,"_jetpack_newsletter_access":"","_jetpack_dont_email_post_to_subs":false,"_jetpack_newsletter_tier_id":0,"_jetpack_memberships_contains_paywalled_content":false,"_jetpack_memberships_contains_paid_content":false,"footnotes":"","jetpack_publicize_message":"","jetpack_publicize_feature_enabled":true,"jetpack_social_post_already_shared":true,"jetpack_social_options":{"image_generator_settings":{"template":"highway","default_image_id":0,"font":"","enabled":false},"version":2}},"categories":[11],"tags":[],"class_list":["post-47688","post","type-post","status-publish","format-standard","has-post-thumbnail","hentry","category-noticias-de-ribeirao-preto-sp-e-regiao-ismael-colosi"],"jetpack_publicize_connections":[],"jetpack_featured_media_url":"https:\/\/i0.wp.com\/ismaelcolosi.com.br\/wp-content\/uploads\/2024\/04\/Capturar-11.jpg?fit=730%2C480&ssl=1","uagb_featured_image_src":{"full":["https:\/\/i0.wp.com\/ismaelcolosi.com.br\/wp-content\/uploads\/2024\/04\/Capturar-11.jpg?fit=730%2C480&ssl=1",730,480,false],"thumbnail":["https:\/\/i0.wp.com\/ismaelcolosi.com.br\/wp-content\/uploads\/2024\/04\/Capturar-11.jpg?resize=150%2C150&ssl=1",150,150,true],"medium":["https:\/\/i0.wp.com\/ismaelcolosi.com.br\/wp-content\/uploads\/2024\/04\/Capturar-11.jpg?fit=300%2C197&ssl=1",300,197,true],"medium_large":["https:\/\/i0.wp.com\/ismaelcolosi.com.br\/wp-content\/uploads\/2024\/04\/Capturar-11.jpg?fit=730%2C480&ssl=1",730,480,true],"large":["https:\/\/i0.wp.com\/ismaelcolosi.com.br\/wp-content\/uploads\/2024\/04\/Capturar-11.jpg?fit=730%2C480&ssl=1",730,480,true],"1536x1536":["https:\/\/i0.wp.com\/ismaelcolosi.com.br\/wp-content\/uploads\/2024\/04\/Capturar-11.jpg?fit=730%2C480&ssl=1",730,480,true],"2048x2048":["https:\/\/i0.wp.com\/ismaelcolosi.com.br\/wp-content\/uploads\/2024\/04\/Capturar-11.jpg?fit=730%2C480&ssl=1",730,480,true],"really-simple-thumb":["https:\/\/i0.wp.com\/ismaelcolosi.com.br\/wp-content\/uploads\/2024\/04\/Capturar-11.jpg?resize=370%2C247&ssl=1",370,247,true]},"uagb_author_info":{"display_name":"ismaelcolosi.com.br","author_link":"https:\/\/ismaelcolosi.com.br\/index.php\/author\/vidareal-online\/"},"uagb_comment_info":0,"uagb_excerpt":"Um homem de 32 anos foi morto com um tiro na cabe\u00e7a na madrugada deste s\u00e1bado (27), em um conjunto habitacional de Jaboticabal, cidade a...","jetpack-related-posts":[{"id":55102,"url":"https:\/\/ismaelcolosi.com.br\/index.php\/2024\/06\/30\/homem-e-morto-apos-ser-esfaqueado-na-frente-do-filho-em-ribeirao-preto\/","url_meta":{"origin":47688,"position":0},"title":"Homem \u00e9 morto ap\u00f3s ser esfaqueado na frente do filho em Ribeir\u00e3o Preto","author":"ismaelcolosi.com.br","date":"30 de June de 2024","format":false,"excerpt":"Um homem de 47 anos foi morto na noite deste s\u00e1bado (29), ap\u00f3s ser esfaqueado no Jardim Jandaia, zona Norte de Ribeir\u00e3o Preto. Segundo o boletim de ocorr\u00eancia (BO), a v\u00edtima, identificada como David Paulo Gon\u00e7alves, foi atingida por dois golpes de faca na regi\u00e3o frontal do corpo, enquanto chegava\u2026","rel":"","context":"In &quot;Not\u00edcias de Ribeir\u00e3o Preto-SP e Regi\u00e3o&quot;","block_context":{"text":"Not\u00edcias de Ribeir\u00e3o Preto-SP e Regi\u00e3o","link":"https:\/\/ismaelcolosi.com.br\/index.php\/category\/noticias-de-ribeirao-preto-sp-e-regiao-ismael-colosi\/"},"img":{"alt_text":"","src":"https:\/\/i0.wp.com\/ismaelcolosi.com.br\/wp-content\/uploads\/2024\/06\/1719773067_policia_qru_1024x576_05012021161940.jpg?fit=1024%2C576&ssl=1&resize=350%2C200","width":350,"height":200,"srcset":"https:\/\/i0.wp.com\/ismaelcolosi.com.br\/wp-content\/uploads\/2024\/06\/1719773067_policia_qru_1024x576_05012021161940.jpg?fit=1024%2C576&ssl=1&resize=350%2C200 1x, https:\/\/i0.wp.com\/ismaelcolosi.com.br\/wp-content\/uploads\/2024\/06\/1719773067_policia_qru_1024x576_05012021161940.jpg?fit=1024%2C576&ssl=1&resize=525%2C300 1.5x, https:\/\/i0.wp.com\/ismaelcolosi.com.br\/wp-content\/uploads\/2024\/06\/1719773067_policia_qru_1024x576_05012021161940.jpg?fit=1024%2C576&ssl=1&resize=700%2C400 2x"},"classes":[]},{"id":56775,"url":"https:\/\/ismaelcolosi.com.br\/index.php\/2024\/07\/15\/briga-de-vizinhos-termina-com-esfaqueado-na-cabeca-em-ribeirao-preto\/","url_meta":{"origin":47688,"position":1},"title":"Briga de vizinhos termina com esfaqueado na cabe\u00e7a em Ribeir\u00e3o Preto","author":"ismaelcolosi.com.br","date":"15 de July de 2024","format":false,"excerpt":"Um homem de 39 anos foi esfaqueado durante uma briga entre vizinhos na noite do \u00faltimo s\u00e1bado (13), no bairro Recanto Cruzeiro do Sul, zona Leste de Ribeir\u00e3o Preto. Segundo a GCM (Guarda Civil Metropolitana) informou no boletim de ocorr\u00eancia (BO), o motivo da confus\u00e3o seria a fuma\u00e7a causada depois\u2026","rel":"","context":"In &quot;Not\u00edcias de Ribeir\u00e3o Preto-SP e Regi\u00e3o&quot;","block_context":{"text":"Not\u00edcias de Ribeir\u00e3o Preto-SP e Regi\u00e3o","link":"https:\/\/ismaelcolosi.com.br\/index.php\/category\/noticias-de-ribeirao-preto-sp-e-regiao-ismael-colosi\/"},"img":{"alt_text":"","src":"https:\/\/i0.wp.com\/ismaelcolosi.com.br\/wp-content\/uploads\/2024\/07\/policia__1024x576_14102020122543.jpg?fit=1024%2C576&ssl=1&resize=350%2C200","width":350,"height":200,"srcset":"https:\/\/i0.wp.com\/ismaelcolosi.com.br\/wp-content\/uploads\/2024\/07\/policia__1024x576_14102020122543.jpg?fit=1024%2C576&ssl=1&resize=350%2C200 1x, https:\/\/i0.wp.com\/ismaelcolosi.com.br\/wp-content\/uploads\/2024\/07\/policia__1024x576_14102020122543.jpg?fit=1024%2C576&ssl=1&resize=525%2C300 1.5x, https:\/\/i0.wp.com\/ismaelcolosi.com.br\/wp-content\/uploads\/2024\/07\/policia__1024x576_14102020122543.jpg?fit=1024%2C576&ssl=1&resize=700%2C400 2x"},"classes":[]},{"id":48746,"url":"https:\/\/ismaelcolosi.com.br\/index.php\/2024\/05\/06\/promotor-de-justica-de-ribeirao-preto-e-suspeito-de-agredir-esposa-gravida\/","url_meta":{"origin":47688,"position":2},"title":"Promotor de Justi\u00e7a de Ribeir\u00e3o Preto \u00e9 suspeito de agredir esposa gr\u00e1vida","author":"ismaelcolosi.com.br","date":"6 de May de 2024","format":false,"excerpt":"O promotor de Justi\u00e7a de Ribeir\u00e3o Preto Wanderley Trindade Junior \u00e9 suspeito de agredir com socos e chutes a mulher com quem vive em uni\u00e3o est\u00e1vel h\u00e1 quatro anos e est\u00e1 gr\u00e1vida de seis meses. O caso ocorreu no s\u00e1bado (4) em um s\u00edtio que fica em Cravinhos, na regi\u00e3o\u2026","rel":"","context":"In &quot;Not\u00edcias de Ribeir\u00e3o Preto-SP e Regi\u00e3o&quot;","block_context":{"text":"Not\u00edcias de Ribeir\u00e3o Preto-SP e Regi\u00e3o","link":"https:\/\/ismaelcolosi.com.br\/index.php\/category\/noticias-de-ribeirao-preto-sp-e-regiao-ismael-colosi\/"},"img":{"alt_text":"","src":"https:\/\/i0.wp.com\/ismaelcolosi.com.br\/wp-content\/uploads\/2024\/05\/Copia-de-Copia-de-TAMANHO-EXATO-PARA-FOTOS-NO-SISTEMA-NOVO-38_2024-05-06_14-50-35_jpg_2024-05-06_14-50-35.webp.webp?fit=1200%2C675&ssl=1&resize=350%2C200","width":350,"height":200,"srcset":"https:\/\/i0.wp.com\/ismaelcolosi.com.br\/wp-content\/uploads\/2024\/05\/Copia-de-Copia-de-TAMANHO-EXATO-PARA-FOTOS-NO-SISTEMA-NOVO-38_2024-05-06_14-50-35_jpg_2024-05-06_14-50-35.webp.webp?fit=1200%2C675&ssl=1&resize=350%2C200 1x, https:\/\/i0.wp.com\/ismaelcolosi.com.br\/wp-content\/uploads\/2024\/05\/Copia-de-Copia-de-TAMANHO-EXATO-PARA-FOTOS-NO-SISTEMA-NOVO-38_2024-05-06_14-50-35_jpg_2024-05-06_14-50-35.webp.webp?fit=1200%2C675&ssl=1&resize=525%2C300 1.5x, https:\/\/i0.wp.com\/ismaelcolosi.com.br\/wp-content\/uploads\/2024\/05\/Copia-de-Copia-de-TAMANHO-EXATO-PARA-FOTOS-NO-SISTEMA-NOVO-38_2024-05-06_14-50-35_jpg_2024-05-06_14-50-35.webp.webp?fit=1200%2C675&ssl=1&resize=700%2C400 2x, https:\/\/i0.wp.com\/ismaelcolosi.com.br\/wp-content\/uploads\/2024\/05\/Copia-de-Copia-de-TAMANHO-EXATO-PARA-FOTOS-NO-SISTEMA-NOVO-38_2024-05-06_14-50-35_jpg_2024-05-06_14-50-35.webp.webp?fit=1200%2C675&ssl=1&resize=1050%2C600 3x"},"classes":[]},{"id":49040,"url":"https:\/\/ismaelcolosi.com.br\/index.php\/2024\/05\/08\/homem-de-30-anos-e-morto-a-tiros-em-calcada-na-regiao-de-ribeirao\/","url_meta":{"origin":47688,"position":3},"title":"Homem de 30 anos \u00e9 morto a tiros em cal\u00e7ada na regi\u00e3o de Ribeir\u00e3o","author":"ismaelcolosi.com.br","date":"8 de May de 2024","format":false,"excerpt":"Um homem de 30 anos foi morto a tiros na manh\u00e3 desta quarta-feira (7), enquanto entrava em sua casa na companhia da esposa, em Cruz das Posses, distrito de Sert\u00e3ozinho, na regi\u00e3o de Ribeir\u00e3o Preto. Segundo o boletim de ocorr\u00eancia (BO), a v\u00edtima, identificada como Antonio Pereira da Silva, morreu\u2026","rel":"","context":"In &quot;Not\u00edcias de Ribeir\u00e3o Preto-SP e Regi\u00e3o&quot;","block_context":{"text":"Not\u00edcias de Ribeir\u00e3o Preto-SP e Regi\u00e3o","link":"https:\/\/ismaelcolosi.com.br\/index.php\/category\/noticias-de-ribeirao-preto-sp-e-regiao-ismael-colosi\/"},"img":{"alt_text":"","src":"https:\/\/i0.wp.com\/ismaelcolosi.com.br\/wp-content\/uploads\/2024\/05\/HOMICIDIO_2024-05-08_12-23-39_jpg_2024-05-08_12-23-40.webp.webp?fit=1200%2C850&ssl=1&resize=350%2C200","width":350,"height":200,"srcset":"https:\/\/i0.wp.com\/ismaelcolosi.com.br\/wp-content\/uploads\/2024\/05\/HOMICIDIO_2024-05-08_12-23-39_jpg_2024-05-08_12-23-40.webp.webp?fit=1200%2C850&ssl=1&resize=350%2C200 1x, https:\/\/i0.wp.com\/ismaelcolosi.com.br\/wp-content\/uploads\/2024\/05\/HOMICIDIO_2024-05-08_12-23-39_jpg_2024-05-08_12-23-40.webp.webp?fit=1200%2C850&ssl=1&resize=525%2C300 1.5x, https:\/\/i0.wp.com\/ismaelcolosi.com.br\/wp-content\/uploads\/2024\/05\/HOMICIDIO_2024-05-08_12-23-39_jpg_2024-05-08_12-23-40.webp.webp?fit=1200%2C850&ssl=1&resize=700%2C400 2x, https:\/\/i0.wp.com\/ismaelcolosi.com.br\/wp-content\/uploads\/2024\/05\/HOMICIDIO_2024-05-08_12-23-39_jpg_2024-05-08_12-23-40.webp.webp?fit=1200%2C850&ssl=1&resize=1050%2C600 3x"},"classes":[]},{"id":57777,"url":"https:\/\/ismaelcolosi.com.br\/index.php\/2024\/07\/24\/homem-e-suspeito-de-furtar-mais-um-apartamento-em-ribeirao-preto-alugado-em-site\/","url_meta":{"origin":47688,"position":4},"title":"Homem \u00e9 suspeito de furtar mais um apartamento em Ribeir\u00e3o Preto alugado em site","author":"ismaelcolosi.com.br","date":"24 de July de 2024","format":false,"excerpt":"O homem que furtou um apartamento alugado por site na Vila Seixas, em Ribeir\u00e3o Preto, teria feito, pelo menos, mais uma v\u00edtima no bairro. O caso aconteceu entre os dias 8 e 15 de julho, de acordo com o BO (boletim de ocorr\u00eancia). A v\u00edtima, que administra um im\u00f3vel na\u2026","rel":"","context":"In &quot;Not\u00edcias de Ribeir\u00e3o Preto-SP e Regi\u00e3o&quot;","block_context":{"text":"Not\u00edcias de Ribeir\u00e3o Preto-SP e Regi\u00e3o","link":"https:\/\/ismaelcolosi.com.br\/index.php\/category\/noticias-de-ribeirao-preto-sp-e-regiao-ismael-colosi\/"},"img":{"alt_text":"","src":"https:\/\/i0.wp.com\/ismaelcolosi.com.br\/wp-content\/uploads\/2024\/07\/furto-vila-seixas_2024-07-24_15-58-40_jpeg_2024-07-24_15-58-40.webp.webp?fit=1200%2C674&ssl=1&resize=350%2C200","width":350,"height":200,"srcset":"https:\/\/i0.wp.com\/ismaelcolosi.com.br\/wp-content\/uploads\/2024\/07\/furto-vila-seixas_2024-07-24_15-58-40_jpeg_2024-07-24_15-58-40.webp.webp?fit=1200%2C674&ssl=1&resize=350%2C200 1x, https:\/\/i0.wp.com\/ismaelcolosi.com.br\/wp-content\/uploads\/2024\/07\/furto-vila-seixas_2024-07-24_15-58-40_jpeg_2024-07-24_15-58-40.webp.webp?fit=1200%2C674&ssl=1&resize=525%2C300 1.5x, https:\/\/i0.wp.com\/ismaelcolosi.com.br\/wp-content\/uploads\/2024\/07\/furto-vila-seixas_2024-07-24_15-58-40_jpeg_2024-07-24_15-58-40.webp.webp?fit=1200%2C674&ssl=1&resize=700%2C400 2x, https:\/\/i0.wp.com\/ismaelcolosi.com.br\/wp-content\/uploads\/2024\/07\/furto-vila-seixas_2024-07-24_15-58-40_jpeg_2024-07-24_15-58-40.webp.webp?fit=1200%2C674&ssl=1&resize=1050%2C600 3x"},"classes":[]},{"id":65901,"url":"https:\/\/ismaelcolosi.com.br\/index.php\/2024\/09\/14\/homem-e-morto-a-facadas-em-praca-de-ribeirao-preto\/","url_meta":{"origin":47688,"position":5},"title":"Homem \u00e9 morto a facadas em pra\u00e7a de Ribeir\u00e3o Preto","author":"ismaelcolosi.com.br","date":"14 de September de 2024","format":false,"excerpt":"Um homem foi morto a facadas na tarde deste s\u00e1bado (14), na pra\u00e7a Francisco Schmidt, na Vila Tib\u00e9rio, zona Oeste de Ribeir\u00e3o\u00a0Preto. Segundo informa\u00e7\u00f5es, um suspeito do crime foi detido no local, ao lado da antiga UBDS (Unidade B\u00e1sica Distrital de Sa\u00fade) Central. Ele, por\u00e9m, precisou ser socorrido, ap\u00f3s ser\u2026","rel":"","context":"In &quot;Not\u00edcias de Ribeir\u00e3o Preto-SP e Regi\u00e3o&quot;","block_context":{"text":"Not\u00edcias de Ribeir\u00e3o Preto-SP e Regi\u00e3o","link":"https:\/\/ismaelcolosi.com.br\/index.php\/category\/noticias-de-ribeirao-preto-sp-e-regiao-ismael-colosi\/"},"img":{"alt_text":"","src":"https:\/\/i0.wp.com\/ismaelcolosi.com.br\/wp-content\/uploads\/2024\/09\/WhatsApp-Image-2024-09-14-at-15.31.54_2024-09-14_18-32-21_jpeg_2024-09-14_18-32-21.webp.webp?fit=1200%2C1067&ssl=1&resize=350%2C200","width":350,"height":200,"srcset":"https:\/\/i0.wp.com\/ismaelcolosi.com.br\/wp-content\/uploads\/2024\/09\/WhatsApp-Image-2024-09-14-at-15.31.54_2024-09-14_18-32-21_jpeg_2024-09-14_18-32-21.webp.webp?fit=1200%2C1067&ssl=1&resize=350%2C200 1x, https:\/\/i0.wp.com\/ismaelcolosi.com.br\/wp-content\/uploads\/2024\/09\/WhatsApp-Image-2024-09-14-at-15.31.54_2024-09-14_18-32-21_jpeg_2024-09-14_18-32-21.webp.webp?fit=1200%2C1067&ssl=1&resize=525%2C300 1.5x, https:\/\/i0.wp.com\/ismaelcolosi.com.br\/wp-content\/uploads\/2024\/09\/WhatsApp-Image-2024-09-14-at-15.31.54_2024-09-14_18-32-21_jpeg_2024-09-14_18-32-21.webp.webp?fit=1200%2C1067&ssl=1&resize=700%2C400 2x, https:\/\/i0.wp.com\/ismaelcolosi.com.br\/wp-content\/uploads\/2024\/09\/WhatsApp-Image-2024-09-14-at-15.31.54_2024-09-14_18-32-21_jpeg_2024-09-14_18-32-21.webp.webp?fit=1200%2C1067&ssl=1&resize=1050%2C600 3x"},"classes":[]}],"jetpack_sharing_enabled":true,"jetpack_shortlink":"https:\/\/wp.me\/pfMlyK-cpa","_links":{"self":[{"href":"https:\/\/ismaelcolosi.com.br\/index.php\/wp-json\/wp\/v2\/posts\/47688","targetHints":{"allow":["GET"]}}],"collection":[{"href":"https:\/\/ismaelcolosi.com.br\/index.php\/wp-json\/wp\/v2\/posts"}],"about":[{"href":"https:\/\/ismaelcolosi.com.br\/index.php\/wp-json\/wp\/v2\/types\/post"}],"author":[{"embeddable":true,"href":"https:\/\/ismaelcolosi.com.br\/index.php\/wp-json\/wp\/v2\/users\/1"}],"replies":[{"embeddable":true,"href":"https:\/\/ismaelcolosi.com.br\/index.php\/wp-json\/wp\/v2\/comments?post=47688"}],"version-history":[{"count":0,"href":"https:\/\/ismaelcolosi.com.br\/index.php\/wp-json\/wp\/v2\/posts\/47688\/revisions"}],"wp:featuredmedia":[{"embeddable":true,"href":"https:\/\/ismaelcolosi.com.br\/index.php\/wp-json\/wp\/v2\/media\/47689"}],"wp:attachment":[{"href":"https:\/\/ismaelcolosi.com.br\/index.php\/wp-json\/wp\/v2\/media?parent=47688"}],"wp:term":[{"taxonomy":"category","embeddable":true,"href":"https:\/\/ismaelcolosi.com.br\/index.php\/wp-json\/wp\/v2\/categories?post=47688"},{"taxonomy":"post_tag","embeddable":true,"href":"https:\/\/ismaelcolosi.com.br\/index.php\/wp-json\/wp\/v2\/tags?post=47688"}],"curies":[{"name":"wp","href":"https:\/\/api.w.org\/{rel}","templated":true}]}}