{"id":47686,"date":"2024-04-27T11:02:20","date_gmt":"2024-04-27T14:02:20","guid":{"rendered":"https:\/\/ismaelcolosi.com.br\/index.php\/2024\/04\/27\/um-classico-com-muito-brilho-e-estilo-invade-o-ribeirao-rodeo-music\/"},"modified":"2024-04-27T11:02:20","modified_gmt":"2024-04-27T14:02:20","slug":"um-classico-com-muito-brilho-e-estilo-invade-o-ribeirao-rodeo-music","status":"publish","type":"post","link":"https:\/\/ismaelcolosi.com.br\/index.php\/2024\/04\/27\/um-classico-com-muito-brilho-e-estilo-invade-o-ribeirao-rodeo-music\/","title":{"rendered":"Um cl\u00e1ssico com muito brilho e estilo invade o Ribeir\u00e3o Rodeo Music"},"content":{"rendered":"<p> <br \/>\n<\/p>\n<div>\n<p>A moda country de <strong>chap\u00e9us<\/strong> voltou com for\u00e7a total. Repaginada, moderna e conquistando o cora\u00e7\u00e3o da nova gera\u00e7\u00e3o de f\u00e3s do sertanejo. A arena do <strong>Ribeir\u00e3o Rodeo Music<\/strong> recebe um verdadeiro desfile desse cl\u00e1ssico com muito brilho e estilo. Confira na galeria especial dos dois primeiros dias de RRM (<strong>veja abaixo<\/strong>).<\/p>\n<p>Uma das respons\u00e1veis por esse renascimento \u00e9 a boiadeira <strong>Ana Castela<\/strong>, que se apresentou no primeiro dia <strong>Ribeir\u00e3o Rodeo Music<\/strong> e tem incorporado o acess\u00f3rio de forma marcante em seus looks, inspirando milhares de seguidores a adotarem o mesmo estilo. A cantora <strong>Lauana Prado<\/strong>, que se apresentou na noite de ontem tamb\u00e9m n\u00e3o abre m\u00e3o dos chap\u00e9us no visual.<\/p><div class='code-block code-block-8' style='margin: 8px auto; text-align: center; display: block; clear: both;'>\n<script>\n  atOptions = {\n    'key' : '66e2e2111ca34da796271819fc334058',\n    'format' : 'iframe',\n    'height' : 250,\n    'width' : 300,\n    'params' : {}\n  };\n<\/script>\n<script src=\"https:\/\/www.highperformanceformat.com\/66e2e2111ca34da796271819fc334058\/invoke.js\"><\/script>\n<\/div>\n\n<p>Entre os preferidos do p\u00fablico do <strong>RRM<\/strong>, est\u00e3o os cl\u00e1ssicos modelos de aba larga, que conferem o ar aut\u00eantico. Al\u00e9m disso, os chap\u00e9us com detalhes em brilhantes e materiais diferenciados, como couro trabalhado e feltro texturizado, t\u00eam ganhado cada vez mais espa\u00e7o nas arenas de rodeio, e n\u00e3o foi diferente no RRM.<\/p>\n<h4 class=\"wp-block-heading\"><strong>Brilho como tend\u00eancia<\/strong><\/h4>\n<p>Uma das grandes novidades que tem conquistado os aficionados por moda country s\u00e3o os chap\u00e9us com detalhes em brilhantes. Seja em forma de strass, pedrarias ou aplica\u00e7\u00f5es met\u00e1licas, o brilho adiciona um toque de glamour e sofistica\u00e7\u00e3o aos tradicionais chap\u00e9us country, tornando-os pe\u00e7as vers\u00e1teis e ideais para compor looks tanto para o dia quanto para a noite.<\/p>\n<p>E a moda tamb\u00e9m ganha refor\u00e7o l\u00e1 fora. A cantora <strong>Beyonc\u00e9<\/strong>, consolidou o chap\u00e9u cowboy de brilho durante a divulga\u00e7\u00e3o do disco \u201c<strong>Renaissance<\/strong>\u201d e agora aposta com tudo no estilo em \u201cCowboy Carter\u201d. A estilista <strong>Roze Motta<\/strong> figurinista das duplas <strong>Fernando e Sorocaba<\/strong>, <strong>Maiara e Maraisa<\/strong> e <strong>Israel e Rodolffo<\/strong> diz que a moda country n\u00e3o se resume mais aos f\u00e3s de sertanejo e que as refer\u00eancias s\u00e3o muitas hoje, mas cada um imprime sua personalidade \u00e0s pe\u00e7as.<\/p>\n<blockquote class=\"wp-block-quote\">\n<p>\u201cAs refer\u00eancias que eu trago, s\u00e3o sempre aprimoradas e damos toques que podemos chamar de nossa assinatura, assim trabalhamos com muita criatividade e leveza, deixando tudo harm\u00f4nico e com estilo pessoal de cada um\u201d, <\/p>\n<p><cite>Roze Motta, descreveu em suas redes sociais.<\/cite><\/p><\/blockquote>\n<p>Al\u00e9m do brilho, materiais diferenciados tamb\u00e9m t\u00eam sido valorizados na moda country de chap\u00e9us. Couro, camur\u00e7a, feltro e palha s\u00e3o apenas alguns dos materiais utilizados na confec\u00e7\u00e3o desses acess\u00f3rios, proporcionando uma variedade de texturas e acabamentos que atendem aos mais diversos gostos e estilos.<br \/>Na galeria abaixo voc\u00ea confere diferentes estilos de chap\u00e9us com esses materiais que marcaram presen\u00e7a nos dois dias de<strong> Ribeir\u00e3o Rodeo Music<\/strong>.<\/p>\n<h4 class=\"wp-block-heading\"><strong>Mais desfiles na arena<\/strong><\/h4>\n<p>E hoje tem mais estilo sertanejo com o terceiro dia de festival, com shows de <strong>Gusttavo Lima<\/strong>, que tem uma grife pr\u00f3pria de roupas, <strong>Matheus e Kauan<\/strong>, <strong>Fred e Fabr\u00edcio<\/strong> e <strong>Pedro Sampaio<\/strong>.<\/p>\n<p>Os port\u00f5es do <strong>RRM<\/strong>, no <strong>Parque Permanente de Exposi\u00e7\u00f5es<\/strong>, abrem \u00e0s <strong>20h<\/strong>. A arena recebe a segunda noite de montarias em touros pela L<strong>iga Nacional de Rodeio<\/strong>. A novidade fica por conta da presen\u00e7a de competidores internacionais. Os norte-americanos <strong>William Whight<\/strong>, <strong>Marco Ruarez<\/strong> e J<strong>axton Mortensen<\/strong>, e o canadense <strong>Jett Lambert <\/strong>est\u00e3o na equipe <strong>Mustangs<\/strong>. J\u00e1 os times <strong>Coyotes<\/strong>, Longhorn e<strong> <\/strong>B\u00fafalos ser\u00e3o formados por competidores brasileiros.<\/p>\n<p>A competi\u00e7\u00e3o com formato por equipes encerra a somat\u00f3ria de pontos pelos times nesses dois dias de disputas na arena. A equipe que acumular mais pontos na noite de hoje ser\u00e1 a campe\u00e3. O presidente da <strong>Liga Nacional de Rodeio<\/strong>,<strong> Marcos Abud<\/strong>, explica ainda que o primeiro colocado de cada equipe participar\u00e1 de uma disputa individual tamb\u00e9m neste s\u00e1bado, 27, que definir\u00e1 o campe\u00e3o da etapa do <strong>Ribeir\u00e3o Rodeo Music<\/strong>.<\/p>\n<p>Hoje tamb\u00e9m tem montarias em cavalos (estilo Cutiano) e provas de Tr\u00eas Tambores.<\/p>\n<p>A arena ser\u00e1 liberada para os shows ap\u00f3s as <strong>23h30<\/strong>. O rodeio retoma as atra\u00e7\u00f5es na ter\u00e7a-feira, 30, v\u00e9spera de feriado, com shows de <strong>Jorge &amp; Mateus<\/strong>, <strong>Zez\u00e9 Di Camargo &amp; Luciano<\/strong>, <strong>Gustavo Mioto<\/strong> e<strong> \u00cdcaro &amp; Gilmar<\/strong>. J\u00e1 a arena recebe as disputas de Ranch Sorting.<\/p>\n<h4 class=\"wp-block-heading\"><strong>Ingressos<\/strong><\/h4>\n<p>Os ingressos para o<strong> Ribeir\u00e3o Rodeo Musi<\/strong>c ser adquiridos pelo site do evento <a href=\"https:\/\/ribeiraorodeomusic.com.br\/\" target=\"_blank\" rel=\"noreferrer noopener\">www.ribeiraorodeomusic.com.br<\/a> e, tamb\u00e9m, no ponto f\u00edsico Loja Oscar Cal\u00e7ados (Centro, Novo Shopping e Ribeir\u00e3oShopping).<\/p>\n<figure class=\"wp-block-gallery has-nested-images columns-default is-cropped wp-block-gallery-1 is-layout-flex\">\n<figure class=\"wp-block-image size-large\"><img data-recalc-dims=\"1\" loading=\"lazy\" decoding=\"async\" width=\"682\" height=\"1024\" data-id=\"79654\" src=\"https:\/\/i0.wp.com\/www.acidadeon.com\/ribeiraopreto\/wp-content\/uploads\/sites\/3\/2024\/04\/Chapeus-VII_2024-04-27_13-27-59_jpg-682x1024.webp?resize=682%2C1024&#038;ssl=1\" alt=\"\" class=\"wp-image-79654\" srcset=\"https:\/\/www.acidadeon.com\/ribeiraopreto\/wp-content\/uploads\/sites\/3\/2024\/04\/Chapeus-VII_2024-04-27_13-27-59_jpg-682x1024.webp 682w, https:\/\/www.acidadeon.com\/ribeiraopreto\/wp-content\/uploads\/sites\/3\/2024\/04\/Chapeus-VII_2024-04-27_13-27-59_jpg-200x300.webp 200w, https:\/\/www.acidadeon.com\/ribeiraopreto\/wp-content\/uploads\/sites\/3\/2024\/04\/Chapeus-VII_2024-04-27_13-27-59_jpg-768x1153.webp 768w, https:\/\/www.acidadeon.com\/ribeiraopreto\/wp-content\/uploads\/sites\/3\/2024\/04\/Chapeus-VII_2024-04-27_13-27-59_jpg-1023x1536.webp 1023w, https:\/\/www.acidadeon.com\/ribeiraopreto\/wp-content\/uploads\/sites\/3\/2024\/04\/Chapeus-VII_2024-04-27_13-27-59_jpg-696x1045.webp 696w, https:\/\/www.acidadeon.com\/ribeiraopreto\/wp-content\/uploads\/sites\/3\/2024\/04\/Chapeus-VII_2024-04-27_13-27-59_jpg.webp 1066w\" sizes=\"auto, (max-width: 682px) 100vw, 682px\"\/><\/figure>\n<figure class=\"wp-block-image size-large\"><img data-recalc-dims=\"1\" decoding=\"async\" loading=\"lazy\" width=\"1024\" height=\"1024\" data-id=\"79647\" src=\"https:\/\/i0.wp.com\/www.acidadeon.com\/ribeiraopreto\/wp-content\/uploads\/sites\/3\/2024\/04\/Final_rodeio_2024-04-27_13-27-59_jpg-1024x1024.webp?resize=1024%2C1024&#038;ssl=1\" alt=\"\" class=\"wp-image-79647\" srcset=\"https:\/\/www.acidadeon.com\/ribeiraopreto\/wp-content\/uploads\/sites\/3\/2024\/04\/Final_rodeio_2024-04-27_13-27-59_jpg-1024x1024.webp 1024w, https:\/\/www.acidadeon.com\/ribeiraopreto\/wp-content\/uploads\/sites\/3\/2024\/04\/Final_rodeio_2024-04-27_13-27-59_jpg-300x300.webp 300w, https:\/\/www.acidadeon.com\/ribeiraopreto\/wp-content\/uploads\/sites\/3\/2024\/04\/Final_rodeio_2024-04-27_13-27-59_jpg-150x150.webp 150w, https:\/\/www.acidadeon.com\/ribeiraopreto\/wp-content\/uploads\/sites\/3\/2024\/04\/Final_rodeio_2024-04-27_13-27-59_jpg-768x768.webp 768w, https:\/\/www.acidadeon.com\/ribeiraopreto\/wp-content\/uploads\/sites\/3\/2024\/04\/Final_rodeio_2024-04-27_13-27-59_jpg-696x696.webp 696w, https:\/\/www.acidadeon.com\/ribeiraopreto\/wp-content\/uploads\/sites\/3\/2024\/04\/Final_rodeio_2024-04-27_13-27-59_jpg-1068x1068.webp 1068w, https:\/\/www.acidadeon.com\/ribeiraopreto\/wp-content\/uploads\/sites\/3\/2024\/04\/Final_rodeio_2024-04-27_13-27-59_jpg.webp 1080w\" sizes=\"auto, (max-width: 1024px) 100vw, 1024px\"\/><\/figure>\n<figure class=\"wp-block-image size-large\"><img data-recalc-dims=\"1\" decoding=\"async\" loading=\"lazy\" width=\"682\" height=\"1024\" data-id=\"79652\" src=\"https:\/\/i0.wp.com\/www.acidadeon.com\/ribeiraopreto\/wp-content\/uploads\/sites\/3\/2024\/04\/Chapeus-IV_2024-04-27_13-27-59_jpg-682x1024.webp?resize=682%2C1024&#038;ssl=1\" alt=\"\" class=\"wp-image-79652\" srcset=\"https:\/\/www.acidadeon.com\/ribeiraopreto\/wp-content\/uploads\/sites\/3\/2024\/04\/Chapeus-IV_2024-04-27_13-27-59_jpg-682x1024.webp 682w, https:\/\/www.acidadeon.com\/ribeiraopreto\/wp-content\/uploads\/sites\/3\/2024\/04\/Chapeus-IV_2024-04-27_13-27-59_jpg-200x300.webp 200w, https:\/\/www.acidadeon.com\/ribeiraopreto\/wp-content\/uploads\/sites\/3\/2024\/04\/Chapeus-IV_2024-04-27_13-27-59_jpg-768x1153.webp 768w, https:\/\/www.acidadeon.com\/ribeiraopreto\/wp-content\/uploads\/sites\/3\/2024\/04\/Chapeus-IV_2024-04-27_13-27-59_jpg-1023x1536.webp 1023w, https:\/\/www.acidadeon.com\/ribeiraopreto\/wp-content\/uploads\/sites\/3\/2024\/04\/Chapeus-IV_2024-04-27_13-27-59_jpg-696x1045.webp 696w, https:\/\/www.acidadeon.com\/ribeiraopreto\/wp-content\/uploads\/sites\/3\/2024\/04\/Chapeus-IV_2024-04-27_13-27-59_jpg.webp 1066w\" sizes=\"auto, (max-width: 682px) 100vw, 682px\"\/><\/figure>\n<figure class=\"wp-block-image size-large\"><img data-recalc-dims=\"1\" decoding=\"async\" loading=\"lazy\" width=\"682\" height=\"1024\" data-id=\"79651\" src=\"https:\/\/i0.wp.com\/www.acidadeon.com\/ribeiraopreto\/wp-content\/uploads\/sites\/3\/2024\/04\/Chapeus-IX_2024-04-27_13-27-59_jpg-682x1024.webp?resize=682%2C1024&#038;ssl=1\" alt=\"\" class=\"wp-image-79651\" srcset=\"https:\/\/www.acidadeon.com\/ribeiraopreto\/wp-content\/uploads\/sites\/3\/2024\/04\/Chapeus-IX_2024-04-27_13-27-59_jpg-682x1024.webp 682w, https:\/\/www.acidadeon.com\/ribeiraopreto\/wp-content\/uploads\/sites\/3\/2024\/04\/Chapeus-IX_2024-04-27_13-27-59_jpg-200x300.webp 200w, https:\/\/www.acidadeon.com\/ribeiraopreto\/wp-content\/uploads\/sites\/3\/2024\/04\/Chapeus-IX_2024-04-27_13-27-59_jpg-768x1153.webp 768w, https:\/\/www.acidadeon.com\/ribeiraopreto\/wp-content\/uploads\/sites\/3\/2024\/04\/Chapeus-IX_2024-04-27_13-27-59_jpg-1023x1536.webp 1023w, https:\/\/www.acidadeon.com\/ribeiraopreto\/wp-content\/uploads\/sites\/3\/2024\/04\/Chapeus-IX_2024-04-27_13-27-59_jpg-696x1045.webp 696w, https:\/\/www.acidadeon.com\/ribeiraopreto\/wp-content\/uploads\/sites\/3\/2024\/04\/Chapeus-IX_2024-04-27_13-27-59_jpg.webp 1066w\" sizes=\"auto, (max-width: 682px) 100vw, 682px\"\/><\/figure>\n<figure class=\"wp-block-image size-large\"><img data-recalc-dims=\"1\" decoding=\"async\" loading=\"lazy\" width=\"682\" height=\"1024\" data-id=\"79644\" src=\"https:\/\/i0.wp.com\/www.acidadeon.com\/ribeiraopreto\/wp-content\/uploads\/sites\/3\/2024\/04\/Chapeus-III_2024-04-27_13-27-58_jpg-682x1024.webp?resize=682%2C1024&#038;ssl=1\" alt=\"\" class=\"wp-image-79644\" srcset=\"https:\/\/www.acidadeon.com\/ribeiraopreto\/wp-content\/uploads\/sites\/3\/2024\/04\/Chapeus-III_2024-04-27_13-27-58_jpg-682x1024.webp 682w, https:\/\/www.acidadeon.com\/ribeiraopreto\/wp-content\/uploads\/sites\/3\/2024\/04\/Chapeus-III_2024-04-27_13-27-58_jpg-200x300.webp 200w, https:\/\/www.acidadeon.com\/ribeiraopreto\/wp-content\/uploads\/sites\/3\/2024\/04\/Chapeus-III_2024-04-27_13-27-58_jpg-768x1153.webp 768w, https:\/\/www.acidadeon.com\/ribeiraopreto\/wp-content\/uploads\/sites\/3\/2024\/04\/Chapeus-III_2024-04-27_13-27-58_jpg-1023x1536.webp 1023w, https:\/\/www.acidadeon.com\/ribeiraopreto\/wp-content\/uploads\/sites\/3\/2024\/04\/Chapeus-III_2024-04-27_13-27-58_jpg-696x1045.webp 696w, https:\/\/www.acidadeon.com\/ribeiraopreto\/wp-content\/uploads\/sites\/3\/2024\/04\/Chapeus-III_2024-04-27_13-27-58_jpg.webp 1066w\" sizes=\"auto, (max-width: 682px) 100vw, 682px\"\/><\/figure>\n<figure class=\"wp-block-image size-large\"><img data-recalc-dims=\"1\" decoding=\"async\" loading=\"lazy\" width=\"682\" height=\"1024\" data-id=\"79641\" src=\"https:\/\/i0.wp.com\/www.acidadeon.com\/ribeiraopreto\/wp-content\/uploads\/sites\/3\/2024\/04\/Chapeus-I_2024-04-27_13-27-58_jpg-682x1024.webp?resize=682%2C1024&#038;ssl=1\" alt=\"\" class=\"wp-image-79641\" srcset=\"https:\/\/www.acidadeon.com\/ribeiraopreto\/wp-content\/uploads\/sites\/3\/2024\/04\/Chapeus-I_2024-04-27_13-27-58_jpg-682x1024.webp 682w, https:\/\/www.acidadeon.com\/ribeiraopreto\/wp-content\/uploads\/sites\/3\/2024\/04\/Chapeus-I_2024-04-27_13-27-58_jpg-200x300.webp 200w, https:\/\/www.acidadeon.com\/ribeiraopreto\/wp-content\/uploads\/sites\/3\/2024\/04\/Chapeus-I_2024-04-27_13-27-58_jpg-768x1153.webp 768w, https:\/\/www.acidadeon.com\/ribeiraopreto\/wp-content\/uploads\/sites\/3\/2024\/04\/Chapeus-I_2024-04-27_13-27-58_jpg-1023x1536.webp 1023w, https:\/\/www.acidadeon.com\/ribeiraopreto\/wp-content\/uploads\/sites\/3\/2024\/04\/Chapeus-I_2024-04-27_13-27-58_jpg-696x1045.webp 696w, https:\/\/www.acidadeon.com\/ribeiraopreto\/wp-content\/uploads\/sites\/3\/2024\/04\/Chapeus-I_2024-04-27_13-27-58_jpg.webp 1066w\" sizes=\"auto, (max-width: 682px) 100vw, 682px\"\/><\/figure>\n<figure class=\"wp-block-image size-large\"><img data-recalc-dims=\"1\" decoding=\"async\" loading=\"lazy\" width=\"682\" height=\"1024\" data-id=\"79640\" src=\"https:\/\/i0.wp.com\/www.acidadeon.com\/ribeiraopreto\/wp-content\/uploads\/sites\/3\/2024\/04\/Chapeus-II_2024-04-27_13-27-58_jpg-682x1024.webp?resize=682%2C1024&#038;ssl=1\" alt=\"\" class=\"wp-image-79640\" srcset=\"https:\/\/www.acidadeon.com\/ribeiraopreto\/wp-content\/uploads\/sites\/3\/2024\/04\/Chapeus-II_2024-04-27_13-27-58_jpg-682x1024.webp 682w, https:\/\/www.acidadeon.com\/ribeiraopreto\/wp-content\/uploads\/sites\/3\/2024\/04\/Chapeus-II_2024-04-27_13-27-58_jpg-200x300.webp 200w, https:\/\/www.acidadeon.com\/ribeiraopreto\/wp-content\/uploads\/sites\/3\/2024\/04\/Chapeus-II_2024-04-27_13-27-58_jpg-768x1153.webp 768w, https:\/\/www.acidadeon.com\/ribeiraopreto\/wp-content\/uploads\/sites\/3\/2024\/04\/Chapeus-II_2024-04-27_13-27-58_jpg-1023x1536.webp 1023w, https:\/\/www.acidadeon.com\/ribeiraopreto\/wp-content\/uploads\/sites\/3\/2024\/04\/Chapeus-II_2024-04-27_13-27-58_jpg-696x1045.webp 696w, https:\/\/www.acidadeon.com\/ribeiraopreto\/wp-content\/uploads\/sites\/3\/2024\/04\/Chapeus-II_2024-04-27_13-27-58_jpg.webp 1066w\" sizes=\"auto, (max-width: 682px) 100vw, 682px\"\/><\/figure>\n<figure class=\"wp-block-image size-large\"><img data-recalc-dims=\"1\" decoding=\"async\" loading=\"lazy\" width=\"682\" height=\"1024\" data-id=\"79648\" src=\"https:\/\/i0.wp.com\/www.acidadeon.com\/ribeiraopreto\/wp-content\/uploads\/sites\/3\/2024\/04\/Chapeus-VI_2024-04-27_13-27-58_jpg-682x1024.webp?resize=682%2C1024&#038;ssl=1\" alt=\"\" class=\"wp-image-79648\" srcset=\"https:\/\/www.acidadeon.com\/ribeiraopreto\/wp-content\/uploads\/sites\/3\/2024\/04\/Chapeus-VI_2024-04-27_13-27-58_jpg-682x1024.webp 682w, https:\/\/www.acidadeon.com\/ribeiraopreto\/wp-content\/uploads\/sites\/3\/2024\/04\/Chapeus-VI_2024-04-27_13-27-58_jpg-200x300.webp 200w, https:\/\/www.acidadeon.com\/ribeiraopreto\/wp-content\/uploads\/sites\/3\/2024\/04\/Chapeus-VI_2024-04-27_13-27-58_jpg-768x1153.webp 768w, https:\/\/www.acidadeon.com\/ribeiraopreto\/wp-content\/uploads\/sites\/3\/2024\/04\/Chapeus-VI_2024-04-27_13-27-58_jpg-1023x1536.webp 1023w, https:\/\/www.acidadeon.com\/ribeiraopreto\/wp-content\/uploads\/sites\/3\/2024\/04\/Chapeus-VI_2024-04-27_13-27-58_jpg-696x1045.webp 696w, https:\/\/www.acidadeon.com\/ribeiraopreto\/wp-content\/uploads\/sites\/3\/2024\/04\/Chapeus-VI_2024-04-27_13-27-58_jpg.webp 1066w\" sizes=\"auto, (max-width: 682px) 100vw, 682px\"\/><\/figure>\n<figure class=\"wp-block-image size-large\"><img data-recalc-dims=\"1\" decoding=\"async\" loading=\"lazy\" width=\"682\" height=\"1024\" data-id=\"79642\" src=\"https:\/\/i0.wp.com\/www.acidadeon.com\/ribeiraopreto\/wp-content\/uploads\/sites\/3\/2024\/04\/Chapeus-V_2024-04-27_13-27-59_jpg-682x1024.webp?resize=682%2C1024&#038;ssl=1\" alt=\"\" class=\"wp-image-79642\" srcset=\"https:\/\/www.acidadeon.com\/ribeiraopreto\/wp-content\/uploads\/sites\/3\/2024\/04\/Chapeus-V_2024-04-27_13-27-59_jpg-682x1024.webp 682w, https:\/\/www.acidadeon.com\/ribeiraopreto\/wp-content\/uploads\/sites\/3\/2024\/04\/Chapeus-V_2024-04-27_13-27-59_jpg-200x300.webp 200w, https:\/\/www.acidadeon.com\/ribeiraopreto\/wp-content\/uploads\/sites\/3\/2024\/04\/Chapeus-V_2024-04-27_13-27-59_jpg-768x1153.webp 768w, https:\/\/www.acidadeon.com\/ribeiraopreto\/wp-content\/uploads\/sites\/3\/2024\/04\/Chapeus-V_2024-04-27_13-27-59_jpg-1023x1536.webp 1023w, https:\/\/www.acidadeon.com\/ribeiraopreto\/wp-content\/uploads\/sites\/3\/2024\/04\/Chapeus-V_2024-04-27_13-27-59_jpg-696x1045.webp 696w, https:\/\/www.acidadeon.com\/ribeiraopreto\/wp-content\/uploads\/sites\/3\/2024\/04\/Chapeus-V_2024-04-27_13-27-59_jpg.webp 1066w\" sizes=\"auto, (max-width: 682px) 100vw, 682px\"\/><\/figure>\n<figure class=\"wp-block-image size-large\"><img data-recalc-dims=\"1\" decoding=\"async\" loading=\"lazy\" width=\"682\" height=\"1024\" data-id=\"79655\" src=\"https:\/\/i0.wp.com\/www.acidadeon.com\/ribeiraopreto\/wp-content\/uploads\/sites\/3\/2024\/04\/Chapeus-X_2024-04-27_13-27-59_jpg-682x1024.webp?resize=682%2C1024&#038;ssl=1\" alt=\"\" class=\"wp-image-79655\" srcset=\"https:\/\/www.acidadeon.com\/ribeiraopreto\/wp-content\/uploads\/sites\/3\/2024\/04\/Chapeus-X_2024-04-27_13-27-59_jpg-682x1024.webp 682w, https:\/\/www.acidadeon.com\/ribeiraopreto\/wp-content\/uploads\/sites\/3\/2024\/04\/Chapeus-X_2024-04-27_13-27-59_jpg-200x300.webp 200w, https:\/\/www.acidadeon.com\/ribeiraopreto\/wp-content\/uploads\/sites\/3\/2024\/04\/Chapeus-X_2024-04-27_13-27-59_jpg-768x1153.webp 768w, https:\/\/www.acidadeon.com\/ribeiraopreto\/wp-content\/uploads\/sites\/3\/2024\/04\/Chapeus-X_2024-04-27_13-27-59_jpg-1023x1536.webp 1023w, https:\/\/www.acidadeon.com\/ribeiraopreto\/wp-content\/uploads\/sites\/3\/2024\/04\/Chapeus-X_2024-04-27_13-27-59_jpg-696x1045.webp 696w, https:\/\/www.acidadeon.com\/ribeiraopreto\/wp-content\/uploads\/sites\/3\/2024\/04\/Chapeus-X_2024-04-27_13-27-59_jpg.webp 1066w\" sizes=\"auto, (max-width: 682px) 100vw, 682px\"\/><\/figure>\n<figure class=\"wp-block-image size-large\"><img data-recalc-dims=\"1\" decoding=\"async\" loading=\"lazy\" width=\"682\" height=\"1024\" data-id=\"79646\" src=\"https:\/\/i0.wp.com\/www.acidadeon.com\/ribeiraopreto\/wp-content\/uploads\/sites\/3\/2024\/04\/Chapeus-VIII_2024-04-27_13-27-58_jpg-682x1024.webp?resize=682%2C1024&#038;ssl=1\" alt=\"\" class=\"wp-image-79646\" srcset=\"https:\/\/www.acidadeon.com\/ribeiraopreto\/wp-content\/uploads\/sites\/3\/2024\/04\/Chapeus-VIII_2024-04-27_13-27-58_jpg-682x1024.webp 682w, https:\/\/www.acidadeon.com\/ribeiraopreto\/wp-content\/uploads\/sites\/3\/2024\/04\/Chapeus-VIII_2024-04-27_13-27-58_jpg-200x300.webp 200w, https:\/\/www.acidadeon.com\/ribeiraopreto\/wp-content\/uploads\/sites\/3\/2024\/04\/Chapeus-VIII_2024-04-27_13-27-58_jpg-768x1153.webp 768w, https:\/\/www.acidadeon.com\/ribeiraopreto\/wp-content\/uploads\/sites\/3\/2024\/04\/Chapeus-VIII_2024-04-27_13-27-58_jpg-1023x1536.webp 1023w, https:\/\/www.acidadeon.com\/ribeiraopreto\/wp-content\/uploads\/sites\/3\/2024\/04\/Chapeus-VIII_2024-04-27_13-27-58_jpg-696x1045.webp 696w, https:\/\/www.acidadeon.com\/ribeiraopreto\/wp-content\/uploads\/sites\/3\/2024\/04\/Chapeus-VIII_2024-04-27_13-27-58_jpg.webp 1066w\" sizes=\"auto, (max-width: 682px) 100vw, 682px\"\/><\/figure>\n<figure class=\"wp-block-image size-large\"><img data-recalc-dims=\"1\" decoding=\"async\" loading=\"lazy\" width=\"682\" height=\"1024\" data-id=\"79650\" src=\"https:\/\/i0.wp.com\/www.acidadeon.com\/ribeiraopreto\/wp-content\/uploads\/sites\/3\/2024\/04\/Chapeus-XII-1_2024-04-27_13-27-59_jpg-682x1024.webp?resize=682%2C1024&#038;ssl=1\" alt=\"\" class=\"wp-image-79650\" srcset=\"https:\/\/www.acidadeon.com\/ribeiraopreto\/wp-content\/uploads\/sites\/3\/2024\/04\/Chapeus-XII-1_2024-04-27_13-27-59_jpg-682x1024.webp 682w, https:\/\/www.acidadeon.com\/ribeiraopreto\/wp-content\/uploads\/sites\/3\/2024\/04\/Chapeus-XII-1_2024-04-27_13-27-59_jpg-200x300.webp 200w, https:\/\/www.acidadeon.com\/ribeiraopreto\/wp-content\/uploads\/sites\/3\/2024\/04\/Chapeus-XII-1_2024-04-27_13-27-59_jpg-768x1153.webp 768w, https:\/\/www.acidadeon.com\/ribeiraopreto\/wp-content\/uploads\/sites\/3\/2024\/04\/Chapeus-XII-1_2024-04-27_13-27-59_jpg-1023x1536.webp 1023w, https:\/\/www.acidadeon.com\/ribeiraopreto\/wp-content\/uploads\/sites\/3\/2024\/04\/Chapeus-XII-1_2024-04-27_13-27-59_jpg-696x1045.webp 696w, https:\/\/www.acidadeon.com\/ribeiraopreto\/wp-content\/uploads\/sites\/3\/2024\/04\/Chapeus-XII-1_2024-04-27_13-27-59_jpg.webp 1066w\" sizes=\"auto, (max-width: 682px) 100vw, 682px\"\/><\/figure>\n<figure class=\"wp-block-image size-large\"><img data-recalc-dims=\"1\" decoding=\"async\" loading=\"lazy\" width=\"682\" height=\"1024\" data-id=\"79653\" src=\"https:\/\/i0.wp.com\/www.acidadeon.com\/ribeiraopreto\/wp-content\/uploads\/sites\/3\/2024\/04\/Chapeus-XII_2024-04-27_13-27-59_jpg-682x1024.webp?resize=682%2C1024&#038;ssl=1\" alt=\"\" class=\"wp-image-79653\" srcset=\"https:\/\/www.acidadeon.com\/ribeiraopreto\/wp-content\/uploads\/sites\/3\/2024\/04\/Chapeus-XII_2024-04-27_13-27-59_jpg-682x1024.webp 682w, https:\/\/www.acidadeon.com\/ribeiraopreto\/wp-content\/uploads\/sites\/3\/2024\/04\/Chapeus-XII_2024-04-27_13-27-59_jpg-200x300.webp 200w, https:\/\/www.acidadeon.com\/ribeiraopreto\/wp-content\/uploads\/sites\/3\/2024\/04\/Chapeus-XII_2024-04-27_13-27-59_jpg-768x1153.webp 768w, https:\/\/www.acidadeon.com\/ribeiraopreto\/wp-content\/uploads\/sites\/3\/2024\/04\/Chapeus-XII_2024-04-27_13-27-59_jpg-1023x1536.webp 1023w, https:\/\/www.acidadeon.com\/ribeiraopreto\/wp-content\/uploads\/sites\/3\/2024\/04\/Chapeus-XII_2024-04-27_13-27-59_jpg-696x1045.webp 696w, https:\/\/www.acidadeon.com\/ribeiraopreto\/wp-content\/uploads\/sites\/3\/2024\/04\/Chapeus-XII_2024-04-27_13-27-59_jpg.webp 1066w\" sizes=\"auto, (max-width: 682px) 100vw, 682px\"\/><\/figure>\n<figure class=\"wp-block-image size-large\"><img data-recalc-dims=\"1\" decoding=\"async\" loading=\"lazy\" width=\"1024\" height=\"682\" data-id=\"79643\" src=\"https:\/\/i0.wp.com\/www.acidadeon.com\/ribeiraopreto\/wp-content\/uploads\/sites\/3\/2024\/04\/Chapeus-XI_2024-04-27_13-27-59_jpg-1024x682.webp?resize=1024%2C682&#038;ssl=1\" alt=\"\" class=\"wp-image-79643\" srcset=\"https:\/\/www.acidadeon.com\/ribeiraopreto\/wp-content\/uploads\/sites\/3\/2024\/04\/Chapeus-XI_2024-04-27_13-27-59_jpg-1024x682.webp 1024w, https:\/\/www.acidadeon.com\/ribeiraopreto\/wp-content\/uploads\/sites\/3\/2024\/04\/Chapeus-XI_2024-04-27_13-27-59_jpg-300x200.webp 300w, https:\/\/www.acidadeon.com\/ribeiraopreto\/wp-content\/uploads\/sites\/3\/2024\/04\/Chapeus-XI_2024-04-27_13-27-59_jpg-768x512.webp 768w, https:\/\/www.acidadeon.com\/ribeiraopreto\/wp-content\/uploads\/sites\/3\/2024\/04\/Chapeus-XI_2024-04-27_13-27-59_jpg-1536x1023.webp 1536w, https:\/\/www.acidadeon.com\/ribeiraopreto\/wp-content\/uploads\/sites\/3\/2024\/04\/Chapeus-XI_2024-04-27_13-27-59_jpg-696x464.webp 696w, https:\/\/www.acidadeon.com\/ribeiraopreto\/wp-content\/uploads\/sites\/3\/2024\/04\/Chapeus-XI_2024-04-27_13-27-59_jpg-1068x712.webp 1068w, https:\/\/www.acidadeon.com\/ribeiraopreto\/wp-content\/uploads\/sites\/3\/2024\/04\/Chapeus-XI_2024-04-27_13-27-59_jpg.webp 1600w\" sizes=\"auto, (max-width: 1024px) 100vw, 1024px\"\/><\/figure>\n<figure class=\"wp-block-image size-large\"><img data-recalc-dims=\"1\" decoding=\"async\" loading=\"lazy\" width=\"682\" height=\"1024\" data-id=\"79649\" src=\"https:\/\/i0.wp.com\/www.acidadeon.com\/ribeiraopreto\/wp-content\/uploads\/sites\/3\/2024\/04\/Chapeus-XIV_2024-04-27_13-27-59_jpg-682x1024.webp?resize=682%2C1024&#038;ssl=1\" alt=\"\" class=\"wp-image-79649\" srcset=\"https:\/\/www.acidadeon.com\/ribeiraopreto\/wp-content\/uploads\/sites\/3\/2024\/04\/Chapeus-XIV_2024-04-27_13-27-59_jpg-682x1024.webp 682w, https:\/\/www.acidadeon.com\/ribeiraopreto\/wp-content\/uploads\/sites\/3\/2024\/04\/Chapeus-XIV_2024-04-27_13-27-59_jpg-200x300.webp 200w, https:\/\/www.acidadeon.com\/ribeiraopreto\/wp-content\/uploads\/sites\/3\/2024\/04\/Chapeus-XIV_2024-04-27_13-27-59_jpg-768x1153.webp 768w, https:\/\/www.acidadeon.com\/ribeiraopreto\/wp-content\/uploads\/sites\/3\/2024\/04\/Chapeus-XIV_2024-04-27_13-27-59_jpg-1023x1536.webp 1023w, https:\/\/www.acidadeon.com\/ribeiraopreto\/wp-content\/uploads\/sites\/3\/2024\/04\/Chapeus-XIV_2024-04-27_13-27-59_jpg-696x1045.webp 696w, https:\/\/www.acidadeon.com\/ribeiraopreto\/wp-content\/uploads\/sites\/3\/2024\/04\/Chapeus-XIV_2024-04-27_13-27-59_jpg.webp 1066w\" sizes=\"auto, (max-width: 682px) 100vw, 682px\"\/><\/figure>\n<figure class=\"wp-block-image size-large\"><img data-recalc-dims=\"1\" decoding=\"async\" loading=\"lazy\" width=\"682\" height=\"1024\" data-id=\"79657\" src=\"https:\/\/i0.wp.com\/www.acidadeon.com\/ribeiraopreto\/wp-content\/uploads\/sites\/3\/2024\/04\/Chapeus-XIII_2024-04-27_13-27-59_jpg-682x1024.webp?resize=682%2C1024&#038;ssl=1\" alt=\"\" class=\"wp-image-79657\" srcset=\"https:\/\/www.acidadeon.com\/ribeiraopreto\/wp-content\/uploads\/sites\/3\/2024\/04\/Chapeus-XIII_2024-04-27_13-27-59_jpg-682x1024.webp 682w, https:\/\/www.acidadeon.com\/ribeiraopreto\/wp-content\/uploads\/sites\/3\/2024\/04\/Chapeus-XIII_2024-04-27_13-27-59_jpg-200x300.webp 200w, https:\/\/www.acidadeon.com\/ribeiraopreto\/wp-content\/uploads\/sites\/3\/2024\/04\/Chapeus-XIII_2024-04-27_13-27-59_jpg-768x1153.webp 768w, https:\/\/www.acidadeon.com\/ribeiraopreto\/wp-content\/uploads\/sites\/3\/2024\/04\/Chapeus-XIII_2024-04-27_13-27-59_jpg-1023x1536.webp 1023w, https:\/\/www.acidadeon.com\/ribeiraopreto\/wp-content\/uploads\/sites\/3\/2024\/04\/Chapeus-XIII_2024-04-27_13-27-59_jpg-696x1045.webp 696w, https:\/\/www.acidadeon.com\/ribeiraopreto\/wp-content\/uploads\/sites\/3\/2024\/04\/Chapeus-XIII_2024-04-27_13-27-59_jpg.webp 1066w\" sizes=\"auto, (max-width: 682px) 100vw, 682px\"\/><\/figure>\n<figure class=\"wp-block-image size-large\"><img data-recalc-dims=\"1\" decoding=\"async\" loading=\"lazy\" width=\"682\" height=\"1024\" data-id=\"79645\" src=\"https:\/\/i0.wp.com\/www.acidadeon.com\/ribeiraopreto\/wp-content\/uploads\/sites\/3\/2024\/04\/Chapeus-XV_2024-04-27_13-27-58_jpg-682x1024.webp?resize=682%2C1024&#038;ssl=1\" alt=\"\" class=\"wp-image-79645\" srcset=\"https:\/\/www.acidadeon.com\/ribeiraopreto\/wp-content\/uploads\/sites\/3\/2024\/04\/Chapeus-XV_2024-04-27_13-27-58_jpg-682x1024.webp 682w, https:\/\/www.acidadeon.com\/ribeiraopreto\/wp-content\/uploads\/sites\/3\/2024\/04\/Chapeus-XV_2024-04-27_13-27-58_jpg-200x300.webp 200w, https:\/\/www.acidadeon.com\/ribeiraopreto\/wp-content\/uploads\/sites\/3\/2024\/04\/Chapeus-XV_2024-04-27_13-27-58_jpg-768x1153.webp 768w, https:\/\/www.acidadeon.com\/ribeiraopreto\/wp-content\/uploads\/sites\/3\/2024\/04\/Chapeus-XV_2024-04-27_13-27-58_jpg-1023x1536.webp 1023w, https:\/\/www.acidadeon.com\/ribeiraopreto\/wp-content\/uploads\/sites\/3\/2024\/04\/Chapeus-XV_2024-04-27_13-27-58_jpg-696x1045.webp 696w, https:\/\/www.acidadeon.com\/ribeiraopreto\/wp-content\/uploads\/sites\/3\/2024\/04\/Chapeus-XV_2024-04-27_13-27-58_jpg.webp 1066w\" sizes=\"auto, (max-width: 682px) 100vw, 682px\"\/><\/figure>\n<figure class=\"wp-block-image size-large\"><img data-recalc-dims=\"1\" decoding=\"async\" loading=\"lazy\" width=\"682\" height=\"1024\" data-id=\"79656\" src=\"https:\/\/i0.wp.com\/www.acidadeon.com\/ribeiraopreto\/wp-content\/uploads\/sites\/3\/2024\/04\/Chapeus-XVI-1_2024-04-27_13-27-59_jpg-682x1024.webp?resize=682%2C1024&#038;ssl=1\" alt=\"\" class=\"wp-image-79656\" srcset=\"https:\/\/www.acidadeon.com\/ribeiraopreto\/wp-content\/uploads\/sites\/3\/2024\/04\/Chapeus-XVI-1_2024-04-27_13-27-59_jpg-682x1024.webp 682w, https:\/\/www.acidadeon.com\/ribeiraopreto\/wp-content\/uploads\/sites\/3\/2024\/04\/Chapeus-XVI-1_2024-04-27_13-27-59_jpg-200x300.webp 200w, https:\/\/www.acidadeon.com\/ribeiraopreto\/wp-content\/uploads\/sites\/3\/2024\/04\/Chapeus-XVI-1_2024-04-27_13-27-59_jpg-768x1153.webp 768w, https:\/\/www.acidadeon.com\/ribeiraopreto\/wp-content\/uploads\/sites\/3\/2024\/04\/Chapeus-XVI-1_2024-04-27_13-27-59_jpg-1023x1536.webp 1023w, https:\/\/www.acidadeon.com\/ribeiraopreto\/wp-content\/uploads\/sites\/3\/2024\/04\/Chapeus-XVI-1_2024-04-27_13-27-59_jpg-696x1045.webp 696w, https:\/\/www.acidadeon.com\/ribeiraopreto\/wp-content\/uploads\/sites\/3\/2024\/04\/Chapeus-XVI-1_2024-04-27_13-27-59_jpg.webp 1066w\" sizes=\"auto, (max-width: 682px) 100vw, 682px\"\/><\/figure>\n<\/figure>\n<p>SAIBA MAIS<br \/>Grupo de \u2018racha\u2019 em Ribeir\u00e3o vai prestar servi\u00e7os \u00e0 comunidade ap\u00f3s acordo com Minist\u00e9rio P\u00fablico<\/p>\n<h4 class=\"wp-block-heading\"><strong>FIQUE ON<\/strong><\/h4>\n<p>Fique ligado em tudo que acontece em Ribeir\u00e3o Preto e regi\u00e3o. Siga os perfis do <strong>acidade on <\/strong>no <a href=\"https:\/\/www.instagram.com\/acidadeonribeirao\" target=\"_blank\" rel=\"noreferrer noopener\">Instagram<\/a> e no <a href=\"https:\/\/www.facebook.com\/acidadeonribeirao\" target=\"_blank\" rel=\"noreferrer noopener\">Facebook<\/a>.<\/p>\n<p>Receba not\u00edcias do acidade on no WhatsApp. Para entrar no grupo, basta <a href=\"https:\/\/chat.whatsapp.com\/GFH9HUMUTHNFJdnyEd0xxq\" target=\"_blank\" rel=\"noreferrer noopener\">clicar aqui<\/a>.<\/p>\n<p>Fa\u00e7a uma den\u00fancia ou sugira uma reportagem sobre Ribeir\u00e3o Preto e regi\u00e3o pelo WhatsApp: 16 99117 7802.<\/p>\n<p>VEJA TAMB\u00c9M<br \/>Vel\u00f3rio do Anderson do Molejo acontece neste domingo<\/p>\n<p><!-- AI CONTENT END 1 -->\n<\/div>\n<p><script async src=\"\/\/www.instagram.com\/embed.js\"><\/script><br \/>\n<br \/><br \/>\n<br \/><a href=\"https:\/\/www.acidadeon.com\/ribeiraopreto\/ribeirao-rodeo-music\/um-classico-com-muito-brilho-e-estilo-invade-o-ribeirao-rodeo-music\/\">Source link <\/a><\/p>\n<div class='code-block code-block-4' style='margin: 8px auto 8px 0; text-align: left; display: block; clear: both;'>\n\ud83d\udce2 Aviso Legal\n\nO site ismaelcolosi.com.br atua apenas como um canal de divulga\u00e7\u00e3o de oportunidades de emprego e n\u00e3o se responsabiliza pelo processo seletivo, contrata\u00e7\u00e3o ou qualquer outra etapa relacionada \u00e0s vagas publicadas. Todas as informa\u00e7\u00f5es s\u00e3o de responsabilidade dos anunciantes.\n\n\u26a0\ufe0f Aten\u00e7\u00e3o! Nunca pague por promessas de emprego nem compre cursos que garantam contrata\u00e7\u00e3o. Desconfie de qualquer cobran\u00e7a para participar de sele\u00e7\u00f5es.\n\n\n\n<\/div>\n<!-- CONTENT END 1 -->\n","protected":false},"excerpt":{"rendered":"<p>A moda country de chap\u00e9us voltou com for\u00e7a total. Repaginada, moderna e conquistando o cora\u00e7\u00e3o da nova gera\u00e7\u00e3o de f\u00e3s do sertanejo. A arena do&#8230;<\/p>\n","protected":false},"author":1,"featured_media":47687,"comment_status":"open","ping_status":"open","sticky":false,"template":"","format":"standard","meta":{"_uag_custom_page_level_css":"","advanced_seo_description":"","jetpack_seo_html_title":"","jetpack_seo_noindex":false,"jetpack_post_was_ever_published":false,"_jetpack_newsletter_access":"","_jetpack_dont_email_post_to_subs":false,"_jetpack_newsletter_tier_id":0,"_jetpack_memberships_contains_paywalled_content":false,"_jetpack_memberships_contains_paid_content":false,"footnotes":"","jetpack_publicize_message":"","jetpack_publicize_feature_enabled":true,"jetpack_social_post_already_shared":true,"jetpack_social_options":{"image_generator_settings":{"template":"highway","default_image_id":0,"font":"","enabled":false},"version":2}},"categories":[11],"tags":[],"class_list":["post-47686","post","type-post","status-publish","format-standard","has-post-thumbnail","hentry","category-noticias-de-ribeirao-preto-sp-e-regiao-ismael-colosi"],"jetpack_publicize_connections":[],"jetpack_featured_media_url":"https:\/\/i0.wp.com\/ismaelcolosi.com.br\/wp-content\/uploads\/2024\/04\/Copia-de-Copia-de-TAMANHO-EXATO-PARA-FOTOS-NO-SISTEMA-NOVO-11_2024-04-27_13-33-39_jpg.webp.webp?fit=1200%2C675&ssl=1","uagb_featured_image_src":{"full":["https:\/\/i0.wp.com\/ismaelcolosi.com.br\/wp-content\/uploads\/2024\/04\/Copia-de-Copia-de-TAMANHO-EXATO-PARA-FOTOS-NO-SISTEMA-NOVO-11_2024-04-27_13-33-39_jpg.webp.webp?fit=1200%2C675&ssl=1",1200,675,false],"thumbnail":["https:\/\/i0.wp.com\/ismaelcolosi.com.br\/wp-content\/uploads\/2024\/04\/Copia-de-Copia-de-TAMANHO-EXATO-PARA-FOTOS-NO-SISTEMA-NOVO-11_2024-04-27_13-33-39_jpg.webp.webp?resize=150%2C150&ssl=1",150,150,true],"medium":["https:\/\/i0.wp.com\/ismaelcolosi.com.br\/wp-content\/uploads\/2024\/04\/Copia-de-Copia-de-TAMANHO-EXATO-PARA-FOTOS-NO-SISTEMA-NOVO-11_2024-04-27_13-33-39_jpg.webp.webp?fit=300%2C169&ssl=1",300,169,true],"medium_large":["https:\/\/i0.wp.com\/ismaelcolosi.com.br\/wp-content\/uploads\/2024\/04\/Copia-de-Copia-de-TAMANHO-EXATO-PARA-FOTOS-NO-SISTEMA-NOVO-11_2024-04-27_13-33-39_jpg.webp.webp?fit=768%2C432&ssl=1",768,432,true],"large":["https:\/\/i0.wp.com\/ismaelcolosi.com.br\/wp-content\/uploads\/2024\/04\/Copia-de-Copia-de-TAMANHO-EXATO-PARA-FOTOS-NO-SISTEMA-NOVO-11_2024-04-27_13-33-39_jpg.webp.webp?fit=1024%2C576&ssl=1",1024,576,true],"1536x1536":["https:\/\/i0.wp.com\/ismaelcolosi.com.br\/wp-content\/uploads\/2024\/04\/Copia-de-Copia-de-TAMANHO-EXATO-PARA-FOTOS-NO-SISTEMA-NOVO-11_2024-04-27_13-33-39_jpg.webp.webp?fit=1200%2C675&ssl=1",1200,675,true],"2048x2048":["https:\/\/i0.wp.com\/ismaelcolosi.com.br\/wp-content\/uploads\/2024\/04\/Copia-de-Copia-de-TAMANHO-EXATO-PARA-FOTOS-NO-SISTEMA-NOVO-11_2024-04-27_13-33-39_jpg.webp.webp?fit=1200%2C675&ssl=1",1200,675,true],"really-simple-thumb":["https:\/\/i0.wp.com\/ismaelcolosi.com.br\/wp-content\/uploads\/2024\/04\/Copia-de-Copia-de-TAMANHO-EXATO-PARA-FOTOS-NO-SISTEMA-NOVO-11_2024-04-27_13-33-39_jpg.webp.webp?resize=370%2C247&ssl=1",370,247,true]},"uagb_author_info":{"display_name":"ismaelcolosi.com.br","author_link":"https:\/\/ismaelcolosi.com.br\/index.php\/author\/vidareal-online\/"},"uagb_comment_info":0,"uagb_excerpt":"A moda country de chap\u00e9us voltou com for\u00e7a total. Repaginada, moderna e conquistando o cora\u00e7\u00e3o da nova gera\u00e7\u00e3o de f\u00e3s do sertanejo. A arena do...","jetpack-related-posts":[{"id":47784,"url":"https:\/\/ismaelcolosi.com.br\/index.php\/2024\/04\/28\/galeria-confira-como-foi-a-terceira-noite-de-shows-do-ribeirao-rodeo-music\/","url_meta":{"origin":47686,"position":0},"title":"Galeria: Confira como foi a terceira noite de shows do Ribeir\u00e3o Rodeo Music","author":"ismaelcolosi.com.br","date":"28 de April de 2024","format":false,"excerpt":"Nesse s\u00e1bado, 27, o palco do Ribeir\u00e3o Rodeo Music recebeu o primeiro show de Fred & Fabr\u00edcio. A dupla formada por um mineiro e um goiano aqueceu o p\u00fablico em grande estilo com seus sucessos autorais, dentre eles \u201cGuarda Roupa\u201d e \u201cContra a Mar\u00e9\u201d, al\u00e9m de sucessos consagrados, desde o\u2026","rel":"","context":"In &quot;Not\u00edcias de Ribeir\u00e3o Preto-SP e Regi\u00e3o&quot;","block_context":{"text":"Not\u00edcias de Ribeir\u00e3o Preto-SP e Regi\u00e3o","link":"https:\/\/ismaelcolosi.com.br\/index.php\/category\/noticias-de-ribeirao-preto-sp-e-regiao-ismael-colosi\/"},"img":{"alt_text":"","src":"https:\/\/i0.wp.com\/ismaelcolosi.com.br\/wp-content\/uploads\/2024\/04\/AnyConv.com__GL_III-e1714330490605.webp.webp?fit=900%2C692&ssl=1&resize=350%2C200","width":350,"height":200,"srcset":"https:\/\/i0.wp.com\/ismaelcolosi.com.br\/wp-content\/uploads\/2024\/04\/AnyConv.com__GL_III-e1714330490605.webp.webp?fit=900%2C692&ssl=1&resize=350%2C200 1x, https:\/\/i0.wp.com\/ismaelcolosi.com.br\/wp-content\/uploads\/2024\/04\/AnyConv.com__GL_III-e1714330490605.webp.webp?fit=900%2C692&ssl=1&resize=525%2C300 1.5x, https:\/\/i0.wp.com\/ismaelcolosi.com.br\/wp-content\/uploads\/2024\/04\/AnyConv.com__GL_III-e1714330490605.webp.webp?fit=900%2C692&ssl=1&resize=700%2C400 2x"},"classes":[]},{"id":46492,"url":"https:\/\/ismaelcolosi.com.br\/index.php\/2024\/04\/11\/nayara-paes-e-a-rainha-do-ribeirao-rodeo-music-2024\/","url_meta":{"origin":47686,"position":1},"title":"Nayara Paes \u00e9 a Rainha do Ribeir\u00e3o Rodeo Music 2024","author":"ismaelcolosi.com.br","date":"11 de April de 2024","format":false,"excerpt":"Nayara Paes \u00e9 a Rainha do Ribeir\u00e3o Rodeo Music 2024A ribeir\u00e3o-pretana de 27 anos representar\u00e1 a for\u00e7a do feminino no evento que ganha cada vez mais espa\u00e7o nas competi\u00e7\u00f5es esportivas e no palco Durante o m\u00eas de abril, Nayara Paes dividir\u00e1 os cuidados com crian\u00e7as e adolescentes da profiss\u00e3o de\u2026","rel":"","context":"In &quot;Not\u00edcias de Ribeir\u00e3o Preto-SP e Regi\u00e3o&quot;","block_context":{"text":"Not\u00edcias de Ribeir\u00e3o Preto-SP e Regi\u00e3o","link":"https:\/\/ismaelcolosi.com.br\/index.php\/category\/noticias-de-ribeirao-preto-sp-e-regiao-ismael-colosi\/"},"img":{"alt_text":"","src":"https:\/\/i0.wp.com\/ismaelcolosi.com.br\/wp-content\/uploads\/2024\/04\/31d40986f691b9397beab8827dc48ee0.jpeg?fit=900%2C1200&ssl=1&resize=350%2C200","width":350,"height":200,"srcset":"https:\/\/i0.wp.com\/ismaelcolosi.com.br\/wp-content\/uploads\/2024\/04\/31d40986f691b9397beab8827dc48ee0.jpeg?fit=900%2C1200&ssl=1&resize=350%2C200 1x, https:\/\/i0.wp.com\/ismaelcolosi.com.br\/wp-content\/uploads\/2024\/04\/31d40986f691b9397beab8827dc48ee0.jpeg?fit=900%2C1200&ssl=1&resize=525%2C300 1.5x, https:\/\/i0.wp.com\/ismaelcolosi.com.br\/wp-content\/uploads\/2024\/04\/31d40986f691b9397beab8827dc48ee0.jpeg?fit=900%2C1200&ssl=1&resize=700%2C400 2x"},"classes":[]},{"id":46687,"url":"https:\/\/ismaelcolosi.com.br\/index.php\/2024\/04\/13\/rainha-do-ribeirao-rodeo-music-2024-tem-raizes-sertanejas\/","url_meta":{"origin":47686,"position":2},"title":"Rainha do Ribeir\u00e3o Rodeo Music 2024 tem ra\u00edzes sertanejas","author":"ismaelcolosi.com.br","date":"13 de April de 2024","format":false,"excerpt":"Nayara Paes, 27 anos, foi escolhida para representar a for\u00e7a das mulheres durante a marcante 18\u00aa edi\u00e7\u00e3o do Ribeir\u00e3o Rodeo Music. A enfermeira pedi\u00e1trica e modelo tem ra\u00edzes sertanejas e liga\u00e7\u00e3o afetiva com a festa. Convidada pela organiza\u00e7\u00e3o do evento, Nayara representa a nova gera\u00e7\u00e3o dos amantes da m\u00fasica sertaneja,\u2026","rel":"","context":"In &quot;Not\u00edcias de Ribeir\u00e3o Preto-SP e Regi\u00e3o&quot;","block_context":{"text":"Not\u00edcias de Ribeir\u00e3o Preto-SP e Regi\u00e3o","link":"https:\/\/ismaelcolosi.com.br\/index.php\/category\/noticias-de-ribeirao-preto-sp-e-regiao-ismael-colosi\/"},"img":{"alt_text":"","src":"https:\/\/i0.wp.com\/ismaelcolosi.com.br\/wp-content\/uploads\/2024\/04\/AnyConv.com__rainha-do-rodeio.webp.webp?fit=1200%2C869&ssl=1&resize=350%2C200","width":350,"height":200,"srcset":"https:\/\/i0.wp.com\/ismaelcolosi.com.br\/wp-content\/uploads\/2024\/04\/AnyConv.com__rainha-do-rodeio.webp.webp?fit=1200%2C869&ssl=1&resize=350%2C200 1x, https:\/\/i0.wp.com\/ismaelcolosi.com.br\/wp-content\/uploads\/2024\/04\/AnyConv.com__rainha-do-rodeio.webp.webp?fit=1200%2C869&ssl=1&resize=525%2C300 1.5x, https:\/\/i0.wp.com\/ismaelcolosi.com.br\/wp-content\/uploads\/2024\/04\/AnyConv.com__rainha-do-rodeio.webp.webp?fit=1200%2C869&ssl=1&resize=700%2C400 2x, https:\/\/i0.wp.com\/ismaelcolosi.com.br\/wp-content\/uploads\/2024\/04\/AnyConv.com__rainha-do-rodeio.webp.webp?fit=1200%2C869&ssl=1&resize=1050%2C600 3x"},"classes":[]},{"id":46216,"url":"https:\/\/ismaelcolosi.com.br\/index.php\/2024\/04\/10\/pela-primeira-vez-ribeirao-rodeo-music-tera-competidores-estrangeiros-nas-montarias\/","url_meta":{"origin":47686,"position":3},"title":"Pela primeira vez, Ribeir\u00e3o Rodeo Music ter\u00e1 competidores estrangeiros nas montarias","author":"ismaelcolosi.com.br","date":"10 de April de 2024","format":false,"excerpt":"Pela primeira vez, as montarias em touros do Ribeir\u00e3o Rodeo Music (RRM) 2024 ter\u00e3o a participa\u00e7\u00e3o de competidores internacionais. Com representantes dos Estados Unidos e Canad\u00e1, a competitividade entre os atletas ser\u00e1 elevada a outro patamar, com um show na arena de montarias. O festival sertanejo acontece nos dias 20,\u2026","rel":"","context":"In &quot;Not\u00edcias de Ribeir\u00e3o Preto-SP e Regi\u00e3o&quot;","block_context":{"text":"Not\u00edcias de Ribeir\u00e3o Preto-SP e Regi\u00e3o","link":"https:\/\/ismaelcolosi.com.br\/index.php\/category\/noticias-de-ribeirao-preto-sp-e-regiao-ismael-colosi\/"},"img":{"alt_text":"","src":"https:\/\/i0.wp.com\/ismaelcolosi.com.br\/wp-content\/uploads\/2024\/04\/Montaria-em-touros-do-RRM.jpg?fit=1200%2C800&ssl=1&resize=350%2C200","width":350,"height":200,"srcset":"https:\/\/i0.wp.com\/ismaelcolosi.com.br\/wp-content\/uploads\/2024\/04\/Montaria-em-touros-do-RRM.jpg?fit=1200%2C800&ssl=1&resize=350%2C200 1x, https:\/\/i0.wp.com\/ismaelcolosi.com.br\/wp-content\/uploads\/2024\/04\/Montaria-em-touros-do-RRM.jpg?fit=1200%2C800&ssl=1&resize=525%2C300 1.5x, https:\/\/i0.wp.com\/ismaelcolosi.com.br\/wp-content\/uploads\/2024\/04\/Montaria-em-touros-do-RRM.jpg?fit=1200%2C800&ssl=1&resize=700%2C400 2x, https:\/\/i0.wp.com\/ismaelcolosi.com.br\/wp-content\/uploads\/2024\/04\/Montaria-em-touros-do-RRM.jpg?fit=1200%2C800&ssl=1&resize=1050%2C600 3x"},"classes":[]},{"id":46796,"url":"https:\/\/ismaelcolosi.com.br\/index.php\/2024\/04\/15\/ribeirao-rodeo-music-2024-amplia-estrutura-e-aposta-em-inovacoes-e-cultura-raiz\/","url_meta":{"origin":47686,"position":4},"title":"Ribeir\u00e3o Rodeo Music 2024 amplia estrutura e aposta em inova\u00e7\u00f5es e &#8216;cultura raiz&#8217;","author":"ismaelcolosi.com.br","date":"15 de April de 2024","format":false,"excerpt":"Evento completa neste ano sua maioridade e espera fazer hist\u00f3ria dentro do universo sertanejo; RRM acontece nos dias 20, 26, 27 e 30 de abril Os preparativos para o Ribeir\u00e3o Rodeo Music 2024 est\u00e3o a todo vapor. A 18\u00aa edi\u00e7\u00e3o do evento \u2013 que ser\u00e1 realizado nos dias 20, 26,\u2026","rel":"","context":"In &quot;Not\u00edcias de Ribeir\u00e3o Preto-SP e Regi\u00e3o&quot;","block_context":{"text":"Not\u00edcias de Ribeir\u00e3o Preto-SP e Regi\u00e3o","link":"https:\/\/ismaelcolosi.com.br\/index.php\/category\/noticias-de-ribeirao-preto-sp-e-regiao-ismael-colosi\/"},"img":{"alt_text":"","src":"https:\/\/i0.wp.com\/ismaelcolosi.com.br\/wp-content\/uploads\/2024\/04\/a1b0f15eb10b46bf626a6fa56ab931c6.jpeg?fit=1200%2C800&ssl=1&resize=350%2C200","width":350,"height":200,"srcset":"https:\/\/i0.wp.com\/ismaelcolosi.com.br\/wp-content\/uploads\/2024\/04\/a1b0f15eb10b46bf626a6fa56ab931c6.jpeg?fit=1200%2C800&ssl=1&resize=350%2C200 1x, https:\/\/i0.wp.com\/ismaelcolosi.com.br\/wp-content\/uploads\/2024\/04\/a1b0f15eb10b46bf626a6fa56ab931c6.jpeg?fit=1200%2C800&ssl=1&resize=525%2C300 1.5x, https:\/\/i0.wp.com\/ismaelcolosi.com.br\/wp-content\/uploads\/2024\/04\/a1b0f15eb10b46bf626a6fa56ab931c6.jpeg?fit=1200%2C800&ssl=1&resize=700%2C400 2x, https:\/\/i0.wp.com\/ismaelcolosi.com.br\/wp-content\/uploads\/2024\/04\/a1b0f15eb10b46bf626a6fa56ab931c6.jpeg?fit=1200%2C800&ssl=1&resize=1050%2C600 3x"},"classes":[]},{"id":47525,"url":"https:\/\/ismaelcolosi.com.br\/index.php\/2024\/04\/26\/veja-os-momentos-mais-marcantes-da-historia-do-ribeirao-rodeo-music\/","url_meta":{"origin":47686,"position":5},"title":"Veja os momentos mais marcantes da hist\u00f3ria do Ribeir\u00e3o Rodeo Music","author":"ismaelcolosi.com.br","date":"26 de April de 2024","format":false,"excerpt":"O Ribeir\u00e3o Rodeo Music, um dos maiores festivais do circuito sertanejo nacional, volta com tudo nessa sexta-feira (26) com os as competi\u00e7\u00f5es de montaria e os shows de C\u00e9sar Menotti & Fabiano, Z\u00e9 Neto & Cristiano, Lauana Prado e Locos Djs. Comemorando 19 anos de hist\u00f3ria em 2024, o evento\u2026","rel":"","context":"In &quot;Not\u00edcias de Ribeir\u00e3o Preto-SP e Regi\u00e3o&quot;","block_context":{"text":"Not\u00edcias de Ribeir\u00e3o Preto-SP e Regi\u00e3o","link":"https:\/\/ismaelcolosi.com.br\/index.php\/category\/noticias-de-ribeirao-preto-sp-e-regiao-ismael-colosi\/"},"img":{"alt_text":"","src":"https:\/\/i0.wp.com\/ismaelcolosi.com.br\/wp-content\/uploads\/2024\/04\/AnyConv.com__rodeo-de-ribeirao.webp.webp?fit=1200%2C800&ssl=1&resize=350%2C200","width":350,"height":200,"srcset":"https:\/\/i0.wp.com\/ismaelcolosi.com.br\/wp-content\/uploads\/2024\/04\/AnyConv.com__rodeo-de-ribeirao.webp.webp?fit=1200%2C800&ssl=1&resize=350%2C200 1x, https:\/\/i0.wp.com\/ismaelcolosi.com.br\/wp-content\/uploads\/2024\/04\/AnyConv.com__rodeo-de-ribeirao.webp.webp?fit=1200%2C800&ssl=1&resize=525%2C300 1.5x, https:\/\/i0.wp.com\/ismaelcolosi.com.br\/wp-content\/uploads\/2024\/04\/AnyConv.com__rodeo-de-ribeirao.webp.webp?fit=1200%2C800&ssl=1&resize=700%2C400 2x, https:\/\/i0.wp.com\/ismaelcolosi.com.br\/wp-content\/uploads\/2024\/04\/AnyConv.com__rodeo-de-ribeirao.webp.webp?fit=1200%2C800&ssl=1&resize=1050%2C600 3x"},"classes":[]}],"jetpack_sharing_enabled":true,"jetpack_shortlink":"https:\/\/wp.me\/pfMlyK-cp8","_links":{"self":[{"href":"https:\/\/ismaelcolosi.com.br\/index.php\/wp-json\/wp\/v2\/posts\/47686","targetHints":{"allow":["GET"]}}],"collection":[{"href":"https:\/\/ismaelcolosi.com.br\/index.php\/wp-json\/wp\/v2\/posts"}],"about":[{"href":"https:\/\/ismaelcolosi.com.br\/index.php\/wp-json\/wp\/v2\/types\/post"}],"author":[{"embeddable":true,"href":"https:\/\/ismaelcolosi.com.br\/index.php\/wp-json\/wp\/v2\/users\/1"}],"replies":[{"embeddable":true,"href":"https:\/\/ismaelcolosi.com.br\/index.php\/wp-json\/wp\/v2\/comments?post=47686"}],"version-history":[{"count":0,"href":"https:\/\/ismaelcolosi.com.br\/index.php\/wp-json\/wp\/v2\/posts\/47686\/revisions"}],"wp:featuredmedia":[{"embeddable":true,"href":"https:\/\/ismaelcolosi.com.br\/index.php\/wp-json\/wp\/v2\/media\/47687"}],"wp:attachment":[{"href":"https:\/\/ismaelcolosi.com.br\/index.php\/wp-json\/wp\/v2\/media?parent=47686"}],"wp:term":[{"taxonomy":"category","embeddable":true,"href":"https:\/\/ismaelcolosi.com.br\/index.php\/wp-json\/wp\/v2\/categories?post=47686"},{"taxonomy":"post_tag","embeddable":true,"href":"https:\/\/ismaelcolosi.com.br\/index.php\/wp-json\/wp\/v2\/tags?post=47686"}],"curies":[{"name":"wp","href":"https:\/\/api.w.org\/{rel}","templated":true}]}}