{"id":47430,"date":"2024-04-25T14:29:55","date_gmt":"2024-04-25T17:29:55","guid":{"rendered":"https:\/\/ismaelcolosi.com.br\/index.php\/2024\/04\/25\/morre-aos-87-anos-o-ex-vereador-de-ribeirao-preto-waldyr-villela\/"},"modified":"2024-04-25T14:29:55","modified_gmt":"2024-04-25T17:29:55","slug":"morre-aos-87-anos-o-ex-vereador-de-ribeirao-preto-waldyr-villela","status":"publish","type":"post","link":"https:\/\/ismaelcolosi.com.br\/index.php\/2024\/04\/25\/morre-aos-87-anos-o-ex-vereador-de-ribeirao-preto-waldyr-villela\/","title":{"rendered":"Morre aos 87 anos o ex-vereador de Ribeir\u00e3o Preto Waldyr Villela"},"content":{"rendered":"<p> <br \/>\n<\/p>\n<div data-td-block-uid=\"tdi_101\">\n<div class=\"tdb-block-inner td-fix-index\">\n<p>Morreu nesta quinta-feira (25) o ex-vereador de <strong>Ribeir\u00e3o Preto Waldyr Villela<\/strong>, aos 87 anos. A morte foi confirmada por membros do <strong>MDB<\/strong>, partido do ex-parlamentar. As causas da morte n\u00e3o foram informadas.<\/p>\n<p><mark style=\"background-color:#fcb900\" class=\"has-inline-color has-black-color\">Villela foi vereador em Ribeir\u00e3o Preto por quatro mandatos (2001-2004, 2009-2012, 2013-2016 e 2017-2020).<\/mark><\/p><div class='code-block code-block-8' style='margin: 8px auto; text-align: center; display: block; clear: both;'>\n<script>\n  atOptions = {\n    'key' : '66e2e2111ca34da796271819fc334058',\n    'format' : 'iframe',\n    'height' : 250,\n    'width' : 300,\n    'params' : {}\n  };\n<\/script>\n<script src=\"https:\/\/www.highperformanceformat.com\/66e2e2111ca34da796271819fc334058\/invoke.js\"><\/script>\n<\/div>\n\n<p>Em 2020, ele concorreu ao cargo de vereador novamente, e recebeu 892 votos, n\u00e3o sendo eleito. Al\u00e9m do MDB, ele foi filiado ao<strong> PSD <\/strong>e ao antigo <strong>PTB<\/strong> (atual PRD). Ele era natural de <strong>Guar\u00e1<\/strong>.<\/p>\n<h4 class=\"wp-block-heading\"><strong>Vel\u00f3rio<\/strong><\/h4>\n<p>O corpo de Waldyr Villela ser\u00e1 velado na sala 1 do<strong> Vel\u00f3rio da Saudade<\/strong>, que fica na rua Fl\u00e1vio Uch\u00f4a, 836, a partir das 15h e segue at\u00e9 as 18h. O corpo ser\u00e1 cremado no cremat\u00f3rio de<strong> Ribeir\u00e3o Preto<\/strong>.<\/p>\n<p>SAIBA MAIS<br \/>Inscri\u00e7\u00f5es abertas para processo seletivo de professores na Etec de Ribeir\u00e3o Preto<\/p>\n<h4 class=\"wp-block-heading\"><strong>FIQUE ON<\/strong><\/h4>\n<p>Fique ligado em tudo que acontece em Ribeir\u00e3o Preto e regi\u00e3o. Siga os perfis do<strong> acidade on <\/strong>no <a href=\"https:\/\/www.instagram.com\/acidadeonribeirao\" target=\"_blank\" rel=\"noreferrer noopener nofollow\">Instagram <\/a>e no <a href=\"https:\/\/www.facebook.com\/acidadeonribeirao\" target=\"_blank\" rel=\"noreferrer noopener nofollow\">Facebook<\/a>.<\/p>\n<p>Receba not\u00edcias do <strong>acidade on <\/strong>no WhatsApp. <a href=\"https:\/\/chat.whatsapp.com\/GFH9HUMUTHNFJdnyEd0xxq\" target=\"_blank\" rel=\"noreferrer noopener nofollow\">Para entrar no grupo, basta clicar aqui.<\/a><\/p>\n<p>Fa\u00e7a uma den\u00fancia ou sugira uma reportagem sobre Ribeir\u00e3o Preto e regi\u00e3o pelo WhatsApp: 16 99117 7802.<\/p>\n<p>VEJA TAMB\u00c9M<br \/>Google banir\u00e1 an\u00fancios de cunho pol\u00edtico nas elei\u00e7\u00f5es de outubro<\/p>\n<p><!-- AI CONTENT END 1 -->\n<\/div>\n<\/div>\n<p><script async src=\"\/\/www.instagram.com\/embed.js\"><\/script><br \/>\n<br \/><br \/>\n<br \/><a href=\"https:\/\/www.acidadeon.com\/ribeiraopreto\/politica\/morre-aos-87-anos-ex-vereador-de-ribeirao-preto-waldyr-villela\/\">Source link <\/a><\/p>\n<div class='code-block code-block-4' style='margin: 8px auto 8px 0; text-align: left; display: block; clear: both;'>\n\ud83d\udce2 Aviso Legal\n\nO site ismaelcolosi.com.br atua apenas como um canal de divulga\u00e7\u00e3o de oportunidades de emprego e n\u00e3o se responsabiliza pelo processo seletivo, contrata\u00e7\u00e3o ou qualquer outra etapa relacionada \u00e0s vagas publicadas. Todas as informa\u00e7\u00f5es s\u00e3o de responsabilidade dos anunciantes.\n\n\u26a0\ufe0f Aten\u00e7\u00e3o! Nunca pague por promessas de emprego nem compre cursos que garantam contrata\u00e7\u00e3o. Desconfie de qualquer cobran\u00e7a para participar de sele\u00e7\u00f5es.\n\n\n\n<\/div>\n<!-- CONTENT END 1 -->\n","protected":false},"excerpt":{"rendered":"<p>Morreu nesta quinta-feira (25) o ex-vereador de Ribeir\u00e3o Preto Waldyr Villela, aos 87 anos. A morte foi confirmada por membros do MDB, partido do ex-parlamentar&#8230;.<\/p>\n","protected":false},"author":1,"featured_media":47431,"comment_status":"open","ping_status":"open","sticky":false,"template":"","format":"standard","meta":{"_uag_custom_page_level_css":"","advanced_seo_description":"","jetpack_seo_html_title":"","jetpack_seo_noindex":false,"jetpack_post_was_ever_published":false,"_jetpack_newsletter_access":"","_jetpack_dont_email_post_to_subs":false,"_jetpack_newsletter_tier_id":0,"_jetpack_memberships_contains_paywalled_content":false,"_jetpack_memberships_contains_paid_content":false,"footnotes":"","jetpack_publicize_message":"","jetpack_publicize_feature_enabled":true,"jetpack_social_post_already_shared":true,"jetpack_social_options":{"image_generator_settings":{"template":"highway","default_image_id":0,"font":"","enabled":false},"version":2}},"categories":[11],"tags":[],"class_list":["post-47430","post","type-post","status-publish","format-standard","has-post-thumbnail","hentry","category-noticias-de-ribeirao-preto-sp-e-regiao-ismael-colosi"],"jetpack_publicize_connections":[],"jetpack_featured_media_url":"https:\/\/i0.wp.com\/ismaelcolosi.com.br\/wp-content\/uploads\/2024\/04\/waldy-villela_2024-04-25_17-27-16_jpg.webp.webp?fit=844%2C540&ssl=1","uagb_featured_image_src":{"full":["https:\/\/i0.wp.com\/ismaelcolosi.com.br\/wp-content\/uploads\/2024\/04\/waldy-villela_2024-04-25_17-27-16_jpg.webp.webp?fit=844%2C540&ssl=1",844,540,false],"thumbnail":["https:\/\/i0.wp.com\/ismaelcolosi.com.br\/wp-content\/uploads\/2024\/04\/waldy-villela_2024-04-25_17-27-16_jpg.webp.webp?resize=150%2C150&ssl=1",150,150,true],"medium":["https:\/\/i0.wp.com\/ismaelcolosi.com.br\/wp-content\/uploads\/2024\/04\/waldy-villela_2024-04-25_17-27-16_jpg.webp.webp?fit=300%2C192&ssl=1",300,192,true],"medium_large":["https:\/\/i0.wp.com\/ismaelcolosi.com.br\/wp-content\/uploads\/2024\/04\/waldy-villela_2024-04-25_17-27-16_jpg.webp.webp?fit=768%2C491&ssl=1",768,491,true],"large":["https:\/\/i0.wp.com\/ismaelcolosi.com.br\/wp-content\/uploads\/2024\/04\/waldy-villela_2024-04-25_17-27-16_jpg.webp.webp?fit=844%2C540&ssl=1",844,540,true],"1536x1536":["https:\/\/i0.wp.com\/ismaelcolosi.com.br\/wp-content\/uploads\/2024\/04\/waldy-villela_2024-04-25_17-27-16_jpg.webp.webp?fit=844%2C540&ssl=1",844,540,true],"2048x2048":["https:\/\/i0.wp.com\/ismaelcolosi.com.br\/wp-content\/uploads\/2024\/04\/waldy-villela_2024-04-25_17-27-16_jpg.webp.webp?fit=844%2C540&ssl=1",844,540,true],"really-simple-thumb":["https:\/\/i0.wp.com\/ismaelcolosi.com.br\/wp-content\/uploads\/2024\/04\/waldy-villela_2024-04-25_17-27-16_jpg.webp.webp?resize=370%2C247&ssl=1",370,247,true]},"uagb_author_info":{"display_name":"ismaelcolosi.com.br","author_link":"https:\/\/ismaelcolosi.com.br\/index.php\/author\/vidareal-online\/"},"uagb_comment_info":0,"uagb_excerpt":"Morreu nesta quinta-feira (25) o ex-vereador de Ribeir\u00e3o Preto Waldyr Villela, aos 87 anos. A morte foi confirmada por membros do MDB, partido do ex-parlamentar....","jetpack-related-posts":[{"id":40526,"url":"https:\/\/ismaelcolosi.com.br\/index.php\/2024\/03\/04\/relembre-a-trajetoria-do-ex-prefeito-de-ribeirao-preto-welson-gasparini\/","url_meta":{"origin":47430,"position":0},"title":"Relembre a trajet\u00f3ria do ex-prefeito de Ribeir\u00e3o Preto Welson Gasparini","author":"ismaelcolosi.com.br","date":"4 de March de 2024","format":false,"excerpt":"O ex-prefeito de Ribeir\u00e3o Preto Welson Gasparini morreu nesta segunda-feira (4), aos 87 anos. Gasparini nasceu em Batatais em 1\u00ba de dezembro de 1937, filho de Vict\u00f3rio Gasparini e Deolinda Breguerilli. Al\u00e9m de pol\u00edtico, tamb\u00e9m foi jornalista, radialista, professor e advogado. De acordo com a Unimed Ribeir\u00e3o Preto, o ex-prefeito\u2026","rel":"","context":"In &quot;Not\u00edcias de Ribeir\u00e3o Preto-SP e Regi\u00e3o&quot;","block_context":{"text":"Not\u00edcias de Ribeir\u00e3o Preto-SP e Regi\u00e3o","link":"https:\/\/ismaelcolosi.com.br\/index.php\/category\/noticias-de-ribeirao-preto-sp-e-regiao-ismael-colosi\/"},"img":{"alt_text":"","src":"https:\/\/i0.wp.com\/ismaelcolosi.com.br\/wp-content\/uploads\/2024\/03\/AnyConv.com__gasparini-scaled.webp.webp?fit=1200%2C798&ssl=1&resize=350%2C200","width":350,"height":200,"srcset":"https:\/\/i0.wp.com\/ismaelcolosi.com.br\/wp-content\/uploads\/2024\/03\/AnyConv.com__gasparini-scaled.webp.webp?fit=1200%2C798&ssl=1&resize=350%2C200 1x, https:\/\/i0.wp.com\/ismaelcolosi.com.br\/wp-content\/uploads\/2024\/03\/AnyConv.com__gasparini-scaled.webp.webp?fit=1200%2C798&ssl=1&resize=525%2C300 1.5x, https:\/\/i0.wp.com\/ismaelcolosi.com.br\/wp-content\/uploads\/2024\/03\/AnyConv.com__gasparini-scaled.webp.webp?fit=1200%2C798&ssl=1&resize=700%2C400 2x, https:\/\/i0.wp.com\/ismaelcolosi.com.br\/wp-content\/uploads\/2024\/03\/AnyConv.com__gasparini-scaled.webp.webp?fit=1200%2C798&ssl=1&resize=1050%2C600 3x"},"classes":[]},{"id":76189,"url":"https:\/\/ismaelcolosi.com.br\/index.php\/2024\/11\/11\/preso-ex-vereador-foragido-tribuna-ribeirao\/","url_meta":{"origin":47430,"position":1},"title":"Preso ex-vereador foragido &#8211; Tribuna Ribeir\u00e3o","author":"ismaelcolosi.com.br","date":"11 de November de 2024","format":false,"excerpt":"O ex-vereador de Ribeir\u00e3o Preto Oliveira Junior foi preso no dia 6 de novembro, na cidade de Olinda (PE). Ele estava foragido da Justi\u00e7a desde 2017 ap\u00f3s ter sido condenado em 2015, h\u00e1 vinte ano de pris\u00e3o, pela morte de um advogado e por um atentado contra um radialista no\u2026","rel":"","context":"In &quot;Not\u00edcias de Ribeir\u00e3o Preto-SP e Regi\u00e3o&quot;","block_context":{"text":"Not\u00edcias de Ribeir\u00e3o Preto-SP e Regi\u00e3o","link":"https:\/\/ismaelcolosi.com.br\/index.php\/category\/noticias-de-ribeirao-preto-sp-e-regiao-ismael-colosi\/"},"img":{"alt_text":"","src":"https:\/\/i0.wp.com\/ismaelcolosi.com.br\/wp-content\/uploads\/2024\/11\/b514300b-fb82-46ed-bd5a-da52b966fdc2-scaled.jpeg?fit=680%2C500&ssl=1&resize=350%2C200","width":350,"height":200,"srcset":"https:\/\/i0.wp.com\/ismaelcolosi.com.br\/wp-content\/uploads\/2024\/11\/b514300b-fb82-46ed-bd5a-da52b966fdc2-scaled.jpeg?fit=680%2C500&ssl=1&resize=350%2C200 1x, https:\/\/i0.wp.com\/ismaelcolosi.com.br\/wp-content\/uploads\/2024\/11\/b514300b-fb82-46ed-bd5a-da52b966fdc2-scaled.jpeg?fit=680%2C500&ssl=1&resize=525%2C300 1.5x"},"classes":[]},{"id":44470,"url":"https:\/\/ismaelcolosi.com.br\/index.php\/2024\/03\/27\/walter-gomes-quer-ser-prefeito-de-rp\/","url_meta":{"origin":47430,"position":2},"title":"Walter Gomes quer ser prefeito de RP","author":"ismaelcolosi.com.br","date":"27 de March de 2024","format":false,"excerpt":"O ex-vereador Walter Gomes anunciou, na tarde de ter\u00e7a-feira, 26 de mar\u00e7o, que sair\u00e1 como candidato a prefeito de Ribeir\u00e3o Preto. \u201cEstive em Bras\u00edlia na semana passada e estou aguardando o posicionamento de alguns partidos\u201d, declarou. Tamb\u00e9m existe a possibilidade de composi\u00e7\u00e3o de chapa, e o ex-vereador pode sair como\u2026","rel":"","context":"In &quot;Not\u00edcias de Ribeir\u00e3o Preto-SP e Regi\u00e3o&quot;","block_context":{"text":"Not\u00edcias de Ribeir\u00e3o Preto-SP e Regi\u00e3o","link":"https:\/\/ismaelcolosi.com.br\/index.php\/category\/noticias-de-ribeirao-preto-sp-e-regiao-ismael-colosi\/"},"img":{"alt_text":"","src":"https:\/\/i0.wp.com\/ismaelcolosi.com.br\/wp-content\/uploads\/2024\/03\/imagem-50.jpg?fit=700%2C450&ssl=1&resize=350%2C200","width":350,"height":200,"srcset":"https:\/\/i0.wp.com\/ismaelcolosi.com.br\/wp-content\/uploads\/2024\/03\/imagem-50.jpg?fit=700%2C450&ssl=1&resize=350%2C200 1x, https:\/\/i0.wp.com\/ismaelcolosi.com.br\/wp-content\/uploads\/2024\/03\/imagem-50.jpg?fit=700%2C450&ssl=1&resize=525%2C300 1.5x, https:\/\/i0.wp.com\/ismaelcolosi.com.br\/wp-content\/uploads\/2024\/03\/imagem-50.jpg?fit=700%2C450&ssl=1&resize=700%2C400 2x"},"classes":[]},{"id":38644,"url":"https:\/\/ismaelcolosi.com.br\/index.php\/2024\/02\/20\/ex-prefeito-welson-gasparini-esta-internado-em-hospital-de-ribeirao-preto\/","url_meta":{"origin":47430,"position":3},"title":"Ex-prefeito Welson Gasparini est\u00e1 internado em hospital de Ribeir\u00e3o Preto","author":"ismaelcolosi.com.br","date":"20 de February de 2024","format":false,"excerpt":"O ex-prefeito de Ribeir\u00e3o Preto Welson Gasparini, de 87 anos, est\u00e1 internado no Hospital da Unimed, em Ribeir\u00e3o Preto. A informa\u00e7\u00e3o foi confirmada ao portal acidade on, na noite desta ter\u00e7a-feira (20), pelo filho dele, o vereador Mauricio Gasparini (UNI\u00c3O). Durante sess\u00e3o na C\u00e2mara Municipal desta ter\u00e7a, o vereador Igor\u2026","rel":"","context":"In &quot;Not\u00edcias de Ribeir\u00e3o Preto-SP e Regi\u00e3o&quot;","block_context":{"text":"Not\u00edcias de Ribeir\u00e3o Preto-SP e Regi\u00e3o","link":"https:\/\/ismaelcolosi.com.br\/index.php\/category\/noticias-de-ribeirao-preto-sp-e-regiao-ismael-colosi\/"},"img":{"alt_text":"","src":"https:\/\/i0.wp.com\/ismaelcolosi.com.br\/wp-content\/uploads\/2024\/02\/Copia-de-Copia-de-TAMANHO-EXATO-PARA-FOTOS-NO-SISTEMA-NOVO-42.png?fit=1200%2C675&ssl=1&resize=350%2C200","width":350,"height":200,"srcset":"https:\/\/i0.wp.com\/ismaelcolosi.com.br\/wp-content\/uploads\/2024\/02\/Copia-de-Copia-de-TAMANHO-EXATO-PARA-FOTOS-NO-SISTEMA-NOVO-42.png?fit=1200%2C675&ssl=1&resize=350%2C200 1x, https:\/\/i0.wp.com\/ismaelcolosi.com.br\/wp-content\/uploads\/2024\/02\/Copia-de-Copia-de-TAMANHO-EXATO-PARA-FOTOS-NO-SISTEMA-NOVO-42.png?fit=1200%2C675&ssl=1&resize=525%2C300 1.5x, https:\/\/i0.wp.com\/ismaelcolosi.com.br\/wp-content\/uploads\/2024\/02\/Copia-de-Copia-de-TAMANHO-EXATO-PARA-FOTOS-NO-SISTEMA-NOVO-42.png?fit=1200%2C675&ssl=1&resize=700%2C400 2x, https:\/\/i0.wp.com\/ismaelcolosi.com.br\/wp-content\/uploads\/2024\/02\/Copia-de-Copia-de-TAMANHO-EXATO-PARA-FOTOS-NO-SISTEMA-NOVO-42.png?fit=1200%2C675&ssl=1&resize=1050%2C600 3x"},"classes":[]},{"id":21314,"url":"https:\/\/ismaelcolosi.com.br\/index.php\/2023\/12\/27\/morre-isac-jorge-filho-medico-e-ex-vereador-de-ribeirao-preto\/","url_meta":{"origin":47430,"position":4},"title":"Morre Isac Jorge Filho, m\u00e9dico e ex-vereador de Ribeir\u00e3o Preto","author":"ismaelcolosi.com.br","date":"27 de December de 2023","format":false,"excerpt":"Morreu nesta quarta-feira (27), aos 81 anos, o m\u00e9dico e ex-vereador de Ribeir\u00e3o Preto, Isac Jorge Filho. Formado pela USP de Ribeir\u00e3o Preto e doutorado em Cirurgia pela Faculdade de Ci\u00eancias M\u00e9dicas da Santa Casa de S\u00e3o Paulo, foi presidente do Cremesp (Conselho Regional de Medicina do Estado de S\u00e3o\u2026","rel":"","context":"In &quot;Not\u00edcias de Ribeir\u00e3o Preto-SP e Regi\u00e3o&quot;","block_context":{"text":"Not\u00edcias de Ribeir\u00e3o Preto-SP e Regi\u00e3o","link":"https:\/\/ismaelcolosi.com.br\/index.php\/category\/noticias-de-ribeirao-preto-sp-e-regiao-ismael-colosi\/"},"img":{"alt_text":"","src":"https:\/\/i0.wp.com\/ismaelcolosi.com.br\/wp-content\/uploads\/2023\/12\/Copia-de-Copia-de-TAMANHO-EXATO-PARA-FOTOS-NO-SISTEMA-NOVO-27.png?fit=1200%2C675&ssl=1&resize=350%2C200","width":350,"height":200,"srcset":"https:\/\/i0.wp.com\/ismaelcolosi.com.br\/wp-content\/uploads\/2023\/12\/Copia-de-Copia-de-TAMANHO-EXATO-PARA-FOTOS-NO-SISTEMA-NOVO-27.png?fit=1200%2C675&ssl=1&resize=350%2C200 1x, https:\/\/i0.wp.com\/ismaelcolosi.com.br\/wp-content\/uploads\/2023\/12\/Copia-de-Copia-de-TAMANHO-EXATO-PARA-FOTOS-NO-SISTEMA-NOVO-27.png?fit=1200%2C675&ssl=1&resize=525%2C300 1.5x, https:\/\/i0.wp.com\/ismaelcolosi.com.br\/wp-content\/uploads\/2023\/12\/Copia-de-Copia-de-TAMANHO-EXATO-PARA-FOTOS-NO-SISTEMA-NOVO-27.png?fit=1200%2C675&ssl=1&resize=700%2C400 2x, https:\/\/i0.wp.com\/ismaelcolosi.com.br\/wp-content\/uploads\/2023\/12\/Copia-de-Copia-de-TAMANHO-EXATO-PARA-FOTOS-NO-SISTEMA-NOVO-27.png?fit=1200%2C675&ssl=1&resize=1050%2C600 3x"},"classes":[]},{"id":38903,"url":"https:\/\/ismaelcolosi.com.br\/index.php\/2024\/02\/22\/camara-de-ribeirao-preto-aprova-mocao-contra-lula-entenda\/","url_meta":{"origin":47430,"position":5},"title":"C\u00e2mara de Ribeir\u00e3o Preto aprova mo\u00e7\u00e3o contra Lula; Entenda","author":"ismaelcolosi.com.br","date":"22 de February de 2024","format":false,"excerpt":"A C\u00e2mara de Ribeir\u00e3o Preto aprovou na \u00faltima ter\u00e7a-feira (20) uma mo\u00e7\u00e3o de rep\u00fadio contra o presidente Luiz In\u00e1cio Lula da Silva (PT), por conta das declara\u00e7\u00f5es sobre a guerra entre Israel e o Hamas. A mo\u00e7\u00e3o foi aprovada com13 votos favor\u00e1veis, com 3 votos contr\u00e1rios e uma absten\u00e7\u00e3o \u2013\u2026","rel":"","context":"In &quot;Not\u00edcias de Ribeir\u00e3o Preto-SP e Regi\u00e3o&quot;","block_context":{"text":"Not\u00edcias de Ribeir\u00e3o Preto-SP e Regi\u00e3o","link":"https:\/\/ismaelcolosi.com.br\/index.php\/category\/noticias-de-ribeirao-preto-sp-e-regiao-ismael-colosi\/"},"img":{"alt_text":"","src":"https:\/\/i0.wp.com\/ismaelcolosi.com.br\/wp-content\/uploads\/2024\/02\/lula-1.jpg?fit=1038%2C700&ssl=1&resize=350%2C200","width":350,"height":200,"srcset":"https:\/\/i0.wp.com\/ismaelcolosi.com.br\/wp-content\/uploads\/2024\/02\/lula-1.jpg?fit=1038%2C700&ssl=1&resize=350%2C200 1x, https:\/\/i0.wp.com\/ismaelcolosi.com.br\/wp-content\/uploads\/2024\/02\/lula-1.jpg?fit=1038%2C700&ssl=1&resize=525%2C300 1.5x, https:\/\/i0.wp.com\/ismaelcolosi.com.br\/wp-content\/uploads\/2024\/02\/lula-1.jpg?fit=1038%2C700&ssl=1&resize=700%2C400 2x"},"classes":[]}],"jetpack_sharing_enabled":true,"jetpack_shortlink":"https:\/\/wp.me\/pfMlyK-cl0","_links":{"self":[{"href":"https:\/\/ismaelcolosi.com.br\/index.php\/wp-json\/wp\/v2\/posts\/47430","targetHints":{"allow":["GET"]}}],"collection":[{"href":"https:\/\/ismaelcolosi.com.br\/index.php\/wp-json\/wp\/v2\/posts"}],"about":[{"href":"https:\/\/ismaelcolosi.com.br\/index.php\/wp-json\/wp\/v2\/types\/post"}],"author":[{"embeddable":true,"href":"https:\/\/ismaelcolosi.com.br\/index.php\/wp-json\/wp\/v2\/users\/1"}],"replies":[{"embeddable":true,"href":"https:\/\/ismaelcolosi.com.br\/index.php\/wp-json\/wp\/v2\/comments?post=47430"}],"version-history":[{"count":0,"href":"https:\/\/ismaelcolosi.com.br\/index.php\/wp-json\/wp\/v2\/posts\/47430\/revisions"}],"wp:featuredmedia":[{"embeddable":true,"href":"https:\/\/ismaelcolosi.com.br\/index.php\/wp-json\/wp\/v2\/media\/47431"}],"wp:attachment":[{"href":"https:\/\/ismaelcolosi.com.br\/index.php\/wp-json\/wp\/v2\/media?parent=47430"}],"wp:term":[{"taxonomy":"category","embeddable":true,"href":"https:\/\/ismaelcolosi.com.br\/index.php\/wp-json\/wp\/v2\/categories?post=47430"},{"taxonomy":"post_tag","embeddable":true,"href":"https:\/\/ismaelcolosi.com.br\/index.php\/wp-json\/wp\/v2\/tags?post=47430"}],"curies":[{"name":"wp","href":"https:\/\/api.w.org\/{rel}","templated":true}]}}