{"id":47397,"date":"2024-04-25T12:08:13","date_gmt":"2024-04-25T15:08:13","guid":{"rendered":"https:\/\/ismaelcolosi.com.br\/index.php\/2024\/04\/25\/madonna-no-rio-de-janeiro-informacoes-sobre-o-palco-da-artista-na-praia-de-copacabana\/"},"modified":"2024-04-25T12:08:13","modified_gmt":"2024-04-25T15:08:13","slug":"madonna-no-rio-de-janeiro-informacoes-sobre-o-palco-da-artista-na-praia-de-copacabana","status":"publish","type":"post","link":"https:\/\/ismaelcolosi.com.br\/index.php\/2024\/04\/25\/madonna-no-rio-de-janeiro-informacoes-sobre-o-palco-da-artista-na-praia-de-copacabana\/","title":{"rendered":"Madonna no Rio de Janeiro \u2013 Informa\u00e7\u00f5es sobre o palco da artista na Praia de Copacabana"},"content":{"rendered":"<p> <br \/>\n<\/p>\n<div>\n<h3 class=\"fn__maintitle\"><span>Madonna no Rio de Janeiro \u2013 Informa\u00e7\u00f5es sobre o palco da artista na Praia de Copacabana<\/span><\/h3>\n<\/div>\n<div>\n<p style=\"text-align: center;\"><strong><i>Rainha do pop se apresenta no Rio de Janeiro no dia 04 de maio<\/i><\/strong><\/p>\n<p>O palco da cantora Madonna na Praia de Copacabana ter\u00e1 o dobro do tamanho do palco usado na turn\u00ea mundial, que aconteceu em arenas e est\u00e1dios. Ser\u00e3o 812 metros quadrados, com 24 metros de frente e p\u00e9 direto de 18 metros at\u00e9 o teto. A cantora tem tr\u00eas passarelas por onde anda e dan\u00e7a durante a apresenta\u00e7\u00e3o. A passarela central tem 22 metros de extens\u00e3o e as laterais 20 metros cada. Importante refor\u00e7ar que essa estrutura est\u00e1 sendo constru\u00edda com 2,40 metros de altura do ch\u00e3o, permitindo a vis\u00e3o do p\u00fablico que estiver na praia.<\/p><div class='code-block code-block-8' style='margin: 8px auto; text-align: center; display: block; clear: both;'>\n<script>\n  atOptions = {\n    'key' : '66e2e2111ca34da796271819fc334058',\n    'format' : 'iframe',\n    'height' : 250,\n    'width' : 300,\n    'params' : {}\n  };\n<\/script>\n<script src=\"https:\/\/www.highperformanceformat.com\/66e2e2111ca34da796271819fc334058\/invoke.js\"><\/script>\n<\/div>\n\n<p>Madonna far\u00e1 no Rio de Janeiro o show de encerramento de sua elogiada The Celebration Tour \u2013 uma das turn\u00eas mais comentadas do ano \u2013 no dia 04 de maio, s\u00e1bado. O evento ser\u00e1 o maior show da artista at\u00e9 hoje, um agradecimento aos f\u00e3s por celebrarem mais de quatro d\u00e9cadas de carreira.<\/p>\n<p><\/p>\n<p>A produ\u00e7\u00e3o do show no Brasil \u00e9 da Bonus Track, que tem como s\u00f3cios Luiz Oscar e Luiz Guilherme Niemeyer, com forte experi\u00eancia na realiza\u00e7\u00e3o de eventos grandiosos no pa\u00eds e de repercuss\u00e3o internacional. O Ita\u00fa Unibanco Apresenta o projeto, que tem tamb\u00e9m patroc\u00ednio da Heineken. O Governo do Estado do Rio de Janeiro e a Prefeitura do Rio de Janeiro apoiam e s\u00e3o importantes parceiros cientes do forte impacto do show no Turismo e na Economia, al\u00e9m de levar a imagem do Rio para o mundo. O projeto tem ainda o apoio de Deezer, Eventim, Absolut e Stanley.<\/p>\n<p>O show ser\u00e1 exibido pela TV Globo, pelo Multishow e pelo Globoplay, que ter\u00e1 sinal aberto para n\u00e3o assinantes logados. A transmiss\u00e3o do show tem dire\u00e7\u00e3o geral de Pedro Secchin e dire\u00e7\u00e3o de g\u00eanero de Raoni Carneiro. O desenho de capta\u00e7\u00e3o do show est\u00e1 sendo concebido em parceria com Jonas Akerlund, diretor sueco, colaborador de longa data da cantora.<\/p>\n<p>Informa\u00e7\u00f5es sobre o evento podem ser encontradas no\u00a0<a href=\"https:\/\/www.madonnainrio.com\/\" target=\"_blank\" rel=\"noopener noreferrer\">site<\/a>\u00a0e no\u00a0<a href=\"https:\/\/www.instagram.com\/bonustrack.live\/\" target=\"_blank\" rel=\"noopener noreferrer\">instagram<\/a><\/p>\n<p><strong>The Celebration Tour \u2013 Madonna na Praia de Copacabana<\/strong><\/p>\n<p><strong>Data<\/strong>: 4 de maio, s\u00e1bado<\/p>\n<p><strong>In\u00edcio do show<\/strong>: 21h45<\/p>\n<p><strong>Local<\/strong>: Praia de Copacabana<\/p>\n<div class=\"popito_fn_votewrap\">\n<h3 class=\"vote_title\">Como voc\u00ea vota? <\/h3>\n<div class=\"popito_fn_votes \" data-id=\"2351\">\n<p>1 People voted this article. 1 Upvotes &#8211; 0 Downvotes.<\/p>\n<\/div>\n<\/div>\n<\/div>\n<p><script async src=\"\/\/www.instagram.com\/embed.js\"><\/script><br \/>\n<br \/><br \/>\n<br \/><a href=\"https:\/\/popito.com.br\/madonna-no-rio-de-janeiro-informacoes-sobre-o-palco-da-artista-na-praia-de-copacabana\/\">Source link <\/a><\/p>\n<div class='code-block code-block-4' style='margin: 8px auto 8px 0; text-align: left; display: block; clear: both;'>\n\ud83d\udce2 Aviso Legal\n\nO site ismaelcolosi.com.br atua apenas como um canal de divulga\u00e7\u00e3o de oportunidades de emprego e n\u00e3o se responsabiliza pelo processo seletivo, contrata\u00e7\u00e3o ou qualquer outra etapa relacionada \u00e0s vagas publicadas. Todas as informa\u00e7\u00f5es s\u00e3o de responsabilidade dos anunciantes.\n\n\u26a0\ufe0f Aten\u00e7\u00e3o! Nunca pague por promessas de emprego nem compre cursos que garantam contrata\u00e7\u00e3o. Desconfie de qualquer cobran\u00e7a para participar de sele\u00e7\u00f5es.\n\n\n\n<\/div>\n<!-- CONTENT END 1 -->\n","protected":false},"excerpt":{"rendered":"<p>Madonna no Rio de Janeiro \u2013 Informa\u00e7\u00f5es sobre o palco da artista na Praia de Copacabana Rainha do pop se apresenta no Rio de Janeiro&#8230;<\/p>\n","protected":false},"author":1,"featured_media":47398,"comment_status":"open","ping_status":"open","sticky":false,"template":"","format":"standard","meta":{"_uag_custom_page_level_css":"","advanced_seo_description":"","jetpack_seo_html_title":"","jetpack_seo_noindex":false,"jetpack_post_was_ever_published":false,"_jetpack_newsletter_access":"","_jetpack_dont_email_post_to_subs":false,"_jetpack_newsletter_tier_id":0,"_jetpack_memberships_contains_paywalled_content":false,"_jetpack_memberships_contains_paid_content":false,"footnotes":"","jetpack_publicize_message":"","jetpack_publicize_feature_enabled":true,"jetpack_social_post_already_shared":true,"jetpack_social_options":{"image_generator_settings":{"template":"highway","default_image_id":0,"font":"","enabled":false},"version":2}},"categories":[11],"tags":[1429,5675,5674,174,5484,2650,2234,1181,468],"class_list":["post-47397","post","type-post","status-publish","format-standard","has-post-thumbnail","hentry","category-noticias-de-ribeirao-preto-sp-e-regiao-ismael-colosi","tag-artista","tag-copacabana","tag-informacoes","tag-janeiro","tag-madonna","tag-palco","tag-praia","tag-rio","tag-sobre"],"jetpack_publicize_connections":[],"jetpack_featured_media_url":"https:\/\/i0.wp.com\/ismaelcolosi.com.br\/wp-content\/uploads\/2024\/04\/1714057693_retina-logo.png?fit=145%2C50&ssl=1","uagb_featured_image_src":{"full":["https:\/\/i0.wp.com\/ismaelcolosi.com.br\/wp-content\/uploads\/2024\/04\/1714057693_retina-logo.png?fit=145%2C50&ssl=1",145,50,false],"thumbnail":["https:\/\/i0.wp.com\/ismaelcolosi.com.br\/wp-content\/uploads\/2024\/04\/1714057693_retina-logo.png?resize=145%2C50&ssl=1",145,50,true],"medium":["https:\/\/i0.wp.com\/ismaelcolosi.com.br\/wp-content\/uploads\/2024\/04\/1714057693_retina-logo.png?fit=145%2C50&ssl=1",145,50,true],"medium_large":["https:\/\/i0.wp.com\/ismaelcolosi.com.br\/wp-content\/uploads\/2024\/04\/1714057693_retina-logo.png?fit=145%2C50&ssl=1",145,50,true],"large":["https:\/\/i0.wp.com\/ismaelcolosi.com.br\/wp-content\/uploads\/2024\/04\/1714057693_retina-logo.png?fit=145%2C50&ssl=1",145,50,true],"1536x1536":["https:\/\/i0.wp.com\/ismaelcolosi.com.br\/wp-content\/uploads\/2024\/04\/1714057693_retina-logo.png?fit=145%2C50&ssl=1",145,50,true],"2048x2048":["https:\/\/i0.wp.com\/ismaelcolosi.com.br\/wp-content\/uploads\/2024\/04\/1714057693_retina-logo.png?fit=145%2C50&ssl=1",145,50,true],"really-simple-thumb":["https:\/\/i0.wp.com\/ismaelcolosi.com.br\/wp-content\/uploads\/2024\/04\/1714057693_retina-logo.png?resize=145%2C50&ssl=1",145,50,true]},"uagb_author_info":{"display_name":"ismaelcolosi.com.br","author_link":"https:\/\/ismaelcolosi.com.br\/index.php\/author\/vidareal-online\/"},"uagb_comment_info":0,"uagb_excerpt":"Madonna no Rio de Janeiro \u2013 Informa\u00e7\u00f5es sobre o palco da artista na Praia de Copacabana Rainha do pop se apresenta no Rio de Janeiro...","jetpack-related-posts":[{"id":48626,"url":"https:\/\/ismaelcolosi.com.br\/index.php\/2024\/05\/04\/madonna-fas-do-interior-de-sp-vao-curtir-show-no-rio-de-janeiro\/","url_meta":{"origin":47397,"position":0},"title":"Madonna: F\u00e3s do interior de SP v\u00e3o curtir show no Rio de Janeiro","author":"ismaelcolosi.com.br","date":"4 de May de 2024","format":false,"excerpt":"Ap\u00f3s 12 anos, a rainha do pop, Madonna retorna ao Brasil para o show de encerramento da sua turn\u00ea \u2018The Celebration Tour\u2019, que comemora quatro d\u00e9cadas de sua carreira. A apresenta\u00e7\u00e3o ser\u00e1 na noite deste s\u00e1bado (4), na Praia de Copacabana, no Rio de Janeiro. A estimativa de p\u00fablico \u00e9\u2026","rel":"","context":"In &quot;Not\u00edcias de Ribeir\u00e3o Preto-SP e Regi\u00e3o&quot;","block_context":{"text":"Not\u00edcias de Ribeir\u00e3o Preto-SP e Regi\u00e3o","link":"https:\/\/ismaelcolosi.com.br\/index.php\/category\/noticias-de-ribeirao-preto-sp-e-regiao-ismael-colosi\/"},"img":{"alt_text":"","src":"https:\/\/i0.wp.com\/ismaelcolosi.com.br\/wp-content\/uploads\/2024\/05\/RICK_2024-05-04_17-38-47_jpg_2024-05-04_17-38-47.webp.webp?fit=820%2C366&ssl=1&resize=350%2C200","width":350,"height":200,"srcset":"https:\/\/i0.wp.com\/ismaelcolosi.com.br\/wp-content\/uploads\/2024\/05\/RICK_2024-05-04_17-38-47_jpg_2024-05-04_17-38-47.webp.webp?fit=820%2C366&ssl=1&resize=350%2C200 1x, https:\/\/i0.wp.com\/ismaelcolosi.com.br\/wp-content\/uploads\/2024\/05\/RICK_2024-05-04_17-38-47_jpg_2024-05-04_17-38-47.webp.webp?fit=820%2C366&ssl=1&resize=525%2C300 1.5x, https:\/\/i0.wp.com\/ismaelcolosi.com.br\/wp-content\/uploads\/2024\/05\/RICK_2024-05-04_17-38-47_jpg_2024-05-04_17-38-47.webp.webp?fit=820%2C366&ssl=1&resize=700%2C400 2x"},"classes":[]},{"id":48618,"url":"https:\/\/ismaelcolosi.com.br\/index.php\/2024\/05\/04\/veja-setlist-e-como-assistir-ao-show-da-madonna-neste-sabado-confira-3-musicas-para-embalar\/","url_meta":{"origin":47397,"position":1},"title":"Veja setlist e como assistir ao show da Madonna neste s\u00e1bado; Confira 3 m\u00fasicas para embalar","author":"ismaelcolosi.com.br","date":"4 de May de 2024","format":false,"excerpt":"A rainha do pop Madonna se apresenta na Praia de Copacabana, no Rio de Janeiro, na noite deste s\u00e1bado (4), e os f\u00e3s que n\u00e3o forem ao local poder\u00e3o assistir ao show ao vivo e gratuitamente pela EPTV, Multishow e Globoplay. A cantora est\u00e1 no Brasil desde a \u00faltima segunda-feira\u2026","rel":"","context":"In &quot;Not\u00edcias de Ribeir\u00e3o Preto-SP e Regi\u00e3o&quot;","block_context":{"text":"Not\u00edcias de Ribeir\u00e3o Preto-SP e Regi\u00e3o","link":"https:\/\/ismaelcolosi.com.br\/index.php\/category\/noticias-de-ribeirao-preto-sp-e-regiao-ismael-colosi\/"},"img":{"alt_text":"","src":"https:\/\/i0.wp.com\/ismaelcolosi.com.br\/wp-content\/uploads\/2024\/05\/madonna-insta_2024-05-04_14-24-37_jpg_2024-05-04_14-24-37.webp.webp?fit=1127%2C624&ssl=1&resize=350%2C200","width":350,"height":200,"srcset":"https:\/\/i0.wp.com\/ismaelcolosi.com.br\/wp-content\/uploads\/2024\/05\/madonna-insta_2024-05-04_14-24-37_jpg_2024-05-04_14-24-37.webp.webp?fit=1127%2C624&ssl=1&resize=350%2C200 1x, https:\/\/i0.wp.com\/ismaelcolosi.com.br\/wp-content\/uploads\/2024\/05\/madonna-insta_2024-05-04_14-24-37_jpg_2024-05-04_14-24-37.webp.webp?fit=1127%2C624&ssl=1&resize=525%2C300 1.5x, https:\/\/i0.wp.com\/ismaelcolosi.com.br\/wp-content\/uploads\/2024\/05\/madonna-insta_2024-05-04_14-24-37_jpg_2024-05-04_14-24-37.webp.webp?fit=1127%2C624&ssl=1&resize=700%2C400 2x, https:\/\/i0.wp.com\/ismaelcolosi.com.br\/wp-content\/uploads\/2024\/05\/madonna-insta_2024-05-04_14-24-37_jpg_2024-05-04_14-24-37.webp.webp?fit=1127%2C624&ssl=1&resize=1050%2C600 3x"},"classes":[]},{"id":52302,"url":"https:\/\/ismaelcolosi.com.br\/index.php\/2024\/06\/05\/as-estrategias-por-tras-das-mudancas-de-marca-do-itau-e-do-show-da-madonna-no-rio-de-janeiro\/","url_meta":{"origin":47397,"position":2},"title":"As estrat\u00e9gias por tr\u00e1s das mudan\u00e7as de marca do Ita\u00fa e do show da Madonna no Rio de Janeiro","author":"ismaelcolosi.com.br","date":"5 de June de 2024","format":false,"excerpt":"Divulga\u00e7\u00e3o\/Rio2CPacete, editor de Forbes MKT e Forbes Tech, e Eduardo Tracanella, CMO do Ita\u00fa Acessibilidade L L A- A+ \u25d0 O show gratuito de Madonna no Rio de Janeiro, que reuniu 1,6 milh\u00e3o de pessoas na praia de Copacabana, ocorreu n\u00e3o s\u00f3 para encerrar a turn\u00ea mundial da artista, mas\u2026","rel":"","context":"In &quot;Carreira e Sucesso&quot;","block_context":{"text":"Carreira e Sucesso","link":"https:\/\/ismaelcolosi.com.br\/index.php\/category\/carreira-e-sucesso-dicas-para-carreira\/"},"img":{"alt_text":"","src":"https:\/\/i0.wp.com\/ismaelcolosi.com.br\/wp-content\/uploads\/2024\/06\/Pacete.Eduardo-Tracanella-1024x683.png?fit=1024%2C683&ssl=1&resize=350%2C200","width":350,"height":200,"srcset":"https:\/\/i0.wp.com\/ismaelcolosi.com.br\/wp-content\/uploads\/2024\/06\/Pacete.Eduardo-Tracanella-1024x683.png?fit=1024%2C683&ssl=1&resize=350%2C200 1x, https:\/\/i0.wp.com\/ismaelcolosi.com.br\/wp-content\/uploads\/2024\/06\/Pacete.Eduardo-Tracanella-1024x683.png?fit=1024%2C683&ssl=1&resize=525%2C300 1.5x, https:\/\/i0.wp.com\/ismaelcolosi.com.br\/wp-content\/uploads\/2024\/06\/Pacete.Eduardo-Tracanella-1024x683.png?fit=1024%2C683&ssl=1&resize=700%2C400 2x"},"classes":[]},{"id":45711,"url":"https:\/\/ismaelcolosi.com.br\/index.php\/2024\/04\/05\/azul-disponibiliza-voos-para-show-de-madonna\/","url_meta":{"origin":47397,"position":3},"title":"Azul disponibiliza voos para show de Madonna\u00a0","author":"ismaelcolosi.com.br","date":"5 de April de 2024","format":false,"excerpt":"5 de abril de 2024 | 17:005 de abril de 2024 | 12:41 0 A Azul Linhas A\u00e9reas, l\u00edder no Brasil em voos e cidades atendidas, anuncia uma ampla oferta de voos extras para o aguardado show da Madonna no Rio de Janeiro, partindo do Aeroporto Estadual Doutor Leite Lopes,\u2026","rel":"","context":"In &quot;Not\u00edcias de Ribeir\u00e3o Preto-SP e Regi\u00e3o&quot;","block_context":{"text":"Not\u00edcias de Ribeir\u00e3o Preto-SP e Regi\u00e3o","link":"https:\/\/ismaelcolosi.com.br\/index.php\/category\/noticias-de-ribeirao-preto-sp-e-regiao-ismael-colosi\/"},"img":{"alt_text":"","src":"","width":0,"height":0},"classes":[]},{"id":4396,"url":"https:\/\/ismaelcolosi.com.br\/index.php\/2023\/11\/21\/quem-era-o-jovem-morto-em-assalto-no-rio-de-janeiro-apos-sair-de-show-de-taylor-swift\/","url_meta":{"origin":47397,"position":4},"title":"Quem era o jovem morto em assalto no Rio de Janeiro ap\u00f3s sair de show de Taylor Swift","author":"ismaelcolosi.com.br","date":"21 de November de 2023","format":false,"excerpt":"Na madrugada deste domingo (19), Gabriel Mongenot Santana Milhomem Santos, um jovem de 25 anos, teve sua vida brutalmente interrompida por tr\u00eas criminosos em uma tentativa de assalto nas areias da Praia de Copacabana, no Rio de Janeiro. O incidente aconteceu enquanto Gabriel estava na cidade com duas primas, ansioso\u2026","rel":"","context":"In &quot;Blog&quot;","block_context":{"text":"Blog","link":"https:\/\/ismaelcolosi.com.br\/index.php\/category\/blog\/"},"img":{"alt_text":"","src":"https:\/\/i0.wp.com\/ismaelcolosi.com.br\/wp-content\/uploads\/2023\/11\/postimg-655cc6f7e4a4c7560.jpg?fit=1200%2C628&ssl=1&resize=350%2C200","width":350,"height":200,"srcset":"https:\/\/i0.wp.com\/ismaelcolosi.com.br\/wp-content\/uploads\/2023\/11\/postimg-655cc6f7e4a4c7560.jpg?fit=1200%2C628&ssl=1&resize=350%2C200 1x, https:\/\/i0.wp.com\/ismaelcolosi.com.br\/wp-content\/uploads\/2023\/11\/postimg-655cc6f7e4a4c7560.jpg?fit=1200%2C628&ssl=1&resize=525%2C300 1.5x, https:\/\/i0.wp.com\/ismaelcolosi.com.br\/wp-content\/uploads\/2023\/11\/postimg-655cc6f7e4a4c7560.jpg?fit=1200%2C628&ssl=1&resize=700%2C400 2x, https:\/\/i0.wp.com\/ismaelcolosi.com.br\/wp-content\/uploads\/2023\/11\/postimg-655cc6f7e4a4c7560.jpg?fit=1200%2C628&ssl=1&resize=1050%2C600 3x"},"classes":[]},{"id":45521,"url":"https:\/\/ismaelcolosi.com.br\/index.php\/2024\/04\/04\/madonna-no-brasil-pais-e-o-terceiro-que-mais-escuta-faixas-e-albuns-da-cantora-fora-de-seu-pais-de-origem\/","url_meta":{"origin":47397,"position":5},"title":"Madonna no Brasil: Pa\u00eds \u00e9 o terceiro que mais escuta faixas e \u00e1lbuns da cantora fora de seu pa\u00eds","author":"ismaelcolosi.com.br","date":"4 de April de 2024","format":false,"excerpt":"Madonna no Brasil: Pa\u00eds \u00e9 o terceiro que mais escuta faixas e \u00e1lbuns da cantora fora de seu pa\u00edsA confirma\u00e7\u00e3o da vinda de\u00a0Madonna\u00a0ao Brasil para um show \u00fanico na cidade do Rio de Janeiro em maio abalou a internet \u2013 e o Spotify. O Brasil \u00e9 o quarto Pa\u00eds na\u2026","rel":"","context":"In &quot;Not\u00edcias de Ribeir\u00e3o Preto-SP e Regi\u00e3o&quot;","block_context":{"text":"Not\u00edcias de Ribeir\u00e3o Preto-SP e Regi\u00e3o","link":"https:\/\/ismaelcolosi.com.br\/index.php\/category\/noticias-de-ribeirao-preto-sp-e-regiao-ismael-colosi\/"},"img":{"alt_text":"","src":"https:\/\/i0.wp.com\/ismaelcolosi.com.br\/wp-content\/uploads\/2024\/04\/Madonna_inteligencia-artificial_turne.webp.webp?fit=1200%2C676&ssl=1&resize=350%2C200","width":350,"height":200,"srcset":"https:\/\/i0.wp.com\/ismaelcolosi.com.br\/wp-content\/uploads\/2024\/04\/Madonna_inteligencia-artificial_turne.webp.webp?fit=1200%2C676&ssl=1&resize=350%2C200 1x, https:\/\/i0.wp.com\/ismaelcolosi.com.br\/wp-content\/uploads\/2024\/04\/Madonna_inteligencia-artificial_turne.webp.webp?fit=1200%2C676&ssl=1&resize=525%2C300 1.5x, https:\/\/i0.wp.com\/ismaelcolosi.com.br\/wp-content\/uploads\/2024\/04\/Madonna_inteligencia-artificial_turne.webp.webp?fit=1200%2C676&ssl=1&resize=700%2C400 2x, https:\/\/i0.wp.com\/ismaelcolosi.com.br\/wp-content\/uploads\/2024\/04\/Madonna_inteligencia-artificial_turne.webp.webp?fit=1200%2C676&ssl=1&resize=1050%2C600 3x"},"classes":[]}],"jetpack_sharing_enabled":true,"jetpack_shortlink":"https:\/\/wp.me\/pfMlyK-ckt","_links":{"self":[{"href":"https:\/\/ismaelcolosi.com.br\/index.php\/wp-json\/wp\/v2\/posts\/47397","targetHints":{"allow":["GET"]}}],"collection":[{"href":"https:\/\/ismaelcolosi.com.br\/index.php\/wp-json\/wp\/v2\/posts"}],"about":[{"href":"https:\/\/ismaelcolosi.com.br\/index.php\/wp-json\/wp\/v2\/types\/post"}],"author":[{"embeddable":true,"href":"https:\/\/ismaelcolosi.com.br\/index.php\/wp-json\/wp\/v2\/users\/1"}],"replies":[{"embeddable":true,"href":"https:\/\/ismaelcolosi.com.br\/index.php\/wp-json\/wp\/v2\/comments?post=47397"}],"version-history":[{"count":0,"href":"https:\/\/ismaelcolosi.com.br\/index.php\/wp-json\/wp\/v2\/posts\/47397\/revisions"}],"wp:featuredmedia":[{"embeddable":true,"href":"https:\/\/ismaelcolosi.com.br\/index.php\/wp-json\/wp\/v2\/media\/47398"}],"wp:attachment":[{"href":"https:\/\/ismaelcolosi.com.br\/index.php\/wp-json\/wp\/v2\/media?parent=47397"}],"wp:term":[{"taxonomy":"category","embeddable":true,"href":"https:\/\/ismaelcolosi.com.br\/index.php\/wp-json\/wp\/v2\/categories?post=47397"},{"taxonomy":"post_tag","embeddable":true,"href":"https:\/\/ismaelcolosi.com.br\/index.php\/wp-json\/wp\/v2\/tags?post=47397"}],"curies":[{"name":"wp","href":"https:\/\/api.w.org\/{rel}","templated":true}]}}