{"id":47319,"date":"2024-04-25T06:13:39","date_gmt":"2024-04-25T09:13:39","guid":{"rendered":"https:\/\/ismaelcolosi.com.br\/index.php\/2024\/04\/25\/quem-foi-samuel-barata-o-bilionario-das-farmacias\/"},"modified":"2024-04-25T06:13:39","modified_gmt":"2024-04-25T09:13:39","slug":"quem-foi-samuel-barata-o-bilionario-das-farmacias","status":"publish","type":"post","link":"https:\/\/ismaelcolosi.com.br\/index.php\/2024\/04\/25\/quem-foi-samuel-barata-o-bilionario-das-farmacias\/","title":{"rendered":"Quem foi Samuel Barata, o bilion\u00e1rio das farm\u00e1cias"},"content":{"rendered":"<p> <br \/>\n<\/p>\n<div>\n<div id=\"attachment_607691\" class=\"wp-caption alignnone style=\" max-width:=\"\"><img data-recalc-dims=\"1\" fetchpriority=\"high\" decoding=\"async\" class=\"alignnone wp-image-607691 size-full\" src=\"https:\/\/i0.wp.com\/forbes.com.br\/wp-content\/uploads\/2024\/04\/money-drogarias-pacheco-768x512.jpg?resize=678%2C452&#038;ssl=1\" http:=\"\" alt=\"Divulga\u00e7\u00e3o\" width=\"678\" height=\"452\" data-lazy-src=\"https:\/\/forbes.com.br\/wp-content\/uploads\/2024\/04\/money-drogarias-pacheco-768x512.jpg\"\/><img data-recalc-dims=\"1\" fetchpriority=\"high\" decoding=\"async\" class=\"alignnone wp-image-607691 size-full\" src=\"https:\/\/i0.wp.com\/forbes.com.br\/wp-content\/uploads\/2024\/04\/money-drogarias-pacheco-768x512.jpg?resize=678%2C452&#038;ssl=1\" alt=\"Divulga\u00e7\u00e3o\" width=\"678\" height=\"452\"\/><\/p>\n<p>Divulga\u00e7\u00e3o<\/p><div class='code-block code-block-8' style='margin: 8px auto; text-align: center; display: block; clear: both;'>\n<script>\n  atOptions = {\n    'key' : '66e2e2111ca34da796271819fc334058',\n    'format' : 'iframe',\n    'height' : 250,\n    'width' : 300,\n    'params' : {}\n  };\n<\/script>\n<script src=\"https:\/\/www.highperformanceformat.com\/66e2e2111ca34da796271819fc334058\/invoke.js\"><\/script>\n<\/div>\n\n<p class=\"wp-caption-text\">Samuel Barata adquiriu a Drogarias Pacheco em 1974 e conduziu a fus\u00e3o da empresa com a Drogaria S\u00e3o Paulo em 2011<\/p>\n<\/div>\n<p>Discreto. Pouco impulsivo. Cauteloso. E com um tino inquestion\u00e1vel para os neg\u00f3cios. Esse foi o bilion\u00e1rio Samuel Barata (1931-2024), falecido no Rio de Janeiro nesta segunda-feira (22). Em seu comportamento, Samuel era o oposto do irm\u00e3o Jacob (1932-2023), empres\u00e1rio do setor de transportes urbano no Rio. Jacob gostava de uma festa. Samuel, se pudesse, ficaria invis\u00edvel. Ele se vestia com discri\u00e7\u00e3o. N\u00e3o ostentava nos carros que possu\u00eda. Fugia de fot\u00f3grafos e jornalistas. Pode procurar: nenhuma foto ilustrou as dezenas de obitu\u00e1rios publicados comentando a not\u00edcia.<\/p>\n<p>Acionista controlador do grupo Drogaria S\u00e3o Paulo e Pacheco (DPSP), Barata era um homem rico. Estava na<strong> 74\u00aa posi\u00e7\u00e3o na lista de bilion\u00e1rios brasileiros publicada pela Forbes em 2023<\/strong>, com um patrim\u00f4nio de R$ 5 bilh\u00f5es. Sua longa trajet\u00f3ria empresarial mostra que ele era um empres\u00e1rio competente. E que, j\u00e1 com seus 80 anos, foi capaz de ser flex\u00edvel a ponto de costurar uma fus\u00e3o que criou a, at\u00e9 agora, segunda maior rede de farm\u00e1cias do Pa\u00eds.<\/p>\n<ul>\n<li>\n<h4>Siga o canal da <a href=\"https:\/\/whatsapp.com\/channel\/0029Va9gQKwBFLgM96cJnu0u\" target=\"_blank\" rel=\"noopener\">Forbes<\/a> e de <a href=\"https:\/\/whatsapp.com\/channel\/0029VaAZk57JuyA9F4UwQc2I\" target=\"_blank\" rel=\"noopener\">Forbes Money<\/a> no WhatsApp e receba as principais not\u00edcias sobre neg\u00f3cios, carreira, tecnologia e estilo de vida<\/h4>\n<\/li>\n<\/ul>\n<p>Barata come\u00e7ou a empreender no setor farmac\u00eautico nos anos 1970, ao comprar uma distribuidora de medicamentos no Rio de Janeiro criada por um ex-balconista da primeira unidade da Drogarias Pacheco. Pouco tempo depois, percebeu que as margens de lucro eram mais gordinhas nas vendas ao consumidor final. Apesar de serem um mercado na \u00e9poca muito mais fragmentado do que atualmente, as farm\u00e1cias tinham um bom poder de barganha perante as distribuidoras.<\/p>\n<p>Tr\u00eas anos mais tarde, Barata adquiriu tamb\u00e9m a loja da Drogarias Pacheco, fundada em 1892 pelo empres\u00e1rio Jos\u00e9 Magalh\u00e3es Pacheco. Barata logo iniciou uma expans\u00e3o que, na \u00e9poca da fus\u00e3o com a Drogaria S\u00e3o Paulo, em 2011, levou a rede a ter 343 pontos de venda nos estados do Rio de Janeiro, S\u00e3o Paulo, Minas Gerais e Esp\u00edrito Santo.<\/p>\n<h2>Setor competitivo<\/h2>\n<p>A longevidade da empresa de Barata mostra sua capacidade empresarial. Em um pa\u00eds onde a cobertura m\u00e9dica est\u00e1 restrita aos grandes centros e s\u00f3 h\u00e1 poucos anos come\u00e7ou a haver um controle mais estrito sobre a venda de medicamentos (como antibi\u00f3ticos, por exemplo), as farm\u00e1cias funcionam como um posto m\u00e9dico informal.<\/p>\n<p>Segundo dados do Conselho Federal de Farm\u00e1cias, existem cerca de 90 mil farm\u00e1cias no pa\u00eds, em compara\u00e7\u00e3o com 55 mil em 2003. O crescimento \u00e9 de 63% em 20 anos. Com muitas uma do lado da outra, \u00e9 f\u00e1cil para o consumidor procurar pre\u00e7o, o que impede o crescimento das margens.<\/p>\n<p>Prova de como o setor \u00e9 competitivo foi o resultado decepcionante do grupo BR Pharma. Criado em 2008 pelo banco BTG Pactual, a meta da empresa \u2013 que tinha recursos abundantes \u00e0 disposi\u00e7\u00e3o, por ter aberto capital na B3 \u2013 era ser o grande consolidador do setor. No entanto, as dificuldades do setor levaram a empresa \u00e0 recupera\u00e7\u00e3o judicial nove anos depois e \u00e0 fal\u00eancia, decretada pela Justi\u00e7a em 2019.<\/p>\n<p>Barata e sua Drogaria Pacheco conseguiram navegar por essas \u00e1guas turbulentas. S\u00f3 quando uma fus\u00e3o gerou a concorrente RaiaDrogasil ele percebeu ser necess\u00e1rio ganhar musculatura a partir da expans\u00e3o inorg\u00e2nica.<\/p>\n<p>Sem citar a causa da morte de Barata, o Grupo DPSP lamentou o falecimento, destacando que o empres\u00e1rio foi respons\u00e1vel por revolucionar o varejo farmac\u00eautico e por expandir a rede.<\/p>\n<p>O empres\u00e1rio deixa quatro filhos, oito netos e 12 bisnetos. Seu irm\u00e3o, Jacob Barata, conhecido como o \u201cRei dos \u00d4nibus\u201d do Rio, morreu em dezembro do ano passado, ao 91 anos.<\/p>\n<p><strong>Leia tamb\u00e9m:<\/strong><\/p>\n<h2>Jacob Barata, o \u201cRei dos \u00d4nibus\u201d<\/h2>\n<p>Paraense de Bel\u00e9m, Jacob Barata foi um dos fundadores do Grupo Guanabara, um dos maiores conglomerados de companhias de \u00f4nibus do pa\u00eds, que conta com mais de 30 empresas, principalmente na regi\u00e3o metropolitana do Rio de Janeiro. Um banco e concession\u00e1rias de ve\u00edculos comerciais Mercedes Benz tamb\u00e9m fazem parte do grupo fundado em 1968 e que tem mais de 8 mil funcion\u00e1rios.<\/p>\n<p>Seu filho, Jacob Barata Filho, empres\u00e1rio tamb\u00e9m do ramo de transporte de passageiros, herdou o apelido de Rei dos \u00d4nibus. Em novembro de 2020, Barata Filho foi condenado pela Justi\u00e7a Federal no Rio de Janeiro a mais de 28 anos de pris\u00e3o por corrup\u00e7\u00e3o.<\/p>\n<p>A condena\u00e7\u00e3o foi no \u00e2mbito da Opera\u00e7\u00e3o Ponto Final, que investigou o pagamento de propina a pol\u00edticos por empres\u00e1rios do setor de transporte p\u00fablico, para obter vantagens no valor das tarifas e outras benesses. No entanto, o Tribunal Regional Federal da 2\u00aa Regi\u00e3o anulou a condena\u00e7\u00e3o e remeteu o processo para a Justi\u00e7a estadual.<\/p>\n<\/div>\n<p><script type=\"rocketlazyloadscript\">\n\t\t\t\t(function(d, s, id){\n\t\t\t\t\tvar js, fjs = d.getElementsByTagName(s)[0];\n\t\t\t\t\tif (d.getElementById(id)) return;\n\t\t\t\t\tjs = d.createElement(s); js.id = id;\n\t\t\t\t\tjs.src = \"\/\/connect.facebook.net\/pt_BR\/sdk.js#xfbml=1&version=v2.9\";\n\t\t\t\t\tfjs.parentNode.insertBefore(js, fjs);\n\t\t\t\t}(document, 'script', 'facebook-jssdk'));\n\t\t\t<\/script><br \/>\n<br \/><br \/>\n<br \/><a href=\"https:\/\/forbes.com.br\/forbes-money\/2024\/04\/quem-foi-samuel-barata-bilionario-das-farmacias-que-morreu-nesta-semana\/\">Source link <\/a><\/p>\n<div class='code-block code-block-4' style='margin: 8px auto 8px 0; text-align: left; display: block; clear: both;'>\n\ud83d\udce2 Aviso Legal\n\nO site ismaelcolosi.com.br atua apenas como um canal de divulga\u00e7\u00e3o de oportunidades de emprego e n\u00e3o se responsabiliza pelo processo seletivo, contrata\u00e7\u00e3o ou qualquer outra etapa relacionada \u00e0s vagas publicadas. Todas as informa\u00e7\u00f5es s\u00e3o de responsabilidade dos anunciantes.\n\n\u26a0\ufe0f Aten\u00e7\u00e3o! Nunca pague por promessas de emprego nem compre cursos que garantam contrata\u00e7\u00e3o. Desconfie de qualquer cobran\u00e7a para participar de sele\u00e7\u00f5es.\n\n\n\n<\/div>\n<!-- CONTENT END 1 -->\n","protected":false},"excerpt":{"rendered":"<p>Divulga\u00e7\u00e3o Samuel Barata adquiriu a Drogarias Pacheco em 1974 e conduziu a fus\u00e3o da empresa com a Drogaria S\u00e3o Paulo em 2011 Discreto. Pouco impulsivo&#8230;.<\/p>\n","protected":false},"author":1,"featured_media":47320,"comment_status":"open","ping_status":"open","sticky":false,"template":"","format":"standard","meta":{"_uag_custom_page_level_css":"","advanced_seo_description":"","jetpack_seo_html_title":"","jetpack_seo_noindex":false,"jetpack_post_was_ever_published":false,"_jetpack_newsletter_access":"","_jetpack_dont_email_post_to_subs":false,"_jetpack_newsletter_tier_id":0,"_jetpack_memberships_contains_paywalled_content":false,"_jetpack_memberships_contains_paid_content":false,"footnotes":"","jetpack_publicize_message":"","jetpack_publicize_feature_enabled":true,"jetpack_social_post_already_shared":true,"jetpack_social_options":{"image_generator_settings":{"template":"highway","default_image_id":0,"font":"","enabled":false},"version":2}},"categories":[1964],"tags":[],"class_list":["post-47319","post","type-post","status-publish","format-standard","has-post-thumbnail","hentry","category-carreira-e-sucesso-dicas-para-carreira"],"jetpack_publicize_connections":[],"jetpack_featured_media_url":"https:\/\/i0.wp.com\/ismaelcolosi.com.br\/wp-content\/uploads\/2024\/04\/money-drogarias-pacheco-1024x683.jpg?fit=1024%2C683&ssl=1","uagb_featured_image_src":{"full":["https:\/\/i0.wp.com\/ismaelcolosi.com.br\/wp-content\/uploads\/2024\/04\/money-drogarias-pacheco-1024x683.jpg?fit=1024%2C683&ssl=1",1024,683,false],"thumbnail":["https:\/\/i0.wp.com\/ismaelcolosi.com.br\/wp-content\/uploads\/2024\/04\/money-drogarias-pacheco-1024x683.jpg?resize=150%2C150&ssl=1",150,150,true],"medium":["https:\/\/i0.wp.com\/ismaelcolosi.com.br\/wp-content\/uploads\/2024\/04\/money-drogarias-pacheco-1024x683.jpg?fit=300%2C200&ssl=1",300,200,true],"medium_large":["https:\/\/i0.wp.com\/ismaelcolosi.com.br\/wp-content\/uploads\/2024\/04\/money-drogarias-pacheco-1024x683.jpg?fit=768%2C512&ssl=1",768,512,true],"large":["https:\/\/i0.wp.com\/ismaelcolosi.com.br\/wp-content\/uploads\/2024\/04\/money-drogarias-pacheco-1024x683.jpg?fit=1024%2C683&ssl=1",1024,683,true],"1536x1536":["https:\/\/i0.wp.com\/ismaelcolosi.com.br\/wp-content\/uploads\/2024\/04\/money-drogarias-pacheco-1024x683.jpg?fit=1024%2C683&ssl=1",1024,683,true],"2048x2048":["https:\/\/i0.wp.com\/ismaelcolosi.com.br\/wp-content\/uploads\/2024\/04\/money-drogarias-pacheco-1024x683.jpg?fit=1024%2C683&ssl=1",1024,683,true],"really-simple-thumb":["https:\/\/i0.wp.com\/ismaelcolosi.com.br\/wp-content\/uploads\/2024\/04\/money-drogarias-pacheco-1024x683.jpg?resize=370%2C247&ssl=1",370,247,true]},"uagb_author_info":{"display_name":"ismaelcolosi.com.br","author_link":"https:\/\/ismaelcolosi.com.br\/index.php\/author\/vidareal-online\/"},"uagb_comment_info":0,"uagb_excerpt":"Divulga\u00e7\u00e3o Samuel Barata adquiriu a Drogarias Pacheco em 1974 e conduziu a fus\u00e3o da empresa com a Drogaria S\u00e3o Paulo em 2011 Discreto. Pouco impulsivo....","jetpack-related-posts":[{"id":62599,"url":"https:\/\/ismaelcolosi.com.br\/index.php\/2024\/08\/28\/veja-qual-regiao-de-ribeirao-tem-a-cesta-basica-mais-barata\/","url_meta":{"origin":47319,"position":0},"title":"Veja qual regi\u00e3o de Ribeir\u00e3o tem a cesta b\u00e1sica mais barata","author":"ismaelcolosi.com.br","date":"28 de August de 2024","format":false,"excerpt":"Uma pesquisa realizada pelo Instituto de Economia Maur\u00edlio Biagi (Iemb) da Associa\u00e7\u00e3o Comercial e Industrial de Ribeir\u00e3o Preto (Acirp) mostrou que a cesta b\u00e1sica, em Ribeir\u00e3o Preto, reduziu em 1,8% em agosto de 2024. A pesquisa foi feita em dez supermercados\/hipermercados e quatro panificadoras distribu\u00eddas entre todas as regi\u00f5es do\u2026","rel":"","context":"In &quot;Not\u00edcias de Ribeir\u00e3o Preto-SP e Regi\u00e3o&quot;","block_context":{"text":"Not\u00edcias de Ribeir\u00e3o Preto-SP e Regi\u00e3o","link":"https:\/\/ismaelcolosi.com.br\/index.php\/category\/noticias-de-ribeirao-preto-sp-e-regiao-ismael-colosi\/"},"img":{"alt_text":"","src":"https:\/\/i0.wp.com\/ismaelcolosi.com.br\/wp-content\/uploads\/2024\/08\/cesta_basica_1200x675_07022022110630.jpg?fit=1200%2C675&ssl=1&resize=350%2C200","width":350,"height":200,"srcset":"https:\/\/i0.wp.com\/ismaelcolosi.com.br\/wp-content\/uploads\/2024\/08\/cesta_basica_1200x675_07022022110630.jpg?fit=1200%2C675&ssl=1&resize=350%2C200 1x, https:\/\/i0.wp.com\/ismaelcolosi.com.br\/wp-content\/uploads\/2024\/08\/cesta_basica_1200x675_07022022110630.jpg?fit=1200%2C675&ssl=1&resize=525%2C300 1.5x, https:\/\/i0.wp.com\/ismaelcolosi.com.br\/wp-content\/uploads\/2024\/08\/cesta_basica_1200x675_07022022110630.jpg?fit=1200%2C675&ssl=1&resize=700%2C400 2x, https:\/\/i0.wp.com\/ismaelcolosi.com.br\/wp-content\/uploads\/2024\/08\/cesta_basica_1200x675_07022022110630.jpg?fit=1200%2C675&ssl=1&resize=1050%2C600 3x"},"classes":[]},{"id":13672,"url":"https:\/\/ismaelcolosi.com.br\/index.php\/2023\/12\/10\/como-usar-o-google-flights-para-conseguir-passagem-aerea-barata\/","url_meta":{"origin":47319,"position":1},"title":"Como usar o Google Flights para conseguir passagem a\u00e9rea barata","author":"ismaelcolosi.com.br","date":"10 de December de 2023","format":false,"excerpt":"Procurando o melhor momento para comprar passagem a\u00e9rea mais barata, mas n\u00e3o tem tempo para ficar pesquisando na internet? O Google Flights lan\u00e7ou recentemente uma nova funcionalidade que indica o momento certo para comprar o bilhete a\u00e9reo. Al\u00e9m de indicar o indica o momento ideal para conseguir os melhores descontos,\u2026","rel":"","context":"In &quot;Variedades&quot;","block_context":{"text":"Variedades","link":"https:\/\/ismaelcolosi.com.br\/index.php\/category\/variedades\/"},"img":{"alt_text":"","src":"https:\/\/i0.wp.com\/ismaelcolosi.com.br\/wp-content\/uploads\/2023\/12\/aeroporto.jpg?fit=1200%2C638&ssl=1&resize=350%2C200","width":350,"height":200,"srcset":"https:\/\/i0.wp.com\/ismaelcolosi.com.br\/wp-content\/uploads\/2023\/12\/aeroporto.jpg?fit=1200%2C638&ssl=1&resize=350%2C200 1x, https:\/\/i0.wp.com\/ismaelcolosi.com.br\/wp-content\/uploads\/2023\/12\/aeroporto.jpg?fit=1200%2C638&ssl=1&resize=525%2C300 1.5x, https:\/\/i0.wp.com\/ismaelcolosi.com.br\/wp-content\/uploads\/2023\/12\/aeroporto.jpg?fit=1200%2C638&ssl=1&resize=700%2C400 2x, https:\/\/i0.wp.com\/ismaelcolosi.com.br\/wp-content\/uploads\/2023\/12\/aeroporto.jpg?fit=1200%2C638&ssl=1&resize=1050%2C600 3x"},"classes":[]},{"id":40064,"url":"https:\/\/ismaelcolosi.com.br\/index.php\/2024\/02\/29\/ossada-humana-e-encontrada-as-margens-de-rio-na-regiao-de-ribeirao-preto\/","url_meta":{"origin":47319,"position":2},"title":"Ossada humana \u00e9 encontrada \u00e0s margens de rio na regi\u00e3o de Ribeir\u00e3o Preto","author":"ismaelcolosi.com.br","date":"29 de February de 2024","format":false,"excerpt":"Uma ossada humana foi encontrada em uma fazenda, pr\u00f3ximo ao Rio Grande, em Col\u00f4mbia, cidade na regi\u00e3o de Ribeir\u00e3o Preto, nesta quinta-feira (29). De acordo com o boletim de ocorr\u00eancia (BO), os ossos foram encontrados por um funcion\u00e1rio da fazenda, enquanto o mesmo estava vigiando o gado do local. A\u2026","rel":"","context":"In &quot;Not\u00edcias de Ribeir\u00e3o Preto-SP e Regi\u00e3o&quot;","block_context":{"text":"Not\u00edcias de Ribeir\u00e3o Preto-SP e Regi\u00e3o","link":"https:\/\/ismaelcolosi.com.br\/index.php\/category\/noticias-de-ribeirao-preto-sp-e-regiao-ismael-colosi\/"},"img":{"alt_text":"","src":"https:\/\/i0.wp.com\/ismaelcolosi.com.br\/wp-content\/uploads\/2024\/02\/WhatsApp-Image-2024-02-29-at-18.42.57.jpeg?fit=1156%2C867&ssl=1&resize=350%2C200","width":350,"height":200,"srcset":"https:\/\/i0.wp.com\/ismaelcolosi.com.br\/wp-content\/uploads\/2024\/02\/WhatsApp-Image-2024-02-29-at-18.42.57.jpeg?fit=1156%2C867&ssl=1&resize=350%2C200 1x, https:\/\/i0.wp.com\/ismaelcolosi.com.br\/wp-content\/uploads\/2024\/02\/WhatsApp-Image-2024-02-29-at-18.42.57.jpeg?fit=1156%2C867&ssl=1&resize=525%2C300 1.5x, https:\/\/i0.wp.com\/ismaelcolosi.com.br\/wp-content\/uploads\/2024\/02\/WhatsApp-Image-2024-02-29-at-18.42.57.jpeg?fit=1156%2C867&ssl=1&resize=700%2C400 2x, https:\/\/i0.wp.com\/ismaelcolosi.com.br\/wp-content\/uploads\/2024\/02\/WhatsApp-Image-2024-02-29-at-18.42.57.jpeg?fit=1156%2C867&ssl=1&resize=1050%2C600 3x"},"classes":[]},{"id":89195,"url":"https:\/\/ismaelcolosi.com.br\/index.php\/2026\/02\/17\/bilionario-presidente-do-conselho-da-rede-de-hoteis-hyatt-se-aposenta-apos-associacao-com-epstein\/","url_meta":{"origin":47319,"position":3},"title":"Bilion\u00e1rio Presidente do Conselho da Rede de Hot\u00e9is Hyatt se Aposenta ap\u00f3s Associa\u00e7\u00e3o com Epstein","author":"ismaelcolosi.com.br","date":"17 de February de 2026","format":false,"excerpt":"O bilion\u00e1rio presidente do conselho da Hyatt Hotels deixar\u00e1 o cargo na empresa ap\u00f3s sua associa\u00e7\u00e3o com o financista Jeffrey Epstein ter sido revelada em documentos divulgados pelo Departamento de Justi\u00e7a dos Estados Unidos no fim do ano passado. Thomas Pritzker, o segundo mais rico entre os 13 herdeiros bilion\u00e1rios\u2026","rel":"","context":"In &quot;Carreira e Sucesso&quot;","block_context":{"text":"Carreira e Sucesso","link":"https:\/\/ismaelcolosi.com.br\/index.php\/category\/carreira-e-sucesso-dicas-para-carreira\/"},"img":{"alt_text":"","src":"https:\/\/i0.wp.com\/ismaelcolosi.com.br\/wp-content\/uploads\/2026\/02\/money-Thomas-Pritzker-hyatt-1200x675.jpg?fit=1200%2C675&ssl=1&resize=350%2C200","width":350,"height":200,"srcset":"https:\/\/i0.wp.com\/ismaelcolosi.com.br\/wp-content\/uploads\/2026\/02\/money-Thomas-Pritzker-hyatt-1200x675.jpg?fit=1200%2C675&ssl=1&resize=350%2C200 1x, https:\/\/i0.wp.com\/ismaelcolosi.com.br\/wp-content\/uploads\/2026\/02\/money-Thomas-Pritzker-hyatt-1200x675.jpg?fit=1200%2C675&ssl=1&resize=525%2C300 1.5x, https:\/\/i0.wp.com\/ismaelcolosi.com.br\/wp-content\/uploads\/2026\/02\/money-Thomas-Pritzker-hyatt-1200x675.jpg?fit=1200%2C675&ssl=1&resize=700%2C400 2x, https:\/\/i0.wp.com\/ismaelcolosi.com.br\/wp-content\/uploads\/2026\/02\/money-Thomas-Pritzker-hyatt-1200x675.jpg?fit=1200%2C675&ssl=1&resize=1050%2C600 3x"},"classes":[]},{"id":77952,"url":"https:\/\/ismaelcolosi.com.br\/index.php\/2024\/11\/29\/conta-de-luz-vai-ficar-mais-barata-aneel-aciona-nova-bandeira-em-dezembro\/","url_meta":{"origin":47319,"position":4},"title":"Conta de luz vai ficar mais barata? Aneel aciona nova bandeira em dezembro","author":"ismaelcolosi.com.br","date":"29 de November de 2024","format":false,"excerpt":"A bandeira tarif\u00e1ria para o m\u00eas de dezembro ser\u00e1 verde, sem cobran\u00e7a extra na conta de luz. Segundo a Ag\u00eancia Nacional de Energia El\u00e9trica (Aneel), a mudan\u00e7a foi poss\u00edvel gra\u00e7as \u00e0 \u201cexpressiva melhora das condi\u00e7\u00f5es de gera\u00e7\u00e3o de energia\u201d no pa\u00eds.\u00a0 \u201cNas \u00faltimas semanas, o per\u00edodo chuvoso mais intenso favoreceu\u2026","rel":"","context":"In &quot;Not\u00edcias de Ribeir\u00e3o Preto-SP e Regi\u00e3o&quot;","block_context":{"text":"Not\u00edcias de Ribeir\u00e3o Preto-SP e Regi\u00e3o","link":"https:\/\/ismaelcolosi.com.br\/index.php\/category\/noticias-de-ribeirao-preto-sp-e-regiao-ismael-colosi\/"},"img":{"alt_text":"","src":"https:\/\/i0.wp.com\/ismaelcolosi.com.br\/wp-content\/uploads\/2024\/11\/energia_elxtrica_luz_lxmpada_interruptor.jpg_231334169.png?fit=600%2C400&ssl=1&resize=350%2C200","width":350,"height":200,"srcset":"https:\/\/i0.wp.com\/ismaelcolosi.com.br\/wp-content\/uploads\/2024\/11\/energia_elxtrica_luz_lxmpada_interruptor.jpg_231334169.png?fit=600%2C400&ssl=1&resize=350%2C200 1x, https:\/\/i0.wp.com\/ismaelcolosi.com.br\/wp-content\/uploads\/2024\/11\/energia_elxtrica_luz_lxmpada_interruptor.jpg_231334169.png?fit=600%2C400&ssl=1&resize=525%2C300 1.5x"},"classes":[]},{"id":73172,"url":"https:\/\/ismaelcolosi.com.br\/index.php\/2024\/10\/25\/supremo-tribunal-federal-assume-conciliacao-de-acordo-bilionario-para-reparacao-do-desastre-de-mariana\/","url_meta":{"origin":47319,"position":5},"title":"Supremo Tribunal Federal Assume Concilia\u00e7\u00e3o de Acordo Bilion\u00e1rio para Repara\u00e7\u00e3o do Desastre de Mariana","author":"ismaelcolosi.com.br","date":"25 de October de 2024","format":false,"excerpt":"O Supremo Tribunal Federal (STF) anunciou que assumir\u00e1 a concilia\u00e7\u00e3o do acordo de repara\u00e7\u00e3o para o desastre de Mariana, ocorrido em novembro de 2015, com o objetivo de agilizar o processo e assegurar uma compensa\u00e7\u00e3o adequada para as v\u00edtimas e comunidades atingidas. O caso, que h\u00e1 anos se arrasta na\u2026","rel":"","context":"In &quot;Not\u00edcias de Ribeir\u00e3o Preto-SP e Regi\u00e3o&quot;","block_context":{"text":"Not\u00edcias de Ribeir\u00e3o Preto-SP e Regi\u00e3o","link":"https:\/\/ismaelcolosi.com.br\/index.php\/category\/noticias-de-ribeirao-preto-sp-e-regiao-ismael-colosi\/"},"img":{"alt_text":"","src":"https:\/\/i0.wp.com\/ismaelcolosi.com.br\/wp-content\/uploads\/2024\/10\/antonio_cruz_070120jc_trabalhos-das-equipes-do-corpo-de-bombeiros-em-mariana-mg-apos-rompimento-de-barragem_071120150045313_0.webp.webp?fit=1170%2C700&ssl=1&resize=350%2C200","width":350,"height":200,"srcset":"https:\/\/i0.wp.com\/ismaelcolosi.com.br\/wp-content\/uploads\/2024\/10\/antonio_cruz_070120jc_trabalhos-das-equipes-do-corpo-de-bombeiros-em-mariana-mg-apos-rompimento-de-barragem_071120150045313_0.webp.webp?fit=1170%2C700&ssl=1&resize=350%2C200 1x, https:\/\/i0.wp.com\/ismaelcolosi.com.br\/wp-content\/uploads\/2024\/10\/antonio_cruz_070120jc_trabalhos-das-equipes-do-corpo-de-bombeiros-em-mariana-mg-apos-rompimento-de-barragem_071120150045313_0.webp.webp?fit=1170%2C700&ssl=1&resize=525%2C300 1.5x, https:\/\/i0.wp.com\/ismaelcolosi.com.br\/wp-content\/uploads\/2024\/10\/antonio_cruz_070120jc_trabalhos-das-equipes-do-corpo-de-bombeiros-em-mariana-mg-apos-rompimento-de-barragem_071120150045313_0.webp.webp?fit=1170%2C700&ssl=1&resize=700%2C400 2x, https:\/\/i0.wp.com\/ismaelcolosi.com.br\/wp-content\/uploads\/2024\/10\/antonio_cruz_070120jc_trabalhos-das-equipes-do-corpo-de-bombeiros-em-mariana-mg-apos-rompimento-de-barragem_071120150045313_0.webp.webp?fit=1170%2C700&ssl=1&resize=1050%2C600 3x"},"classes":[]}],"jetpack_sharing_enabled":true,"jetpack_shortlink":"https:\/\/wp.me\/pfMlyK-cjd","_links":{"self":[{"href":"https:\/\/ismaelcolosi.com.br\/index.php\/wp-json\/wp\/v2\/posts\/47319","targetHints":{"allow":["GET"]}}],"collection":[{"href":"https:\/\/ismaelcolosi.com.br\/index.php\/wp-json\/wp\/v2\/posts"}],"about":[{"href":"https:\/\/ismaelcolosi.com.br\/index.php\/wp-json\/wp\/v2\/types\/post"}],"author":[{"embeddable":true,"href":"https:\/\/ismaelcolosi.com.br\/index.php\/wp-json\/wp\/v2\/users\/1"}],"replies":[{"embeddable":true,"href":"https:\/\/ismaelcolosi.com.br\/index.php\/wp-json\/wp\/v2\/comments?post=47319"}],"version-history":[{"count":0,"href":"https:\/\/ismaelcolosi.com.br\/index.php\/wp-json\/wp\/v2\/posts\/47319\/revisions"}],"wp:featuredmedia":[{"embeddable":true,"href":"https:\/\/ismaelcolosi.com.br\/index.php\/wp-json\/wp\/v2\/media\/47320"}],"wp:attachment":[{"href":"https:\/\/ismaelcolosi.com.br\/index.php\/wp-json\/wp\/v2\/media?parent=47319"}],"wp:term":[{"taxonomy":"category","embeddable":true,"href":"https:\/\/ismaelcolosi.com.br\/index.php\/wp-json\/wp\/v2\/categories?post=47319"},{"taxonomy":"post_tag","embeddable":true,"href":"https:\/\/ismaelcolosi.com.br\/index.php\/wp-json\/wp\/v2\/tags?post=47319"}],"curies":[{"name":"wp","href":"https:\/\/api.w.org\/{rel}","templated":true}]}}