{"id":47313,"date":"2024-04-25T05:50:19","date_gmt":"2024-04-25T08:50:19","guid":{"rendered":"https:\/\/ismaelcolosi.com.br\/index.php\/2024\/04\/25\/hsm-anuncia-24a-edicao-com-foco-em-gestao-e-inovacao\/"},"modified":"2024-04-25T05:50:19","modified_gmt":"2024-04-25T08:50:19","slug":"hsm-anuncia-24a-edicao-com-foco-em-gestao-e-inovacao","status":"publish","type":"post","link":"https:\/\/ismaelcolosi.com.br\/index.php\/2024\/04\/25\/hsm-anuncia-24a-edicao-com-foco-em-gestao-e-inovacao\/","title":{"rendered":"HSM+ anuncia 24\u00aa edi\u00e7\u00e3o com foco em gest\u00e3o e inova\u00e7\u00e3o"},"content":{"rendered":"<p> <br \/>\n<\/p>\n<div>\n<div id=\"attachment_606399\" class=\"wp-caption alignnone style=\" max-width:=\"\"><img data-recalc-dims=\"1\" fetchpriority=\"high\" decoding=\"async\" class=\"alignnone wp-image-606399 size-full\" src=\"https:\/\/i0.wp.com\/forbes.com.br\/wp-content\/uploads\/2024\/04\/carreira-hsm-768x512.jpg?resize=678%2C452&#038;ssl=1\" http:=\"\" alt=\"\" width=\"678\" height=\"452\" data-lazy-src=\"https:\/\/forbes.com.br\/wp-content\/uploads\/2024\/04\/carreira-hsm-768x512.jpg\"\/><img data-recalc-dims=\"1\" fetchpriority=\"high\" decoding=\"async\" class=\"alignnone wp-image-606399 size-full\" src=\"https:\/\/i0.wp.com\/forbes.com.br\/wp-content\/uploads\/2024\/04\/carreira-hsm-768x512.jpg?resize=678%2C452&#038;ssl=1\" alt=\"\" width=\"678\" height=\"452\"\/><\/p>\n<p class=\"wp-caption-text\">HSM+ j\u00e1 tem speakers globais confirmados para a edi\u00e7\u00e3o de novembro em S\u00e3o Paulo<\/p><div class='code-block code-block-8' style='margin: 8px auto; text-align: center; display: block; clear: both;'>\n<script>\n  atOptions = {\n    'key' : '66e2e2111ca34da796271819fc334058',\n    'format' : 'iframe',\n    'height' : 250,\n    'width' : 300,\n    'params' : {}\n  };\n<\/script>\n<script src=\"https:\/\/www.highperformanceformat.com\/66e2e2111ca34da796271819fc334058\/invoke.js\"><\/script>\n<\/div>\n\n<\/div>\n<p>O hsm+, evento que impulsiona a atualiza\u00e7\u00e3o de executivos, CEOs e empreendedores, confirmou sua 24\u00aa edi\u00e7\u00e3o nos dias 26 e 27 de novembro, no Transam\u00e9rica Expo Center, em S\u00e3o Paulo.<\/p>\n<p>Com o tema \u201c<b>Conex\u00f5es Significativas<\/b>\u201d, o evento ter\u00e1 momentos de networking, workshops, \u00e1reas de experi\u00eancias imersivas e inera\u00e7\u00f5es tecnol\u00f3gicas, buscando aproximar pessoas, neg\u00f3cios e ecossistemas.<\/p>\n<ul>\n<li>\n<h4>Siga o canal da <a href=\"https:\/\/whatsapp.com\/channel\/0029Va9gQKwBFLgM96cJnu0u\" target=\"_blank\" rel=\"noopener\">Forbes<\/a> e de <a href=\"https:\/\/whatsapp.com\/channel\/0029VaAZk57JuyA9F4UwQc2I\" target=\"_blank\" rel=\"noopener\">Forbes Money<\/a> no WhatsApp e receba as principais not\u00edcias sobre neg\u00f3cios, carreira, tecnologia e estilo de vida<\/h4>\n<\/li>\n<\/ul>\n<p>Os quatro primeiros palestrantes principais j\u00e1 est\u00e3o confirmados. <b>Scott Galloway<\/b>, conhecido como guru do Vale do Sil\u00edcio, que explora o impacto das tecnologias exponenciais; <b>Alex Tapscott<\/b>, importante nome no desenvolvimento da Web3 e precursor do debate p\u00fablico sobre blockchain e criptomoedas; <b>Roman Krznaric<\/b>, criador do Museu da Empatia e pesquisador do Clube de Roma, um dos principais centros de pesquisa cient\u00edfica do mundo, al\u00e9m de ser membro fundador da The School of Life; e <b>Philippa Perry<\/b>, psicoterapeuta e autora de \u201cO livro que voc\u00ea gostaria que todas as pessoas que voc\u00ea ama lessem: (E talvez algumas que voc\u00ea n\u00e3o ame)\u201d. Conhecida como Lady Perry, a analista defende um mundo de aten\u00e7\u00e3o compartilhada e menos sustentado por v\u00edcios em telas.<\/p>\n<p>Nesta edi\u00e7\u00e3o, os participantes poder\u00e3o adaptar sua experi\u00eancia por meio de trilhas de conte\u00fado, al\u00e9m de receber um certificado da HSM ao completar uma carga hor\u00e1ria espec\u00edfica nessas trilhas, que abrangem Inova\u00e7\u00e3o Corporativa, ESG, Lideran\u00e7a e Pessoas, entre outros temas.<\/p>\n<p>As vendas para o hsm+ 2024 j\u00e1 est\u00e3o dispon\u00edveis. Mais informa\u00e7\u00f5es no <strong><a id=\"m_-8032045349870831623m_3798288708657775837OWAf2705a80-55c3-9610-a803-37025a1bfe39\" title=\"URL original: https:\/\/s2404.imxsnd02.com\/link.php?code=bDpodHRwcyUzQSUyRiUyRmhzbW1haXMuY29tJURDJTgyYnIlMkY6Mzg3MTQzNTc4MDpqYWNxdWVsaW5lLmNhbXBvc0BhcHByb2FjaC5jb20uYnI6NDljM2JmOjc3. Clique ou toque se voc\u00ea confiar neste link.\" href=\"https:\/\/s2404.imxsnd02.com\/link.php?code=bDpodHRwcyUzQSUyRiUyRmhzbW1haXMuY29tJURDJTgyYnIlMkY6Mzg3MTQzNTc4MDpqYWNxdWVsaW5lLmNhbXBvc0BhcHByb2FjaC5jb20uYnI6NDljM2JmOjc3\" target=\"_blank\" rel=\"noopener noreferrer\" data-saferedirecturl=\"https:\/\/www.google.com\/url?q=https:\/\/s2404.imxsnd02.com\/link.php?code%3DbDpodHRwcyUzQSUyRiUyRmhzbW1haXMuY29tJURDJTgyYnIlMkY6Mzg3MTQzNTc4MDpqYWNxdWVsaW5lLmNhbXBvc0BhcHByb2FjaC5jb20uYnI6NDljM2JmOjc3&amp;source=gmail&amp;ust=1713532104324000&amp;usg=AOvVaw3N-F5IB7sLWSni3wwjaaWR\">site<\/a><\/strong>.<\/p>\n<\/div>\n<p><script type=\"rocketlazyloadscript\">\n\t\t\t\t(function(d, s, id){\n\t\t\t\t\tvar js, fjs = d.getElementsByTagName(s)[0];\n\t\t\t\t\tif (d.getElementById(id)) return;\n\t\t\t\t\tjs = d.createElement(s); js.id = id;\n\t\t\t\t\tjs.src = \"\/\/connect.facebook.net\/pt_BR\/sdk.js#xfbml=1&version=v2.9\";\n\t\t\t\t\tfjs.parentNode.insertBefore(js, fjs);\n\t\t\t\t}(document, 'script', 'facebook-jssdk'));\n\t\t\t<\/script><br \/>\n<br \/><br \/>\n<br \/><a href=\"https:\/\/forbes.com.br\/carreira\/2024\/04\/hsm-anuncia-24a-edicao-com-trilhas-de-conteudo-e-oportunidades-de-networking\/\">Source link <\/a><\/p>\n<div class='code-block code-block-4' style='margin: 8px auto 8px 0; text-align: left; display: block; clear: both;'>\n\ud83d\udce2 Aviso Legal\n\nO site ismaelcolosi.com.br atua apenas como um canal de divulga\u00e7\u00e3o de oportunidades de emprego e n\u00e3o se responsabiliza pelo processo seletivo, contrata\u00e7\u00e3o ou qualquer outra etapa relacionada \u00e0s vagas publicadas. Todas as informa\u00e7\u00f5es s\u00e3o de responsabilidade dos anunciantes.\n\n\u26a0\ufe0f Aten\u00e7\u00e3o! Nunca pague por promessas de emprego nem compre cursos que garantam contrata\u00e7\u00e3o. Desconfie de qualquer cobran\u00e7a para participar de sele\u00e7\u00f5es.\n\n\n\n<\/div>\n<!-- CONTENT END 1 -->\n","protected":false},"excerpt":{"rendered":"<p>HSM+ j\u00e1 tem speakers globais confirmados para a edi\u00e7\u00e3o de novembro em S\u00e3o Paulo O hsm+, evento que impulsiona a atualiza\u00e7\u00e3o de executivos, CEOs e&#8230;<\/p>\n","protected":false},"author":1,"featured_media":47314,"comment_status":"open","ping_status":"open","sticky":false,"template":"","format":"standard","meta":{"_uag_custom_page_level_css":"","advanced_seo_description":"","jetpack_seo_html_title":"","jetpack_seo_noindex":false,"jetpack_post_was_ever_published":false,"_jetpack_newsletter_access":"","_jetpack_dont_email_post_to_subs":false,"_jetpack_newsletter_tier_id":0,"_jetpack_memberships_contains_paywalled_content":false,"_jetpack_memberships_contains_paid_content":false,"footnotes":"","jetpack_publicize_message":"","jetpack_publicize_feature_enabled":true,"jetpack_social_post_already_shared":true,"jetpack_social_options":{"image_generator_settings":{"template":"highway","default_image_id":0,"font":"","enabled":false},"version":2}},"categories":[1964],"tags":[],"class_list":["post-47313","post","type-post","status-publish","format-standard","has-post-thumbnail","hentry","category-carreira-e-sucesso-dicas-para-carreira"],"jetpack_publicize_connections":[],"jetpack_featured_media_url":"https:\/\/i0.wp.com\/ismaelcolosi.com.br\/wp-content\/uploads\/2024\/04\/carreira-hsm-1024x683.jpg?fit=1024%2C683&ssl=1","uagb_featured_image_src":{"full":["https:\/\/i0.wp.com\/ismaelcolosi.com.br\/wp-content\/uploads\/2024\/04\/carreira-hsm-1024x683.jpg?fit=1024%2C683&ssl=1",1024,683,false],"thumbnail":["https:\/\/i0.wp.com\/ismaelcolosi.com.br\/wp-content\/uploads\/2024\/04\/carreira-hsm-1024x683.jpg?resize=150%2C150&ssl=1",150,150,true],"medium":["https:\/\/i0.wp.com\/ismaelcolosi.com.br\/wp-content\/uploads\/2024\/04\/carreira-hsm-1024x683.jpg?fit=300%2C200&ssl=1",300,200,true],"medium_large":["https:\/\/i0.wp.com\/ismaelcolosi.com.br\/wp-content\/uploads\/2024\/04\/carreira-hsm-1024x683.jpg?fit=768%2C512&ssl=1",768,512,true],"large":["https:\/\/i0.wp.com\/ismaelcolosi.com.br\/wp-content\/uploads\/2024\/04\/carreira-hsm-1024x683.jpg?fit=1024%2C683&ssl=1",1024,683,true],"1536x1536":["https:\/\/i0.wp.com\/ismaelcolosi.com.br\/wp-content\/uploads\/2024\/04\/carreira-hsm-1024x683.jpg?fit=1024%2C683&ssl=1",1024,683,true],"2048x2048":["https:\/\/i0.wp.com\/ismaelcolosi.com.br\/wp-content\/uploads\/2024\/04\/carreira-hsm-1024x683.jpg?fit=1024%2C683&ssl=1",1024,683,true],"really-simple-thumb":["https:\/\/i0.wp.com\/ismaelcolosi.com.br\/wp-content\/uploads\/2024\/04\/carreira-hsm-1024x683.jpg?resize=370%2C247&ssl=1",370,247,true]},"uagb_author_info":{"display_name":"ismaelcolosi.com.br","author_link":"https:\/\/ismaelcolosi.com.br\/index.php\/author\/vidareal-online\/"},"uagb_comment_info":0,"uagb_excerpt":"HSM+ j\u00e1 tem speakers globais confirmados para a edi\u00e7\u00e3o de novembro em S\u00e3o Paulo O hsm+, evento que impulsiona a atualiza\u00e7\u00e3o de executivos, CEOs e...","jetpack-related-posts":[{"id":88165,"url":"https:\/\/ismaelcolosi.com.br\/index.php\/2025\/11\/06\/anima-anuncia-glaucia-guarcello-como-nova-ceo-das-marcas-hsm-singularity-e-learning-village\/","url_meta":{"origin":47313,"position":0},"title":"\u00c2nima Anuncia Glaucia Guarcello como Nova CEO das marcas HSM, Singularity e Learning Village","author":"ismaelcolosi.com.br","date":"6 de November de 2025","format":false,"excerpt":"\r Divulga\u00e7\u00e3o\r Doutora em Administra\u00e7\u00e3o pelo COPPEAD\/UFRJ, Glaucia Guarcello passou por The Bakery, Deloitte e Andrade Gutierrez\r Acessibilidade \r L\r L\r A-\r A+\r \r \u25d0\r \r Glaucia Guarcello \u00e9 a nova CEO das marcas HSM, Singularity Brazil e Learning Village, todas do Grupo \u00c2nima. A nomea\u00e7\u00e3o foi anunciada na abertura\u2026","rel":"","context":"In &quot;Carreira e Sucesso&quot;","block_context":{"text":"Carreira e Sucesso","link":"https:\/\/ismaelcolosi.com.br\/index.php\/category\/carreira-e-sucesso-dicas-para-carreira\/"},"img":{"alt_text":"","src":"https:\/\/i0.wp.com\/ismaelcolosi.com.br\/wp-content\/uploads\/2025\/11\/mulher-glaucia-guarcello-hsm-1-1200x675.jpg?fit=1200%2C675&ssl=1&resize=350%2C200","width":350,"height":200,"srcset":"https:\/\/i0.wp.com\/ismaelcolosi.com.br\/wp-content\/uploads\/2025\/11\/mulher-glaucia-guarcello-hsm-1-1200x675.jpg?fit=1200%2C675&ssl=1&resize=350%2C200 1x, https:\/\/i0.wp.com\/ismaelcolosi.com.br\/wp-content\/uploads\/2025\/11\/mulher-glaucia-guarcello-hsm-1-1200x675.jpg?fit=1200%2C675&ssl=1&resize=525%2C300 1.5x, https:\/\/i0.wp.com\/ismaelcolosi.com.br\/wp-content\/uploads\/2025\/11\/mulher-glaucia-guarcello-hsm-1-1200x675.jpg?fit=1200%2C675&ssl=1&resize=700%2C400 2x, https:\/\/i0.wp.com\/ismaelcolosi.com.br\/wp-content\/uploads\/2025\/11\/mulher-glaucia-guarcello-hsm-1-1200x675.jpg?fit=1200%2C675&ssl=1&resize=1050%2C600 3x"},"classes":[]},{"id":82264,"url":"https:\/\/ismaelcolosi.com.br\/index.php\/2025\/01\/27\/hsm-e-singularity-brazil-do-grupo-anima-anunciam-nova-diretora\/","url_meta":{"origin":47313,"position":1},"title":"HSM e Singularity Brazil, do Grupo \u00c2nima, Anunciam Nova Diretora","author":"ismaelcolosi.com.br","date":"27 de January de 2025","format":false,"excerpt":"\r \r \r \r Glaucia Guarcello assume como diretora executiva e de novos neg\u00f3cios do ecossistema de educa\u00e7\u00e3o e inova\u00e7\u00e3o corporativa \r \r \r \r Divulga\u00e7\u00e3o\r Al\u00e9m de executiva, Glaucia Guarcello \u00e9 professora, palestrante e mentora\r Acessibilidade \r L\r L\r A-\r A+\r \r \u25d0\r \r \u00a0 Glaucia Guarcello \u00e9 a\u2026","rel":"","context":"In &quot;Carreira e Sucesso&quot;","block_context":{"text":"Carreira e Sucesso","link":"https:\/\/ismaelcolosi.com.br\/index.php\/category\/carreira-e-sucesso-dicas-para-carreira\/"},"img":{"alt_text":"","src":"https:\/\/i0.wp.com\/ismaelcolosi.com.br\/wp-content\/uploads\/2025\/01\/glaucia-forbes-1-1200x675.jpg?fit=1200%2C675&ssl=1&resize=350%2C200","width":350,"height":200,"srcset":"https:\/\/i0.wp.com\/ismaelcolosi.com.br\/wp-content\/uploads\/2025\/01\/glaucia-forbes-1-1200x675.jpg?fit=1200%2C675&ssl=1&resize=350%2C200 1x, https:\/\/i0.wp.com\/ismaelcolosi.com.br\/wp-content\/uploads\/2025\/01\/glaucia-forbes-1-1200x675.jpg?fit=1200%2C675&ssl=1&resize=525%2C300 1.5x, https:\/\/i0.wp.com\/ismaelcolosi.com.br\/wp-content\/uploads\/2025\/01\/glaucia-forbes-1-1200x675.jpg?fit=1200%2C675&ssl=1&resize=700%2C400 2x, https:\/\/i0.wp.com\/ismaelcolosi.com.br\/wp-content\/uploads\/2025\/01\/glaucia-forbes-1-1200x675.jpg?fit=1200%2C675&ssl=1&resize=1050%2C600 3x"},"classes":[]},{"id":45007,"url":"https:\/\/ismaelcolosi.com.br\/index.php\/2024\/04\/01\/eventos-em-abril-geram-10-mil-empregos-diretos-e-indiretos-em-ribeirao-preto\/","url_meta":{"origin":47313,"position":2},"title":"Eventos em abril geram 10 mil empregos diretos e indiretos em Ribeir\u00e3o Preto","author":"ismaelcolosi.com.br","date":"1 de April de 2024","format":false,"excerpt":"O m\u00eas de abril em Ribeir\u00e3o Preto \u00e9 lembrado por realizar dois grandes eventos na cidade: a Agrishow e o Ribeir\u00e3o Rodeo Music. Ambos geram em torno de 10 mil vagas de empregos diretos e indiretos na cidade, o que consequentemente, aquece a economia local durante as datas (veja abaixo).\u2026","rel":"","context":"In &quot;Not\u00edcias de Ribeir\u00e3o Preto-SP e Regi\u00e3o&quot;","block_context":{"text":"Not\u00edcias de Ribeir\u00e3o Preto-SP e Regi\u00e3o","link":"https:\/\/ismaelcolosi.com.br\/index.php\/category\/noticias-de-ribeirao-preto-sp-e-regiao-ismael-colosi\/"},"img":{"alt_text":"","src":"https:\/\/i0.wp.com\/ismaelcolosi.com.br\/wp-content\/uploads\/2024\/04\/Copia-de-Copia-de-TAMANHO-EXATO-PARA-FOTOS-NO-SISTEMA-NOVO-13.jpg?fit=1200%2C675&ssl=1&resize=350%2C200","width":350,"height":200,"srcset":"https:\/\/i0.wp.com\/ismaelcolosi.com.br\/wp-content\/uploads\/2024\/04\/Copia-de-Copia-de-TAMANHO-EXATO-PARA-FOTOS-NO-SISTEMA-NOVO-13.jpg?fit=1200%2C675&ssl=1&resize=350%2C200 1x, https:\/\/i0.wp.com\/ismaelcolosi.com.br\/wp-content\/uploads\/2024\/04\/Copia-de-Copia-de-TAMANHO-EXATO-PARA-FOTOS-NO-SISTEMA-NOVO-13.jpg?fit=1200%2C675&ssl=1&resize=525%2C300 1.5x, https:\/\/i0.wp.com\/ismaelcolosi.com.br\/wp-content\/uploads\/2024\/04\/Copia-de-Copia-de-TAMANHO-EXATO-PARA-FOTOS-NO-SISTEMA-NOVO-13.jpg?fit=1200%2C675&ssl=1&resize=700%2C400 2x, https:\/\/i0.wp.com\/ismaelcolosi.com.br\/wp-content\/uploads\/2024\/04\/Copia-de-Copia-de-TAMANHO-EXATO-PARA-FOTOS-NO-SISTEMA-NOVO-13.jpg?fit=1200%2C675&ssl=1&resize=1050%2C600 3x"},"classes":[]},{"id":73788,"url":"https:\/\/ismaelcolosi.com.br\/index.php\/2024\/10\/28\/sessao-gratuita-de-filmes-celebra-o-dia-internacional-da-animacao-em-ribeirao-preto\/","url_meta":{"origin":47313,"position":3},"title":"Sess\u00e3o gratuita de filmes celebra o Dia Internacional da Anima\u00e7\u00e3o em Ribeir\u00e3o Preto","author":"ismaelcolosi.com.br","date":"28 de October de 2024","format":false,"excerpt":"Ribeir\u00e3o Preto recebe, a partir desta segunda-feira (28), diversas atividades culturais em comemora\u00e7\u00e3o ao Dia Internacional da Anima\u00e7\u00e3o. Com entrada gratuita, o evento conta com mostra de curtas-metragens de anima\u00e7\u00e3o, palestras e oficinas de brinquedos. Confira a programa\u00e7\u00e3o: Nesta segunda (28), tem sess\u00e3o especial de curtas-metragens nacionais e internacionais a\u2026","rel":"","context":"In &quot;Not\u00edcias de Ribeir\u00e3o Preto-SP e Regi\u00e3o&quot;","block_context":{"text":"Not\u00edcias de Ribeir\u00e3o Preto-SP e Regi\u00e3o","link":"https:\/\/ismaelcolosi.com.br\/index.php\/category\/noticias-de-ribeirao-preto-sp-e-regiao-ismael-colosi\/"},"img":{"alt_text":"","src":"https:\/\/i0.wp.com\/ismaelcolosi.com.br\/wp-content\/uploads\/2024\/10\/Copia-de-Copia-de-Copia-de-TAMANHO-EXATO-PARA-FOTOS-NO-SISTEMA-NOVO-52_2024-10-28_20-06-27_png_2024-10-28_20-06-27.webp.webp?fit=1200%2C675&ssl=1&resize=350%2C200","width":350,"height":200,"srcset":"https:\/\/i0.wp.com\/ismaelcolosi.com.br\/wp-content\/uploads\/2024\/10\/Copia-de-Copia-de-Copia-de-TAMANHO-EXATO-PARA-FOTOS-NO-SISTEMA-NOVO-52_2024-10-28_20-06-27_png_2024-10-28_20-06-27.webp.webp?fit=1200%2C675&ssl=1&resize=350%2C200 1x, https:\/\/i0.wp.com\/ismaelcolosi.com.br\/wp-content\/uploads\/2024\/10\/Copia-de-Copia-de-Copia-de-TAMANHO-EXATO-PARA-FOTOS-NO-SISTEMA-NOVO-52_2024-10-28_20-06-27_png_2024-10-28_20-06-27.webp.webp?fit=1200%2C675&ssl=1&resize=525%2C300 1.5x, https:\/\/i0.wp.com\/ismaelcolosi.com.br\/wp-content\/uploads\/2024\/10\/Copia-de-Copia-de-Copia-de-TAMANHO-EXATO-PARA-FOTOS-NO-SISTEMA-NOVO-52_2024-10-28_20-06-27_png_2024-10-28_20-06-27.webp.webp?fit=1200%2C675&ssl=1&resize=700%2C400 2x, https:\/\/i0.wp.com\/ismaelcolosi.com.br\/wp-content\/uploads\/2024\/10\/Copia-de-Copia-de-Copia-de-TAMANHO-EXATO-PARA-FOTOS-NO-SISTEMA-NOVO-52_2024-10-28_20-06-27_png_2024-10-28_20-06-27.webp.webp?fit=1200%2C675&ssl=1&resize=1050%2C600 3x"},"classes":[]},{"id":73794,"url":"https:\/\/ismaelcolosi.com.br\/index.php\/2024\/10\/28\/sessao-gratuita-de-filmes-celebra-o-dia-internacional-da-animacao-em-ribeirao-preto-2\/","url_meta":{"origin":47313,"position":4},"title":"Sess\u00e3o gratuita de filmes celebra o Dia Internacional da Anima\u00e7\u00e3o em Ribeir\u00e3o Preto","author":"ismaelcolosi.com.br","date":"28 de October de 2024","format":false,"excerpt":"Ribeir\u00e3o Preto recebe, a partir desta segunda-feira (28), diversas atividades culturais em comemora\u00e7\u00e3o ao Dia Internacional da Anima\u00e7\u00e3o. Com entrada gratuita, o evento conta com mostra de curtas-metragens de anima\u00e7\u00e3o, palestras e oficinas de brinquedos. Confira a programa\u00e7\u00e3o: Nesta segunda (28), tem sess\u00e3o especial de curtas-metragens nacionais e internacionais a\u2026","rel":"","context":"In &quot;Not\u00edcias de Ribeir\u00e3o Preto-SP e Regi\u00e3o&quot;","block_context":{"text":"Not\u00edcias de Ribeir\u00e3o Preto-SP e Regi\u00e3o","link":"https:\/\/ismaelcolosi.com.br\/index.php\/category\/noticias-de-ribeirao-preto-sp-e-regiao-ismael-colosi\/"},"img":{"alt_text":"","src":"https:\/\/i0.wp.com\/ismaelcolosi.com.br\/wp-content\/uploads\/2024\/10\/Copia-de-Copia-de-Copia-de-TAMANHO-EXATO-PARA-FOTOS-NO-SISTEMA-NOVO-52_2024-10-28_20-06-27_png_2024-10-28_20-06-27.webp.webp?fit=1200%2C675&ssl=1&resize=350%2C200","width":350,"height":200,"srcset":"https:\/\/i0.wp.com\/ismaelcolosi.com.br\/wp-content\/uploads\/2024\/10\/Copia-de-Copia-de-Copia-de-TAMANHO-EXATO-PARA-FOTOS-NO-SISTEMA-NOVO-52_2024-10-28_20-06-27_png_2024-10-28_20-06-27.webp.webp?fit=1200%2C675&ssl=1&resize=350%2C200 1x, https:\/\/i0.wp.com\/ismaelcolosi.com.br\/wp-content\/uploads\/2024\/10\/Copia-de-Copia-de-Copia-de-TAMANHO-EXATO-PARA-FOTOS-NO-SISTEMA-NOVO-52_2024-10-28_20-06-27_png_2024-10-28_20-06-27.webp.webp?fit=1200%2C675&ssl=1&resize=525%2C300 1.5x, https:\/\/i0.wp.com\/ismaelcolosi.com.br\/wp-content\/uploads\/2024\/10\/Copia-de-Copia-de-Copia-de-TAMANHO-EXATO-PARA-FOTOS-NO-SISTEMA-NOVO-52_2024-10-28_20-06-27_png_2024-10-28_20-06-27.webp.webp?fit=1200%2C675&ssl=1&resize=700%2C400 2x, https:\/\/i0.wp.com\/ismaelcolosi.com.br\/wp-content\/uploads\/2024\/10\/Copia-de-Copia-de-Copia-de-TAMANHO-EXATO-PARA-FOTOS-NO-SISTEMA-NOVO-52_2024-10-28_20-06-27_png_2024-10-28_20-06-27.webp.webp?fit=1200%2C675&ssl=1&resize=1050%2C600 3x"},"classes":[]},{"id":3065,"url":"https:\/\/ismaelcolosi.com.br\/index.php\/2023\/11\/07\/brasil-restaurant-week-lanca-edicao-ribeirao-pretana-do-festival-dia-26\/","url_meta":{"origin":47313,"position":5},"title":"Brasil Restaurant Week lan\u00e7a edi\u00e7\u00e3o ribeir\u00e3o-pretana do festival dia 26","author":"ismaelcolosi.com.br","date":"7 de November de 2023","format":false,"excerpt":"48 O festival mais gostoso anuncia sua segunda edi\u00e7\u00e3o do ano em Ribeir\u00e3o Preto. Dia 26 de outubro come\u00e7a a 13\u00aa Ribeir\u00e3o Preto Restaurant Week, maior festival gastron\u00f4mico brasileiro que acontece nas principais capitais e cidades do pa\u00eds. Dentre as novidades, o tema que inspira os chefs a criarem os\u2026","rel":"","context":"In &quot;Not\u00edcias de Ribeir\u00e3o Preto-SP e Regi\u00e3o&quot;","block_context":{"text":"Not\u00edcias de Ribeir\u00e3o Preto-SP e Regi\u00e3o","link":"https:\/\/ismaelcolosi.com.br\/index.php\/category\/noticias-de-ribeirao-preto-sp-e-regiao-ismael-colosi\/"},"img":{"alt_text":"","src":"https:\/\/i0.wp.com\/ismaelcolosi.com.br\/wp-content\/uploads\/2023\/11\/7e125ca22fd520d8506ab209bbc50a7e.png?fit=1200%2C675&ssl=1&resize=350%2C200","width":350,"height":200,"srcset":"https:\/\/i0.wp.com\/ismaelcolosi.com.br\/wp-content\/uploads\/2023\/11\/7e125ca22fd520d8506ab209bbc50a7e.png?fit=1200%2C675&ssl=1&resize=350%2C200 1x, https:\/\/i0.wp.com\/ismaelcolosi.com.br\/wp-content\/uploads\/2023\/11\/7e125ca22fd520d8506ab209bbc50a7e.png?fit=1200%2C675&ssl=1&resize=525%2C300 1.5x, https:\/\/i0.wp.com\/ismaelcolosi.com.br\/wp-content\/uploads\/2023\/11\/7e125ca22fd520d8506ab209bbc50a7e.png?fit=1200%2C675&ssl=1&resize=700%2C400 2x, https:\/\/i0.wp.com\/ismaelcolosi.com.br\/wp-content\/uploads\/2023\/11\/7e125ca22fd520d8506ab209bbc50a7e.png?fit=1200%2C675&ssl=1&resize=1050%2C600 3x"},"classes":[]}],"jetpack_sharing_enabled":true,"jetpack_shortlink":"https:\/\/wp.me\/pfMlyK-cj7","_links":{"self":[{"href":"https:\/\/ismaelcolosi.com.br\/index.php\/wp-json\/wp\/v2\/posts\/47313","targetHints":{"allow":["GET"]}}],"collection":[{"href":"https:\/\/ismaelcolosi.com.br\/index.php\/wp-json\/wp\/v2\/posts"}],"about":[{"href":"https:\/\/ismaelcolosi.com.br\/index.php\/wp-json\/wp\/v2\/types\/post"}],"author":[{"embeddable":true,"href":"https:\/\/ismaelcolosi.com.br\/index.php\/wp-json\/wp\/v2\/users\/1"}],"replies":[{"embeddable":true,"href":"https:\/\/ismaelcolosi.com.br\/index.php\/wp-json\/wp\/v2\/comments?post=47313"}],"version-history":[{"count":0,"href":"https:\/\/ismaelcolosi.com.br\/index.php\/wp-json\/wp\/v2\/posts\/47313\/revisions"}],"wp:featuredmedia":[{"embeddable":true,"href":"https:\/\/ismaelcolosi.com.br\/index.php\/wp-json\/wp\/v2\/media\/47314"}],"wp:attachment":[{"href":"https:\/\/ismaelcolosi.com.br\/index.php\/wp-json\/wp\/v2\/media?parent=47313"}],"wp:term":[{"taxonomy":"category","embeddable":true,"href":"https:\/\/ismaelcolosi.com.br\/index.php\/wp-json\/wp\/v2\/categories?post=47313"},{"taxonomy":"post_tag","embeddable":true,"href":"https:\/\/ismaelcolosi.com.br\/index.php\/wp-json\/wp\/v2\/tags?post=47313"}],"curies":[{"name":"wp","href":"https:\/\/api.w.org\/{rel}","templated":true}]}}