{"id":46840,"date":"2024-04-15T12:49:27","date_gmt":"2024-04-15T15:49:27","guid":{"rendered":"https:\/\/ismaelcolosi.com.br\/index.php\/2024\/04\/15\/com-line-up-atualizada-rock-in-rio-anuncia-nova-data-de-abertura-para-venda-de-ingressos\/"},"modified":"2024-04-15T12:49:27","modified_gmt":"2024-04-15T15:49:27","slug":"com-line-up-atualizada-rock-in-rio-anuncia-nova-data-de-abertura-para-venda-de-ingressos","status":"publish","type":"post","link":"https:\/\/ismaelcolosi.com.br\/index.php\/2024\/04\/15\/com-line-up-atualizada-rock-in-rio-anuncia-nova-data-de-abertura-para-venda-de-ingressos\/","title":{"rendered":"Com line up atualizada, Rock in Rio anuncia nova data de abertura para venda de ingressos"},"content":{"rendered":"<p> <br \/>\n<\/p>\n<div>\n<h3 class=\"fn__maintitle\"><span>Com line up atualizada, Rock in Rio anuncia nova data de abertura para venda de ingressos<\/span><\/h3>\n<\/div>\n<div>\n<p style=\"text-align: center;\"><strong><i>Descubra as novas atra\u00e7\u00f5es confirmadas no evento e a nova data para garantir sua meia entrada<\/i><\/strong><\/p>\n<p>Um dos festivais de m\u00fasica mais emblem\u00e1ticos globalmente, o Rock in Rio, est\u00e1 se preparando para a edi\u00e7\u00e3o de 2024, prometendo uma experi\u00eancia memor\u00e1vel para os entusiastas da m\u00fasica. Com uma programa\u00e7\u00e3o repleta de artistas renomados, que marcar\u00e3o presen\u00e7a na capital carioca durante os dias 13, 14, 15, 19, 20, 21 e 22 de setembro de 2024, a \u201cCidade do Rock\u201d promete dias de anima\u00e7\u00e3o para os participantes.<\/p><div class='code-block code-block-8' style='margin: 8px auto; text-align: center; display: block; clear: both;'>\n<script>\n  atOptions = {\n    'key' : '66e2e2111ca34da796271819fc334058',\n    'format' : 'iframe',\n    'height' : 250,\n    'width' : 300,\n    'params' : {}\n  };\n<\/script>\n<script src=\"https:\/\/www.highperformanceformat.com\/66e2e2111ca34da796271819fc334058\/invoke.js\"><\/script>\n<\/div>\n\n<p>Ainda em fase de divulga\u00e7\u00e3o, o Line-up trouxe novidades aclamadas pelos amantes das m\u00fasicas que marcaram os anos 2000. Ap\u00f3s a confirma\u00e7\u00e3o da participa\u00e7\u00e3o dos artistas Akon, Ne-Yo, Mariah Carey e Cyndi Lauper, o festival est\u00e1 se destacando pela diversidade que promete oferecer nos dias do evento. Al\u00e9m disso, a data para a abertura das vendas oficiais foi atualizada e anunciada atrav\u00e9s do site do evento, sendo agora no dia 23 de maio.<\/p>\n<p>Confira abaixo como est\u00e1 a programa\u00e7\u00e3o provis\u00f3ria:<\/p>\n<ul>\n<li>Dia 13 de setembro \u2013 Palco Mundo: Travis Scott, Matu\u00ea ( com seus convidados Teto e WIU)<\/li>\n<li>Dia 14 de setembro \u2013 Palco Mundo: Imagine Dragons, OneRepublic, Zara Larsson e Lulu Santos. No Palco Sunset: NX Zero.<\/li>\n<li>Dia 19 de setembro \u2013 Palco Mundo: Ed Sheeran, Charlie Puth, Joss Stone e J\u00e3o. Confirmada no Palco Sunset: Gloria Groove.<\/li>\n<li>Dia 20 de setembro \u2013 Palco Mundo: Katy Perry, Cyndi Lauper e Ivete Sangalo. Palco Sunset: Iza, Gloria Gaynor e Tyla s\u00e3o algumas das atra\u00e7\u00f5es confirmadas.<\/li>\n<li>Dia 22 de setembro \u2013 Palco Mundo: Shawn Mendes, Akon e Ne-Yo. No Palco Sunset: Mariah Carey.<\/li>\n<\/ul>\n<p>Para fazer parte deste grande evento musical, adquirir o Rock in Rio Card, ingresso flex\u00edvel que oferece aos portadores a oportunidade de garantir sua participa\u00e7\u00e3o no festival, \u00e9 indispens\u00e1vel. Cada ingresso \u00e9 v\u00e1lido para uma \u00fanica entrada na \u00e1rea do gramado, proporcionando aos f\u00e3s a op\u00e7\u00e3o de escolher o dia em que seus artistas favoritos estar\u00e3o presentes.<\/p>\n<p>Os estudantes que desejam participar do Rock In Rio economizando no ingresso, escolher e garantir a meia-entrada utilizando o Documento Nacional do Estudante \u00e9 a melhor op\u00e7\u00e3o. O DNE \u00e9 o documento oficial das entidades estudantis nacionais que, de acordo com a Lei 12.933\/2013, garante a meia-entrada a estudantes do ensino infantil, fundamental, m\u00e9dio\/t\u00e9cnico, gradua\u00e7\u00e3o e p\u00f3s-gradua\u00e7\u00e3o.<\/p>\n<p>Fique de olho nas atualiza\u00e7\u00f5es sobre o evento e escolha garantir seu ingresso de forma acess\u00edvel.<\/p>\n<p>\u00a0<\/p>\n<div class=\"popito_fn_votewrap\">\n<h3 class=\"vote_title\">Como voc\u00ea vota? <\/h3>\n<div class=\"popito_fn_votes \" data-id=\"2136\">\n<p>0 People voted this article. 0 Upvotes &#8211; 0 Downvotes.<\/p>\n<\/div>\n<\/div>\n<\/div>\n<p><br \/>\n<br \/><a href=\"https:\/\/popito.com.br\/com-line-up-atualizada-rock-in-rio-anuncia-nova-data-de-abertura-para-venda-de-ingressos\/\">Source link <\/a><\/p>\n<div class='code-block code-block-4' style='margin: 8px auto 8px 0; text-align: left; display: block; clear: both;'>\n\ud83d\udce2 Aviso Legal\n\nO site ismaelcolosi.com.br atua apenas como um canal de divulga\u00e7\u00e3o de oportunidades de emprego e n\u00e3o se responsabiliza pelo processo seletivo, contrata\u00e7\u00e3o ou qualquer outra etapa relacionada \u00e0s vagas publicadas. Todas as informa\u00e7\u00f5es s\u00e3o de responsabilidade dos anunciantes.\n\n\u26a0\ufe0f Aten\u00e7\u00e3o! Nunca pague por promessas de emprego nem compre cursos que garantam contrata\u00e7\u00e3o. Desconfie de qualquer cobran\u00e7a para participar de sele\u00e7\u00f5es.\n\n\n\n<\/div>\n<!-- CONTENT END 1 -->\n","protected":false},"excerpt":{"rendered":"<p>Com line up atualizada, Rock in Rio anuncia nova data de abertura para venda de ingressos Descubra as novas atra\u00e7\u00f5es confirmadas no evento e a&#8230;<\/p>\n","protected":false},"author":1,"featured_media":46841,"comment_status":"open","ping_status":"open","sticky":false,"template":"","format":"standard","meta":{"_uag_custom_page_level_css":"","advanced_seo_description":"","jetpack_seo_html_title":"","jetpack_seo_noindex":false,"jetpack_post_was_ever_published":false,"_jetpack_newsletter_access":"","_jetpack_dont_email_post_to_subs":false,"_jetpack_newsletter_tier_id":0,"_jetpack_memberships_contains_paywalled_content":false,"_jetpack_memberships_contains_paid_content":false,"footnotes":"","jetpack_publicize_message":"","jetpack_publicize_feature_enabled":true,"jetpack_social_post_already_shared":true,"jetpack_social_options":{"image_generator_settings":{"template":"highway","default_image_id":0,"font":"","enabled":false},"version":2}},"categories":[11],"tags":[2364,175,5622,293,370,5621,422,71,1181,1603,1062],"class_list":["post-46840","post","type-post","status-publish","format-standard","has-post-thumbnail","hentry","category-noticias-de-ribeirao-preto-sp-e-regiao-ismael-colosi","tag-abertura","tag-anuncia","tag-atualizada","tag-data","tag-ingressos","tag-line","tag-nova","tag-para","tag-rio","tag-rock","tag-venda"],"jetpack_publicize_connections":[],"jetpack_featured_media_url":"https:\/\/i0.wp.com\/ismaelcolosi.com.br\/wp-content\/uploads\/2024\/04\/Rock-in-Rio-2024.jpg?fit=1250%2C675&ssl=1","uagb_featured_image_src":{"full":["https:\/\/i0.wp.com\/ismaelcolosi.com.br\/wp-content\/uploads\/2024\/04\/Rock-in-Rio-2024.jpg?fit=1250%2C675&ssl=1",1250,675,false],"thumbnail":["https:\/\/i0.wp.com\/ismaelcolosi.com.br\/wp-content\/uploads\/2024\/04\/Rock-in-Rio-2024.jpg?resize=150%2C150&ssl=1",150,150,true],"medium":["https:\/\/i0.wp.com\/ismaelcolosi.com.br\/wp-content\/uploads\/2024\/04\/Rock-in-Rio-2024.jpg?fit=300%2C162&ssl=1",300,162,true],"medium_large":["https:\/\/i0.wp.com\/ismaelcolosi.com.br\/wp-content\/uploads\/2024\/04\/Rock-in-Rio-2024.jpg?fit=768%2C415&ssl=1",768,415,true],"large":["https:\/\/i0.wp.com\/ismaelcolosi.com.br\/wp-content\/uploads\/2024\/04\/Rock-in-Rio-2024.jpg?fit=1024%2C553&ssl=1",1024,553,true],"1536x1536":["https:\/\/i0.wp.com\/ismaelcolosi.com.br\/wp-content\/uploads\/2024\/04\/Rock-in-Rio-2024.jpg?fit=1250%2C675&ssl=1",1250,675,true],"2048x2048":["https:\/\/i0.wp.com\/ismaelcolosi.com.br\/wp-content\/uploads\/2024\/04\/Rock-in-Rio-2024.jpg?fit=1250%2C675&ssl=1",1250,675,true],"really-simple-thumb":["https:\/\/i0.wp.com\/ismaelcolosi.com.br\/wp-content\/uploads\/2024\/04\/Rock-in-Rio-2024.jpg?resize=370%2C247&ssl=1",370,247,true]},"uagb_author_info":{"display_name":"ismaelcolosi.com.br","author_link":"https:\/\/ismaelcolosi.com.br\/index.php\/author\/vidareal-online\/"},"uagb_comment_info":0,"uagb_excerpt":"Com line up atualizada, Rock in Rio anuncia nova data de abertura para venda de ingressos Descubra as novas atra\u00e7\u00f5es confirmadas no evento e a...","jetpack-related-posts":[{"id":51311,"url":"https:\/\/ismaelcolosi.com.br\/index.php\/2024\/05\/26\/rock-in-rio-2024-com-quatro-dias-esgotados-grandes-numeros-das-vendas-de-ingresso\/","url_meta":{"origin":46840,"position":0},"title":"Rock in Rio 2024: Com quatro dias esgotados, grandes n\u00fameros das vendas de ingresso","author":"ismaelcolosi.com.br","date":"26 de May de 2024","format":false,"excerpt":"Rock in Rio 2024: Com quatro dias esgotados, grandes n\u00fameros das vendas de ingressoCom n\u00fameros que impressionam no site da Ticketmaster e nos canais de comunica\u00e7\u00e3o do festival, somente no dia de ontem o Rock in Rio somou dois milh\u00f5es de acessos nas p\u00e1ginas de compra de ingresso A venda\u2026","rel":"","context":"In &quot;Not\u00edcias de Ribeir\u00e3o Preto-SP e Regi\u00e3o&quot;","block_context":{"text":"Not\u00edcias de Ribeir\u00e3o Preto-SP e Regi\u00e3o","link":"https:\/\/ismaelcolosi.com.br\/index.php\/category\/noticias-de-ribeirao-preto-sp-e-regiao-ismael-colosi\/"},"img":{"alt_text":"","src":"https:\/\/i0.wp.com\/ismaelcolosi.com.br\/wp-content\/uploads\/2024\/04\/rock-in-rio.webp.webp?fit=1200%2C800&ssl=1&resize=350%2C200","width":350,"height":200,"srcset":"https:\/\/i0.wp.com\/ismaelcolosi.com.br\/wp-content\/uploads\/2024\/04\/rock-in-rio.webp.webp?fit=1200%2C800&ssl=1&resize=350%2C200 1x, https:\/\/i0.wp.com\/ismaelcolosi.com.br\/wp-content\/uploads\/2024\/04\/rock-in-rio.webp.webp?fit=1200%2C800&ssl=1&resize=525%2C300 1.5x, https:\/\/i0.wp.com\/ismaelcolosi.com.br\/wp-content\/uploads\/2024\/04\/rock-in-rio.webp.webp?fit=1200%2C800&ssl=1&resize=700%2C400 2x, https:\/\/i0.wp.com\/ismaelcolosi.com.br\/wp-content\/uploads\/2024\/04\/rock-in-rio.webp.webp?fit=1200%2C800&ssl=1&resize=1050%2C600 3x"},"classes":[]},{"id":50758,"url":"https:\/\/ismaelcolosi.com.br\/index.php\/2024\/05\/18\/rock-in-rio-2024-faltando-apenas-cinco-dias-para-as-vendas-gerais-contagem-regressiva\/","url_meta":{"origin":46840,"position":1},"title":"Rock in Rio 2024: Faltando apenas cinco dias para as vendas gerais, contagem regressiva","author":"ismaelcolosi.com.br","date":"18 de May de 2024","format":false,"excerpt":"Casa \/ Surper F\u00e3 \/ Rock in Rio 2024: Faltando apenas cinco dias para as vendas gerais, contagem regressivaRock in Rio 2024: Faltando apenas cinco dias para as vendas gerais, contagem regressivaS\u00e3o mais de 50 artistas\u00a0nacionais e internacionais que completam a edi\u00e7\u00e3o que celebra os 40 anos do festival, entre\u2026","rel":"","context":"In &quot;Not\u00edcias de Ribeir\u00e3o Preto-SP e Regi\u00e3o&quot;","block_context":{"text":"Not\u00edcias de Ribeir\u00e3o Preto-SP e Regi\u00e3o","link":"https:\/\/ismaelcolosi.com.br\/index.php\/category\/noticias-de-ribeirao-preto-sp-e-regiao-ismael-colosi\/"},"img":{"alt_text":"","src":"https:\/\/i0.wp.com\/ismaelcolosi.com.br\/wp-content\/uploads\/2024\/05\/foto-anuncio-1.jpg?fit=1200%2C669&ssl=1&resize=350%2C200","width":350,"height":200,"srcset":"https:\/\/i0.wp.com\/ismaelcolosi.com.br\/wp-content\/uploads\/2024\/05\/foto-anuncio-1.jpg?fit=1200%2C669&ssl=1&resize=350%2C200 1x, https:\/\/i0.wp.com\/ismaelcolosi.com.br\/wp-content\/uploads\/2024\/05\/foto-anuncio-1.jpg?fit=1200%2C669&ssl=1&resize=525%2C300 1.5x, https:\/\/i0.wp.com\/ismaelcolosi.com.br\/wp-content\/uploads\/2024\/05\/foto-anuncio-1.jpg?fit=1200%2C669&ssl=1&resize=700%2C400 2x, https:\/\/i0.wp.com\/ismaelcolosi.com.br\/wp-content\/uploads\/2024\/05\/foto-anuncio-1.jpg?fit=1200%2C669&ssl=1&resize=1050%2C600 3x"},"classes":[]},{"id":39654,"url":"https:\/\/ismaelcolosi.com.br\/index.php\/2024\/02\/27\/comeca-pre-venda-de-ingressos-do-joao-rock-em-ribeirao-preto-2\/","url_meta":{"origin":46840,"position":2},"title":"Come\u00e7a pr\u00e9-venda de ingressos do Jo\u00e3o Rock em Ribeir\u00e3o Preto","author":"ismaelcolosi.com.br","date":"27 de February de 2024","format":false,"excerpt":"Come\u00e7a nesta ter\u00e7a-feira (27), a partir das 12h, a pr\u00e9-venda de ingressos do Festival Jo\u00e3o Rock, que acontece dia 8 de junho, no Parque Permanente de Exposi\u00e7\u00f5es de Ribeir\u00e3o Preto. O per\u00edodo promocional vai at\u00e9 dia 4 de mar\u00e7o, \u00e0s 23h59, ou at\u00e9 esgotar o lote. Em 2023, os ingressos\u2026","rel":"","context":"In &quot;Not\u00edcias de Ribeir\u00e3o Preto-SP e Regi\u00e3o&quot;","block_context":{"text":"Not\u00edcias de Ribeir\u00e3o Preto-SP e Regi\u00e3o","link":"https:\/\/ismaelcolosi.com.br\/index.php\/category\/noticias-de-ribeirao-preto-sp-e-regiao-ismael-colosi\/"},"img":{"alt_text":"","src":"https:\/\/i0.wp.com\/ismaelcolosi.com.br\/wp-content\/uploads\/2024\/02\/1709051693_joao_rock_1200x675_12052022153444.jpg?fit=1200%2C675&ssl=1&resize=350%2C200","width":350,"height":200,"srcset":"https:\/\/i0.wp.com\/ismaelcolosi.com.br\/wp-content\/uploads\/2024\/02\/1709051693_joao_rock_1200x675_12052022153444.jpg?fit=1200%2C675&ssl=1&resize=350%2C200 1x, https:\/\/i0.wp.com\/ismaelcolosi.com.br\/wp-content\/uploads\/2024\/02\/1709051693_joao_rock_1200x675_12052022153444.jpg?fit=1200%2C675&ssl=1&resize=525%2C300 1.5x, https:\/\/i0.wp.com\/ismaelcolosi.com.br\/wp-content\/uploads\/2024\/02\/1709051693_joao_rock_1200x675_12052022153444.jpg?fit=1200%2C675&ssl=1&resize=700%2C400 2x, https:\/\/i0.wp.com\/ismaelcolosi.com.br\/wp-content\/uploads\/2024\/02\/1709051693_joao_rock_1200x675_12052022153444.jpg?fit=1200%2C675&ssl=1&resize=1050%2C600 3x"},"classes":[]},{"id":50694,"url":"https:\/\/ismaelcolosi.com.br\/index.php\/2024\/05\/18\/rock-in-rio-2024-com-line-up-completo-global-village-proporciona-uma-verdadeira-jornada-musical\/","url_meta":{"origin":46840,"position":3},"title":"Rock in Rio 2024: Com line-up completo, Global Village proporciona uma verdadeira jornada musical","author":"ismaelcolosi.com.br","date":"18 de May de 2024","format":false,"excerpt":"Karan Aujla, Hermeto Pascoal, Anees e Noa Kirel s\u00e3o os headliners do espa\u00e7o, que tamb\u00e9m recebe os j\u00e1 anunciados Ang\u00e9lique Kidjo, a embaixadora do local e que se apresenta em duas datas, e os artistas do Dia Brasil A menos de uma semana para o in\u00edcio da venda geral de\u2026","rel":"","context":"In &quot;Not\u00edcias de Ribeir\u00e3o Preto-SP e Regi\u00e3o&quot;","block_context":{"text":"Not\u00edcias de Ribeir\u00e3o Preto-SP e Regi\u00e3o","link":"https:\/\/ismaelcolosi.com.br\/index.php\/category\/noticias-de-ribeirao-preto-sp-e-regiao-ismael-colosi\/"},"img":{"alt_text":"","src":"https:\/\/i0.wp.com\/ismaelcolosi.com.br\/wp-content\/uploads\/2024\/05\/Coletiva_RIR_porAlexWoloch-2156.jpg?fit=1200%2C798&ssl=1&resize=350%2C200","width":350,"height":200,"srcset":"https:\/\/i0.wp.com\/ismaelcolosi.com.br\/wp-content\/uploads\/2024\/05\/Coletiva_RIR_porAlexWoloch-2156.jpg?fit=1200%2C798&ssl=1&resize=350%2C200 1x, https:\/\/i0.wp.com\/ismaelcolosi.com.br\/wp-content\/uploads\/2024\/05\/Coletiva_RIR_porAlexWoloch-2156.jpg?fit=1200%2C798&ssl=1&resize=525%2C300 1.5x, https:\/\/i0.wp.com\/ismaelcolosi.com.br\/wp-content\/uploads\/2024\/05\/Coletiva_RIR_porAlexWoloch-2156.jpg?fit=1200%2C798&ssl=1&resize=700%2C400 2x, https:\/\/i0.wp.com\/ismaelcolosi.com.br\/wp-content\/uploads\/2024\/05\/Coletiva_RIR_porAlexWoloch-2156.jpg?fit=1200%2C798&ssl=1&resize=1050%2C600 3x"},"classes":[]},{"id":39620,"url":"https:\/\/ismaelcolosi.com.br\/index.php\/2024\/02\/27\/comeca-pre-venda-de-ingressos-do-joao-rock-em-ribeirao-preto\/","url_meta":{"origin":46840,"position":4},"title":"Come\u00e7a pr\u00e9-venda de ingressos do Jo\u00e3o Rock em Ribeir\u00e3o Preto","author":"ismaelcolosi.com.br","date":"27 de February de 2024","format":false,"excerpt":"Come\u00e7a nesta ter\u00e7a-feira (27), a partir das 12h, a pr\u00e9-venda de ingressos do Festival Jo\u00e3o Rock, que acontece dia 8 de junho, no Parque Permanente de Exposi\u00e7\u00f5es de Ribeir\u00e3o Preto. As vendas s\u00e3o tradicionalmente iniciada antes da divulga\u00e7\u00e3o do line-up do evento. O per\u00edodo promocional vai at\u00e9 dia 4 de\u2026","rel":"","context":"In &quot;Not\u00edcias de Ribeir\u00e3o Preto-SP e Regi\u00e3o&quot;","block_context":{"text":"Not\u00edcias de Ribeir\u00e3o Preto-SP e Regi\u00e3o","link":"https:\/\/ismaelcolosi.com.br\/index.php\/category\/noticias-de-ribeirao-preto-sp-e-regiao-ismael-colosi\/"},"img":{"alt_text":"","src":"https:\/\/i0.wp.com\/ismaelcolosi.com.br\/wp-content\/uploads\/2024\/02\/joao_rock_1200x675_12052022153444.jpg?fit=1200%2C675&ssl=1&resize=350%2C200","width":350,"height":200,"srcset":"https:\/\/i0.wp.com\/ismaelcolosi.com.br\/wp-content\/uploads\/2024\/02\/joao_rock_1200x675_12052022153444.jpg?fit=1200%2C675&ssl=1&resize=350%2C200 1x, https:\/\/i0.wp.com\/ismaelcolosi.com.br\/wp-content\/uploads\/2024\/02\/joao_rock_1200x675_12052022153444.jpg?fit=1200%2C675&ssl=1&resize=525%2C300 1.5x, https:\/\/i0.wp.com\/ismaelcolosi.com.br\/wp-content\/uploads\/2024\/02\/joao_rock_1200x675_12052022153444.jpg?fit=1200%2C675&ssl=1&resize=700%2C400 2x, https:\/\/i0.wp.com\/ismaelcolosi.com.br\/wp-content\/uploads\/2024\/02\/joao_rock_1200x675_12052022153444.jpg?fit=1200%2C675&ssl=1&resize=1050%2C600 3x"},"classes":[]},{"id":47363,"url":"https:\/\/ismaelcolosi.com.br\/index.php\/2024\/04\/25\/rock-in-rio-2024-festival-anuncia-banda-james-kingfish-e-show-de-penelope-com-pato-fu\/","url_meta":{"origin":46840,"position":5},"title":"Rock in Rio 2024: Festival anuncia banda James, Kingfish e show de Pen\u00e9lope com Pato Fu","author":"ismaelcolosi.com.br","date":"25 de April de 2024","format":false,"excerpt":"Completando o line-up do espa\u00e7o nesta data, atra\u00e7\u00f5es se apresentam na mesma noite em que o j\u00e1 anunciado NX Zero ser\u00e1 o headliner A um m\u00eas das vendas gerais de ingressos, o Rock in Rio anuncia mais tr\u00eas shows in\u00e9ditos na Cidade do Rock. No dia 14 de setembro, o\u2026","rel":"","context":"In &quot;Not\u00edcias de Ribeir\u00e3o Preto-SP e Regi\u00e3o&quot;","block_context":{"text":"Not\u00edcias de Ribeir\u00e3o Preto-SP e Regi\u00e3o","link":"https:\/\/ismaelcolosi.com.br\/index.php\/category\/noticias-de-ribeirao-preto-sp-e-regiao-ismael-colosi\/"},"img":{"alt_text":"","src":"","width":0,"height":0},"classes":[]}],"jetpack_sharing_enabled":true,"jetpack_shortlink":"https:\/\/wp.me\/pfMlyK-cbu","_links":{"self":[{"href":"https:\/\/ismaelcolosi.com.br\/index.php\/wp-json\/wp\/v2\/posts\/46840","targetHints":{"allow":["GET"]}}],"collection":[{"href":"https:\/\/ismaelcolosi.com.br\/index.php\/wp-json\/wp\/v2\/posts"}],"about":[{"href":"https:\/\/ismaelcolosi.com.br\/index.php\/wp-json\/wp\/v2\/types\/post"}],"author":[{"embeddable":true,"href":"https:\/\/ismaelcolosi.com.br\/index.php\/wp-json\/wp\/v2\/users\/1"}],"replies":[{"embeddable":true,"href":"https:\/\/ismaelcolosi.com.br\/index.php\/wp-json\/wp\/v2\/comments?post=46840"}],"version-history":[{"count":0,"href":"https:\/\/ismaelcolosi.com.br\/index.php\/wp-json\/wp\/v2\/posts\/46840\/revisions"}],"wp:featuredmedia":[{"embeddable":true,"href":"https:\/\/ismaelcolosi.com.br\/index.php\/wp-json\/wp\/v2\/media\/46841"}],"wp:attachment":[{"href":"https:\/\/ismaelcolosi.com.br\/index.php\/wp-json\/wp\/v2\/media?parent=46840"}],"wp:term":[{"taxonomy":"category","embeddable":true,"href":"https:\/\/ismaelcolosi.com.br\/index.php\/wp-json\/wp\/v2\/categories?post=46840"},{"taxonomy":"post_tag","embeddable":true,"href":"https:\/\/ismaelcolosi.com.br\/index.php\/wp-json\/wp\/v2\/tags?post=46840"}],"curies":[{"name":"wp","href":"https:\/\/api.w.org\/{rel}","templated":true}]}}