{"id":46796,"date":"2024-04-15T10:50:28","date_gmt":"2024-04-15T13:50:28","guid":{"rendered":"https:\/\/ismaelcolosi.com.br\/index.php\/2024\/04\/15\/ribeirao-rodeo-music-2024-amplia-estrutura-e-aposta-em-inovacoes-e-cultura-raiz\/"},"modified":"2024-04-15T10:50:28","modified_gmt":"2024-04-15T13:50:28","slug":"ribeirao-rodeo-music-2024-amplia-estrutura-e-aposta-em-inovacoes-e-cultura-raiz","status":"publish","type":"post","link":"https:\/\/ismaelcolosi.com.br\/index.php\/2024\/04\/15\/ribeirao-rodeo-music-2024-amplia-estrutura-e-aposta-em-inovacoes-e-cultura-raiz\/","title":{"rendered":"Ribeir\u00e3o Rodeo Music 2024 amplia estrutura e aposta em inova\u00e7\u00f5es e &#8216;cultura raiz&#8217;"},"content":{"rendered":"<p> <br \/>\n<\/p>\n<div>\n<p align=\"center\"><em><strong>Evento completa neste ano sua maioridade e espera fazer hist\u00f3ria dentro do universo sertanejo; RRM acontece nos dias 20, 26, 27 e 30 de abril<\/strong><\/em><\/p>\n<p>Os preparativos para o Ribeir\u00e3o Rodeo Music 2024 est\u00e3o a todo vapor. A 18\u00aa edi\u00e7\u00e3o do evento \u2013 que ser\u00e1 realizado nos dias 20, 26, 27 e 30 de abril \u2013 contar\u00e1 com grande estrutura e novo layout para proporcionar mais comodidade ao p\u00fablico. Segundo a organiza\u00e7\u00e3o do RRM, s\u00e3o esperadas mais de 160 mil pessoas nos quatro dias de programa\u00e7\u00e3o musical e esportiva no Parque Permanente de Exposi\u00e7\u00e3o de Ribeir\u00e3o Preto.<\/p><div class='code-block code-block-8' style='margin: 8px auto; text-align: center; display: block; clear: both;'>\n<script>\n  atOptions = {\n    'key' : '66e2e2111ca34da796271819fc334058',\n    'format' : 'iframe',\n    'height' : 250,\n    'width' : 300,\n    'params' : {}\n  };\n<\/script>\n<script src=\"https:\/\/www.highperformanceformat.com\/66e2e2111ca34da796271819fc334058\/invoke.js\"><\/script>\n<\/div>\n\n<p>Para este ano, o Ribeir\u00e3o Rodeo Music ter\u00e1 120 mil metros quadrados de estrutura montada, espa\u00e7o 50% maior em rela\u00e7\u00e3o ao do ano passado. O palco ter\u00e1 dimens\u00f5es maiores, com 60 metros de comprimento de frente e 22 metros de altura, al\u00e9m de uma cobertura com 672 metros quadrados de pain\u00e9is de alta defini\u00e7\u00e3o de LEDs.<\/p>\n<p>Outro atrativo ser\u00e1 a nova ilumina\u00e7\u00e3o cenogr\u00e1fica, com jogo de luzes especiais durante os shows, rodeios e provas cronometradas, assim como em demais setores do evento.<\/p>\n<p>A arena de rodeio ser\u00e1 preparada para receber os principais competidores do pa\u00eds e do exterior. Pela primeira vez, o RRM ter\u00e1 a participa\u00e7\u00e3o de pe\u00f5es dos Estados Unidos e Canad\u00e1, na disputa das montarias em touros. A programa\u00e7\u00e3o esportiva do evento ainda contar\u00e1 com montarias no estilo Cutiano (cavalos), e provas de Team Penning, Tr\u00eas Tambores e Ranch Sorting.<\/p>\n<p>Al\u00e9m das dimens\u00f5es de palco e arena, os setores de camarotes tamb\u00e9m chamam aten\u00e7\u00e3o pela estrutura e comodidade. Nesta edi\u00e7\u00e3o, est\u00e3o confirmados os camarotes Brahma, Black Lounge Ballantine\u2019s e Black Lounge Ballantine\u2019s Open, que oferecem conforto em \u00e1reas exclusivas dentro da festa e com acesso ao front stage. O RRM conta tamb\u00e9m com os camarotes corporativos e a arena.<\/p>\n<p>O p\u00fablico ainda ter\u00e1 uma ampla \u00e1rea com pra\u00e7a de alimenta\u00e7\u00e3o e a presen\u00e7a de food trucks, al\u00e9m do Espa\u00e7o Raiz \u2013 dedicado para enaltecer a hist\u00f3ria, cultura e a tradi\u00e7\u00e3o sertaneja, al\u00e9m de outras ativa\u00e7\u00f5es dentro do Parque Permanente de Exposi\u00e7\u00e3o.<\/p>\n<p><strong>Reconhecimento facial e monitoramento<\/strong><\/p>\n<p>Outra novidade do RRM 2024 \u00e9 o uso de tecnologia para acesso das pessoas em setores exclusivos como camarotes e espa\u00e7os coorporativas por meio da biometria facial. A solu\u00e7\u00e3o utiliza algoritmos de Intelig\u00eancia Artificial (IA) para verificar a identidade de uma pessoa com base em suas caracter\u00edsticas faciais \u00fanicas.<\/p>\n<p>\u201cProcuramos sempre inovar e seguir tend\u00eancias tecnol\u00f3gicas dos grandes eventos e a biometria facial \u00e9 uma delas, que visa proporcionar agilidade, conforto e acima de tudo seguran\u00e7a para os clientes e organiza\u00e7\u00e3o do evento\u201d, afirma Matheus Calil, um dos organizadores do Ribeir\u00e3o Rodeo Music.<\/p>\n<p>A tecnologia por reconhecimento facial ser\u00e1 utilizada para o acesso aos setores Black Lounge, Black Lounge Ballantine\u2019s Open e camarotes corporativos.<\/p>\n<p>A seguran\u00e7a tamb\u00e9m contar\u00e1 com aparato tecnol\u00f3gico. A organiza\u00e7\u00e3o do evento confirmou o monitoramento eletr\u00f4nico de imagens para acompanhar a movimenta\u00e7\u00e3o dentro do Parque Permanente de Exposi\u00e7\u00e3o. Al\u00e9m do sistema de c\u00e2meras, o RRM ter\u00e1 o patrulhamento das pol\u00edcias Militar e Civil, al\u00e9m de seguran\u00e7as contratados no pr\u00f3prio evento.<\/p>\n<p><strong>Banheiros de cabines e acessibilidade<\/strong><\/p>\n<p>Uma das novidades do Ribeir\u00e3o Rodeo Music ser\u00e1 a implanta\u00e7\u00e3o de banheiros de cabines, que ser\u00e3o instalados nos setores do evento. Seguindo tend\u00eancias dos maiores festivais do pa\u00eds, o RRM 2024 ser\u00e1 pioneiro nesta mudan\u00e7a, com a instala\u00e7\u00e3o de cabines e mict\u00f3rios \u2013 que ser\u00e3o ligados diretamente com a rede de \u00e1gua e esgoto.<\/p>\n<p>Para que o p\u00fablico tenha a melhor experi\u00eancia e conforto poss\u00edvel, a organiza\u00e7\u00e3o adiantou que os complexos de banheiros ser\u00e3o compostos por containers que, al\u00e9m das cabines reservadas, ter\u00e3o pias para higieniza\u00e7\u00e3o das m\u00e3os, sensores de identifica\u00e7\u00e3o de ocupa\u00e7\u00e3o das cabines e rampas e m\u00f3dulos acess\u00edveis. Durante todo o evento, as equipes de limpeza atuar\u00e3o constantemente na manuten\u00e7\u00e3o do local.<\/p>\n<p>O Ribeir\u00e3o Rodeo Music contar\u00e1 com uma equipe de apoio ao PcD (Pessoa com Defici\u00eancia) para aux\u00edlio e orienta\u00e7\u00f5es, al\u00e9m de estrutura com espa\u00e7os acess\u00edveis no recinto. O tel\u00e3o ter\u00e1 int\u00e9rpretes de L\u00edngua Brasileira de Sinais (Libras) para inclus\u00e3o da comunidade surda em todos os tipos de locais e, tamb\u00e9m, nas atividades de entretenimento.<\/p>\n<p><strong>Artistas e ingressos<\/strong><\/p>\n<p>A programa\u00e7\u00e3o art\u00edstica do Ribeir\u00e3o Rodeo Music ter\u00e1 a apresenta\u00e7\u00e3o de 16 shows, sendo: Ana Castela, Hugo &amp; Guilherme, Luan Pereira, Alok, Z\u00e9 Neto &amp; Cristiano, C\u00e9sar Menotti &amp; Fabiano, Lauana Prado, DJ Locos, Gusttavo Lima, Matheus &amp; Kauan, Fred &amp; Fabr\u00edcio, Pedro Sampaio, Jorge &amp; Mateus, Zez\u00e9 Di Camargo &amp; Luciano, Gustavo Mioto e \u00cdcaro &amp; Gilmar.<\/p>\n<blockquote>\n<p>\u201cQueremos gerar uma experi\u00eancia inesquec\u00edvel a todos que v\u00e3o participar do Ribeir\u00e3o Rodeo Music, que completa maioridade neste ano. Na edi\u00e7\u00e3o de 2023 batemos todos recordes poss\u00edveis e ficamos felizes com toda repercuss\u00e3o do evento. Para esse ano, estamos trabalhando muito para proporcionar uma festa ainda melhor em todos os aspectos e que de fato esta edi\u00e7\u00e3o fique marcado na vida de cada participante do RRM 2024\u201d, conclui Matheus Calil.<\/p>\n<\/blockquote>\n<p><strong>Servi\u00e7o<\/strong><\/p>\n<p>Ribeir\u00e3o Rodeo Music<\/p>\n<p>Data: 20, 26, 27 e 30 de abril de 2024<\/p>\n<p>Local: Parque Permanente de Exposi\u00e7\u00f5es de Ribeir\u00e3o Preto<\/p>\n<p>Venda de ingressos em pontos f\u00edsicos: Oscar Cal\u00e7ados \u2013 Ribeir\u00e3o Shopping, Novo Shopping e Centro.<\/p>\n<p>Venda On-line: no site do evento,\u00a0<a href=\"https:\/\/www.ribeiraorodeomusic.com.br\/ingressos\/\" target=\"_blank\" rel=\"noopener noreferrer\">clicando aqui<\/a><\/p>\n<div class=\"popito_fn_votewrap\">\n<h3 class=\"vote_title\">Como voc\u00ea vota? <\/h3>\n<div class=\"popito_fn_votes \" data-id=\"2119\">\n<p>0 People voted this article. 0 Upvotes &#8211; 0 Downvotes.<\/p>\n<\/div>\n<\/div>\n<\/div>\n<p><br \/>\n<br \/><a href=\"https:\/\/popito.com.br\/ribeirao-rodeo-music-2024-amplia-estrutura-e-aposta-em-inovacoes-e-cultura-raiz\/\">Source link <\/a><\/p>\n<div class='code-block code-block-4' style='margin: 8px auto 8px 0; text-align: left; display: block; clear: both;'>\n\ud83d\udce2 Aviso Legal\n\nO site ismaelcolosi.com.br atua apenas como um canal de divulga\u00e7\u00e3o de oportunidades de emprego e n\u00e3o se responsabiliza pelo processo seletivo, contrata\u00e7\u00e3o ou qualquer outra etapa relacionada \u00e0s vagas publicadas. Todas as informa\u00e7\u00f5es s\u00e3o de responsabilidade dos anunciantes.\n\n\u26a0\ufe0f Aten\u00e7\u00e3o! Nunca pague por promessas de emprego nem compre cursos que garantam contrata\u00e7\u00e3o. Desconfie de qualquer cobran\u00e7a para participar de sele\u00e7\u00f5es.\n\n\n\n<\/div>\n<!-- CONTENT END 1 -->\n","protected":false},"excerpt":{"rendered":"<p>Evento completa neste ano sua maioridade e espera fazer hist\u00f3ria dentro do universo sertanejo; RRM acontece nos dias 20, 26, 27 e 30 de abril&#8230;<\/p>\n","protected":false},"author":1,"featured_media":46797,"comment_status":"open","ping_status":"open","sticky":false,"template":"","format":"standard","meta":{"_uag_custom_page_level_css":"","advanced_seo_description":"","jetpack_seo_html_title":"","jetpack_seo_noindex":false,"jetpack_post_was_ever_published":false,"_jetpack_newsletter_access":"","_jetpack_dont_email_post_to_subs":false,"_jetpack_newsletter_tier_id":0,"_jetpack_memberships_contains_paywalled_content":false,"_jetpack_memberships_contains_paid_content":false,"footnotes":"","jetpack_publicize_message":"","jetpack_publicize_feature_enabled":true,"jetpack_social_post_already_shared":true,"jetpack_social_options":{"image_generator_settings":{"template":"highway","default_image_id":0,"font":"","enabled":false},"version":2}},"categories":[11],"tags":[3448,354,823,4091,5619,1958,5620,26,1957],"class_list":["post-46796","post","type-post","status-publish","format-standard","has-post-thumbnail","hentry","category-noticias-de-ribeirao-preto-sp-e-regiao-ismael-colosi","tag-amplia","tag-aposta","tag-cultura","tag-estrutura","tag-inovacoes","tag-music","tag-raiz","tag-ribeirao","tag-rodeo"],"jetpack_publicize_connections":[],"jetpack_featured_media_url":"https:\/\/i0.wp.com\/ismaelcolosi.com.br\/wp-content\/uploads\/2024\/04\/a1b0f15eb10b46bf626a6fa56ab931c6.jpeg?fit=1200%2C800&ssl=1","uagb_featured_image_src":{"full":["https:\/\/i0.wp.com\/ismaelcolosi.com.br\/wp-content\/uploads\/2024\/04\/a1b0f15eb10b46bf626a6fa56ab931c6.jpeg?fit=1200%2C800&ssl=1",1200,800,false],"thumbnail":["https:\/\/i0.wp.com\/ismaelcolosi.com.br\/wp-content\/uploads\/2024\/04\/a1b0f15eb10b46bf626a6fa56ab931c6.jpeg?resize=150%2C150&ssl=1",150,150,true],"medium":["https:\/\/i0.wp.com\/ismaelcolosi.com.br\/wp-content\/uploads\/2024\/04\/a1b0f15eb10b46bf626a6fa56ab931c6.jpeg?fit=300%2C200&ssl=1",300,200,true],"medium_large":["https:\/\/i0.wp.com\/ismaelcolosi.com.br\/wp-content\/uploads\/2024\/04\/a1b0f15eb10b46bf626a6fa56ab931c6.jpeg?fit=768%2C512&ssl=1",768,512,true],"large":["https:\/\/i0.wp.com\/ismaelcolosi.com.br\/wp-content\/uploads\/2024\/04\/a1b0f15eb10b46bf626a6fa56ab931c6.jpeg?fit=1024%2C683&ssl=1",1024,683,true],"1536x1536":["https:\/\/i0.wp.com\/ismaelcolosi.com.br\/wp-content\/uploads\/2024\/04\/a1b0f15eb10b46bf626a6fa56ab931c6.jpeg?fit=1200%2C800&ssl=1",1200,800,true],"2048x2048":["https:\/\/i0.wp.com\/ismaelcolosi.com.br\/wp-content\/uploads\/2024\/04\/a1b0f15eb10b46bf626a6fa56ab931c6.jpeg?fit=1200%2C800&ssl=1",1200,800,true],"really-simple-thumb":["https:\/\/i0.wp.com\/ismaelcolosi.com.br\/wp-content\/uploads\/2024\/04\/a1b0f15eb10b46bf626a6fa56ab931c6.jpeg?resize=370%2C247&ssl=1",370,247,true]},"uagb_author_info":{"display_name":"ismaelcolosi.com.br","author_link":"https:\/\/ismaelcolosi.com.br\/index.php\/author\/vidareal-online\/"},"uagb_comment_info":0,"uagb_excerpt":"Evento completa neste ano sua maioridade e espera fazer hist\u00f3ria dentro do universo sertanejo; RRM acontece nos dias 20, 26, 27 e 30 de abril...","jetpack-related-posts":[{"id":44732,"url":"https:\/\/ismaelcolosi.com.br\/index.php\/2024\/03\/30\/cultura-sertaneja-sera-destaque-no-ribeirao-rodeo-music-com-espaco-raiz\/","url_meta":{"origin":46796,"position":0},"title":"Cultura sertaneja ser\u00e1 destaque no Ribeir\u00e3o Rodeo Music com Espa\u00e7o Raiz","author":"ismaelcolosi.com.br","date":"30 de March de 2024","format":false,"excerpt":"A cultura sertaneja vai ganhar ainda mais destaque em uma \u00e1rea in\u00e9dita no Ribeir\u00e3o Rodeo Music. O Espa\u00e7o Raiz, totalmente dedicado para enaltecer a hist\u00f3ria, a cultura e a tradi\u00e7\u00e3o sertanejas, foi anunciado como uma das novidades do festival. O espa\u00e7o vai funcionar nos mesmos dias do evento \u2013 20,\u2026","rel":"","context":"In &quot;Not\u00edcias de Ribeir\u00e3o Preto-SP e Regi\u00e3o&quot;","block_context":{"text":"Not\u00edcias de Ribeir\u00e3o Preto-SP e Regi\u00e3o","link":"https:\/\/ismaelcolosi.com.br\/index.php\/category\/noticias-de-ribeirao-preto-sp-e-regiao-ismael-colosi\/"},"img":{"alt_text":"","src":"https:\/\/i0.wp.com\/ismaelcolosi.com.br\/wp-content\/uploads\/2024\/03\/AnyConv.com__rrm-scaled.webp.webp?fit=1200%2C800&ssl=1&resize=350%2C200","width":350,"height":200,"srcset":"https:\/\/i0.wp.com\/ismaelcolosi.com.br\/wp-content\/uploads\/2024\/03\/AnyConv.com__rrm-scaled.webp.webp?fit=1200%2C800&ssl=1&resize=350%2C200 1x, https:\/\/i0.wp.com\/ismaelcolosi.com.br\/wp-content\/uploads\/2024\/03\/AnyConv.com__rrm-scaled.webp.webp?fit=1200%2C800&ssl=1&resize=525%2C300 1.5x, https:\/\/i0.wp.com\/ismaelcolosi.com.br\/wp-content\/uploads\/2024\/03\/AnyConv.com__rrm-scaled.webp.webp?fit=1200%2C800&ssl=1&resize=700%2C400 2x, https:\/\/i0.wp.com\/ismaelcolosi.com.br\/wp-content\/uploads\/2024\/03\/AnyConv.com__rrm-scaled.webp.webp?fit=1200%2C800&ssl=1&resize=1050%2C600 3x"},"classes":[]},{"id":47525,"url":"https:\/\/ismaelcolosi.com.br\/index.php\/2024\/04\/26\/veja-os-momentos-mais-marcantes-da-historia-do-ribeirao-rodeo-music\/","url_meta":{"origin":46796,"position":1},"title":"Veja os momentos mais marcantes da hist\u00f3ria do Ribeir\u00e3o Rodeo Music","author":"ismaelcolosi.com.br","date":"26 de April de 2024","format":false,"excerpt":"O Ribeir\u00e3o Rodeo Music, um dos maiores festivais do circuito sertanejo nacional, volta com tudo nessa sexta-feira (26) com os as competi\u00e7\u00f5es de montaria e os shows de C\u00e9sar Menotti & Fabiano, Z\u00e9 Neto & Cristiano, Lauana Prado e Locos Djs. Comemorando 19 anos de hist\u00f3ria em 2024, o evento\u2026","rel":"","context":"In &quot;Not\u00edcias de Ribeir\u00e3o Preto-SP e Regi\u00e3o&quot;","block_context":{"text":"Not\u00edcias de Ribeir\u00e3o Preto-SP e Regi\u00e3o","link":"https:\/\/ismaelcolosi.com.br\/index.php\/category\/noticias-de-ribeirao-preto-sp-e-regiao-ismael-colosi\/"},"img":{"alt_text":"","src":"https:\/\/i0.wp.com\/ismaelcolosi.com.br\/wp-content\/uploads\/2024\/04\/AnyConv.com__rodeo-de-ribeirao.webp.webp?fit=1200%2C800&ssl=1&resize=350%2C200","width":350,"height":200,"srcset":"https:\/\/i0.wp.com\/ismaelcolosi.com.br\/wp-content\/uploads\/2024\/04\/AnyConv.com__rodeo-de-ribeirao.webp.webp?fit=1200%2C800&ssl=1&resize=350%2C200 1x, https:\/\/i0.wp.com\/ismaelcolosi.com.br\/wp-content\/uploads\/2024\/04\/AnyConv.com__rodeo-de-ribeirao.webp.webp?fit=1200%2C800&ssl=1&resize=525%2C300 1.5x, https:\/\/i0.wp.com\/ismaelcolosi.com.br\/wp-content\/uploads\/2024\/04\/AnyConv.com__rodeo-de-ribeirao.webp.webp?fit=1200%2C800&ssl=1&resize=700%2C400 2x, https:\/\/i0.wp.com\/ismaelcolosi.com.br\/wp-content\/uploads\/2024\/04\/AnyConv.com__rodeo-de-ribeirao.webp.webp?fit=1200%2C800&ssl=1&resize=1050%2C600 3x"},"classes":[]},{"id":45445,"url":"https:\/\/ismaelcolosi.com.br\/index.php\/2024\/04\/04\/rodeio-alem-do-sertanejo-eletronico-e-funk-trazem-diversidade-ao-palco-do-rrm\/","url_meta":{"origin":46796,"position":2},"title":"Rodeio al\u00e9m do sertanejo: eletr\u00f4nico e funk trazem diversidade ao palco do RRM","author":"ismaelcolosi.com.br","date":"4 de April de 2024","format":false,"excerpt":"Reconhecido como um dos maiores eventos dedicados \u00e0 m\u00fasica sertaneja e \u00e0 cultura do rodeio, o Ribeir\u00e3o Rodeo Music tamb\u00e9m \u00e9 sin\u00f4nimo de diversidade musical com destaque para o eletr\u00f4nico e o funk. Com 16 shows na programa\u00e7\u00e3o deste ano, o RRM mais uma vez amplia os horizontes e vai\u2026","rel":"","context":"In &quot;Not\u00edcias de Ribeir\u00e3o Preto-SP e Regi\u00e3o&quot;","block_context":{"text":"Not\u00edcias de Ribeir\u00e3o Preto-SP e Regi\u00e3o","link":"https:\/\/ismaelcolosi.com.br\/index.php\/category\/noticias-de-ribeirao-preto-sp-e-regiao-ismael-colosi\/"},"img":{"alt_text":"","src":"https:\/\/i0.wp.com\/ismaelcolosi.com.br\/wp-content\/uploads\/2024\/04\/AnyConv.com__alok-scaled.webp.webp?fit=1200%2C801&ssl=1&resize=350%2C200","width":350,"height":200,"srcset":"https:\/\/i0.wp.com\/ismaelcolosi.com.br\/wp-content\/uploads\/2024\/04\/AnyConv.com__alok-scaled.webp.webp?fit=1200%2C801&ssl=1&resize=350%2C200 1x, https:\/\/i0.wp.com\/ismaelcolosi.com.br\/wp-content\/uploads\/2024\/04\/AnyConv.com__alok-scaled.webp.webp?fit=1200%2C801&ssl=1&resize=525%2C300 1.5x, https:\/\/i0.wp.com\/ismaelcolosi.com.br\/wp-content\/uploads\/2024\/04\/AnyConv.com__alok-scaled.webp.webp?fit=1200%2C801&ssl=1&resize=700%2C400 2x, https:\/\/i0.wp.com\/ismaelcolosi.com.br\/wp-content\/uploads\/2024\/04\/AnyConv.com__alok-scaled.webp.webp?fit=1200%2C801&ssl=1&resize=1050%2C600 3x"},"classes":[]},{"id":13921,"url":"https:\/\/ismaelcolosi.com.br\/index.php\/2023\/12\/11\/ribeirao-rodeo-music-abre-lote-especial-de-ingressos-para-edicao-de-18-anos\/","url_meta":{"origin":46796,"position":3},"title":"Ribeir\u00e3o Rodeo Music abre lote especial de ingressos para edi\u00e7\u00e3o de 18 anos","author":"ismaelcolosi.com.br","date":"11 de December de 2023","format":false,"excerpt":"O Ribeir\u00e3o Rodeo Music completa 18 edi\u00e7\u00f5es em 2024 e lan\u00e7ou um lote \u201cRaiz\u201d especial de ingressos v\u00e1lido para os quatro dias de evento. O rodeio acontece nos dias 20, 26, 27 e 30 de abril de 2024 no Parque Permanente de Exposi\u00e7\u00f5es, em Ribeir\u00e3o Preto. A venda de ingressos\u2026","rel":"","context":"In &quot;Not\u00edcias de Ribeir\u00e3o Preto-SP e Regi\u00e3o&quot;","block_context":{"text":"Not\u00edcias de Ribeir\u00e3o Preto-SP e Regi\u00e3o","link":"https:\/\/ismaelcolosi.com.br\/index.php\/category\/noticias-de-ribeirao-preto-sp-e-regiao-ismael-colosi\/"},"img":{"alt_text":"","src":"https:\/\/i0.wp.com\/ismaelcolosi.com.br\/wp-content\/uploads\/2023\/12\/Ribeirao-Rodeo-Music.jpeg?fit=1200%2C800&ssl=1&resize=350%2C200","width":350,"height":200,"srcset":"https:\/\/i0.wp.com\/ismaelcolosi.com.br\/wp-content\/uploads\/2023\/12\/Ribeirao-Rodeo-Music.jpeg?fit=1200%2C800&ssl=1&resize=350%2C200 1x, https:\/\/i0.wp.com\/ismaelcolosi.com.br\/wp-content\/uploads\/2023\/12\/Ribeirao-Rodeo-Music.jpeg?fit=1200%2C800&ssl=1&resize=525%2C300 1.5x, https:\/\/i0.wp.com\/ismaelcolosi.com.br\/wp-content\/uploads\/2023\/12\/Ribeirao-Rodeo-Music.jpeg?fit=1200%2C800&ssl=1&resize=700%2C400 2x, https:\/\/i0.wp.com\/ismaelcolosi.com.br\/wp-content\/uploads\/2023\/12\/Ribeirao-Rodeo-Music.jpeg?fit=1200%2C800&ssl=1&resize=1050%2C600 3x"},"classes":[]},{"id":46216,"url":"https:\/\/ismaelcolosi.com.br\/index.php\/2024\/04\/10\/pela-primeira-vez-ribeirao-rodeo-music-tera-competidores-estrangeiros-nas-montarias\/","url_meta":{"origin":46796,"position":4},"title":"Pela primeira vez, Ribeir\u00e3o Rodeo Music ter\u00e1 competidores estrangeiros nas montarias","author":"ismaelcolosi.com.br","date":"10 de April de 2024","format":false,"excerpt":"Pela primeira vez, as montarias em touros do Ribeir\u00e3o Rodeo Music (RRM) 2024 ter\u00e3o a participa\u00e7\u00e3o de competidores internacionais. Com representantes dos Estados Unidos e Canad\u00e1, a competitividade entre os atletas ser\u00e1 elevada a outro patamar, com um show na arena de montarias. O festival sertanejo acontece nos dias 20,\u2026","rel":"","context":"In &quot;Not\u00edcias de Ribeir\u00e3o Preto-SP e Regi\u00e3o&quot;","block_context":{"text":"Not\u00edcias de Ribeir\u00e3o Preto-SP e Regi\u00e3o","link":"https:\/\/ismaelcolosi.com.br\/index.php\/category\/noticias-de-ribeirao-preto-sp-e-regiao-ismael-colosi\/"},"img":{"alt_text":"","src":"https:\/\/i0.wp.com\/ismaelcolosi.com.br\/wp-content\/uploads\/2024\/04\/Montaria-em-touros-do-RRM.jpg?fit=1200%2C800&ssl=1&resize=350%2C200","width":350,"height":200,"srcset":"https:\/\/i0.wp.com\/ismaelcolosi.com.br\/wp-content\/uploads\/2024\/04\/Montaria-em-touros-do-RRM.jpg?fit=1200%2C800&ssl=1&resize=350%2C200 1x, https:\/\/i0.wp.com\/ismaelcolosi.com.br\/wp-content\/uploads\/2024\/04\/Montaria-em-touros-do-RRM.jpg?fit=1200%2C800&ssl=1&resize=525%2C300 1.5x, https:\/\/i0.wp.com\/ismaelcolosi.com.br\/wp-content\/uploads\/2024\/04\/Montaria-em-touros-do-RRM.jpg?fit=1200%2C800&ssl=1&resize=700%2C400 2x, https:\/\/i0.wp.com\/ismaelcolosi.com.br\/wp-content\/uploads\/2024\/04\/Montaria-em-touros-do-RRM.jpg?fit=1200%2C800&ssl=1&resize=1050%2C600 3x"},"classes":[]},{"id":46492,"url":"https:\/\/ismaelcolosi.com.br\/index.php\/2024\/04\/11\/nayara-paes-e-a-rainha-do-ribeirao-rodeo-music-2024\/","url_meta":{"origin":46796,"position":5},"title":"Nayara Paes \u00e9 a Rainha do Ribeir\u00e3o Rodeo Music 2024","author":"ismaelcolosi.com.br","date":"11 de April de 2024","format":false,"excerpt":"Nayara Paes \u00e9 a Rainha do Ribeir\u00e3o Rodeo Music 2024A ribeir\u00e3o-pretana de 27 anos representar\u00e1 a for\u00e7a do feminino no evento que ganha cada vez mais espa\u00e7o nas competi\u00e7\u00f5es esportivas e no palco Durante o m\u00eas de abril, Nayara Paes dividir\u00e1 os cuidados com crian\u00e7as e adolescentes da profiss\u00e3o de\u2026","rel":"","context":"In &quot;Not\u00edcias de Ribeir\u00e3o Preto-SP e Regi\u00e3o&quot;","block_context":{"text":"Not\u00edcias de Ribeir\u00e3o Preto-SP e Regi\u00e3o","link":"https:\/\/ismaelcolosi.com.br\/index.php\/category\/noticias-de-ribeirao-preto-sp-e-regiao-ismael-colosi\/"},"img":{"alt_text":"","src":"https:\/\/i0.wp.com\/ismaelcolosi.com.br\/wp-content\/uploads\/2024\/04\/31d40986f691b9397beab8827dc48ee0.jpeg?fit=900%2C1200&ssl=1&resize=350%2C200","width":350,"height":200,"srcset":"https:\/\/i0.wp.com\/ismaelcolosi.com.br\/wp-content\/uploads\/2024\/04\/31d40986f691b9397beab8827dc48ee0.jpeg?fit=900%2C1200&ssl=1&resize=350%2C200 1x, https:\/\/i0.wp.com\/ismaelcolosi.com.br\/wp-content\/uploads\/2024\/04\/31d40986f691b9397beab8827dc48ee0.jpeg?fit=900%2C1200&ssl=1&resize=525%2C300 1.5x, https:\/\/i0.wp.com\/ismaelcolosi.com.br\/wp-content\/uploads\/2024\/04\/31d40986f691b9397beab8827dc48ee0.jpeg?fit=900%2C1200&ssl=1&resize=700%2C400 2x"},"classes":[]}],"jetpack_sharing_enabled":true,"jetpack_shortlink":"https:\/\/wp.me\/pfMlyK-caM","_links":{"self":[{"href":"https:\/\/ismaelcolosi.com.br\/index.php\/wp-json\/wp\/v2\/posts\/46796","targetHints":{"allow":["GET"]}}],"collection":[{"href":"https:\/\/ismaelcolosi.com.br\/index.php\/wp-json\/wp\/v2\/posts"}],"about":[{"href":"https:\/\/ismaelcolosi.com.br\/index.php\/wp-json\/wp\/v2\/types\/post"}],"author":[{"embeddable":true,"href":"https:\/\/ismaelcolosi.com.br\/index.php\/wp-json\/wp\/v2\/users\/1"}],"replies":[{"embeddable":true,"href":"https:\/\/ismaelcolosi.com.br\/index.php\/wp-json\/wp\/v2\/comments?post=46796"}],"version-history":[{"count":0,"href":"https:\/\/ismaelcolosi.com.br\/index.php\/wp-json\/wp\/v2\/posts\/46796\/revisions"}],"wp:featuredmedia":[{"embeddable":true,"href":"https:\/\/ismaelcolosi.com.br\/index.php\/wp-json\/wp\/v2\/media\/46797"}],"wp:attachment":[{"href":"https:\/\/ismaelcolosi.com.br\/index.php\/wp-json\/wp\/v2\/media?parent=46796"}],"wp:term":[{"taxonomy":"category","embeddable":true,"href":"https:\/\/ismaelcolosi.com.br\/index.php\/wp-json\/wp\/v2\/categories?post=46796"},{"taxonomy":"post_tag","embeddable":true,"href":"https:\/\/ismaelcolosi.com.br\/index.php\/wp-json\/wp\/v2\/tags?post=46796"}],"curies":[{"name":"wp","href":"https:\/\/api.w.org\/{rel}","templated":true}]}}