{"id":4669,"date":"2023-11-22T02:08:42","date_gmt":"2023-11-22T05:08:42","guid":{"rendered":"https:\/\/ismaelcolosi.com.br\/index.php\/2023\/11\/22\/padre-fabio-de-melo-expoe-o-motivo-de-ter-deixado-de-assinar-o-seu-novo-livro-como-padre-video\/"},"modified":"2023-11-22T02:08:42","modified_gmt":"2023-11-22T05:08:42","slug":"padre-fabio-de-melo-expoe-o-motivo-de-ter-deixado-de-assinar-o-seu-novo-livro-como-padre-video","status":"publish","type":"post","link":"https:\/\/ismaelcolosi.com.br\/index.php\/2023\/11\/22\/padre-fabio-de-melo-expoe-o-motivo-de-ter-deixado-de-assinar-o-seu-novo-livro-como-padre-video\/","title":{"rendered":"Padre F\u00e1bio de Melo exp\u00f5e o motivo de ter deixado de assinar o seu novo livro como &#8216;padre&#8217;; v\u00eddeo"},"content":{"rendered":"<p> <br \/>\n<\/p>\n<div itemprop=\"text\">\n<p>Recentemente, diversos canais de comunica\u00e7\u00e3o noticiaram que o padre F\u00e1bio de Melo deixou de assinar o seu livro \u2018A Vida \u00c9 Cruel, Ana Maria\u2019, da editora Record, da maneira que costumava.<\/p>\n<p>Em todas as suas outras publica\u00e7\u00f5es, ele assinou como \u2018Padre F\u00e1bio de Melo\u2019. Contudo, no livro que conta a hist\u00f3ria de sua m\u00e3e, o religioso deixou de lado o \u2018padre\u2019 e assinou apenas como F\u00e1bio de Melo.<\/p><div class='code-block code-block-8' style='margin: 8px auto; text-align: center; display: block; clear: both;'>\n<script>\n  atOptions = {\n    'key' : '66e2e2111ca34da796271819fc334058',\n    'format' : 'iframe',\n    'height' : 250,\n    'width' : 300,\n    'params' : {}\n  };\n<\/script>\n<script src=\"https:\/\/www.highperformanceformat.com\/66e2e2111ca34da796271819fc334058\/invoke.js\"><\/script>\n<\/div>\n\n<p>Sua decis\u00e3o chamou bastante aten\u00e7\u00e3o e foi notada durante o evento de estreia de seu livro que contou com a participa\u00e7\u00e3o de in\u00fameros f\u00e3s que foram at\u00e9 o local para o apoiar.<\/p>\n<p>E diante do caso, o religioso falou sobre o assunto e explicou a sua decis\u00e3o de ter deixado de assinar como \u2018padre\u2019, explicando o motivo para a atitude que pegou os seus f\u00e3s de surpresa.<\/p>\n<p><em>\u201c\u00c9 que eu voltei \u00e0s origens. O meu primeiro livro, Quem me roubou de mim?, que lancei pela Editora Can\u00e7\u00e3o Nova, a gente optou por lan\u00e7ar s\u00f3 como a pessoa f\u00edsica. Por incr\u00edvel que pare\u00e7a, o nome \u2018padre\u2019 aproxima, mas tamb\u00e9m distancia \u00e0s vezes. Sobretudo, quando falamos de literatura\u201d<\/em>, declarou ele, deixando bem claro a sua motiva\u00e7\u00e3o.<\/p>\n<p>Confira abaixo a entrevista em que o religioso deu mais detalhes sobre o seu livro e a decis\u00e3o que foi tomada por ele:<\/p>\n<p><a href=\"https:\/\/www.youtube.com\/watch?v=SNd0FTNQC_g\">https:\/\/www.youtube.com\/watch?v=SNd0FTNQC_g<\/a><\/p>\n<p>Em seu livro, o padre buscou se abrir em rela\u00e7\u00e3o a sua vida pessoal, revelando que passou por diversos momentos complicados.<\/p>\n<\/div>\n<p><br \/>\n<br \/><a href=\"https:\/\/fnmais.com\/padre-fabio-melo-expoe-motivo-ter-deixado-assinar-seu-novo-livro-como-padre-video\/\">Source link <\/a><\/p>\n<div class='code-block code-block-4' style='margin: 8px auto 8px 0; text-align: left; display: block; clear: both;'>\n\ud83d\udce2 Aviso Legal\n\nO site ismaelcolosi.com.br atua apenas como um canal de divulga\u00e7\u00e3o de oportunidades de emprego e n\u00e3o se responsabiliza pelo processo seletivo, contrata\u00e7\u00e3o ou qualquer outra etapa relacionada \u00e0s vagas publicadas. Todas as informa\u00e7\u00f5es s\u00e3o de responsabilidade dos anunciantes.\n\n\u26a0\ufe0f Aten\u00e7\u00e3o! Nunca pague por promessas de emprego nem compre cursos que garantam contrata\u00e7\u00e3o. Desconfie de qualquer cobran\u00e7a para participar de sele\u00e7\u00f5es.\n\n\n\n<\/div>\n<!-- CONTENT END 1 -->\n","protected":false},"excerpt":{"rendered":"<p>Recentemente, diversos canais de comunica\u00e7\u00e3o noticiaram que o padre F\u00e1bio de Melo deixou de assinar o seu livro \u2018A Vida \u00c9 Cruel, Ana Maria\u2019, da&#8230;<\/p>\n","protected":false},"author":1,"featured_media":4670,"comment_status":"open","ping_status":"open","sticky":false,"template":"","format":"standard","meta":{"_uag_custom_page_level_css":"","advanced_seo_description":"","jetpack_seo_html_title":"","jetpack_seo_noindex":false,"jetpack_post_was_ever_published":false,"_jetpack_newsletter_access":"","_jetpack_dont_email_post_to_subs":false,"_jetpack_newsletter_tier_id":0,"_jetpack_memberships_contains_paywalled_content":false,"_jetpack_memberships_contains_paid_content":false,"footnotes":"","jetpack_publicize_message":"","jetpack_publicize_feature_enabled":true,"jetpack_social_post_already_shared":true,"jetpack_social_options":{"image_generator_settings":{"template":"highway","default_image_id":0,"font":"","enabled":false},"version":2}},"categories":[1],"tags":[],"class_list":["post-4669","post","type-post","status-publish","format-standard","has-post-thumbnail","hentry","category-blog"],"jetpack_publicize_connections":[],"jetpack_featured_media_url":"https:\/\/i0.wp.com\/ismaelcolosi.com.br\/wp-content\/uploads\/2023\/11\/postimg-655d88ec546af6587.jpg?fit=1200%2C628&ssl=1","uagb_featured_image_src":{"full":["https:\/\/i0.wp.com\/ismaelcolosi.com.br\/wp-content\/uploads\/2023\/11\/postimg-655d88ec546af6587.jpg?fit=1200%2C628&ssl=1",1200,628,false],"thumbnail":["https:\/\/i0.wp.com\/ismaelcolosi.com.br\/wp-content\/uploads\/2023\/11\/postimg-655d88ec546af6587.jpg?resize=150%2C150&ssl=1",150,150,true],"medium":["https:\/\/i0.wp.com\/ismaelcolosi.com.br\/wp-content\/uploads\/2023\/11\/postimg-655d88ec546af6587.jpg?fit=300%2C157&ssl=1",300,157,true],"medium_large":["https:\/\/i0.wp.com\/ismaelcolosi.com.br\/wp-content\/uploads\/2023\/11\/postimg-655d88ec546af6587.jpg?fit=768%2C402&ssl=1",768,402,true],"large":["https:\/\/i0.wp.com\/ismaelcolosi.com.br\/wp-content\/uploads\/2023\/11\/postimg-655d88ec546af6587.jpg?fit=1024%2C536&ssl=1",1024,536,true],"1536x1536":["https:\/\/i0.wp.com\/ismaelcolosi.com.br\/wp-content\/uploads\/2023\/11\/postimg-655d88ec546af6587.jpg?fit=1200%2C628&ssl=1",1200,628,true],"2048x2048":["https:\/\/i0.wp.com\/ismaelcolosi.com.br\/wp-content\/uploads\/2023\/11\/postimg-655d88ec546af6587.jpg?fit=1200%2C628&ssl=1",1200,628,true],"really-simple-thumb":["https:\/\/i0.wp.com\/ismaelcolosi.com.br\/wp-content\/uploads\/2023\/11\/postimg-655d88ec546af6587.jpg?resize=370%2C247&ssl=1",370,247,true]},"uagb_author_info":{"display_name":"ismaelcolosi.com.br","author_link":"https:\/\/ismaelcolosi.com.br\/index.php\/author\/vidareal-online\/"},"uagb_comment_info":0,"uagb_excerpt":"Recentemente, diversos canais de comunica\u00e7\u00e3o noticiaram que o padre F\u00e1bio de Melo deixou de assinar o seu livro \u2018A Vida \u00c9 Cruel, Ana Maria\u2019, da...","jetpack-related-posts":[{"id":25065,"url":"https:\/\/ismaelcolosi.com.br\/index.php\/2024\/01\/05\/padre-fabio-de-melo-quebra-o-silencio-e-abre-o-jogo-sobre-o-polemico-caso-do-padre-julio-lancellotti\/","url_meta":{"origin":4669,"position":0},"title":"Padre F\u00e1bio de Melo quebra o sil\u00eancio e abre o jogo sobre o pol\u00eamico caso do Padre J\u00falio Lancellotti","author":"ismaelcolosi.com.br","date":"5 de January de 2024","format":false,"excerpt":"A \u00faltima quinta, dia 4 de janeiro, foi marcada por intensos debates nas redes sociais ap\u00f3s o padre F\u00e1bio de Melo ser alvo de cr\u00edticas por seu posicionamento sobre a poss\u00edvel instaura\u00e7\u00e3o de uma CPI contra o padre J\u00falio Lancellotti.Este \u00faltimo \u00e9 acusado de liderar uma suposta \u201cM\u00e1fia da Mis\u00e9ria\u201d,\u2026","rel":"","context":"In &quot;Blog&quot;","block_context":{"text":"Blog","link":"https:\/\/ismaelcolosi.com.br\/index.php\/category\/blog\/"},"img":{"alt_text":"","src":"https:\/\/i0.wp.com\/ismaelcolosi.com.br\/wp-content\/uploads\/2024\/01\/postimg-6598432f73ff49926.jpg?fit=1200%2C628&ssl=1&resize=350%2C200","width":350,"height":200,"srcset":"https:\/\/i0.wp.com\/ismaelcolosi.com.br\/wp-content\/uploads\/2024\/01\/postimg-6598432f73ff49926.jpg?fit=1200%2C628&ssl=1&resize=350%2C200 1x, https:\/\/i0.wp.com\/ismaelcolosi.com.br\/wp-content\/uploads\/2024\/01\/postimg-6598432f73ff49926.jpg?fit=1200%2C628&ssl=1&resize=525%2C300 1.5x, https:\/\/i0.wp.com\/ismaelcolosi.com.br\/wp-content\/uploads\/2024\/01\/postimg-6598432f73ff49926.jpg?fit=1200%2C628&ssl=1&resize=700%2C400 2x, https:\/\/i0.wp.com\/ismaelcolosi.com.br\/wp-content\/uploads\/2024\/01\/postimg-6598432f73ff49926.jpg?fit=1200%2C628&ssl=1&resize=1050%2C600 3x"},"classes":[]},{"id":31153,"url":"https:\/\/ismaelcolosi.com.br\/index.php\/2024\/01\/21\/top-10-musicas-catolicas-mais-tocadas-do-brasil-em-2024\/","url_meta":{"origin":4669,"position":1},"title":"Top 10 m\u00fasicas Cat\u00f3licas mais tocadas do Brasil em 2024","author":"ismaelcolosi.com.br","date":"21 de January de 2024","format":false,"excerpt":"Confira as top m\u00fasicas cat\u00f3licas mais tocadas. Ou\u00e7a as melhores m\u00fasicas cat\u00f3licas mais tocadas nas r\u00e1dios do Brasil e consequentemente no Youtube. S\u00e3o os maiores sucessos do g\u00eanero cat\u00f3lico que s\u00e3o mais ouvidas tanto nas r\u00e1dios, como nas missas, nas igrejas e na internet. Portanto, aproveite para ouvir o top\u2026","rel":"","context":"In &quot;Blog&quot;","block_context":{"text":"Blog","link":"https:\/\/ismaelcolosi.com.br\/index.php\/category\/blog\/"},"img":{"alt_text":"","src":"https:\/\/i0.wp.com\/ismaelcolosi.com.br\/wp-content\/uploads\/2024\/01\/Musicas-catolicas-mais-tocadas.jpg?fit=1200%2C799&ssl=1&resize=350%2C200","width":350,"height":200,"srcset":"https:\/\/i0.wp.com\/ismaelcolosi.com.br\/wp-content\/uploads\/2024\/01\/Musicas-catolicas-mais-tocadas.jpg?fit=1200%2C799&ssl=1&resize=350%2C200 1x, https:\/\/i0.wp.com\/ismaelcolosi.com.br\/wp-content\/uploads\/2024\/01\/Musicas-catolicas-mais-tocadas.jpg?fit=1200%2C799&ssl=1&resize=525%2C300 1.5x, https:\/\/i0.wp.com\/ismaelcolosi.com.br\/wp-content\/uploads\/2024\/01\/Musicas-catolicas-mais-tocadas.jpg?fit=1200%2C799&ssl=1&resize=700%2C400 2x, https:\/\/i0.wp.com\/ismaelcolosi.com.br\/wp-content\/uploads\/2024\/01\/Musicas-catolicas-mais-tocadas.jpg?fit=1200%2C799&ssl=1&resize=1050%2C600 3x"},"classes":[]},{"id":13882,"url":"https:\/\/ismaelcolosi.com.br\/index.php\/2023\/12\/11\/padre-nao-resiste-apos-grave-acidente-na-pr-323-ele-lutou-por-sua-vida-durante-4-meses\/","url_meta":{"origin":4669,"position":2},"title":"Padre n\u00e3o resiste ap\u00f3s grave acidente na PR-323; ele lutou por sua vida durante 4 meses","author":"ismaelcolosi.com.br","date":"11 de December de 2023","format":false,"excerpt":"Nesta segunda-feira, dia 11 de dezembro, o padre Jos\u00e9 Sversutti, que atuava na Arquidiocese de Maring\u00e1, no Paran\u00e1, morreu ap\u00f3s ter ficado quatro meses internado na UTI (Unidade de Tratamento Intensivo) de uma unidade de sa\u00fade da localidade.No \u00faltimo dia 29 de agosto, o religioso foi v\u00edtima de um grave\u2026","rel":"","context":"In &quot;Blog&quot;","block_context":{"text":"Blog","link":"https:\/\/ismaelcolosi.com.br\/index.php\/category\/blog\/"},"img":{"alt_text":"","src":"https:\/\/i0.wp.com\/ismaelcolosi.com.br\/wp-content\/uploads\/2023\/12\/postimg-6577224f0e06c7529.jpg?fit=1200%2C628&ssl=1&resize=350%2C200","width":350,"height":200,"srcset":"https:\/\/i0.wp.com\/ismaelcolosi.com.br\/wp-content\/uploads\/2023\/12\/postimg-6577224f0e06c7529.jpg?fit=1200%2C628&ssl=1&resize=350%2C200 1x, https:\/\/i0.wp.com\/ismaelcolosi.com.br\/wp-content\/uploads\/2023\/12\/postimg-6577224f0e06c7529.jpg?fit=1200%2C628&ssl=1&resize=525%2C300 1.5x, https:\/\/i0.wp.com\/ismaelcolosi.com.br\/wp-content\/uploads\/2023\/12\/postimg-6577224f0e06c7529.jpg?fit=1200%2C628&ssl=1&resize=700%2C400 2x, https:\/\/i0.wp.com\/ismaelcolosi.com.br\/wp-content\/uploads\/2023\/12\/postimg-6577224f0e06c7529.jpg?fit=1200%2C628&ssl=1&resize=1050%2C600 3x"},"classes":[]},{"id":42456,"url":"https:\/\/ismaelcolosi.com.br\/index.php\/2024\/03\/14\/novo-livro-de-assis-soares-e-semiramis-paterno-fala-de-sonho-e-perseveranca\/","url_meta":{"origin":4669,"position":3},"title":"Novo livro de Assis Soares e Sem\u00edramis Paterno fala de sonho e perseveran\u00e7a","author":"ismaelcolosi.com.br","date":"14 de March de 2024","format":false,"excerpt":"14 de mar\u00e7o de 2024 | 16:44 0A girafa que queria voar \u00e9 o novo t\u00edtulo infantil que ser\u00e1 lan\u00e7ado na Biblioteca Padre Euclides. A hist\u00f3ria nasceu de uma troca de ideias entre os dois autores, inspirando um tratamento diferente para as ilustra\u00e7\u00f5es de Sem\u00edramis Paterno. \u201c\u00c9 bom deixarmos um\u2026","rel":"","context":"In &quot;Not\u00edcias de Ribeir\u00e3o Preto-SP e Regi\u00e3o&quot;","block_context":{"text":"Not\u00edcias de Ribeir\u00e3o Preto-SP e Regi\u00e3o","link":"https:\/\/ismaelcolosi.com.br\/index.php\/category\/noticias-de-ribeirao-preto-sp-e-regiao-ismael-colosi\/"},"img":{"alt_text":"","src":"https:\/\/i0.wp.com\/ismaelcolosi.com.br\/wp-content\/uploads\/2024\/03\/download-1.png?fit=674%2C379&ssl=1&resize=350%2C200","width":350,"height":200,"srcset":"https:\/\/i0.wp.com\/ismaelcolosi.com.br\/wp-content\/uploads\/2024\/03\/download-1.png?fit=674%2C379&ssl=1&resize=350%2C200 1x, https:\/\/i0.wp.com\/ismaelcolosi.com.br\/wp-content\/uploads\/2024\/03\/download-1.png?fit=674%2C379&ssl=1&resize=525%2C300 1.5x"},"classes":[]},{"id":26614,"url":"https:\/\/ismaelcolosi.com.br\/index.php\/2024\/01\/10\/deve-ser-um-casal-pobre-video\/","url_meta":{"origin":4669,"position":4},"title":"&#8216;Deve ser um casal pobre&#8217;; v\u00eddeo","author":"ismaelcolosi.com.br","date":"10 de January de 2024","format":false,"excerpt":"De forma recente, o padre que viralizou ap\u00f3s ter dito que um casal pobre estava realizando uma cerim\u00f4nia de casamento ao criticar a decora\u00e7\u00e3o escolhida, gravou um novo v\u00eddeo para se retratar.O Padre Raimundo Diniz utilizou as redes sociais como meio de retrata\u00e7\u00e3o, expressando publicamente seu pedido de desculpas ao\u2026","rel":"","context":"In &quot;Blog&quot;","block_context":{"text":"Blog","link":"https:\/\/ismaelcolosi.com.br\/index.php\/category\/blog\/"},"img":{"alt_text":"","src":"https:\/\/i0.wp.com\/ismaelcolosi.com.br\/wp-content\/uploads\/2024\/01\/postimg-659e9abcab4e67495.jpg?fit=1200%2C628&ssl=1&resize=350%2C200","width":350,"height":200,"srcset":"https:\/\/i0.wp.com\/ismaelcolosi.com.br\/wp-content\/uploads\/2024\/01\/postimg-659e9abcab4e67495.jpg?fit=1200%2C628&ssl=1&resize=350%2C200 1x, https:\/\/i0.wp.com\/ismaelcolosi.com.br\/wp-content\/uploads\/2024\/01\/postimg-659e9abcab4e67495.jpg?fit=1200%2C628&ssl=1&resize=525%2C300 1.5x, https:\/\/i0.wp.com\/ismaelcolosi.com.br\/wp-content\/uploads\/2024\/01\/postimg-659e9abcab4e67495.jpg?fit=1200%2C628&ssl=1&resize=700%2C400 2x, https:\/\/i0.wp.com\/ismaelcolosi.com.br\/wp-content\/uploads\/2024\/01\/postimg-659e9abcab4e67495.jpg?fit=1200%2C628&ssl=1&resize=1050%2C600 3x"},"classes":[]},{"id":73421,"url":"https:\/\/ismaelcolosi.com.br\/index.php\/2024\/10\/26\/as-3-licoes-do-livro-de-taylor-swift-para-quem-quer-ser-um-lider-inovador\/","url_meta":{"origin":4669,"position":5},"title":"As 3 Li\u00e7\u00f5es do Livro de Taylor Swift Para Quem Quer Ser Um L\u00edder Inovador","author":"ismaelcolosi.com.br","date":"26 de October de 2024","format":false,"excerpt":"Kate Green_GettyEras Tour \u00e9 contada por Taylor Swift em seu novo livro Acessibilidade \r L\r L\r A-\r A+\r \r \u25d0\r \r Em um mundo p\u00f3s-pandemia, \u00e9 essencial que l\u00edderes e empresas se adaptem e inovem para responder \u00e0s condi\u00e7\u00f5es de mercado e demandas dos consumidores em constante mudan\u00e7a. Ningu\u00e9m entende\u2026","rel":"","context":"In &quot;Carreira e Sucesso&quot;","block_context":{"text":"Carreira e Sucesso","link":"https:\/\/ismaelcolosi.com.br\/index.php\/category\/carreira-e-sucesso-dicas-para-carreira\/"},"img":{"alt_text":"","src":"https:\/\/i0.wp.com\/ismaelcolosi.com.br\/wp-content\/uploads\/2024\/10\/Taylor-Swift_26out24_Kate-Green_Getty-1-1024x683.jpg?fit=1024%2C683&ssl=1&resize=350%2C200","width":350,"height":200,"srcset":"https:\/\/i0.wp.com\/ismaelcolosi.com.br\/wp-content\/uploads\/2024\/10\/Taylor-Swift_26out24_Kate-Green_Getty-1-1024x683.jpg?fit=1024%2C683&ssl=1&resize=350%2C200 1x, https:\/\/i0.wp.com\/ismaelcolosi.com.br\/wp-content\/uploads\/2024\/10\/Taylor-Swift_26out24_Kate-Green_Getty-1-1024x683.jpg?fit=1024%2C683&ssl=1&resize=525%2C300 1.5x, https:\/\/i0.wp.com\/ismaelcolosi.com.br\/wp-content\/uploads\/2024\/10\/Taylor-Swift_26out24_Kate-Green_Getty-1-1024x683.jpg?fit=1024%2C683&ssl=1&resize=700%2C400 2x"},"classes":[]}],"jetpack_sharing_enabled":true,"jetpack_shortlink":"https:\/\/wp.me\/pfMlyK-1dj","_links":{"self":[{"href":"https:\/\/ismaelcolosi.com.br\/index.php\/wp-json\/wp\/v2\/posts\/4669","targetHints":{"allow":["GET"]}}],"collection":[{"href":"https:\/\/ismaelcolosi.com.br\/index.php\/wp-json\/wp\/v2\/posts"}],"about":[{"href":"https:\/\/ismaelcolosi.com.br\/index.php\/wp-json\/wp\/v2\/types\/post"}],"author":[{"embeddable":true,"href":"https:\/\/ismaelcolosi.com.br\/index.php\/wp-json\/wp\/v2\/users\/1"}],"replies":[{"embeddable":true,"href":"https:\/\/ismaelcolosi.com.br\/index.php\/wp-json\/wp\/v2\/comments?post=4669"}],"version-history":[{"count":0,"href":"https:\/\/ismaelcolosi.com.br\/index.php\/wp-json\/wp\/v2\/posts\/4669\/revisions"}],"wp:featuredmedia":[{"embeddable":true,"href":"https:\/\/ismaelcolosi.com.br\/index.php\/wp-json\/wp\/v2\/media\/4670"}],"wp:attachment":[{"href":"https:\/\/ismaelcolosi.com.br\/index.php\/wp-json\/wp\/v2\/media?parent=4669"}],"wp:term":[{"taxonomy":"category","embeddable":true,"href":"https:\/\/ismaelcolosi.com.br\/index.php\/wp-json\/wp\/v2\/categories?post=4669"},{"taxonomy":"post_tag","embeddable":true,"href":"https:\/\/ismaelcolosi.com.br\/index.php\/wp-json\/wp\/v2\/tags?post=4669"}],"curies":[{"name":"wp","href":"https:\/\/api.w.org\/{rel}","templated":true}]}}