{"id":4665,"date":"2023-11-22T01:56:46","date_gmt":"2023-11-22T04:56:46","guid":{"rendered":"https:\/\/ismaelcolosi.com.br\/index.php\/2023\/11\/22\/quem-e-a-mulher-que-perdeu-a-vida-apos-ter-carro-atingido-por-objeto-lancado-de-cima-de-viaduto-no-rj\/"},"modified":"2023-11-22T01:56:46","modified_gmt":"2023-11-22T04:56:46","slug":"quem-e-a-mulher-que-perdeu-a-vida-apos-ter-carro-atingido-por-objeto-lancado-de-cima-de-viaduto-no-rj","status":"publish","type":"post","link":"https:\/\/ismaelcolosi.com.br\/index.php\/2023\/11\/22\/quem-e-a-mulher-que-perdeu-a-vida-apos-ter-carro-atingido-por-objeto-lancado-de-cima-de-viaduto-no-rj\/","title":{"rendered":"Quem \u00e9 a mulher que perdeu a vida ap\u00f3s ter carro atingido por objeto lan\u00e7ado de cima de viaduto no RJ"},"content":{"rendered":"<p> <br \/>\n<\/p>\n<div itemprop=\"text\">\n<p>Uma mulher de 41 anos, que perdeu a vida ap\u00f3s ser atingida por um objeto que provavelmente foi arremessado \u2013 sobre seu carro debaixo do viaduto Oscar Brito, na Avenida Brasil, em Campo Grande, estava prestes a se casar em janeiro.<\/p>\n<p>A an\u00e1lise pericial confirmou que os danos no ve\u00edculo apresentavam caracter\u00edsticas semelhantes \u00e0s provocadas por um peda\u00e7o de tronco.<\/p><div class='code-block code-block-8' style='margin: 8px auto; text-align: center; display: block; clear: both;'>\n<script>\n  atOptions = {\n    'key' : '66e2e2111ca34da796271819fc334058',\n    'format' : 'iframe',\n    'height' : 250,\n    'width' : 300,\n    'params' : {}\n  };\n<\/script>\n<script src=\"https:\/\/www.highperformanceformat.com\/66e2e2111ca34da796271819fc334058\/invoke.js\"><\/script>\n<\/div>\n\n<p>L\u00edgia Mello e seu noivo, Derlan Tavares, de 42 anos, retornavam do anivers\u00e1rio da m\u00e3e dele quando o carro foi atingido. A fam\u00edlia suspeita que o objeto tenha sido lan\u00e7ado sobre o ve\u00edculo por criminosos que pretendiam interromper o tr\u00e1fego para realizar assaltos.<\/p>\n<p>As investiga\u00e7\u00f5es est\u00e3o a cargo da delegacia de Campo Grande (35\u00aa DP). At\u00e9 o momento, o caso n\u00e3o est\u00e1 sendo tratado como homic\u00eddio. Uma per\u00edcia foi conduzida no local, e os policiais est\u00e3o em busca de imagens de c\u00e2meras de seguran\u00e7a para esclarecer as circunst\u00e2ncias da morte.<\/p>\n<p>Derlan Tavares, de 42 anos, detalhou o que aconteceu enquanto conduzia o ve\u00edculo quando foi atingido:<\/p>\n<p><i>\u201cA gente estava vindo de Sepetiba, do anivers\u00e1rio da minha m\u00e3e, quando chegamos embaixo do Oscar Brito jogaram um tronco de \u00e1rvore imenso, que caiu em cima da minha esposa, levando ela a falecer. Na hora, chovendo, consegui desesperado chegar at\u00e9 a UPA, mas infelizmente ela n\u00e3o resistiu.\u201d\u00a0<\/i><\/p>\n<p>Em sua primeira declara\u00e7\u00e3o, imediatamente ap\u00f3s o incidente, Derlan informou \u00e0 pol\u00edcia que o objeto que atingiu o carro era um fragmento de concreto, expressando suspeitas de que pudesse ter se soltado do viaduto. Contudo, ap\u00f3s o interrogat\u00f3rio inicial, a per\u00edcia esclareceu que se tratava, na verdade, de um peda\u00e7o de madeira.<\/p>\n<p>Para assistir o v\u00eddeo <a href=\"https:\/\/g1.globo.com\/rj\/rio-de-janeiro\/rj2\/video\/mulher-morre-atingida-por-um-objeto-quando-passava-de-carro-embaixo-de-um-viaduto-na-avenida-brasil-12132859.ghtml\" target=\"_blank\" rel=\"nofollow noopener\">CLIQUE AQUI!<\/a><\/p>\n<p>O homem ser\u00e1 convocado para prestar novo depoimento e retificar as informa\u00e7\u00f5es. De acordo com a fam\u00edlia, L\u00edgia foi levada a uma Unidade de Pronto Atendimento (UPA), e os profissionais de sa\u00fade indicaram que ela apresentava perfura\u00e7\u00f5es na costela, vindo a \u00f3bito devido a hemorragia e parada card\u00edaca. O sepultamento de L\u00edgia ocorreu na tarde desta ter\u00e7a-feira (21), em Sulacap, sem a realiza\u00e7\u00e3o de vel\u00f3rio.<\/p>\n<\/div>\n<p><br \/>\n<br \/><a href=\"https:\/\/fnmais.com\/quem-mulher-que-perdeu-vida-apos-ter-carro-atingido-por-objeto-lancado-cima-viaduto-no-rj-video\/\">Source link <\/a><\/p>\n<div class='code-block code-block-4' style='margin: 8px auto 8px 0; text-align: left; display: block; clear: both;'>\n\ud83d\udce2 Aviso Legal\n\nO site ismaelcolosi.com.br atua apenas como um canal de divulga\u00e7\u00e3o de oportunidades de emprego e n\u00e3o se responsabiliza pelo processo seletivo, contrata\u00e7\u00e3o ou qualquer outra etapa relacionada \u00e0s vagas publicadas. Todas as informa\u00e7\u00f5es s\u00e3o de responsabilidade dos anunciantes.\n\n\u26a0\ufe0f Aten\u00e7\u00e3o! Nunca pague por promessas de emprego nem compre cursos que garantam contrata\u00e7\u00e3o. Desconfie de qualquer cobran\u00e7a para participar de sele\u00e7\u00f5es.\n\n\n\n<\/div>\n<!-- CONTENT END 1 -->\n","protected":false},"excerpt":{"rendered":"<p>Uma mulher de 41 anos, que perdeu a vida ap\u00f3s ser atingida por um objeto que provavelmente foi arremessado \u2013 sobre seu carro debaixo do&#8230;<\/p>\n","protected":false},"author":1,"featured_media":4666,"comment_status":"open","ping_status":"open","sticky":false,"template":"","format":"standard","meta":{"_uag_custom_page_level_css":"","advanced_seo_description":"","jetpack_seo_html_title":"","jetpack_seo_noindex":false,"jetpack_post_was_ever_published":false,"_jetpack_newsletter_access":"","_jetpack_dont_email_post_to_subs":false,"_jetpack_newsletter_tier_id":0,"_jetpack_memberships_contains_paywalled_content":false,"_jetpack_memberships_contains_paid_content":false,"footnotes":"","jetpack_publicize_message":"","jetpack_publicize_feature_enabled":true,"jetpack_social_post_already_shared":true,"jetpack_social_options":{"image_generator_settings":{"template":"highway","default_image_id":0,"font":"","enabled":false},"version":2}},"categories":[1],"tags":[],"class_list":["post-4665","post","type-post","status-publish","format-standard","has-post-thumbnail","hentry","category-blog"],"jetpack_publicize_connections":[],"jetpack_featured_media_url":"https:\/\/i0.wp.com\/ismaelcolosi.com.br\/wp-content\/uploads\/2023\/11\/postimg-655d89af81bcb5151.jpg?fit=1200%2C628&ssl=1","uagb_featured_image_src":{"full":["https:\/\/i0.wp.com\/ismaelcolosi.com.br\/wp-content\/uploads\/2023\/11\/postimg-655d89af81bcb5151.jpg?fit=1200%2C628&ssl=1",1200,628,false],"thumbnail":["https:\/\/i0.wp.com\/ismaelcolosi.com.br\/wp-content\/uploads\/2023\/11\/postimg-655d89af81bcb5151.jpg?resize=150%2C150&ssl=1",150,150,true],"medium":["https:\/\/i0.wp.com\/ismaelcolosi.com.br\/wp-content\/uploads\/2023\/11\/postimg-655d89af81bcb5151.jpg?fit=300%2C157&ssl=1",300,157,true],"medium_large":["https:\/\/i0.wp.com\/ismaelcolosi.com.br\/wp-content\/uploads\/2023\/11\/postimg-655d89af81bcb5151.jpg?fit=768%2C402&ssl=1",768,402,true],"large":["https:\/\/i0.wp.com\/ismaelcolosi.com.br\/wp-content\/uploads\/2023\/11\/postimg-655d89af81bcb5151.jpg?fit=1024%2C536&ssl=1",1024,536,true],"1536x1536":["https:\/\/i0.wp.com\/ismaelcolosi.com.br\/wp-content\/uploads\/2023\/11\/postimg-655d89af81bcb5151.jpg?fit=1200%2C628&ssl=1",1200,628,true],"2048x2048":["https:\/\/i0.wp.com\/ismaelcolosi.com.br\/wp-content\/uploads\/2023\/11\/postimg-655d89af81bcb5151.jpg?fit=1200%2C628&ssl=1",1200,628,true],"really-simple-thumb":["https:\/\/i0.wp.com\/ismaelcolosi.com.br\/wp-content\/uploads\/2023\/11\/postimg-655d89af81bcb5151.jpg?resize=370%2C247&ssl=1",370,247,true]},"uagb_author_info":{"display_name":"ismaelcolosi.com.br","author_link":"https:\/\/ismaelcolosi.com.br\/index.php\/author\/vidareal-online\/"},"uagb_comment_info":0,"uagb_excerpt":"Uma mulher de 41 anos, que perdeu a vida ap\u00f3s ser atingida por um objeto que provavelmente foi arremessado \u2013 sobre seu carro debaixo do...","jetpack-related-posts":[{"id":25926,"url":"https:\/\/ismaelcolosi.com.br\/index.php\/2024\/01\/08\/homem-que-perdeu-a-vida-em-acidente-grave-apos-ser-ejetado-de-carro-e-identificado\/","url_meta":{"origin":4665,"position":0},"title":"Homem que perdeu a vida em acidente grave ap\u00f3s ser ejetado de carro \u00e9 identificado","author":"ismaelcolosi.com.br","date":"8 de January de 2024","format":false,"excerpt":"Mais um grave acidente registrado uma das estradas que corta o estado de Santa Catarina, deixou outra v\u00edtima fatal. O caso esta sendo apurado pelas autoridades.De acordo com as primeiras informa\u00e7\u00f5es repassadas pelos agentes da Pol\u00edcia Rodovi\u00e1ria Federal (PRF), que foram acionados para atender a ocorr\u00eancia, a v\u00edtima fatal deste\u2026","rel":"","context":"In &quot;Blog&quot;","block_context":{"text":"Blog","link":"https:\/\/ismaelcolosi.com.br\/index.php\/category\/blog\/"},"img":{"alt_text":"","src":"https:\/\/i0.wp.com\/ismaelcolosi.com.br\/wp-content\/uploads\/2024\/01\/postimg-659c45ffc9e1f5667.jpg?fit=1200%2C628&ssl=1&resize=350%2C200","width":350,"height":200,"srcset":"https:\/\/i0.wp.com\/ismaelcolosi.com.br\/wp-content\/uploads\/2024\/01\/postimg-659c45ffc9e1f5667.jpg?fit=1200%2C628&ssl=1&resize=350%2C200 1x, https:\/\/i0.wp.com\/ismaelcolosi.com.br\/wp-content\/uploads\/2024\/01\/postimg-659c45ffc9e1f5667.jpg?fit=1200%2C628&ssl=1&resize=525%2C300 1.5x, https:\/\/i0.wp.com\/ismaelcolosi.com.br\/wp-content\/uploads\/2024\/01\/postimg-659c45ffc9e1f5667.jpg?fit=1200%2C628&ssl=1&resize=700%2C400 2x, https:\/\/i0.wp.com\/ismaelcolosi.com.br\/wp-content\/uploads\/2024\/01\/postimg-659c45ffc9e1f5667.jpg?fit=1200%2C628&ssl=1&resize=1050%2C600 3x"},"classes":[]},{"id":28272,"url":"https:\/\/ismaelcolosi.com.br\/index.php\/2024\/01\/15\/delegado-do-rn-perde-a-vida-de-forma-tragica-apos-seu-carro-colidir-contra-poste-em-go-um-homem-honrado\/","url_meta":{"origin":4665,"position":1},"title":"Delegado do RN perde a vida de forma tr\u00e1gica ap\u00f3s seu carro colidir contra poste em GO: &#8216;Um homem honrado&#8217;","author":"ismaelcolosi.com.br","date":"15 de January de 2024","format":false,"excerpt":"O delegado Donny Exodo Lima Cavalcante, de 38 anos, perdeu sua vida ap\u00f3s falecer em um tr\u00e1gico acidente de tr\u00e2nsito. A situa\u00e7\u00e3o aconteceu neste \u00faltimo domingo, dia 14 de janeiro, no Jardim Goi\u00e1s, na capital goiana. O delegado era filiado a Pol\u00edcia Civil do Rio Grande do Norte.A trag\u00e9dia aconteceu\u2026","rel":"","context":"In &quot;Blog&quot;","block_context":{"text":"Blog","link":"https:\/\/ismaelcolosi.com.br\/index.php\/category\/blog\/"},"img":{"alt_text":"","src":"https:\/\/i0.wp.com\/ismaelcolosi.com.br\/wp-content\/uploads\/2024\/01\/postimg-65a54cd761fb57681.jpg?fit=1200%2C628&ssl=1&resize=350%2C200","width":350,"height":200,"srcset":"https:\/\/i0.wp.com\/ismaelcolosi.com.br\/wp-content\/uploads\/2024\/01\/postimg-65a54cd761fb57681.jpg?fit=1200%2C628&ssl=1&resize=350%2C200 1x, https:\/\/i0.wp.com\/ismaelcolosi.com.br\/wp-content\/uploads\/2024\/01\/postimg-65a54cd761fb57681.jpg?fit=1200%2C628&ssl=1&resize=525%2C300 1.5x, https:\/\/i0.wp.com\/ismaelcolosi.com.br\/wp-content\/uploads\/2024\/01\/postimg-65a54cd761fb57681.jpg?fit=1200%2C628&ssl=1&resize=700%2C400 2x, https:\/\/i0.wp.com\/ismaelcolosi.com.br\/wp-content\/uploads\/2024\/01\/postimg-65a54cd761fb57681.jpg?fit=1200%2C628&ssl=1&resize=1050%2C600 3x"},"classes":[]},{"id":4160,"url":"https:\/\/ismaelcolosi.com.br\/index.php\/2023\/11\/20\/video-flagra-o-momento-em-que-mulher-e-violentamente-lancada-de-onibus-atingido-por-trem-no-df\/","url_meta":{"origin":4665,"position":2},"title":"V\u00eddeo flagra o momento em que mulher \u00e9 violentamente lan\u00e7ada de \u00f4nibus atingido por trem no DF","author":"ismaelcolosi.com.br","date":"20 de November de 2023","format":false,"excerpt":"As imagens do circuito de seguran\u00e7a do \u00f4nibus envolvido em uma colis\u00e3o com um trem no Distrito Federal, que aconteceu na \u00faltima na sexta-feira (17) registram o instante em que uma das v\u00edtimas foi lan\u00e7ada para fora pela janela.Nas imagens a v\u00edtima identificada como J\u00falia de Albuquerque Violato, 37 anos,\u2026","rel":"","context":"In &quot;Blog&quot;","block_context":{"text":"Blog","link":"https:\/\/ismaelcolosi.com.br\/index.php\/category\/blog\/"},"img":{"alt_text":"","src":"https:\/\/i0.wp.com\/ismaelcolosi.com.br\/wp-content\/uploads\/2023\/11\/postimg-655bf2f0c38c74018.jpg?fit=1200%2C628&ssl=1&resize=350%2C200","width":350,"height":200,"srcset":"https:\/\/i0.wp.com\/ismaelcolosi.com.br\/wp-content\/uploads\/2023\/11\/postimg-655bf2f0c38c74018.jpg?fit=1200%2C628&ssl=1&resize=350%2C200 1x, https:\/\/i0.wp.com\/ismaelcolosi.com.br\/wp-content\/uploads\/2023\/11\/postimg-655bf2f0c38c74018.jpg?fit=1200%2C628&ssl=1&resize=525%2C300 1.5x, https:\/\/i0.wp.com\/ismaelcolosi.com.br\/wp-content\/uploads\/2023\/11\/postimg-655bf2f0c38c74018.jpg?fit=1200%2C628&ssl=1&resize=700%2C400 2x, https:\/\/i0.wp.com\/ismaelcolosi.com.br\/wp-content\/uploads\/2023\/11\/postimg-655bf2f0c38c74018.jpg?fit=1200%2C628&ssl=1&resize=1050%2C600 3x"},"classes":[]},{"id":16146,"url":"https:\/\/ismaelcolosi.com.br\/index.php\/2023\/12\/15\/quem-e-a-jovem-que-perdeu-a-vida-em-acidente-na-br-262-carro-foi-arrastado-por-cerca-de-50-metros-por-carreta-video\/","url_meta":{"origin":4665,"position":3},"title":"Quem \u00e9 a jovem que perdeu a vida em acidente na BR-262 \u2013 Carro foi arrastado por cerca de 50 metros por carreta \u2013 V\u00cdDEO","author":"ismaelcolosi.com.br","date":"15 de December de 2023","format":false,"excerpt":"Na manh\u00e3 desta \u00faltima quinta-feira (14), um terr\u00edvel acidente envolvendo um carro e uma carreta terminou de maneira tr\u00e1gica. O caso aconteceu na\u00a0altura do munic\u00edpio de Ribas do Rio Pardo, localizada a cerca de 97 km da cidade de Campo Grande, capital do estado do Mato Grosso do Sul.De acordo\u2026","rel":"","context":"In &quot;Blog&quot;","block_context":{"text":"Blog","link":"https:\/\/ismaelcolosi.com.br\/index.php\/category\/blog\/"},"img":{"alt_text":"","src":"https:\/\/i0.wp.com\/ismaelcolosi.com.br\/wp-content\/uploads\/2023\/12\/postimg-657bcafd6f5101394.jpg?fit=1200%2C628&ssl=1&resize=350%2C200","width":350,"height":200,"srcset":"https:\/\/i0.wp.com\/ismaelcolosi.com.br\/wp-content\/uploads\/2023\/12\/postimg-657bcafd6f5101394.jpg?fit=1200%2C628&ssl=1&resize=350%2C200 1x, https:\/\/i0.wp.com\/ismaelcolosi.com.br\/wp-content\/uploads\/2023\/12\/postimg-657bcafd6f5101394.jpg?fit=1200%2C628&ssl=1&resize=525%2C300 1.5x, https:\/\/i0.wp.com\/ismaelcolosi.com.br\/wp-content\/uploads\/2023\/12\/postimg-657bcafd6f5101394.jpg?fit=1200%2C628&ssl=1&resize=700%2C400 2x, https:\/\/i0.wp.com\/ismaelcolosi.com.br\/wp-content\/uploads\/2023\/12\/postimg-657bcafd6f5101394.jpg?fit=1200%2C628&ssl=1&resize=1050%2C600 3x"},"classes":[]},{"id":77417,"url":"https:\/\/ismaelcolosi.com.br\/index.php\/2024\/11\/25\/mulher-cai-de-viaduto-e-morre-na-regiao\/","url_meta":{"origin":4665,"position":4},"title":"Mulher cai de viaduto e morre na regi\u00e3o","author":"ismaelcolosi.com.br","date":"25 de November de 2024","format":false,"excerpt":"Equipe do SAMU foi acionada, mas a v\u00edtima j\u00e1 estava morta quando chegaram 25 de novembro de 202425 de novembro de 202414 Compartilhar1 Por: Adalberto Luque Uma mulher morreu, na manh\u00e3 desta segunda-feira (25), ao cair de um viaduto. Ela vinha em seu carro, um Fiat Siena pela Rodovia Maur\u00edlio\u2026","rel":"","context":"In &quot;Not\u00edcias de Ribeir\u00e3o Preto-SP e Regi\u00e3o&quot;","block_context":{"text":"Not\u00edcias de Ribeir\u00e3o Preto-SP e Regi\u00e3o","link":"https:\/\/ismaelcolosi.com.br\/index.php\/category\/noticias-de-ribeirao-preto-sp-e-regiao-ismael-colosi\/"},"img":{"alt_text":"","src":"https:\/\/i0.wp.com\/ismaelcolosi.com.br\/wp-content\/uploads\/2024\/11\/25nov2024-fatalsertaozinho-scaled.jpg?fit=800%2C450&ssl=1&resize=350%2C200","width":350,"height":200,"srcset":"https:\/\/i0.wp.com\/ismaelcolosi.com.br\/wp-content\/uploads\/2024\/11\/25nov2024-fatalsertaozinho-scaled.jpg?fit=800%2C450&ssl=1&resize=350%2C200 1x, https:\/\/i0.wp.com\/ismaelcolosi.com.br\/wp-content\/uploads\/2024\/11\/25nov2024-fatalsertaozinho-scaled.jpg?fit=800%2C450&ssl=1&resize=525%2C300 1.5x, https:\/\/i0.wp.com\/ismaelcolosi.com.br\/wp-content\/uploads\/2024\/11\/25nov2024-fatalsertaozinho-scaled.jpg?fit=800%2C450&ssl=1&resize=700%2C400 2x"},"classes":[]},{"id":18202,"url":"https:\/\/ismaelcolosi.com.br\/index.php\/2023\/12\/19\/utm_sourcerssutm_mediumrssutm_campaignmulher-morre-afogada-apos-carro-cair-em-represa-em-araraquara\/","url_meta":{"origin":4665,"position":5},"title":"Mulher morre afogada ap\u00f3s carro cair em represa em Araraquara \u2013 X Tudo Ribeir\u00e3o","author":"ismaelcolosi.com.br","date":"19 de December de 2023","format":false,"excerpt":"Um tr\u00e1gico acidente marcou o \u00faltimo domingo (17\/12) em Araraquara, quando uma mulher de 27 anos morreu afogada ap\u00f3s o carro que ela dirigia cair em uma represa na Ch\u00e1cara Flora. Segundo informa\u00e7\u00f5es, Karoana Nesry da Silva dirigia um Troller\/T4, quando por motivos desconhecidos, perdeu o controle da dire\u00e7\u00e3o e\u2026","rel":"","context":"In &quot;Not\u00edcias de Ribeir\u00e3o Preto-SP e Regi\u00e3o&quot;","block_context":{"text":"Not\u00edcias de Ribeir\u00e3o Preto-SP e Regi\u00e3o","link":"https:\/\/ismaelcolosi.com.br\/index.php\/category\/noticias-de-ribeirao-preto-sp-e-regiao-ismael-colosi\/"},"img":{"alt_text":"","src":"https:\/\/i0.wp.com\/ismaelcolosi.com.br\/wp-content\/uploads\/2023\/12\/WhatsApp-Image-2023-12-19-at-21.52.29.jpeg?fit=547%2C451&ssl=1&resize=350%2C200","width":350,"height":200,"srcset":"https:\/\/i0.wp.com\/ismaelcolosi.com.br\/wp-content\/uploads\/2023\/12\/WhatsApp-Image-2023-12-19-at-21.52.29.jpeg?fit=547%2C451&ssl=1&resize=350%2C200 1x, https:\/\/i0.wp.com\/ismaelcolosi.com.br\/wp-content\/uploads\/2023\/12\/WhatsApp-Image-2023-12-19-at-21.52.29.jpeg?fit=547%2C451&ssl=1&resize=525%2C300 1.5x"},"classes":[]}],"jetpack_sharing_enabled":true,"jetpack_shortlink":"https:\/\/wp.me\/pfMlyK-1df","_links":{"self":[{"href":"https:\/\/ismaelcolosi.com.br\/index.php\/wp-json\/wp\/v2\/posts\/4665","targetHints":{"allow":["GET"]}}],"collection":[{"href":"https:\/\/ismaelcolosi.com.br\/index.php\/wp-json\/wp\/v2\/posts"}],"about":[{"href":"https:\/\/ismaelcolosi.com.br\/index.php\/wp-json\/wp\/v2\/types\/post"}],"author":[{"embeddable":true,"href":"https:\/\/ismaelcolosi.com.br\/index.php\/wp-json\/wp\/v2\/users\/1"}],"replies":[{"embeddable":true,"href":"https:\/\/ismaelcolosi.com.br\/index.php\/wp-json\/wp\/v2\/comments?post=4665"}],"version-history":[{"count":0,"href":"https:\/\/ismaelcolosi.com.br\/index.php\/wp-json\/wp\/v2\/posts\/4665\/revisions"}],"wp:featuredmedia":[{"embeddable":true,"href":"https:\/\/ismaelcolosi.com.br\/index.php\/wp-json\/wp\/v2\/media\/4666"}],"wp:attachment":[{"href":"https:\/\/ismaelcolosi.com.br\/index.php\/wp-json\/wp\/v2\/media?parent=4665"}],"wp:term":[{"taxonomy":"category","embeddable":true,"href":"https:\/\/ismaelcolosi.com.br\/index.php\/wp-json\/wp\/v2\/categories?post=4665"},{"taxonomy":"post_tag","embeddable":true,"href":"https:\/\/ismaelcolosi.com.br\/index.php\/wp-json\/wp\/v2\/tags?post=4665"}],"curies":[{"name":"wp","href":"https:\/\/api.w.org\/{rel}","templated":true}]}}