{"id":46634,"date":"2024-04-12T18:06:32","date_gmt":"2024-04-12T21:06:32","guid":{"rendered":"https:\/\/ismaelcolosi.com.br\/index.php\/2024\/04\/12\/platino-cabeleireiros-apresenta-tendencias-para-cabelos-em-evento-que-celebra-25-anos-da-marca\/"},"modified":"2024-04-12T18:06:32","modified_gmt":"2024-04-12T21:06:32","slug":"platino-cabeleireiros-apresenta-tendencias-para-cabelos-em-evento-que-celebra-25-anos-da-marca","status":"publish","type":"post","link":"https:\/\/ismaelcolosi.com.br\/index.php\/2024\/04\/12\/platino-cabeleireiros-apresenta-tendencias-para-cabelos-em-evento-que-celebra-25-anos-da-marca\/","title":{"rendered":"Platino Cabeleireiros apresenta tend\u00eancias para cabelos em evento que celebra 25 anos da marca"},"content":{"rendered":"<p> <br \/>\n<\/p>\n<div>\n<h3 class=\"fn__maintitle\"><span>Platino Cabeleireiros apresenta tend\u00eancias para cabelos em evento que celebra 25 anos da marca<\/span><\/h3>\n<\/div>\n<div>\n<p><strong><i>As novidades v\u00e3o de novos cortes e colora\u00e7\u00f5es a tecnologias para os cabelos; evento acontece na quarta-feira, 17 de abril<\/i><\/strong><\/p>\n<p>Mantendo-se \u00e0 frente do mercado no setor de beleza, o Platino Cabeleireiros lan\u00e7a novas tend\u00eancias em cortes, colora\u00e7\u00f5es e tecnologias que visam o cuidado com os fios. As novidades ser\u00e3o apresentadas na quarta-feira, 17 de abril, a partir das 18h, na unidade da Wladimir Meirelles, em celebra\u00e7\u00e3o aos 25 anos da marca.<\/p>\n<p>As inspira\u00e7\u00f5es v\u00eam das tend\u00eancias que ser\u00e3o destaque mundial na pr\u00f3xima esta\u00e7\u00e3o.\u201dMais uma vez nos unimos e preparamos novidades que trazem o que h\u00e1 de melhor e mais tecnol\u00f3gico para nossas clientes. A nova cole\u00e7\u00e3o foi pensada e inspirada nas passarelas do mundo\u201d, conta \u00c9dson Moraes, s\u00f3cio propriet\u00e1rio do sal\u00e3o.<\/p>\n<p>\u201cNo evento, apresentaremos na pr\u00e1tica as novas t\u00e9cnicas, al\u00e9m de toda prepara\u00e7\u00e3o atrav\u00e9s do making off, para que todos possam entender os processos, destaca Laura Mello, s\u00f3cia do Platino.<\/p>\n<p>\u201cSempre oferecemos para nossos clientes uma experi\u00eancia de luxo com servi\u00e7os de qualidade\u201d \u2013 completa Jean Vieira, s\u00f3cio da marca.<\/p>\n<p>\u201cAs t\u00e9cnicas e novidades estar\u00e3o dispon\u00edveis nas duas unidades do Platino, na Wladimir Meirelles e tamb\u00e9m no Platino Express, na Alma J\u00falia\u201d \u2013 conclui Cl\u00e1udio Nazario, tamb\u00e9m s\u00f3cio da marca.<\/p>\n<p><strong>Servi\u00e7o:<\/strong><br \/>Lan\u00e7amento de tend\u00eancias<\/p>\n<p>Data: 17 de abril<\/p>\n<p>Hor\u00e1rio: a partir das 18h<\/p>\n<p>\u00a0<\/p>\n<p>Unidade 01<\/p>\n<p>Av. Wladimir Meirelles Ferreira, n\u00ba 1755, no Jardim Bot\u00e2nico.<\/p>\n<p>\u00a0<\/p>\n<p>Unidade 02 (Express)<\/p>\n<p>Av. Professor Jo\u00e3o Fiusa, n\u00ba 3001, dentro do complexo de lojas do Alma Julia Supermercato.<\/p>\n<p>\u00a0<\/p>\n<div class=\"popito_fn_votewrap\">\n<h3 class=\"vote_title\">Como voc\u00ea vota? <\/h3>\n<div class=\"popito_fn_votes \" data-id=\"2054\">\n<p>0 People voted this article. 0 Upvotes &#8211; 0 Downvotes.<\/p>\n<\/div>\n<\/div>\n<\/div>\n<p><br \/>\n<br \/><a href=\"https:\/\/popito.com.br\/platino-cabeleireiros-apresenta-tendencias-para-cabelos-em-evento-que-celebra-25-anos-da-marca\/\">Source link <\/a><\/p>\n<div class='code-block code-block-4' style='margin: 8px auto 8px 0; text-align: left; display: block; clear: both;'>\n\ud83d\udce2 Aviso Legal\n\nO site ismaelcolosi.com.br atua apenas como um canal de divulga\u00e7\u00e3o de oportunidades de emprego e n\u00e3o se responsabiliza pelo processo seletivo, contrata\u00e7\u00e3o ou qualquer outra etapa relacionada \u00e0s vagas publicadas. Todas as informa\u00e7\u00f5es s\u00e3o de responsabilidade dos anunciantes.\n\n\u26a0\ufe0f Aten\u00e7\u00e3o! Nunca pague por promessas de emprego nem compre cursos que garantam contrata\u00e7\u00e3o. Desconfie de qualquer cobran\u00e7a para participar de sele\u00e7\u00f5es.\n\n\n\n<\/div>\n<!-- CONTENT END 1 -->\n","protected":false},"excerpt":{"rendered":"<p>Platino Cabeleireiros apresenta tend\u00eancias para cabelos em evento que celebra 25 anos da marca As novidades v\u00e3o de novos cortes e colora\u00e7\u00f5es a tecnologias para&#8230;<\/p>\n","protected":false},"author":1,"featured_media":46635,"comment_status":"open","ping_status":"open","sticky":false,"template":"","format":"standard","meta":{"_uag_custom_page_level_css":"","advanced_seo_description":"","jetpack_seo_html_title":"","jetpack_seo_noindex":false,"jetpack_post_was_ever_published":false,"_jetpack_newsletter_access":"","_jetpack_dont_email_post_to_subs":false,"_jetpack_newsletter_tier_id":0,"_jetpack_memberships_contains_paywalled_content":false,"_jetpack_memberships_contains_paid_content":false,"footnotes":"","jetpack_publicize_message":"","jetpack_publicize_feature_enabled":true,"jetpack_social_post_already_shared":true,"jetpack_social_options":{"image_generator_settings":{"template":"highway","default_image_id":0,"font":"","enabled":false},"version":2}},"categories":[11],"tags":[84,56,5609,2864,1921,773,2098,71,5608,5227],"class_list":["post-46634","post","type-post","status-publish","format-standard","has-post-thumbnail","hentry","category-noticias-de-ribeirao-preto-sp-e-regiao-ismael-colosi","tag-anos","tag-apresenta","tag-cabeleireiros","tag-cabelos","tag-celebra","tag-evento","tag-marca","tag-para","tag-platino","tag-tendencias"],"jetpack_publicize_connections":[],"jetpack_featured_media_url":"https:\/\/i0.wp.com\/ismaelcolosi.com.br\/wp-content\/uploads\/2024\/04\/cabelereiro.jpg?fit=1200%2C675&ssl=1","uagb_featured_image_src":{"full":["https:\/\/i0.wp.com\/ismaelcolosi.com.br\/wp-content\/uploads\/2024\/04\/cabelereiro.jpg?fit=1200%2C675&ssl=1",1200,675,false],"thumbnail":["https:\/\/i0.wp.com\/ismaelcolosi.com.br\/wp-content\/uploads\/2024\/04\/cabelereiro.jpg?resize=150%2C150&ssl=1",150,150,true],"medium":["https:\/\/i0.wp.com\/ismaelcolosi.com.br\/wp-content\/uploads\/2024\/04\/cabelereiro.jpg?fit=300%2C169&ssl=1",300,169,true],"medium_large":["https:\/\/i0.wp.com\/ismaelcolosi.com.br\/wp-content\/uploads\/2024\/04\/cabelereiro.jpg?fit=768%2C432&ssl=1",768,432,true],"large":["https:\/\/i0.wp.com\/ismaelcolosi.com.br\/wp-content\/uploads\/2024\/04\/cabelereiro.jpg?fit=1024%2C576&ssl=1",1024,576,true],"1536x1536":["https:\/\/i0.wp.com\/ismaelcolosi.com.br\/wp-content\/uploads\/2024\/04\/cabelereiro.jpg?fit=1200%2C675&ssl=1",1200,675,true],"2048x2048":["https:\/\/i0.wp.com\/ismaelcolosi.com.br\/wp-content\/uploads\/2024\/04\/cabelereiro.jpg?fit=1200%2C675&ssl=1",1200,675,true],"really-simple-thumb":["https:\/\/i0.wp.com\/ismaelcolosi.com.br\/wp-content\/uploads\/2024\/04\/cabelereiro.jpg?resize=370%2C247&ssl=1",370,247,true]},"uagb_author_info":{"display_name":"ismaelcolosi.com.br","author_link":"https:\/\/ismaelcolosi.com.br\/index.php\/author\/vidareal-online\/"},"uagb_comment_info":0,"uagb_excerpt":"Platino Cabeleireiros apresenta tend\u00eancias para cabelos em evento que celebra 25 anos da marca As novidades v\u00e3o de novos cortes e colora\u00e7\u00f5es a tecnologias para...","jetpack-related-posts":[{"id":7406,"url":"https:\/\/ismaelcolosi.com.br\/index.php\/2023\/11\/28\/gigante-da-beleza-lanca-cursos-gratuitos-veja-lista\/","url_meta":{"origin":46634,"position":0},"title":"Gigante da beleza lan\u00e7a cursos gratuitos; veja lista","author":"ismaelcolosi.com.br","date":"28 de November de 2023","format":false,"excerpt":"A EBC Atacado Cosm\u00e9ticos, que pertence ao Grupo Ikesaki, est\u00e1 com inscri\u00e7\u00f5es abertas para cursos gratuitos para quem quer se aperfei\u00e7oar ou trabalhar na \u00e1rea de beleza.Os treinamentos acontecem no dezembro em parceria com as marcas Risqu\u00e9, Cless, Cadiveu e Marco Boni.Cr\u00e9ditos: Divulga\u00e7\u00e3o\/EBCEBC, atacadista da beleza, lan\u00e7a cursos gratuitos para\u2026","rel":"","context":"In &quot;Variedades&quot;","block_context":{"text":"Variedades","link":"https:\/\/ismaelcolosi.com.br\/index.php\/category\/variedades\/"},"img":{"alt_text":"","src":"https:\/\/i0.wp.com\/ismaelcolosi.com.br\/wp-content\/uploads\/2023\/11\/unnamed.jpg?fit=1200%2C638&ssl=1&resize=350%2C200","width":350,"height":200,"srcset":"https:\/\/i0.wp.com\/ismaelcolosi.com.br\/wp-content\/uploads\/2023\/11\/unnamed.jpg?fit=1200%2C638&ssl=1&resize=350%2C200 1x, https:\/\/i0.wp.com\/ismaelcolosi.com.br\/wp-content\/uploads\/2023\/11\/unnamed.jpg?fit=1200%2C638&ssl=1&resize=525%2C300 1.5x, https:\/\/i0.wp.com\/ismaelcolosi.com.br\/wp-content\/uploads\/2023\/11\/unnamed.jpg?fit=1200%2C638&ssl=1&resize=700%2C400 2x, https:\/\/i0.wp.com\/ismaelcolosi.com.br\/wp-content\/uploads\/2023\/11\/unnamed.jpg?fit=1200%2C638&ssl=1&resize=1050%2C600 3x"},"classes":[]},{"id":47214,"url":"https:\/\/ismaelcolosi.com.br\/index.php\/2024\/04\/25\/misci-reforca-autenticidade-cultural-brasileira-em-um-desfile-apoteotico-na-bienal\/","url_meta":{"origin":46634,"position":1},"title":"Misci refor\u00e7a autenticidade cultural brasileira em um desfile apote\u00f3tico na Bienal","author":"ismaelcolosi.com.br","date":"25 de April de 2024","format":false,"excerpt":"A nova cole\u00e7\u00e3o de Airon Martin celebra a brasilidade sem estere\u00f3tipos, em desfile na Bienal do Ibirapuera, cen\u00e1rio ic\u00f4nico da moda nacional. Al\u00e9m de Ivete Sangalo na passarela, outras celebridades prestigiaram a apresenta\u00e7\u00e3o Ontem (23), Airon Martin,\u00a0designer\u00a0e diretor criativo da marca Misci, apresentou a sua mais nova cole\u00e7\u00e3o Tenda Tripa,\u2026","rel":"","context":"In &quot;Not\u00edcias de Ribeir\u00e3o Preto-SP e Regi\u00e3o&quot;","block_context":{"text":"Not\u00edcias de Ribeir\u00e3o Preto-SP e Regi\u00e3o","link":"https:\/\/ismaelcolosi.com.br\/index.php\/category\/noticias-de-ribeirao-preto-sp-e-regiao-ismael-colosi\/"},"img":{"alt_text":"","src":"","width":0,"height":0},"classes":[]},{"id":84725,"url":"https:\/\/ismaelcolosi.com.br\/index.php\/2025\/04\/23\/ia-e-o-futuro-do-rh-evento-em-ribeirao-preto-discute-inovacoes-e-tendencias-no-setor\/","url_meta":{"origin":46634,"position":2},"title":"IA e o Futuro do RH: Evento em Ribeir\u00e3o Preto Discute Inova\u00e7\u00f5es e Tend\u00eancias no Setor","author":"ismaelcolosi.com.br","date":"23 de April de 2025","format":false,"excerpt":"IA e o Futuro do RH: Evento em Ribeir\u00e3o Preto Discute Inova\u00e7\u00f5es e Tend\u00eancias no Setor Ribeir\u00e3o Preto, 22 de abril de 2025 \u2014 A intelig\u00eancia artificial (IA) est\u00e1 transformando a forma como as empresas lidam com recrutamento, gest\u00e3o de pessoas e estrat\u00e9gias de recursos humanos. Para debater essas inova\u00e7\u00f5es,\u2026","rel":"","context":"In &quot;Not\u00edcias de Ribeir\u00e3o Preto-SP e Regi\u00e3o&quot;","block_context":{"text":"Not\u00edcias de Ribeir\u00e3o Preto-SP e Regi\u00e3o","link":"https:\/\/ismaelcolosi.com.br\/index.php\/category\/noticias-de-ribeirao-preto-sp-e-regiao-ismael-colosi\/"},"img":{"alt_text":"","src":"https:\/\/i0.wp.com\/ismaelcolosi.com.br\/wp-content\/uploads\/2025\/04\/IA-e-o-Futuro-do-RH2.png?fit=800%2C1200&ssl=1&resize=350%2C200","width":350,"height":200,"srcset":"https:\/\/i0.wp.com\/ismaelcolosi.com.br\/wp-content\/uploads\/2025\/04\/IA-e-o-Futuro-do-RH2.png?fit=800%2C1200&ssl=1&resize=350%2C200 1x, https:\/\/i0.wp.com\/ismaelcolosi.com.br\/wp-content\/uploads\/2025\/04\/IA-e-o-Futuro-do-RH2.png?fit=800%2C1200&ssl=1&resize=525%2C300 1.5x, https:\/\/i0.wp.com\/ismaelcolosi.com.br\/wp-content\/uploads\/2025\/04\/IA-e-o-Futuro-do-RH2.png?fit=800%2C1200&ssl=1&resize=700%2C400 2x"},"classes":[]},{"id":46474,"url":"https:\/\/ismaelcolosi.com.br\/index.php\/2024\/04\/11\/celebridades-marcam-presenca-em-desfile-de-oculos-em-sao-paulo\/","url_meta":{"origin":46634,"position":3},"title":"Celebridades marcam presen\u00e7a em desfile de \u00f3culos em S\u00e3o Paulo","author":"ismaelcolosi.com.br","date":"11 de April de 2024","format":false,"excerpt":"Celebridades marcam presen\u00e7a em desfile de \u00f3culos em S\u00e3o PauloNa capital paulista, nomes como Ana Hickmann, Edu Guedes, Karina Bacci e Costanza Pascolato prestigiaram o desfile da GO Eyewear Nesta quarta-feira (10), aconteceu o desfile da Fashion Eyes Week em S\u00e3o Paulo. O evento apresentou os novos modelos e as\u2026","rel":"","context":"In &quot;Not\u00edcias de Ribeir\u00e3o Preto-SP e Regi\u00e3o&quot;","block_context":{"text":"Not\u00edcias de Ribeir\u00e3o Preto-SP e Regi\u00e3o","link":"https:\/\/ismaelcolosi.com.br\/index.php\/category\/noticias-de-ribeirao-preto-sp-e-regiao-ismael-colosi\/"},"img":{"alt_text":"","src":"https:\/\/i0.wp.com\/ismaelcolosi.com.br\/wp-content\/uploads\/2024\/04\/Edu-Guedes-e-Ana-Hickmann_Creditos_Ale-Virgilio.jpg?fit=1200%2C799&ssl=1&resize=350%2C200","width":350,"height":200,"srcset":"https:\/\/i0.wp.com\/ismaelcolosi.com.br\/wp-content\/uploads\/2024\/04\/Edu-Guedes-e-Ana-Hickmann_Creditos_Ale-Virgilio.jpg?fit=1200%2C799&ssl=1&resize=350%2C200 1x, https:\/\/i0.wp.com\/ismaelcolosi.com.br\/wp-content\/uploads\/2024\/04\/Edu-Guedes-e-Ana-Hickmann_Creditos_Ale-Virgilio.jpg?fit=1200%2C799&ssl=1&resize=525%2C300 1.5x, https:\/\/i0.wp.com\/ismaelcolosi.com.br\/wp-content\/uploads\/2024\/04\/Edu-Guedes-e-Ana-Hickmann_Creditos_Ale-Virgilio.jpg?fit=1200%2C799&ssl=1&resize=700%2C400 2x, https:\/\/i0.wp.com\/ismaelcolosi.com.br\/wp-content\/uploads\/2024\/04\/Edu-Guedes-e-Ana-Hickmann_Creditos_Ale-Virgilio.jpg?fit=1200%2C799&ssl=1&resize=1050%2C600 3x"},"classes":[]},{"id":61002,"url":"https:\/\/ismaelcolosi.com.br\/index.php\/2024\/08\/19\/mostra-casacor-ribeirao-preto-2024-comeca-nesta-terca-feira\/","url_meta":{"origin":46634,"position":4},"title":"Mostra Casacor Ribeir\u00e3o Preto 2024 come\u00e7a nesta ter\u00e7a-feira","author":"ismaelcolosi.com.br","date":"19 de August de 2024","format":false,"excerpt":"Expondo mais de 30 ambientes com tend\u00eancias de arquitetura, design de interiores e paisagismo, a edi\u00e7\u00e3o 2024 da Casacor Ribeir\u00e3o Preto ser\u00e1 aberta nesta ter\u00e7a-feira (20). A mostra, que tem como tema \u201cDe Presente o Agora\u201d, segue at\u00e9 o dia 20 de outubro. Solu\u00e7\u00f5es sustent\u00e1veis, tecnol\u00f3gicas, arte e paisagismo tamb\u00e9m\u2026","rel":"","context":"In &quot;Not\u00edcias de Ribeir\u00e3o Preto-SP e Regi\u00e3o&quot;","block_context":{"text":"Not\u00edcias de Ribeir\u00e3o Preto-SP e Regi\u00e3o","link":"https:\/\/ismaelcolosi.com.br\/index.php\/category\/noticias-de-ribeirao-preto-sp-e-regiao-ismael-colosi\/"},"img":{"alt_text":"","src":"https:\/\/i0.wp.com\/ismaelcolosi.com.br\/wp-content\/uploads\/2024\/08\/casacor_2024-08-19_20-15-08_jpeg_2024-08-19_20-15-08.webp.webp?fit=1200%2C800&ssl=1&resize=350%2C200","width":350,"height":200,"srcset":"https:\/\/i0.wp.com\/ismaelcolosi.com.br\/wp-content\/uploads\/2024\/08\/casacor_2024-08-19_20-15-08_jpeg_2024-08-19_20-15-08.webp.webp?fit=1200%2C800&ssl=1&resize=350%2C200 1x, https:\/\/i0.wp.com\/ismaelcolosi.com.br\/wp-content\/uploads\/2024\/08\/casacor_2024-08-19_20-15-08_jpeg_2024-08-19_20-15-08.webp.webp?fit=1200%2C800&ssl=1&resize=525%2C300 1.5x, https:\/\/i0.wp.com\/ismaelcolosi.com.br\/wp-content\/uploads\/2024\/08\/casacor_2024-08-19_20-15-08_jpeg_2024-08-19_20-15-08.webp.webp?fit=1200%2C800&ssl=1&resize=700%2C400 2x, https:\/\/i0.wp.com\/ismaelcolosi.com.br\/wp-content\/uploads\/2024\/08\/casacor_2024-08-19_20-15-08_jpeg_2024-08-19_20-15-08.webp.webp?fit=1200%2C800&ssl=1&resize=1050%2C600 3x"},"classes":[]},{"id":5288,"url":"https:\/\/ismaelcolosi.com.br\/index.php\/2023\/11\/23\/outback-e-o-restaurante-oficial-da-10a-edicao-da-ccxp23-e-antecipa-cardapio-exclusivo-para-todo-brasil\/","url_meta":{"origin":46634,"position":5},"title":"Outback \u00e9 o restaurante oficial da 10\u00aa edi\u00e7\u00e3o da CCXP23 e antecipa card\u00e1pio exclusivo para todo Brasil","author":"ismaelcolosi.com.br","date":"23 de November de 2023","format":false,"excerpt":"Pensou em Outback, pensou em momentos especiais de comemora\u00e7\u00e3o. E nada mais ic\u00f4nico do que celebrar os 10 anos de CCXP com o Bold Flavour que s\u00f3 a marca tem! Pela 4\u00aa edi\u00e7\u00e3o consecutiva, o Outback Steakhouse \u00e9 o restaurante oficial da CCXP e, desta vez, com uma novidade: os\u2026","rel":"","context":"In &quot;Variedades&quot;","block_context":{"text":"Variedades","link":"https:\/\/ismaelcolosi.com.br\/index.php\/category\/variedades\/"},"img":{"alt_text":"","src":"https:\/\/i0.wp.com\/ismaelcolosi.com.br\/wp-content\/uploads\/2023\/11\/d65360a5-439c-4875-a101-35dcc7606451.jpg?fit=1200%2C638&ssl=1&resize=350%2C200","width":350,"height":200,"srcset":"https:\/\/i0.wp.com\/ismaelcolosi.com.br\/wp-content\/uploads\/2023\/11\/d65360a5-439c-4875-a101-35dcc7606451.jpg?fit=1200%2C638&ssl=1&resize=350%2C200 1x, https:\/\/i0.wp.com\/ismaelcolosi.com.br\/wp-content\/uploads\/2023\/11\/d65360a5-439c-4875-a101-35dcc7606451.jpg?fit=1200%2C638&ssl=1&resize=525%2C300 1.5x, https:\/\/i0.wp.com\/ismaelcolosi.com.br\/wp-content\/uploads\/2023\/11\/d65360a5-439c-4875-a101-35dcc7606451.jpg?fit=1200%2C638&ssl=1&resize=700%2C400 2x, https:\/\/i0.wp.com\/ismaelcolosi.com.br\/wp-content\/uploads\/2023\/11\/d65360a5-439c-4875-a101-35dcc7606451.jpg?fit=1200%2C638&ssl=1&resize=1050%2C600 3x"},"classes":[]}],"jetpack_sharing_enabled":true,"jetpack_shortlink":"https:\/\/wp.me\/pfMlyK-c8a","_links":{"self":[{"href":"https:\/\/ismaelcolosi.com.br\/index.php\/wp-json\/wp\/v2\/posts\/46634","targetHints":{"allow":["GET"]}}],"collection":[{"href":"https:\/\/ismaelcolosi.com.br\/index.php\/wp-json\/wp\/v2\/posts"}],"about":[{"href":"https:\/\/ismaelcolosi.com.br\/index.php\/wp-json\/wp\/v2\/types\/post"}],"author":[{"embeddable":true,"href":"https:\/\/ismaelcolosi.com.br\/index.php\/wp-json\/wp\/v2\/users\/1"}],"replies":[{"embeddable":true,"href":"https:\/\/ismaelcolosi.com.br\/index.php\/wp-json\/wp\/v2\/comments?post=46634"}],"version-history":[{"count":0,"href":"https:\/\/ismaelcolosi.com.br\/index.php\/wp-json\/wp\/v2\/posts\/46634\/revisions"}],"wp:featuredmedia":[{"embeddable":true,"href":"https:\/\/ismaelcolosi.com.br\/index.php\/wp-json\/wp\/v2\/media\/46635"}],"wp:attachment":[{"href":"https:\/\/ismaelcolosi.com.br\/index.php\/wp-json\/wp\/v2\/media?parent=46634"}],"wp:term":[{"taxonomy":"category","embeddable":true,"href":"https:\/\/ismaelcolosi.com.br\/index.php\/wp-json\/wp\/v2\/categories?post=46634"},{"taxonomy":"post_tag","embeddable":true,"href":"https:\/\/ismaelcolosi.com.br\/index.php\/wp-json\/wp\/v2\/tags?post=46634"}],"curies":[{"name":"wp","href":"https:\/\/api.w.org\/{rel}","templated":true}]}}