{"id":46274,"date":"2024-04-10T16:08:01","date_gmt":"2024-04-10T19:08:01","guid":{"rendered":"https:\/\/ismaelcolosi.com.br\/index.php\/2024\/04\/10\/coca-cola-e-marvel-unem-forcas-aos-fas-dos-herois-e-viloes-do-universo-marvel\/"},"modified":"2024-04-10T16:08:01","modified_gmt":"2024-04-10T19:08:01","slug":"coca-cola-e-marvel-unem-forcas-aos-fas-dos-herois-e-viloes-do-universo-marvel","status":"publish","type":"post","link":"https:\/\/ismaelcolosi.com.br\/index.php\/2024\/04\/10\/coca-cola-e-marvel-unem-forcas-aos-fas-dos-herois-e-viloes-do-universo-marvel\/","title":{"rendered":"Coca-Cola e Marvel unem for\u00e7as aos f\u00e3s dos her\u00f3is e vil\u00f5es do Universo Marvel"},"content":{"rendered":"<p> <br \/>\n<\/p>\n<div>\n<h3 class=\"fn__maintitle\"><span>Coca-Cola e Marvel unem for\u00e7as aos f\u00e3s dos her\u00f3is e vil\u00f5es do Universo Marvel<\/span><\/h3>\n<\/div>\n<div>\n<p><i>Com novas embalagens de Coca-Cola em edi\u00e7\u00e3o limitada, os f\u00e3s poder\u00e3o colecionar 36 ilustra\u00e7\u00f5es de personagens de design exclusivo e mergulhar em uma experi\u00eancia in\u00e9dita em realidade aumentada<\/i><\/p>\n<p>A Coca-Cola revela hoje no Brasil\u00a0<strong>Coca-Cola x Marvel: Os Her\u00f3is<\/strong>, a mais nova colabora\u00e7\u00e3o com a Marvel, estrelando uma narrativa imersiva e uma experi\u00eancia digital com os personagens favoritos dos f\u00e3s. A campanha ser\u00e1 lan\u00e7ada em quase 30 pa\u00edses na Am\u00e9rica Latina por tempo limitado.<\/p>\n<p>Essa uni\u00e3o traz o mundo da Marvel \u00e0 vida de uma maneira empolgante, com um novo v\u00eddeo e uma experi\u00eancia in\u00e9dita ao consumidor atrav\u00e9s das embalagens de Coca-Cola. A colabora\u00e7\u00e3o conta com um total de 36 ilustra\u00e7\u00f5es de personagens exclusivas \u2013 dispon\u00edveis seletivamente nos pa\u00edses da Am\u00e9rica Latina -, com uma cole\u00e7\u00e3o digital, pr\u00eamios e uma extens\u00e3o imersiva em Realidade Aumentada no site da Coca-Cola. No Brasil, esta colabora\u00e7\u00e3o chega de forma gradual ao mercado, come\u00e7ando dia 22 de abril.<\/p>\n<blockquote>\n<p>\u201cAs pessoas da Am\u00e9rica Latina t\u00eam uma rela\u00e7\u00e3o superespecial com os super-her\u00f3is da Marvel, que nos inspiraram por tantas d\u00e9cadas\u201d, disse Claudia Navarro, presidente de marketing para a Am\u00e9rica Latina da Coca-Cola Company. \u201cEsta collab \u00e9 para celebrar os consumidores, que s\u00e3o os super-her\u00f3is da vida real, que fazem as escolhas certas e continuam sempre em frente apesar das adversidades, que t\u00eam esperan\u00e7a e s\u00e3o impar\u00e1veis, assim como os super-her\u00f3is da Marvel!\u201d<\/p>\n<p>\u201cA Am\u00e9rica Latina \u00e9 cheia de super-her\u00f3is: pessoas que enfrentam as adversidades da vida todos os dias e sempre saem vitoriosas, devido \u00e0 sua esperan\u00e7a, resili\u00eancia e persist\u00eancia. Em muitos aspectos, os super-her\u00f3is da Marvel inspiraram esses personagens da vida real e \u00e9 por isso que temos uma rela\u00e7\u00e3o muito \u00edntima com eles,\u201d disse Claudia Navarro, presidente de marketing para a Am\u00e9rica Latina na The Coca-Cola Company. \u201cEsta colabora\u00e7\u00e3o com a Marvel visa celebrar voc\u00ea, o super-her\u00f3i da vida real\u201d.<\/p>\n<\/blockquote>\n<p>A campanha come\u00e7a com o lan\u00e7amento do v\u00eddeo digital, que apresenta o mais novo cap\u00edtulo na longa hist\u00f3ria dessas marcas ic\u00f4nicas. No v\u00eddeo, uma mulher acidentalmente coloca todo o universo dos quadrinhos em perigo. Ent\u00e3o, a Magia Acontece com a Coca-Cola, que une o Universo Marvel para salvar o dia e entregar \u00e0 protagonista um momento inspirador.<\/p>\n<p>O relacionamento da Coca-Cola com a Disney come\u00e7ou h\u00e1 mais de 60 anos, e as duas marcas ic\u00f4nicas continuaram a forte parceria em projetos, universos e multiversos, como o ic\u00f4nico Universo Marvel. \u201cCoca-Cola tem uma longa hist\u00f3ria com a Disney, e \u00e9 incr\u00edvel ter um relacionamento que nos encoraja e nos permite continuar a impulsionar nosso relacionamento a novos limites criativos\u201d, declarou Islam ElDessouky, head global de estrat\u00e9gia criativa e conte\u00fado da Coca-Cola Trademark. \u201cEssa \u00faltima colabora\u00e7\u00e3o com a Marvel tamb\u00e9m nos permite aproveitar a afinidade e o legado de ambas as marcas para entregar aos consumidores experi\u00eancias novas e inesperadas.\u201d<\/p>\n<blockquote>\n<p>\u201cNossa alian\u00e7a corporativa com a Coca-Cola nos coloca em uma posi\u00e7\u00e3o \u00fanica para poder desenvolver algo que seja excepcionalmente inovador na ind\u00fastria\u201d, disse Mindy Hamilton, vice-presidente s\u00eanior de parcerias de marketing globais na Walt Disney Company. \u201cPegamos o paradigma tradicional do marketing e o redefinimos da melhor maneira poss\u00edvel. O resultado \u00e9 uma campanha sem precedentes que se aproveita do poder do Universo Marvel, que est\u00e1 prestes a completar 85 anos com personagens t\u00e3o amados, e que conta hist\u00f3rias de uma forma que s\u00f3 pode acontecer quando a Coca-Cola e a Disney se unem.<\/p>\n<\/blockquote>\n<p>Esta nova linha de latas e garrafas exclusivas ter\u00e1 her\u00f3is e vil\u00f5es do Universo Marvel, ilustrados com um equil\u00edbrio entre tons brancos, vermelhos e pretos, que real\u00e7am os personagens. As latas podem ser escaneadas e cada uma trar\u00e1 seu personagem \u00e0 vida de uma maneira \u00fanica atrav\u00e9s de Realidade Aumentada (RA). Al\u00e9m das latas colecion\u00e1veis e da experi\u00eancia imersiva em RA, Coca-Cola x Marvel: Os Her\u00f3is oferece aos f\u00e3s uma chance de ganhar pr\u00eamios incr\u00edveis da Disney e da Marvel, como Cruzeiro da Disney, Ingressos de Cinema e mais.<\/p>\n<p>No Brasil, ser\u00e3o 36 ilustra\u00e7\u00f5es de Her\u00f3is e Vil\u00f5es que protagonizar\u00e3o as embalagens exclusivas de Coca-Cola x Marvel: Os Her\u00f3is. A partir de abril, os f\u00e3s poder\u00e3o come\u00e7ar a colecionar os personagens desta colabora\u00e7\u00e3o e participar das experi\u00eancias imersivas pelo site da companhia:\u00a0<a href=\"https:\/\/s2404.imxsnd06.com\/link.php?code=bDpodHRwcyUzQSUyRiUyRnd3dy5jb2NhLWNvbGEuY29tJURDJTgyYnIlMkY6MzQ2MTYxOTY3MTptYXRoZXVzQHBvcGl0by5jb20uYnI6YzE2MDQ5Ojc2\" target=\"_blank\" rel=\"noopener noreferrer\">Link<\/a><\/p>\n<div class=\"popito_fn_votewrap\">\n<h3 class=\"vote_title\">Como voc\u00ea vota? <\/h3>\n<div class=\"popito_fn_votes \" data-id=\"1978\">\n<p>0 People voted this article. 0 Upvotes &#8211; 0 Downvotes.<\/p>\n<\/div>\n<\/div>\n<\/div>\n<p><br \/>\n<br \/><a href=\"https:\/\/popito.com.br\/coca-cola-e-marvel-unem-forcas-aos-fas-dos-herois-e-viloes-do-universo-marvel\/\">Source link <\/a><\/p>\n<div class='code-block code-block-4' style='margin: 8px auto 8px 0; text-align: left; display: block; clear: both;'>\n\ud83d\udce2 Aviso Legal\n\nO site ismaelcolosi.com.br atua apenas como um canal de divulga\u00e7\u00e3o de oportunidades de emprego e n\u00e3o se responsabiliza pelo processo seletivo, contrata\u00e7\u00e3o ou qualquer outra etapa relacionada \u00e0s vagas publicadas. Todas as informa\u00e7\u00f5es s\u00e3o de responsabilidade dos anunciantes.\n\n\u26a0\ufe0f Aten\u00e7\u00e3o! Nunca pague por promessas de emprego nem compre cursos que garantam contrata\u00e7\u00e3o. Desconfie de qualquer cobran\u00e7a para participar de sele\u00e7\u00f5es.\n\n\n\n<\/div>\n<!-- CONTENT END 1 -->\n","protected":false},"excerpt":{"rendered":"<p>Coca-Cola e Marvel unem for\u00e7as aos f\u00e3s dos her\u00f3is e vil\u00f5es do Universo Marvel Com novas embalagens de Coca-Cola em edi\u00e7\u00e3o limitada, os f\u00e3s poder\u00e3o&#8230;<\/p>\n","protected":false},"author":1,"featured_media":46275,"comment_status":"open","ping_status":"open","sticky":false,"template":"","format":"standard","meta":{"_uag_custom_page_level_css":"","advanced_seo_description":"","jetpack_seo_html_title":"","jetpack_seo_noindex":false,"jetpack_post_was_ever_published":false,"_jetpack_newsletter_access":"","_jetpack_dont_email_post_to_subs":false,"_jetpack_newsletter_tier_id":0,"_jetpack_memberships_contains_paywalled_content":false,"_jetpack_memberships_contains_paid_content":false,"footnotes":"","jetpack_publicize_message":"","jetpack_publicize_feature_enabled":true,"jetpack_social_post_already_shared":true,"jetpack_social_options":{"image_generator_settings":{"template":"highway","default_image_id":0,"font":"","enabled":false},"version":2}},"categories":[11],"tags":[1428,602,470,614,3237,5556,5554,5555,5558,5557],"class_list":["post-46274","post","type-post","status-publish","format-standard","has-post-thumbnail","hentry","category-noticias-de-ribeirao-preto-sp-e-regiao-ismael-colosi","tag-aos","tag-cocacola","tag-dos","tag-fas","tag-forcas","tag-herois","tag-marvel","tag-unem","tag-universo","tag-viloes"],"jetpack_publicize_connections":[],"jetpack_featured_media_url":"https:\/\/i0.wp.com\/ismaelcolosi.com.br\/wp-content\/uploads\/2024\/04\/6614751ac6634.image_.jpg?fit=1200%2C800&ssl=1","uagb_featured_image_src":{"full":["https:\/\/i0.wp.com\/ismaelcolosi.com.br\/wp-content\/uploads\/2024\/04\/6614751ac6634.image_.jpg?fit=1200%2C800&ssl=1",1200,800,false],"thumbnail":["https:\/\/i0.wp.com\/ismaelcolosi.com.br\/wp-content\/uploads\/2024\/04\/6614751ac6634.image_.jpg?resize=150%2C150&ssl=1",150,150,true],"medium":["https:\/\/i0.wp.com\/ismaelcolosi.com.br\/wp-content\/uploads\/2024\/04\/6614751ac6634.image_.jpg?fit=300%2C200&ssl=1",300,200,true],"medium_large":["https:\/\/i0.wp.com\/ismaelcolosi.com.br\/wp-content\/uploads\/2024\/04\/6614751ac6634.image_.jpg?fit=768%2C512&ssl=1",768,512,true],"large":["https:\/\/i0.wp.com\/ismaelcolosi.com.br\/wp-content\/uploads\/2024\/04\/6614751ac6634.image_.jpg?fit=1024%2C683&ssl=1",1024,683,true],"1536x1536":["https:\/\/i0.wp.com\/ismaelcolosi.com.br\/wp-content\/uploads\/2024\/04\/6614751ac6634.image_.jpg?fit=1200%2C800&ssl=1",1200,800,true],"2048x2048":["https:\/\/i0.wp.com\/ismaelcolosi.com.br\/wp-content\/uploads\/2024\/04\/6614751ac6634.image_.jpg?fit=1200%2C800&ssl=1",1200,800,true],"really-simple-thumb":["https:\/\/i0.wp.com\/ismaelcolosi.com.br\/wp-content\/uploads\/2024\/04\/6614751ac6634.image_.jpg?resize=370%2C247&ssl=1",370,247,true]},"uagb_author_info":{"display_name":"ismaelcolosi.com.br","author_link":"https:\/\/ismaelcolosi.com.br\/index.php\/author\/vidareal-online\/"},"uagb_comment_info":0,"uagb_excerpt":"Coca-Cola e Marvel unem for\u00e7as aos f\u00e3s dos her\u00f3is e vil\u00f5es do Universo Marvel Com novas embalagens de Coca-Cola em edi\u00e7\u00e3o limitada, os f\u00e3s poder\u00e3o...","jetpack-related-posts":[{"id":5492,"url":"https:\/\/ismaelcolosi.com.br\/index.php\/2023\/11\/23\/fas-de-star-wars-se-reunem-em-ribeirao-preto-para-dois-dias-de-cosplay-veja-quando\/","url_meta":{"origin":46274,"position":0},"title":"F\u00e3s de Star Wars se re\u00fanem em Ribeir\u00e3o Preto para dois dias de cosplay; Veja quando","author":"ismaelcolosi.com.br","date":"23 de November de 2023","format":false,"excerpt":"Os amantes da saga Star Wars poder\u00e3o participar de dois dias de cosplay, durante o Pow Festival, que acontece nos dias 9 e 10 de dezembro, no espa\u00e7o A F\u00e1brica, no Centro de Ribeir\u00e3o Preto, de forma gratuita. Personagens como Darth Vader, Chewbacca e os Stormtroopers, entre outros, estar\u00e3o circulando\u2026","rel":"","context":"In &quot;Not\u00edcias de Ribeir\u00e3o Preto-SP e Regi\u00e3o&quot;","block_context":{"text":"Not\u00edcias de Ribeir\u00e3o Preto-SP e Regi\u00e3o","link":"https:\/\/ismaelcolosi.com.br\/index.php\/category\/noticias-de-ribeirao-preto-sp-e-regiao-ismael-colosi\/"},"img":{"alt_text":"","src":"https:\/\/i0.wp.com\/ismaelcolosi.com.br\/wp-content\/uploads\/2023\/11\/Stars-Wars.png?fit=1160%2C762&ssl=1&resize=350%2C200","width":350,"height":200,"srcset":"https:\/\/i0.wp.com\/ismaelcolosi.com.br\/wp-content\/uploads\/2023\/11\/Stars-Wars.png?fit=1160%2C762&ssl=1&resize=350%2C200 1x, https:\/\/i0.wp.com\/ismaelcolosi.com.br\/wp-content\/uploads\/2023\/11\/Stars-Wars.png?fit=1160%2C762&ssl=1&resize=525%2C300 1.5x, https:\/\/i0.wp.com\/ismaelcolosi.com.br\/wp-content\/uploads\/2023\/11\/Stars-Wars.png?fit=1160%2C762&ssl=1&resize=700%2C400 2x, https:\/\/i0.wp.com\/ismaelcolosi.com.br\/wp-content\/uploads\/2023\/11\/Stars-Wars.png?fit=1160%2C762&ssl=1&resize=1050%2C600 3x"},"classes":[]},{"id":5446,"url":"https:\/\/ismaelcolosi.com.br\/index.php\/2023\/11\/23\/confira-as-datas-da-caravana-de-natal-da-coca-cola-em-ribeirao\/","url_meta":{"origin":46274,"position":1},"title":"Confira as datas da Caravana de Natal da Coca-Cola em Ribeir\u00e3o Preto","author":"ismaelcolosi.com.br","date":"23 de November de 2023","format":false,"excerpt":"A tradicional Caravana de Natal da Coca-Cola foi confirmada em Ribeir\u00e3o Preto. De acordo com a empresa, a comitiva com os carros iluminados e com o Papai Noel passar\u00e1 pelo munic\u00edpio nos dias 11, 20 e 21 de dezembro. Neste ano, o tema central da campanha \u2018Desperte o Papai Noel\u2026","rel":"","context":"In &quot;Not\u00edcias de Ribeir\u00e3o Preto-SP e Regi\u00e3o&quot;","block_context":{"text":"Not\u00edcias de Ribeir\u00e3o Preto-SP e Regi\u00e3o","link":"https:\/\/ismaelcolosi.com.br\/index.php\/category\/noticias-de-ribeirao-preto-sp-e-regiao-ismael-colosi\/"},"img":{"alt_text":"","src":"https:\/\/i0.wp.com\/ismaelcolosi.com.br\/wp-content\/uploads\/2023\/11\/carreata_natal_1024x576_20122019154323.jpg?fit=1024%2C576&ssl=1&resize=350%2C200","width":350,"height":200,"srcset":"https:\/\/i0.wp.com\/ismaelcolosi.com.br\/wp-content\/uploads\/2023\/11\/carreata_natal_1024x576_20122019154323.jpg?fit=1024%2C576&ssl=1&resize=350%2C200 1x, https:\/\/i0.wp.com\/ismaelcolosi.com.br\/wp-content\/uploads\/2023\/11\/carreata_natal_1024x576_20122019154323.jpg?fit=1024%2C576&ssl=1&resize=525%2C300 1.5x, https:\/\/i0.wp.com\/ismaelcolosi.com.br\/wp-content\/uploads\/2023\/11\/carreata_natal_1024x576_20122019154323.jpg?fit=1024%2C576&ssl=1&resize=700%2C400 2x"},"classes":[]},{"id":17194,"url":"https:\/\/ismaelcolosi.com.br\/index.php\/2023\/12\/17\/caravana-de-natal-da-coca-cola-volta-a-ribeirao-preto-nesta-semana-veja-as-datas\/","url_meta":{"origin":46274,"position":2},"title":"Caravana de Natal da Coca-Cola volta a Ribeir\u00e3o Preto nesta semana; Veja as datas","author":"ismaelcolosi.com.br","date":"17 de December de 2023","format":false,"excerpt":"Ribeir\u00e3o Preto recebe novamente, nesta quarta (20) e quinta-feira (21), a caravana do Natal Iluminado da Coca-Cola, a partir das 19h. A atra\u00e7\u00e3o j\u00e1 visitou a cidade no dia 11 de dezembro (veja o v\u00eddeo abaixo). Por\u00e9m, antes de retornar a Ribeir\u00e3o, o tradicional desfile dos caminh\u00f5es iluminados tamb\u00e9m passa\u2026","rel":"","context":"In &quot;Not\u00edcias de Ribeir\u00e3o Preto-SP e Regi\u00e3o&quot;","block_context":{"text":"Not\u00edcias de Ribeir\u00e3o Preto-SP e Regi\u00e3o","link":"https:\/\/ismaelcolosi.com.br\/index.php\/category\/noticias-de-ribeirao-preto-sp-e-regiao-ismael-colosi\/"},"img":{"alt_text":"","src":"https:\/\/i0.wp.com\/ismaelcolosi.com.br\/wp-content\/uploads\/2023\/12\/carreata-coca-cola.jpg?fit=1200%2C675&ssl=1&resize=350%2C200","width":350,"height":200,"srcset":"https:\/\/i0.wp.com\/ismaelcolosi.com.br\/wp-content\/uploads\/2023\/12\/carreata-coca-cola.jpg?fit=1200%2C675&ssl=1&resize=350%2C200 1x, https:\/\/i0.wp.com\/ismaelcolosi.com.br\/wp-content\/uploads\/2023\/12\/carreata-coca-cola.jpg?fit=1200%2C675&ssl=1&resize=525%2C300 1.5x, https:\/\/i0.wp.com\/ismaelcolosi.com.br\/wp-content\/uploads\/2023\/12\/carreata-coca-cola.jpg?fit=1200%2C675&ssl=1&resize=700%2C400 2x, https:\/\/i0.wp.com\/ismaelcolosi.com.br\/wp-content\/uploads\/2023\/12\/carreata-coca-cola.jpg?fit=1200%2C675&ssl=1&resize=1050%2C600 3x"},"classes":[]},{"id":19089,"url":"https:\/\/ismaelcolosi.com.br\/index.php\/2023\/12\/21\/caravana-de-natal-da-coca-cola-encerra-hoje-desfiles-em-ribeirao-preto\/","url_meta":{"origin":46274,"position":3},"title":"Caravana de Natal da Coca-Cola encerra hoje desfiles em Ribeir\u00e3o Preto","author":"ismaelcolosi.com.br","date":"21 de December de 2023","format":false,"excerpt":"A Caravana de Natal da Coca-Cola encerra, nesta quinta-feira (21), a partir das 19 horas, os desfiles em Ribeir\u00e3o Preto. Na terceira e \u00faltima passagem da comitiva em 2023, os caminh\u00f5es enfeitados v\u00e3o transitar pela zona Sul, incluindo a avenida Jo\u00e3o Fi\u00fasa e o distrito de Bonfim Paulista. De acordo\u2026","rel":"","context":"In &quot;Not\u00edcias de Ribeir\u00e3o Preto-SP e Regi\u00e3o&quot;","block_context":{"text":"Not\u00edcias de Ribeir\u00e3o Preto-SP e Regi\u00e3o","link":"https:\/\/ismaelcolosi.com.br\/index.php\/category\/noticias-de-ribeirao-preto-sp-e-regiao-ismael-colosi\/"},"img":{"alt_text":"","src":"https:\/\/i0.wp.com\/ismaelcolosi.com.br\/wp-content\/uploads\/2023\/12\/mapa.jpg?fit=918%2C618&ssl=1&resize=350%2C200","width":350,"height":200,"srcset":"https:\/\/i0.wp.com\/ismaelcolosi.com.br\/wp-content\/uploads\/2023\/12\/mapa.jpg?fit=918%2C618&ssl=1&resize=350%2C200 1x, https:\/\/i0.wp.com\/ismaelcolosi.com.br\/wp-content\/uploads\/2023\/12\/mapa.jpg?fit=918%2C618&ssl=1&resize=525%2C300 1.5x, https:\/\/i0.wp.com\/ismaelcolosi.com.br\/wp-content\/uploads\/2023\/12\/mapa.jpg?fit=918%2C618&ssl=1&resize=700%2C400 2x"},"classes":[]},{"id":89975,"url":"https:\/\/ismaelcolosi.com.br\/index.php\/2026\/04\/23\/coca-cola-brasil-anuncia-paula-grassini-como-lider-estrategica-de-comunicacao\/","url_meta":{"origin":46274,"position":4},"title":"Coca-Cola Brasil Anuncia Paula Grassini como L\u00edder Estrat\u00e9gica de Comunica\u00e7\u00e3o","author":"ismaelcolosi.com.br","date":"23 de April de 2026","format":false,"excerpt":"A Coca-Cola Brasil anuncia, nesta quinta-feira, (23), Paula\u00a0Grassini\u00a0como sua nova diretora de Comunica\u00e7\u00e3o. Com mais de 15 anos de experi\u00eancia na companhia, Paula assume a lideran\u00e7a estrat\u00e9gica da \u00e1rea no pa\u00eds, com foco no fortalecimento da reputa\u00e7\u00e3o da companhia, na comunica\u00e7\u00e3o institucional e de marcas.\u00a0Grassini\u00a0se reportar\u00e1 a Gustavo\u00a0Biscassi, Vice-Presidente de\u2026","rel":"","context":"In &quot;Carreira e Sucesso&quot;","block_context":{"text":"Carreira e Sucesso","link":"https:\/\/ismaelcolosi.com.br\/index.php\/category\/carreira-e-sucesso-dicas-para-carreira\/"},"img":{"alt_text":"","src":"https:\/\/i0.wp.com\/ismaelcolosi.com.br\/wp-content\/uploads\/2026\/04\/Paula-Grassini-1024x675.jpeg?fit=1024%2C675&ssl=1&resize=350%2C200","width":350,"height":200,"srcset":"https:\/\/i0.wp.com\/ismaelcolosi.com.br\/wp-content\/uploads\/2026\/04\/Paula-Grassini-1024x675.jpeg?fit=1024%2C675&ssl=1&resize=350%2C200 1x, https:\/\/i0.wp.com\/ismaelcolosi.com.br\/wp-content\/uploads\/2026\/04\/Paula-Grassini-1024x675.jpeg?fit=1024%2C675&ssl=1&resize=525%2C300 1.5x, https:\/\/i0.wp.com\/ismaelcolosi.com.br\/wp-content\/uploads\/2026\/04\/Paula-Grassini-1024x675.jpeg?fit=1024%2C675&ssl=1&resize=700%2C400 2x"},"classes":[]},{"id":5893,"url":"https:\/\/ismaelcolosi.com.br\/index.php\/2023\/11\/24\/veja-qual-sera-o-trajeto-da-caravana-de-natal-da-coca-cola-em-ribeirao-preto\/","url_meta":{"origin":46274,"position":5},"title":"Veja qual ser\u00e1 o trajeto da Caravana de Natal da Coca-Cola em Ribeir\u00e3o Preto","author":"ismaelcolosi.com.br","date":"24 de November de 2023","format":false,"excerpt":"A Caravana de Natal da Coca-Cola vai passar por Ribeir\u00e3o Preto at\u00e9 o dia 21 de dezembro em diversos pontos da cidade. De acordo com a empresa, ser\u00e3o cinco caminh\u00f5es iluminados que percorreram o munic\u00edpio em tr\u00eas datas diferentes. Neste ano, o tema central da campanha \u2018Desperte o Papai Noel\u2026","rel":"","context":"In &quot;Not\u00edcias de Ribeir\u00e3o Preto-SP e Regi\u00e3o&quot;","block_context":{"text":"Not\u00edcias de Ribeir\u00e3o Preto-SP e Regi\u00e3o","link":"https:\/\/ismaelcolosi.com.br\/index.php\/category\/noticias-de-ribeirao-preto-sp-e-regiao-ismael-colosi\/"},"img":{"alt_text":"","src":"https:\/\/i0.wp.com\/ismaelcolosi.com.br\/wp-content\/uploads\/2023\/11\/cxpia_de_tamanho_exato_para_fotos_no_sistema_novo.jpg?fit=1200%2C675&ssl=1&resize=350%2C200","width":350,"height":200,"srcset":"https:\/\/i0.wp.com\/ismaelcolosi.com.br\/wp-content\/uploads\/2023\/11\/cxpia_de_tamanho_exato_para_fotos_no_sistema_novo.jpg?fit=1200%2C675&ssl=1&resize=350%2C200 1x, https:\/\/i0.wp.com\/ismaelcolosi.com.br\/wp-content\/uploads\/2023\/11\/cxpia_de_tamanho_exato_para_fotos_no_sistema_novo.jpg?fit=1200%2C675&ssl=1&resize=525%2C300 1.5x, https:\/\/i0.wp.com\/ismaelcolosi.com.br\/wp-content\/uploads\/2023\/11\/cxpia_de_tamanho_exato_para_fotos_no_sistema_novo.jpg?fit=1200%2C675&ssl=1&resize=700%2C400 2x, https:\/\/i0.wp.com\/ismaelcolosi.com.br\/wp-content\/uploads\/2023\/11\/cxpia_de_tamanho_exato_para_fotos_no_sistema_novo.jpg?fit=1200%2C675&ssl=1&resize=1050%2C600 3x"},"classes":[]}],"jetpack_sharing_enabled":true,"jetpack_shortlink":"https:\/\/wp.me\/pfMlyK-c2m","_links":{"self":[{"href":"https:\/\/ismaelcolosi.com.br\/index.php\/wp-json\/wp\/v2\/posts\/46274","targetHints":{"allow":["GET"]}}],"collection":[{"href":"https:\/\/ismaelcolosi.com.br\/index.php\/wp-json\/wp\/v2\/posts"}],"about":[{"href":"https:\/\/ismaelcolosi.com.br\/index.php\/wp-json\/wp\/v2\/types\/post"}],"author":[{"embeddable":true,"href":"https:\/\/ismaelcolosi.com.br\/index.php\/wp-json\/wp\/v2\/users\/1"}],"replies":[{"embeddable":true,"href":"https:\/\/ismaelcolosi.com.br\/index.php\/wp-json\/wp\/v2\/comments?post=46274"}],"version-history":[{"count":0,"href":"https:\/\/ismaelcolosi.com.br\/index.php\/wp-json\/wp\/v2\/posts\/46274\/revisions"}],"wp:featuredmedia":[{"embeddable":true,"href":"https:\/\/ismaelcolosi.com.br\/index.php\/wp-json\/wp\/v2\/media\/46275"}],"wp:attachment":[{"href":"https:\/\/ismaelcolosi.com.br\/index.php\/wp-json\/wp\/v2\/media?parent=46274"}],"wp:term":[{"taxonomy":"category","embeddable":true,"href":"https:\/\/ismaelcolosi.com.br\/index.php\/wp-json\/wp\/v2\/categories?post=46274"},{"taxonomy":"post_tag","embeddable":true,"href":"https:\/\/ismaelcolosi.com.br\/index.php\/wp-json\/wp\/v2\/tags?post=46274"}],"curies":[{"name":"wp","href":"https:\/\/api.w.org\/{rel}","templated":true}]}}