{"id":46158,"date":"2024-04-09T21:32:13","date_gmt":"2024-04-10T00:32:13","guid":{"rendered":"https:\/\/ismaelcolosi.com.br\/index.php\/2024\/04\/09\/pf-e-fab-confiscam-400-quilos-de-cocaina-em-aviao-clonado-no-interior-de-sp\/"},"modified":"2024-04-09T21:32:13","modified_gmt":"2024-04-10T00:32:13","slug":"pf-e-fab-confiscam-400-quilos-de-cocaina-em-aviao-clonado-no-interior-de-sp","status":"publish","type":"post","link":"https:\/\/ismaelcolosi.com.br\/index.php\/2024\/04\/09\/pf-e-fab-confiscam-400-quilos-de-cocaina-em-aviao-clonado-no-interior-de-sp\/","title":{"rendered":"PF e FAB confiscam 400 quilos de coca\u00edna em avi\u00e3o clonado no interior de SP"},"content":{"rendered":"<p> <br \/>\n<\/p>\n<div data-td-block-uid=\"tdi_101\">\n<div class=\"tdb-block-inner td-fix-index\">\n<p>A<strong> Pol\u00edcia Federal<\/strong> apreendeu nesta ter\u00e7a-feira (9) cerca de <strong>400 quilos de coca\u00edna<\/strong> que estavam em uma <strong>aeronave <\/strong>interceptada no munic\u00edpio de Santa Cruz do Rio Pardo, <strong>interior de S\u00e3o Paulo<\/strong>.<\/p>\n<p>A a\u00e7\u00e3o da <strong>PF <\/strong>ocorreu com o emprego de helic\u00f3ptero da corpora\u00e7\u00e3o e apoio da <strong>For\u00e7a A\u00e9rea Brasileira (FAB)<\/strong> e da <strong>Pol\u00edcia Militar de S\u00e3o Paulo e do Paran\u00e1<\/strong>.<\/p>\n<p>O voo teria sa\u00eddo do <strong>Paraguai <\/strong>e tinha como destino o interior paulista, informou a PF.<\/p>\n<p><mark style=\"background-color:#fcb900\" class=\"has-inline-color\">De acordo com as investiga\u00e7\u00f5es, <strong>o avi\u00e3o possivelmente \u00e9 clonado<\/strong>, uma vez que o verdadeiro teria sido inutilizado em opera\u00e7\u00e3o da PF na terra ind\u00edgena Yanomami em maio de 2023.<\/mark><\/p>\n<p>O piloto, habilitado desde 2021, foi preso em flagrante por <strong>tr\u00e1fico internacional de drogas<\/strong> e encaminhado \u00e0 Delegacia de Pol\u00edcia Federal em <strong>Mar\u00edlia<\/strong>.<\/p>\n<hr class=\"wp-block-separator has-alpha-channel-opacity\"\/>\n<p>SAIBA MAIS<\/p>\n<p>Entenda a frente fria que deve atingir o estado de SP<\/p>\n<h4 class=\"wp-block-heading\"><strong><mark style=\"background-color:#fcb900\" class=\"has-inline-color\">FIQUE ON<\/mark><\/strong><\/h4>\n<p>Fique ligado em tudo que acontece em Ribeir\u00e3o Preto e regi\u00e3o. Siga os perfis do\u00a0<strong>acidade on\u00a0<\/strong>no\u00a0<a href=\"https:\/\/www.instagram.com\/acidadeonribeirao\" target=\"_blank\" rel=\"noreferrer noopener\">Instagram<\/a>\u00a0e no\u00a0<a href=\"https:\/\/www.facebook.com\/acidadeonribeirao\" target=\"_blank\" rel=\"noreferrer noopener\">Facebook<\/a>.<\/p>\n<p>Receba not\u00edcias do acidade on no WhatsApp. Para entrar no grupo, basta\u00a0<a href=\"https:\/\/chat.whatsapp.com\/GFH9HUMUTHNFJdnyEd0xxq\" target=\"_blank\" rel=\"noreferrer noopener\">clicar aqui<\/a>.<\/p>\n<p>Fa\u00e7a uma den\u00fancia ou sugira uma reportagem sobre Ribeir\u00e3o Preto e regi\u00e3o pelo WhatsApp: 16 99117 7802.<\/p>\n<p>VEJA TAMB\u00c9M<\/p>\n<p>Davi e Beatriz voltam a brigar no BBB 24: \u201cVoc\u00ea tem que amadurecer\u201d<\/p>\n<p><!-- AI CONTENT END 1 -->\n<\/div>\n<\/div>\n<p><script async src=\"\/\/www.instagram.com\/embed.js\"><\/script><br \/>\n<br \/><br \/>\n<br \/><a href=\"https:\/\/www.acidadeon.com\/ribeiraopreto\/cotidiano\/pf-e-fab-confiscam-400-quilos-de-cocaina-em-aviao-clonado-no-interior-de-sp\/\">Source link <\/a><\/p>\n<div class='code-block code-block-4' style='margin: 8px auto 8px 0; text-align: left; display: block; clear: both;'>\n\ud83d\udce2 Aviso Legal\n\nO site ismaelcolosi.com.br atua apenas como um canal de divulga\u00e7\u00e3o de oportunidades de emprego e n\u00e3o se responsabiliza pelo processo seletivo, contrata\u00e7\u00e3o ou qualquer outra etapa relacionada \u00e0s vagas publicadas. Todas as informa\u00e7\u00f5es s\u00e3o de responsabilidade dos anunciantes.\n\n\u26a0\ufe0f Aten\u00e7\u00e3o! Nunca pague por promessas de emprego nem compre cursos que garantam contrata\u00e7\u00e3o. Desconfie de qualquer cobran\u00e7a para participar de sele\u00e7\u00f5es.\n\n\n\n<\/div>\n<!-- CONTENT END 1 -->\n","protected":false},"excerpt":{"rendered":"<p>A Pol\u00edcia Federal apreendeu nesta ter\u00e7a-feira (9) cerca de 400 quilos de coca\u00edna que estavam em uma aeronave interceptada no munic\u00edpio de Santa Cruz do&#8230;<\/p>\n","protected":false},"author":1,"featured_media":46159,"comment_status":"open","ping_status":"open","sticky":false,"template":"","format":"standard","meta":{"_uag_custom_page_level_css":"","advanced_seo_description":"","jetpack_seo_html_title":"","jetpack_seo_noindex":false,"jetpack_post_was_ever_published":false,"_jetpack_newsletter_access":"","_jetpack_dont_email_post_to_subs":false,"_jetpack_newsletter_tier_id":0,"_jetpack_memberships_contains_paywalled_content":false,"_jetpack_memberships_contains_paid_content":false,"footnotes":"","jetpack_publicize_message":"","jetpack_publicize_feature_enabled":true,"jetpack_social_post_already_shared":true,"jetpack_social_options":{"image_generator_settings":{"template":"highway","default_image_id":0,"font":"","enabled":false},"version":2}},"categories":[11],"tags":[],"class_list":["post-46158","post","type-post","status-publish","format-standard","has-post-thumbnail","hentry","category-noticias-de-ribeirao-preto-sp-e-regiao-ismael-colosi"],"jetpack_publicize_connections":[],"jetpack_featured_media_url":"https:\/\/i0.wp.com\/ismaelcolosi.com.br\/wp-content\/uploads\/2024\/04\/aviaointerceptado.png?fit=811%2C499&ssl=1","uagb_featured_image_src":{"full":["https:\/\/i0.wp.com\/ismaelcolosi.com.br\/wp-content\/uploads\/2024\/04\/aviaointerceptado.png?fit=811%2C499&ssl=1",811,499,false],"thumbnail":["https:\/\/i0.wp.com\/ismaelcolosi.com.br\/wp-content\/uploads\/2024\/04\/aviaointerceptado.png?resize=150%2C150&ssl=1",150,150,true],"medium":["https:\/\/i0.wp.com\/ismaelcolosi.com.br\/wp-content\/uploads\/2024\/04\/aviaointerceptado.png?fit=300%2C185&ssl=1",300,185,true],"medium_large":["https:\/\/i0.wp.com\/ismaelcolosi.com.br\/wp-content\/uploads\/2024\/04\/aviaointerceptado.png?fit=768%2C473&ssl=1",768,473,true],"large":["https:\/\/i0.wp.com\/ismaelcolosi.com.br\/wp-content\/uploads\/2024\/04\/aviaointerceptado.png?fit=811%2C499&ssl=1",811,499,true],"1536x1536":["https:\/\/i0.wp.com\/ismaelcolosi.com.br\/wp-content\/uploads\/2024\/04\/aviaointerceptado.png?fit=811%2C499&ssl=1",811,499,true],"2048x2048":["https:\/\/i0.wp.com\/ismaelcolosi.com.br\/wp-content\/uploads\/2024\/04\/aviaointerceptado.png?fit=811%2C499&ssl=1",811,499,true],"really-simple-thumb":["https:\/\/i0.wp.com\/ismaelcolosi.com.br\/wp-content\/uploads\/2024\/04\/aviaointerceptado.png?resize=370%2C247&ssl=1",370,247,true]},"uagb_author_info":{"display_name":"ismaelcolosi.com.br","author_link":"https:\/\/ismaelcolosi.com.br\/index.php\/author\/vidareal-online\/"},"uagb_comment_info":0,"uagb_excerpt":"A Pol\u00edcia Federal apreendeu nesta ter\u00e7a-feira (9) cerca de 400 quilos de coca\u00edna que estavam em uma aeronave interceptada no munic\u00edpio de Santa Cruz do...","jetpack-related-posts":[{"id":14686,"url":"https:\/\/ismaelcolosi.com.br\/index.php\/2023\/12\/12\/pf-apreende-carros-de-luxo-em-operacao-contra-traficantes-em-sp\/","url_meta":{"origin":46158,"position":0},"title":"PF apreende carros de luxo em opera\u00e7\u00e3o contra traficantes em SP","author":"ismaelcolosi.com.br","date":"12 de December de 2023","format":false,"excerpt":"Agentes da Pol\u00edcia Federal (PF) atuam em parceria com a Pol\u00edcia Civil de S\u00e3o Paulo para prender 26 suspeitos de envolvimento num esquema de trafico de drogas e lavagem de dinheiros. Na manh\u00e3 desta ter\u00e7a-feira (12), os agentes aprenderam carros de luxo e outros bens dos investigados.De acordo com a\u2026","rel":"","context":"In &quot;Not\u00edcias de Ribeir\u00e3o Preto-SP e Regi\u00e3o&quot;","block_context":{"text":"Not\u00edcias de Ribeir\u00e3o Preto-SP e Regi\u00e3o","link":"https:\/\/ismaelcolosi.com.br\/index.php\/category\/noticias-de-ribeirao-preto-sp-e-regiao-ismael-colosi\/"},"img":{"alt_text":"","src":"https:\/\/i0.wp.com\/ismaelcolosi.com.br\/wp-content\/uploads\/2023\/12\/WhatsApp-Image-2023-12-12-at-09.41.53-e1702389559778.jpeg?fit=901%2C509&ssl=1&resize=350%2C200","width":350,"height":200,"srcset":"https:\/\/i0.wp.com\/ismaelcolosi.com.br\/wp-content\/uploads\/2023\/12\/WhatsApp-Image-2023-12-12-at-09.41.53-e1702389559778.jpeg?fit=901%2C509&ssl=1&resize=350%2C200 1x, https:\/\/i0.wp.com\/ismaelcolosi.com.br\/wp-content\/uploads\/2023\/12\/WhatsApp-Image-2023-12-12-at-09.41.53-e1702389559778.jpeg?fit=901%2C509&ssl=1&resize=525%2C300 1.5x, https:\/\/i0.wp.com\/ismaelcolosi.com.br\/wp-content\/uploads\/2023\/12\/WhatsApp-Image-2023-12-12-at-09.41.53-e1702389559778.jpeg?fit=901%2C509&ssl=1&resize=700%2C400 2x"},"classes":[]},{"id":43972,"url":"https:\/\/ismaelcolosi.com.br\/index.php\/2024\/03\/25\/grupo-e-preso-transportando-cocaina-em-compartimento-de-caminhonete\/","url_meta":{"origin":46158,"position":1},"title":"Grupo \u00e9 preso transportando coca\u00edna em compartimento de caminhonete","author":"ismaelcolosi.com.br","date":"25 de March de 2024","format":false,"excerpt":"Fundo falso foi localizado com apoio de c\u00e3o de faro; um homem e tr\u00eas mulheres foram presos e encaminhados \u00e0 PF 25 de mar\u00e7o de 2024 | 7:1124 de mar\u00e7o de 2024 | 20:07 1 Por: Adalberto Luque Um grupo de quatro pessoas foi preso neste domingo (24) por tr\u00e1fico\u2026","rel":"","context":"In &quot;Not\u00edcias de Ribeir\u00e3o Preto-SP e Regi\u00e3o&quot;","block_context":{"text":"Not\u00edcias de Ribeir\u00e3o Preto-SP e Regi\u00e3o","link":"https:\/\/ismaelcolosi.com.br\/index.php\/category\/noticias-de-ribeirao-preto-sp-e-regiao-ismael-colosi\/"},"img":{"alt_text":"","src":"https:\/\/i0.wp.com\/ismaelcolosi.com.br\/wp-content\/uploads\/2024\/03\/00-25-mar-2024-apreensao-maconha-01-foto-baep.jpg?fit=1200%2C822&ssl=1&resize=350%2C200","width":350,"height":200,"srcset":"https:\/\/i0.wp.com\/ismaelcolosi.com.br\/wp-content\/uploads\/2024\/03\/00-25-mar-2024-apreensao-maconha-01-foto-baep.jpg?fit=1200%2C822&ssl=1&resize=350%2C200 1x, https:\/\/i0.wp.com\/ismaelcolosi.com.br\/wp-content\/uploads\/2024\/03\/00-25-mar-2024-apreensao-maconha-01-foto-baep.jpg?fit=1200%2C822&ssl=1&resize=525%2C300 1.5x, https:\/\/i0.wp.com\/ismaelcolosi.com.br\/wp-content\/uploads\/2024\/03\/00-25-mar-2024-apreensao-maconha-01-foto-baep.jpg?fit=1200%2C822&ssl=1&resize=700%2C400 2x, https:\/\/i0.wp.com\/ismaelcolosi.com.br\/wp-content\/uploads\/2024\/03\/00-25-mar-2024-apreensao-maconha-01-foto-baep.jpg?fit=1200%2C822&ssl=1&resize=1050%2C600 3x"},"classes":[]},{"id":8630,"url":"https:\/\/ismaelcolosi.com.br\/index.php\/2023\/11\/30\/laboratorio-no-ipiranga-e-carros-de-luxo-entenda-a-operacao-da-pf-em-ribeirao\/","url_meta":{"origin":46158,"position":2},"title":"Laborat\u00f3rio no Ipiranga e carros de luxo: Entenda a opera\u00e7\u00e3o da PF em Ribeir\u00e3o","author":"ismaelcolosi.com.br","date":"30 de November de 2023","format":false,"excerpt":"A PF (Pol\u00edcia Federal) informou que um esquema de venda de carros de luxos e motos esportivas financiava a compra e o desvio de cafe\u00edna para produ\u00e7\u00e3o e prepara\u00e7\u00e3o de coca\u00edna em Ribeir\u00e3o Preto. Em opera\u00e7\u00e3o realizada nesta quinta-feira (30), os agentes da PF e do Gaeco (Grupo de Atua\u00e7\u00e3o\u2026","rel":"","context":"In &quot;Not\u00edcias de Ribeir\u00e3o Preto-SP e Regi\u00e3o&quot;","block_context":{"text":"Not\u00edcias de Ribeir\u00e3o Preto-SP e Regi\u00e3o","link":"https:\/\/ismaelcolosi.com.br\/index.php\/category\/noticias-de-ribeirao-preto-sp-e-regiao-ismael-colosi\/"},"img":{"alt_text":"","src":"https:\/\/i0.wp.com\/ismaelcolosi.com.br\/wp-content\/uploads\/2023\/11\/bmw-operaocao.jpg?fit=1200%2C606&ssl=1&resize=350%2C200","width":350,"height":200,"srcset":"https:\/\/i0.wp.com\/ismaelcolosi.com.br\/wp-content\/uploads\/2023\/11\/bmw-operaocao.jpg?fit=1200%2C606&ssl=1&resize=350%2C200 1x, https:\/\/i0.wp.com\/ismaelcolosi.com.br\/wp-content\/uploads\/2023\/11\/bmw-operaocao.jpg?fit=1200%2C606&ssl=1&resize=525%2C300 1.5x, https:\/\/i0.wp.com\/ismaelcolosi.com.br\/wp-content\/uploads\/2023\/11\/bmw-operaocao.jpg?fit=1200%2C606&ssl=1&resize=700%2C400 2x, https:\/\/i0.wp.com\/ismaelcolosi.com.br\/wp-content\/uploads\/2023\/11\/bmw-operaocao.jpg?fit=1200%2C606&ssl=1&resize=1050%2C600 3x"},"classes":[]},{"id":57018,"url":"https:\/\/ismaelcolosi.com.br\/index.php\/2024\/07\/17\/policia-federal-de-ribeirao-preto-incinera-6-toneladas-de-drogas-apreendidas-em-operacoes\/","url_meta":{"origin":46158,"position":3},"title":"Pol\u00edcia Federal de Ribeir\u00e3o Preto incinera 6 toneladas de drogas apreendidas em opera\u00e7\u00f5es","author":"ismaelcolosi.com.br","date":"17 de July de 2024","format":false,"excerpt":"A PF (Pol\u00edcia Federal) de Ribeir\u00e3o Preto incinerou 6.270 quilos de drogas apreendidas em opera\u00e7\u00f5es no primeiro semestre deste ano. O entorpecente foi levado nesta ter\u00e7a-feira (16) at\u00e9 o forno de uma usina, cujo endere\u00e7o n\u00e3o foi informado por quest\u00f5es de seguran\u00e7a. Segundo a pol\u00edcia, 5.400 quilos s\u00e3o resultado de\u2026","rel":"","context":"In &quot;Not\u00edcias de Ribeir\u00e3o Preto-SP e Regi\u00e3o&quot;","block_context":{"text":"Not\u00edcias de Ribeir\u00e3o Preto-SP e Regi\u00e3o","link":"https:\/\/ismaelcolosi.com.br\/index.php\/category\/noticias-de-ribeirao-preto-sp-e-regiao-ismael-colosi\/"},"img":{"alt_text":"","src":"https:\/\/i0.wp.com\/ismaelcolosi.com.br\/wp-content\/uploads\/2024\/07\/INCINERA_2024-07-17_13-44-41_jpg_2024-07-17_13-44-42.webp.webp?fit=1200%2C808&ssl=1&resize=350%2C200","width":350,"height":200,"srcset":"https:\/\/i0.wp.com\/ismaelcolosi.com.br\/wp-content\/uploads\/2024\/07\/INCINERA_2024-07-17_13-44-41_jpg_2024-07-17_13-44-42.webp.webp?fit=1200%2C808&ssl=1&resize=350%2C200 1x, https:\/\/i0.wp.com\/ismaelcolosi.com.br\/wp-content\/uploads\/2024\/07\/INCINERA_2024-07-17_13-44-41_jpg_2024-07-17_13-44-42.webp.webp?fit=1200%2C808&ssl=1&resize=525%2C300 1.5x, https:\/\/i0.wp.com\/ismaelcolosi.com.br\/wp-content\/uploads\/2024\/07\/INCINERA_2024-07-17_13-44-41_jpg_2024-07-17_13-44-42.webp.webp?fit=1200%2C808&ssl=1&resize=700%2C400 2x, https:\/\/i0.wp.com\/ismaelcolosi.com.br\/wp-content\/uploads\/2024\/07\/INCINERA_2024-07-17_13-44-41_jpg_2024-07-17_13-44-42.webp.webp?fit=1200%2C808&ssl=1&resize=1050%2C600 3x"},"classes":[]},{"id":72988,"url":"https:\/\/ismaelcolosi.com.br\/index.php\/2024\/10\/24\/cinco-pessoas-morrem-em-queda-de-aviao-no-interior-de-sp\/","url_meta":{"origin":46158,"position":4},"title":"Cinco pessoas morrem em queda de avi\u00e3o no interior de SP","author":"ismaelcolosi.com.br","date":"24 de October de 2024","format":false,"excerpt":"Cinco pessoas morreram na queda de um avi\u00e3o de pequeno porte na noite da \u00faltima quarta-feira (23), em Paraibuna, no interior de S\u00e3o Paulo. Segundo o Corpo de Bombeiros, a aeronave sobrevoava a regi\u00e3o em um per\u00edodo de forte tempestade e teria se chocado contra um morro e pegado fogo\u2026","rel":"","context":"In &quot;Not\u00edcias de Ribeir\u00e3o Preto-SP e Regi\u00e3o&quot;","block_context":{"text":"Not\u00edcias de Ribeir\u00e3o Preto-SP e Regi\u00e3o","link":"https:\/\/ismaelcolosi.com.br\/index.php\/category\/noticias-de-ribeirao-preto-sp-e-regiao-ismael-colosi\/"},"img":{"alt_text":"","src":"https:\/\/i0.wp.com\/ismaelcolosi.com.br\/wp-content\/uploads\/2024\/10\/represa-paraibuna.jpeg?fit=1200%2C539&ssl=1&resize=350%2C200","width":350,"height":200,"srcset":"https:\/\/i0.wp.com\/ismaelcolosi.com.br\/wp-content\/uploads\/2024\/10\/represa-paraibuna.jpeg?fit=1200%2C539&ssl=1&resize=350%2C200 1x, https:\/\/i0.wp.com\/ismaelcolosi.com.br\/wp-content\/uploads\/2024\/10\/represa-paraibuna.jpeg?fit=1200%2C539&ssl=1&resize=525%2C300 1.5x, https:\/\/i0.wp.com\/ismaelcolosi.com.br\/wp-content\/uploads\/2024\/10\/represa-paraibuna.jpeg?fit=1200%2C539&ssl=1&resize=700%2C400 2x, https:\/\/i0.wp.com\/ismaelcolosi.com.br\/wp-content\/uploads\/2024\/10\/represa-paraibuna.jpeg?fit=1200%2C539&ssl=1&resize=1050%2C600 3x"},"classes":[]},{"id":54376,"url":"https:\/\/ismaelcolosi.com.br\/index.php\/2024\/06\/24\/operacao-churrascada-advogado-que-atuou-na-regiao-de-ribeirao-e-procurado-pela-policia\/","url_meta":{"origin":46158,"position":5},"title":"Opera\u00e7\u00e3o Churrascada: Advogado que atuou na regi\u00e3o de Ribeir\u00e3o \u00e9 procurado pela pol\u00edcia","author":"ismaelcolosi.com.br","date":"24 de June de 2024","format":false,"excerpt":"Mais um advogado que atuou em Santa Rosa de Viterbo, na regi\u00e3o de Ribeir\u00e3o Preto, est\u00e1 sendo alvo da Justi\u00e7a. Desta vez, \u00e9 Wellington Pires da Silva, que est\u00e1 sendo procurado pela Pol\u00edcia Federal, ap\u00f3s a Opera\u00e7\u00e3o \u201cChurrascada\u201d, desencadeada na \u00faltima semana. Segundo informa\u00e7\u00f5es apuradas pela EPTV, Wellington \u00e9 bacharel\u2026","rel":"","context":"In &quot;Not\u00edcias de Ribeir\u00e3o Preto-SP e Regi\u00e3o&quot;","block_context":{"text":"Not\u00edcias de Ribeir\u00e3o Preto-SP e Regi\u00e3o","link":"https:\/\/ismaelcolosi.com.br\/index.php\/category\/noticias-de-ribeirao-preto-sp-e-regiao-ismael-colosi\/"},"img":{"alt_text":"","src":"https:\/\/i0.wp.com\/ismaelcolosi.com.br\/wp-content\/uploads\/2024\/06\/Copia-de-Copia-de-TAMANHO-EXATO-PARA-FOTOS-NO-SISTEMA-NOVO-12_2024-06-24_23-33-43_jpg_2024-06-24_23-33-43.webp.webp?fit=1200%2C675&ssl=1&resize=350%2C200","width":350,"height":200,"srcset":"https:\/\/i0.wp.com\/ismaelcolosi.com.br\/wp-content\/uploads\/2024\/06\/Copia-de-Copia-de-TAMANHO-EXATO-PARA-FOTOS-NO-SISTEMA-NOVO-12_2024-06-24_23-33-43_jpg_2024-06-24_23-33-43.webp.webp?fit=1200%2C675&ssl=1&resize=350%2C200 1x, https:\/\/i0.wp.com\/ismaelcolosi.com.br\/wp-content\/uploads\/2024\/06\/Copia-de-Copia-de-TAMANHO-EXATO-PARA-FOTOS-NO-SISTEMA-NOVO-12_2024-06-24_23-33-43_jpg_2024-06-24_23-33-43.webp.webp?fit=1200%2C675&ssl=1&resize=525%2C300 1.5x, https:\/\/i0.wp.com\/ismaelcolosi.com.br\/wp-content\/uploads\/2024\/06\/Copia-de-Copia-de-TAMANHO-EXATO-PARA-FOTOS-NO-SISTEMA-NOVO-12_2024-06-24_23-33-43_jpg_2024-06-24_23-33-43.webp.webp?fit=1200%2C675&ssl=1&resize=700%2C400 2x, https:\/\/i0.wp.com\/ismaelcolosi.com.br\/wp-content\/uploads\/2024\/06\/Copia-de-Copia-de-TAMANHO-EXATO-PARA-FOTOS-NO-SISTEMA-NOVO-12_2024-06-24_23-33-43_jpg_2024-06-24_23-33-43.webp.webp?fit=1200%2C675&ssl=1&resize=1050%2C600 3x"},"classes":[]}],"jetpack_sharing_enabled":true,"jetpack_shortlink":"https:\/\/wp.me\/pfMlyK-c0u","_links":{"self":[{"href":"https:\/\/ismaelcolosi.com.br\/index.php\/wp-json\/wp\/v2\/posts\/46158","targetHints":{"allow":["GET"]}}],"collection":[{"href":"https:\/\/ismaelcolosi.com.br\/index.php\/wp-json\/wp\/v2\/posts"}],"about":[{"href":"https:\/\/ismaelcolosi.com.br\/index.php\/wp-json\/wp\/v2\/types\/post"}],"author":[{"embeddable":true,"href":"https:\/\/ismaelcolosi.com.br\/index.php\/wp-json\/wp\/v2\/users\/1"}],"replies":[{"embeddable":true,"href":"https:\/\/ismaelcolosi.com.br\/index.php\/wp-json\/wp\/v2\/comments?post=46158"}],"version-history":[{"count":0,"href":"https:\/\/ismaelcolosi.com.br\/index.php\/wp-json\/wp\/v2\/posts\/46158\/revisions"}],"wp:featuredmedia":[{"embeddable":true,"href":"https:\/\/ismaelcolosi.com.br\/index.php\/wp-json\/wp\/v2\/media\/46159"}],"wp:attachment":[{"href":"https:\/\/ismaelcolosi.com.br\/index.php\/wp-json\/wp\/v2\/media?parent=46158"}],"wp:term":[{"taxonomy":"category","embeddable":true,"href":"https:\/\/ismaelcolosi.com.br\/index.php\/wp-json\/wp\/v2\/categories?post=46158"},{"taxonomy":"post_tag","embeddable":true,"href":"https:\/\/ismaelcolosi.com.br\/index.php\/wp-json\/wp\/v2\/tags?post=46158"}],"curies":[{"name":"wp","href":"https:\/\/api.w.org\/{rel}","templated":true}]}}