{"id":46143,"date":"2024-04-09T19:17:11","date_gmt":"2024-04-09T22:17:11","guid":{"rendered":"https:\/\/ismaelcolosi.com.br\/index.php\/2024\/04\/09\/fornecimento-de-agua-e-interrompido-no-centro-de-ribeirao-preto-saiba-o-motivo\/"},"modified":"2024-04-09T19:17:11","modified_gmt":"2024-04-09T22:17:11","slug":"fornecimento-de-agua-e-interrompido-no-centro-de-ribeirao-preto-saiba-o-motivo","status":"publish","type":"post","link":"https:\/\/ismaelcolosi.com.br\/index.php\/2024\/04\/09\/fornecimento-de-agua-e-interrompido-no-centro-de-ribeirao-preto-saiba-o-motivo\/","title":{"rendered":"Fornecimento de \u00e1gua \u00e9 interrompido no Centro de Ribeir\u00e3o Preto; Saiba o motivo"},"content":{"rendered":"<p> <br \/>\n<\/p>\n<div data-td-block-uid=\"tdi_101\">\n<div class=\"tdb-block-inner td-fix-index\">\n<p>A <strong>Prefeitura de Ribeir\u00e3o Preto<\/strong> informou, no come\u00e7o da noite desta ter\u00e7a-feira (9), que um <strong><mark style=\"background-color:#fcb900\" class=\"has-inline-color\">vazamento interrompeu o fornecimento de \u00e1gua no Centro da cidade.<\/mark><\/strong><\/p>\n<p>O <strong>vazamento <\/strong>aconteceu em um trecho da rua Visconde de Inha\u00fama, pr\u00f3ximo a rua General Os\u00f3rio, que foi interditada para andamento das <strong>obras do corredor de \u00f4nibus do quadril\u00e1tero Central<\/strong>, nesta segunda-feira (8).<\/p>\n<p>Segundo a Administra\u00e7\u00e3o, uma escavadeira da<strong> DGB Engenharia<\/strong> rompeu aproximadamente <strong>um metro de uma adutora de cinco polegadas<\/strong>. \u201cDevido o incidente, ser\u00e1 necess\u00e1rio desligar todo o sistema de abastecimento da regi\u00e3o central\u201d, informou a nota.<\/p>\n<p>At\u00e9 o momento <strong>n\u00e3o h\u00e1 previs\u00e3o para reestabelecimento do servi\u00e7o<\/strong>. A <strong>Prefeitura <\/strong>estima que os moradores da \u00e1rea afetada fiquem <strong>sem \u00e1gua<\/strong> pelo menos at\u00e9 <strong>quarta-feira (10)<\/strong>.<\/p>\n<figure class=\"wp-block-pullquote\">\n<blockquote>\n<p>Nossos t\u00e9cnicos est\u00e3o trabalhando no local para avaliar os danos e providenciar as pe\u00e7as necess\u00e1rias para os reparos. Pedimos a compreens\u00e3o e refor\u00e7amos o compromisso em resolver a situa\u00e7\u00e3o o mais r\u00e1pido poss\u00edvel<\/p>\n<p><cite>Prefeitura de Ribeir\u00e3o Preto<\/cite><\/p><\/blockquote>\n<\/figure>\n<hr class=\"wp-block-separator has-alpha-channel-opacity\"\/>\n<p>SAIBA MAIS<\/p>\n<p>Justi\u00e7a aceita den\u00fancia contra acusados pela morte de engenheiro em Ribeir\u00e3o Preto<\/p>\n<h4 class=\"wp-block-heading\"><strong><mark style=\"background-color:#fcb900\" class=\"has-inline-color\">FIQUE ON<\/mark><\/strong><\/h4>\n<p>Fique ligado em tudo que acontece em Ribeir\u00e3o Preto e regi\u00e3o. Siga os perfis do\u00a0<strong>acidade on<\/strong>\u00a0no\u00a0<a href=\"https:\/\/www.instagram.com\/acidadeonribeirao\" target=\"_blank\" rel=\"noreferrer noopener\">Instagram<\/a>\u00a0e no\u00a0<a href=\"https:\/\/www.facebook.com\/acidadeonribeirao\" target=\"_blank\" rel=\"noreferrer noopener\">Facebook<\/a>.<\/p>\n<p>Receba not\u00edcias do\u00a0<strong>acidade on<\/strong>\u00a0no WhatsApp.\u00a0<a href=\"https:\/\/chat.whatsapp.com\/GFH9HUMUTHNFJdnyEd0xxq\" target=\"_blank\" rel=\"noreferrer noopener\">Para entrar no grupo, basta clicar aqui.<\/a><\/p>\n<p>Fa\u00e7a uma den\u00fancia ou sugira uma reportagem sobre Ribeir\u00e3o Preto e regi\u00e3o pelo WhatsApp: 16 99117 7802.<\/p>\n<p>VEJA TAMB\u00c9M<\/p>\n<p>Instagram de Camila Moura, ex-esposa de Lucas Buda \u00e9 hackeado<\/p>\n<p><!-- AI CONTENT END 1 -->\n<\/div>\n<\/div>\n<p><script async src=\"\/\/www.instagram.com\/embed.js\"><\/script><br \/>\n<br \/><br \/>\n<br \/><a href=\"https:\/\/www.acidadeon.com\/ribeiraopreto\/cotidiano\/fornecimento-de-agua-e-interrompido-no-centro-de-ribeirao-preto-saiba-o-motivo\/\">Source link <\/a><\/p>\n<div class='code-block code-block-4' style='margin: 8px auto 8px 0; text-align: left; display: block; clear: both;'>\n\ud83d\udce2 Aviso Legal\n\nO site ismaelcolosi.com.br atua apenas como um canal de divulga\u00e7\u00e3o de oportunidades de emprego e n\u00e3o se responsabiliza pelo processo seletivo, contrata\u00e7\u00e3o ou qualquer outra etapa relacionada \u00e0s vagas publicadas. Todas as informa\u00e7\u00f5es s\u00e3o de responsabilidade dos anunciantes.\n\n\u26a0\ufe0f Aten\u00e7\u00e3o! Nunca pague por promessas de emprego nem compre cursos que garantam contrata\u00e7\u00e3o. Desconfie de qualquer cobran\u00e7a para participar de sele\u00e7\u00f5es.\n\n\n\n<\/div>\n<!-- CONTENT END 1 -->\n","protected":false},"excerpt":{"rendered":"<p>A Prefeitura de Ribeir\u00e3o Preto informou, no come\u00e7o da noite desta ter\u00e7a-feira (9), que um vazamento interrompeu o fornecimento de \u00e1gua no Centro da cidade&#8230;.<\/p>\n","protected":false},"author":1,"featured_media":46144,"comment_status":"open","ping_status":"open","sticky":false,"template":"","format":"standard","meta":{"_uag_custom_page_level_css":"","advanced_seo_description":"","jetpack_seo_html_title":"","jetpack_seo_noindex":false,"jetpack_post_was_ever_published":false,"_jetpack_newsletter_access":"","_jetpack_dont_email_post_to_subs":false,"_jetpack_newsletter_tier_id":0,"_jetpack_memberships_contains_paywalled_content":false,"_jetpack_memberships_contains_paid_content":false,"footnotes":"","jetpack_publicize_message":"","jetpack_publicize_feature_enabled":true,"jetpack_social_post_already_shared":true,"jetpack_social_options":{"image_generator_settings":{"template":"highway","default_image_id":0,"font":"","enabled":false},"version":2}},"categories":[11],"tags":[],"class_list":["post-46143","post","type-post","status-publish","format-standard","has-post-thumbnail","hentry","category-noticias-de-ribeirao-preto-sp-e-regiao-ismael-colosi"],"jetpack_publicize_connections":[],"jetpack_featured_media_url":"https:\/\/i0.wp.com\/ismaelcolosi.com.br\/wp-content\/uploads\/2024\/04\/torneira_falta_1024x576_08122020103250.jpg?fit=1024%2C576&ssl=1","uagb_featured_image_src":{"full":["https:\/\/i0.wp.com\/ismaelcolosi.com.br\/wp-content\/uploads\/2024\/04\/torneira_falta_1024x576_08122020103250.jpg?fit=1024%2C576&ssl=1",1024,576,false],"thumbnail":["https:\/\/i0.wp.com\/ismaelcolosi.com.br\/wp-content\/uploads\/2024\/04\/torneira_falta_1024x576_08122020103250.jpg?resize=150%2C150&ssl=1",150,150,true],"medium":["https:\/\/i0.wp.com\/ismaelcolosi.com.br\/wp-content\/uploads\/2024\/04\/torneira_falta_1024x576_08122020103250.jpg?fit=300%2C169&ssl=1",300,169,true],"medium_large":["https:\/\/i0.wp.com\/ismaelcolosi.com.br\/wp-content\/uploads\/2024\/04\/torneira_falta_1024x576_08122020103250.jpg?fit=768%2C432&ssl=1",768,432,true],"large":["https:\/\/i0.wp.com\/ismaelcolosi.com.br\/wp-content\/uploads\/2024\/04\/torneira_falta_1024x576_08122020103250.jpg?fit=1024%2C576&ssl=1",1024,576,true],"1536x1536":["https:\/\/i0.wp.com\/ismaelcolosi.com.br\/wp-content\/uploads\/2024\/04\/torneira_falta_1024x576_08122020103250.jpg?fit=1024%2C576&ssl=1",1024,576,true],"2048x2048":["https:\/\/i0.wp.com\/ismaelcolosi.com.br\/wp-content\/uploads\/2024\/04\/torneira_falta_1024x576_08122020103250.jpg?fit=1024%2C576&ssl=1",1024,576,true],"really-simple-thumb":["https:\/\/i0.wp.com\/ismaelcolosi.com.br\/wp-content\/uploads\/2024\/04\/torneira_falta_1024x576_08122020103250.jpg?resize=370%2C247&ssl=1",370,247,true]},"uagb_author_info":{"display_name":"ismaelcolosi.com.br","author_link":"https:\/\/ismaelcolosi.com.br\/index.php\/author\/vidareal-online\/"},"uagb_comment_info":0,"uagb_excerpt":"A Prefeitura de Ribeir\u00e3o Preto informou, no come\u00e7o da noite desta ter\u00e7a-feira (9), que um vazamento interrompeu o fornecimento de \u00e1gua no Centro da cidade....","jetpack-related-posts":[{"id":46187,"url":"https:\/\/ismaelcolosi.com.br\/index.php\/2024\/04\/10\/abastecimento-de-agua-no-centro-de-ribeirao-deve-ser-retomado-a-noite\/","url_meta":{"origin":46143,"position":0},"title":"Abastecimento de \u00e1gua no Centro de Ribeir\u00e3o deve ser retomado \u00e0 noite","author":"ismaelcolosi.com.br","date":"10 de April de 2024","format":false,"excerpt":"A Saerp (Secretaria de \u00c1gua e Esgoto de Ribeir\u00e3o Preto) informou que o abastecimento de \u00e1gua no Centro de Ribeir\u00e3o Preto deve ser normalizado apenas na noite desta quarta-feira (10). A regi\u00e3o teve o fornecimento prejudicado por conta de um vazamento. A secretaria informou que o vazamento acontece por conta\u2026","rel":"","context":"In &quot;Not\u00edcias de Ribeir\u00e3o Preto-SP e Regi\u00e3o&quot;","block_context":{"text":"Not\u00edcias de Ribeir\u00e3o Preto-SP e Regi\u00e3o","link":"https:\/\/ismaelcolosi.com.br\/index.php\/category\/noticias-de-ribeirao-preto-sp-e-regiao-ismael-colosi\/"},"img":{"alt_text":"","src":"https:\/\/i0.wp.com\/ismaelcolosi.com.br\/wp-content\/uploads\/2024\/04\/AnyConv.com__vazamento-agua-centro.webp.webp?fit=1200%2C675&ssl=1&resize=350%2C200","width":350,"height":200,"srcset":"https:\/\/i0.wp.com\/ismaelcolosi.com.br\/wp-content\/uploads\/2024\/04\/AnyConv.com__vazamento-agua-centro.webp.webp?fit=1200%2C675&ssl=1&resize=350%2C200 1x, https:\/\/i0.wp.com\/ismaelcolosi.com.br\/wp-content\/uploads\/2024\/04\/AnyConv.com__vazamento-agua-centro.webp.webp?fit=1200%2C675&ssl=1&resize=525%2C300 1.5x, https:\/\/i0.wp.com\/ismaelcolosi.com.br\/wp-content\/uploads\/2024\/04\/AnyConv.com__vazamento-agua-centro.webp.webp?fit=1200%2C675&ssl=1&resize=700%2C400 2x, https:\/\/i0.wp.com\/ismaelcolosi.com.br\/wp-content\/uploads\/2024\/04\/AnyConv.com__vazamento-agua-centro.webp.webp?fit=1200%2C675&ssl=1&resize=1050%2C600 3x"},"classes":[]},{"id":4040,"url":"https:\/\/ismaelcolosi.com.br\/index.php\/2023\/11\/20\/prefeitura-de-ribeirao-realiza-reparo-emergencial-no-centro-entenda\/","url_meta":{"origin":46143,"position":1},"title":"Prefeitura de Ribeir\u00e3o realiza reparo emergencial no Centro; Entenda","author":"ismaelcolosi.com.br","date":"20 de November de 2023","format":false,"excerpt":"Quem passou pelo cruzamento das ruas Campos Salles e Visconde de Inha\u00fama, no Centro de Ribeir\u00e3o Preto, no final da manh\u00e3 desta segunda-feira (20), ficou assustado com um suposto vazamento de \u00e1gua no local. A cena chamou a aten\u00e7\u00e3o dos moradores, uma vez que a Saerp (Secret\u00e1ria de \u00c1gua e\u2026","rel":"","context":"In &quot;Not\u00edcias de Ribeir\u00e3o Preto-SP e Regi\u00e3o&quot;","block_context":{"text":"Not\u00edcias de Ribeir\u00e3o Preto-SP e Regi\u00e3o","link":"https:\/\/ismaelcolosi.com.br\/index.php\/category\/noticias-de-ribeirao-preto-sp-e-regiao-ismael-colosi\/"},"img":{"alt_text":"","src":"https:\/\/i0.wp.com\/ismaelcolosi.com.br\/wp-content\/uploads\/2023\/11\/Design-sem-nome-8.png?fit=652%2C340&ssl=1&resize=350%2C200","width":350,"height":200,"srcset":"https:\/\/i0.wp.com\/ismaelcolosi.com.br\/wp-content\/uploads\/2023\/11\/Design-sem-nome-8.png?fit=652%2C340&ssl=1&resize=350%2C200 1x, https:\/\/i0.wp.com\/ismaelcolosi.com.br\/wp-content\/uploads\/2023\/11\/Design-sem-nome-8.png?fit=652%2C340&ssl=1&resize=525%2C300 1.5x"},"classes":[]},{"id":9612,"url":"https:\/\/ismaelcolosi.com.br\/index.php\/2023\/12\/02\/obra-no-centro-de-ribeirao-causa-vazamento-de-agua-limpa-veja-o-video\/","url_meta":{"origin":46143,"position":2},"title":"Obra no Centro de Ribeir\u00e3o causa vazamento de \u00e1gua limpa; Veja o v\u00eddeo","author":"ismaelcolosi.com.br","date":"2 de December de 2023","format":false,"excerpt":"O rompimento de uma tubula\u00e7\u00e3o da rede de \u00e1gua em frente \u00e0 pra\u00e7a 7 de Setembro, entre as ruas Lafaiete e Marechal Deodoro, no Centro de Ribeir\u00e3o Preto, chamou a aten\u00e7\u00e3o dos moradores da cidade neste s\u00e1bado (2). O local foi interditado pela Prefeitura de Ribeir\u00e3o, na \u00faltima sexta-feira (1\u00ba),\u2026","rel":"","context":"In &quot;Not\u00edcias de Ribeir\u00e3o Preto-SP e Regi\u00e3o&quot;","block_context":{"text":"Not\u00edcias de Ribeir\u00e3o Preto-SP e Regi\u00e3o","link":"https:\/\/ismaelcolosi.com.br\/index.php\/category\/noticias-de-ribeirao-preto-sp-e-regiao-ismael-colosi\/"},"img":{"alt_text":"","src":"https:\/\/i0.wp.com\/ismaelcolosi.com.br\/wp-content\/uploads\/2023\/12\/WhatsApp-Image-2023-12-02-at-11.11.02.jpeg?fit=1200%2C900&ssl=1&resize=350%2C200","width":350,"height":200,"srcset":"https:\/\/i0.wp.com\/ismaelcolosi.com.br\/wp-content\/uploads\/2023\/12\/WhatsApp-Image-2023-12-02-at-11.11.02.jpeg?fit=1200%2C900&ssl=1&resize=350%2C200 1x, https:\/\/i0.wp.com\/ismaelcolosi.com.br\/wp-content\/uploads\/2023\/12\/WhatsApp-Image-2023-12-02-at-11.11.02.jpeg?fit=1200%2C900&ssl=1&resize=525%2C300 1.5x, https:\/\/i0.wp.com\/ismaelcolosi.com.br\/wp-content\/uploads\/2023\/12\/WhatsApp-Image-2023-12-02-at-11.11.02.jpeg?fit=1200%2C900&ssl=1&resize=700%2C400 2x, https:\/\/i0.wp.com\/ismaelcolosi.com.br\/wp-content\/uploads\/2023\/12\/WhatsApp-Image-2023-12-02-at-11.11.02.jpeg?fit=1200%2C900&ssl=1&resize=1050%2C600 3x"},"classes":[]},{"id":54154,"url":"https:\/\/ismaelcolosi.com.br\/index.php\/2024\/06\/21\/moradores-registram-grande-volume-de-agua-em-rua-da-zona-sul-de-ribeirao-entenda\/","url_meta":{"origin":46143,"position":3},"title":"Moradores registram grande volume de \u00e1gua em rua da zona Sul de Ribeir\u00e3o; Entenda","author":"ismaelcolosi.com.br","date":"21 de June de 2024","format":false,"excerpt":"Um suposto vazamento de \u00e1gua chamou a aten\u00e7\u00e3o de quem passava pela rua Maestro Joaquim Rangel, no Alto da Boa Vista, zona Sul de Ribeir\u00e3o Preto, na tarde desta sexta-feira (21). Moradores da cidade procuraram o portal acidade on para relatar a falta d\u2019\u00e1gua na regi\u00e3o e mandaram registros da\u2026","rel":"","context":"In &quot;Not\u00edcias de Ribeir\u00e3o Preto-SP e Regi\u00e3o&quot;","block_context":{"text":"Not\u00edcias de Ribeir\u00e3o Preto-SP e Regi\u00e3o","link":"https:\/\/ismaelcolosi.com.br\/index.php\/category\/noticias-de-ribeirao-preto-sp-e-regiao-ismael-colosi\/"},"img":{"alt_text":"","src":"https:\/\/i0.wp.com\/ismaelcolosi.com.br\/wp-content\/uploads\/2024\/06\/Copia-de-Copia-de-TAMANHO-EXATO-PARA-FOTOS-NO-SISTEMA-NOVO-89_2024-06-21_22-24-52_png_2024-06-21_22-24-52.webp.webp?fit=1200%2C675&ssl=1&resize=350%2C200","width":350,"height":200,"srcset":"https:\/\/i0.wp.com\/ismaelcolosi.com.br\/wp-content\/uploads\/2024\/06\/Copia-de-Copia-de-TAMANHO-EXATO-PARA-FOTOS-NO-SISTEMA-NOVO-89_2024-06-21_22-24-52_png_2024-06-21_22-24-52.webp.webp?fit=1200%2C675&ssl=1&resize=350%2C200 1x, https:\/\/i0.wp.com\/ismaelcolosi.com.br\/wp-content\/uploads\/2024\/06\/Copia-de-Copia-de-TAMANHO-EXATO-PARA-FOTOS-NO-SISTEMA-NOVO-89_2024-06-21_22-24-52_png_2024-06-21_22-24-52.webp.webp?fit=1200%2C675&ssl=1&resize=525%2C300 1.5x, https:\/\/i0.wp.com\/ismaelcolosi.com.br\/wp-content\/uploads\/2024\/06\/Copia-de-Copia-de-TAMANHO-EXATO-PARA-FOTOS-NO-SISTEMA-NOVO-89_2024-06-21_22-24-52_png_2024-06-21_22-24-52.webp.webp?fit=1200%2C675&ssl=1&resize=700%2C400 2x, https:\/\/i0.wp.com\/ismaelcolosi.com.br\/wp-content\/uploads\/2024\/06\/Copia-de-Copia-de-TAMANHO-EXATO-PARA-FOTOS-NO-SISTEMA-NOVO-89_2024-06-21_22-24-52_png_2024-06-21_22-24-52.webp.webp?fit=1200%2C675&ssl=1&resize=1050%2C600 3x"},"classes":[]},{"id":48974,"url":"https:\/\/ismaelcolosi.com.br\/index.php\/2024\/05\/07\/vazamento-de-agua-limpa-forma-chafariz-na-zona-sul-de-ribeirao-preto-veja-video\/","url_meta":{"origin":46143,"position":4},"title":"Vazamento de \u00e1gua limpa forma &#8216;chafariz&#8217; na zona Sul de Ribeir\u00e3o Preto; Veja v\u00eddeo","author":"ismaelcolosi.com.br","date":"7 de May de 2024","format":false,"excerpt":"Um vazamento de \u00e1gua limpa chamou a aten\u00e7\u00e3o de quem passava pela avenida Braz Olaia Acosta, zona Sul de Ribeir\u00e3o Preto. Um morador da cidade chegou a registrar o \u2018chafariz\u2019, na tarde desta ter\u00e7a-feira (7) \u2013 assista abaixo. Nas imagens \u00e9 poss\u00edvel ver a \u00e1gua jorrando forte no local e\u2026","rel":"","context":"In &quot;Not\u00edcias de Ribeir\u00e3o Preto-SP e Regi\u00e3o&quot;","block_context":{"text":"Not\u00edcias de Ribeir\u00e3o Preto-SP e Regi\u00e3o","link":"https:\/\/ismaelcolosi.com.br\/index.php\/category\/noticias-de-ribeirao-preto-sp-e-regiao-ismael-colosi\/"},"img":{"alt_text":"","src":"https:\/\/i0.wp.com\/ismaelcolosi.com.br\/wp-content\/uploads\/2024\/05\/Copia-de-Copia-de-TAMANHO-EXATO-PARA-FOTOS-NO-SISTEMA-NOVO-29_2024-05-07_22-22-40_png_2024-05-07_22-22-40.webp.webp?fit=1200%2C675&ssl=1&resize=350%2C200","width":350,"height":200,"srcset":"https:\/\/i0.wp.com\/ismaelcolosi.com.br\/wp-content\/uploads\/2024\/05\/Copia-de-Copia-de-TAMANHO-EXATO-PARA-FOTOS-NO-SISTEMA-NOVO-29_2024-05-07_22-22-40_png_2024-05-07_22-22-40.webp.webp?fit=1200%2C675&ssl=1&resize=350%2C200 1x, https:\/\/i0.wp.com\/ismaelcolosi.com.br\/wp-content\/uploads\/2024\/05\/Copia-de-Copia-de-TAMANHO-EXATO-PARA-FOTOS-NO-SISTEMA-NOVO-29_2024-05-07_22-22-40_png_2024-05-07_22-22-40.webp.webp?fit=1200%2C675&ssl=1&resize=525%2C300 1.5x, https:\/\/i0.wp.com\/ismaelcolosi.com.br\/wp-content\/uploads\/2024\/05\/Copia-de-Copia-de-TAMANHO-EXATO-PARA-FOTOS-NO-SISTEMA-NOVO-29_2024-05-07_22-22-40_png_2024-05-07_22-22-40.webp.webp?fit=1200%2C675&ssl=1&resize=700%2C400 2x, https:\/\/i0.wp.com\/ismaelcolosi.com.br\/wp-content\/uploads\/2024\/05\/Copia-de-Copia-de-TAMANHO-EXATO-PARA-FOTOS-NO-SISTEMA-NOVO-29_2024-05-07_22-22-40_png_2024-05-07_22-22-40.webp.webp?fit=1200%2C675&ssl=1&resize=1050%2C600 3x"},"classes":[]},{"id":46349,"url":"https:\/\/ismaelcolosi.com.br\/index.php\/2024\/04\/11\/rompimento-de-cano-causa-grande-vazamento-de-agua-em-rua-na-zona-acnorte-de-ribeirao\/","url_meta":{"origin":46143,"position":5},"title":"Rompimento de cano causa grande vazamento de \u00e1gua em rua na zona acNorte de Ribeir\u00e3o","author":"ismaelcolosi.com.br","date":"11 de April de 2024","format":false,"excerpt":"O rompimento de um cano provoca um grande vazamento de \u00e1gua limpa na manh\u00e3 desta quinta-feira (11) pela rua Javari, na zona Norte de Ribeir\u00e3o Preto. Assista ao v\u00eddeo abaixo. A \u00e1gua est\u00e1 jorrando forte e forma uma enxurrada pela rua em dire\u00e7\u00e3o \u00e0 avenida Jo\u00e3o Goulart. Segundo as primeiras\u2026","rel":"","context":"In &quot;Not\u00edcias de Ribeir\u00e3o Preto-SP e Regi\u00e3o&quot;","block_context":{"text":"Not\u00edcias de Ribeir\u00e3o Preto-SP e Regi\u00e3o","link":"https:\/\/ismaelcolosi.com.br\/index.php\/category\/noticias-de-ribeirao-preto-sp-e-regiao-ismael-colosi\/"},"img":{"alt_text":"","src":"https:\/\/i0.wp.com\/ismaelcolosi.com.br\/wp-content\/uploads\/2024\/04\/WhatsApp-Image-2024-04-11-at-08.28.48-scaled.jpeg?fit=1200%2C900&ssl=1&resize=350%2C200","width":350,"height":200,"srcset":"https:\/\/i0.wp.com\/ismaelcolosi.com.br\/wp-content\/uploads\/2024\/04\/WhatsApp-Image-2024-04-11-at-08.28.48-scaled.jpeg?fit=1200%2C900&ssl=1&resize=350%2C200 1x, https:\/\/i0.wp.com\/ismaelcolosi.com.br\/wp-content\/uploads\/2024\/04\/WhatsApp-Image-2024-04-11-at-08.28.48-scaled.jpeg?fit=1200%2C900&ssl=1&resize=525%2C300 1.5x, https:\/\/i0.wp.com\/ismaelcolosi.com.br\/wp-content\/uploads\/2024\/04\/WhatsApp-Image-2024-04-11-at-08.28.48-scaled.jpeg?fit=1200%2C900&ssl=1&resize=700%2C400 2x, https:\/\/i0.wp.com\/ismaelcolosi.com.br\/wp-content\/uploads\/2024\/04\/WhatsApp-Image-2024-04-11-at-08.28.48-scaled.jpeg?fit=1200%2C900&ssl=1&resize=1050%2C600 3x"},"classes":[]}],"jetpack_sharing_enabled":true,"jetpack_shortlink":"https:\/\/wp.me\/pfMlyK-c0f","_links":{"self":[{"href":"https:\/\/ismaelcolosi.com.br\/index.php\/wp-json\/wp\/v2\/posts\/46143","targetHints":{"allow":["GET"]}}],"collection":[{"href":"https:\/\/ismaelcolosi.com.br\/index.php\/wp-json\/wp\/v2\/posts"}],"about":[{"href":"https:\/\/ismaelcolosi.com.br\/index.php\/wp-json\/wp\/v2\/types\/post"}],"author":[{"embeddable":true,"href":"https:\/\/ismaelcolosi.com.br\/index.php\/wp-json\/wp\/v2\/users\/1"}],"replies":[{"embeddable":true,"href":"https:\/\/ismaelcolosi.com.br\/index.php\/wp-json\/wp\/v2\/comments?post=46143"}],"version-history":[{"count":0,"href":"https:\/\/ismaelcolosi.com.br\/index.php\/wp-json\/wp\/v2\/posts\/46143\/revisions"}],"wp:featuredmedia":[{"embeddable":true,"href":"https:\/\/ismaelcolosi.com.br\/index.php\/wp-json\/wp\/v2\/media\/46144"}],"wp:attachment":[{"href":"https:\/\/ismaelcolosi.com.br\/index.php\/wp-json\/wp\/v2\/media?parent=46143"}],"wp:term":[{"taxonomy":"category","embeddable":true,"href":"https:\/\/ismaelcolosi.com.br\/index.php\/wp-json\/wp\/v2\/categories?post=46143"},{"taxonomy":"post_tag","embeddable":true,"href":"https:\/\/ismaelcolosi.com.br\/index.php\/wp-json\/wp\/v2\/tags?post=46143"}],"curies":[{"name":"wp","href":"https:\/\/api.w.org\/{rel}","templated":true}]}}