{"id":46137,"date":"2024-04-09T18:45:16","date_gmt":"2024-04-09T21:45:16","guid":{"rendered":"https:\/\/ismaelcolosi.com.br\/index.php\/2024\/04\/09\/drone-e-usado-em-buscas-por-idosa-desaparecida-ha-mais-de-40-dias-em-ribeirao\/"},"modified":"2024-04-09T18:45:16","modified_gmt":"2024-04-09T21:45:16","slug":"drone-e-usado-em-buscas-por-idosa-desaparecida-ha-mais-de-40-dias-em-ribeirao","status":"publish","type":"post","link":"https:\/\/ismaelcolosi.com.br\/index.php\/2024\/04\/09\/drone-e-usado-em-buscas-por-idosa-desaparecida-ha-mais-de-40-dias-em-ribeirao\/","title":{"rendered":"Drone \u00e9 usado em buscas por idosa desaparecida h\u00e1 mais de 40 dias em Ribeir\u00e3o"},"content":{"rendered":"<p> <br \/>\n<\/p>\n<div data-td-block-uid=\"tdi_101\">\n<div class=\"tdb-block-inner td-fix-index\">\n<p>A <span style=\"background-color:#f7cc62\" class=\"td_text_highlight_marker\"><mark style=\"background-color:rgba(0, 0, 0, 0)\" class=\"has-inline-color has-black-color\">Pol\u00edcia Civil de Ribeir\u00e3o Preto usou um drone para realizar buscas pela idosa de 79 anos com Alzheimer que est\u00e1 desaparecida h\u00e1 44 dias<\/mark><\/span>. A <strong>a\u00e7\u00e3o<\/strong> aconteceu na<strong> tarde desta ter\u00e7a-feira<\/strong> (9), no <strong>assentamento<\/strong> no bairro Jardim Pedra Branca, <strong>na zona Leste<\/strong> da cidade.<\/p>\n<p>Segundo a<strong> pol\u00edcia<\/strong>, uma <strong>equipe com quatro policiais civis<\/strong>, entre eles o <strong>delegado da DIG <\/strong>(Delegacia de Investiga\u00e7\u00f5es Gerais) Rodolfo Sebba <strong>estiveram no local<\/strong> onde Ana de Jesus Barbosa desapareceu para <strong>realizarem a\u00e7\u00f5es que possam ajudar nas investiga\u00e7\u00f5es<\/strong>, por\u00e9m, <strong>sem sucesso<\/strong>.<\/p>\n<p><em>\u201cO trabalho consistiu em nova consulta aos populares do bairro e, principalmente, no uso de um drone para alcance visual de extensa \u00e1rea de mata existente nas imedia\u00e7\u00f5es da casa da senhora desaparecida. Lamentavelmente, o trabalho n\u00e3o produziu resultado, muito em decorr\u00eancia da densidade da vegeta\u00e7\u00e3o existente na regi\u00e3o\u201d.<\/em><\/p>\n<figure class=\"wp-block-image size-large\"><img data-recalc-dims=\"1\" loading=\"lazy\" decoding=\"async\" width=\"1024\" height=\"576\" src=\"https:\/\/i0.wp.com\/www.acidadeon.com\/ribeiraopreto\/wp-content\/uploads\/sites\/3\/2024\/04\/Copia-de-Copia-de-TAMANHO-EXATO-PARA-FOTOS-NO-SISTEMA-NOVO-12-1024x576.jpg?resize=1024%2C576&#038;ssl=1\" alt=\"\" class=\"wp-image-77619\" srcset=\"https:\/\/www.acidadeon.com\/ribeiraopreto\/wp-content\/uploads\/sites\/3\/2024\/04\/Copia-de-Copia-de-TAMANHO-EXATO-PARA-FOTOS-NO-SISTEMA-NOVO-12-1024x576.jpg 1024w, https:\/\/www.acidadeon.com\/ribeiraopreto\/wp-content\/uploads\/sites\/3\/2024\/04\/Copia-de-Copia-de-TAMANHO-EXATO-PARA-FOTOS-NO-SISTEMA-NOVO-12-300x169.jpg 300w, https:\/\/www.acidadeon.com\/ribeiraopreto\/wp-content\/uploads\/sites\/3\/2024\/04\/Copia-de-Copia-de-TAMANHO-EXATO-PARA-FOTOS-NO-SISTEMA-NOVO-12-768x432.jpg 768w, https:\/\/www.acidadeon.com\/ribeiraopreto\/wp-content\/uploads\/sites\/3\/2024\/04\/Copia-de-Copia-de-TAMANHO-EXATO-PARA-FOTOS-NO-SISTEMA-NOVO-12-696x392.jpg 696w, https:\/\/www.acidadeon.com\/ribeiraopreto\/wp-content\/uploads\/sites\/3\/2024\/04\/Copia-de-Copia-de-TAMANHO-EXATO-PARA-FOTOS-NO-SISTEMA-NOVO-12-1068x601.jpg 1068w, https:\/\/www.acidadeon.com\/ribeiraopreto\/wp-content\/uploads\/sites\/3\/2024\/04\/Copia-de-Copia-de-TAMANHO-EXATO-PARA-FOTOS-NO-SISTEMA-NOVO-12.jpg 1200w\" sizes=\"auto, (max-width: 1024px) 100vw, 1024px\"\/><figcaption class=\"wp-element-caption\">Pol\u00edcia Civil usa drone em buscas por idosa desaparecida em Ribeir\u00e3o Preto \u2013 Foto: Divulga\u00e7\u00e3o <\/figcaption><\/figure>\n<h4 class=\"wp-block-heading\"><strong>Entenda sobre o desaparecimento <\/strong><\/h4>\n<p>Ana de Jesus Barbosa desapareceu no dia 26 de fevereiro. Com Alzheimer, a idosa foi vista pela \u00faltima vez no assentamento onde mora na zona Leste de Ribeir\u00e3o Preto.<\/p>\n<p>Logo ap\u00f3s o desaparecimento, familiares come\u00e7aram as buscas ao redor de onde moram e procuraram \u00e0 <strong>Pol\u00edcia Civil <\/strong>para <strong>registrar<\/strong> o <strong>boletim de ocorr\u00eancia<\/strong>.<\/p>\n<p>Dois dias ap\u00f3s o desaparecimento, <strong>equipes da Pol\u00edcia Militar com c\u00e3es farejadores<\/strong> tamb\u00e9m fizeram <strong>buscas<\/strong> pela regi\u00e3o <strong>sem sucesso<\/strong>.<\/p>\n<p><strong>Como ajudar?<\/strong><\/p>\n<p>Caso algu\u00e9m tenha informa\u00e7\u00f5es ou tenha visto a idosa a fam\u00edlia pede para entrar em contato pelos telefones <strong>(16) 99414-0013 ou 99183-7583<\/strong>.<\/p>\n<p>SAIBA MAIS <\/p>\n<p>Entenda a frente fria que deve atingir o estado de SP<\/p>\n<h4 class=\"wp-block-heading\"><strong><mark>FIQUE ON<\/mark><\/strong><\/h4>\n<p>Fique ligado em tudo que acontece em Ribeir\u00e3o Preto e regi\u00e3o. Siga os perfis do\u00a0<strong>acidade on\u00a0<\/strong>no\u00a0<a href=\"https:\/\/www.instagram.com\/acidadeonribeirao\" target=\"_blank\" rel=\"noreferrer noopener\">Instagram<\/a>\u00a0e no\u00a0<a href=\"https:\/\/www.facebook.com\/acidadeonribeirao\" target=\"_blank\" rel=\"noreferrer noopener\">Facebook<\/a>.<\/p>\n<p>Receba not\u00edcias do acidade on no WhatsApp. Para entrar no grupo, basta\u00a0<a href=\"https:\/\/chat.whatsapp.com\/GFH9HUMUTHNFJdnyEd0xxq\" target=\"_blank\" rel=\"noreferrer noopener\">clicar aqui<\/a>.<\/p>\n<p>Fa\u00e7a uma den\u00fancia ou sugira uma reportagem sobre Ribeir\u00e3o Preto e regi\u00e3o pelo WhatsApp: 16 99117 7802.<\/p>\n<p>VEJA TAMB\u00c9M<\/p>\n<p>Davi e Beatriz voltam a brigar no BBB 24: \u201cVoc\u00ea tem que amadurecer\u201d<\/p>\n<p><!-- AI CONTENT END 1 -->\n<\/div>\n<\/div>\n<p><script async src=\"\/\/www.instagram.com\/embed.js\"><\/script><br \/>\n<br \/><br \/>\n<br \/><a href=\"https:\/\/www.acidadeon.com\/ribeiraopreto\/cotidiano\/drone-e-usado-em-buscas-por-idosa-desaparecida-ha-mais-de-40-dias-em-ribeirao\/\">Source link <\/a><\/p>\n<div class='code-block code-block-4' style='margin: 8px auto 8px 0; text-align: left; display: block; clear: both;'>\n\ud83d\udce2 Aviso Legal\n\nO site ismaelcolosi.com.br atua apenas como um canal de divulga\u00e7\u00e3o de oportunidades de emprego e n\u00e3o se responsabiliza pelo processo seletivo, contrata\u00e7\u00e3o ou qualquer outra etapa relacionada \u00e0s vagas publicadas. Todas as informa\u00e7\u00f5es s\u00e3o de responsabilidade dos anunciantes.\n\n\u26a0\ufe0f Aten\u00e7\u00e3o! Nunca pague por promessas de emprego nem compre cursos que garantam contrata\u00e7\u00e3o. Desconfie de qualquer cobran\u00e7a para participar de sele\u00e7\u00f5es.\n\n\n\n<\/div>\n<!-- CONTENT END 1 -->\n","protected":false},"excerpt":{"rendered":"<p>A Pol\u00edcia Civil de Ribeir\u00e3o Preto usou um drone para realizar buscas pela idosa de 79 anos com Alzheimer que est\u00e1 desaparecida h\u00e1 44 dias&#8230;.<\/p>\n","protected":false},"author":1,"featured_media":46138,"comment_status":"open","ping_status":"open","sticky":false,"template":"","format":"standard","meta":{"_uag_custom_page_level_css":"","advanced_seo_description":"","jetpack_seo_html_title":"","jetpack_seo_noindex":false,"jetpack_post_was_ever_published":false,"_jetpack_newsletter_access":"","_jetpack_dont_email_post_to_subs":false,"_jetpack_newsletter_tier_id":0,"_jetpack_memberships_contains_paywalled_content":false,"_jetpack_memberships_contains_paid_content":false,"footnotes":"","jetpack_publicize_message":"","jetpack_publicize_feature_enabled":true,"jetpack_social_post_already_shared":true,"jetpack_social_options":{"image_generator_settings":{"template":"highway","default_image_id":0,"font":"","enabled":false},"version":2}},"categories":[11],"tags":[],"class_list":["post-46137","post","type-post","status-publish","format-standard","has-post-thumbnail","hentry","category-noticias-de-ribeirao-preto-sp-e-regiao-ismael-colosi"],"jetpack_publicize_connections":[],"jetpack_featured_media_url":"https:\/\/i0.wp.com\/ismaelcolosi.com.br\/wp-content\/uploads\/2024\/04\/Copia-de-Copia-de-TAMANHO-EXATO-PARA-FOTOS-NO-SISTEMA-NOVO-38.jpg?fit=1200%2C675&ssl=1","uagb_featured_image_src":{"full":["https:\/\/i0.wp.com\/ismaelcolosi.com.br\/wp-content\/uploads\/2024\/04\/Copia-de-Copia-de-TAMANHO-EXATO-PARA-FOTOS-NO-SISTEMA-NOVO-38.jpg?fit=1200%2C675&ssl=1",1200,675,false],"thumbnail":["https:\/\/i0.wp.com\/ismaelcolosi.com.br\/wp-content\/uploads\/2024\/04\/Copia-de-Copia-de-TAMANHO-EXATO-PARA-FOTOS-NO-SISTEMA-NOVO-38.jpg?resize=150%2C150&ssl=1",150,150,true],"medium":["https:\/\/i0.wp.com\/ismaelcolosi.com.br\/wp-content\/uploads\/2024\/04\/Copia-de-Copia-de-TAMANHO-EXATO-PARA-FOTOS-NO-SISTEMA-NOVO-38.jpg?fit=300%2C169&ssl=1",300,169,true],"medium_large":["https:\/\/i0.wp.com\/ismaelcolosi.com.br\/wp-content\/uploads\/2024\/04\/Copia-de-Copia-de-TAMANHO-EXATO-PARA-FOTOS-NO-SISTEMA-NOVO-38.jpg?fit=768%2C432&ssl=1",768,432,true],"large":["https:\/\/i0.wp.com\/ismaelcolosi.com.br\/wp-content\/uploads\/2024\/04\/Copia-de-Copia-de-TAMANHO-EXATO-PARA-FOTOS-NO-SISTEMA-NOVO-38.jpg?fit=1024%2C576&ssl=1",1024,576,true],"1536x1536":["https:\/\/i0.wp.com\/ismaelcolosi.com.br\/wp-content\/uploads\/2024\/04\/Copia-de-Copia-de-TAMANHO-EXATO-PARA-FOTOS-NO-SISTEMA-NOVO-38.jpg?fit=1200%2C675&ssl=1",1200,675,true],"2048x2048":["https:\/\/i0.wp.com\/ismaelcolosi.com.br\/wp-content\/uploads\/2024\/04\/Copia-de-Copia-de-TAMANHO-EXATO-PARA-FOTOS-NO-SISTEMA-NOVO-38.jpg?fit=1200%2C675&ssl=1",1200,675,true],"really-simple-thumb":["https:\/\/i0.wp.com\/ismaelcolosi.com.br\/wp-content\/uploads\/2024\/04\/Copia-de-Copia-de-TAMANHO-EXATO-PARA-FOTOS-NO-SISTEMA-NOVO-38.jpg?resize=370%2C247&ssl=1",370,247,true]},"uagb_author_info":{"display_name":"ismaelcolosi.com.br","author_link":"https:\/\/ismaelcolosi.com.br\/index.php\/author\/vidareal-online\/"},"uagb_comment_info":0,"uagb_excerpt":"A Pol\u00edcia Civil de Ribeir\u00e3o Preto usou um drone para realizar buscas pela idosa de 79 anos com Alzheimer que est\u00e1 desaparecida h\u00e1 44 dias....","jetpack-related-posts":[{"id":41366,"url":"https:\/\/ismaelcolosi.com.br\/index.php\/2024\/03\/07\/idosa-de-79-anos-com-alzheimer-esta-desaparecida-ha-10-dias-em-ribeirao-preto\/","url_meta":{"origin":46137,"position":0},"title":"Idosa de 79 anos com Alzheimer est\u00e1 desaparecida h\u00e1 10 dias em Ribeir\u00e3o Preto","author":"ismaelcolosi.com.br","date":"7 de March de 2024","format":false,"excerpt":"A idosa Ana de Jesus Barbosa, de 79 anos, est\u00e1 desaparecida desde o dia 26 de fevereiro. Com Alzheimer, a mulher foi vista pela \u00faltima vez \u00e0s 7h30, ainda dentro da casa onde mora em um assentamento no bairro Jardim Pedra Branca, na zona Leste de Ribeir\u00e3o Preto. Segundo a\u2026","rel":"","context":"In &quot;Not\u00edcias de Ribeir\u00e3o Preto-SP e Regi\u00e3o&quot;","block_context":{"text":"Not\u00edcias de Ribeir\u00e3o Preto-SP e Regi\u00e3o","link":"https:\/\/ismaelcolosi.com.br\/index.php\/category\/noticias-de-ribeirao-preto-sp-e-regiao-ismael-colosi\/"},"img":{"alt_text":"","src":"https:\/\/i0.wp.com\/ismaelcolosi.com.br\/wp-content\/uploads\/2024\/03\/Copia-de-Copia-de-TAMANHO-EXATO-PARA-FOTOS-NO-SISTEMA-NOVO-38.jpg?fit=1200%2C675&ssl=1&resize=350%2C200","width":350,"height":200,"srcset":"https:\/\/i0.wp.com\/ismaelcolosi.com.br\/wp-content\/uploads\/2024\/03\/Copia-de-Copia-de-TAMANHO-EXATO-PARA-FOTOS-NO-SISTEMA-NOVO-38.jpg?fit=1200%2C675&ssl=1&resize=350%2C200 1x, https:\/\/i0.wp.com\/ismaelcolosi.com.br\/wp-content\/uploads\/2024\/03\/Copia-de-Copia-de-TAMANHO-EXATO-PARA-FOTOS-NO-SISTEMA-NOVO-38.jpg?fit=1200%2C675&ssl=1&resize=525%2C300 1.5x, https:\/\/i0.wp.com\/ismaelcolosi.com.br\/wp-content\/uploads\/2024\/03\/Copia-de-Copia-de-TAMANHO-EXATO-PARA-FOTOS-NO-SISTEMA-NOVO-38.jpg?fit=1200%2C675&ssl=1&resize=700%2C400 2x, https:\/\/i0.wp.com\/ismaelcolosi.com.br\/wp-content\/uploads\/2024\/03\/Copia-de-Copia-de-TAMANHO-EXATO-PARA-FOTOS-NO-SISTEMA-NOVO-38.jpg?fit=1200%2C675&ssl=1&resize=1050%2C600 3x"},"classes":[]},{"id":47633,"url":"https:\/\/ismaelcolosi.com.br\/index.php\/2024\/04\/26\/familia-e-policia-continuam-sem-pistas-de-idosa-desaparecida-ha-dois-meses-em-ribeirao-preto\/","url_meta":{"origin":46137,"position":1},"title":"Fam\u00edlia e pol\u00edcia continuam sem pistas de idosa desaparecida h\u00e1 dois meses em Ribeir\u00e3o Preto","author":"ismaelcolosi.com.br","date":"26 de April de 2024","format":false,"excerpt":"Familiares e a Pol\u00edcia Civil de Ribeir\u00e3o Preto continuam sem pistas do paradeiro de Ana de Jesus Barbosa, de 79 anos. A idosa, que sofre de Alzheimer, foi vista pela \u00faltima vez em 26 de fevereiro \u2013 h\u00e1 exatos dois meses \u2013 em um assentamento na zona Leste da cidade.\u2026","rel":"","context":"In &quot;Not\u00edcias de Ribeir\u00e3o Preto-SP e Regi\u00e3o&quot;","block_context":{"text":"Not\u00edcias de Ribeir\u00e3o Preto-SP e Regi\u00e3o","link":"https:\/\/ismaelcolosi.com.br\/index.php\/category\/noticias-de-ribeirao-preto-sp-e-regiao-ismael-colosi\/"},"img":{"alt_text":"","src":"https:\/\/i0.wp.com\/ismaelcolosi.com.br\/wp-content\/uploads\/2024\/04\/1714159788_Copia-de-Copia-de-TAMANHO-EXATO-PARA-FOTOS-NO-SISTEMA-NOVO-38.jpg?fit=1200%2C675&ssl=1&resize=350%2C200","width":350,"height":200,"srcset":"https:\/\/i0.wp.com\/ismaelcolosi.com.br\/wp-content\/uploads\/2024\/04\/1714159788_Copia-de-Copia-de-TAMANHO-EXATO-PARA-FOTOS-NO-SISTEMA-NOVO-38.jpg?fit=1200%2C675&ssl=1&resize=350%2C200 1x, https:\/\/i0.wp.com\/ismaelcolosi.com.br\/wp-content\/uploads\/2024\/04\/1714159788_Copia-de-Copia-de-TAMANHO-EXATO-PARA-FOTOS-NO-SISTEMA-NOVO-38.jpg?fit=1200%2C675&ssl=1&resize=525%2C300 1.5x, https:\/\/i0.wp.com\/ismaelcolosi.com.br\/wp-content\/uploads\/2024\/04\/1714159788_Copia-de-Copia-de-TAMANHO-EXATO-PARA-FOTOS-NO-SISTEMA-NOVO-38.jpg?fit=1200%2C675&ssl=1&resize=700%2C400 2x, https:\/\/i0.wp.com\/ismaelcolosi.com.br\/wp-content\/uploads\/2024\/04\/1714159788_Copia-de-Copia-de-TAMANHO-EXATO-PARA-FOTOS-NO-SISTEMA-NOVO-38.jpg?fit=1200%2C675&ssl=1&resize=1050%2C600 3x"},"classes":[]},{"id":44217,"url":"https:\/\/ismaelcolosi.com.br\/index.php\/2024\/03\/26\/desaparecimento-de-idosa-com-alzheimer-completa-um-mes-em-ribeirao-preto\/","url_meta":{"origin":46137,"position":2},"title":"Desaparecimento de idosa com Alzheimer completa um m\u00eas em Ribeir\u00e3o Preto","author":"ismaelcolosi.com.br","date":"26 de March de 2024","format":false,"excerpt":"Completou nesta ter\u00e7a-feira (26), um m\u00eas que a idosa Ana de Jesus Novais, de 79 anos, est\u00e1 desaparecida em Ribeir\u00e3o Preto. A fam\u00edlia registrou boletim de ocorr\u00eancia sobre o caso, mas at\u00e9 o momento diz n\u00e3o ter informa\u00e7\u00e3o sobre o paradeiro da mulher. Ao portal acidade on Ribeir\u00e3o, a neta\u2026","rel":"","context":"In &quot;Not\u00edcias de Ribeir\u00e3o Preto-SP e Regi\u00e3o&quot;","block_context":{"text":"Not\u00edcias de Ribeir\u00e3o Preto-SP e Regi\u00e3o","link":"https:\/\/ismaelcolosi.com.br\/index.php\/category\/noticias-de-ribeirao-preto-sp-e-regiao-ismael-colosi\/"},"img":{"alt_text":"","src":"https:\/\/i0.wp.com\/ismaelcolosi.com.br\/wp-content\/uploads\/2024\/03\/1711478892_Copia-de-Copia-de-TAMANHO-EXATO-PARA-FOTOS-NO-SISTEMA-NOVO-38.jpg?fit=1200%2C675&ssl=1&resize=350%2C200","width":350,"height":200,"srcset":"https:\/\/i0.wp.com\/ismaelcolosi.com.br\/wp-content\/uploads\/2024\/03\/1711478892_Copia-de-Copia-de-TAMANHO-EXATO-PARA-FOTOS-NO-SISTEMA-NOVO-38.jpg?fit=1200%2C675&ssl=1&resize=350%2C200 1x, https:\/\/i0.wp.com\/ismaelcolosi.com.br\/wp-content\/uploads\/2024\/03\/1711478892_Copia-de-Copia-de-TAMANHO-EXATO-PARA-FOTOS-NO-SISTEMA-NOVO-38.jpg?fit=1200%2C675&ssl=1&resize=525%2C300 1.5x, https:\/\/i0.wp.com\/ismaelcolosi.com.br\/wp-content\/uploads\/2024\/03\/1711478892_Copia-de-Copia-de-TAMANHO-EXATO-PARA-FOTOS-NO-SISTEMA-NOVO-38.jpg?fit=1200%2C675&ssl=1&resize=700%2C400 2x, https:\/\/i0.wp.com\/ismaelcolosi.com.br\/wp-content\/uploads\/2024\/03\/1711478892_Copia-de-Copia-de-TAMANHO-EXATO-PARA-FOTOS-NO-SISTEMA-NOVO-38.jpg?fit=1200%2C675&ssl=1&resize=1050%2C600 3x"},"classes":[]},{"id":51255,"url":"https:\/\/ismaelcolosi.com.br\/index.php\/2024\/05\/25\/casa-de-repouso-e-interditada-em-ribeirao-apos-idosa-ser-encontrada-morta-dentro-de-piscina\/","url_meta":{"origin":46137,"position":3},"title":"Casa de repouso \u00e9 interditada em Ribeir\u00e3o ap\u00f3s idosa ser encontrada morta dentro de piscina","author":"ismaelcolosi.com.br","date":"25 de May de 2024","format":false,"excerpt":"A casa de repouso Fases da Vida, onde uma idosa de 81 anos morreu e foi encontrada ap\u00f3s mais de 3h dentro de uma piscina, foi interditada pela Secretaria Municipal da Sa\u00fade nesta sexta-feira (24), por falta de regulariza\u00e7\u00e3o junto a Divis\u00e3o de Vigil\u00e2ncia Sanit\u00e1ria. Em nota, a pasta informou\u2026","rel":"","context":"In &quot;Not\u00edcias de Ribeir\u00e3o Preto-SP e Regi\u00e3o&quot;","block_context":{"text":"Not\u00edcias de Ribeir\u00e3o Preto-SP e Regi\u00e3o","link":"https:\/\/ismaelcolosi.com.br\/index.php\/category\/noticias-de-ribeirao-preto-sp-e-regiao-ismael-colosi\/"},"img":{"alt_text":"","src":"https:\/\/i0.wp.com\/ismaelcolosi.com.br\/wp-content\/uploads\/2024\/05\/Copia-de-Copia-de-TAMANHO-EXATO-PARA-FOTOS-NO-SISTEMA-NOVO-40_2024-05-24_19-42-13_jpg_2024-05-24_19-42-13.webp.webp?fit=1200%2C675&ssl=1&resize=350%2C200","width":350,"height":200,"srcset":"https:\/\/i0.wp.com\/ismaelcolosi.com.br\/wp-content\/uploads\/2024\/05\/Copia-de-Copia-de-TAMANHO-EXATO-PARA-FOTOS-NO-SISTEMA-NOVO-40_2024-05-24_19-42-13_jpg_2024-05-24_19-42-13.webp.webp?fit=1200%2C675&ssl=1&resize=350%2C200 1x, https:\/\/i0.wp.com\/ismaelcolosi.com.br\/wp-content\/uploads\/2024\/05\/Copia-de-Copia-de-TAMANHO-EXATO-PARA-FOTOS-NO-SISTEMA-NOVO-40_2024-05-24_19-42-13_jpg_2024-05-24_19-42-13.webp.webp?fit=1200%2C675&ssl=1&resize=525%2C300 1.5x, https:\/\/i0.wp.com\/ismaelcolosi.com.br\/wp-content\/uploads\/2024\/05\/Copia-de-Copia-de-TAMANHO-EXATO-PARA-FOTOS-NO-SISTEMA-NOVO-40_2024-05-24_19-42-13_jpg_2024-05-24_19-42-13.webp.webp?fit=1200%2C675&ssl=1&resize=700%2C400 2x, https:\/\/i0.wp.com\/ismaelcolosi.com.br\/wp-content\/uploads\/2024\/05\/Copia-de-Copia-de-TAMANHO-EXATO-PARA-FOTOS-NO-SISTEMA-NOVO-40_2024-05-24_19-42-13_jpg_2024-05-24_19-42-13.webp.webp?fit=1200%2C675&ssl=1&resize=1050%2C600 3x"},"classes":[]},{"id":77923,"url":"https:\/\/ismaelcolosi.com.br\/index.php\/2024\/11\/29\/familia-faz-buscas-por-jovem-desaparecida-ha-20-dias-na-regiao-de-ribeirao-preto\/","url_meta":{"origin":46137,"position":4},"title":"Fam\u00edlia faz buscas por jovem desaparecida h\u00e1 20 dias na regi\u00e3o de Ribeir\u00e3o Preto","author":"ismaelcolosi.com.br","date":"29 de November de 2024","format":false,"excerpt":"Familiares de L\u00edvia Barbosa dos Santos, de 18 anos, desaparecida desde o \u00faltimo dia 9 de novembro, quando saiu de casa para trabalhar em um shopping de Ribeir\u00e3o Preto, est\u00e3o refazendo os caminhos por onde ela costuma passar e realizam at\u00e9 buscas em \u00e1reas de matas na regi\u00e3o \u00e0 procura\u2026","rel":"","context":"In &quot;Not\u00edcias de Ribeir\u00e3o Preto-SP e Regi\u00e3o&quot;","block_context":{"text":"Not\u00edcias de Ribeir\u00e3o Preto-SP e Regi\u00e3o","link":"https:\/\/ismaelcolosi.com.br\/index.php\/category\/noticias-de-ribeirao-preto-sp-e-regiao-ismael-colosi\/"},"img":{"alt_text":"","src":"https:\/\/i0.wp.com\/ismaelcolosi.com.br\/wp-content\/uploads\/2024\/11\/livia_2024-11-15_18-17-45_jpeg_2024-11-15_18-17-45.webp.webp?fit=1200%2C675&ssl=1&resize=350%2C200","width":350,"height":200,"srcset":"https:\/\/i0.wp.com\/ismaelcolosi.com.br\/wp-content\/uploads\/2024\/11\/livia_2024-11-15_18-17-45_jpeg_2024-11-15_18-17-45.webp.webp?fit=1200%2C675&ssl=1&resize=350%2C200 1x, https:\/\/i0.wp.com\/ismaelcolosi.com.br\/wp-content\/uploads\/2024\/11\/livia_2024-11-15_18-17-45_jpeg_2024-11-15_18-17-45.webp.webp?fit=1200%2C675&ssl=1&resize=525%2C300 1.5x, https:\/\/i0.wp.com\/ismaelcolosi.com.br\/wp-content\/uploads\/2024\/11\/livia_2024-11-15_18-17-45_jpeg_2024-11-15_18-17-45.webp.webp?fit=1200%2C675&ssl=1&resize=700%2C400 2x, https:\/\/i0.wp.com\/ismaelcolosi.com.br\/wp-content\/uploads\/2024\/11\/livia_2024-11-15_18-17-45_jpeg_2024-11-15_18-17-45.webp.webp?fit=1200%2C675&ssl=1&resize=1050%2C600 3x"},"classes":[]},{"id":4164,"url":"https:\/\/ismaelcolosi.com.br\/index.php\/2023\/11\/20\/utm_sourcerssutm_mediumrssutm_campaignfamilia-encontra-mulher-que-estava-desaparecida-a-mulher-estava-sendo-mantida-em-carcere-em-um-motel\/","url_meta":{"origin":46137,"position":5},"title":"Fam\u00edlia encontra mulher que estava desaparecida; a mulher estava sendo mantida em c\u00e1rcere em um motel \u2013 X Tudo Ribeir\u00e3o","author":"ismaelcolosi.com.br","date":"20 de November de 2023","format":false,"excerpt":"Foi encontrada nesta segunda-feira (20\/11), a mulher de 57 anos, que estava desaparecida desde a \u00faltima quinta-feira, ap\u00f3s sair de moto com o ex-ficante no bairro Ipiranga, na zona Norte e Ribeir\u00e3o Preto.\u00a0 Segundo informa\u00e7\u00f5es da fam\u00edlia ao Portal X Tudo Ribeir\u00e3o, as filhas receberam uma liga\u00e7\u00e3o da m\u00e3e identificada\u2026","rel":"","context":"In &quot;Not\u00edcias de Ribeir\u00e3o Preto-SP e Regi\u00e3o&quot;","block_context":{"text":"Not\u00edcias de Ribeir\u00e3o Preto-SP e Regi\u00e3o","link":"https:\/\/ismaelcolosi.com.br\/index.php\/category\/noticias-de-ribeirao-preto-sp-e-regiao-ismael-colosi\/"},"img":{"alt_text":"","src":"https:\/\/i0.wp.com\/ismaelcolosi.com.br\/wp-content\/uploads\/2023\/11\/1700535143_WhatsApp-Image-2023-11-19-at-22.26.36.jpeg?fit=757%2C755&ssl=1&resize=350%2C200","width":350,"height":200,"srcset":"https:\/\/i0.wp.com\/ismaelcolosi.com.br\/wp-content\/uploads\/2023\/11\/1700535143_WhatsApp-Image-2023-11-19-at-22.26.36.jpeg?fit=757%2C755&ssl=1&resize=350%2C200 1x, https:\/\/i0.wp.com\/ismaelcolosi.com.br\/wp-content\/uploads\/2023\/11\/1700535143_WhatsApp-Image-2023-11-19-at-22.26.36.jpeg?fit=757%2C755&ssl=1&resize=525%2C300 1.5x, https:\/\/i0.wp.com\/ismaelcolosi.com.br\/wp-content\/uploads\/2023\/11\/1700535143_WhatsApp-Image-2023-11-19-at-22.26.36.jpeg?fit=757%2C755&ssl=1&resize=700%2C400 2x"},"classes":[]}],"jetpack_sharing_enabled":true,"jetpack_shortlink":"https:\/\/wp.me\/pfMlyK-c09","_links":{"self":[{"href":"https:\/\/ismaelcolosi.com.br\/index.php\/wp-json\/wp\/v2\/posts\/46137","targetHints":{"allow":["GET"]}}],"collection":[{"href":"https:\/\/ismaelcolosi.com.br\/index.php\/wp-json\/wp\/v2\/posts"}],"about":[{"href":"https:\/\/ismaelcolosi.com.br\/index.php\/wp-json\/wp\/v2\/types\/post"}],"author":[{"embeddable":true,"href":"https:\/\/ismaelcolosi.com.br\/index.php\/wp-json\/wp\/v2\/users\/1"}],"replies":[{"embeddable":true,"href":"https:\/\/ismaelcolosi.com.br\/index.php\/wp-json\/wp\/v2\/comments?post=46137"}],"version-history":[{"count":0,"href":"https:\/\/ismaelcolosi.com.br\/index.php\/wp-json\/wp\/v2\/posts\/46137\/revisions"}],"wp:featuredmedia":[{"embeddable":true,"href":"https:\/\/ismaelcolosi.com.br\/index.php\/wp-json\/wp\/v2\/media\/46138"}],"wp:attachment":[{"href":"https:\/\/ismaelcolosi.com.br\/index.php\/wp-json\/wp\/v2\/media?parent=46137"}],"wp:term":[{"taxonomy":"category","embeddable":true,"href":"https:\/\/ismaelcolosi.com.br\/index.php\/wp-json\/wp\/v2\/categories?post=46137"},{"taxonomy":"post_tag","embeddable":true,"href":"https:\/\/ismaelcolosi.com.br\/index.php\/wp-json\/wp\/v2\/tags?post=46137"}],"curies":[{"name":"wp","href":"https:\/\/api.w.org\/{rel}","templated":true}]}}