{"id":46133,"date":"2024-04-09T18:39:18","date_gmt":"2024-04-09T21:39:18","guid":{"rendered":"https:\/\/ismaelcolosi.com.br\/index.php\/2024\/04\/09\/tomorrowland-confirma-data-e-governo-de-sp-reforca-compromisso-com-mobilidade-e-experiencia\/"},"modified":"2024-04-09T18:39:18","modified_gmt":"2024-04-09T21:39:18","slug":"tomorrowland-confirma-data-e-governo-de-sp-reforca-compromisso-com-mobilidade-e-experiencia","status":"publish","type":"post","link":"https:\/\/ismaelcolosi.com.br\/index.php\/2024\/04\/09\/tomorrowland-confirma-data-e-governo-de-sp-reforca-compromisso-com-mobilidade-e-experiencia\/","title":{"rendered":"Tomorrowland confirma data e Governo de SP refor\u00e7a compromisso com mobilidade e experi\u00eancia"},"content":{"rendered":"<p> <br \/>\n<\/p>\n<div>\n<p><i>Estado dever\u00e1 investir cerca de R\uff04 22 milh\u00f5es em melhorias de acesso e organiza\u00e7\u00e3o deve aumentar em 53% capacidade do camping DreamVille; a pr\u00e9-venda de ingressos come\u00e7a no dia 2 de maio<\/i><\/p>\n<p>O Tomorrowland Brasil, maior evento de m\u00fasica eletr\u00f4nica do mundo, confirmou a data da edi\u00e7\u00e3o deste ano: ser\u00e1 nos dias 11, 12 e 13 de outubro, no Parque Maeda, em Itu, interior do estado de S\u00e3o Paulo. O an\u00fancio foi feito em evento nesta ter\u00e7a-feira (9), na Sala S\u00e3o Paulo, reunindo os organizadores do festival no Brasil \u2013 a We Are One World e a DC Set Group \u2013 em parceria com o Governo do Estado de S\u00e3o Paulo e a Prefeitura de Itu. As autoridades e executivos presentes pactuaram um compromisso para aprimorar a realiza\u00e7\u00e3o do evento em 2024, focados principalmente em mobilidade para a regi\u00e3o e melhorias estruturais.<\/p>\n<p>O objetivo \u00e9 transformar o Tomorrowland em uma refer\u00eancia de experi\u00eancia e turismo, com investimento p\u00fablico nos acessos ao festival e o aprimoramento das estruturas. Assim, Itu dever\u00e1 se consolidar como um dos grandes p\u00f3los de realiza\u00e7\u00e3o de grandes eventos no estado, criando um legado para a regi\u00e3o e para a popula\u00e7\u00e3o. A expectativa \u00e9 que os shows re\u00fanam mais de 200 mil pessoas ao todo, sendo 25% de turistas internacionais.<\/p>\n<blockquote>\n<p>\u201cO Tomorrowland n\u00e3o apenas oferece uma experi\u00eancia musical inesquec\u00edvel, mas tamb\u00e9m contribui para o desenvolvimento de um hub de projetos e arranjos criativos no interior do Estado. A\u00e7\u00f5es assim trazem benef\u00edcios para a cultura, a coes\u00e3o social e o desenvolvimento econ\u00f4mico n\u00e3o apenas para a regi\u00e3o, mas a n\u00edvel nacional\u201d, pontua a secret\u00e1ria de Estado da Cultura, Economia e Ind\u00fastria Criativas, Mar\u00edlia Marton.<\/p>\n<\/blockquote>\n<p>Entre as a\u00e7\u00f5es para facilitar o fluxo das pessoas que se deslocam ao festival, foram anunciadas melhorias no acesso que beneficiar\u00e3o tamb\u00e9m as comunidades vizinhas, garantindo que os benef\u00edcios econ\u00f4micos e sociais gerados com os empreendimentos no parque se multipliquem. Cinco rodovias vicinais ser\u00e3o implantadas, com total 17,5 quil\u00f4metros de extens\u00e3o, j\u00e1 com previs\u00e3o de asfaltamento. As obras contribuir\u00e3o, tamb\u00e9m, para o acesso das comunidades vizinhas \u00e0 regi\u00e3o. O valor investido pelo Estado ser\u00e1 de R\uff04 22 milh\u00f5es. O projeto \u00e9 de responsabilidade do Departamento de Estradas de Rodagem (DER), vinculado \u00e0 Secretaria de Meio Ambiente, Infraestrutura e Log\u00edstica (Semil), e segue dentro da pol\u00edtica estadual de realizar a\u00e7\u00f5es que destravem o desenvolvimento das cidades.<\/p>\n<blockquote>\n<p>\u201cCom essa interven\u00e7\u00e3o, acreditamos contribuir para a consolida\u00e7\u00e3o de uma importante a\u00e7\u00e3o cultural, o que beneficia a regi\u00e3o n\u00e3o somente facilitando o acesso das pessoas como tamb\u00e9m por meio da gera\u00e7\u00e3o de empregos\u201d, avalia a secret\u00e1ria de Meio Ambiente, Infraestrutura e Log\u00edstica, Nat\u00e1lia Resende.<\/p>\n<\/blockquote>\n<p>Al\u00e9m disso, haver\u00e1 esfor\u00e7os para aprimorar a drenagem do solo e investimentos para aumentar em 34% a capacidade de p\u00fablico do DreamVille, a \u00e1rea de camping do festival. A expectativa \u00e9 chegar a 20 mil pessoas alojadas no espa\u00e7o do Parque Maeda, vivendo uma experi\u00eancia intensiva do festival.<\/p>\n<p>Tais medidas refor\u00e7am o comprometimento do Estado de receber o Tomorrowland no Brasil por mais de uma d\u00e9cada. Somente na edi\u00e7\u00e3o de 2023, o evento movimentou cerca de R\uff04676 milh\u00f5es na economia da regi\u00e3o e empregou mais de 9 mil pessoas, direta e indiretamente. Com o acordo, estima-se movimentar cerca de R\uff049 bilh\u00f5es na economia da regi\u00e3o de Itu pelos pr\u00f3ximos 10 anos.<\/p>\n<blockquote>\n<p>\u201cNosso compromisso com a regi\u00e3o \u00e9 de, no m\u00ednimo, 10 anos, de acordo com o contrato com o Parque Maeda. Para isso, estamos investindo no local para trazer ao p\u00fablico uma experi\u00eancia \u00fanica e inesquec\u00edvel, al\u00e9m de estimular o turismo na regi\u00e3o. Isso tudo perpetuando o acordo de longo prazo com os \u00f3rg\u00e3os envolvidos, tornando o Tomorrowland o ponto de encontro de f\u00e3s de m\u00fasica eletr\u00f4nica das Am\u00e9ricas, impactando positivamente a economia da regi\u00e3o e do estado como um todo\u201d, conta Rodrigo Mathias, CEO da DC Set Group, organizadora do festival.<\/p>\n<\/blockquote>\n<p>Durante o evento, o artista Alok tamb\u00e9m comp\u00f4s a mesa de convidados e explanou sobre sua experi\u00eancia e rela\u00e7\u00e3o pr\u00f3xima com o Tomorrowland e ainda ressaltou pontos importantes para a cena da m\u00fasica eletr\u00f4nica no Brasil. \u201cO Tomorrowland traz uma renova\u00e7\u00e3o da cena eletr\u00f4nica para o mundo. Da mesma forma que temos um comprometimento do festival para os pr\u00f3ximos anos, temos uma renova\u00e7\u00e3o da nossa cena junto com isso. E \u00e9 importante que esse comprometimento e investimento na infraestrutura e mobilidade n\u00e3o fique somente nesta gest\u00e3o, mas que isso perpetue ao longo de gera\u00e7\u00f5es\u201d, afirma o DJ e produtor Alok.<\/p>\n<p><strong>Aprimorando a experi\u00eancia<\/strong><\/p>\n<p>Para o DreamVille, a \u00e1rea de acampamento oficial do evento, a principal novidade \u00e9 a amplia\u00e7\u00e3o do espa\u00e7o e a diversifica\u00e7\u00e3o dos pacotes de acomoda\u00e7\u00f5es. Em 2024,\u00a0<i>glampings\u00a0<\/i>com camas montadas e outras comodidades ser\u00e3o uma das op\u00e7\u00f5es para quem busca mais conforto para se alojar diretamente na \u00e1rea do festival e viver com intensidade toda a experi\u00eancia que o Tomorrowland Brasil pode oferecer. Outra op\u00e7\u00e3o mais econ\u00f4mica s\u00e3o as tendas com colch\u00e3o infl\u00e1vel e saco de dormir, disponibilizados pela organiza\u00e7\u00e3o para os participantes que n\u00e3o possuem os equipamentos e preferem montar sua pr\u00f3pria acomoda\u00e7\u00e3o. Ap\u00f3s a estadia, quem optou por esse pacote poder\u00e1 levar o equipamento para casa.<\/p>\n<blockquote>\n<p>\u201cEstamos encantados em organizar o Tomorrowland mais uma vez em Itu e no Brasil. O pa\u00eds onde fomos calorosamente recebidos desde o in\u00edcio em 2015, e agora, quase dez anos depois, retornamos com o mesmo entusiasmo. O Brasil simboliza celebra\u00e7\u00e3o, dan\u00e7a, uni\u00e3o para desfrutar da vida e unidade. A \u00faltima edi\u00e7\u00e3o em outubro de 2023 foi, al\u00e9m de desafiadora, repleta de momentos especiais que aqueceram nossos cora\u00e7\u00f5es. Estamos satisfeitos em colaborar para uma nova edi\u00e7\u00e3o. Com a DC Set, encontramos um parceiro profissional e dedicado, tornando o Tomorrowland Brasil um segundo lar pelos anos que vir\u00e3o\u201d, conta Bruno Vanwelsenaers, CEO da We Are One\u0702World.<\/p>\n<\/blockquote>\n<p><strong>Impacto social<\/strong><\/p>\n<p>Por meio das vendas dos ingressos sociais na edi\u00e7\u00e3o de 2023, o Tomorrowland Brasil destinou R\uff041,5 milh\u00e3o para projetos sociais com crian\u00e7as e adolescentes em situa\u00e7\u00e3o de vulnerabilidade na cidade de Itu por meio de sua funda\u00e7\u00e3o, o Tomorrowland Foundation. Os projetos, realizados junto com a institui\u00e7\u00e3o Tecendo Inf\u00e2ncias, visam o desenvolvimento art\u00edstico desses jovens por meio da m\u00fasica, dan\u00e7a e artes pl\u00e1sticas.<\/p>\n<blockquote>\n<p>\u201cO impacto positivo do Tomorrowland Brasil para Itu e toda a regi\u00e3o vai muito al\u00e9m do entretenimento e da cultura. Um evento deste porte \u00e9 capaz de atrair investimentos em infraestrutura e desenvolvimento, colaborando para o progresso de nossa cidade e todo o seu entorno, com gera\u00e7\u00e3o de renda e oportunidades. A perman\u00eancia do Tomorrowland Brasil pelos pr\u00f3ximos 10 anos em Itu \u00e9 uma conquista que fizemos parte e temos muito orgulho\u201d, afirma Guilherme Gazzola, prefeito de Itu.<\/p>\n<\/blockquote>\n<p>\u00a0<\/p>\n<p><strong>Vendas<\/strong><\/p>\n<p>O pr\u00e9-registro dos ingressos come\u00e7a no dia 10 de abril, enquanto a venda geral ser\u00e1 a partir de 2 de maio, ambas pelo<a href=\"https:\/\/s2404.enviosrp.com\/link.php?code=bDpodHRwcyUzQSUyRiUyRmJyYXNpbC50b21vcnJvd2xhbmQuY29tJTJGcHQlMkZmZXN0aXZhbCUyRjo4MzYyOTk0NjptYXRoZXVzQHBvcGl0by5jb20uYnI6ODI1NmVhOjc2\" target=\"_blank\" rel=\"noopener noreferrer\">\u00a0<u>site oficial do Tomorrowland Brasil<\/u><\/a>.<\/p>\n<p><strong>\u2018Adscendo\u2019 no Brasil<\/strong><\/p>\n<p><\/p>\n<p><i>Palco Adscendo no Tomorrowland B\u00e9lgica 2023<\/i><\/p>\n<p>A edi\u00e7\u00e3o brasileira de 2024 traz, mais uma vez, a magia de \u2018Adscendo\u2019. O tema foi visto na B\u00e9lgica em 2022 e significa \u201cascender\u201d em latim. Trata-se de uma viagem por destinos m\u00e1gicos e grandiosos no horizonte. Assim, o p\u00fablico estar\u00e1 imerso em uma hist\u00f3ria m\u00edstica de amor, uni\u00e3o e magia no encantador universo do Tomorrowland.<\/p>\n<p>A organiza\u00e7\u00e3o do evento trar\u00e1 o palco \u2018Adscendo\u2019 ao Brasil, que \u00e9 desenvolvido totalmente pela sua equipe criativa. S\u00e3o 43m de altura e 160 de largura; 740m\u00b2 de blocos de vidro, sendo 1.517 unidades; 1.050 luzes; 230 caixas de som e subwoofers; 30 lasers; 48 fontes; e 15 cachoeiras. Em breve, mais novidades do festival ser\u00e3o anunciadas pela organiza\u00e7\u00e3o.<\/p>\n<p>\u00a0<\/p>\n<p><strong>Servi\u00e7o:<\/strong><\/p>\n<p><strong>Tomorrowland Brasil<\/strong><\/p>\n<p><strong>Quando:<\/strong>\u00a011, 12 e 13 de outubro de 2024, das 13h \u00e0s 1h<\/p>\n<p><strong>Onde:\u00a0<\/strong>Parque Maeda \u2013 Rod. Dep. Archimedes Lammoglia \u2013 Km 18, Itu\/SP<\/p>\n<p><strong>Pr\u00e9 registro:\u00a0<\/strong>10 de abril de 2024 \u00e0s 10 horas at\u00e9 1\u00ba de maio \u00e0s 10h \u2013 Hor\u00e1rio de Bras\u00edlia.<\/p>\n<p><strong>Venda geral dos ingressos:<\/strong>\u00a0A partir de 2 de maio de 2024 \u00e0s 10 horas \u2013 Hor\u00e1rio de Bras\u00edlia.<\/p>\n<p><strong>Todos os ingressos e informa\u00e7\u00f5es ser\u00e3o disponibilizados no<\/strong><a href=\"https:\/\/s2404.enviosrp.com\/link.php?code=bDpodHRwcyUzQSUyRiUyRmJyYXNpbC50b21vcnJvd2xhbmQuY29tJTJGcHQlMkZmZXN0aXZhbCUyRjo4MzYyOTk0NjptYXRoZXVzQHBvcGl0by5jb20uYnI6ODI1NmVhOjc2\" target=\"_blank\" rel=\"noopener noreferrer\">\u00a0<u>site oficial do Tomorrowland Brasil<\/u><\/a><strong>.<\/strong><\/p>\n<div class=\"popito_fn_votewrap\">\n<h3 class=\"vote_title\">Como voc\u00ea vota? <\/h3>\n<div class=\"popito_fn_votes \" data-id=\"1954\">\n<p>0 People voted this article. 0 Upvotes &#8211; 0 Downvotes.<\/p>\n<\/div>\n<\/div>\n<\/div>\n<p><br \/>\n<br \/><a href=\"https:\/\/popito.com.br\/tomorrowland-confirma-data-e-governo-de-sp-reforca-compromisso-com-mobilidade-e-experiencia\/\">Source link <\/a><\/p>\n<div class='code-block code-block-4' style='margin: 8px auto 8px 0; text-align: left; display: block; clear: both;'>\n\ud83d\udce2 Aviso Legal\n\nO site ismaelcolosi.com.br atua apenas como um canal de divulga\u00e7\u00e3o de oportunidades de emprego e n\u00e3o se responsabiliza pelo processo seletivo, contrata\u00e7\u00e3o ou qualquer outra etapa relacionada \u00e0s vagas publicadas. Todas as informa\u00e7\u00f5es s\u00e3o de responsabilidade dos anunciantes.\n\n\u26a0\ufe0f Aten\u00e7\u00e3o! Nunca pague por promessas de emprego nem compre cursos que garantam contrata\u00e7\u00e3o. Desconfie de qualquer cobran\u00e7a para participar de sele\u00e7\u00f5es.\n\n\n\n<\/div>\n<!-- CONTENT END 1 -->\n","protected":false},"excerpt":{"rendered":"<p>Estado dever\u00e1 investir cerca de R\uff04 22 milh\u00f5es em melhorias de acesso e organiza\u00e7\u00e3o deve aumentar em 53% capacidade do camping DreamVille; a pr\u00e9-venda de&#8230;<\/p>\n","protected":false},"author":1,"featured_media":46134,"comment_status":"open","ping_status":"open","sticky":false,"template":"","format":"standard","meta":{"_uag_custom_page_level_css":"","advanced_seo_description":"","jetpack_seo_html_title":"","jetpack_seo_noindex":false,"jetpack_post_was_ever_published":false,"_jetpack_newsletter_access":"","_jetpack_dont_email_post_to_subs":false,"_jetpack_newsletter_tier_id":0,"_jetpack_memberships_contains_paywalled_content":false,"_jetpack_memberships_contains_paid_content":false,"footnotes":"","jetpack_publicize_message":"","jetpack_publicize_feature_enabled":true,"jetpack_social_post_already_shared":true,"jetpack_social_options":{"image_generator_settings":{"template":"highway","default_image_id":0,"font":"","enabled":false},"version":2}},"categories":[11],"tags":[5066,1675,293,1026,1271,1412,3215,5553],"class_list":["post-46133","post","type-post","status-publish","format-standard","has-post-thumbnail","hentry","category-noticias-de-ribeirao-preto-sp-e-regiao-ismael-colosi","tag-compromisso","tag-confirma","tag-data","tag-experiencia","tag-governo","tag-mobilidade","tag-reforca","tag-tomorrowland"],"jetpack_publicize_connections":[],"jetpack_featured_media_url":"https:\/\/i0.wp.com\/ismaelcolosi.com.br\/wp-content\/uploads\/2024\/04\/PREVIAS-Coletiva-de-Imprensa-TML-by-%40jorgealexandre-4327-X3.jpg?fit=1600%2C1067&ssl=1","uagb_featured_image_src":{"full":["https:\/\/i0.wp.com\/ismaelcolosi.com.br\/wp-content\/uploads\/2024\/04\/PREVIAS-Coletiva-de-Imprensa-TML-by-%40jorgealexandre-4327-X3.jpg?fit=1600%2C1067&ssl=1",1600,1067,false],"thumbnail":["https:\/\/i0.wp.com\/ismaelcolosi.com.br\/wp-content\/uploads\/2024\/04\/PREVIAS-Coletiva-de-Imprensa-TML-by-%40jorgealexandre-4327-X3.jpg?resize=150%2C150&ssl=1",150,150,true],"medium":["https:\/\/i0.wp.com\/ismaelcolosi.com.br\/wp-content\/uploads\/2024\/04\/PREVIAS-Coletiva-de-Imprensa-TML-by-%40jorgealexandre-4327-X3.jpg?fit=300%2C200&ssl=1",300,200,true],"medium_large":["https:\/\/i0.wp.com\/ismaelcolosi.com.br\/wp-content\/uploads\/2024\/04\/PREVIAS-Coletiva-de-Imprensa-TML-by-%40jorgealexandre-4327-X3.jpg?fit=768%2C512&ssl=1",768,512,true],"large":["https:\/\/i0.wp.com\/ismaelcolosi.com.br\/wp-content\/uploads\/2024\/04\/PREVIAS-Coletiva-de-Imprensa-TML-by-%40jorgealexandre-4327-X3.jpg?fit=1024%2C683&ssl=1",1024,683,true],"1536x1536":["https:\/\/i0.wp.com\/ismaelcolosi.com.br\/wp-content\/uploads\/2024\/04\/PREVIAS-Coletiva-de-Imprensa-TML-by-%40jorgealexandre-4327-X3.jpg?fit=1536%2C1024&ssl=1",1536,1024,true],"2048x2048":["https:\/\/i0.wp.com\/ismaelcolosi.com.br\/wp-content\/uploads\/2024\/04\/PREVIAS-Coletiva-de-Imprensa-TML-by-%40jorgealexandre-4327-X3.jpg?fit=1600%2C1067&ssl=1",1600,1067,true],"really-simple-thumb":["https:\/\/i0.wp.com\/ismaelcolosi.com.br\/wp-content\/uploads\/2024\/04\/PREVIAS-Coletiva-de-Imprensa-TML-by-%40jorgealexandre-4327-X3.jpg?resize=370%2C247&ssl=1",370,247,true]},"uagb_author_info":{"display_name":"ismaelcolosi.com.br","author_link":"https:\/\/ismaelcolosi.com.br\/index.php\/author\/vidareal-online\/"},"uagb_comment_info":0,"uagb_excerpt":"Estado dever\u00e1 investir cerca de R\uff04 22 milh\u00f5es em melhorias de acesso e organiza\u00e7\u00e3o deve aumentar em 53% capacidade do camping DreamVille; a pr\u00e9-venda de...","jetpack-related-posts":[{"id":49824,"url":"https:\/\/ismaelcolosi.com.br\/index.php\/2024\/05\/13\/documentario-we-are-tomorrow-com-participacao-do-alok-vence-o-maior-premio-de-publicidade\/","url_meta":{"origin":46133,"position":0},"title":"Document\u00e1rio &#8220;We are Tomorrow&#8221;, com participa\u00e7\u00e3o do Alok, vence o maior pr\u00eamio de publicidade","author":"ismaelcolosi.com.br","date":"13 de May de 2024","format":false,"excerpt":"Casa \/ Surper F\u00e3 \/ Document\u00e1rio \u201cWe are Tomorrow\u201d, com participa\u00e7\u00e3o do Alok, vence o maior pr\u00eamio de publicidadeDocument\u00e1rio \u201cWe are Tomorrow\u201d, com participa\u00e7\u00e3o do Alok, vence o maior pr\u00eamio de publicidadeProdu\u00e7\u00e3o do Tomorrowland e Amazon Music recebeu o Pr\u00eamio The Webby Awards na categoria Video \u2013 Events & Live\u2026","rel":"","context":"In &quot;Not\u00edcias de Ribeir\u00e3o Preto-SP e Regi\u00e3o&quot;","block_context":{"text":"Not\u00edcias de Ribeir\u00e3o Preto-SP e Regi\u00e3o","link":"https:\/\/ismaelcolosi.com.br\/index.php\/category\/noticias-de-ribeirao-preto-sp-e-regiao-ismael-colosi\/"},"img":{"alt_text":"","src":"https:\/\/i0.wp.com\/ismaelcolosi.com.br\/wp-content\/uploads\/2024\/05\/1697141590893_eb5ba12c-01d5-4339-a3a0-40d32299241c.jpg_4548_2268895390264815708.jpg?fit=1200%2C800&ssl=1&resize=350%2C200","width":350,"height":200,"srcset":"https:\/\/i0.wp.com\/ismaelcolosi.com.br\/wp-content\/uploads\/2024\/05\/1697141590893_eb5ba12c-01d5-4339-a3a0-40d32299241c.jpg_4548_2268895390264815708.jpg?fit=1200%2C800&ssl=1&resize=350%2C200 1x, https:\/\/i0.wp.com\/ismaelcolosi.com.br\/wp-content\/uploads\/2024\/05\/1697141590893_eb5ba12c-01d5-4339-a3a0-40d32299241c.jpg_4548_2268895390264815708.jpg?fit=1200%2C800&ssl=1&resize=525%2C300 1.5x, https:\/\/i0.wp.com\/ismaelcolosi.com.br\/wp-content\/uploads\/2024\/05\/1697141590893_eb5ba12c-01d5-4339-a3a0-40d32299241c.jpg_4548_2268895390264815708.jpg?fit=1200%2C800&ssl=1&resize=700%2C400 2x, https:\/\/i0.wp.com\/ismaelcolosi.com.br\/wp-content\/uploads\/2024\/05\/1697141590893_eb5ba12c-01d5-4339-a3a0-40d32299241c.jpg_4548_2268895390264815708.jpg?fit=1200%2C800&ssl=1&resize=1050%2C600 3x"},"classes":[]},{"id":47274,"url":"https:\/\/ismaelcolosi.com.br\/index.php\/2024\/04\/25\/governo-de-sp-se-compromete-com-stf-a-usar-cameras-nas-operacoes-policiais-no-estado\/","url_meta":{"origin":46133,"position":1},"title":"Governo de SP se compromete com STF a usar c\u00e2meras nas opera\u00e7\u00f5es policiais no Estado","author":"ismaelcolosi.com.br","date":"25 de April de 2024","format":false,"excerpt":"O governo de S\u00e3o Paulo se comprometeu com o Supremo Tribunal Federal (STF) a utilizar c\u00e2meras corporais em opera\u00e7\u00f5es policiais no estado e apresentou cronograma que estabelece a implementa\u00e7\u00e3o do sistema at\u00e9 setembro de 2024. O estado prev\u00ea novas licita\u00e7\u00f5es, uma delas para a aquisi\u00e7\u00e3o de mais de tr\u00eas mil\u2026","rel":"","context":"In &quot;Not\u00edcias de Ribeir\u00e3o Preto-SP e Regi\u00e3o&quot;","block_context":{"text":"Not\u00edcias de Ribeir\u00e3o Preto-SP e Regi\u00e3o","link":"https:\/\/ismaelcolosi.com.br\/index.php\/category\/noticias-de-ribeirao-preto-sp-e-regiao-ismael-colosi\/"},"img":{"alt_text":"","src":"https:\/\/i0.wp.com\/ismaelcolosi.com.br\/wp-content\/uploads\/2024\/04\/cameras_uniformes_de_policiais_militares_sao_paulo_rvrsa_abr_2804223636_0.webp.webp?fit=1170%2C700&ssl=1&resize=350%2C200","width":350,"height":200,"srcset":"https:\/\/i0.wp.com\/ismaelcolosi.com.br\/wp-content\/uploads\/2024\/04\/cameras_uniformes_de_policiais_militares_sao_paulo_rvrsa_abr_2804223636_0.webp.webp?fit=1170%2C700&ssl=1&resize=350%2C200 1x, https:\/\/i0.wp.com\/ismaelcolosi.com.br\/wp-content\/uploads\/2024\/04\/cameras_uniformes_de_policiais_militares_sao_paulo_rvrsa_abr_2804223636_0.webp.webp?fit=1170%2C700&ssl=1&resize=525%2C300 1.5x, https:\/\/i0.wp.com\/ismaelcolosi.com.br\/wp-content\/uploads\/2024\/04\/cameras_uniformes_de_policiais_militares_sao_paulo_rvrsa_abr_2804223636_0.webp.webp?fit=1170%2C700&ssl=1&resize=700%2C400 2x, https:\/\/i0.wp.com\/ismaelcolosi.com.br\/wp-content\/uploads\/2024\/04\/cameras_uniformes_de_policiais_militares_sao_paulo_rvrsa_abr_2804223636_0.webp.webp?fit=1170%2C700&ssl=1&resize=1050%2C600 3x"},"classes":[]},{"id":39167,"url":"https:\/\/ismaelcolosi.com.br\/index.php\/2024\/02\/23\/kelly-diniz-presidente-da-brasilux-destaca-o-potencial-da-industria-do-interior-em-evento-de-lideres-em-sao-paulo\/","url_meta":{"origin":46133,"position":2},"title":"Kelly Diniz, presidente da Brasilux, destaca o potencial da ind\u00fastria do interior em evento de l\u00edderes em S\u00e3o Paulo","author":"ismaelcolosi.com.br","date":"23 de February de 2024","format":false,"excerpt":"23 de fevereiro de 2024 | 14:4423 de fevereiro de 2024 | 14:56 0Sab I CEO reuniu 50 CEOs das principais companhias brasileirasKelly Diniz, presidente da\u00a0Brasilux, foi uma das executivas de destaque no evento Sab | CEO, ocorrido de 31 de janeiro a 2 de fevereiro, em Ces\u00e1rio Lange, S\u00e3o\u2026","rel":"","context":"In &quot;Not\u00edcias de Ribeir\u00e3o Preto-SP e Regi\u00e3o&quot;","block_context":{"text":"Not\u00edcias de Ribeir\u00e3o Preto-SP e Regi\u00e3o","link":"https:\/\/ismaelcolosi.com.br\/index.php\/category\/noticias-de-ribeirao-preto-sp-e-regiao-ismael-colosi\/"},"img":{"alt_text":"","src":"https:\/\/i0.wp.com\/ismaelcolosi.com.br\/wp-content\/uploads\/2024\/02\/KellyDiniz-2-scaled-e1708710950853.jpg?fit=200%2C300&ssl=1&resize=350%2C200","width":350,"height":200},"classes":[]},{"id":74575,"url":"https:\/\/ismaelcolosi.com.br\/index.php\/2024\/11\/01\/jaboticabal-inicia-operacao-do-segundo-portico-free-flow-de-sao-paulo-novo-sistema-de-pedagio-sem-parada-garante-maior-fluidez-e-praticidade\/","url_meta":{"origin":46133,"position":3},"title":"Jaboticabal Inicia Opera\u00e7\u00e3o do Segundo P\u00f3rtico Free Flow de S\u00e3o Paulo: Novo Sistema de Ped\u00e1gio sem Parada Garante Maior Fluidez e Praticidade","author":"ismaelcolosi.com.br","date":"1 de November de 2024","format":false,"excerpt":"Jaboticabal passou a operar, nesta semana, o segundo p\u00f3rtico de ped\u00e1gio Free Flow do estado de S\u00e3o Paulo, sistema que permite a passagem de ve\u00edculos sem a necessidade de parada. A tecnologia, que inaugura uma nova fase na cobran\u00e7a de ped\u00e1gios, tem como principal objetivo otimizar o tr\u00e2nsito e aumentar\u2026","rel":"","context":"In &quot;Not\u00edcias de Ribeir\u00e3o Preto-SP e Regi\u00e3o&quot;","block_context":{"text":"Not\u00edcias de Ribeir\u00e3o Preto-SP e Regi\u00e3o","link":"https:\/\/ismaelcolosi.com.br\/index.php\/category\/noticias-de-ribeirao-preto-sp-e-regiao-ismael-colosi\/"},"img":{"alt_text":"","src":"https:\/\/i0.wp.com\/ismaelcolosi.com.br\/wp-content\/uploads\/2024\/11\/pedagio-free-flow-jaboticabal-1536x864-1-768x432-1.webp.webp?fit=768%2C432&ssl=1&resize=350%2C200","width":350,"height":200,"srcset":"https:\/\/i0.wp.com\/ismaelcolosi.com.br\/wp-content\/uploads\/2024\/11\/pedagio-free-flow-jaboticabal-1536x864-1-768x432-1.webp.webp?fit=768%2C432&ssl=1&resize=350%2C200 1x, https:\/\/i0.wp.com\/ismaelcolosi.com.br\/wp-content\/uploads\/2024\/11\/pedagio-free-flow-jaboticabal-1536x864-1-768x432-1.webp.webp?fit=768%2C432&ssl=1&resize=525%2C300 1.5x, https:\/\/i0.wp.com\/ismaelcolosi.com.br\/wp-content\/uploads\/2024\/11\/pedagio-free-flow-jaboticabal-1536x864-1-768x432-1.webp.webp?fit=768%2C432&ssl=1&resize=700%2C400 2x"},"classes":[]},{"id":62085,"url":"https:\/\/ismaelcolosi.com.br\/index.php\/2024\/08\/25\/tarcisio-confirma-prisoes-de-autores-de-incendios-no-interior-de-sp-video\/","url_meta":{"origin":46133,"position":4},"title":"Tarc\u00edsio confirma pris\u00f5es de autores de inc\u00eandios no interior de SP; V\u00eddeo","author":"ismaelcolosi.com.br","date":"25 de August de 2024","format":false,"excerpt":"O governador de S\u00e3o Paulo, Tarc\u00edsio de Freitas (REP), confirmou a pris\u00e3o de duas pessoas acusadas de provocarem inc\u00eandios criminosos. Na manh\u00e3 deste domingo (25), Tarc\u00edsio est\u00e1 em Ribeir\u00e3o Preto, uma das \u00e1reas mais atingidas pelos inc\u00eandios no interior de S\u00e3o Paulo. Em entrevista coletiva, realizada no aeroporto Leite Lopes,\u2026","rel":"","context":"In &quot;Not\u00edcias de Ribeir\u00e3o Preto-SP e Regi\u00e3o&quot;","block_context":{"text":"Not\u00edcias de Ribeir\u00e3o Preto-SP e Regi\u00e3o","link":"https:\/\/ismaelcolosi.com.br\/index.php\/category\/noticias-de-ribeirao-preto-sp-e-regiao-ismael-colosi\/"},"img":{"alt_text":"","src":"https:\/\/i0.wp.com\/ismaelcolosi.com.br\/wp-content\/uploads\/2024\/08\/tarcisio-ribeirao-preto_2024-08-25_15-54-19_jpg_2024-08-25_15-54-19.webp.webp?fit=1200%2C800&ssl=1&resize=350%2C200","width":350,"height":200,"srcset":"https:\/\/i0.wp.com\/ismaelcolosi.com.br\/wp-content\/uploads\/2024\/08\/tarcisio-ribeirao-preto_2024-08-25_15-54-19_jpg_2024-08-25_15-54-19.webp.webp?fit=1200%2C800&ssl=1&resize=350%2C200 1x, https:\/\/i0.wp.com\/ismaelcolosi.com.br\/wp-content\/uploads\/2024\/08\/tarcisio-ribeirao-preto_2024-08-25_15-54-19_jpg_2024-08-25_15-54-19.webp.webp?fit=1200%2C800&ssl=1&resize=525%2C300 1.5x, https:\/\/i0.wp.com\/ismaelcolosi.com.br\/wp-content\/uploads\/2024\/08\/tarcisio-ribeirao-preto_2024-08-25_15-54-19_jpg_2024-08-25_15-54-19.webp.webp?fit=1200%2C800&ssl=1&resize=700%2C400 2x, https:\/\/i0.wp.com\/ismaelcolosi.com.br\/wp-content\/uploads\/2024\/08\/tarcisio-ribeirao-preto_2024-08-25_15-54-19_jpg_2024-08-25_15-54-19.webp.webp?fit=1200%2C800&ssl=1&resize=1050%2C600 3x"},"classes":[]},{"id":35892,"url":"https:\/\/ismaelcolosi.com.br\/index.php\/2024\/02\/07\/ribeirao-preto-confirma-300-casos-de-dengue-em-uma-semana\/","url_meta":{"origin":46133,"position":5},"title":"Ribeir\u00e3o Preto confirma 300 casos de dengue em uma semana","author":"ismaelcolosi.com.br","date":"7 de February de 2024","format":false,"excerpt":"A Secretaria Municipal da Sa\u00fade divulgou nesta quarta-feira (7), os n\u00fameros atualizados de casos de dengue em Ribeir\u00e3o Preto.\u00a0 A cidade ultrapassou os mil casos confirmados da doen\u00e7a. At\u00e9 o dia 31 de janeiro, eram 975 casos positivos e 3.203 suspeitos. Agora, s\u00e3o 1.279 confirmados e 4.006 est\u00e3o sendo investigados.\u2026","rel":"","context":"In &quot;Not\u00edcias de Ribeir\u00e3o Preto-SP e Regi\u00e3o&quot;","block_context":{"text":"Not\u00edcias de Ribeir\u00e3o Preto-SP e Regi\u00e3o","link":"https:\/\/ismaelcolosi.com.br\/index.php\/category\/noticias-de-ribeirao-preto-sp-e-regiao-ismael-colosi\/"},"img":{"alt_text":"","src":"https:\/\/i0.wp.com\/ismaelcolosi.com.br\/wp-content\/uploads\/2024\/02\/1707345664_mosquito-scaled.jpg?fit=1200%2C1007&ssl=1&resize=350%2C200","width":350,"height":200,"srcset":"https:\/\/i0.wp.com\/ismaelcolosi.com.br\/wp-content\/uploads\/2024\/02\/1707345664_mosquito-scaled.jpg?fit=1200%2C1007&ssl=1&resize=350%2C200 1x, https:\/\/i0.wp.com\/ismaelcolosi.com.br\/wp-content\/uploads\/2024\/02\/1707345664_mosquito-scaled.jpg?fit=1200%2C1007&ssl=1&resize=525%2C300 1.5x, https:\/\/i0.wp.com\/ismaelcolosi.com.br\/wp-content\/uploads\/2024\/02\/1707345664_mosquito-scaled.jpg?fit=1200%2C1007&ssl=1&resize=700%2C400 2x, https:\/\/i0.wp.com\/ismaelcolosi.com.br\/wp-content\/uploads\/2024\/02\/1707345664_mosquito-scaled.jpg?fit=1200%2C1007&ssl=1&resize=1050%2C600 3x"},"classes":[]}],"jetpack_sharing_enabled":true,"jetpack_shortlink":"https:\/\/wp.me\/pfMlyK-c05","_links":{"self":[{"href":"https:\/\/ismaelcolosi.com.br\/index.php\/wp-json\/wp\/v2\/posts\/46133","targetHints":{"allow":["GET"]}}],"collection":[{"href":"https:\/\/ismaelcolosi.com.br\/index.php\/wp-json\/wp\/v2\/posts"}],"about":[{"href":"https:\/\/ismaelcolosi.com.br\/index.php\/wp-json\/wp\/v2\/types\/post"}],"author":[{"embeddable":true,"href":"https:\/\/ismaelcolosi.com.br\/index.php\/wp-json\/wp\/v2\/users\/1"}],"replies":[{"embeddable":true,"href":"https:\/\/ismaelcolosi.com.br\/index.php\/wp-json\/wp\/v2\/comments?post=46133"}],"version-history":[{"count":0,"href":"https:\/\/ismaelcolosi.com.br\/index.php\/wp-json\/wp\/v2\/posts\/46133\/revisions"}],"wp:featuredmedia":[{"embeddable":true,"href":"https:\/\/ismaelcolosi.com.br\/index.php\/wp-json\/wp\/v2\/media\/46134"}],"wp:attachment":[{"href":"https:\/\/ismaelcolosi.com.br\/index.php\/wp-json\/wp\/v2\/media?parent=46133"}],"wp:term":[{"taxonomy":"category","embeddable":true,"href":"https:\/\/ismaelcolosi.com.br\/index.php\/wp-json\/wp\/v2\/categories?post=46133"},{"taxonomy":"post_tag","embeddable":true,"href":"https:\/\/ismaelcolosi.com.br\/index.php\/wp-json\/wp\/v2\/tags?post=46133"}],"curies":[{"name":"wp","href":"https:\/\/api.w.org\/{rel}","templated":true}]}}