{"id":4613,"date":"2023-11-21T21:00:00","date_gmt":"2023-11-22T00:00:00","guid":{"rendered":"https:\/\/ismaelcolosi.com.br\/index.php\/2023\/11\/21\/vereadora-denuncia-ter-sido-vitima-de-transfobia-em-camara-de-cidade-na-regiao-de-ribeirao\/"},"modified":"2023-11-21T21:00:00","modified_gmt":"2023-11-22T00:00:00","slug":"vereadora-denuncia-ter-sido-vitima-de-transfobia-em-camara-de-cidade-na-regiao-de-ribeirao","status":"publish","type":"post","link":"https:\/\/ismaelcolosi.com.br\/index.php\/2023\/11\/21\/vereadora-denuncia-ter-sido-vitima-de-transfobia-em-camara-de-cidade-na-regiao-de-ribeirao\/","title":{"rendered":"Vereadora denuncia ter sido v\u00edtima de transfobia em C\u00e2mara de cidade na regi\u00e3o de Ribeir\u00e3o"},"content":{"rendered":"<p> <br \/>\n<\/p>\n<div>\n<p>Em<strong> Patroc\u00ednio Paulista<\/strong>, cidade na regi\u00e3o de <strong>Ribeir\u00e3o Preto<\/strong>, a vereadora Dandara Ferreira (MDB) registrou um <strong>boletim de ocorr\u00eancia por transfobia<\/strong>, contra o tamb\u00e9m vereador Alcides Resende (Cidadania).<\/p>\n<p>A vereadora, que \u00e9 uma mulher transexual, alega ter sido v\u00edtima de inj\u00faria racial <mark style=\"background-color:#fcb900\" class=\"has-inline-color\">durante uma discuss\u00e3o na C\u00e2mara Municipal dos Vereadores, sobre a utiliza\u00e7\u00e3o dos banheiros no local, no dia 14 de novembro.<\/mark><\/p>\n<p><strong>Um v\u00eddeo feito durante a sess\u00e3o <\/strong>mostra o vereador contestando a sexualidade de Dandara, ao responder a pergunta de um morador que estava na plateia e sugeriu que as placas de masculino e feminino fossem retiradas.<\/p>\n<blockquote class=\"wp-block-quote\">\n<p>\u201cEu n\u00e3o concordo, n\u00e3o. A\u00ed voc\u00ea j\u00e1 pensou? A minha mulher est\u00e1 no banheiro, a\u00ed ela entra l\u00e1, porque, para mim, infelizmente, ela \u00e9 ele at\u00e9 que prove o contr\u00e1rio. Inclusive os documentos dele a\u00ed est\u00e1 Danilo n\u00e3o sei das quantas. Entendeu?\u201d, disse o vereador no v\u00eddeo.<\/p>\n<\/blockquote>\n<p>O epis\u00f3dio aconteceu ap\u00f3s a vereadora dizer que precisava ir ao banheiro. Ela aproveitou a ocasi\u00e3o para <strong>cobrar o presidente da C\u00e2mara sobre um requerimento protocolado pela mesma, onde seria determinado qual banheiro ela deveria utilizar.<\/strong><\/p>\n<p>Ap\u00f3s tomar conhecimento das falas de Alcides, a vereadora procurou a Pol\u00edcia Civil. \u201cEu sou uma mulher trans com todo o respeito. Eu estou muito triste, muito magoada, mexeu com meus sentimentos. Para chegar aonde eu cheguei, eu j\u00e1 apanhei muito na vida. Eu vou fazer 45 anos e agora eu quero justi\u00e7a\u201d, disse Dandara.<\/p>\n<h4 class=\"wp-block-heading\"><strong>O que diz o vereador<\/strong><\/h4>\n<p>Questionado sobre as falas, o vereador <strong>nega que tenha sido preconceituoso<\/strong> e que ele expos a sua opini\u00e3o.<\/p>\n<p>\u201cFoi s\u00f3 a minha opini\u00e3o com rela\u00e7\u00e3o \u00e0 resposta de um rapaz da plateia, que disse que estava f\u00e1cil resolver o problema do banheiro da vereadora com o presidente\u201d, disse o homem.<\/p>\n<p>Questionada sobre o ocorrido, a<strong> C\u00e2mara Municipal de Patroc\u00ednio Paulista<\/strong> informou que o assunto ser\u00e1 levado \u00e0 pr\u00f3xima sess\u00e3o e que medidas ser\u00e3o tomadas a depender da posi\u00e7\u00e3o dos vereadores. (com informa\u00e7\u00f5es da EPTV)<\/p>\n<p>VEJA TAMB\u00c9M<\/p>\n<p>C\u00e2mara de Ribeir\u00e3o Preto aprova nova mo\u00e7\u00e3o para presidente eleito da Argentina<\/p>\n<h4 class=\"wp-block-heading\"><strong><mark style=\"background-color:#fcb900\" class=\"has-inline-color\">FIQUE ON<\/mark><\/strong><\/h4>\n<p>Fique ligado em tudo que acontece em Ribeir\u00e3o Preto e regi\u00e3o. Siga os perfis do\u00a0<strong>acidade on\u00a0<\/strong>no\u00a0<a href=\"https:\/\/www.instagram.com\/acidadeonribeirao\" target=\"_blank\" rel=\"noreferrer noopener\">Instagram<\/a>\u00a0e no<a href=\"https:\/\/www.facebook.com\/acidadeonribeirao\" target=\"_blank\" rel=\"noreferrer noopener\">\u00a0Facebook.<\/a><br \/>Receba not\u00edcias do<strong>\u00a0acidade on<\/strong>\u00a0no WhatsApp.\u00a0<a href=\"https:\/\/chat.whatsapp.com\/Bnv2w66ZT4VDyZW3oiZ69n\" target=\"_blank\" rel=\"noreferrer noopener\">Para entrar no grupo, basta clicar aqui.<\/a><\/p>\n<p>Fa\u00e7a uma den\u00fancia ou sugira uma reportagem sobre a Ribeir\u00e3o Preto e regi\u00e3o pelo WhatsApp: (16) 99117 7802.<\/p>\n<p>LEIA MAIS<\/p>\n<p><a href=\"https:\/\/www.tudoep.com\/tudo-inovacao\/NOT,0,0,1867936,google-vai-limitar-backup-gratis-para-whatsapp.aspx\" target=\"_blank\" rel=\"noreferrer noopener\">Google vai limitar backup gr\u00e1tis para WhatsApp<\/a><\/p>\n<p><!-- AI CONTENT END 1 -->\n<\/div>\n<p><script async src=\"\/\/www.instagram.com\/embed.js\"><\/script><br \/>\n<br \/><br \/>\n<br \/><a href=\"https:\/\/www.acidadeon.com\/ribeiraopreto\/politica\/vereadora-denuncia-ter-sido-vitima-de-transfobia-em-camara-de-cidade-na-regiao-de-ribeirao\/\">Source link <\/a><\/p>\n<div class='code-block code-block-4' style='margin: 8px auto 8px 0; text-align: left; display: block; clear: both;'>\n\ud83d\udce2 Aviso Legal\n\nO site ismaelcolosi.com.br atua apenas como um canal de divulga\u00e7\u00e3o de oportunidades de emprego e n\u00e3o se responsabiliza pelo processo seletivo, contrata\u00e7\u00e3o ou qualquer outra etapa relacionada \u00e0s vagas publicadas. Todas as informa\u00e7\u00f5es s\u00e3o de responsabilidade dos anunciantes.\n\n\u26a0\ufe0f Aten\u00e7\u00e3o! Nunca pague por promessas de emprego nem compre cursos que garantam contrata\u00e7\u00e3o. Desconfie de qualquer cobran\u00e7a para participar de sele\u00e7\u00f5es.\n\n\n\n<\/div>\n<!-- CONTENT END 1 -->\n","protected":false},"excerpt":{"rendered":"<p>Em Patroc\u00ednio Paulista, cidade na regi\u00e3o de Ribeir\u00e3o Preto, a vereadora Dandara Ferreira (MDB) registrou um boletim de ocorr\u00eancia por transfobia, contra o tamb\u00e9m vereador&#8230;<\/p>\n","protected":false},"author":1,"featured_media":4614,"comment_status":"open","ping_status":"open","sticky":false,"template":"","format":"standard","meta":{"_uag_custom_page_level_css":"","advanced_seo_description":"","jetpack_seo_html_title":"","jetpack_seo_noindex":false,"jetpack_post_was_ever_published":false,"_jetpack_newsletter_access":"","_jetpack_dont_email_post_to_subs":false,"_jetpack_newsletter_tier_id":0,"_jetpack_memberships_contains_paywalled_content":false,"_jetpack_memberships_contains_paid_content":false,"footnotes":"","jetpack_publicize_message":"","jetpack_publicize_feature_enabled":true,"jetpack_social_post_already_shared":true,"jetpack_social_options":{"image_generator_settings":{"template":"highway","default_image_id":0,"font":"","enabled":false},"version":2}},"categories":[11],"tags":[154,273,501,277,26,503,502,504,500,391],"class_list":["post-4613","post","type-post","status-publish","format-standard","has-post-thumbnail","hentry","category-noticias-de-ribeirao-preto-sp-e-regiao-ismael-colosi","tag-camara","tag-cidade","tag-denuncia","tag-regiao","tag-ribeirao","tag-sido","tag-ter","tag-transfobia","tag-vereadora","tag-vitima"],"jetpack_publicize_connections":[],"jetpack_featured_media_url":"https:\/\/i0.wp.com\/ismaelcolosi.com.br\/wp-content\/uploads\/2023\/11\/Vereadora.png?fit=1205%2C711&ssl=1","uagb_featured_image_src":{"full":["https:\/\/i0.wp.com\/ismaelcolosi.com.br\/wp-content\/uploads\/2023\/11\/Vereadora.png?fit=1205%2C711&ssl=1",1205,711,false],"thumbnail":["https:\/\/i0.wp.com\/ismaelcolosi.com.br\/wp-content\/uploads\/2023\/11\/Vereadora.png?resize=150%2C150&ssl=1",150,150,true],"medium":["https:\/\/i0.wp.com\/ismaelcolosi.com.br\/wp-content\/uploads\/2023\/11\/Vereadora.png?fit=300%2C177&ssl=1",300,177,true],"medium_large":["https:\/\/i0.wp.com\/ismaelcolosi.com.br\/wp-content\/uploads\/2023\/11\/Vereadora.png?fit=768%2C453&ssl=1",768,453,true],"large":["https:\/\/i0.wp.com\/ismaelcolosi.com.br\/wp-content\/uploads\/2023\/11\/Vereadora.png?fit=1024%2C604&ssl=1",1024,604,true],"1536x1536":["https:\/\/i0.wp.com\/ismaelcolosi.com.br\/wp-content\/uploads\/2023\/11\/Vereadora.png?fit=1205%2C711&ssl=1",1205,711,true],"2048x2048":["https:\/\/i0.wp.com\/ismaelcolosi.com.br\/wp-content\/uploads\/2023\/11\/Vereadora.png?fit=1205%2C711&ssl=1",1205,711,true],"really-simple-thumb":["https:\/\/i0.wp.com\/ismaelcolosi.com.br\/wp-content\/uploads\/2023\/11\/Vereadora.png?resize=370%2C247&ssl=1",370,247,true]},"uagb_author_info":{"display_name":"ismaelcolosi.com.br","author_link":"https:\/\/ismaelcolosi.com.br\/index.php\/author\/vidareal-online\/"},"uagb_comment_info":0,"uagb_excerpt":"Em Patroc\u00ednio Paulista, cidade na regi\u00e3o de Ribeir\u00e3o Preto, a vereadora Dandara Ferreira (MDB) registrou um boletim de ocorr\u00eancia por transfobia, contra o tamb\u00e9m vereador...","jetpack-related-posts":[{"id":38931,"url":"https:\/\/ismaelcolosi.com.br\/index.php\/2024\/02\/22\/tjsp-mantem-condenacao-de-homens-por-discriminar-agente-de-saude-na-regiao\/","url_meta":{"origin":4613,"position":0},"title":"TJSP mant\u00e9m condena\u00e7\u00e3o de homens por discriminar agente de sa\u00fade na regi\u00e3o","author":"ismaelcolosi.com.br","date":"22 de February de 2024","format":false,"excerpt":"Trio foi condenado por transfobia contra uma mulher transg\u00eanero ocorrida em Araraquara, ap\u00f3s decis\u00e3o un\u00e2nime 22 de fevereiro de 2024 | 12:42 0Por: Adalberto LuqueO Tribunal de Justi\u00e7a de S\u00e3o Paulo (TJSP) manteve a condena\u00e7\u00e3o de tr\u00eas homens pelo crime de transfobia. Eles teriam discriminado uma mulher transg\u00eanero que trabalhava\u2026","rel":"","context":"In &quot;Not\u00edcias de Ribeir\u00e3o Preto-SP e Regi\u00e3o&quot;","block_context":{"text":"Not\u00edcias de Ribeir\u00e3o Preto-SP e Regi\u00e3o","link":"https:\/\/ismaelcolosi.com.br\/index.php\/category\/noticias-de-ribeirao-preto-sp-e-regiao-ismael-colosi\/"},"img":{"alt_text":"","src":"https:\/\/i0.wp.com\/ismaelcolosi.com.br\/wp-content\/uploads\/2024\/02\/00-22-fev-2024-condenados-tjsp-foto-divulgacao.jpg?fit=562%2C375&ssl=1&resize=350%2C200","width":350,"height":200,"srcset":"https:\/\/i0.wp.com\/ismaelcolosi.com.br\/wp-content\/uploads\/2024\/02\/00-22-fev-2024-condenados-tjsp-foto-divulgacao.jpg?fit=562%2C375&ssl=1&resize=350%2C200 1x, https:\/\/i0.wp.com\/ismaelcolosi.com.br\/wp-content\/uploads\/2024\/02\/00-22-fev-2024-condenados-tjsp-foto-divulgacao.jpg?fit=562%2C375&ssl=1&resize=525%2C300 1.5x"},"classes":[]},{"id":42110,"url":"https:\/\/ismaelcolosi.com.br\/index.php\/2024\/03\/12\/lula-anuncia-estudo-federal-em-rp-ao-lado-de-alckmin-e-vereadora-duda-hidalgo\/","url_meta":{"origin":4613,"position":1},"title":"Lula anuncia estudo Federal em RP ao lado de Alckmin e vereadora Duda Hidalgo","author":"ismaelcolosi.com.br","date":"12 de March de 2024","format":false,"excerpt":"12 de mar\u00e7o de 2024 | 21:22 0Nesta ter\u00e7a-feira, 12 de mar\u00e7o, em meio a uma cerim\u00f4nia de an\u00fancio de mais de cem unidades novas de institutos federais, a cidade de Ribeir\u00e3o Preto foi contemplada de forma in\u00e9dita para ter o seu primeiro campi de instituto federal na cidade. Ap\u00f3s\u2026","rel":"","context":"In &quot;Not\u00edcias de Ribeir\u00e3o Preto-SP e Regi\u00e3o&quot;","block_context":{"text":"Not\u00edcias de Ribeir\u00e3o Preto-SP e Regi\u00e3o","link":"https:\/\/ismaelcolosi.com.br\/index.php\/category\/noticias-de-ribeirao-preto-sp-e-regiao-ismael-colosi\/"},"img":{"alt_text":"","src":"https:\/\/i0.wp.com\/ismaelcolosi.com.br\/wp-content\/uploads\/2024\/03\/085c9510-9625-468c-8f7b-096faf97b828-1-scaled.jpg?fit=968%2C645&ssl=1&resize=350%2C200","width":350,"height":200,"srcset":"https:\/\/i0.wp.com\/ismaelcolosi.com.br\/wp-content\/uploads\/2024\/03\/085c9510-9625-468c-8f7b-096faf97b828-1-scaled.jpg?fit=968%2C645&ssl=1&resize=350%2C200 1x, https:\/\/i0.wp.com\/ismaelcolosi.com.br\/wp-content\/uploads\/2024\/03\/085c9510-9625-468c-8f7b-096faf97b828-1-scaled.jpg?fit=968%2C645&ssl=1&resize=525%2C300 1.5x, https:\/\/i0.wp.com\/ismaelcolosi.com.br\/wp-content\/uploads\/2024\/03\/085c9510-9625-468c-8f7b-096faf97b828-1-scaled.jpg?fit=968%2C645&ssl=1&resize=700%2C400 2x"},"classes":[]},{"id":910,"url":"https:\/\/ismaelcolosi.com.br\/index.php\/2023\/11\/09\/vereadora-quer-dia-do-ze-pelintra-em-ribeirao-preto-entenda\/","url_meta":{"origin":4613,"position":2},"title":"Vereadora quer Dia do Z\u00e9 Pelintra em Ribeir\u00e3o Preto; Entenda","author":"ismaelcolosi.com.br","date":"9 de November de 2023","format":false,"excerpt":"A vereadora Duda Hidalgo (PT) protocolou um projeto de lei que institui e inclui no calend\u00e1rio oficial de eventos de Ribeir\u00e3o Preto o Dia do Z\u00e9 Pelintra, cultuado por religi\u00f5es de matriz africana. Segundo a proposta, que deu entrada na C\u00e2mara Municipal na \u00faltima quarta-feira (8), o Dia do Z\u00e9\u2026","rel":"","context":"In &quot;Not\u00edcias de Ribeir\u00e3o Preto-SP e Regi\u00e3o&quot;","block_context":{"text":"Not\u00edcias de Ribeir\u00e3o Preto-SP e Regi\u00e3o","link":"https:\/\/ismaelcolosi.com.br\/index.php\/category\/noticias-de-ribeirao-preto-sp-e-regiao-ismael-colosi\/"},"img":{"alt_text":"","src":"https:\/\/i0.wp.com\/ismaelcolosi.com.br\/wp-content\/uploads\/2023\/11\/ze-pelintra-scaled.jpg?fit=1200%2C800&ssl=1&resize=350%2C200","width":350,"height":200,"srcset":"https:\/\/i0.wp.com\/ismaelcolosi.com.br\/wp-content\/uploads\/2023\/11\/ze-pelintra-scaled.jpg?fit=1200%2C800&ssl=1&resize=350%2C200 1x, https:\/\/i0.wp.com\/ismaelcolosi.com.br\/wp-content\/uploads\/2023\/11\/ze-pelintra-scaled.jpg?fit=1200%2C800&ssl=1&resize=525%2C300 1.5x, https:\/\/i0.wp.com\/ismaelcolosi.com.br\/wp-content\/uploads\/2023\/11\/ze-pelintra-scaled.jpg?fit=1200%2C800&ssl=1&resize=700%2C400 2x, https:\/\/i0.wp.com\/ismaelcolosi.com.br\/wp-content\/uploads\/2023\/11\/ze-pelintra-scaled.jpg?fit=1200%2C800&ssl=1&resize=1050%2C600 3x"},"classes":[]},{"id":6583,"url":"https:\/\/ismaelcolosi.com.br\/index.php\/2023\/11\/26\/mesa-da-camara-de-ribeirao-tem-eleicao-nesta-semana-veja-como-esta-a-disputa\/","url_meta":{"origin":4613,"position":3},"title":"Mesa da C\u00e2mara de Ribeir\u00e3o tem elei\u00e7\u00e3o nesta semana; Veja como est\u00e1 a disputa","author":"ismaelcolosi.com.br","date":"26 de November de 2023","format":false,"excerpt":"A elei\u00e7\u00e3o para presid\u00eancia da Mesa Diretora da C\u00e2mara de Ribeir\u00e3o Preto para 2024 acontece na pr\u00f3xima quinta-feira (30). E o pleito t\u00edmido caminha para reconduzir ao cargo o atual presidente, Franco Ferro (PRTB). O que \u00e9? O presidente da Mesa Diretora \u00e9 respons\u00e1vel pelos trabalhos administrativos do Legislativo, al\u00e9m\u2026","rel":"","context":"In &quot;Not\u00edcias de Ribeir\u00e3o Preto-SP e Regi\u00e3o&quot;","block_context":{"text":"Not\u00edcias de Ribeir\u00e3o Preto-SP e Regi\u00e3o","link":"https:\/\/ismaelcolosi.com.br\/index.php\/category\/noticias-de-ribeirao-preto-sp-e-regiao-ismael-colosi\/"},"img":{"alt_text":"","src":"https:\/\/i0.wp.com\/ismaelcolosi.com.br\/wp-content\/uploads\/2023\/11\/camara-de-ribeirao-preto.jpg?fit=1200%2C800&ssl=1&resize=350%2C200","width":350,"height":200,"srcset":"https:\/\/i0.wp.com\/ismaelcolosi.com.br\/wp-content\/uploads\/2023\/11\/camara-de-ribeirao-preto.jpg?fit=1200%2C800&ssl=1&resize=350%2C200 1x, https:\/\/i0.wp.com\/ismaelcolosi.com.br\/wp-content\/uploads\/2023\/11\/camara-de-ribeirao-preto.jpg?fit=1200%2C800&ssl=1&resize=525%2C300 1.5x, https:\/\/i0.wp.com\/ismaelcolosi.com.br\/wp-content\/uploads\/2023\/11\/camara-de-ribeirao-preto.jpg?fit=1200%2C800&ssl=1&resize=700%2C400 2x, https:\/\/i0.wp.com\/ismaelcolosi.com.br\/wp-content\/uploads\/2023\/11\/camara-de-ribeirao-preto.jpg?fit=1200%2C800&ssl=1&resize=1050%2C600 3x"},"classes":[]},{"id":69688,"url":"https:\/\/ismaelcolosi.com.br\/index.php\/2024\/10\/07\/pt-elege-as-tres-mulheres-da-camara-de-ribeirao-preto-a-partir-de-2025\/","url_meta":{"origin":4613,"position":4},"title":"PT elege as tr\u00eas mulheres da C\u00e2mara de Ribeir\u00e3o Preto a partir de 2025","author":"ismaelcolosi.com.br","date":"7 de October de 2024","format":false,"excerpt":"As mulheres continuar\u00e3o com apenas tr\u00eas representantes na C\u00e2mara Municipal de Ribeir\u00e3o Preto a partir de 1\u00ba de janeiro de 2025. Duda Hidalgo, Perla M\u00fcller e Judeti Zilli, do Coletivo Popular, ambas do PT, foram eleitas no primeiro turno das elei\u00e7\u00f5es municipais, realizado no \u00faltimo domingo (6). Todas as parlamentares,\u2026","rel":"","context":"In &quot;Not\u00edcias de Ribeir\u00e3o Preto-SP e Regi\u00e3o&quot;","block_context":{"text":"Not\u00edcias de Ribeir\u00e3o Preto-SP e Regi\u00e3o","link":"https:\/\/ismaelcolosi.com.br\/index.php\/category\/noticias-de-ribeirao-preto-sp-e-regiao-ismael-colosi\/"},"img":{"alt_text":"","src":"https:\/\/i0.wp.com\/ismaelcolosi.com.br\/wp-content\/uploads\/2024\/10\/mulheres-camara_2024-10-07_16-04-38_jpeg_2024-10-07_16-04-38.webp.webp?fit=1200%2C674&ssl=1&resize=350%2C200","width":350,"height":200,"srcset":"https:\/\/i0.wp.com\/ismaelcolosi.com.br\/wp-content\/uploads\/2024\/10\/mulheres-camara_2024-10-07_16-04-38_jpeg_2024-10-07_16-04-38.webp.webp?fit=1200%2C674&ssl=1&resize=350%2C200 1x, https:\/\/i0.wp.com\/ismaelcolosi.com.br\/wp-content\/uploads\/2024\/10\/mulheres-camara_2024-10-07_16-04-38_jpeg_2024-10-07_16-04-38.webp.webp?fit=1200%2C674&ssl=1&resize=525%2C300 1.5x, https:\/\/i0.wp.com\/ismaelcolosi.com.br\/wp-content\/uploads\/2024\/10\/mulheres-camara_2024-10-07_16-04-38_jpeg_2024-10-07_16-04-38.webp.webp?fit=1200%2C674&ssl=1&resize=700%2C400 2x, https:\/\/i0.wp.com\/ismaelcolosi.com.br\/wp-content\/uploads\/2024\/10\/mulheres-camara_2024-10-07_16-04-38_jpeg_2024-10-07_16-04-38.webp.webp?fit=1200%2C674&ssl=1&resize=1050%2C600 3x"},"classes":[]},{"id":25013,"url":"https:\/\/ismaelcolosi.com.br\/index.php\/2024\/01\/05\/camara-de-sp-quer-cpi-para-apurar-atuacao-de-julio-lancelloti\/","url_meta":{"origin":4613,"position":5},"title":"C\u00e2mara de SP quer CPI para apurar atua\u00e7\u00e3o de Julio Lancelloti \u2013 Folha de Ribeir\u00e3o","author":"ismaelcolosi.com.br","date":"5 de January de 2024","format":false,"excerpt":"Acabado o recesso parlamentar no final de janeiro, a C\u00e2mara Municipal de S\u00e3o Paulo dever\u00e1 abrir uma comiss\u00e3o parlamentar de inqu\u00e9rito (CPI) para investigar organiza\u00e7\u00f5es n\u00e3o governamentais (ONGs) que atuam na regi\u00e3o da Cracol\u00e2ndia, nome popular que era dado a uma regi\u00e3o no centro da capital paulista ocupada por usu\u00e1rios\u2026","rel":"","context":"In &quot;Not\u00edcias de Ribeir\u00e3o Preto-SP e Regi\u00e3o&quot;","block_context":{"text":"Not\u00edcias de Ribeir\u00e3o Preto-SP e Regi\u00e3o","link":"https:\/\/ismaelcolosi.com.br\/index.php\/category\/noticias-de-ribeirao-preto-sp-e-regiao-ismael-colosi\/"},"img":{"alt_text":"","src":"","width":0,"height":0},"classes":[]}],"jetpack_sharing_enabled":true,"jetpack_shortlink":"https:\/\/wp.me\/pfMlyK-1cp","_links":{"self":[{"href":"https:\/\/ismaelcolosi.com.br\/index.php\/wp-json\/wp\/v2\/posts\/4613","targetHints":{"allow":["GET"]}}],"collection":[{"href":"https:\/\/ismaelcolosi.com.br\/index.php\/wp-json\/wp\/v2\/posts"}],"about":[{"href":"https:\/\/ismaelcolosi.com.br\/index.php\/wp-json\/wp\/v2\/types\/post"}],"author":[{"embeddable":true,"href":"https:\/\/ismaelcolosi.com.br\/index.php\/wp-json\/wp\/v2\/users\/1"}],"replies":[{"embeddable":true,"href":"https:\/\/ismaelcolosi.com.br\/index.php\/wp-json\/wp\/v2\/comments?post=4613"}],"version-history":[{"count":0,"href":"https:\/\/ismaelcolosi.com.br\/index.php\/wp-json\/wp\/v2\/posts\/4613\/revisions"}],"wp:featuredmedia":[{"embeddable":true,"href":"https:\/\/ismaelcolosi.com.br\/index.php\/wp-json\/wp\/v2\/media\/4614"}],"wp:attachment":[{"href":"https:\/\/ismaelcolosi.com.br\/index.php\/wp-json\/wp\/v2\/media?parent=4613"}],"wp:term":[{"taxonomy":"category","embeddable":true,"href":"https:\/\/ismaelcolosi.com.br\/index.php\/wp-json\/wp\/v2\/categories?post=4613"},{"taxonomy":"post_tag","embeddable":true,"href":"https:\/\/ismaelcolosi.com.br\/index.php\/wp-json\/wp\/v2\/tags?post=4613"}],"curies":[{"name":"wp","href":"https:\/\/api.w.org\/{rel}","templated":true}]}}