{"id":46128,"date":"2024-04-09T18:13:04","date_gmt":"2024-04-09T21:13:04","guid":{"rendered":"https:\/\/ismaelcolosi.com.br\/index.php\/2024\/04\/09\/entenda-a-frente-fria-que-deve-atingir-o-estado-de-sp\/"},"modified":"2024-04-09T18:13:04","modified_gmt":"2024-04-09T21:13:04","slug":"entenda-a-frente-fria-que-deve-atingir-o-estado-de-sp","status":"publish","type":"post","link":"https:\/\/ismaelcolosi.com.br\/index.php\/2024\/04\/09\/entenda-a-frente-fria-que-deve-atingir-o-estado-de-sp\/","title":{"rendered":"Entenda a frente fria que deve atingir o estado de SP"},"content":{"rendered":"<p> <br \/>\n<\/p>\n<div>\n<p>Uma nova <strong>frente fria<\/strong> deve atingir o <strong>estado de S\u00e3o Paulo<\/strong>, a partir desta quinta-feira (11), trazendo mais <strong>umidade <\/strong>e maiores <strong>condi\u00e7\u00f5es de chuva<\/strong> no final desta semana, de acordo com a <strong><a href=\"https:\/\/www.climatempo.com.br\/\" target=\"_blank\" rel=\"noreferrer noopener\">Climatempo<\/a><\/strong>.<\/p>\n<p>A previs\u00e3o indica que esse sistema come\u00e7a a avan\u00e7ar da <strong>Argentina<\/strong>, nesta ter\u00e7a-feira (09), e \u00e0 noite se aproxima do <strong>Rio Grande do Sul<\/strong>.<\/p><div class='code-block code-block-8' style='margin: 8px auto; text-align: center; display: block; clear: both;'>\n<script>\n  atOptions = {\n    'key' : '66e2e2111ca34da796271819fc334058',\n    'format' : 'iframe',\n    'height' : 250,\n    'width' : 300,\n    'params' : {}\n  };\n<\/script>\n<script src=\"https:\/\/www.highperformanceformat.com\/66e2e2111ca34da796271819fc334058\/invoke.js\"><\/script>\n<\/div>\n\n<p><mark style=\"background-color:#fcb900\" class=\"has-inline-color\">Contudo, essa<strong> frente fria<\/strong> atinge a regi\u00e3o Sul na quarta-feira (10), e uma <strong>massa de ar frio<\/strong> ser\u00e1 impulsionada ao centro-sul do pa\u00eds.<\/mark><\/p>\n<p>\u201cConforme o sistema avan\u00e7a, a entrada do ar frio deve provocar queda acentuada nas temperaturas\u201d. Ainda de acordo com a meteorologia, teremos um per\u00edodo de ar frio mais prolongado, mas <strong>n\u00e3o extremo<\/strong>.<\/p>\n<h3 class=\"wp-block-heading\"><strong>Frente fria em SP<\/strong><\/h3>\n<p>Essa <strong>frente fria<\/strong> est\u00e1 prevista para chegar \u00e0 altura do Litoral Sul de S\u00e3o Paulo, na quinta-feira, o que <strong>aumenta a condi\u00e7\u00e3o de chuva no fim desta semana devido \u00e0 presen\u00e7a de mais umidade.<\/strong><\/p>\n<figure class=\"wp-block-pullquote\">\n<blockquote>\n<p>A entrada do ar frio na retaguarda do sistema, tamb\u00e9m vai provocar diminui\u00e7\u00e3o nas temperaturas na cidade de SP e no litoral paulista<\/p>\n<p><cite>Climatempo<\/cite><\/p><\/blockquote>\n<\/figure>\n<p>De acordo com o <strong>Instituto Nacional de Meteorologia (Inmet)<\/strong>, \u201cexiste previs\u00e3o de pancadas de chuvas com volumes que podem ultrapassar os 60 mm, especialmente no final desta semana\u201d.<\/p>\n<h4 class=\"wp-block-heading\"><strong>E como fica Ribeir\u00e3o Preto?<\/strong><\/h4>\n<p>Em <strong>Ribeir\u00e3o Preto<\/strong>, a meteorologia prev\u00ea pancadas de chuva durante toda a semana, a partir desta ter\u00e7a-feira. As temperaturas, no entanto, devem come\u00e7ar a cair somente na semana que vem.<\/p>\n<h3 class=\"wp-block-heading\"><strong>O que \u00e9 uma frente fria?<\/strong><\/h3>\n<p>Segundo o <strong>Inmet<\/strong>, \u201ca faixa de transi\u00e7\u00e3o entre massas de ar frio das regi\u00f5es polares, que se deslocam em dire\u00e7\u00e3o \u00e0s regi\u00f5es tropicais (mais quentes), \u00e9 chamada de frente fria\u201d.<\/p>\n<p>Durante seu deslocamento, essa <strong>massa de ar frio encontra massas de ar com temperaturas mais elevadas<\/strong>, o que causa <strong>instabilidade <\/strong>na atmosfera e, consequentemente, as <strong>chuvas<\/strong>. <mark style=\"background-color:#fcb900\" class=\"has-inline-color\">Ap\u00f3s a passagem de uma frente fria, uma massa de ar frio e seco aparece em seguida.<\/mark><\/p>\n<hr class=\"wp-block-separator has-alpha-channel-opacity\"\/>\n<p>SAIBA MAIS<\/p>\n<p>Abril ter\u00e1 chuva de meteoros; Saiba como observar o fen\u00f4meno<\/p>\n<h4 class=\"wp-block-heading\"><strong><mark style=\"background-color:#fcb900\" class=\"has-inline-color\">FIQUE ON<\/mark><\/strong><\/h4>\n<p>Fique ligado em tudo que acontece em Ribeir\u00e3o Preto e regi\u00e3o. Siga os perfis do\u00a0<strong>acidade on\u00a0<\/strong>no\u00a0<a href=\"https:\/\/www.instagram.com\/acidadeonribeirao\" target=\"_blank\" rel=\"noreferrer noopener\">Instagram<\/a>\u00a0e no\u00a0<a href=\"https:\/\/www.facebook.com\/acidadeonribeirao\" target=\"_blank\" rel=\"noreferrer noopener\">Facebook<\/a>.<\/p>\n<p>Receba not\u00edcias do acidade on no WhatsApp. Para entrar no grupo, basta\u00a0<a href=\"https:\/\/chat.whatsapp.com\/GFH9HUMUTHNFJdnyEd0xxq\" target=\"_blank\" rel=\"noreferrer noopener\">clicar aqui<\/a>.<\/p>\n<p>Fa\u00e7a uma den\u00fancia ou sugira uma reportagem sobre Ribeir\u00e3o Preto e regi\u00e3o pelo WhatsApp: 16 99117 7802.<\/p>\n<p>VEJA TAMB\u00c9M<\/p>\n<p>Davi e Beatriz voltam a brigar no BBB 24: \u201cVoc\u00ea tem que amadurecer\u201d<\/p>\n<p><!-- AI CONTENT END 1 -->\n<\/div>\n<p><script async src=\"\/\/www.instagram.com\/embed.js\"><\/script><br \/>\n<br \/><br \/>\n<br \/><a href=\"https:\/\/www.acidadeon.com\/ribeiraopreto\/cotidiano\/entenda-a-frente-fria-que-deve-atingir-o-estado-de-sp\/\">Source link <\/a><\/p>\n<div class='code-block code-block-4' style='margin: 8px auto 8px 0; text-align: left; display: block; clear: both;'>\n\ud83d\udce2 Aviso Legal\n\nO site ismaelcolosi.com.br atua apenas como um canal de divulga\u00e7\u00e3o de oportunidades de emprego e n\u00e3o se responsabiliza pelo processo seletivo, contrata\u00e7\u00e3o ou qualquer outra etapa relacionada \u00e0s vagas publicadas. Todas as informa\u00e7\u00f5es s\u00e3o de responsabilidade dos anunciantes.\n\n\u26a0\ufe0f Aten\u00e7\u00e3o! Nunca pague por promessas de emprego nem compre cursos que garantam contrata\u00e7\u00e3o. Desconfie de qualquer cobran\u00e7a para participar de sele\u00e7\u00f5es.\n\n\n<div data-type=\"_mgwidget\" data-widget-id=\"2000896\">\n<\/div>\n<script>(function(w,q){w[q]=w[q]||[];w[q].push([\"_mgc.load\"])})(window,\"_mgq\");\n<\/script>\n<\/div>\n<!-- CONTENT END 1 -->\n","protected":false},"excerpt":{"rendered":"<p>Uma nova frente fria deve atingir o estado de S\u00e3o Paulo, a partir desta quinta-feira (11), trazendo mais umidade e maiores condi\u00e7\u00f5es de chuva no&#8230;<\/p>\n","protected":false},"author":1,"featured_media":46129,"comment_status":"open","ping_status":"open","sticky":false,"template":"","format":"standard","meta":{"_uag_custom_page_level_css":"","jetpack_post_was_ever_published":false,"_jetpack_newsletter_access":"","_jetpack_dont_email_post_to_subs":false,"_jetpack_newsletter_tier_id":0,"_jetpack_memberships_contains_paywalled_content":false,"_jetpack_memberships_contains_paid_content":false,"footnotes":"","jetpack_publicize_message":"","jetpack_publicize_feature_enabled":true,"jetpack_social_post_already_shared":true,"jetpack_social_options":{"image_generator_settings":{"template":"highway","default_image_id":0,"font":"","enabled":false},"version":2}},"categories":[11],"tags":[],"class_list":["post-46128","post","type-post","status-publish","format-standard","has-post-thumbnail","hentry","category-noticias-de-ribeirao-preto-sp-e-regiao-ismael-colosi"],"aioseo_notices":[],"jetpack_publicize_connections":[],"jetpack_featured_media_url":"https:\/\/i0.wp.com\/ismaelcolosi.com.br\/wp-content\/uploads\/2024\/04\/AnyConv.com__WhatsApp-Image-2024-04-05-at-15.03.28.webp.webp?fit=1600%2C737&ssl=1","uagb_featured_image_src":{"full":["https:\/\/i0.wp.com\/ismaelcolosi.com.br\/wp-content\/uploads\/2024\/04\/AnyConv.com__WhatsApp-Image-2024-04-05-at-15.03.28.webp.webp?fit=1600%2C737&ssl=1",1600,737,false],"thumbnail":["https:\/\/i0.wp.com\/ismaelcolosi.com.br\/wp-content\/uploads\/2024\/04\/AnyConv.com__WhatsApp-Image-2024-04-05-at-15.03.28.webp.webp?resize=150%2C150&ssl=1",150,150,true],"medium":["https:\/\/i0.wp.com\/ismaelcolosi.com.br\/wp-content\/uploads\/2024\/04\/AnyConv.com__WhatsApp-Image-2024-04-05-at-15.03.28.webp.webp?fit=300%2C138&ssl=1",300,138,true],"medium_large":["https:\/\/i0.wp.com\/ismaelcolosi.com.br\/wp-content\/uploads\/2024\/04\/AnyConv.com__WhatsApp-Image-2024-04-05-at-15.03.28.webp.webp?fit=768%2C354&ssl=1",768,354,true],"large":["https:\/\/i0.wp.com\/ismaelcolosi.com.br\/wp-content\/uploads\/2024\/04\/AnyConv.com__WhatsApp-Image-2024-04-05-at-15.03.28.webp.webp?fit=1024%2C472&ssl=1",1024,472,true],"1536x1536":["https:\/\/i0.wp.com\/ismaelcolosi.com.br\/wp-content\/uploads\/2024\/04\/AnyConv.com__WhatsApp-Image-2024-04-05-at-15.03.28.webp.webp?fit=1536%2C708&ssl=1",1536,708,true],"2048x2048":["https:\/\/i0.wp.com\/ismaelcolosi.com.br\/wp-content\/uploads\/2024\/04\/AnyConv.com__WhatsApp-Image-2024-04-05-at-15.03.28.webp.webp?fit=1600%2C737&ssl=1",1600,737,true],"really-simple-thumb":["https:\/\/i0.wp.com\/ismaelcolosi.com.br\/wp-content\/uploads\/2024\/04\/AnyConv.com__WhatsApp-Image-2024-04-05-at-15.03.28.webp.webp?resize=370%2C247&ssl=1",370,247,true]},"uagb_author_info":{"display_name":"ismaelcolosi.com.br","author_link":"https:\/\/ismaelcolosi.com.br\/index.php\/author\/vidareal-online\/"},"uagb_comment_info":0,"uagb_excerpt":"Uma nova frente fria deve atingir o estado de S\u00e3o Paulo, a partir desta quinta-feira (11), trazendo mais umidade e maiores condi\u00e7\u00f5es de chuva no...","jetpack-related-posts":[{"id":46284,"url":"https:\/\/ismaelcolosi.com.br\/index.php\/2024\/04\/10\/frente-fria-chega-ao-interior-de-sp-nesta-quinta-feira-veja-a-previsao\/","url_meta":{"origin":46128,"position":0},"title":"Frente fria chega ao interior de SP nesta quinta-feira; Veja a previs\u00e3o","author":"ismaelcolosi.com.br","date":"10 de April de 2024","format":false,"excerpt":"Uma frente fria formada na Argentina deve causar chuva e temperaturas mais amenas no Sul, antes de chegar ao Sudeste do pa\u00eds, incluindo o estado de S\u00e3o Paulo e o litoral paulista, nesta semana. A alta press\u00e3o que vem na retaguarda desse sistema deve trazer um pouco de ar frio,\u2026","rel":"","context":"In &quot;Not\u00edcias de Ribeir\u00e3o Preto-SP e Regi\u00e3o&quot;","block_context":{"text":"Not\u00edcias de Ribeir\u00e3o Preto-SP e Regi\u00e3o","link":"https:\/\/ismaelcolosi.com.br\/index.php\/category\/noticias-de-ribeirao-preto-sp-e-regiao-ismael-colosi\/"},"img":{"alt_text":"","src":"https:\/\/ismaelcolosi.com.br\/wp-content\/uploads\/2024\/04\/whatsapp_image_2022-08-08_at_07_42_08.jpe","width":350,"height":200,"srcset":"https:\/\/ismaelcolosi.com.br\/wp-content\/uploads\/2024\/04\/whatsapp_image_2022-08-08_at_07_42_08.jpe 1x, https:\/\/ismaelcolosi.com.br\/wp-content\/uploads\/2024\/04\/whatsapp_image_2022-08-08_at_07_42_08.jpe 1.5x, https:\/\/ismaelcolosi.com.br\/wp-content\/uploads\/2024\/04\/whatsapp_image_2022-08-08_at_07_42_08.jpe 2x, https:\/\/ismaelcolosi.com.br\/wp-content\/uploads\/2024\/04\/whatsapp_image_2022-08-08_at_07_42_08.jpe 3x"},"classes":[]},{"id":51572,"url":"https:\/\/ismaelcolosi.com.br\/index.php\/2024\/05\/28\/segunda-onda-de-frio-chega-ao-estado-de-sp-e-derruba-as-temperaturas\/","url_meta":{"origin":46128,"position":1},"title":"Segunda onda de frio chega ao estado de SP e derruba as temperaturas","author":"ismaelcolosi.com.br","date":"28 de May de 2024","format":false,"excerpt":"A segunda onda de frio de 2024 come\u00e7ou a se formar e deve derrubar as temperaturas no estado S\u00e3o Paulo, a apartir da noite desta ter\u00e7a-feira (28). De acordo com os meteorologistas, ap\u00f3s a forma\u00e7\u00e3o de ciclone extratropical e sua frente fria na segunda (27), a alta p\u00f3s frontal avan\u00e7ar\u00e1\u2026","rel":"","context":"In &quot;Not\u00edcias de Ribeir\u00e3o Preto-SP e Regi\u00e3o&quot;","block_context":{"text":"Not\u00edcias de Ribeir\u00e3o Preto-SP e Regi\u00e3o","link":"https:\/\/ismaelcolosi.com.br\/index.php\/category\/noticias-de-ribeirao-preto-sp-e-regiao-ismael-colosi\/"},"img":{"alt_text":"","src":"https:\/\/i0.wp.com\/ismaelcolosi.com.br\/wp-content\/uploads\/2024\/04\/AnyConv.com__frio.webp.webp?fit=1200%2C800&ssl=1&resize=350%2C200","width":350,"height":200,"srcset":"https:\/\/i0.wp.com\/ismaelcolosi.com.br\/wp-content\/uploads\/2024\/04\/AnyConv.com__frio.webp.webp?fit=1200%2C800&ssl=1&resize=350%2C200 1x, https:\/\/i0.wp.com\/ismaelcolosi.com.br\/wp-content\/uploads\/2024\/04\/AnyConv.com__frio.webp.webp?fit=1200%2C800&ssl=1&resize=525%2C300 1.5x, https:\/\/i0.wp.com\/ismaelcolosi.com.br\/wp-content\/uploads\/2024\/04\/AnyConv.com__frio.webp.webp?fit=1200%2C800&ssl=1&resize=700%2C400 2x, https:\/\/i0.wp.com\/ismaelcolosi.com.br\/wp-content\/uploads\/2024\/04\/AnyConv.com__frio.webp.webp?fit=1200%2C800&ssl=1&resize=1050%2C600 3x"},"classes":[]},{"id":51431,"url":"https:\/\/ismaelcolosi.com.br\/index.php\/2024\/05\/27\/ciclone-vai-atingir-sp-veja-a-previsao-do-tempo-para-o-interior-paulista\/","url_meta":{"origin":46128,"position":2},"title":"Ciclone vai atingir SP? Veja a previs\u00e3o do tempo para o interior paulista","author":"ismaelcolosi.com.br","date":"27 de May de 2024","format":false,"excerpt":"Uma nova massa de ar frio deve provocar mais uma queda das temperaturas em todo o interior do estado de S\u00e3o Paulo, a partir desta ter\u00e7a-feira (27). Segundo os meteorologistas, essa condi\u00e7\u00e3o acontece gra\u00e7as \u00e0 atua\u00e7\u00e3o de um ciclone extratropical que come\u00e7ou a se formar pr\u00f3ximo \u00e0 costa da regi\u00e3o\u2026","rel":"","context":"In &quot;Not\u00edcias de Ribeir\u00e3o Preto-SP e Regi\u00e3o&quot;","block_context":{"text":"Not\u00edcias de Ribeir\u00e3o Preto-SP e Regi\u00e3o","link":"https:\/\/ismaelcolosi.com.br\/index.php\/category\/noticias-de-ribeirao-preto-sp-e-regiao-ismael-colosi\/"},"img":{"alt_text":"","src":"https:\/\/i0.wp.com\/ismaelcolosi.com.br\/wp-content\/uploads\/2024\/05\/CicloneextratropicalgrandeeintensoprovocaalertaVejaaprevisodotempo_Tamanho_2_image.jpg?fit=1200%2C900&ssl=1&resize=350%2C200","width":350,"height":200,"srcset":"https:\/\/i0.wp.com\/ismaelcolosi.com.br\/wp-content\/uploads\/2024\/05\/CicloneextratropicalgrandeeintensoprovocaalertaVejaaprevisodotempo_Tamanho_2_image.jpg?fit=1200%2C900&ssl=1&resize=350%2C200 1x, https:\/\/i0.wp.com\/ismaelcolosi.com.br\/wp-content\/uploads\/2024\/05\/CicloneextratropicalgrandeeintensoprovocaalertaVejaaprevisodotempo_Tamanho_2_image.jpg?fit=1200%2C900&ssl=1&resize=525%2C300 1.5x, https:\/\/i0.wp.com\/ismaelcolosi.com.br\/wp-content\/uploads\/2024\/05\/CicloneextratropicalgrandeeintensoprovocaalertaVejaaprevisodotempo_Tamanho_2_image.jpg?fit=1200%2C900&ssl=1&resize=700%2C400 2x, https:\/\/i0.wp.com\/ismaelcolosi.com.br\/wp-content\/uploads\/2024\/05\/CicloneextratropicalgrandeeintensoprovocaalertaVejaaprevisodotempo_Tamanho_2_image.jpg?fit=1200%2C900&ssl=1&resize=1050%2C600 3x"},"classes":[]},{"id":54240,"url":"https:\/\/ismaelcolosi.com.br\/index.php\/2024\/06\/23\/primeira-massa-de-ar-frio-do-inverno-pode-atingir-o-estado-de-sp-veja-quando\/","url_meta":{"origin":46128,"position":3},"title":"Primeira massa de ar frio do inverno pode atingir o estado de SP; Veja quando","author":"ismaelcolosi.com.br","date":"23 de June de 2024","format":false,"excerpt":"A primeira massa de ar frio do inverno, que come\u00e7ou na \u00faltima quinta-feira (20), j\u00e1 tem data para chegar ao estado de S\u00e3o Paulo, de acordo com a meteorologia. Uma nova frente fria se formou atrav\u00e9s de duas \u00e1reas de baixa press\u00e3o atmosf\u00e9rica neste final de semana, contudo, esse sistema\u2026","rel":"","context":"In &quot;Not\u00edcias de Ribeir\u00e3o Preto-SP e Regi\u00e3o&quot;","block_context":{"text":"Not\u00edcias de Ribeir\u00e3o Preto-SP e Regi\u00e3o","link":"https:\/\/ismaelcolosi.com.br\/index.php\/category\/noticias-de-ribeirao-preto-sp-e-regiao-ismael-colosi\/"},"img":{"alt_text":"","src":"https:\/\/i0.wp.com\/ismaelcolosi.com.br\/wp-content\/uploads\/2024\/04\/AnyConv.com__frio.webp.webp?fit=1200%2C800&ssl=1&resize=350%2C200","width":350,"height":200,"srcset":"https:\/\/i0.wp.com\/ismaelcolosi.com.br\/wp-content\/uploads\/2024\/04\/AnyConv.com__frio.webp.webp?fit=1200%2C800&ssl=1&resize=350%2C200 1x, https:\/\/i0.wp.com\/ismaelcolosi.com.br\/wp-content\/uploads\/2024\/04\/AnyConv.com__frio.webp.webp?fit=1200%2C800&ssl=1&resize=525%2C300 1.5x, https:\/\/i0.wp.com\/ismaelcolosi.com.br\/wp-content\/uploads\/2024\/04\/AnyConv.com__frio.webp.webp?fit=1200%2C800&ssl=1&resize=700%2C400 2x, https:\/\/i0.wp.com\/ismaelcolosi.com.br\/wp-content\/uploads\/2024\/04\/AnyConv.com__frio.webp.webp?fit=1200%2C800&ssl=1&resize=1050%2C600 3x"},"classes":[]},{"id":45123,"url":"https:\/\/ismaelcolosi.com.br\/index.php\/2024\/04\/02\/veja-quando-o-frio-deve-chegar-ao-interior-de-sp\/","url_meta":{"origin":46128,"position":4},"title":"Veja quando o frio deve chegar ao interior de SP","author":"ismaelcolosi.com.br","date":"2 de April de 2024","format":false,"excerpt":"O in\u00edcio do m\u00eas de abril deve ser de calor no interior de S\u00e3o Paulo, com a temperatura m\u00e1xima prevista de 34\u00b0C na pr\u00f3xima sexta-feira (5) em Ribeir\u00e3o Preto. Contudo, o frio deve chegar ao interior paulista a partir da pr\u00f3xima semana. De acordo com a meteorologista Paola Bueno, do\u2026","rel":"","context":"In &quot;Not\u00edcias de Ribeir\u00e3o Preto-SP e Regi\u00e3o&quot;","block_context":{"text":"Not\u00edcias de Ribeir\u00e3o Preto-SP e Regi\u00e3o","link":"https:\/\/ismaelcolosi.com.br\/index.php\/category\/noticias-de-ribeirao-preto-sp-e-regiao-ismael-colosi\/"},"img":{"alt_text":"","src":"https:\/\/i0.wp.com\/ismaelcolosi.com.br\/wp-content\/uploads\/2024\/04\/AnyConv.com__frio.webp.webp?fit=1200%2C800&ssl=1&resize=350%2C200","width":350,"height":200,"srcset":"https:\/\/i0.wp.com\/ismaelcolosi.com.br\/wp-content\/uploads\/2024\/04\/AnyConv.com__frio.webp.webp?fit=1200%2C800&ssl=1&resize=350%2C200 1x, https:\/\/i0.wp.com\/ismaelcolosi.com.br\/wp-content\/uploads\/2024\/04\/AnyConv.com__frio.webp.webp?fit=1200%2C800&ssl=1&resize=525%2C300 1.5x, https:\/\/i0.wp.com\/ismaelcolosi.com.br\/wp-content\/uploads\/2024\/04\/AnyConv.com__frio.webp.webp?fit=1200%2C800&ssl=1&resize=700%2C400 2x, https:\/\/i0.wp.com\/ismaelcolosi.com.br\/wp-content\/uploads\/2024\/04\/AnyConv.com__frio.webp.webp?fit=1200%2C800&ssl=1&resize=1050%2C600 3x"},"classes":[]},{"id":65589,"url":"https:\/\/ismaelcolosi.com.br\/index.php\/2024\/09\/12\/frente-fria-traz-de-volta-a-chuva-e-a-sensacao-de-frio-veja-previsao\/","url_meta":{"origin":46128,"position":5},"title":"Frente fria traz de volta a chuva e a sensa\u00e7\u00e3o de frio; Veja previs\u00e3o","author":"ismaelcolosi.com.br","date":"12 de September de 2024","format":false,"excerpt":"Uma nova frente fria atingir\u00e1 o Centro-Oeste e parte do Sudeste do Brasil durante os pr\u00f3ximos dias, de acordo com os meteorologistas. Esse cen\u00e1rio vai trazer chuvas e uma queda nas temperaturas que v\u00e3o aliviar a estiagem e a onda de calor em alguns munic\u00edpios. Contudo, o sistema n\u00e3o ser\u00e1\u2026","rel":"","context":"In &quot;Not\u00edcias de Ribeir\u00e3o Preto-SP e Regi\u00e3o&quot;","block_context":{"text":"Not\u00edcias de Ribeir\u00e3o Preto-SP e Regi\u00e3o","link":"https:\/\/ismaelcolosi.com.br\/index.php\/category\/noticias-de-ribeirao-preto-sp-e-regiao-ismael-colosi\/"},"img":{"alt_text":"","src":"https:\/\/i0.wp.com\/ismaelcolosi.com.br\/wp-content\/uploads\/2024\/07\/frio-df_mcamgo_abr_110820221818-4_2024-07-08_17-50-52_jpg_2024-07-08_17-50-54-scaled.webp.webp?fit=1200%2C800&ssl=1&resize=350%2C200","width":350,"height":200,"srcset":"https:\/\/i0.wp.com\/ismaelcolosi.com.br\/wp-content\/uploads\/2024\/07\/frio-df_mcamgo_abr_110820221818-4_2024-07-08_17-50-52_jpg_2024-07-08_17-50-54-scaled.webp.webp?fit=1200%2C800&ssl=1&resize=350%2C200 1x, https:\/\/i0.wp.com\/ismaelcolosi.com.br\/wp-content\/uploads\/2024\/07\/frio-df_mcamgo_abr_110820221818-4_2024-07-08_17-50-52_jpg_2024-07-08_17-50-54-scaled.webp.webp?fit=1200%2C800&ssl=1&resize=525%2C300 1.5x, https:\/\/i0.wp.com\/ismaelcolosi.com.br\/wp-content\/uploads\/2024\/07\/frio-df_mcamgo_abr_110820221818-4_2024-07-08_17-50-52_jpg_2024-07-08_17-50-54-scaled.webp.webp?fit=1200%2C800&ssl=1&resize=700%2C400 2x, https:\/\/i0.wp.com\/ismaelcolosi.com.br\/wp-content\/uploads\/2024\/07\/frio-df_mcamgo_abr_110820221818-4_2024-07-08_17-50-52_jpg_2024-07-08_17-50-54-scaled.webp.webp?fit=1200%2C800&ssl=1&resize=1050%2C600 3x"},"classes":[]}],"jetpack_sharing_enabled":true,"jetpack_shortlink":"https:\/\/wp.me\/pfMlyK-c00","_links":{"self":[{"href":"https:\/\/ismaelcolosi.com.br\/index.php\/wp-json\/wp\/v2\/posts\/46128","targetHints":{"allow":["GET"]}}],"collection":[{"href":"https:\/\/ismaelcolosi.com.br\/index.php\/wp-json\/wp\/v2\/posts"}],"about":[{"href":"https:\/\/ismaelcolosi.com.br\/index.php\/wp-json\/wp\/v2\/types\/post"}],"author":[{"embeddable":true,"href":"https:\/\/ismaelcolosi.com.br\/index.php\/wp-json\/wp\/v2\/users\/1"}],"replies":[{"embeddable":true,"href":"https:\/\/ismaelcolosi.com.br\/index.php\/wp-json\/wp\/v2\/comments?post=46128"}],"version-history":[{"count":0,"href":"https:\/\/ismaelcolosi.com.br\/index.php\/wp-json\/wp\/v2\/posts\/46128\/revisions"}],"wp:featuredmedia":[{"embeddable":true,"href":"https:\/\/ismaelcolosi.com.br\/index.php\/wp-json\/wp\/v2\/media\/46129"}],"wp:attachment":[{"href":"https:\/\/ismaelcolosi.com.br\/index.php\/wp-json\/wp\/v2\/media?parent=46128"}],"wp:term":[{"taxonomy":"category","embeddable":true,"href":"https:\/\/ismaelcolosi.com.br\/index.php\/wp-json\/wp\/v2\/categories?post=46128"},{"taxonomy":"post_tag","embeddable":true,"href":"https:\/\/ismaelcolosi.com.br\/index.php\/wp-json\/wp\/v2\/tags?post=46128"}],"curies":[{"name":"wp","href":"https:\/\/api.w.org\/{rel}","templated":true}]}}