{"id":46076,"date":"2024-04-09T15:38:32","date_gmt":"2024-04-09T18:38:32","guid":{"rendered":"https:\/\/ismaelcolosi.com.br\/index.php\/2024\/04\/09\/confira-os-resultados-da-rodada-de-8-de-abril-da-taca-eptv-de-futsal-de-ribeirao\/"},"modified":"2024-04-09T15:38:32","modified_gmt":"2024-04-09T18:38:32","slug":"confira-os-resultados-da-rodada-de-8-de-abril-da-taca-eptv-de-futsal-de-ribeirao","status":"publish","type":"post","link":"https:\/\/ismaelcolosi.com.br\/index.php\/2024\/04\/09\/confira-os-resultados-da-rodada-de-8-de-abril-da-taca-eptv-de-futsal-de-ribeirao\/","title":{"rendered":"Confira os resultados da rodada de 8 de abril da Ta\u00e7a EPTV de Futsal de Ribeir\u00e3o"},"content":{"rendered":"<p> <br \/>\n<\/p>\n<div data-td-block-uid=\"tdi_101\">\n<div class=\"tdb-block-inner td-fix-index\">\n<p>Seis jogos movimentaram a rodada desta segunda-feira (8) da <strong>Ta\u00e7a EPTV de Futsal de Ribeir\u00e3o Preto<\/strong>. As partidas foram realizadas em <strong>Dumont (SP)<\/strong>, <strong>Fernando Prestes (SP)<\/strong> e<strong> Restinga (SP)<\/strong>.<\/p>\n<p>Ao todo, foram marcados 58 gols, com destaques para goleadas de <strong>Agulha<\/strong> sobre <strong>Pitangueiras<\/strong>, por 10 a 3, e<strong> Luiz Ant\u00f4nio<\/strong> em cima de <strong>Dumont<\/strong>, por 8 a 2.<\/p><div class='code-block code-block-8' style='margin: 8px auto; text-align: center; display: block; clear: both;'>\n<script>\n  atOptions = {\n    'key' : '66e2e2111ca34da796271819fc334058',\n    'format' : 'iframe',\n    'height' : 250,\n    'width' : 300,\n    'params' : {}\n  };\n<\/script>\n<script src=\"https:\/\/www.highperformanceformat.com\/66e2e2111ca34da796271819fc334058\/invoke.js\"><\/script>\n<\/div>\n\n<h4 class=\"wp-block-heading\"><strong>Veja os resultados de 8 de abril<\/strong><\/h4>\n<p><strong>Dumont \u2013 Gin\u00e1sio Dino Doneg\u00e1<\/strong><\/p>\n<p>Monte Alto 6 x 5 Pontal<\/p>\n<p>Dumont 2 x 8 Luiz Ant\u00f4nio<\/p>\n<p><strong>Fernado Prestes \u2013 Gin\u00e1sio Municipal Jos\u00e9 Altino Gomes<\/strong><\/p>\n<p>Juruc\u00ea 6 x 4 Taia\u00e7u<\/p>\n<p>Agulha 10 x 3 Pitangueiras<\/p>\n<p><strong>Restinga \u2013 Gin\u00e1sio Municipal<\/strong><\/p>\n<p>Batatais 5 x 5 Gua\u00edra<\/p>\n<p>Restinga 2 x 2 Guar\u00e1<\/p>\n<p>O regulamento completo e a tabela do torneio podem ser consultados no aplicativo \u201cFutsal EPTV\u201d, dispon\u00edvel para Android e iOS, e no<a href=\"https:\/\/projetos.empresaspioneiras.com.br\/futsal\/\" target=\"_blank\" rel=\"noreferrer noopener nofollow\"> site futsaleptv.com.br.<\/a><\/p>\n<p>SAIBA MAIS<br \/>Atleta de Ribeir\u00e3o Preto \u00e9 convocada para o Mundial Paral\u00edmpico do Jap\u00e3o<\/p>\n<h4 class=\"wp-block-heading\"><strong>FIQUE ON<\/strong><\/h4>\n<p>Fique ligado em tudo que acontece em Ribeir\u00e3o Preto e regi\u00e3o. Siga os perfis do<strong> acidade on<\/strong> no<a href=\"https:\/\/www.instagram.com\/acidadeonribeirao\" target=\"_blank\" rel=\"noreferrer noopener nofollow\"> Instagram <\/a>e no<a href=\"https:\/\/www.facebook.com\/acidadeonribeirao\" target=\"_blank\" rel=\"noreferrer noopener nofollow\"> Facebook<\/a>.<\/p>\n<p>Receba not\u00edcias do <strong>acidade on<\/strong> no WhatsApp. <a href=\"https:\/\/chat.whatsapp.com\/GFH9HUMUTHNFJdnyEd0xxq\" target=\"_blank\" rel=\"noreferrer noopener nofollow\">Para entrar no grupo, basta clicar aqui.<\/a><\/p>\n<p>Fa\u00e7a uma den\u00fancia ou sugira uma reportagem sobre Ribeir\u00e3o Preto e regi\u00e3o pelo WhatsApp: 16 99117 7802.<\/p>\n<p>VEJA TAMB\u00c9M<br \/>Onde assistir \u00e0s quartas de final da Champions League?<\/p>\n<p><!-- AI CONTENT END 1 -->\n<\/div>\n<\/div>\n<p><script async src=\"\/\/www.instagram.com\/embed.js\"><\/script><br \/>\n<br \/><br \/>\n<br \/><a href=\"https:\/\/www.acidadeon.com\/ribeiraopreto\/esportes\/confira-os-resultados-da-rodada-de-8-de-abril-da-taca-eptv-de-futsal-ribeirao\/\">Source link <\/a><\/p>\n<div class='code-block code-block-4' style='margin: 8px auto 8px 0; text-align: left; display: block; clear: both;'>\n\ud83d\udce2 Aviso Legal\n\nO site ismaelcolosi.com.br atua apenas como um canal de divulga\u00e7\u00e3o de oportunidades de emprego e n\u00e3o se responsabiliza pelo processo seletivo, contrata\u00e7\u00e3o ou qualquer outra etapa relacionada \u00e0s vagas publicadas. Todas as informa\u00e7\u00f5es s\u00e3o de responsabilidade dos anunciantes.\n\n\u26a0\ufe0f Aten\u00e7\u00e3o! Nunca pague por promessas de emprego nem compre cursos que garantam contrata\u00e7\u00e3o. Desconfie de qualquer cobran\u00e7a para participar de sele\u00e7\u00f5es.\n\n\n<div data-type=\"_mgwidget\" data-widget-id=\"2000896\">\n<\/div>\n<script>(function(w,q){w[q]=w[q]||[];w[q].push([\"_mgc.load\"])})(window,\"_mgq\");\n<\/script>\n<\/div>\n<!-- CONTENT END 1 -->\n","protected":false},"excerpt":{"rendered":"<p>Seis jogos movimentaram a rodada desta segunda-feira (8) da Ta\u00e7a EPTV de Futsal de Ribeir\u00e3o Preto. As partidas foram realizadas em Dumont (SP), Fernando Prestes&#8230;<\/p>\n","protected":false},"author":1,"featured_media":46077,"comment_status":"open","ping_status":"open","sticky":false,"template":"","format":"standard","meta":{"om_disable_all_campaigns":false,"_uag_custom_page_level_css":"","jetpack_post_was_ever_published":false,"_jetpack_newsletter_access":"","_jetpack_dont_email_post_to_subs":false,"_jetpack_newsletter_tier_id":0,"_jetpack_memberships_contains_paywalled_content":false,"_jetpack_memberships_contains_paid_content":false,"_joinchat":[],"footnotes":"","jetpack_publicize_message":"","jetpack_publicize_feature_enabled":true,"jetpack_social_post_already_shared":true,"jetpack_social_options":{"image_generator_settings":{"template":"highway","default_image_id":0,"font":"","enabled":false},"version":2}},"categories":[11],"tags":[],"class_list":["post-46076","post","type-post","status-publish","format-standard","has-post-thumbnail","hentry","category-noticias-de-ribeirao-preto-sp-e-regiao-ismael-colosi"],"aioseo_notices":[],"jetpack_publicize_connections":[],"jetpack_featured_media_url":"https:\/\/i0.wp.com\/ismaelcolosi.com.br\/wp-content\/uploads\/2024\/04\/taca-eptv-futsal.jpg?fit=984%2C656&ssl=1","uagb_featured_image_src":{"full":["https:\/\/i0.wp.com\/ismaelcolosi.com.br\/wp-content\/uploads\/2024\/04\/taca-eptv-futsal.jpg?fit=984%2C656&ssl=1",984,656,false],"thumbnail":["https:\/\/i0.wp.com\/ismaelcolosi.com.br\/wp-content\/uploads\/2024\/04\/taca-eptv-futsal.jpg?resize=150%2C150&ssl=1",150,150,true],"medium":["https:\/\/i0.wp.com\/ismaelcolosi.com.br\/wp-content\/uploads\/2024\/04\/taca-eptv-futsal.jpg?fit=300%2C200&ssl=1",300,200,true],"medium_large":["https:\/\/i0.wp.com\/ismaelcolosi.com.br\/wp-content\/uploads\/2024\/04\/taca-eptv-futsal.jpg?fit=768%2C512&ssl=1",768,512,true],"large":["https:\/\/i0.wp.com\/ismaelcolosi.com.br\/wp-content\/uploads\/2024\/04\/taca-eptv-futsal.jpg?fit=984%2C656&ssl=1",984,656,true],"1536x1536":["https:\/\/i0.wp.com\/ismaelcolosi.com.br\/wp-content\/uploads\/2024\/04\/taca-eptv-futsal.jpg?fit=984%2C656&ssl=1",984,656,true],"2048x2048":["https:\/\/i0.wp.com\/ismaelcolosi.com.br\/wp-content\/uploads\/2024\/04\/taca-eptv-futsal.jpg?fit=984%2C656&ssl=1",984,656,true],"really-simple-thumb":["https:\/\/i0.wp.com\/ismaelcolosi.com.br\/wp-content\/uploads\/2024\/04\/taca-eptv-futsal.jpg?resize=370%2C247&ssl=1",370,247,true]},"uagb_author_info":{"display_name":"ismaelcolosi.com.br","author_link":"https:\/\/ismaelcolosi.com.br\/index.php\/author\/vidareal-online\/"},"uagb_comment_info":0,"uagb_excerpt":"Seis jogos movimentaram a rodada desta segunda-feira (8) da Ta\u00e7a EPTV de Futsal de Ribeir\u00e3o Preto. As partidas foram realizadas em Dumont (SP), Fernando Prestes...","jetpack-related-posts":[{"id":44180,"url":"https:\/\/ismaelcolosi.com.br\/index.php\/2024\/03\/26\/taca-eptv-de-futsal-ribeirao-veja-resultados-do-dia-25-de-marco\/","url_meta":{"origin":46076,"position":0},"title":"Ta\u00e7a EPTV de Futsal Ribeir\u00e3o: Veja resultados do dia 25 de mar\u00e7o","author":"ismaelcolosi.com.br","date":"26 de March de 2024","format":false,"excerpt":"A 38\u00aa Ta\u00e7a EPTV de futsal da regi\u00e3o de Ribeir\u00e3o Preto prosseguiu com seis partidas nessa segunda-feira (25). Os jogos aconteceram em Jeriquara, Monte Azul Paulista, Patroc\u00ednio Paulista e S\u00e3o Jos\u00e9 da Bela Vista. No total, foram marcados 35 gols, m\u00e9dia de quase seis por jogo. Confira os resultados da\u2026","rel":"","context":"In &quot;Not\u00edcias de Ribeir\u00e3o Preto-SP e Regi\u00e3o&quot;","block_context":{"text":"Not\u00edcias de Ribeir\u00e3o Preto-SP e Regi\u00e3o","link":"https:\/\/ismaelcolosi.com.br\/index.php\/category\/noticias-de-ribeirao-preto-sp-e-regiao-ismael-colosi\/"},"img":{"alt_text":"","src":"https:\/\/i0.wp.com\/ismaelcolosi.com.br\/wp-content\/uploads\/2024\/03\/taca-eptv.webp.webp?fit=984%2C554&ssl=1&resize=350%2C200","width":350,"height":200,"srcset":"https:\/\/i0.wp.com\/ismaelcolosi.com.br\/wp-content\/uploads\/2024\/03\/taca-eptv.webp.webp?fit=984%2C554&ssl=1&resize=350%2C200 1x, https:\/\/i0.wp.com\/ismaelcolosi.com.br\/wp-content\/uploads\/2024\/03\/taca-eptv.webp.webp?fit=984%2C554&ssl=1&resize=525%2C300 1.5x, https:\/\/i0.wp.com\/ismaelcolosi.com.br\/wp-content\/uploads\/2024\/03\/taca-eptv.webp.webp?fit=984%2C554&ssl=1&resize=700%2C400 2x"},"classes":[]},{"id":48950,"url":"https:\/\/ismaelcolosi.com.br\/index.php\/2024\/05\/07\/confira-os-resultados-da-abertura-da-segunda-fase-da-taca-eptv-de-futsal-ribeirao\/","url_meta":{"origin":46076,"position":1},"title":"Confira os resultados da abertura da segunda fase da Ta\u00e7a EPTV de Futsal Ribeir\u00e3o","author":"ismaelcolosi.com.br","date":"7 de May de 2024","format":false,"excerpt":"A segunda fase da Ta\u00e7a EPTV de Futsal de Ribeir\u00e3o Preto teve in\u00edcio na \u00faltima segunda-feira (6) com oito jogos. E a rodada foi disputada em Ribeir\u00e3o Preto, Monte Alto, Sert\u00e3ozinho e Serrana foi repleta de goleadas \u2013 62 gols foram marcados, ao todo. Resultados da Ta\u00e7a EPTV de Futsal\u2026","rel":"","context":"In &quot;Not\u00edcias de Ribeir\u00e3o Preto-SP e Regi\u00e3o&quot;","block_context":{"text":"Not\u00edcias de Ribeir\u00e3o Preto-SP e Regi\u00e3o","link":"https:\/\/ismaelcolosi.com.br\/index.php\/category\/noticias-de-ribeirao-preto-sp-e-regiao-ismael-colosi\/"},"img":{"alt_text":"","src":"https:\/\/i0.wp.com\/ismaelcolosi.com.br\/wp-content\/uploads\/2024\/05\/AnyConv.com__taca-eptv-futsal_2024-05-07_20-12-36.webp.webp?fit=1200%2C801&ssl=1&resize=350%2C200","width":350,"height":200,"srcset":"https:\/\/i0.wp.com\/ismaelcolosi.com.br\/wp-content\/uploads\/2024\/05\/AnyConv.com__taca-eptv-futsal_2024-05-07_20-12-36.webp.webp?fit=1200%2C801&ssl=1&resize=350%2C200 1x, https:\/\/i0.wp.com\/ismaelcolosi.com.br\/wp-content\/uploads\/2024\/05\/AnyConv.com__taca-eptv-futsal_2024-05-07_20-12-36.webp.webp?fit=1200%2C801&ssl=1&resize=525%2C300 1.5x, https:\/\/i0.wp.com\/ismaelcolosi.com.br\/wp-content\/uploads\/2024\/05\/AnyConv.com__taca-eptv-futsal_2024-05-07_20-12-36.webp.webp?fit=1200%2C801&ssl=1&resize=700%2C400 2x, https:\/\/i0.wp.com\/ismaelcolosi.com.br\/wp-content\/uploads\/2024\/05\/AnyConv.com__taca-eptv-futsal_2024-05-07_20-12-36.webp.webp?fit=1200%2C801&ssl=1&resize=1050%2C600 3x"},"classes":[]},{"id":45631,"url":"https:\/\/ismaelcolosi.com.br\/index.php\/2024\/04\/05\/confira-os-resultados-da-taca-eptv-de-futsal-no-dia-4-de-abril\/","url_meta":{"origin":46076,"position":2},"title":"Confira os resultados da Ta\u00e7a EPTV de Futsal no dia 4 de abril","author":"ismaelcolosi.com.br","date":"5 de April de 2024","format":false,"excerpt":"Mais cinco jogos deram sequ\u00eancia \u00e0 primeira fase da 38\u00aa Ta\u00e7a EPTV de Futsal Ribeir\u00e3o Preto na noite de quinta-feira (4). As partidas foram realizadas em tr\u00eas cidades. O destaque ficou para a goleada de Ipu\u00e3 diante de Sales Oliveira por 7 a 1. Outros tr\u00eas times venceram na rodada\u2026","rel":"","context":"In &quot;Not\u00edcias de Ribeir\u00e3o Preto-SP e Regi\u00e3o&quot;","block_context":{"text":"Not\u00edcias de Ribeir\u00e3o Preto-SP e Regi\u00e3o","link":"https:\/\/ismaelcolosi.com.br\/index.php\/category\/noticias-de-ribeirao-preto-sp-e-regiao-ismael-colosi\/"},"img":{"alt_text":"","src":"https:\/\/i0.wp.com\/ismaelcolosi.com.br\/wp-content\/uploads\/2024\/04\/AnyConv.com__futsal.webp.webp?fit=979%2C509&ssl=1&resize=350%2C200","width":350,"height":200,"srcset":"https:\/\/i0.wp.com\/ismaelcolosi.com.br\/wp-content\/uploads\/2024\/04\/AnyConv.com__futsal.webp.webp?fit=979%2C509&ssl=1&resize=350%2C200 1x, https:\/\/i0.wp.com\/ismaelcolosi.com.br\/wp-content\/uploads\/2024\/04\/AnyConv.com__futsal.webp.webp?fit=979%2C509&ssl=1&resize=525%2C300 1.5x, https:\/\/i0.wp.com\/ismaelcolosi.com.br\/wp-content\/uploads\/2024\/04\/AnyConv.com__futsal.webp.webp?fit=979%2C509&ssl=1&resize=700%2C400 2x"},"classes":[]},{"id":45643,"url":"https:\/\/ismaelcolosi.com.br\/index.php\/2024\/04\/05\/confira-os-resultados-da-taca-eptv-de-futsal-no-dia-4-de-abril-2\/","url_meta":{"origin":46076,"position":3},"title":"Confira os resultados da Ta\u00e7a EPTV de Futsal no dia 4 de abril","author":"ismaelcolosi.com.br","date":"5 de April de 2024","format":false,"excerpt":"Mais cinco jogos deram sequ\u00eancia \u00e0 primeira fase da 38\u00aa Ta\u00e7a EPTV de Futsal Ribeir\u00e3o Preto na noite de quinta-feira (4). As partidas foram realizadas em tr\u00eas cidades. O destaque ficou para a goleada de Ipu\u00e3 diante de Sales Oliveira por 7 a 1. Outros tr\u00eas times venceram na rodada\u2026","rel":"","context":"In &quot;Not\u00edcias de Ribeir\u00e3o Preto-SP e Regi\u00e3o&quot;","block_context":{"text":"Not\u00edcias de Ribeir\u00e3o Preto-SP e Regi\u00e3o","link":"https:\/\/ismaelcolosi.com.br\/index.php\/category\/noticias-de-ribeirao-preto-sp-e-regiao-ismael-colosi\/"},"img":{"alt_text":"","src":"https:\/\/i0.wp.com\/ismaelcolosi.com.br\/wp-content\/uploads\/2024\/04\/AnyConv.com__futsal.webp.webp?fit=979%2C509&ssl=1&resize=350%2C200","width":350,"height":200,"srcset":"https:\/\/i0.wp.com\/ismaelcolosi.com.br\/wp-content\/uploads\/2024\/04\/AnyConv.com__futsal.webp.webp?fit=979%2C509&ssl=1&resize=350%2C200 1x, https:\/\/i0.wp.com\/ismaelcolosi.com.br\/wp-content\/uploads\/2024\/04\/AnyConv.com__futsal.webp.webp?fit=979%2C509&ssl=1&resize=525%2C300 1.5x, https:\/\/i0.wp.com\/ismaelcolosi.com.br\/wp-content\/uploads\/2024\/04\/AnyConv.com__futsal.webp.webp?fit=979%2C509&ssl=1&resize=700%2C400 2x"},"classes":[]},{"id":48069,"url":"https:\/\/ismaelcolosi.com.br\/index.php\/2024\/04\/30\/veja-os-resultados-da-rodada-do-dia-29-de-abril-da-taca-eptv-de-futsal-ribeirao\/","url_meta":{"origin":46076,"position":4},"title":"Veja os resultados da rodada do dia 29 de abril da Ta\u00e7a EPTV de Futsal Ribeir\u00e3o","author":"ismaelcolosi.com.br","date":"30 de April de 2024","format":false,"excerpt":"Quatro partidas movimentaram a 38\u00aa edi\u00e7\u00e3o da Ta\u00e7a EPTV de Futsal de Ribeir\u00e3o Preto nesta segunda-feira (29). Os jogos foram realizados em Altin\u00f3polis, Jaboticabal e Orl\u00e2ndia, que teve a maior goleada da noite, no gin\u00e1sio Maur\u00edcio Leite de Moraes. O time da casa fez 9 a 0 a Jeriquara. Veja\u2026","rel":"","context":"In &quot;Not\u00edcias de Ribeir\u00e3o Preto-SP e Regi\u00e3o&quot;","block_context":{"text":"Not\u00edcias de Ribeir\u00e3o Preto-SP e Regi\u00e3o","link":"https:\/\/ismaelcolosi.com.br\/index.php\/category\/noticias-de-ribeirao-preto-sp-e-regiao-ismael-colosi\/"},"img":{"alt_text":"","src":"https:\/\/i0.wp.com\/ismaelcolosi.com.br\/wp-content\/uploads\/2024\/04\/AnyConv.com__futsal.webp.webp?fit=979%2C509&ssl=1&resize=350%2C200","width":350,"height":200,"srcset":"https:\/\/i0.wp.com\/ismaelcolosi.com.br\/wp-content\/uploads\/2024\/04\/AnyConv.com__futsal.webp.webp?fit=979%2C509&ssl=1&resize=350%2C200 1x, https:\/\/i0.wp.com\/ismaelcolosi.com.br\/wp-content\/uploads\/2024\/04\/AnyConv.com__futsal.webp.webp?fit=979%2C509&ssl=1&resize=525%2C300 1.5x, https:\/\/i0.wp.com\/ismaelcolosi.com.br\/wp-content\/uploads\/2024\/04\/AnyConv.com__futsal.webp.webp?fit=979%2C509&ssl=1&resize=700%2C400 2x"},"classes":[]},{"id":43580,"url":"https:\/\/ismaelcolosi.com.br\/index.php\/2024\/03\/22\/taca-eptv-de-futsal-ribeirao-tem-31-gols-em-tres-jogos-veja-os-resultados\/","url_meta":{"origin":46076,"position":5},"title":"Ta\u00e7a EPTV de Futsal Ribeir\u00e3o tem 31 gols em tr\u00eas jogos; Veja os resultados","author":"ismaelcolosi.com.br","date":"22 de March de 2024","format":false,"excerpt":"A 38\u00aa Ta\u00e7a EPTV de futsal da regi\u00e3o de Ribeir\u00e3o Preto prosseguiu com tr\u00eas partidas nesta quinta-feira (21). Os jogos aconteceram em Tai\u00fava, C\u00e2ndido Rodrigues e Cravinhos. No total, foram marcados 31 gols, com m\u00e9dia superior a dez por jogo. Os destaques ficaram por conta da vit\u00f3ria de Tai\u00fava por\u2026","rel":"","context":"In &quot;Not\u00edcias de Ribeir\u00e3o Preto-SP e Regi\u00e3o&quot;","block_context":{"text":"Not\u00edcias de Ribeir\u00e3o Preto-SP e Regi\u00e3o","link":"https:\/\/ismaelcolosi.com.br\/index.php\/category\/noticias-de-ribeirao-preto-sp-e-regiao-ismael-colosi\/"},"img":{"alt_text":"","src":"https:\/\/i0.wp.com\/ismaelcolosi.com.br\/wp-content\/uploads\/2024\/03\/taca-eptv-1-1.jpg?fit=984%2C656&ssl=1&resize=350%2C200","width":350,"height":200,"srcset":"https:\/\/i0.wp.com\/ismaelcolosi.com.br\/wp-content\/uploads\/2024\/03\/taca-eptv-1-1.jpg?fit=984%2C656&ssl=1&resize=350%2C200 1x, https:\/\/i0.wp.com\/ismaelcolosi.com.br\/wp-content\/uploads\/2024\/03\/taca-eptv-1-1.jpg?fit=984%2C656&ssl=1&resize=525%2C300 1.5x, https:\/\/i0.wp.com\/ismaelcolosi.com.br\/wp-content\/uploads\/2024\/03\/taca-eptv-1-1.jpg?fit=984%2C656&ssl=1&resize=700%2C400 2x"},"classes":[]}],"jetpack_sharing_enabled":true,"jetpack_shortlink":"https:\/\/wp.me\/pfMlyK-bZa","_links":{"self":[{"href":"https:\/\/ismaelcolosi.com.br\/index.php\/wp-json\/wp\/v2\/posts\/46076","targetHints":{"allow":["GET"]}}],"collection":[{"href":"https:\/\/ismaelcolosi.com.br\/index.php\/wp-json\/wp\/v2\/posts"}],"about":[{"href":"https:\/\/ismaelcolosi.com.br\/index.php\/wp-json\/wp\/v2\/types\/post"}],"author":[{"embeddable":true,"href":"https:\/\/ismaelcolosi.com.br\/index.php\/wp-json\/wp\/v2\/users\/1"}],"replies":[{"embeddable":true,"href":"https:\/\/ismaelcolosi.com.br\/index.php\/wp-json\/wp\/v2\/comments?post=46076"}],"version-history":[{"count":0,"href":"https:\/\/ismaelcolosi.com.br\/index.php\/wp-json\/wp\/v2\/posts\/46076\/revisions"}],"wp:featuredmedia":[{"embeddable":true,"href":"https:\/\/ismaelcolosi.com.br\/index.php\/wp-json\/wp\/v2\/media\/46077"}],"wp:attachment":[{"href":"https:\/\/ismaelcolosi.com.br\/index.php\/wp-json\/wp\/v2\/media?parent=46076"}],"wp:term":[{"taxonomy":"category","embeddable":true,"href":"https:\/\/ismaelcolosi.com.br\/index.php\/wp-json\/wp\/v2\/categories?post=46076"},{"taxonomy":"post_tag","embeddable":true,"href":"https:\/\/ismaelcolosi.com.br\/index.php\/wp-json\/wp\/v2\/tags?post=46076"}],"curies":[{"name":"wp","href":"https:\/\/api.w.org\/{rel}","templated":true}]}}