{"id":46072,"date":"2024-04-09T15:27:04","date_gmt":"2024-04-09T18:27:04","guid":{"rendered":"https:\/\/ismaelcolosi.com.br\/index.php\/2024\/04\/09\/usp-ribeirao-preto-tem-concurso-publico-com-salarios-de-r-21-mil\/"},"modified":"2024-04-09T15:27:04","modified_gmt":"2024-04-09T18:27:04","slug":"usp-ribeirao-preto-tem-concurso-publico-com-salarios-de-r-21-mil","status":"publish","type":"post","link":"https:\/\/ismaelcolosi.com.br\/index.php\/2024\/04\/09\/usp-ribeirao-preto-tem-concurso-publico-com-salarios-de-r-21-mil\/","title":{"rendered":"USP Ribeir\u00e3o Preto tem concurso p\u00fablico com sal\u00e1rios de R$ 21 mil"},"content":{"rendered":"<p> <br \/>\n<\/p>\n<p>A <strong>Escola de Enfermagem de Ribeir\u00e3o Preto da USP (Universidade de S\u00e3o Paulo) <\/strong>abriu as inscri\u00e7\u00f5es para concurso p\u00fablico com duas vagas para o cargo de professor titular. <mark style=\"background-color:#fcb900\" class=\"has-inline-color has-black-color\">Os sal\u00e1rios para o cargo s\u00e3o de R$ 21.942,59.<\/mark><\/p>\n<p>As inscri\u00e7\u00f5es podem ser realizadas at\u00e9 as 17h do dia 4 de outubro de 2024, no<a href=\"https:\/\/uspdigital.usp.br\/gr\/admissao\" target=\"_blank\" rel=\"noreferrer noopener nofollow\"> site de admiss\u00f5es da USP \u2013 clique aqui.<\/a><\/p>\n<p>Os cargos est\u00e3o classificados em regime de dedica\u00e7\u00e3o doc\u00eancia e \u00e0 pesquisa, junto ao Departamento de Enfermagem Geral e Especializada, na \u00e1rea de conhecimento Enfermagem Geral e Especializada.<\/p>\n<p>O edital completo pode ser conferido no<a href=\"http:\/\/diariooficial.imprensaoficial.com.br\/nav_v6\/index.asp?c=34709&amp;e=20240405&amp;p=1\" target=\"_blank\" rel=\"noreferrer noopener nofollow\"> <strong>Di\u00e1rio Oficial do Estado de S\u00e3o Paulo<\/strong> \u2013 clique aqui.<\/a><\/p>\n<p>SAIBA MAIS<br \/>Interior de SP tem alerta de temporais nesta ter\u00e7a-feira; Confira a previs\u00e3o<\/p>\n<h4 class=\"wp-block-heading\"><strong>FIQUE ON<\/strong><\/h4>\n<p>Fique ligado em tudo que acontece em Ribeir\u00e3o Preto e regi\u00e3o. Siga os perfis do <strong>acidade on<\/strong> no<a href=\"https:\/\/www.instagram.com\/acidadeonribeirao\" target=\"_blank\" rel=\"noreferrer noopener nofollow\"> Instagram<\/a> e no <a href=\"https:\/\/www.facebook.com\/acidadeonribeirao\" target=\"_blank\" rel=\"noreferrer noopener nofollow\">Facebook<\/a>.<\/p>\n<p>Receba not\u00edcias do <strong>acidade on <\/strong>no WhatsApp. <a href=\"https:\/\/chat.whatsapp.com\/GFH9HUMUTHNFJdnyEd0xxq\" target=\"_blank\" rel=\"noreferrer noopener nofollow\">Para entrar no grupo, basta clicar aqui.<\/a><\/p>\n<p>Fa\u00e7a uma den\u00fancia ou sugira uma reportagem sobre Ribeir\u00e3o Preto e regi\u00e3o pelo WhatsApp: 16 99117 7802.<\/p>\n<p>VEJA TAMB\u00c9M<br \/>Quando vai ter chuva intensa em SP? Inmet emite alerta<\/p>\n<p>O post USP Ribeir\u00e3o Preto tem concurso p\u00fablico com sal\u00e1rios de R$ 21 mil apareceu primeiro em ACidade ON Ribeir\u00e3o Preto.<\/p>\n<p><script async src=\"\/\/www.instagram.com\/embed.js\"><\/script><br \/>\n<br \/><br \/>\n<br \/><a href=\"https:\/\/www.acidadeon.com\/ribeiraopreto\/economia\/usp-ribeirao-preto-tem-concurso-publico-com-salarios-de-r-21-mil\/\">Source link <\/a><\/p>\n<div class='code-block code-block-4' style='margin: 8px auto 8px 0; text-align: left; display: block; clear: both;'>\n\ud83d\udce2 Aviso Legal\n\nO site ismaelcolosi.com.br atua apenas como um canal de divulga\u00e7\u00e3o de oportunidades de emprego e n\u00e3o se responsabiliza pelo processo seletivo, contrata\u00e7\u00e3o ou qualquer outra etapa relacionada \u00e0s vagas publicadas. Todas as informa\u00e7\u00f5es s\u00e3o de responsabilidade dos anunciantes.\n\n\u26a0\ufe0f Aten\u00e7\u00e3o! Nunca pague por promessas de emprego nem compre cursos que garantam contrata\u00e7\u00e3o. Desconfie de qualquer cobran\u00e7a para participar de sele\u00e7\u00f5es.\n\n\n\n<\/div>\n<!-- CONTENT END 1 -->\n","protected":false},"excerpt":{"rendered":"<p>A Escola de Enfermagem de Ribeir\u00e3o Preto da USP (Universidade de S\u00e3o Paulo) abriu as inscri\u00e7\u00f5es para concurso p\u00fablico com duas vagas para o cargo&#8230;<\/p>\n","protected":false},"author":1,"featured_media":46073,"comment_status":"open","ping_status":"open","sticky":false,"template":"","format":"standard","meta":{"_uag_custom_page_level_css":"","advanced_seo_description":"","jetpack_seo_html_title":"","jetpack_seo_noindex":false,"jetpack_post_was_ever_published":false,"_jetpack_newsletter_access":"","_jetpack_dont_email_post_to_subs":false,"_jetpack_newsletter_tier_id":0,"_jetpack_memberships_contains_paywalled_content":false,"_jetpack_memberships_contains_paid_content":false,"footnotes":"","jetpack_publicize_message":"","jetpack_publicize_feature_enabled":true,"jetpack_social_post_already_shared":true,"jetpack_social_options":{"image_generator_settings":{"template":"highway","default_image_id":0,"font":"","enabled":false},"version":2}},"categories":[11],"tags":[],"class_list":["post-46072","post","type-post","status-publish","format-standard","has-post-thumbnail","hentry","category-noticias-de-ribeirao-preto-sp-e-regiao-ismael-colosi"],"jetpack_publicize_connections":[],"jetpack_featured_media_url":"https:\/\/i0.wp.com\/ismaelcolosi.com.br\/wp-content\/uploads\/2024\/04\/concurso-publico-nacional-unificado-cesgranrio.jpg?fit=1200%2C798&ssl=1","uagb_featured_image_src":{"full":["https:\/\/i0.wp.com\/ismaelcolosi.com.br\/wp-content\/uploads\/2024\/04\/concurso-publico-nacional-unificado-cesgranrio.jpg?fit=1200%2C798&ssl=1",1200,798,false],"thumbnail":["https:\/\/i0.wp.com\/ismaelcolosi.com.br\/wp-content\/uploads\/2024\/04\/concurso-publico-nacional-unificado-cesgranrio.jpg?resize=150%2C150&ssl=1",150,150,true],"medium":["https:\/\/i0.wp.com\/ismaelcolosi.com.br\/wp-content\/uploads\/2024\/04\/concurso-publico-nacional-unificado-cesgranrio.jpg?fit=300%2C200&ssl=1",300,200,true],"medium_large":["https:\/\/i0.wp.com\/ismaelcolosi.com.br\/wp-content\/uploads\/2024\/04\/concurso-publico-nacional-unificado-cesgranrio.jpg?fit=768%2C511&ssl=1",768,511,true],"large":["https:\/\/i0.wp.com\/ismaelcolosi.com.br\/wp-content\/uploads\/2024\/04\/concurso-publico-nacional-unificado-cesgranrio.jpg?fit=1024%2C681&ssl=1",1024,681,true],"1536x1536":["https:\/\/i0.wp.com\/ismaelcolosi.com.br\/wp-content\/uploads\/2024\/04\/concurso-publico-nacional-unificado-cesgranrio.jpg?fit=1200%2C798&ssl=1",1200,798,true],"2048x2048":["https:\/\/i0.wp.com\/ismaelcolosi.com.br\/wp-content\/uploads\/2024\/04\/concurso-publico-nacional-unificado-cesgranrio.jpg?fit=1200%2C798&ssl=1",1200,798,true],"really-simple-thumb":["https:\/\/i0.wp.com\/ismaelcolosi.com.br\/wp-content\/uploads\/2024\/04\/concurso-publico-nacional-unificado-cesgranrio.jpg?resize=370%2C247&ssl=1",370,247,true]},"uagb_author_info":{"display_name":"ismaelcolosi.com.br","author_link":"https:\/\/ismaelcolosi.com.br\/index.php\/author\/vidareal-online\/"},"uagb_comment_info":0,"uagb_excerpt":"A Escola de Enfermagem de Ribeir\u00e3o Preto da USP (Universidade de S\u00e3o Paulo) abriu as inscri\u00e7\u00f5es para concurso p\u00fablico com duas vagas para o cargo...","jetpack-related-posts":[{"id":42917,"url":"https:\/\/ismaelcolosi.com.br\/index.php\/2024\/03\/18\/usp-ribeirao-abre-vaga-em-concurso-publico-com-salarios-de-r-14-mil\/","url_meta":{"origin":46072,"position":0},"title":"USP Ribeir\u00e3o abre vaga em concurso p\u00fablico com sal\u00e1rios de R$ 14 mil","author":"ismaelcolosi.com.br","date":"18 de March de 2024","format":false,"excerpt":"A Escola de Enfermagem de Ribeir\u00e3o Preto da USP (Universidade de S\u00e3o Paulo) abriu concurso p\u00fablico para o cargo de professor doutor. Os sal\u00e1rios para o cargo s\u00e3o de R$ 14.761,02. As inscri\u00e7\u00f5es devem ser realizadas pela internet (clique aqui) no per\u00edodo entre 8h do dia 19 de mar\u00e7o e\u2026","rel":"","context":"In &quot;Not\u00edcias de Ribeir\u00e3o Preto-SP e Regi\u00e3o&quot;","block_context":{"text":"Not\u00edcias de Ribeir\u00e3o Preto-SP e Regi\u00e3o","link":"https:\/\/ismaelcolosi.com.br\/index.php\/category\/noticias-de-ribeirao-preto-sp-e-regiao-ismael-colosi\/"},"img":{"alt_text":"","src":"https:\/\/i0.wp.com\/ismaelcolosi.com.br\/wp-content\/uploads\/2024\/03\/AnyConv.com__escola-enfermagem-usp-ribeirao-preto-scaled.webp.webp?fit=1200%2C800&ssl=1&resize=350%2C200","width":350,"height":200,"srcset":"https:\/\/i0.wp.com\/ismaelcolosi.com.br\/wp-content\/uploads\/2024\/03\/AnyConv.com__escola-enfermagem-usp-ribeirao-preto-scaled.webp.webp?fit=1200%2C800&ssl=1&resize=350%2C200 1x, https:\/\/i0.wp.com\/ismaelcolosi.com.br\/wp-content\/uploads\/2024\/03\/AnyConv.com__escola-enfermagem-usp-ribeirao-preto-scaled.webp.webp?fit=1200%2C800&ssl=1&resize=525%2C300 1.5x, https:\/\/i0.wp.com\/ismaelcolosi.com.br\/wp-content\/uploads\/2024\/03\/AnyConv.com__escola-enfermagem-usp-ribeirao-preto-scaled.webp.webp?fit=1200%2C800&ssl=1&resize=700%2C400 2x, https:\/\/i0.wp.com\/ismaelcolosi.com.br\/wp-content\/uploads\/2024\/03\/AnyConv.com__escola-enfermagem-usp-ribeirao-preto-scaled.webp.webp?fit=1200%2C800&ssl=1&resize=1050%2C600 3x"},"classes":[]},{"id":53782,"url":"https:\/\/ismaelcolosi.com.br\/index.php\/2024\/06\/19\/usp-ribeirao-preto-tem-concurso-publico-com-salarios-de-r-15-mil\/","url_meta":{"origin":46072,"position":1},"title":"USP Ribeir\u00e3o Preto tem concurso p\u00fablico com sal\u00e1rios de R$ 15 mil","author":"ismaelcolosi.com.br","date":"19 de June de 2024","format":false,"excerpt":"A Escola de Enfermagem de Ribeir\u00e3o Preto da USP (Universidade de S\u00e3o Paulo) abriu concurso p\u00fablico para contrata\u00e7\u00e3o de professor doutor. Os sal\u00e1rios para o cargo s\u00e3o de R$ 15.498,97. As inscri\u00e7\u00f5es devem ser realizadas pela internet (clique aqui) no per\u00edodo entre 8h do dia 24 de junho e 17h\u2026","rel":"","context":"In &quot;Not\u00edcias de Ribeir\u00e3o Preto-SP e Regi\u00e3o&quot;","block_context":{"text":"Not\u00edcias de Ribeir\u00e3o Preto-SP e Regi\u00e3o","link":"https:\/\/ismaelcolosi.com.br\/index.php\/category\/noticias-de-ribeirao-preto-sp-e-regiao-ismael-colosi\/"},"img":{"alt_text":"","src":"https:\/\/i0.wp.com\/ismaelcolosi.com.br\/wp-content\/uploads\/2024\/03\/AnyConv.com__escola-enfermagem-usp-ribeirao-preto-scaled.webp.webp?fit=1200%2C800&ssl=1&resize=350%2C200","width":350,"height":200,"srcset":"https:\/\/i0.wp.com\/ismaelcolosi.com.br\/wp-content\/uploads\/2024\/03\/AnyConv.com__escola-enfermagem-usp-ribeirao-preto-scaled.webp.webp?fit=1200%2C800&ssl=1&resize=350%2C200 1x, https:\/\/i0.wp.com\/ismaelcolosi.com.br\/wp-content\/uploads\/2024\/03\/AnyConv.com__escola-enfermagem-usp-ribeirao-preto-scaled.webp.webp?fit=1200%2C800&ssl=1&resize=525%2C300 1.5x, https:\/\/i0.wp.com\/ismaelcolosi.com.br\/wp-content\/uploads\/2024\/03\/AnyConv.com__escola-enfermagem-usp-ribeirao-preto-scaled.webp.webp?fit=1200%2C800&ssl=1&resize=700%2C400 2x, https:\/\/i0.wp.com\/ismaelcolosi.com.br\/wp-content\/uploads\/2024\/03\/AnyConv.com__escola-enfermagem-usp-ribeirao-preto-scaled.webp.webp?fit=1200%2C800&ssl=1&resize=1050%2C600 3x"},"classes":[]},{"id":65677,"url":"https:\/\/ismaelcolosi.com.br\/index.php\/2024\/09\/13\/usp-de-ribeirao-preto-abre-concurso-publico-com-salarios-de-r-15-mil\/","url_meta":{"origin":46072,"position":2},"title":"USP de Ribeir\u00e3o Preto abre concurso p\u00fablico com sal\u00e1rios de R$ 15 mil","author":"ismaelcolosi.com.br","date":"13 de September de 2024","format":false,"excerpt":"A Escola de Enfermagem de Ribeir\u00e3o Preto da USP (Universidade de S\u00e3o Paulo) publicou edital de abertura de concurso p\u00fablico com sal\u00e1rios de R$ 15.498,97. A vaga \u00e9 para o cargo de professor doutor, em regime de dedica\u00e7\u00e3o integral \u00e0 doc\u00eancia e \u00e0 pesquisa. O cargo \u00e9 para o departamento\u2026","rel":"","context":"In &quot;Not\u00edcias de Ribeir\u00e3o Preto-SP e Regi\u00e3o&quot;","block_context":{"text":"Not\u00edcias de Ribeir\u00e3o Preto-SP e Regi\u00e3o","link":"https:\/\/ismaelcolosi.com.br\/index.php\/category\/noticias-de-ribeirao-preto-sp-e-regiao-ismael-colosi\/"},"img":{"alt_text":"","src":"https:\/\/i0.wp.com\/ismaelcolosi.com.br\/wp-content\/uploads\/2024\/05\/concurso_publico_1-1024x683-1_2024-05-09_19-38-33_jpeg_2024-05-09_19-38-33.webp.webp?fit=1024%2C683&ssl=1&resize=350%2C200","width":350,"height":200,"srcset":"https:\/\/i0.wp.com\/ismaelcolosi.com.br\/wp-content\/uploads\/2024\/05\/concurso_publico_1-1024x683-1_2024-05-09_19-38-33_jpeg_2024-05-09_19-38-33.webp.webp?fit=1024%2C683&ssl=1&resize=350%2C200 1x, https:\/\/i0.wp.com\/ismaelcolosi.com.br\/wp-content\/uploads\/2024\/05\/concurso_publico_1-1024x683-1_2024-05-09_19-38-33_jpeg_2024-05-09_19-38-33.webp.webp?fit=1024%2C683&ssl=1&resize=525%2C300 1.5x, https:\/\/i0.wp.com\/ismaelcolosi.com.br\/wp-content\/uploads\/2024\/05\/concurso_publico_1-1024x683-1_2024-05-09_19-38-33_jpeg_2024-05-09_19-38-33.webp.webp?fit=1024%2C683&ssl=1&resize=700%2C400 2x"},"classes":[]},{"id":41627,"url":"https:\/\/ismaelcolosi.com.br\/index.php\/2024\/03\/09\/veja-5-concursos-publicos-com-vagas-em-ribeirao-e-outras-cidades-do-interior-de-sp\/","url_meta":{"origin":46072,"position":3},"title":"Veja 5 concursos p\u00fablicos com vagas em Ribeir\u00e3o e outras cidades do interior de SP","author":"ismaelcolosi.com.br","date":"9 de March de 2024","format":false,"excerpt":"Cinco concursos p\u00fablicos oferecem vagas em Ribeir\u00e3o Preto e outras cidades do interior de S\u00e3o Paulo. H\u00e1 oportunidades com sal\u00e1rios de at\u00e9 R$ 14 mil. Confira a lista: 1 \u2013 Universidade de S\u00e3o Paulo O concurso p\u00fablico\u00a0da\u00a0USP (Universidade de S\u00e3o Paulo)\u00a0com 49 vagas de n\u00edvel superior\u00a0inicia as inscri\u00e7\u00f5es a partir\u2026","rel":"","context":"In &quot;Not\u00edcias de Ribeir\u00e3o Preto-SP e Regi\u00e3o&quot;","block_context":{"text":"Not\u00edcias de Ribeir\u00e3o Preto-SP e Regi\u00e3o","link":"https:\/\/ismaelcolosi.com.br\/index.php\/category\/noticias-de-ribeirao-preto-sp-e-regiao-ismael-colosi\/"},"img":{"alt_text":"","src":"https:\/\/i0.wp.com\/ismaelcolosi.com.br\/wp-content\/uploads\/2024\/03\/concurso-publico-11.jpg?fit=1200%2C801&ssl=1&resize=350%2C200","width":350,"height":200,"srcset":"https:\/\/i0.wp.com\/ismaelcolosi.com.br\/wp-content\/uploads\/2024\/03\/concurso-publico-11.jpg?fit=1200%2C801&ssl=1&resize=350%2C200 1x, https:\/\/i0.wp.com\/ismaelcolosi.com.br\/wp-content\/uploads\/2024\/03\/concurso-publico-11.jpg?fit=1200%2C801&ssl=1&resize=525%2C300 1.5x, https:\/\/i0.wp.com\/ismaelcolosi.com.br\/wp-content\/uploads\/2024\/03\/concurso-publico-11.jpg?fit=1200%2C801&ssl=1&resize=700%2C400 2x, https:\/\/i0.wp.com\/ismaelcolosi.com.br\/wp-content\/uploads\/2024\/03\/concurso-publico-11.jpg?fit=1200%2C801&ssl=1&resize=1050%2C600 3x"},"classes":[]},{"id":67327,"url":"https:\/\/ismaelcolosi.com.br\/index.php\/2024\/09\/22\/veja-sete-concursos-publicos-com-mais-de-200-vagas-no-interior-de-sp\/","url_meta":{"origin":46072,"position":4},"title":"Veja sete concursos p\u00fablicos com mais de 200 vagas no interior de SP","author":"ismaelcolosi.com.br","date":"22 de September de 2024","format":false,"excerpt":"Voc\u00ea procura por uma oportunidade de emprego no servi\u00e7o p\u00fablico? O acidade on Ribeir\u00e3o separou uma lista com sete concursos p\u00fablico que t\u00eam, somados, mais de 200 vagas dispon\u00edveis no interior de S\u00e3o Paulo. As vagas nos concursos p\u00fablicos s\u00e3o de n\u00edvel fundamental, m\u00e9dio, t\u00e9cnico e superior com sal\u00e1rios de\u2026","rel":"","context":"In &quot;Not\u00edcias de Ribeir\u00e3o Preto-SP e Regi\u00e3o&quot;","block_context":{"text":"Not\u00edcias de Ribeir\u00e3o Preto-SP e Regi\u00e3o","link":"https:\/\/ismaelcolosi.com.br\/index.php\/category\/noticias-de-ribeirao-preto-sp-e-regiao-ismael-colosi\/"},"img":{"alt_text":"","src":"https:\/\/i0.wp.com\/ismaelcolosi.com.br\/wp-content\/uploads\/2024\/05\/Copia-de-Copia-de-TAMANHO-EXATO-PARA-FOTOS-NO-SISTEMA-NOVO-33_2024-05-23_13-39-05_jpg_2024-05-23_13-39-05.webp.webp?fit=1200%2C675&ssl=1&resize=350%2C200","width":350,"height":200,"srcset":"https:\/\/i0.wp.com\/ismaelcolosi.com.br\/wp-content\/uploads\/2024\/05\/Copia-de-Copia-de-TAMANHO-EXATO-PARA-FOTOS-NO-SISTEMA-NOVO-33_2024-05-23_13-39-05_jpg_2024-05-23_13-39-05.webp.webp?fit=1200%2C675&ssl=1&resize=350%2C200 1x, https:\/\/i0.wp.com\/ismaelcolosi.com.br\/wp-content\/uploads\/2024\/05\/Copia-de-Copia-de-TAMANHO-EXATO-PARA-FOTOS-NO-SISTEMA-NOVO-33_2024-05-23_13-39-05_jpg_2024-05-23_13-39-05.webp.webp?fit=1200%2C675&ssl=1&resize=525%2C300 1.5x, https:\/\/i0.wp.com\/ismaelcolosi.com.br\/wp-content\/uploads\/2024\/05\/Copia-de-Copia-de-TAMANHO-EXATO-PARA-FOTOS-NO-SISTEMA-NOVO-33_2024-05-23_13-39-05_jpg_2024-05-23_13-39-05.webp.webp?fit=1200%2C675&ssl=1&resize=700%2C400 2x, https:\/\/i0.wp.com\/ismaelcolosi.com.br\/wp-content\/uploads\/2024\/05\/Copia-de-Copia-de-TAMANHO-EXATO-PARA-FOTOS-NO-SISTEMA-NOVO-33_2024-05-23_13-39-05_jpg_2024-05-23_13-39-05.webp.webp?fit=1200%2C675&ssl=1&resize=1050%2C600 3x"},"classes":[]},{"id":41025,"url":"https:\/\/ismaelcolosi.com.br\/index.php\/2024\/03\/06\/usp-de-ribeirao-preto-abre-concurso-publico-com-salarios-de-r-14-mil\/","url_meta":{"origin":46072,"position":5},"title":"USP de Ribeir\u00e3o Preto abre concurso p\u00fablico com sal\u00e1rios de R$ 14 mil","author":"ismaelcolosi.com.br","date":"6 de March de 2024","format":false,"excerpt":"\u00a0A FEA-RP (Faculdade de Economia, Administra\u00e7\u00e3o e Contabilidade de Ribeir\u00e3o Preto) da USP (Universidade de S\u00e3o Paulo) abriu concurso p\u00fablico para o cargo de professor doutor do departamento de Administra\u00e7\u00e3o. Os sal\u00e1rios para o cargo s\u00e3o de R$ 14.761,02. O professor atuar\u00e1 na \u00e1rea de conhecimento Administra\u00e7\u00e3o Geral e Direito.\u2026","rel":"","context":"In &quot;Not\u00edcias de Ribeir\u00e3o Preto-SP e Regi\u00e3o&quot;","block_context":{"text":"Not\u00edcias de Ribeir\u00e3o Preto-SP e Regi\u00e3o","link":"https:\/\/ismaelcolosi.com.br\/index.php\/category\/noticias-de-ribeirao-preto-sp-e-regiao-ismael-colosi\/"},"img":{"alt_text":"","src":"https:\/\/i0.wp.com\/ismaelcolosi.com.br\/wp-content\/uploads\/2024\/03\/fea-usp-ribeirao-preto.jpg?fit=1200%2C800&ssl=1&resize=350%2C200","width":350,"height":200,"srcset":"https:\/\/i0.wp.com\/ismaelcolosi.com.br\/wp-content\/uploads\/2024\/03\/fea-usp-ribeirao-preto.jpg?fit=1200%2C800&ssl=1&resize=350%2C200 1x, https:\/\/i0.wp.com\/ismaelcolosi.com.br\/wp-content\/uploads\/2024\/03\/fea-usp-ribeirao-preto.jpg?fit=1200%2C800&ssl=1&resize=525%2C300 1.5x, https:\/\/i0.wp.com\/ismaelcolosi.com.br\/wp-content\/uploads\/2024\/03\/fea-usp-ribeirao-preto.jpg?fit=1200%2C800&ssl=1&resize=700%2C400 2x, https:\/\/i0.wp.com\/ismaelcolosi.com.br\/wp-content\/uploads\/2024\/03\/fea-usp-ribeirao-preto.jpg?fit=1200%2C800&ssl=1&resize=1050%2C600 3x"},"classes":[]}],"jetpack_sharing_enabled":true,"jetpack_shortlink":"https:\/\/wp.me\/pfMlyK-bZ6","_links":{"self":[{"href":"https:\/\/ismaelcolosi.com.br\/index.php\/wp-json\/wp\/v2\/posts\/46072","targetHints":{"allow":["GET"]}}],"collection":[{"href":"https:\/\/ismaelcolosi.com.br\/index.php\/wp-json\/wp\/v2\/posts"}],"about":[{"href":"https:\/\/ismaelcolosi.com.br\/index.php\/wp-json\/wp\/v2\/types\/post"}],"author":[{"embeddable":true,"href":"https:\/\/ismaelcolosi.com.br\/index.php\/wp-json\/wp\/v2\/users\/1"}],"replies":[{"embeddable":true,"href":"https:\/\/ismaelcolosi.com.br\/index.php\/wp-json\/wp\/v2\/comments?post=46072"}],"version-history":[{"count":0,"href":"https:\/\/ismaelcolosi.com.br\/index.php\/wp-json\/wp\/v2\/posts\/46072\/revisions"}],"wp:featuredmedia":[{"embeddable":true,"href":"https:\/\/ismaelcolosi.com.br\/index.php\/wp-json\/wp\/v2\/media\/46073"}],"wp:attachment":[{"href":"https:\/\/ismaelcolosi.com.br\/index.php\/wp-json\/wp\/v2\/media?parent=46072"}],"wp:term":[{"taxonomy":"category","embeddable":true,"href":"https:\/\/ismaelcolosi.com.br\/index.php\/wp-json\/wp\/v2\/categories?post=46072"},{"taxonomy":"post_tag","embeddable":true,"href":"https:\/\/ismaelcolosi.com.br\/index.php\/wp-json\/wp\/v2\/tags?post=46072"}],"curies":[{"name":"wp","href":"https:\/\/api.w.org\/{rel}","templated":true}]}}