{"id":46060,"date":"2024-04-09T13:46:54","date_gmt":"2024-04-09T16:46:54","guid":{"rendered":"https:\/\/ismaelcolosi.com.br\/index.php\/2024\/04\/09\/justica-marca-audiencia-sobre-caso-de-mulher-morta-ao-sair-de-bar-em-ribeirao-preto\/"},"modified":"2024-04-09T13:46:54","modified_gmt":"2024-04-09T16:46:54","slug":"justica-marca-audiencia-sobre-caso-de-mulher-morta-ao-sair-de-bar-em-ribeirao-preto","status":"publish","type":"post","link":"https:\/\/ismaelcolosi.com.br\/index.php\/2024\/04\/09\/justica-marca-audiencia-sobre-caso-de-mulher-morta-ao-sair-de-bar-em-ribeirao-preto\/","title":{"rendered":"Justi\u00e7a marca audi\u00eancia sobre caso de mulher morta ao sair de bar em Ribeir\u00e3o Preto"},"content":{"rendered":"<p> <br \/>\n<\/p>\n<div>\n<p>O <strong>TJ-SP<\/strong> (Tribunal de Justi\u00e7a de S\u00e3o Paulo) <span style=\"background-color:#f7cc62\" class=\"td_text_highlight_marker\"><mark style=\"background-color:rgba(0, 0, 0, 0)\" class=\"has-inline-color has-black-color\">marcou a audi\u00eancia para ouvir o policial Militar Maicon de Oliveira dos Santos, de 35 anos, suspeito de ter atirado contra dois homens em uma moto, para se defender de uma suposta tentativa de assalto.<\/mark><\/span> <\/p>\n<p>Segundo a <strong>Pol\u00edcia Civil<\/strong>, um dos disparos matou <span style=\"background-color:#f7cc62\" class=\"td_text_highlight_marker\"><mark style=\"background-color:rgba(0, 0, 0, 0)\" class=\"has-inline-color has-black-color\">J\u00falia Ferraz Signoreto, que saia de um bar na zona Sul de Ribeir\u00e3o Preto, em agosto do ano passado<\/mark><\/span>. A audi\u00eancia de instru\u00e7\u00e3o, debates e julgamento ser\u00e1 no dia <strong>7 de maio, \u00e0s 14h<\/strong>.<\/p>\n<p>De acordo com o <strong>juiz Jos\u00e9 Roberto Bernardi Liberal<\/strong>, a <strong>audi\u00eancia ser\u00e1 por videoconfer\u00eancia<\/strong> para as <strong>testemunhas militares<\/strong> e <strong>policiais civis<\/strong>. O <strong>suspeito do crime<\/strong> poder\u00e1 optar por acompanhar a audi\u00eancia e ser interrogado no f\u00f3rum ou de forma on-line. J\u00e1, a<strong> v\u00edtima <\/strong>(no caso o jovem que pilotava a moto) <strong>dever\u00e1 comparecer ao f\u00f3rum<\/strong>.<\/p>\n<h4 class=\"wp-block-heading\"><strong>O que diz o MP-SP?<\/strong><\/h4>\n<p>O<strong> MP-SP<\/strong> (Minist\u00e9rio P\u00fablico de S\u00e3o Paulo), por meio do <strong>promotor Marco T\u00falio Alves Nicolino<\/strong>, <span style=\"background-color:#f7cc62\" class=\"td_text_highlight_marker\"><mark style=\"background-color:rgba(0, 0, 0, 0)\" class=\"has-inline-color has-black-color\">negou o pedido da defesa do policial para que n\u00e3o houvesse audi\u00eancia. O advogado do policial afirma que os disparos foram motivados por leg\u00edtima defesa e, por isso, pediu absolvi\u00e7\u00e3o sum\u00e1ria<\/mark><\/span>.<\/p>\n<p>O <strong>promotor<\/strong> entende que em nenhum momento as v\u00edtimas que estavam na moto e que foram apontados pelo suspeito como os autores de uma susposta tentativa do assalto <em>\u201cfizeram quaisquer movimentos que ensejasse a percep\u00e7\u00e3o de que eles estavam armados e que sacariam algum armamento para anunciar um assalto, ressaltando-se que, pelas imagens, verificou-se, de forma cristalina, que a v\u00edtima estava o tempo todo com as m\u00e3os do guid\u00e3o da motocicleta, enquanto o garupa estava com os bra\u00e7os entrela\u00e7ados na cintura do motociclista\u201d.<\/em><\/p>\n<p>Nicolino ressalta que <em>\u201cainda que se levasse em considera\u00e7\u00e3o o teor das declara\u00e7\u00f5es do acusado no sentido de que apenas reagira a um assalto \u00e0 m\u00e3o armada, revela-se pouco cr\u00edvel um policial militar n\u00e3o ter habilidade suficiente para efetuar apenas 1 (um) ou qui\u00e7\u00e1 2 (dois) tiros para o alto ou para baixo de modo a afastar o suposto perigo, e n\u00e3o a quantidade que realizou, cerca de 10 (DEZ) disparos, a demonstrar que tinha sim a inten\u00e7\u00e3o de assassin\u00e1-los!\u201d.<\/em><\/p>\n<h4 class=\"wp-block-heading\"><strong>Defesa <\/strong><\/h4>\n<p>O advogado Jo\u00e3o Carlos Campanini, que defende <span style=\"background-color:#f7cc62\" class=\"td_text_highlight_marker\"><mark style=\"background-color:rgba(0, 0, 0, 0)\" class=\"has-inline-color has-black-color\">Maicon de Oliveira dos Santos<\/mark><\/span>, disse que a acusa\u00e7\u00e3o n\u00e3o deve seguir e que o policial n\u00e3o deve ser levado ao Tribunal do J\u00fari.<\/p>\n<p><em>\u201cNa audi\u00eancia que ocorrer\u00e1 dia 07\/05\/24, a Defesa, como fez desde o in\u00edcio, ir\u00e1 demonstrar com provas e por meio dos depoimentos que a vers\u00e3o apresentada pelo Policial Militar \u00e9 a verdadeira, tendo sua rea\u00e7\u00e3o sido leg\u00edtima e amparada por par\u00e2metros legais\u201d.<\/em><\/p>\n<p><strong>Sobre o caso<\/strong><\/p>\n<p>J\u00falia Ferraz Signoreto, de 27 anos, foi morta ap\u00f3s sair de um bar na zona Sul de Ribeir\u00e3o, no dia 14 de agosto de 2023. Ela foi atingida por uma bala perdida e o policial Maicon de Oliveira dos Santos \u00e9 suspeito de ter atirado ao supostamente reagir a uma tentativa de assalto na avenida Independ\u00eancia. A a\u00e7\u00e3o foi registrada por c\u00e2meras de seguran\u00e7as.<\/p>\n<p>SAIBA MAIS <\/p>\n<p>Bairros na zona Norte de Ribeir\u00e3o Preto ficam em alerta para falta d\u2019\u00e1gua<\/p>\n<h4 class=\"wp-block-heading\"><strong>FIQUE ON<\/strong><\/h4>\n<p>Fique ligado em tudo que acontece em Ribeir\u00e3o Preto e regi\u00e3o. Siga os perfis do\u00a0<strong>acidade on\u00a0<\/strong>no\u00a0<a href=\"https:\/\/www.instagram.com\/acidadeonribeirao\" target=\"_blank\" rel=\"noreferrer noopener\">Instagram<\/a>\u00a0e no\u00a0<a href=\"https:\/\/www.facebook.com\/acidadeonribeirao\" target=\"_blank\" rel=\"noreferrer noopener\">Facebook<\/a>.<\/p>\n<p>Receba not\u00edcias do acidade on no WhatsApp. Para entrar no grupo, basta\u00a0<a href=\"https:\/\/chat.whatsapp.com\/GFH9HUMUTHNFJdnyEd0xxq\" target=\"_blank\" rel=\"noreferrer noopener\">clicar aqui<\/a>.<\/p>\n<p>Fa\u00e7a uma den\u00fancia ou sugira uma reportagem sobre Ribeir\u00e3o Preto e regi\u00e3o pelo WhatsApp: 16 99117 7802.<\/p>\n<p>VEJA TAMB\u00c9M<br \/>Por que Davi e Beatriz discutiram?<\/p>\n<p><!-- AI CONTENT END 1 -->\n<\/div>\n<p><script async src=\"\/\/www.instagram.com\/embed.js\"><\/script><br \/>\n<br \/><br \/>\n<br \/><a href=\"https:\/\/www.acidadeon.com\/ribeiraopreto\/cotidiano\/justica-marca-audiencia-sobre-caso-de-mulher-morta-ao-sair-de-bar-em-ribeirao-preto\/\">Source link <\/a><\/p>\n<div class='code-block code-block-4' style='margin: 8px auto 8px 0; text-align: left; display: block; clear: both;'>\n\ud83d\udce2 Aviso Legal\n\nO site ismaelcolosi.com.br atua apenas como um canal de divulga\u00e7\u00e3o de oportunidades de emprego e n\u00e3o se responsabiliza pelo processo seletivo, contrata\u00e7\u00e3o ou qualquer outra etapa relacionada \u00e0s vagas publicadas. Todas as informa\u00e7\u00f5es s\u00e3o de responsabilidade dos anunciantes.\n\n\u26a0\ufe0f Aten\u00e7\u00e3o! Nunca pague por promessas de emprego nem compre cursos que garantam contrata\u00e7\u00e3o. Desconfie de qualquer cobran\u00e7a para participar de sele\u00e7\u00f5es.\n\n\n\n<\/div>\n<!-- CONTENT END 1 -->\n","protected":false},"excerpt":{"rendered":"<p>O TJ-SP (Tribunal de Justi\u00e7a de S\u00e3o Paulo) marcou a audi\u00eancia para ouvir o policial Militar Maicon de Oliveira dos Santos, de 35 anos, suspeito&#8230;<\/p>\n","protected":false},"author":1,"featured_media":46061,"comment_status":"open","ping_status":"open","sticky":false,"template":"","format":"standard","meta":{"_uag_custom_page_level_css":"","advanced_seo_description":"","jetpack_seo_html_title":"","jetpack_seo_noindex":false,"jetpack_post_was_ever_published":false,"_jetpack_newsletter_access":"","_jetpack_dont_email_post_to_subs":false,"_jetpack_newsletter_tier_id":0,"_jetpack_memberships_contains_paywalled_content":false,"_jetpack_memberships_contains_paid_content":false,"footnotes":"","jetpack_publicize_message":"","jetpack_publicize_feature_enabled":true,"jetpack_social_post_already_shared":true,"jetpack_social_options":{"image_generator_settings":{"template":"highway","default_image_id":0,"font":"","enabled":false},"version":2}},"categories":[11],"tags":[],"class_list":["post-46060","post","type-post","status-publish","format-standard","has-post-thumbnail","hentry","category-noticias-de-ribeirao-preto-sp-e-regiao-ismael-colosi"],"jetpack_publicize_connections":[],"jetpack_featured_media_url":"https:\/\/i0.wp.com\/ismaelcolosi.com.br\/wp-content\/uploads\/2024\/04\/Capturar-4.jpg?fit=781%2C474&ssl=1","uagb_featured_image_src":{"full":["https:\/\/i0.wp.com\/ismaelcolosi.com.br\/wp-content\/uploads\/2024\/04\/Capturar-4.jpg?fit=781%2C474&ssl=1",781,474,false],"thumbnail":["https:\/\/i0.wp.com\/ismaelcolosi.com.br\/wp-content\/uploads\/2024\/04\/Capturar-4.jpg?resize=150%2C150&ssl=1",150,150,true],"medium":["https:\/\/i0.wp.com\/ismaelcolosi.com.br\/wp-content\/uploads\/2024\/04\/Capturar-4.jpg?fit=300%2C182&ssl=1",300,182,true],"medium_large":["https:\/\/i0.wp.com\/ismaelcolosi.com.br\/wp-content\/uploads\/2024\/04\/Capturar-4.jpg?fit=768%2C466&ssl=1",768,466,true],"large":["https:\/\/i0.wp.com\/ismaelcolosi.com.br\/wp-content\/uploads\/2024\/04\/Capturar-4.jpg?fit=781%2C474&ssl=1",781,474,true],"1536x1536":["https:\/\/i0.wp.com\/ismaelcolosi.com.br\/wp-content\/uploads\/2024\/04\/Capturar-4.jpg?fit=781%2C474&ssl=1",781,474,true],"2048x2048":["https:\/\/i0.wp.com\/ismaelcolosi.com.br\/wp-content\/uploads\/2024\/04\/Capturar-4.jpg?fit=781%2C474&ssl=1",781,474,true],"really-simple-thumb":["https:\/\/i0.wp.com\/ismaelcolosi.com.br\/wp-content\/uploads\/2024\/04\/Capturar-4.jpg?resize=370%2C247&ssl=1",370,247,true]},"uagb_author_info":{"display_name":"ismaelcolosi.com.br","author_link":"https:\/\/ismaelcolosi.com.br\/index.php\/author\/vidareal-online\/"},"uagb_comment_info":0,"uagb_excerpt":"O TJ-SP (Tribunal de Justi\u00e7a de S\u00e3o Paulo) marcou a audi\u00eancia para ouvir o policial Militar Maicon de Oliveira dos Santos, de 35 anos, suspeito...","jetpack-related-posts":[{"id":48982,"url":"https:\/\/ismaelcolosi.com.br\/index.php\/2024\/05\/07\/justica-realiza-audiencia-de-instrucao-sobre-caso-de-mulher-morta-ao-sair-de-bar-em-ribeirao-preto\/","url_meta":{"origin":46060,"position":0},"title":"Justi\u00e7a realiza audi\u00eancia de instru\u00e7\u00e3o sobre caso de mulher morta ao sair de bar em Ribeir\u00e3o Preto","author":"ismaelcolosi.com.br","date":"7 de May de 2024","format":false,"excerpt":"Aconteceu nesta ter\u00e7a-feira (7), em Ribeir\u00e3o Preto, a audi\u00eancia de instru\u00e7\u00e3o do policial militar Maicon de Oliveira dos Santos, de 35 anos, suspeito de ter atirado contra dois homens em uma moto, para se defender de uma suposta tentativa de assalto, em agosto de 2023. Segundo a Pol\u00edcia Civil, um\u2026","rel":"","context":"In &quot;Not\u00edcias de Ribeir\u00e3o Preto-SP e Regi\u00e3o&quot;","block_context":{"text":"Not\u00edcias de Ribeir\u00e3o Preto-SP e Regi\u00e3o","link":"https:\/\/ismaelcolosi.com.br\/index.php\/category\/noticias-de-ribeirao-preto-sp-e-regiao-ismael-colosi\/"},"img":{"alt_text":"","src":"https:\/\/i0.wp.com\/ismaelcolosi.com.br\/wp-content\/uploads\/2024\/05\/tiros-independencia.jpg?fit=1200%2C801&ssl=1&resize=350%2C200","width":350,"height":200,"srcset":"https:\/\/i0.wp.com\/ismaelcolosi.com.br\/wp-content\/uploads\/2024\/05\/tiros-independencia.jpg?fit=1200%2C801&ssl=1&resize=350%2C200 1x, https:\/\/i0.wp.com\/ismaelcolosi.com.br\/wp-content\/uploads\/2024\/05\/tiros-independencia.jpg?fit=1200%2C801&ssl=1&resize=525%2C300 1.5x, https:\/\/i0.wp.com\/ismaelcolosi.com.br\/wp-content\/uploads\/2024\/05\/tiros-independencia.jpg?fit=1200%2C801&ssl=1&resize=700%2C400 2x, https:\/\/i0.wp.com\/ismaelcolosi.com.br\/wp-content\/uploads\/2024\/05\/tiros-independencia.jpg?fit=1200%2C801&ssl=1&resize=1050%2C600 3x"},"classes":[]},{"id":72348,"url":"https:\/\/ismaelcolosi.com.br\/index.php\/2024\/10\/21\/revisao-do-contrato-da-anhanguera-sera-discutida-em-ribeirao-preto\/","url_meta":{"origin":46060,"position":1},"title":"Revis\u00e3o do contrato da Anhanguera ser\u00e1 discutida em Ribeir\u00e3o Preto","author":"ismaelcolosi.com.br","date":"21 de October de 2024","format":false,"excerpt":"A Artesp (Ag\u00eancia de Transporte do Estado de S\u00e3o Paulo) abre nesta segunda-feira (21) uma consulta p\u00fablica para receber sugest\u00f5es sobre a segunda revis\u00e3o ordin\u00e1ria do contrato de concess\u00e3o de rodovias da regi\u00e3o de Ribeir\u00e3o Preto com a Arteris ViaPaulista. Entre as rodovias que abordam o acordo, est\u00e3o a Anhanguera\u2026","rel":"","context":"In &quot;Not\u00edcias de Ribeir\u00e3o Preto-SP e Regi\u00e3o&quot;","block_context":{"text":"Not\u00edcias de Ribeir\u00e3o Preto-SP e Regi\u00e3o","link":"https:\/\/ismaelcolosi.com.br\/index.php\/category\/noticias-de-ribeirao-preto-sp-e-regiao-ismael-colosi\/"},"img":{"alt_text":"","src":"https:\/\/i0.wp.com\/ismaelcolosi.com.br\/wp-content\/uploads\/2024\/09\/trevao-ribeirao-preto_2024-09-12_17-08-13_jpeg_2024-09-12_17-08-13.webp.webp?fit=1200%2C652&ssl=1&resize=350%2C200","width":350,"height":200,"srcset":"https:\/\/i0.wp.com\/ismaelcolosi.com.br\/wp-content\/uploads\/2024\/09\/trevao-ribeirao-preto_2024-09-12_17-08-13_jpeg_2024-09-12_17-08-13.webp.webp?fit=1200%2C652&ssl=1&resize=350%2C200 1x, https:\/\/i0.wp.com\/ismaelcolosi.com.br\/wp-content\/uploads\/2024\/09\/trevao-ribeirao-preto_2024-09-12_17-08-13_jpeg_2024-09-12_17-08-13.webp.webp?fit=1200%2C652&ssl=1&resize=525%2C300 1.5x, https:\/\/i0.wp.com\/ismaelcolosi.com.br\/wp-content\/uploads\/2024\/09\/trevao-ribeirao-preto_2024-09-12_17-08-13_jpeg_2024-09-12_17-08-13.webp.webp?fit=1200%2C652&ssl=1&resize=700%2C400 2x, https:\/\/i0.wp.com\/ismaelcolosi.com.br\/wp-content\/uploads\/2024\/09\/trevao-ribeirao-preto_2024-09-12_17-08-13_jpeg_2024-09-12_17-08-13.webp.webp?fit=1200%2C652&ssl=1&resize=1050%2C600 3x"},"classes":[]},{"id":72367,"url":"https:\/\/ismaelcolosi.com.br\/index.php\/2024\/10\/21\/revisao-do-contrato-da-anhanguera-sera-discutida-em-ribeirao-preto-2\/","url_meta":{"origin":46060,"position":2},"title":"Revis\u00e3o do contrato da Anhanguera ser\u00e1 discutida em Ribeir\u00e3o Preto","author":"ismaelcolosi.com.br","date":"21 de October de 2024","format":false,"excerpt":"A Artesp (Ag\u00eancia de Transporte do Estado de S\u00e3o Paulo) abre nesta segunda-feira (21) uma consulta p\u00fablica para receber sugest\u00f5es sobre a segunda revis\u00e3o ordin\u00e1ria do contrato de concess\u00e3o de rodovias da regi\u00e3o de Ribeir\u00e3o Preto com a Arteris ViaPaulista. Entre as rodovias que abordam o acordo, est\u00e3o a Anhanguera\u2026","rel":"","context":"In &quot;Not\u00edcias de Ribeir\u00e3o Preto-SP e Regi\u00e3o&quot;","block_context":{"text":"Not\u00edcias de Ribeir\u00e3o Preto-SP e Regi\u00e3o","link":"https:\/\/ismaelcolosi.com.br\/index.php\/category\/noticias-de-ribeirao-preto-sp-e-regiao-ismael-colosi\/"},"img":{"alt_text":"","src":"https:\/\/i0.wp.com\/ismaelcolosi.com.br\/wp-content\/uploads\/2024\/09\/trevao-ribeirao-preto_2024-09-12_17-08-13_jpeg_2024-09-12_17-08-13.webp.webp?fit=1200%2C652&ssl=1&resize=350%2C200","width":350,"height":200,"srcset":"https:\/\/i0.wp.com\/ismaelcolosi.com.br\/wp-content\/uploads\/2024\/09\/trevao-ribeirao-preto_2024-09-12_17-08-13_jpeg_2024-09-12_17-08-13.webp.webp?fit=1200%2C652&ssl=1&resize=350%2C200 1x, https:\/\/i0.wp.com\/ismaelcolosi.com.br\/wp-content\/uploads\/2024\/09\/trevao-ribeirao-preto_2024-09-12_17-08-13_jpeg_2024-09-12_17-08-13.webp.webp?fit=1200%2C652&ssl=1&resize=525%2C300 1.5x, https:\/\/i0.wp.com\/ismaelcolosi.com.br\/wp-content\/uploads\/2024\/09\/trevao-ribeirao-preto_2024-09-12_17-08-13_jpeg_2024-09-12_17-08-13.webp.webp?fit=1200%2C652&ssl=1&resize=700%2C400 2x, https:\/\/i0.wp.com\/ismaelcolosi.com.br\/wp-content\/uploads\/2024\/09\/trevao-ribeirao-preto_2024-09-12_17-08-13_jpeg_2024-09-12_17-08-13.webp.webp?fit=1200%2C652&ssl=1&resize=1050%2C600 3x"},"classes":[]},{"id":37268,"url":"https:\/\/ismaelcolosi.com.br\/index.php\/2024\/02\/15\/campus-do-instituto-federal-de-educacao-e-tema-de-audiencia\/","url_meta":{"origin":46060,"position":3},"title":"Campus do Instituto Federal de Educa\u00e7\u00e3o \u00e9\u00a0tema de audi\u00eancia \u00a0","author":"ismaelcolosi.com.br","date":"15 de February de 2024","format":false,"excerpt":"15 de fevereiro de 2024 | 10:0014 de fevereiro de 2024 | 18:39 0A C\u00e2mara de Ribeir\u00e3o Preto realizar\u00e1, na segunda-feira, 19 de fevereiro, audi\u00eancia p\u00fablica para debater a implanta\u00e7\u00e3o de campus do Instituto Federal de Educa\u00e7\u00e3o, Ci\u00eancia e Tecnologia de S\u00e3o Paulo (IFSP) na cidade. A reuni\u00e3o ser\u00e1 \u00e0s\u2026","rel":"","context":"In &quot;Not\u00edcias de Ribeir\u00e3o Preto-SP e Regi\u00e3o&quot;","block_context":{"text":"Not\u00edcias de Ribeir\u00e3o Preto-SP e Regi\u00e3o","link":"https:\/\/ismaelcolosi.com.br\/index.php\/category\/noticias-de-ribeirao-preto-sp-e-regiao-ismael-colosi\/"},"img":{"alt_text":"","src":"https:\/\/i0.wp.com\/ismaelcolosi.com.br\/wp-content\/uploads\/2024\/02\/Metodista-Alfredo-Risk-scaled.jpg?fit=1000%2C521&ssl=1&resize=350%2C200","width":350,"height":200,"srcset":"https:\/\/i0.wp.com\/ismaelcolosi.com.br\/wp-content\/uploads\/2024\/02\/Metodista-Alfredo-Risk-scaled.jpg?fit=1000%2C521&ssl=1&resize=350%2C200 1x, https:\/\/i0.wp.com\/ismaelcolosi.com.br\/wp-content\/uploads\/2024\/02\/Metodista-Alfredo-Risk-scaled.jpg?fit=1000%2C521&ssl=1&resize=525%2C300 1.5x, https:\/\/i0.wp.com\/ismaelcolosi.com.br\/wp-content\/uploads\/2024\/02\/Metodista-Alfredo-Risk-scaled.jpg?fit=1000%2C521&ssl=1&resize=700%2C400 2x"},"classes":[]},{"id":44815,"url":"https:\/\/ismaelcolosi.com.br\/index.php\/2024\/03\/31\/orcamento-de-2025-de-ribeirao-preto-preve-parque-prometido-ha-15-anos-entenda\/","url_meta":{"origin":46060,"position":4},"title":"Or\u00e7amento de 2025 de Ribeir\u00e3o Preto prev\u00ea parque prometido h\u00e1 15 anos; Entenda","author":"ismaelcolosi.com.br","date":"31 de March de 2024","format":false,"excerpt":"A LDO (Lei de Diretrizes Or\u00e7ament\u00e1rias) de Ribeir\u00e3o Preto para o ano de 2025 prev\u00ea a reforma e restaura\u00e7\u00e3o do Parque Rubem Cione, prometido h\u00e1 15 anos. Essa \u00e9 uma das propostas que ser\u00e3o discutidas em audi\u00eancia p\u00fablica, que acontece na prefeitura, na pr\u00f3xima ter\u00e7a-feira (2), a partir das 10h.\u2026","rel":"","context":"In &quot;Not\u00edcias de Ribeir\u00e3o Preto-SP e Regi\u00e3o&quot;","block_context":{"text":"Not\u00edcias de Ribeir\u00e3o Preto-SP e Regi\u00e3o","link":"https:\/\/ismaelcolosi.com.br\/index.php\/category\/noticias-de-ribeirao-preto-sp-e-regiao-ismael-colosi\/"},"img":{"alt_text":"","src":"https:\/\/i0.wp.com\/ismaelcolosi.com.br\/wp-content\/uploads\/2024\/03\/WhatsApp-Image-2024-03-31-at-09.03.50.jpeg?fit=1200%2C660&ssl=1&resize=350%2C200","width":350,"height":200,"srcset":"https:\/\/i0.wp.com\/ismaelcolosi.com.br\/wp-content\/uploads\/2024\/03\/WhatsApp-Image-2024-03-31-at-09.03.50.jpeg?fit=1200%2C660&ssl=1&resize=350%2C200 1x, https:\/\/i0.wp.com\/ismaelcolosi.com.br\/wp-content\/uploads\/2024\/03\/WhatsApp-Image-2024-03-31-at-09.03.50.jpeg?fit=1200%2C660&ssl=1&resize=525%2C300 1.5x, https:\/\/i0.wp.com\/ismaelcolosi.com.br\/wp-content\/uploads\/2024\/03\/WhatsApp-Image-2024-03-31-at-09.03.50.jpeg?fit=1200%2C660&ssl=1&resize=700%2C400 2x, https:\/\/i0.wp.com\/ismaelcolosi.com.br\/wp-content\/uploads\/2024\/03\/WhatsApp-Image-2024-03-31-at-09.03.50.jpeg?fit=1200%2C660&ssl=1&resize=1050%2C600 3x"},"classes":[]},{"id":10442,"url":"https:\/\/ismaelcolosi.com.br\/index.php\/2023\/12\/04\/ribeirao-preto-participa-de-audiencia-com-dirigentes-paulistas-de-mobilidade-urbana\/","url_meta":{"origin":46060,"position":5},"title":"Ribeir\u00e3o Preto participa de audi\u00eancia com dirigentes paulistas de mobilidade urbana \u2013 Folha de Ribeir\u00e3o","author":"ismaelcolosi.com.br","date":"4 de December de 2023","format":false,"excerpt":"A RP Mobi, empresa da prefeitura de Ribeir\u00e3o Preto, representou o munic\u00edpio, na semana passada, em Praia Grande (SP), na 88\u00aa edi\u00e7\u00e3o da reuni\u00e3o do F\u00f3rum Paulista de Secret\u00e1rios e Dirigentes P\u00fablicos de Mobilidade Urbana. O evento reuniu representantes de 55 munic\u00edpios, do governo estadual, t\u00e9cnicos e gestores p\u00fablicos, al\u00e9m\u2026","rel":"","context":"In &quot;Not\u00edcias de Ribeir\u00e3o Preto-SP e Regi\u00e3o&quot;","block_context":{"text":"Not\u00edcias de Ribeir\u00e3o Preto-SP e Regi\u00e3o","link":"https:\/\/ismaelcolosi.com.br\/index.php\/category\/noticias-de-ribeirao-preto-sp-e-regiao-ismael-colosi\/"},"img":{"alt_text":"","src":"https:\/\/i0.wp.com\/ismaelcolosi.com.br\/wp-content\/uploads\/2023\/12\/forum-2757.jpg?fit=1200%2C800&ssl=1&resize=350%2C200","width":350,"height":200,"srcset":"https:\/\/i0.wp.com\/ismaelcolosi.com.br\/wp-content\/uploads\/2023\/12\/forum-2757.jpg?fit=1200%2C800&ssl=1&resize=350%2C200 1x, https:\/\/i0.wp.com\/ismaelcolosi.com.br\/wp-content\/uploads\/2023\/12\/forum-2757.jpg?fit=1200%2C800&ssl=1&resize=525%2C300 1.5x, https:\/\/i0.wp.com\/ismaelcolosi.com.br\/wp-content\/uploads\/2023\/12\/forum-2757.jpg?fit=1200%2C800&ssl=1&resize=700%2C400 2x, https:\/\/i0.wp.com\/ismaelcolosi.com.br\/wp-content\/uploads\/2023\/12\/forum-2757.jpg?fit=1200%2C800&ssl=1&resize=1050%2C600 3x"},"classes":[]}],"jetpack_sharing_enabled":true,"jetpack_shortlink":"https:\/\/wp.me\/pfMlyK-bYU","_links":{"self":[{"href":"https:\/\/ismaelcolosi.com.br\/index.php\/wp-json\/wp\/v2\/posts\/46060","targetHints":{"allow":["GET"]}}],"collection":[{"href":"https:\/\/ismaelcolosi.com.br\/index.php\/wp-json\/wp\/v2\/posts"}],"about":[{"href":"https:\/\/ismaelcolosi.com.br\/index.php\/wp-json\/wp\/v2\/types\/post"}],"author":[{"embeddable":true,"href":"https:\/\/ismaelcolosi.com.br\/index.php\/wp-json\/wp\/v2\/users\/1"}],"replies":[{"embeddable":true,"href":"https:\/\/ismaelcolosi.com.br\/index.php\/wp-json\/wp\/v2\/comments?post=46060"}],"version-history":[{"count":0,"href":"https:\/\/ismaelcolosi.com.br\/index.php\/wp-json\/wp\/v2\/posts\/46060\/revisions"}],"wp:featuredmedia":[{"embeddable":true,"href":"https:\/\/ismaelcolosi.com.br\/index.php\/wp-json\/wp\/v2\/media\/46061"}],"wp:attachment":[{"href":"https:\/\/ismaelcolosi.com.br\/index.php\/wp-json\/wp\/v2\/media?parent=46060"}],"wp:term":[{"taxonomy":"category","embeddable":true,"href":"https:\/\/ismaelcolosi.com.br\/index.php\/wp-json\/wp\/v2\/categories?post=46060"},{"taxonomy":"post_tag","embeddable":true,"href":"https:\/\/ismaelcolosi.com.br\/index.php\/wp-json\/wp\/v2\/tags?post=46060"}],"curies":[{"name":"wp","href":"https:\/\/api.w.org\/{rel}","templated":true}]}}