{"id":46056,"date":"2024-04-09T13:28:52","date_gmt":"2024-04-09T16:28:52","guid":{"rendered":"https:\/\/ismaelcolosi.com.br\/index.php\/2024\/04\/09\/atleta-de-ribeirao-preto-e-convocada-para-o-mundial-paralimpico-do-japao\/"},"modified":"2024-04-09T13:28:52","modified_gmt":"2024-04-09T16:28:52","slug":"atleta-de-ribeirao-preto-e-convocada-para-o-mundial-paralimpico-do-japao","status":"publish","type":"post","link":"https:\/\/ismaelcolosi.com.br\/index.php\/2024\/04\/09\/atleta-de-ribeirao-preto-e-convocada-para-o-mundial-paralimpico-do-japao\/","title":{"rendered":"Atleta de Ribeir\u00e3o Preto \u00e9 convocada para o Mundial Paral\u00edmpico do Jap\u00e3o"},"content":{"rendered":"<p> <br \/>\n<\/p>\n<div data-td-block-uid=\"tdi_101\">\n<div class=\"tdb-block-inner td-fix-index\">\n<p>A atleta<strong> Zileide Cassiano da Silva<\/strong>, de <strong>Ribeir\u00e3o Preto<\/strong>, foi convocada pelo<strong> Comit\u00ea Paral\u00edmpico Brasileiro<\/strong> para o <strong>Mundial de Atletismo Paral\u00edmpico<\/strong>, que ser\u00e1 disputado em <strong>Kobe<\/strong>, no<strong> Jap\u00e3o<\/strong>. <mark style=\"background-color:#fcb900\" class=\"has-inline-color has-black-color\">O evento acontece entre 17 a 25 de maio.<\/mark><\/p>\n<p>Zileide Cassiano vai disputar no salto em dist\u00e2ncia, na categoria T20. A competi\u00e7\u00e3o pode dar a vaga para atleta nos <strong>Jogos Paral\u00edmpicos de Paris 2024<\/strong>. <mark style=\"background-color:#fcb900\" class=\"has-inline-color has-black-color\">Ano passado a Zileide foi vice-campe\u00e3 Mundial.<\/mark><\/p>\n<p>\u201cEu e meu treinador Guilherme estamos fazendo um trabalho muito forte. Nosso objetivo era ser convocado para esse Mundial. Agora \u00e9 ir pra cima no Mundial e conseguir o \u00edndice para a Paral\u00edmpiada. Estamos muito felizes com mais essa conquista, mas o trabalho ainda n\u00e3o acabou\u201d, afirmou a atleta.<\/p>\n<p>SAIBA MAIS<br \/>Veja 12 shows de com\u00e9dia confirmados no Theatro Pedro II em Ribeir\u00e3o Preto<\/p>\n<h4 class=\"wp-block-heading\"><strong>FIQUE ON<\/strong><\/h4>\n<p>Fique ligado em tudo que acontece em Ribeir\u00e3o Preto e regi\u00e3o. Siga os perfis do <strong>acidade on<\/strong> no <a href=\"https:\/\/www.instagram.com\/acidadeonribeirao\" target=\"_blank\" rel=\"noreferrer noopener nofollow\">Instagram<\/a> e no <a href=\"https:\/\/www.facebook.com\/acidadeonribeirao\" target=\"_blank\" rel=\"noreferrer noopener nofollow\">Facebook<\/a>.<\/p>\n<p>Receba not\u00edcias do <strong>acidade on<\/strong> no WhatsApp.<a href=\"https:\/\/chat.whatsapp.com\/GFH9HUMUTHNFJdnyEd0xxq\" target=\"_blank\" rel=\"noreferrer noopener nofollow\"> Para entrar no grupo, basta clicar aqui.<\/a><\/p>\n<p>Fa\u00e7a uma den\u00fancia ou sugira uma reportagem sobre Ribeir\u00e3o Preto e regi\u00e3o pelo WhatsApp: 16 99117 7802.<\/p>\n<p>VEJA TAMB\u00c9M<br \/>BBB 24: Davi afirma que Beatriz \u201cvacilou\u201d desde o \u00ednicio do jogo<\/p>\n<p><!-- AI CONTENT END 1 -->\n<\/div>\n<\/div>\n<p><script async src=\"\/\/www.instagram.com\/embed.js\"><\/script><br \/>\n<br \/><br \/>\n<br \/><a href=\"https:\/\/www.acidadeon.com\/ribeiraopreto\/esportes\/atleta-de-ribeirao-preto-e-convocada-para-o-mundial-paralimpico-do-japao\/\">Source link <\/a><\/p>\n<div class='code-block code-block-4' style='margin: 8px auto 8px 0; text-align: left; display: block; clear: both;'>\n\ud83d\udce2 Aviso Legal\n\nO site ismaelcolosi.com.br atua apenas como um canal de divulga\u00e7\u00e3o de oportunidades de emprego e n\u00e3o se responsabiliza pelo processo seletivo, contrata\u00e7\u00e3o ou qualquer outra etapa relacionada \u00e0s vagas publicadas. Todas as informa\u00e7\u00f5es s\u00e3o de responsabilidade dos anunciantes.\n\n\u26a0\ufe0f Aten\u00e7\u00e3o! Nunca pague por promessas de emprego nem compre cursos que garantam contrata\u00e7\u00e3o. Desconfie de qualquer cobran\u00e7a para participar de sele\u00e7\u00f5es.\n\n\n\n<\/div>\n<!-- CONTENT END 1 -->\n","protected":false},"excerpt":{"rendered":"<p>A atleta Zileide Cassiano da Silva, de Ribeir\u00e3o Preto, foi convocada pelo Comit\u00ea Paral\u00edmpico Brasileiro para o Mundial de Atletismo Paral\u00edmpico, que ser\u00e1 disputado em&#8230;<\/p>\n","protected":false},"author":1,"featured_media":46057,"comment_status":"open","ping_status":"open","sticky":false,"template":"","format":"standard","meta":{"_uag_custom_page_level_css":"","advanced_seo_description":"","jetpack_seo_html_title":"","jetpack_seo_noindex":false,"jetpack_post_was_ever_published":false,"_jetpack_newsletter_access":"","_jetpack_dont_email_post_to_subs":false,"_jetpack_newsletter_tier_id":0,"_jetpack_memberships_contains_paywalled_content":false,"_jetpack_memberships_contains_paid_content":false,"footnotes":"","jetpack_publicize_message":"","jetpack_publicize_feature_enabled":true,"jetpack_social_post_already_shared":true,"jetpack_social_options":{"image_generator_settings":{"template":"highway","default_image_id":0,"font":"","enabled":false},"version":2}},"categories":[11],"tags":[],"class_list":["post-46056","post","type-post","status-publish","format-standard","has-post-thumbnail","hentry","category-noticias-de-ribeirao-preto-sp-e-regiao-ismael-colosi"],"jetpack_publicize_connections":[],"jetpack_featured_media_url":"https:\/\/i0.wp.com\/ismaelcolosi.com.br\/wp-content\/uploads\/2024\/04\/AnyConv.com__ZILEIDE.webp.webp?fit=960%2C550&ssl=1","uagb_featured_image_src":{"full":["https:\/\/i0.wp.com\/ismaelcolosi.com.br\/wp-content\/uploads\/2024\/04\/AnyConv.com__ZILEIDE.webp.webp?fit=960%2C550&ssl=1",960,550,false],"thumbnail":["https:\/\/i0.wp.com\/ismaelcolosi.com.br\/wp-content\/uploads\/2024\/04\/AnyConv.com__ZILEIDE.webp.webp?resize=150%2C150&ssl=1",150,150,true],"medium":["https:\/\/i0.wp.com\/ismaelcolosi.com.br\/wp-content\/uploads\/2024\/04\/AnyConv.com__ZILEIDE.webp.webp?fit=300%2C172&ssl=1",300,172,true],"medium_large":["https:\/\/i0.wp.com\/ismaelcolosi.com.br\/wp-content\/uploads\/2024\/04\/AnyConv.com__ZILEIDE.webp.webp?fit=768%2C440&ssl=1",768,440,true],"large":["https:\/\/i0.wp.com\/ismaelcolosi.com.br\/wp-content\/uploads\/2024\/04\/AnyConv.com__ZILEIDE.webp.webp?fit=960%2C550&ssl=1",960,550,true],"1536x1536":["https:\/\/i0.wp.com\/ismaelcolosi.com.br\/wp-content\/uploads\/2024\/04\/AnyConv.com__ZILEIDE.webp.webp?fit=960%2C550&ssl=1",960,550,true],"2048x2048":["https:\/\/i0.wp.com\/ismaelcolosi.com.br\/wp-content\/uploads\/2024\/04\/AnyConv.com__ZILEIDE.webp.webp?fit=960%2C550&ssl=1",960,550,true],"really-simple-thumb":["https:\/\/i0.wp.com\/ismaelcolosi.com.br\/wp-content\/uploads\/2024\/04\/AnyConv.com__ZILEIDE.webp.webp?resize=370%2C247&ssl=1",370,247,true]},"uagb_author_info":{"display_name":"ismaelcolosi.com.br","author_link":"https:\/\/ismaelcolosi.com.br\/index.php\/author\/vidareal-online\/"},"uagb_comment_info":0,"uagb_excerpt":"A atleta Zileide Cassiano da Silva, de Ribeir\u00e3o Preto, foi convocada pelo Comit\u00ea Paral\u00edmpico Brasileiro para o Mundial de Atletismo Paral\u00edmpico, que ser\u00e1 disputado em...","jetpack-related-posts":[{"id":50654,"url":"https:\/\/ismaelcolosi.com.br\/index.php\/2024\/05\/17\/atleta-de-ribeirao-vence-mundial-e-conquista-vaga-nos-jogos-paralimpicos-de-paris\/","url_meta":{"origin":46056,"position":0},"title":"Atleta de Ribeir\u00e3o vence Mundial e conquista vaga nos Jogos Paral\u00edmpicos de Paris","author":"ismaelcolosi.com.br","date":"17 de May de 2024","format":false,"excerpt":"A atleta de Ribeir\u00e3o Preto Zileide Cassiano conquistou o t\u00edtulo do salto em dist\u00e2ncia classe T20 do Mundial de Atletismo Paral\u00edmpico, que acontece em Kobe, no Jap\u00e3o. A medalha de ouro veio nesta sexta-feira (17), quando Zileide saltou 5,80 metros. Com o resultado, a atleta de Ribeir\u00e3o Preto tamb\u00e9m garantiu\u2026","rel":"","context":"In &quot;Not\u00edcias de Ribeir\u00e3o Preto-SP e Regi\u00e3o&quot;","block_context":{"text":"Not\u00edcias de Ribeir\u00e3o Preto-SP e Regi\u00e3o","link":"https:\/\/ismaelcolosi.com.br\/index.php\/category\/noticias-de-ribeirao-preto-sp-e-regiao-ismael-colosi\/"},"img":{"alt_text":"","src":"https:\/\/i0.wp.com\/ismaelcolosi.com.br\/wp-content\/uploads\/2024\/05\/zileide-cassiano_2024-05-17_18-34-56_jpg_2024-05-17_18-34-56.webp.webp?fit=994%2C661&ssl=1&resize=350%2C200","width":350,"height":200,"srcset":"https:\/\/i0.wp.com\/ismaelcolosi.com.br\/wp-content\/uploads\/2024\/05\/zileide-cassiano_2024-05-17_18-34-56_jpg_2024-05-17_18-34-56.webp.webp?fit=994%2C661&ssl=1&resize=350%2C200 1x, https:\/\/i0.wp.com\/ismaelcolosi.com.br\/wp-content\/uploads\/2024\/05\/zileide-cassiano_2024-05-17_18-34-56_jpg_2024-05-17_18-34-56.webp.webp?fit=994%2C661&ssl=1&resize=525%2C300 1.5x, https:\/\/i0.wp.com\/ismaelcolosi.com.br\/wp-content\/uploads\/2024\/05\/zileide-cassiano_2024-05-17_18-34-56_jpg_2024-05-17_18-34-56.webp.webp?fit=994%2C661&ssl=1&resize=700%2C400 2x"},"classes":[]},{"id":64339,"url":"https:\/\/ismaelcolosi.com.br\/index.php\/2024\/09\/06\/atleta-de-ribeirao-preto-fica-com-a-prata-nos-jogos-paralimpicos-de-paris\/","url_meta":{"origin":46056,"position":1},"title":"Atleta de Ribeir\u00e3o Preto fica com a prata nos Jogos Paral\u00edmpicos de Paris","author":"ismaelcolosi.com.br","date":"6 de September de 2024","format":false,"excerpt":"A atleta Zileide Cassiano, de Ribeir\u00e3o Preto, ficou com a medalha de prata nos Jogos Paral\u00edmpicos de Paris 2024, na prova do salto em dist\u00e2ncia T20 (para atletas de pista com defici\u00eancia intelectual). Zileide fez a marca de 5,76 metros na prova disputada na tarde desta sexta-feira (6), no est\u00e1dio\u2026","rel":"","context":"In &quot;Not\u00edcias de Ribeir\u00e3o Preto-SP e Regi\u00e3o&quot;","block_context":{"text":"Not\u00edcias de Ribeir\u00e3o Preto-SP e Regi\u00e3o","link":"https:\/\/ismaelcolosi.com.br\/index.php\/category\/noticias-de-ribeirao-preto-sp-e-regiao-ismael-colosi\/"},"img":{"alt_text":"","src":"https:\/\/i0.wp.com\/ismaelcolosi.com.br\/wp-content\/uploads\/2024\/09\/zileide-cassiano_2024-09-06_20-40-53_jpg_2024-09-06_20-40-53.webp.webp?fit=980%2C632&ssl=1&resize=350%2C200","width":350,"height":200,"srcset":"https:\/\/i0.wp.com\/ismaelcolosi.com.br\/wp-content\/uploads\/2024\/09\/zileide-cassiano_2024-09-06_20-40-53_jpg_2024-09-06_20-40-53.webp.webp?fit=980%2C632&ssl=1&resize=350%2C200 1x, https:\/\/i0.wp.com\/ismaelcolosi.com.br\/wp-content\/uploads\/2024\/09\/zileide-cassiano_2024-09-06_20-40-53_jpg_2024-09-06_20-40-53.webp.webp?fit=980%2C632&ssl=1&resize=525%2C300 1.5x, https:\/\/i0.wp.com\/ismaelcolosi.com.br\/wp-content\/uploads\/2024\/09\/zileide-cassiano_2024-09-06_20-40-53_jpg_2024-09-06_20-40-53.webp.webp?fit=980%2C632&ssl=1&resize=700%2C400 2x"},"classes":[]},{"id":46432,"url":"https:\/\/ismaelcolosi.com.br\/index.php\/2024\/04\/11\/ribeirao-recebe-etapa-mundial-de-beach-tennis-ate-domingo-ingressos-ainda-estao-disponiveis\/","url_meta":{"origin":46056,"position":2},"title":"Ribeir\u00e3o recebe etapa Mundial de Beach Tennis at\u00e9 domingo; Ingressos ainda est\u00e3o dispon\u00edveis","author":"ismaelcolosi.com.br","date":"11 de April de 2024","format":false,"excerpt":"A partir desta quinta-feira (11), Ribeir\u00e3o Preto recebe pelo segundo ano consecutivo, etapa do Sand Series, um dos principais torneio de Beach Tennis. O evento acontece na Arena Beach Ribeir\u00e3o, zona Sul do munic\u00edpio, at\u00e9 o domingo (14). Os interessados em assistir as disputas podem adquirir os ingressos de forma\u2026","rel":"","context":"In &quot;Not\u00edcias de Ribeir\u00e3o Preto-SP e Regi\u00e3o&quot;","block_context":{"text":"Not\u00edcias de Ribeir\u00e3o Preto-SP e Regi\u00e3o","link":"https:\/\/ismaelcolosi.com.br\/index.php\/category\/noticias-de-ribeirao-preto-sp-e-regiao-ismael-colosi\/"},"img":{"alt_text":"","src":"https:\/\/i0.wp.com\/ismaelcolosi.com.br\/wp-content\/uploads\/2024\/04\/RibeiroPretorecebeetapadoMundialdeBeachTennisatestesbado_Tamanho_2_image.jpg?fit=1200%2C900&ssl=1&resize=350%2C200","width":350,"height":200,"srcset":"https:\/\/i0.wp.com\/ismaelcolosi.com.br\/wp-content\/uploads\/2024\/04\/RibeiroPretorecebeetapadoMundialdeBeachTennisatestesbado_Tamanho_2_image.jpg?fit=1200%2C900&ssl=1&resize=350%2C200 1x, https:\/\/i0.wp.com\/ismaelcolosi.com.br\/wp-content\/uploads\/2024\/04\/RibeiroPretorecebeetapadoMundialdeBeachTennisatestesbado_Tamanho_2_image.jpg?fit=1200%2C900&ssl=1&resize=525%2C300 1.5x, https:\/\/i0.wp.com\/ismaelcolosi.com.br\/wp-content\/uploads\/2024\/04\/RibeiroPretorecebeetapadoMundialdeBeachTennisatestesbado_Tamanho_2_image.jpg?fit=1200%2C900&ssl=1&resize=700%2C400 2x, https:\/\/i0.wp.com\/ismaelcolosi.com.br\/wp-content\/uploads\/2024\/04\/RibeiroPretorecebeetapadoMundialdeBeachTennisatestesbado_Tamanho_2_image.jpg?fit=1200%2C900&ssl=1&resize=1050%2C600 3x"},"classes":[]},{"id":46076,"url":"https:\/\/ismaelcolosi.com.br\/index.php\/2024\/04\/09\/confira-os-resultados-da-rodada-de-8-de-abril-da-taca-eptv-de-futsal-de-ribeirao\/","url_meta":{"origin":46056,"position":3},"title":"Confira os resultados da rodada de 8 de abril da Ta\u00e7a EPTV de Futsal de Ribeir\u00e3o","author":"ismaelcolosi.com.br","date":"9 de April de 2024","format":false,"excerpt":"Seis jogos movimentaram a rodada desta segunda-feira (8) da Ta\u00e7a EPTV de Futsal de Ribeir\u00e3o Preto. As partidas foram realizadas em Dumont (SP), Fernando Prestes (SP) e Restinga (SP). Ao todo, foram marcados 58 gols, com destaques para goleadas de Agulha sobre Pitangueiras, por 10 a 3, e Luiz Ant\u00f4nio\u2026","rel":"","context":"In &quot;Not\u00edcias de Ribeir\u00e3o Preto-SP e Regi\u00e3o&quot;","block_context":{"text":"Not\u00edcias de Ribeir\u00e3o Preto-SP e Regi\u00e3o","link":"https:\/\/ismaelcolosi.com.br\/index.php\/category\/noticias-de-ribeirao-preto-sp-e-regiao-ismael-colosi\/"},"img":{"alt_text":"","src":"https:\/\/i0.wp.com\/ismaelcolosi.com.br\/wp-content\/uploads\/2024\/04\/taca-eptv-futsal.jpg?fit=984%2C656&ssl=1&resize=350%2C200","width":350,"height":200,"srcset":"https:\/\/i0.wp.com\/ismaelcolosi.com.br\/wp-content\/uploads\/2024\/04\/taca-eptv-futsal.jpg?fit=984%2C656&ssl=1&resize=350%2C200 1x, https:\/\/i0.wp.com\/ismaelcolosi.com.br\/wp-content\/uploads\/2024\/04\/taca-eptv-futsal.jpg?fit=984%2C656&ssl=1&resize=525%2C300 1.5x, https:\/\/i0.wp.com\/ismaelcolosi.com.br\/wp-content\/uploads\/2024\/04\/taca-eptv-futsal.jpg?fit=984%2C656&ssl=1&resize=700%2C400 2x"},"classes":[]},{"id":16781,"url":"https:\/\/ismaelcolosi.com.br\/index.php\/2023\/12\/16\/atleta-da-regiao-de-ribeirao-e-um-dos-vencedores-do-premio-brasil-olimpico\/","url_meta":{"origin":46056,"position":4},"title":"Atleta da regi\u00e3o de Ribeir\u00e3o \u00e9 um dos vencedores do Pr\u00eamio Brasil Ol\u00edmpico","author":"ismaelcolosi.com.br","date":"16 de December de 2023","format":false,"excerpt":"O corredor Alison dos Santos, o Piu, que \u00e9 natural de S\u00e3o Joaquim da Barra, na regi\u00e3o de Ribeir\u00e3o Preto, foi o vencedor do Pr\u00eamio Retorno do Ano, do Pr\u00eamio Brasil Ol\u00edmpico 2023, realizado na \u00faltima sexta-feira (15), no Rio de Janeiro. O medalhista de bronze nos Jogos Ol\u00edmpicos de\u2026","rel":"","context":"In &quot;Not\u00edcias de Ribeir\u00e3o Preto-SP e Regi\u00e3o&quot;","block_context":{"text":"Not\u00edcias de Ribeir\u00e3o Preto-SP e Regi\u00e3o","link":"https:\/\/ismaelcolosi.com.br\/index.php\/category\/noticias-de-ribeirao-preto-sp-e-regiao-ismael-colosi\/"},"img":{"alt_text":"","src":"https:\/\/i0.wp.com\/ismaelcolosi.com.br\/wp-content\/uploads\/2023\/12\/alison-dos-santos.jpg?fit=1200%2C800&ssl=1&resize=350%2C200","width":350,"height":200,"srcset":"https:\/\/i0.wp.com\/ismaelcolosi.com.br\/wp-content\/uploads\/2023\/12\/alison-dos-santos.jpg?fit=1200%2C800&ssl=1&resize=350%2C200 1x, https:\/\/i0.wp.com\/ismaelcolosi.com.br\/wp-content\/uploads\/2023\/12\/alison-dos-santos.jpg?fit=1200%2C800&ssl=1&resize=525%2C300 1.5x, https:\/\/i0.wp.com\/ismaelcolosi.com.br\/wp-content\/uploads\/2023\/12\/alison-dos-santos.jpg?fit=1200%2C800&ssl=1&resize=700%2C400 2x, https:\/\/i0.wp.com\/ismaelcolosi.com.br\/wp-content\/uploads\/2023\/12\/alison-dos-santos.jpg?fit=1200%2C800&ssl=1&resize=1050%2C600 3x"},"classes":[]},{"id":62899,"url":"https:\/\/ismaelcolosi.com.br\/index.php\/2024\/08\/29\/atleta-paralimpica-da-regiao-de-ribeirao-disputa-o-triatlo-em-paris-veja-quando\/","url_meta":{"origin":46056,"position":5},"title":"Atleta paral\u00edmpica da regi\u00e3o de Ribeir\u00e3o disputa o Triatlo em Paris; Veja quando","author":"ismaelcolosi.com.br","date":"29 de August de 2024","format":false,"excerpt":"A triatleta brasileira J\u00e9ssica Messali, natural de Jaboticabal, cidade na regi\u00e3o de Ribeir\u00e3o Preto, disputa neste domingo (1\u00ba), o triatlo classe PTWC1 (para cadeirantes) nas Paral\u00edmpiadas de Paris. Em 2021, a brasileira de 36 anos conseguiu o quarto lugar e ficou a 1m24s de garantir medalha ao Brasil nos Jogos\u2026","rel":"","context":"In &quot;Not\u00edcias de Ribeir\u00e3o Preto-SP e Regi\u00e3o&quot;","block_context":{"text":"Not\u00edcias de Ribeir\u00e3o Preto-SP e Regi\u00e3o","link":"https:\/\/ismaelcolosi.com.br\/index.php\/category\/noticias-de-ribeirao-preto-sp-e-regiao-ismael-colosi\/"},"img":{"alt_text":"","src":"https:\/\/i0.wp.com\/ismaelcolosi.com.br\/wp-content\/uploads\/2024\/08\/51408623662_977167cff4_k-1-1024x684-1_2024-08-29_22-05-48.webp.webp?fit=1024%2C684&ssl=1&resize=350%2C200","width":350,"height":200,"srcset":"https:\/\/i0.wp.com\/ismaelcolosi.com.br\/wp-content\/uploads\/2024\/08\/51408623662_977167cff4_k-1-1024x684-1_2024-08-29_22-05-48.webp.webp?fit=1024%2C684&ssl=1&resize=350%2C200 1x, https:\/\/i0.wp.com\/ismaelcolosi.com.br\/wp-content\/uploads\/2024\/08\/51408623662_977167cff4_k-1-1024x684-1_2024-08-29_22-05-48.webp.webp?fit=1024%2C684&ssl=1&resize=525%2C300 1.5x, https:\/\/i0.wp.com\/ismaelcolosi.com.br\/wp-content\/uploads\/2024\/08\/51408623662_977167cff4_k-1-1024x684-1_2024-08-29_22-05-48.webp.webp?fit=1024%2C684&ssl=1&resize=700%2C400 2x"},"classes":[]}],"jetpack_sharing_enabled":true,"jetpack_shortlink":"https:\/\/wp.me\/pfMlyK-bYQ","_links":{"self":[{"href":"https:\/\/ismaelcolosi.com.br\/index.php\/wp-json\/wp\/v2\/posts\/46056","targetHints":{"allow":["GET"]}}],"collection":[{"href":"https:\/\/ismaelcolosi.com.br\/index.php\/wp-json\/wp\/v2\/posts"}],"about":[{"href":"https:\/\/ismaelcolosi.com.br\/index.php\/wp-json\/wp\/v2\/types\/post"}],"author":[{"embeddable":true,"href":"https:\/\/ismaelcolosi.com.br\/index.php\/wp-json\/wp\/v2\/users\/1"}],"replies":[{"embeddable":true,"href":"https:\/\/ismaelcolosi.com.br\/index.php\/wp-json\/wp\/v2\/comments?post=46056"}],"version-history":[{"count":0,"href":"https:\/\/ismaelcolosi.com.br\/index.php\/wp-json\/wp\/v2\/posts\/46056\/revisions"}],"wp:featuredmedia":[{"embeddable":true,"href":"https:\/\/ismaelcolosi.com.br\/index.php\/wp-json\/wp\/v2\/media\/46057"}],"wp:attachment":[{"href":"https:\/\/ismaelcolosi.com.br\/index.php\/wp-json\/wp\/v2\/media?parent=46056"}],"wp:term":[{"taxonomy":"category","embeddable":true,"href":"https:\/\/ismaelcolosi.com.br\/index.php\/wp-json\/wp\/v2\/categories?post=46056"},{"taxonomy":"post_tag","embeddable":true,"href":"https:\/\/ismaelcolosi.com.br\/index.php\/wp-json\/wp\/v2\/tags?post=46056"}],"curies":[{"name":"wp","href":"https:\/\/api.w.org\/{rel}","templated":true}]}}