{"id":46052,"date":"2024-04-09T13:16:00","date_gmt":"2024-04-09T16:16:00","guid":{"rendered":"https:\/\/ismaelcolosi.com.br\/index.php\/2024\/04\/09\/peca-teatral-de-perto-ninguem-e-normal-chega-a-ribeirao-preto-entrada-e-de-graca\/"},"modified":"2024-04-09T13:16:00","modified_gmt":"2024-04-09T16:16:00","slug":"peca-teatral-de-perto-ninguem-e-normal-chega-a-ribeirao-preto-entrada-e-de-graca","status":"publish","type":"post","link":"https:\/\/ismaelcolosi.com.br\/index.php\/2024\/04\/09\/peca-teatral-de-perto-ninguem-e-normal-chega-a-ribeirao-preto-entrada-e-de-graca\/","title":{"rendered":"Pe\u00e7a teatral \u2018De Perto Ningu\u00e9m \u00e9 Normal\u2019 chega a Ribeir\u00e3o Preto; Entrada \u00e9 de gra\u00e7a"},"content":{"rendered":"<p> <br \/>\n<\/p>\n<div data-td-block-uid=\"tdi_101\">\n<div class=\"tdb-block-inner td-fix-index\">\n<p>A pe\u00e7a teatral <strong>\u201cDe Perto Ningu\u00e9m \u00e9 Normal\u201d<\/strong> chega a <strong>Ribeir\u00e3o Preto<\/strong> nesta<strong> sexta-feira<\/strong> (12), com mais cinco datas confirmadas para as apresenta\u00e7\u00f5es do espet\u00e1culo <strong>(veja abaixo)<\/strong>. A <strong>com\u00e9dia<\/strong> acontece no <strong>teatro <\/strong>do <strong>Sesi<\/strong>.<\/p>\n<p>Mesmo com <strong>entrada de gra\u00e7a<\/strong>, a retirada dos ingressos devem ser pelo <strong><a href=\"https:\/\/acesso.sesisp.org.br\/Account\/Login?ReturnUrl=%2Fconnect%2Fauthorize%2Fcallback%3Fclient_id%3Dmvc.sesi.org.br%26redirect_uri%3Dhttps%253A%252F%252Fwww.sesisp.org.br%252Fsignin-oidc%26response_type%3Dcode%2520id_token%26scope%3Dopenid%2520profile%2520api.portal.evento%2520SesiUser%26response_mode%3Dform_post%26nonce%3D638482757406345838.ZTQxZTVjZTktZjdmOC00NjVhLWJjM2MtZDIyM2Y1OTk3YTQwZjBkNjAzN2ItN2VmZC00YzM3LWJhNzQtMGNkMGUwZjE3M2Jj%26state%3DCfDJ8FM13tydC_dFgfTzZPR2JyBSLgyPlbdkBymgCiBWlMB88XC2JQfl4j7gn3dG_zk1WPfM---keKv-qQpRm3YwOCz7wN6kxEKWClmz8hPEYQO6Ni0UVtt86ruueF3SWTQZKKL1-PLPg15bmskNb5R4jrnhmXuQoioslRHlJA0q5ndW4PuHKuAx5abG5gz4onU5S0oJg6YlqDBxINdwkQzGylFaIE3hwqFrJnJzECSD9FYNK501cAI1XBpFBJOMXi_Km8qO37Y2cOFjX1I0Co-0Akwft8oC9Ud-opLhhU-zG2LJMbAkoLsddn3EQXAhRsVGag%26x-client-SKU%3DID_NETSTANDARD2_0%26x-client-ver%3D5.5.0.0\" target=\"_blank\" rel=\"noreferrer noopener nofollow\">site do Sesi \/ Meu Sesi<\/a><\/strong>.<\/p><div class='code-block code-block-8' style='margin: 8px auto; text-align: center; display: block; clear: both;'>\n<script>\n  atOptions = {\n    'key' : '66e2e2111ca34da796271819fc334058',\n    'format' : 'iframe',\n    'height' : 250,\n    'width' : 300,\n    'params' : {}\n  };\n<\/script>\n<script src=\"https:\/\/www.highperformanceformat.com\/66e2e2111ca34da796271819fc334058\/invoke.js\"><\/script>\n<\/div>\n\n<h4 class=\"wp-block-heading\"><strong>Sobre a pe\u00e7a<\/strong><\/h4>\n<p>O elenco da pe\u00e7a tem 11 artistas cariocas e paulistanos que levam ao palco as confus\u00f5es de um grupo de teatro \u00e0s v\u00e9speras da estreia.<\/p>\n<p>Durante o espet\u00e1culo, o p\u00fablico vai ver a saga de uma companhia teatral na noite de estreia do novo espet\u00e1culo, sem ter realizado um ensaio completo. O caos e o nervosismo tomam conta do elenco quando percebem que o tempo est\u00e1 se esgotando. Com essa viv\u00eancia, o p\u00fablico poder\u00e1 se divertir com erros e acertos dos ensaios de uma Cia. Que n\u00e3o consegue realizar um \u201censaio geral\u201d e corrigir a tempo os contratempos t\u00e9cnicos.<\/p>\n<h4 class=\"wp-block-heading\"><strong>Servi\u00e7o:<\/strong><\/h4>\n<p><strong>\u201cDe Perto Ningu\u00e9m \u00e9 Normal\u201d<\/strong><\/p>\n<p><strong>Dias:<\/strong> 12, 13, 14, 19, 20 e 21\/04 \u2013 de sexta a domingo<br \/><strong>Hor\u00e1rio:<\/strong> 19h<br \/><strong>Local:<\/strong> Teatro Sesi \u2013 rua: Jo\u00e3o Ignacchitti, s\/n\u00ba \u2013 Jardim Castelo Branco<br \/><strong>Classifica\u00e7\u00e3o:<\/strong> 14 anos<br \/><strong>Entrada gratuita<\/strong> com retirada dos ingressos pelo<strong><a href=\"https:\/\/acesso.sesisp.org.br\/Account\/Login?ReturnUrl=%2Fconnect%2Fauthorize%2Fcallback%3Fclient_id%3Dmvc.sesi.org.br%26redirect_uri%3Dhttps%253A%252F%252Fwww.sesisp.org.br%252Fsignin-oidc%26response_type%3Dcode%2520id_token%26scope%3Dopenid%2520profile%2520api.portal.evento%2520SesiUser%26response_mode%3Dform_post%26nonce%3D638482757406345838.ZTQxZTVjZTktZjdmOC00NjVhLWJjM2MtZDIyM2Y1OTk3YTQwZjBkNjAzN2ItN2VmZC00YzM3LWJhNzQtMGNkMGUwZjE3M2Jj%26state%3DCfDJ8FM13tydC_dFgfTzZPR2JyBSLgyPlbdkBymgCiBWlMB88XC2JQfl4j7gn3dG_zk1WPfM---keKv-qQpRm3YwOCz7wN6kxEKWClmz8hPEYQO6Ni0UVtt86ruueF3SWTQZKKL1-PLPg15bmskNb5R4jrnhmXuQoioslRHlJA0q5ndW4PuHKuAx5abG5gz4onU5S0oJg6YlqDBxINdwkQzGylFaIE3hwqFrJnJzECSD9FYNK501cAI1XBpFBJOMXi_Km8qO37Y2cOFjX1I0Co-0Akwft8oC9Ud-opLhhU-zG2LJMbAkoLsddn3EQXAhRsVGag%26x-client-SKU%3DID_NETSTANDARD2_0%26x-client-ver%3D5.5.0.0\" target=\"_blank\" rel=\"noreferrer noopener nofollow\"> site Meu Sesi<\/a><\/strong><\/p>\n<p>SAIBA MAIS <\/p>\n<p>Justi\u00e7a marca audi\u00eancia sobre caso de mulher morta ao sair de bar em Ribeir\u00e3o Preto<\/p>\n<h4 class=\"wp-block-heading\"><strong>FIQUE ON<\/strong><\/h4>\n<p>Fique ligado em tudo que acontece em Ribeir\u00e3o Preto e regi\u00e3o. Siga os perfis do\u00a0<strong>acidade on\u00a0<\/strong>no\u00a0<a href=\"https:\/\/www.instagram.com\/acidadeonribeirao\" target=\"_blank\" rel=\"noreferrer noopener\">Instagram<\/a>\u00a0e no\u00a0<a href=\"https:\/\/www.facebook.com\/acidadeonribeirao\" target=\"_blank\" rel=\"noreferrer noopener\">Facebook<\/a>.<\/p>\n<p>Receba not\u00edcias do acidade on no WhatsApp. Para entrar no grupo, basta\u00a0<a href=\"https:\/\/chat.whatsapp.com\/GFH9HUMUTHNFJdnyEd0xxq\" target=\"_blank\" rel=\"noreferrer noopener\">clicar aqui<\/a>.<\/p>\n<p>Fa\u00e7a uma den\u00fancia ou sugira uma reportagem sobre Ribeir\u00e3o Preto e regi\u00e3o pelo WhatsApp: 16 99117 7802.<\/p>\n<p>VEJA TAMB\u00c9M<br \/>Por que Davi e Beatriz discutiram?<\/p>\n<p><!-- AI CONTENT END 1 -->\n<\/div>\n<\/div>\n<p><script async src=\"\/\/www.instagram.com\/embed.js\"><\/script><br \/>\n<br \/><br \/>\n<br \/><a href=\"https:\/\/www.acidadeon.com\/ribeiraopreto\/lazer-e-cultura\/peca-teatral-de-perto-ninguem-e-normal-chega-a-ribeirao-preto-entrada-e-de-graca\/\">Source link <\/a><\/p>\n<div class='code-block code-block-4' style='margin: 8px auto 8px 0; text-align: left; display: block; clear: both;'>\n\ud83d\udce2 Aviso Legal\n\nO site ismaelcolosi.com.br atua apenas como um canal de divulga\u00e7\u00e3o de oportunidades de emprego e n\u00e3o se responsabiliza pelo processo seletivo, contrata\u00e7\u00e3o ou qualquer outra etapa relacionada \u00e0s vagas publicadas. Todas as informa\u00e7\u00f5es s\u00e3o de responsabilidade dos anunciantes.\n\n\u26a0\ufe0f Aten\u00e7\u00e3o! Nunca pague por promessas de emprego nem compre cursos que garantam contrata\u00e7\u00e3o. Desconfie de qualquer cobran\u00e7a para participar de sele\u00e7\u00f5es.\n\n\n\n<\/div>\n<!-- CONTENT END 1 -->\n","protected":false},"excerpt":{"rendered":"<p>A pe\u00e7a teatral \u201cDe Perto Ningu\u00e9m \u00e9 Normal\u201d chega a Ribeir\u00e3o Preto nesta sexta-feira (12), com mais cinco datas confirmadas para as apresenta\u00e7\u00f5es do espet\u00e1culo&#8230;<\/p>\n","protected":false},"author":1,"featured_media":46053,"comment_status":"open","ping_status":"open","sticky":false,"template":"","format":"standard","meta":{"_uag_custom_page_level_css":"","advanced_seo_description":"","jetpack_seo_html_title":"","jetpack_seo_noindex":false,"jetpack_post_was_ever_published":false,"_jetpack_newsletter_access":"","_jetpack_dont_email_post_to_subs":false,"_jetpack_newsletter_tier_id":0,"_jetpack_memberships_contains_paywalled_content":false,"_jetpack_memberships_contains_paid_content":false,"footnotes":"","jetpack_publicize_message":"","jetpack_publicize_feature_enabled":true,"jetpack_social_post_already_shared":true,"jetpack_social_options":{"image_generator_settings":{"template":"highway","default_image_id":0,"font":"","enabled":false},"version":2}},"categories":[11],"tags":[],"class_list":["post-46052","post","type-post","status-publish","format-standard","has-post-thumbnail","hentry","category-noticias-de-ribeirao-preto-sp-e-regiao-ismael-colosi"],"jetpack_publicize_connections":[],"jetpack_featured_media_url":"https:\/\/i0.wp.com\/ismaelcolosi.com.br\/wp-content\/uploads\/2024\/04\/Copia-de-Copia-de-TAMANHO-EXATO-PARA-FOTOS-NO-SISTEMA-NOVO-8-1.jpg?fit=1200%2C675&ssl=1","uagb_featured_image_src":{"full":["https:\/\/i0.wp.com\/ismaelcolosi.com.br\/wp-content\/uploads\/2024\/04\/Copia-de-Copia-de-TAMANHO-EXATO-PARA-FOTOS-NO-SISTEMA-NOVO-8-1.jpg?fit=1200%2C675&ssl=1",1200,675,false],"thumbnail":["https:\/\/i0.wp.com\/ismaelcolosi.com.br\/wp-content\/uploads\/2024\/04\/Copia-de-Copia-de-TAMANHO-EXATO-PARA-FOTOS-NO-SISTEMA-NOVO-8-1.jpg?resize=150%2C150&ssl=1",150,150,true],"medium":["https:\/\/i0.wp.com\/ismaelcolosi.com.br\/wp-content\/uploads\/2024\/04\/Copia-de-Copia-de-TAMANHO-EXATO-PARA-FOTOS-NO-SISTEMA-NOVO-8-1.jpg?fit=300%2C169&ssl=1",300,169,true],"medium_large":["https:\/\/i0.wp.com\/ismaelcolosi.com.br\/wp-content\/uploads\/2024\/04\/Copia-de-Copia-de-TAMANHO-EXATO-PARA-FOTOS-NO-SISTEMA-NOVO-8-1.jpg?fit=768%2C432&ssl=1",768,432,true],"large":["https:\/\/i0.wp.com\/ismaelcolosi.com.br\/wp-content\/uploads\/2024\/04\/Copia-de-Copia-de-TAMANHO-EXATO-PARA-FOTOS-NO-SISTEMA-NOVO-8-1.jpg?fit=1024%2C576&ssl=1",1024,576,true],"1536x1536":["https:\/\/i0.wp.com\/ismaelcolosi.com.br\/wp-content\/uploads\/2024\/04\/Copia-de-Copia-de-TAMANHO-EXATO-PARA-FOTOS-NO-SISTEMA-NOVO-8-1.jpg?fit=1200%2C675&ssl=1",1200,675,true],"2048x2048":["https:\/\/i0.wp.com\/ismaelcolosi.com.br\/wp-content\/uploads\/2024\/04\/Copia-de-Copia-de-TAMANHO-EXATO-PARA-FOTOS-NO-SISTEMA-NOVO-8-1.jpg?fit=1200%2C675&ssl=1",1200,675,true],"really-simple-thumb":["https:\/\/i0.wp.com\/ismaelcolosi.com.br\/wp-content\/uploads\/2024\/04\/Copia-de-Copia-de-TAMANHO-EXATO-PARA-FOTOS-NO-SISTEMA-NOVO-8-1.jpg?resize=370%2C247&ssl=1",370,247,true]},"uagb_author_info":{"display_name":"ismaelcolosi.com.br","author_link":"https:\/\/ismaelcolosi.com.br\/index.php\/author\/vidareal-online\/"},"uagb_comment_info":0,"uagb_excerpt":"A pe\u00e7a teatral \u201cDe Perto Ningu\u00e9m \u00e9 Normal\u201d chega a Ribeir\u00e3o Preto nesta sexta-feira (12), com mais cinco datas confirmadas para as apresenta\u00e7\u00f5es do espet\u00e1culo...","jetpack-related-posts":[{"id":56115,"url":"https:\/\/ismaelcolosi.com.br\/index.php\/2024\/07\/09\/peca-teatral-que-trata-sobre-o-alzheimer-chega-a-ribeirao-preto-com-entrada-gratuita\/","url_meta":{"origin":46052,"position":0},"title":"Pe\u00e7a teatral que trata sobre o Alzheimer chega a Ribeir\u00e3o Preto com entrada gratuita","author":"ismaelcolosi.com.br","date":"9 de July de 2024","format":false,"excerpt":"A pe\u00e7a teatral \u201cVoz de V\u00f3\u201d que trata sobre a doen\u00e7a de Alzheimer chega a Ribeir\u00e3o Preto nesta quinta-feira (11) e segue at\u00e9 o dia 21 de julho, no teatro do Sesi. A entrada \u00e9 gratuita, mas \u00e9 necess\u00e1rio a reserva dos ingressos pelo site do Sesi\/Meu Sesi (clique aqui).\u2026","rel":"","context":"In &quot;Not\u00edcias de Ribeir\u00e3o Preto-SP e Regi\u00e3o&quot;","block_context":{"text":"Not\u00edcias de Ribeir\u00e3o Preto-SP e Regi\u00e3o","link":"https:\/\/ismaelcolosi.com.br\/index.php\/category\/noticias-de-ribeirao-preto-sp-e-regiao-ismael-colosi\/"},"img":{"alt_text":"","src":"https:\/\/i0.wp.com\/ismaelcolosi.com.br\/wp-content\/uploads\/2024\/07\/Copia-de-Copia-de-TAMANHO-EXATO-PARA-FOTOS-NO-SISTEMA-NOVO-5_2024-07-09_15-43-51_jpg_2024-07-09_15-43-51.webp.webp?fit=1200%2C675&ssl=1&resize=350%2C200","width":350,"height":200,"srcset":"https:\/\/i0.wp.com\/ismaelcolosi.com.br\/wp-content\/uploads\/2024\/07\/Copia-de-Copia-de-TAMANHO-EXATO-PARA-FOTOS-NO-SISTEMA-NOVO-5_2024-07-09_15-43-51_jpg_2024-07-09_15-43-51.webp.webp?fit=1200%2C675&ssl=1&resize=350%2C200 1x, https:\/\/i0.wp.com\/ismaelcolosi.com.br\/wp-content\/uploads\/2024\/07\/Copia-de-Copia-de-TAMANHO-EXATO-PARA-FOTOS-NO-SISTEMA-NOVO-5_2024-07-09_15-43-51_jpg_2024-07-09_15-43-51.webp.webp?fit=1200%2C675&ssl=1&resize=525%2C300 1.5x, https:\/\/i0.wp.com\/ismaelcolosi.com.br\/wp-content\/uploads\/2024\/07\/Copia-de-Copia-de-TAMANHO-EXATO-PARA-FOTOS-NO-SISTEMA-NOVO-5_2024-07-09_15-43-51_jpg_2024-07-09_15-43-51.webp.webp?fit=1200%2C675&ssl=1&resize=700%2C400 2x, https:\/\/i0.wp.com\/ismaelcolosi.com.br\/wp-content\/uploads\/2024\/07\/Copia-de-Copia-de-TAMANHO-EXATO-PARA-FOTOS-NO-SISTEMA-NOVO-5_2024-07-09_15-43-51_jpg_2024-07-09_15-43-51.webp.webp?fit=1200%2C675&ssl=1&resize=1050%2C600 3x"},"classes":[]},{"id":46082,"url":"https:\/\/ismaelcolosi.com.br\/index.php\/2024\/04\/09\/abril-tera-chuva-de-meteoros-saiba-como-observar-o-fenomeno\/","url_meta":{"origin":46052,"position":1},"title":"Abril ter\u00e1 chuva de meteoros; Saiba como observar o fen\u00f4meno","author":"ismaelcolosi.com.br","date":"9 de April de 2024","format":false,"excerpt":"J\u00e1 que n\u00e3o foi poss\u00edvel observar o eclipse total do Sol no Brasil, abril ainda reserva a possibilidade de observamos uma chuva de meteoros a partir da metade do m\u00eas. A chuva de meteoros L\u00edridas acontece entre os dias 16 e 25 de abril, com pico previsto para a madrugada\u2026","rel":"","context":"In &quot;Not\u00edcias de Ribeir\u00e3o Preto-SP e Regi\u00e3o&quot;","block_context":{"text":"Not\u00edcias de Ribeir\u00e3o Preto-SP e Regi\u00e3o","link":"https:\/\/ismaelcolosi.com.br\/index.php\/category\/noticias-de-ribeirao-preto-sp-e-regiao-ismael-colosi\/"},"img":{"alt_text":"","src":"https:\/\/i0.wp.com\/ismaelcolosi.com.br\/wp-content\/uploads\/2024\/04\/meteor-shower-2018-3876718_1280.jpg?fit=1200%2C816&ssl=1&resize=350%2C200","width":350,"height":200,"srcset":"https:\/\/i0.wp.com\/ismaelcolosi.com.br\/wp-content\/uploads\/2024\/04\/meteor-shower-2018-3876718_1280.jpg?fit=1200%2C816&ssl=1&resize=350%2C200 1x, https:\/\/i0.wp.com\/ismaelcolosi.com.br\/wp-content\/uploads\/2024\/04\/meteor-shower-2018-3876718_1280.jpg?fit=1200%2C816&ssl=1&resize=525%2C300 1.5x, https:\/\/i0.wp.com\/ismaelcolosi.com.br\/wp-content\/uploads\/2024\/04\/meteor-shower-2018-3876718_1280.jpg?fit=1200%2C816&ssl=1&resize=700%2C400 2x, https:\/\/i0.wp.com\/ismaelcolosi.com.br\/wp-content\/uploads\/2024\/04\/meteor-shower-2018-3876718_1280.jpg?fit=1200%2C816&ssl=1&resize=1050%2C600 3x"},"classes":[]},{"id":54469,"url":"https:\/\/ismaelcolosi.com.br\/index.php\/2024\/06\/25\/ainda-ha-ingressos-para-comedia-cheia-de-graca-no-teatro-municipal-em-ribeirao-preto\/","url_meta":{"origin":46052,"position":2},"title":"Ainda h\u00e1 ingressos para com\u00e9dia \u2018Cheia de Gra\u00e7a\u2019 no Teatro Municipal em Ribeir\u00e3o Preto","author":"ismaelcolosi.com.br","date":"25 de June de 2024","format":false,"excerpt":"A com\u00e9dia \u201cCheia de Gra\u00e7a\u201d com a atriz Mila Ribeiro acontece nesta ter\u00e7a-feira (25), no Teatro Municipal de Ribeir\u00e3o Preto. Com entrada gratuita, a pe\u00e7a teatral tem in\u00edcio \u00e0s 20h, contudo, \u00e9 preciso retirar os ingressos uma hora antes da apresenta\u00e7\u00e3o. Com dura\u00e7\u00e3o de uma hora, o espet\u00e1culo faz uma\u2026","rel":"","context":"In &quot;Not\u00edcias de Ribeir\u00e3o Preto-SP e Regi\u00e3o&quot;","block_context":{"text":"Not\u00edcias de Ribeir\u00e3o Preto-SP e Regi\u00e3o","link":"https:\/\/ismaelcolosi.com.br\/index.php\/category\/noticias-de-ribeirao-preto-sp-e-regiao-ismael-colosi\/"},"img":{"alt_text":"","src":"https:\/\/i0.wp.com\/ismaelcolosi.com.br\/wp-content\/uploads\/2024\/06\/Copia-de-Copia-de-TAMANHO-EXATO-PARA-FOTOS-NO-SISTEMA-NOVO-15_2024-06-25_18-07-54_jpg_2024-06-25_18-07-54.webp.webp?fit=1200%2C675&ssl=1&resize=350%2C200","width":350,"height":200,"srcset":"https:\/\/i0.wp.com\/ismaelcolosi.com.br\/wp-content\/uploads\/2024\/06\/Copia-de-Copia-de-TAMANHO-EXATO-PARA-FOTOS-NO-SISTEMA-NOVO-15_2024-06-25_18-07-54_jpg_2024-06-25_18-07-54.webp.webp?fit=1200%2C675&ssl=1&resize=350%2C200 1x, https:\/\/i0.wp.com\/ismaelcolosi.com.br\/wp-content\/uploads\/2024\/06\/Copia-de-Copia-de-TAMANHO-EXATO-PARA-FOTOS-NO-SISTEMA-NOVO-15_2024-06-25_18-07-54_jpg_2024-06-25_18-07-54.webp.webp?fit=1200%2C675&ssl=1&resize=525%2C300 1.5x, https:\/\/i0.wp.com\/ismaelcolosi.com.br\/wp-content\/uploads\/2024\/06\/Copia-de-Copia-de-TAMANHO-EXATO-PARA-FOTOS-NO-SISTEMA-NOVO-15_2024-06-25_18-07-54_jpg_2024-06-25_18-07-54.webp.webp?fit=1200%2C675&ssl=1&resize=700%2C400 2x, https:\/\/i0.wp.com\/ismaelcolosi.com.br\/wp-content\/uploads\/2024\/06\/Copia-de-Copia-de-TAMANHO-EXATO-PARA-FOTOS-NO-SISTEMA-NOVO-15_2024-06-25_18-07-54_jpg_2024-06-25_18-07-54.webp.webp?fit=1200%2C675&ssl=1&resize=1050%2C600 3x"},"classes":[]},{"id":76247,"url":"https:\/\/ismaelcolosi.com.br\/index.php\/2024\/11\/11\/divertidamente-2-chega-ao-teatro-marista-em-rp\/","url_meta":{"origin":46052,"position":3},"title":"&#8220;Divertidamente 2&#8221; chega ao Teatro Marista em RP\u00a0","author":"ismaelcolosi.com.br","date":"11 de November de 2024","format":false,"excerpt":"11 de novembro de 202411 de novembro de 202421 Compartilhar0 A famosa aventura \u201cDivertidamente 2\u201d chega aos palcos para encantar o p\u00fablico de todas as idades em uma adapta\u00e7\u00e3o teatral \u00fanica. A pe\u00e7a, inspirada no sucesso das telonas, se passa na mente de Riley, uma garota que agora encara as\u2026","rel":"","context":"In &quot;Not\u00edcias de Ribeir\u00e3o Preto-SP e Regi\u00e3o&quot;","block_context":{"text":"Not\u00edcias de Ribeir\u00e3o Preto-SP e Regi\u00e3o","link":"https:\/\/ismaelcolosi.com.br\/index.php\/category\/noticias-de-ribeirao-preto-sp-e-regiao-ismael-colosi\/"},"img":{"alt_text":"","src":"https:\/\/i0.wp.com\/ismaelcolosi.com.br\/wp-content\/uploads\/2024\/11\/div2-scaled.jpeg?fit=667%2C500&ssl=1&resize=350%2C200","width":350,"height":200,"srcset":"https:\/\/i0.wp.com\/ismaelcolosi.com.br\/wp-content\/uploads\/2024\/11\/div2-scaled.jpeg?fit=667%2C500&ssl=1&resize=350%2C200 1x, https:\/\/i0.wp.com\/ismaelcolosi.com.br\/wp-content\/uploads\/2024\/11\/div2-scaled.jpeg?fit=667%2C500&ssl=1&resize=525%2C300 1.5x"},"classes":[]},{"id":58631,"url":"https:\/\/ismaelcolosi.com.br\/index.php\/2024\/08\/01\/feira-do-livro-de-ribeirao-preto-recebe-peca-teatral-gratuita-sobre-sustentabilidade\/","url_meta":{"origin":46052,"position":4},"title":"Feira do Livro de Ribeir\u00e3o Preto recebe pe\u00e7a teatral gratuita sobre sustentabilidade","author":"ismaelcolosi.com.br","date":"1 de August de 2024","format":false,"excerpt":"A 23\u00aa Feira Internacional do Livro de Ribeir\u00e3o Preto, que come\u00e7ou nesta quinta-feira (1) e tem na programa\u00e7\u00e3o mais de 400 atividades gratuitas recebe a pe\u00e7a teatral \u201cO Rastro do Meu Passo\u201d, projeto que une sustentabilidade, inclus\u00e3o e ocupa\u00e7\u00e3o urbana. A apresenta\u00e7\u00e3o acontece neste domingo (4), \u00e0s 10h, no Espa\u00e7o\u2026","rel":"","context":"In &quot;Not\u00edcias de Ribeir\u00e3o Preto-SP e Regi\u00e3o&quot;","block_context":{"text":"Not\u00edcias de Ribeir\u00e3o Preto-SP e Regi\u00e3o","link":"https:\/\/ismaelcolosi.com.br\/index.php\/category\/noticias-de-ribeirao-preto-sp-e-regiao-ismael-colosi\/"},"img":{"alt_text":"","src":"https:\/\/i0.wp.com\/ismaelcolosi.com.br\/wp-content\/uploads\/2024\/08\/Copia-de-Copia-de-TAMANHO-EXATO-PARA-FOTOS-NO-SISTEMA-NOVO-23_2024-08-01_12-57-13_jpg_2024-08-01_12-57-13.webp.webp?fit=1200%2C675&ssl=1&resize=350%2C200","width":350,"height":200,"srcset":"https:\/\/i0.wp.com\/ismaelcolosi.com.br\/wp-content\/uploads\/2024\/08\/Copia-de-Copia-de-TAMANHO-EXATO-PARA-FOTOS-NO-SISTEMA-NOVO-23_2024-08-01_12-57-13_jpg_2024-08-01_12-57-13.webp.webp?fit=1200%2C675&ssl=1&resize=350%2C200 1x, https:\/\/i0.wp.com\/ismaelcolosi.com.br\/wp-content\/uploads\/2024\/08\/Copia-de-Copia-de-TAMANHO-EXATO-PARA-FOTOS-NO-SISTEMA-NOVO-23_2024-08-01_12-57-13_jpg_2024-08-01_12-57-13.webp.webp?fit=1200%2C675&ssl=1&resize=525%2C300 1.5x, https:\/\/i0.wp.com\/ismaelcolosi.com.br\/wp-content\/uploads\/2024\/08\/Copia-de-Copia-de-TAMANHO-EXATO-PARA-FOTOS-NO-SISTEMA-NOVO-23_2024-08-01_12-57-13_jpg_2024-08-01_12-57-13.webp.webp?fit=1200%2C675&ssl=1&resize=700%2C400 2x, https:\/\/i0.wp.com\/ismaelcolosi.com.br\/wp-content\/uploads\/2024\/08\/Copia-de-Copia-de-TAMANHO-EXATO-PARA-FOTOS-NO-SISTEMA-NOVO-23_2024-08-01_12-57-13_jpg_2024-08-01_12-57-13.webp.webp?fit=1200%2C675&ssl=1&resize=1050%2C600 3x"},"classes":[]},{"id":41823,"url":"https:\/\/ismaelcolosi.com.br\/index.php\/2024\/03\/11\/zona-norte-de-ribeirao-recebe-apresentacao-teatral-gratuita-saiba-como-assistir\/","url_meta":{"origin":46052,"position":5},"title":"Zona Norte de Ribeir\u00e3o recebe apresenta\u00e7\u00e3o teatral gratuita; Saiba como assistir","author":"ismaelcolosi.com.br","date":"11 de March de 2024","format":false,"excerpt":"Nesta semana, nos dias 13, 14 e 15 de mar\u00e7o, alunos do ensino m\u00e9dio de duas escolas estaduais do Quintino Facci II, na zona Norte de Ribeir\u00e3o Preto, e o p\u00fablico em geral poder\u00e3o assistir a pe\u00e7a \u201cAnDan\u00e7a da Morte e dUmZ\u00e9\u201d, do grupo teatral ApanelA. A apresenta\u00e7\u00e3o tem classifica\u00e7\u00e3o\u2026","rel":"","context":"In &quot;Not\u00edcias de Ribeir\u00e3o Preto-SP e Regi\u00e3o&quot;","block_context":{"text":"Not\u00edcias de Ribeir\u00e3o Preto-SP e Regi\u00e3o","link":"https:\/\/ismaelcolosi.com.br\/index.php\/category\/noticias-de-ribeirao-preto-sp-e-regiao-ismael-colosi\/"},"img":{"alt_text":"","src":"https:\/\/i0.wp.com\/ismaelcolosi.com.br\/wp-content\/uploads\/2024\/03\/Copia-de-Copia-de-TAMANHO-EXATO-PARA-FOTOS-NO-SISTEMA-NOVO-4-1.jpg?fit=1200%2C675&ssl=1&resize=350%2C200","width":350,"height":200,"srcset":"https:\/\/i0.wp.com\/ismaelcolosi.com.br\/wp-content\/uploads\/2024\/03\/Copia-de-Copia-de-TAMANHO-EXATO-PARA-FOTOS-NO-SISTEMA-NOVO-4-1.jpg?fit=1200%2C675&ssl=1&resize=350%2C200 1x, https:\/\/i0.wp.com\/ismaelcolosi.com.br\/wp-content\/uploads\/2024\/03\/Copia-de-Copia-de-TAMANHO-EXATO-PARA-FOTOS-NO-SISTEMA-NOVO-4-1.jpg?fit=1200%2C675&ssl=1&resize=525%2C300 1.5x, https:\/\/i0.wp.com\/ismaelcolosi.com.br\/wp-content\/uploads\/2024\/03\/Copia-de-Copia-de-TAMANHO-EXATO-PARA-FOTOS-NO-SISTEMA-NOVO-4-1.jpg?fit=1200%2C675&ssl=1&resize=700%2C400 2x, https:\/\/i0.wp.com\/ismaelcolosi.com.br\/wp-content\/uploads\/2024\/03\/Copia-de-Copia-de-TAMANHO-EXATO-PARA-FOTOS-NO-SISTEMA-NOVO-4-1.jpg?fit=1200%2C675&ssl=1&resize=1050%2C600 3x"},"classes":[]}],"jetpack_sharing_enabled":true,"jetpack_shortlink":"https:\/\/wp.me\/pfMlyK-bYM","_links":{"self":[{"href":"https:\/\/ismaelcolosi.com.br\/index.php\/wp-json\/wp\/v2\/posts\/46052","targetHints":{"allow":["GET"]}}],"collection":[{"href":"https:\/\/ismaelcolosi.com.br\/index.php\/wp-json\/wp\/v2\/posts"}],"about":[{"href":"https:\/\/ismaelcolosi.com.br\/index.php\/wp-json\/wp\/v2\/types\/post"}],"author":[{"embeddable":true,"href":"https:\/\/ismaelcolosi.com.br\/index.php\/wp-json\/wp\/v2\/users\/1"}],"replies":[{"embeddable":true,"href":"https:\/\/ismaelcolosi.com.br\/index.php\/wp-json\/wp\/v2\/comments?post=46052"}],"version-history":[{"count":0,"href":"https:\/\/ismaelcolosi.com.br\/index.php\/wp-json\/wp\/v2\/posts\/46052\/revisions"}],"wp:featuredmedia":[{"embeddable":true,"href":"https:\/\/ismaelcolosi.com.br\/index.php\/wp-json\/wp\/v2\/media\/46053"}],"wp:attachment":[{"href":"https:\/\/ismaelcolosi.com.br\/index.php\/wp-json\/wp\/v2\/media?parent=46052"}],"wp:term":[{"taxonomy":"category","embeddable":true,"href":"https:\/\/ismaelcolosi.com.br\/index.php\/wp-json\/wp\/v2\/categories?post=46052"},{"taxonomy":"post_tag","embeddable":true,"href":"https:\/\/ismaelcolosi.com.br\/index.php\/wp-json\/wp\/v2\/tags?post=46052"}],"curies":[{"name":"wp","href":"https:\/\/api.w.org\/{rel}","templated":true}]}}