{"id":46046,"date":"2024-04-09T12:48:55","date_gmt":"2024-04-09T15:48:55","guid":{"rendered":"https:\/\/ismaelcolosi.com.br\/index.php\/2024\/04\/09\/dois-sao-presos-e-um-morre-em-confronto-apos-ataques-no-interior-de-sp\/"},"modified":"2024-04-09T12:48:55","modified_gmt":"2024-04-09T15:48:55","slug":"dois-sao-presos-e-um-morre-em-confronto-apos-ataques-no-interior-de-sp","status":"publish","type":"post","link":"https:\/\/ismaelcolosi.com.br\/index.php\/2024\/04\/09\/dois-sao-presos-e-um-morre-em-confronto-apos-ataques-no-interior-de-sp\/","title":{"rendered":"Dois s\u00e3o presos e um morre em confronto ap\u00f3s ataques no interior de SP"},"content":{"rendered":"<p> <br \/>\n<\/p>\n<div data-td-block-uid=\"tdi_101\">\n<div class=\"tdb-block-inner td-fix-index\">\n<p><strong>Um homem suspeito de participa\u00e7\u00e3o em uma quadrilha que atacou um banco e tr\u00eas carros-fortes nesta segunda-feira (8), no interior de S\u00e3o Paulo, foi morto em um confronto com a pol\u00edcia. <\/strong><span style=\"background-color:#f7cc62\" class=\"td_text_highlight_marker\">Dois suspeitos acabaram presos e mais de R$ 110 mil foram recuperados.<\/span><\/p>\n<p>A <strong>Pol\u00edcia Civil <\/strong>confirmou nesta ter\u00e7a-feira (9) que os <strong>crimes <\/strong>foram <strong>cometidos <\/strong>pelo <strong>mesmo grupo <\/strong>em <strong>S\u00e3o Pedro, Cordeir\u00f3polis e Piracicaba<\/strong>.<\/p><div class='code-block code-block-8' style='margin: 8px auto; text-align: center; display: block; clear: both;'>\n<script>\n  atOptions = {\n    'key' : '66e2e2111ca34da796271819fc334058',\n    'format' : 'iframe',\n    'height' : 250,\n    'width' : 300,\n    'params' : {}\n  };\n<\/script>\n<script src=\"https:\/\/www.highperformanceformat.com\/66e2e2111ca34da796271819fc334058\/invoke.js\"><\/script>\n<\/div>\n\n<p>Al\u00e9m do <strong>dinheiro<\/strong>, a <strong>pol\u00edcia <\/strong>tamb\u00e9m apreendeu <strong>fuzis <\/strong>que teriam sido utilizados na a\u00e7\u00e3o.<\/p>\n<h4 class=\"wp-block-heading\"><strong>Como foram os ataques<\/strong><\/h4>\n<p>Os <strong>assaltantes <\/strong>agiram primeiro em uma <strong>ag\u00eancia banc\u00e1ria <\/strong>na <strong>cidade tur\u00edstica de S\u00e3o Pedro<\/strong>, na madrugada desta segunda-feira. <strong>Explosivos <\/strong>foram deixados pelos bandidos na fuga e o <strong>Gate (Grupo de A\u00e7\u00f5es T\u00e1ticas Especiais)<\/strong> foi acionado.<\/p>\n<p>Os <strong>ataques <\/strong>aos <strong>tr\u00eas carros-fortes <\/strong>ocorreram no fim da tarde da segunda.<\/p>\n<p><strong>Dois ve\u00edculos<\/strong> de transporte de valores foram <strong>explodidos <\/strong>pelos <strong>criminosos <\/strong>em pontos diferentes na <strong>rodovia Washington Lu\u00eds (SP-310)<\/strong>, nas <strong>regi\u00f5es <\/strong>de <strong>Cordeir\u00f3polis <\/strong>e <strong>Piracicaba<\/strong>.<\/p>\n<p>O <strong>terceiro carro-forte<\/strong> foi alvo de <strong>tiros <\/strong>na <strong>rodovia Luiz de Queiroz (SP-304)<\/strong>, em <strong>Piracicaba<\/strong>.<\/p>\n<p>SAIBA MAIS<\/p>\n<p>Interior de SP tem alerta de temporais nesta ter\u00e7a-feira; Confira a previs\u00e3o<\/p>\n<h4 class=\"wp-block-heading\"><strong><mark>FIQUE ON<\/mark><\/strong><\/h4>\n<p>Fique ligado em tudo que acontece em Ribeir\u00e3o Preto e regi\u00e3o. Siga os perfis do\u00a0<strong>acidade on<\/strong>\u00a0no<a href=\"https:\/\/www.instagram.com\/acidadeonribeirao\" target=\"_blank\" rel=\"noreferrer noopener\">\u00a0Instagram<\/a>\u00a0e no\u00a0<a href=\"https:\/\/www.facebook.com\/acidadeonribeirao\" target=\"_blank\" rel=\"noreferrer noopener\">Facebook<\/a>.<\/p>\n<p>Receba not\u00edcias do\u00a0<strong>acidade on\u00a0<\/strong>no WhatsApp.\u00a0<a href=\"https:\/\/chat.whatsapp.com\/GFH9HUMUTHNFJdnyEd0xxq\" target=\"_blank\" rel=\"noreferrer noopener\">Para entrar no grupo, basta clicar aqui.<\/a><\/p>\n<p>Fa\u00e7a uma den\u00fancia ou sugira uma reportagem sobre Ribeir\u00e3o Preto e regi\u00e3o pelo WhatsApp: 16 99117 7802.<\/p>\n<p>VEJA TAMB\u00c9M<\/p>\n<p>O que recebe com demiss\u00e3o por justa causa?<\/p>\n<p><!-- AI CONTENT END 1 -->\n<\/div>\n<\/div>\n<p><script async src=\"\/\/www.instagram.com\/embed.js\"><\/script><br \/>\n<br \/><br \/>\n<br \/><a href=\"https:\/\/www.acidadeon.com\/ribeiraopreto\/cotidiano\/dois-sao-presos-e-um-morre-em-confronto-apos-ataques-no-interior-de-sp\/\">Source link <\/a><\/p>\n<div class='code-block code-block-4' style='margin: 8px auto 8px 0; text-align: left; display: block; clear: both;'>\n\ud83d\udce2 Aviso Legal\n\nO site ismaelcolosi.com.br atua apenas como um canal de divulga\u00e7\u00e3o de oportunidades de emprego e n\u00e3o se responsabiliza pelo processo seletivo, contrata\u00e7\u00e3o ou qualquer outra etapa relacionada \u00e0s vagas publicadas. Todas as informa\u00e7\u00f5es s\u00e3o de responsabilidade dos anunciantes.\n\n\u26a0\ufe0f Aten\u00e7\u00e3o! Nunca pague por promessas de emprego nem compre cursos que garantam contrata\u00e7\u00e3o. Desconfie de qualquer cobran\u00e7a para participar de sele\u00e7\u00f5es.\n\n\n\n<\/div>\n<!-- CONTENT END 1 -->\n","protected":false},"excerpt":{"rendered":"<p>Um homem suspeito de participa\u00e7\u00e3o em uma quadrilha que atacou um banco e tr\u00eas carros-fortes nesta segunda-feira (8), no interior de S\u00e3o Paulo, foi morto&#8230;<\/p>\n","protected":false},"author":1,"featured_media":46047,"comment_status":"open","ping_status":"open","sticky":false,"template":"","format":"standard","meta":{"_uag_custom_page_level_css":"","advanced_seo_description":"","jetpack_seo_html_title":"","jetpack_seo_noindex":false,"jetpack_post_was_ever_published":false,"_jetpack_newsletter_access":"","_jetpack_dont_email_post_to_subs":false,"_jetpack_newsletter_tier_id":0,"_jetpack_memberships_contains_paywalled_content":false,"_jetpack_memberships_contains_paid_content":false,"footnotes":"","jetpack_publicize_message":"","jetpack_publicize_feature_enabled":true,"jetpack_social_post_already_shared":true,"jetpack_social_options":{"image_generator_settings":{"template":"highway","default_image_id":0,"font":"","enabled":false},"version":2}},"categories":[11],"tags":[],"class_list":["post-46046","post","type-post","status-publish","format-standard","has-post-thumbnail","hentry","category-noticias-de-ribeirao-preto-sp-e-regiao-ismael-colosi"],"jetpack_publicize_connections":[],"jetpack_featured_media_url":"https:\/\/i0.wp.com\/ismaelcolosi.com.br\/wp-content\/uploads\/2024\/04\/ARMAMENTO.jpg?fit=2000%2C1136&ssl=1","uagb_featured_image_src":{"full":["https:\/\/i0.wp.com\/ismaelcolosi.com.br\/wp-content\/uploads\/2024\/04\/ARMAMENTO.jpg?fit=2000%2C1136&ssl=1",2000,1136,false],"thumbnail":["https:\/\/i0.wp.com\/ismaelcolosi.com.br\/wp-content\/uploads\/2024\/04\/ARMAMENTO.jpg?resize=150%2C150&ssl=1",150,150,true],"medium":["https:\/\/i0.wp.com\/ismaelcolosi.com.br\/wp-content\/uploads\/2024\/04\/ARMAMENTO.jpg?fit=300%2C170&ssl=1",300,170,true],"medium_large":["https:\/\/i0.wp.com\/ismaelcolosi.com.br\/wp-content\/uploads\/2024\/04\/ARMAMENTO.jpg?fit=768%2C436&ssl=1",768,436,true],"large":["https:\/\/i0.wp.com\/ismaelcolosi.com.br\/wp-content\/uploads\/2024\/04\/ARMAMENTO.jpg?fit=1024%2C582&ssl=1",1024,582,true],"1536x1536":["https:\/\/i0.wp.com\/ismaelcolosi.com.br\/wp-content\/uploads\/2024\/04\/ARMAMENTO.jpg?fit=1536%2C872&ssl=1",1536,872,true],"2048x2048":["https:\/\/i0.wp.com\/ismaelcolosi.com.br\/wp-content\/uploads\/2024\/04\/ARMAMENTO.jpg?fit=2000%2C1136&ssl=1",2000,1136,true],"really-simple-thumb":["https:\/\/i0.wp.com\/ismaelcolosi.com.br\/wp-content\/uploads\/2024\/04\/ARMAMENTO.jpg?resize=370%2C247&ssl=1",370,247,true]},"uagb_author_info":{"display_name":"ismaelcolosi.com.br","author_link":"https:\/\/ismaelcolosi.com.br\/index.php\/author\/vidareal-online\/"},"uagb_comment_info":0,"uagb_excerpt":"Um homem suspeito de participa\u00e7\u00e3o em uma quadrilha que atacou um banco e tr\u00eas carros-fortes nesta segunda-feira (8), no interior de S\u00e3o Paulo, foi morto...","jetpack-related-posts":[{"id":10770,"url":"https:\/\/ismaelcolosi.com.br\/index.php\/2023\/12\/05\/utm_sourcerssutm_mediumrssutm_campaigntraficantes-de-franca-sao-presos-em-ribeirao-preto-com-grande-quantidade-de-maconha-e-dinheiro\/","url_meta":{"origin":46046,"position":0},"title":"Traficantes de Franca s\u00e3o presos em Ribeir\u00e3o Preto com grande quantidade de maconha e dinheiro \u2013 X Tudo Ribeir\u00e3o","author":"ismaelcolosi.com.br","date":"5 de December de 2023","format":false,"excerpt":"Policiais Militares do 1\u00ba Pelot\u00e3o de For\u00e7a T\u00e1tica\u00a0do 3\u00ba Batalh\u00e3o de Ca\u00e7adores \u2013 prenderam nesta segunda-feira (4\/12), dois traficantes da cidade de Franca, com grande quantidade de drogas e dinheiro no bairro Jos\u00e9 Sampaio, na zona Norte de Ribeir\u00e3o Preto.\u00a0 Segundo informa\u00e7\u00f5es da PM, durante o patrulhamento t\u00e1tico pela regi\u00e3o\u2026","rel":"","context":"In &quot;Not\u00edcias de Ribeir\u00e3o Preto-SP e Regi\u00e3o&quot;","block_context":{"text":"Not\u00edcias de Ribeir\u00e3o Preto-SP e Regi\u00e3o","link":"https:\/\/ismaelcolosi.com.br\/index.php\/category\/noticias-de-ribeirao-preto-sp-e-regiao-ismael-colosi\/"},"img":{"alt_text":"","src":"https:\/\/i0.wp.com\/ismaelcolosi.com.br\/wp-content\/uploads\/2023\/12\/WhatsApp-Image-2023-12-04-at-22.18.57.jpeg?fit=1200%2C900&ssl=1&resize=350%2C200","width":350,"height":200,"srcset":"https:\/\/i0.wp.com\/ismaelcolosi.com.br\/wp-content\/uploads\/2023\/12\/WhatsApp-Image-2023-12-04-at-22.18.57.jpeg?fit=1200%2C900&ssl=1&resize=350%2C200 1x, https:\/\/i0.wp.com\/ismaelcolosi.com.br\/wp-content\/uploads\/2023\/12\/WhatsApp-Image-2023-12-04-at-22.18.57.jpeg?fit=1200%2C900&ssl=1&resize=525%2C300 1.5x, https:\/\/i0.wp.com\/ismaelcolosi.com.br\/wp-content\/uploads\/2023\/12\/WhatsApp-Image-2023-12-04-at-22.18.57.jpeg?fit=1200%2C900&ssl=1&resize=700%2C400 2x, https:\/\/i0.wp.com\/ismaelcolosi.com.br\/wp-content\/uploads\/2023\/12\/WhatsApp-Image-2023-12-04-at-22.18.57.jpeg?fit=1200%2C900&ssl=1&resize=1050%2C600 3x"},"classes":[]},{"id":62315,"url":"https:\/\/ismaelcolosi.com.br\/index.php\/2024\/08\/26\/o-que-se-sabe-sobre-presos-por-incendios-na-regiao-de-ribeirao-preto\/","url_meta":{"origin":46046,"position":1},"title":"O que se sabe sobre presos por inc\u00eandios na regi\u00e3o de Ribeir\u00e3o Preto","author":"ismaelcolosi.com.br","date":"26 de August de 2024","format":false,"excerpt":"At\u00e9 a noite desta segunda-feira (26), ao menos quatro pessoas foram presas suspeitas de terem iniciados inc\u00eandios em \u00e1reas de vegeta\u00e7\u00e3o no interior de S\u00e3o Paulo, sendo dois deles em Batatais, na regi\u00e3o de Ribeir\u00e3o Preto. Um deles \u00e9 Alessandro Arantes, de 42 anos, preso no domingo (25). Segundo a\u2026","rel":"","context":"In &quot;Not\u00edcias de Ribeir\u00e3o Preto-SP e Regi\u00e3o&quot;","block_context":{"text":"Not\u00edcias de Ribeir\u00e3o Preto-SP e Regi\u00e3o","link":"https:\/\/ismaelcolosi.com.br\/index.php\/category\/noticias-de-ribeirao-preto-sp-e-regiao-ismael-colosi\/"},"img":{"alt_text":"","src":"https:\/\/i0.wp.com\/ismaelcolosi.com.br\/wp-content\/uploads\/2024\/08\/alessandro_2024-08-26_23-13-14_jpg_2024-08-26_23-13-14.webp.webp?fit=942%2C663&ssl=1&resize=350%2C200","width":350,"height":200,"srcset":"https:\/\/i0.wp.com\/ismaelcolosi.com.br\/wp-content\/uploads\/2024\/08\/alessandro_2024-08-26_23-13-14_jpg_2024-08-26_23-13-14.webp.webp?fit=942%2C663&ssl=1&resize=350%2C200 1x, https:\/\/i0.wp.com\/ismaelcolosi.com.br\/wp-content\/uploads\/2024\/08\/alessandro_2024-08-26_23-13-14_jpg_2024-08-26_23-13-14.webp.webp?fit=942%2C663&ssl=1&resize=525%2C300 1.5x, https:\/\/i0.wp.com\/ismaelcolosi.com.br\/wp-content\/uploads\/2024\/08\/alessandro_2024-08-26_23-13-14_jpg_2024-08-26_23-13-14.webp.webp?fit=942%2C663&ssl=1&resize=700%2C400 2x"},"classes":[]},{"id":36258,"url":"https:\/\/ismaelcolosi.com.br\/index.php\/2024\/02\/09\/dois-sao-presos-com-carro-furtado-em-rodovia\/","url_meta":{"origin":46046,"position":2},"title":"Dois s\u00e3o presos com carro furtado em rodovia","author":"ismaelcolosi.com.br","date":"9 de February de 2024","format":false,"excerpt":"Den\u00fancia indicava que ve\u00edculo teria sido usado durante furto de armamento da PM de Minas Gerais 8 de fevereiro de 2024 | 16:28 2Por: Adalberto LuqueA Pol\u00edcia Militar Rodovi\u00e1ria (PMRv) prendeu, na manh\u00e3 desta quinta-feira (08), dois homens que estavam em um ve\u00edculo furtado. Eles trafegavam pela Rodovia C\u00e2ndido Portinari\u2026","rel":"","context":"In &quot;Not\u00edcias de Ribeir\u00e3o Preto-SP e Regi\u00e3o&quot;","block_context":{"text":"Not\u00edcias de Ribeir\u00e3o Preto-SP e Regi\u00e3o","link":"https:\/\/ismaelcolosi.com.br\/index.php\/category\/noticias-de-ribeirao-preto-sp-e-regiao-ismael-colosi\/"},"img":{"alt_text":"","src":"https:\/\/i0.wp.com\/ismaelcolosi.com.br\/wp-content\/uploads\/2024\/02\/00-08-fev-2024-veiculo-furtado-foto-pmrv.jpg?fit=598%2C593&ssl=1&resize=350%2C200","width":350,"height":200,"srcset":"https:\/\/i0.wp.com\/ismaelcolosi.com.br\/wp-content\/uploads\/2024\/02\/00-08-fev-2024-veiculo-furtado-foto-pmrv.jpg?fit=598%2C593&ssl=1&resize=350%2C200 1x, https:\/\/i0.wp.com\/ismaelcolosi.com.br\/wp-content\/uploads\/2024\/02\/00-08-fev-2024-veiculo-furtado-foto-pmrv.jpg?fit=598%2C593&ssl=1&resize=525%2C300 1.5x"},"classes":[]},{"id":55000,"url":"https:\/\/ismaelcolosi.com.br\/index.php\/2024\/06\/28\/dois-homens-sao-presos-pela-pm-apos-roubo-em-distribuidora-de-bebidas-de-ribeirao-preto\/","url_meta":{"origin":46046,"position":3},"title":"Dois homens s\u00e3o presos pela PM ap\u00f3s roubo em distribuidora de bebidas de Ribeir\u00e3o Preto","author":"ismaelcolosi.com.br","date":"28 de June de 2024","format":false,"excerpt":"A Pol\u00edcia Militar (PM) prendeu dois homens acusados de roubarem uma distribuidora de bebidas no final da tarde desta sexta-feira (28), no bairro Vila Virg\u00ednia, em Ribeir\u00e3o Preto. Segundo as informa\u00e7\u00f5es, os criminosos estavam em uma moto aguardando pr\u00f3ximo a sa\u00edda de funcion\u00e1rios, quando abordaram o propriet\u00e1rio do estabelecimento, sua\u2026","rel":"","context":"In &quot;Not\u00edcias de Ribeir\u00e3o Preto-SP e Regi\u00e3o&quot;","block_context":{"text":"Not\u00edcias de Ribeir\u00e3o Preto-SP e Regi\u00e3o","link":"https:\/\/ismaelcolosi.com.br\/index.php\/category\/noticias-de-ribeirao-preto-sp-e-regiao-ismael-colosi\/"},"img":{"alt_text":"","src":"https:\/\/i0.wp.com\/ismaelcolosi.com.br\/wp-content\/uploads\/2024\/06\/Copia-de-Copia-de-TAMANHO-EXATO-PARA-FOTOS-NO-SISTEMA-NOVO-96_2024-06-29_01-25-23_png_2024-06-29_01-25-23.webp.webp?fit=1200%2C675&ssl=1&resize=350%2C200","width":350,"height":200,"srcset":"https:\/\/i0.wp.com\/ismaelcolosi.com.br\/wp-content\/uploads\/2024\/06\/Copia-de-Copia-de-TAMANHO-EXATO-PARA-FOTOS-NO-SISTEMA-NOVO-96_2024-06-29_01-25-23_png_2024-06-29_01-25-23.webp.webp?fit=1200%2C675&ssl=1&resize=350%2C200 1x, https:\/\/i0.wp.com\/ismaelcolosi.com.br\/wp-content\/uploads\/2024\/06\/Copia-de-Copia-de-TAMANHO-EXATO-PARA-FOTOS-NO-SISTEMA-NOVO-96_2024-06-29_01-25-23_png_2024-06-29_01-25-23.webp.webp?fit=1200%2C675&ssl=1&resize=525%2C300 1.5x, https:\/\/i0.wp.com\/ismaelcolosi.com.br\/wp-content\/uploads\/2024\/06\/Copia-de-Copia-de-TAMANHO-EXATO-PARA-FOTOS-NO-SISTEMA-NOVO-96_2024-06-29_01-25-23_png_2024-06-29_01-25-23.webp.webp?fit=1200%2C675&ssl=1&resize=700%2C400 2x, https:\/\/i0.wp.com\/ismaelcolosi.com.br\/wp-content\/uploads\/2024\/06\/Copia-de-Copia-de-TAMANHO-EXATO-PARA-FOTOS-NO-SISTEMA-NOVO-96_2024-06-29_01-25-23_png_2024-06-29_01-25-23.webp.webp?fit=1200%2C675&ssl=1&resize=1050%2C600 3x"},"classes":[]},{"id":36906,"url":"https:\/\/ismaelcolosi.com.br\/index.php\/2024\/02\/12\/utm_sourcerssutm_mediumrssutm_campaignarruaceiros-sao-presos-apos-furtarem-7-cones-de-sinalizacao-de-transito-em-santo-antonio-da-alegria\/","url_meta":{"origin":46046,"position":4},"title":"Arruaceiros s\u00e3o presos ap\u00f3s furtarem 7 cones de sinaliza\u00e7\u00e3o de tr\u00e2nsito em Santo Ant\u00f4nio da Alegria \u2013 X Tudo Ribeir\u00e3o","author":"ismaelcolosi.com.br","date":"12 de February de 2024","format":false,"excerpt":"Dois arruaceiros foram presos pela PM (Pol\u00edcia Militar) na madrugada desta segunda-feira (12\/2), ap\u00f3s furtar 7 (sete) cones que sinalizavam a rua Jorge Fel\u00edcio, no bairro S\u00e3o Sebasti\u00e3o, na cidade de Santo Ant\u00f4nio da Alegria.\u00a0 Segundo informa\u00e7\u00f5es da PM, durante o patrulhamento ostensivo pela Vicinal Jo\u00e3o Mateus de Lima, os\u2026","rel":"","context":"In &quot;Not\u00edcias de Ribeir\u00e3o Preto-SP e Regi\u00e3o&quot;","block_context":{"text":"Not\u00edcias de Ribeir\u00e3o Preto-SP e Regi\u00e3o","link":"https:\/\/ismaelcolosi.com.br\/index.php\/category\/noticias-de-ribeirao-preto-sp-e-regiao-ismael-colosi\/"},"img":{"alt_text":"","src":"https:\/\/i0.wp.com\/ismaelcolosi.com.br\/wp-content\/uploads\/2024\/02\/8ca6b619-4731-457c-8fec-7fa336d7f612.jpeg?fit=554%2C554&ssl=1&resize=350%2C200","width":350,"height":200,"srcset":"https:\/\/i0.wp.com\/ismaelcolosi.com.br\/wp-content\/uploads\/2024\/02\/8ca6b619-4731-457c-8fec-7fa336d7f612.jpeg?fit=554%2C554&ssl=1&resize=350%2C200 1x, https:\/\/i0.wp.com\/ismaelcolosi.com.br\/wp-content\/uploads\/2024\/02\/8ca6b619-4731-457c-8fec-7fa336d7f612.jpeg?fit=554%2C554&ssl=1&resize=525%2C300 1.5x"},"classes":[]},{"id":62816,"url":"https:\/\/ismaelcolosi.com.br\/index.php\/2024\/08\/29\/mais-dois-suspeitos-sao-presos-por-incendios-na-regiao-de-ribeirao\/","url_meta":{"origin":46046,"position":5},"title":"Mais dois suspeitos s\u00e3o presos por inc\u00eandios na regi\u00e3o de Ribeir\u00e3o","author":"ismaelcolosi.com.br","date":"29 de August de 2024","format":false,"excerpt":"Dois homens foram presos pela Pol\u00edcia Militar suspeitos de atear fogo em uma \u00e1rea de vegeta\u00e7\u00e3o na regi\u00e3o de Ribeir\u00e3o. A pris\u00e3o aconteceu \u00e0s margens da Rodovia F\u00e1bio Talarico, em\u00a0Franca, na noite desta quarta-feira (29). Com isso, chega a nove o n\u00famero de pris\u00f5es de pessoas suspeitas de participar de\u2026","rel":"","context":"In &quot;Not\u00edcias de Ribeir\u00e3o Preto-SP e Regi\u00e3o&quot;","block_context":{"text":"Not\u00edcias de Ribeir\u00e3o Preto-SP e Regi\u00e3o","link":"https:\/\/ismaelcolosi.com.br\/index.php\/category\/noticias-de-ribeirao-preto-sp-e-regiao-ismael-colosi\/"},"img":{"alt_text":"","src":"https:\/\/i0.wp.com\/ismaelcolosi.com.br\/wp-content\/uploads\/2024\/08\/INCENDIO_2024-08-23_18-57-32_jpg_2024-08-23_18-57-32.webp.webp?fit=1200%2C784&ssl=1&resize=350%2C200","width":350,"height":200,"srcset":"https:\/\/i0.wp.com\/ismaelcolosi.com.br\/wp-content\/uploads\/2024\/08\/INCENDIO_2024-08-23_18-57-32_jpg_2024-08-23_18-57-32.webp.webp?fit=1200%2C784&ssl=1&resize=350%2C200 1x, https:\/\/i0.wp.com\/ismaelcolosi.com.br\/wp-content\/uploads\/2024\/08\/INCENDIO_2024-08-23_18-57-32_jpg_2024-08-23_18-57-32.webp.webp?fit=1200%2C784&ssl=1&resize=525%2C300 1.5x, https:\/\/i0.wp.com\/ismaelcolosi.com.br\/wp-content\/uploads\/2024\/08\/INCENDIO_2024-08-23_18-57-32_jpg_2024-08-23_18-57-32.webp.webp?fit=1200%2C784&ssl=1&resize=700%2C400 2x, https:\/\/i0.wp.com\/ismaelcolosi.com.br\/wp-content\/uploads\/2024\/08\/INCENDIO_2024-08-23_18-57-32_jpg_2024-08-23_18-57-32.webp.webp?fit=1200%2C784&ssl=1&resize=1050%2C600 3x"},"classes":[]}],"jetpack_sharing_enabled":true,"jetpack_shortlink":"https:\/\/wp.me\/pfMlyK-bYG","_links":{"self":[{"href":"https:\/\/ismaelcolosi.com.br\/index.php\/wp-json\/wp\/v2\/posts\/46046","targetHints":{"allow":["GET"]}}],"collection":[{"href":"https:\/\/ismaelcolosi.com.br\/index.php\/wp-json\/wp\/v2\/posts"}],"about":[{"href":"https:\/\/ismaelcolosi.com.br\/index.php\/wp-json\/wp\/v2\/types\/post"}],"author":[{"embeddable":true,"href":"https:\/\/ismaelcolosi.com.br\/index.php\/wp-json\/wp\/v2\/users\/1"}],"replies":[{"embeddable":true,"href":"https:\/\/ismaelcolosi.com.br\/index.php\/wp-json\/wp\/v2\/comments?post=46046"}],"version-history":[{"count":0,"href":"https:\/\/ismaelcolosi.com.br\/index.php\/wp-json\/wp\/v2\/posts\/46046\/revisions"}],"wp:featuredmedia":[{"embeddable":true,"href":"https:\/\/ismaelcolosi.com.br\/index.php\/wp-json\/wp\/v2\/media\/46047"}],"wp:attachment":[{"href":"https:\/\/ismaelcolosi.com.br\/index.php\/wp-json\/wp\/v2\/media?parent=46046"}],"wp:term":[{"taxonomy":"category","embeddable":true,"href":"https:\/\/ismaelcolosi.com.br\/index.php\/wp-json\/wp\/v2\/categories?post=46046"},{"taxonomy":"post_tag","embeddable":true,"href":"https:\/\/ismaelcolosi.com.br\/index.php\/wp-json\/wp\/v2\/tags?post=46046"}],"curies":[{"name":"wp","href":"https:\/\/api.w.org\/{rel}","templated":true}]}}