{"id":46030,"date":"2024-04-09T11:41:53","date_gmt":"2024-04-09T14:41:53","guid":{"rendered":"https:\/\/ismaelcolosi.com.br\/index.php\/2024\/04\/09\/camera-flagra-batida-de-carro-e-caminhao-na-zona-norte-de-ribeirao-veja-video\/"},"modified":"2024-04-09T11:41:53","modified_gmt":"2024-04-09T14:41:53","slug":"camera-flagra-batida-de-carro-e-caminhao-na-zona-norte-de-ribeirao-veja-video","status":"publish","type":"post","link":"https:\/\/ismaelcolosi.com.br\/index.php\/2024\/04\/09\/camera-flagra-batida-de-carro-e-caminhao-na-zona-norte-de-ribeirao-veja-video\/","title":{"rendered":"C\u00e2mera flagra batida de carro e caminh\u00e3o na zona Norte de Ribeir\u00e3o; Veja v\u00eddeo"},"content":{"rendered":"<p> <br \/>\n<\/p>\n<div data-td-block-uid=\"tdi_101\">\n<div class=\"tdb-block-inner td-fix-index\">\n<p><strong>Uma batida entre um carro e um caminh\u00e3o deixou uma v\u00edtima na manh\u00e3 desta segunda-feira (8), no cruzamento das ruas Petr\u00f3polis e Jardin\u00f3polis, na Vila Brasil, zona Norte de Ribeir\u00e3o Preto.<\/strong><\/p>\n<p>Segundo o <strong>boletim de ocorr\u00eancia (BO)<\/strong>, o <strong>motorista <\/strong>do <strong>carro<\/strong>, de 33 anos, teria ficado <strong>preso nas ferragens<\/strong> e foi <strong>socorrido <\/strong>com ferimentos leves para a <strong>UPA Norte<\/strong>.<\/p><div class='code-block code-block-8' style='margin: 8px auto; text-align: center; display: block; clear: both;'>\n<script>\n  atOptions = {\n    'key' : '66e2e2111ca34da796271819fc334058',\n    'format' : 'iframe',\n    'height' : 250,\n    'width' : 300,\n    'params' : {}\n  };\n<\/script>\n<script src=\"https:\/\/www.highperformanceformat.com\/66e2e2111ca34da796271819fc334058\/invoke.js\"><\/script>\n<\/div>\n\n<p>J\u00e1 o <strong>condutor <\/strong>do <strong>caminh\u00e3o <\/strong>n\u00e3o sofreu ferimentos.<\/p>\n<p>Ele alegou \u00e0 <strong>PM (Pol\u00edcia Militar)<\/strong> que um <strong>\u00f4nibus estacionado atrapalhou <\/strong>sua <strong>vis\u00e3o <\/strong>ao cruzar a rua Petr\u00f3polis, que \u00e9 preferencial.<\/p>\n<p>O caso foi registrado na <strong>CPJ (Central de Pol\u00edcia Judici\u00e1ria) Permanente<\/strong> como <strong>les\u00e3o corporal culposa (sem inten\u00e7\u00e3o) na dire\u00e7\u00e3o de ve\u00edculo automotor<\/strong> para <strong>investiga\u00e7\u00e3o <\/strong>da <strong>Pol\u00edcia Civil<\/strong>.<\/p>\n<blockquote class=\"twitter-tweet\" data-media-max-width=\"560\">\n<p lang=\"pt\" dir=\"ltr\">Uma batida entre um carro e um caminh\u00e3o deixou uma v\u00edtima na manh\u00e3 desta segunda-feira (8), no cruzamento das ruas Petr\u00f3polis e Jardin\u00f3polis, na Vila Brasil, zona Norte de Ribeir\u00e3o Preto. O motorista do carro foi socorrido. As causas ser\u00e3o apuradas. <a href=\"https:\/\/t.co\/U4ALC5hnst\">pic.twitter.com\/U4ALC5hnst<\/a><\/p>\n<p>\u2014 acidade on Ribeir\u00e3o e Regi\u00e3o (@acidadeonrp) <a href=\"https:\/\/twitter.com\/acidadeonrp\/status\/1777688990302285899?ref_src=twsrc%5Etfw\">April 9, 2024<\/a><\/p><\/blockquote>\n<p>SAIBA MAIS<\/p>\n<p>Interior de SP tem alerta de temporais nesta ter\u00e7a-feira; Confira a previs\u00e3o<\/p>\n<h4 class=\"wp-block-heading\"><strong><mark>FIQUE ON<\/mark><\/strong><\/h4>\n<p>Fique ligado em tudo que acontece em Ribeir\u00e3o Preto e regi\u00e3o. Siga os perfis do\u00a0<strong>acidade on<\/strong>\u00a0no<a href=\"https:\/\/www.instagram.com\/acidadeonribeirao\" target=\"_blank\" rel=\"noreferrer noopener\">\u00a0Instagram<\/a>\u00a0e no\u00a0<a href=\"https:\/\/www.facebook.com\/acidadeonribeirao\" target=\"_blank\" rel=\"noreferrer noopener\">Facebook<\/a>.<\/p>\n<p>Receba not\u00edcias do\u00a0<strong>acidade on\u00a0<\/strong>no WhatsApp.\u00a0<a href=\"https:\/\/chat.whatsapp.com\/GFH9HUMUTHNFJdnyEd0xxq\" target=\"_blank\" rel=\"noreferrer noopener\">Para entrar no grupo, basta clicar aqui.<\/a><\/p>\n<p>Fa\u00e7a uma den\u00fancia ou sugira uma reportagem sobre Ribeir\u00e3o Preto e regi\u00e3o pelo WhatsApp: 16 99117 7802.<\/p>\n<p>VEJA TAMB\u00c9M<\/p>\n<p>O que recebe com demiss\u00e3o por justa causa?<\/p>\n<p><!-- AI CONTENT END 1 -->\n<\/div>\n<\/div>\n<p><script async src=\"\/\/platform.twitter.com\/widgets.js\" charset=\"utf-8\"><\/script><script async src=\"\/\/www.instagram.com\/embed.js\"><\/script><br \/>\n<br \/><br \/>\n<br \/><a href=\"https:\/\/www.acidadeon.com\/ribeiraopreto\/cotidiano\/camera-flagra-batida-de-carro-e-caminhao-na-zona-norte-de-ribeirao-veja-video\/\">Source link <\/a><\/p>\n<div class='code-block code-block-4' style='margin: 8px auto 8px 0; text-align: left; display: block; clear: both;'>\n\ud83d\udce2 Aviso Legal\n\nO site ismaelcolosi.com.br atua apenas como um canal de divulga\u00e7\u00e3o de oportunidades de emprego e n\u00e3o se responsabiliza pelo processo seletivo, contrata\u00e7\u00e3o ou qualquer outra etapa relacionada \u00e0s vagas publicadas. Todas as informa\u00e7\u00f5es s\u00e3o de responsabilidade dos anunciantes.\n\n\u26a0\ufe0f Aten\u00e7\u00e3o! Nunca pague por promessas de emprego nem compre cursos que garantam contrata\u00e7\u00e3o. Desconfie de qualquer cobran\u00e7a para participar de sele\u00e7\u00f5es.\n\n\n\n<\/div>\n<!-- CONTENT END 1 -->\n","protected":false},"excerpt":{"rendered":"<p>Uma batida entre um carro e um caminh\u00e3o deixou uma v\u00edtima na manh\u00e3 desta segunda-feira (8), no cruzamento das ruas Petr\u00f3polis e Jardin\u00f3polis, na Vila&#8230;<\/p>\n","protected":false},"author":1,"featured_media":46031,"comment_status":"open","ping_status":"open","sticky":false,"template":"","format":"standard","meta":{"_uag_custom_page_level_css":"","advanced_seo_description":"","jetpack_seo_html_title":"","jetpack_seo_noindex":false,"jetpack_post_was_ever_published":false,"_jetpack_newsletter_access":"","_jetpack_dont_email_post_to_subs":false,"_jetpack_newsletter_tier_id":0,"_jetpack_memberships_contains_paywalled_content":false,"_jetpack_memberships_contains_paid_content":false,"footnotes":"","jetpack_publicize_message":"","jetpack_publicize_feature_enabled":true,"jetpack_social_post_already_shared":true,"jetpack_social_options":{"image_generator_settings":{"template":"highway","default_image_id":0,"font":"","enabled":false},"version":2}},"categories":[11],"tags":[],"class_list":["post-46030","post","type-post","status-publish","format-standard","has-post-thumbnail","hentry","category-noticias-de-ribeirao-preto-sp-e-regiao-ismael-colosi"],"jetpack_publicize_connections":[],"jetpack_featured_media_url":"https:\/\/i0.wp.com\/ismaelcolosi.com.br\/wp-content\/uploads\/2024\/04\/ACDIDENTE.jpg?fit=2000%2C1324&ssl=1","uagb_featured_image_src":{"full":["https:\/\/i0.wp.com\/ismaelcolosi.com.br\/wp-content\/uploads\/2024\/04\/ACDIDENTE.jpg?fit=2000%2C1324&ssl=1",2000,1324,false],"thumbnail":["https:\/\/i0.wp.com\/ismaelcolosi.com.br\/wp-content\/uploads\/2024\/04\/ACDIDENTE.jpg?resize=150%2C150&ssl=1",150,150,true],"medium":["https:\/\/i0.wp.com\/ismaelcolosi.com.br\/wp-content\/uploads\/2024\/04\/ACDIDENTE.jpg?fit=300%2C199&ssl=1",300,199,true],"medium_large":["https:\/\/i0.wp.com\/ismaelcolosi.com.br\/wp-content\/uploads\/2024\/04\/ACDIDENTE.jpg?fit=768%2C508&ssl=1",768,508,true],"large":["https:\/\/i0.wp.com\/ismaelcolosi.com.br\/wp-content\/uploads\/2024\/04\/ACDIDENTE.jpg?fit=1024%2C678&ssl=1",1024,678,true],"1536x1536":["https:\/\/i0.wp.com\/ismaelcolosi.com.br\/wp-content\/uploads\/2024\/04\/ACDIDENTE.jpg?fit=1536%2C1017&ssl=1",1536,1017,true],"2048x2048":["https:\/\/i0.wp.com\/ismaelcolosi.com.br\/wp-content\/uploads\/2024\/04\/ACDIDENTE.jpg?fit=2000%2C1324&ssl=1",2000,1324,true],"really-simple-thumb":["https:\/\/i0.wp.com\/ismaelcolosi.com.br\/wp-content\/uploads\/2024\/04\/ACDIDENTE.jpg?resize=370%2C247&ssl=1",370,247,true]},"uagb_author_info":{"display_name":"ismaelcolosi.com.br","author_link":"https:\/\/ismaelcolosi.com.br\/index.php\/author\/vidareal-online\/"},"uagb_comment_info":0,"uagb_excerpt":"Uma batida entre um carro e um caminh\u00e3o deixou uma v\u00edtima na manh\u00e3 desta segunda-feira (8), no cruzamento das ruas Petr\u00f3polis e Jardin\u00f3polis, na Vila...","jetpack-related-posts":[{"id":50392,"url":"https:\/\/ismaelcolosi.com.br\/index.php\/2024\/05\/16\/identificado-motorista-de-24-anos-morto-apos-batida-em-rodovia-de-ribeirao-preto\/","url_meta":{"origin":46030,"position":0},"title":"Identificado motorista de 24 anos morto ap\u00f3s batida em rodovia de Ribeir\u00e3o Preto","author":"ismaelcolosi.com.br","date":"16 de May de 2024","format":false,"excerpt":"A Pol\u00edcia Civil identificou o motorista de um carro que morreu nesta quarta-feira (15), ap\u00f3s se envolver em uma batida com um caminh\u00e3o, no km 2 da rodovia M\u00e1rio Doneg\u00e1 (SP-291), em Ribeir\u00e3o Preto. Segundo o boletim de ocorr\u00eancia (BO), a v\u00edtima Guilherme Roberto Gonzaga Moreschi, de 24 anos, n\u00e3o\u2026","rel":"","context":"In &quot;Not\u00edcias de Ribeir\u00e3o Preto-SP e Regi\u00e3o&quot;","block_context":{"text":"Not\u00edcias de Ribeir\u00e3o Preto-SP e Regi\u00e3o","link":"https:\/\/ismaelcolosi.com.br\/index.php\/category\/noticias-de-ribeirao-preto-sp-e-regiao-ismael-colosi\/"},"img":{"alt_text":"","src":"https:\/\/i0.wp.com\/ismaelcolosi.com.br\/wp-content\/uploads\/2024\/05\/ACIDENTE_2024-05-16_11-13-46_jpg_2024-05-16_11-13-47.webp.webp?fit=1200%2C916&ssl=1&resize=350%2C200","width":350,"height":200,"srcset":"https:\/\/i0.wp.com\/ismaelcolosi.com.br\/wp-content\/uploads\/2024\/05\/ACIDENTE_2024-05-16_11-13-46_jpg_2024-05-16_11-13-47.webp.webp?fit=1200%2C916&ssl=1&resize=350%2C200 1x, https:\/\/i0.wp.com\/ismaelcolosi.com.br\/wp-content\/uploads\/2024\/05\/ACIDENTE_2024-05-16_11-13-46_jpg_2024-05-16_11-13-47.webp.webp?fit=1200%2C916&ssl=1&resize=525%2C300 1.5x, https:\/\/i0.wp.com\/ismaelcolosi.com.br\/wp-content\/uploads\/2024\/05\/ACIDENTE_2024-05-16_11-13-46_jpg_2024-05-16_11-13-47.webp.webp?fit=1200%2C916&ssl=1&resize=700%2C400 2x, https:\/\/i0.wp.com\/ismaelcolosi.com.br\/wp-content\/uploads\/2024\/05\/ACIDENTE_2024-05-16_11-13-46_jpg_2024-05-16_11-13-47.webp.webp?fit=1200%2C916&ssl=1&resize=1050%2C600 3x"},"classes":[]},{"id":54599,"url":"https:\/\/ismaelcolosi.com.br\/index.php\/2024\/06\/26\/identificado-motorista-de-onibus-morto-em-acidente-com-caminhao-na-anhanguera\/","url_meta":{"origin":46030,"position":1},"title":"Identificado motorista de \u00f4nibus morto em acidente com caminh\u00e3o na Anhanguera","author":"ismaelcolosi.com.br","date":"26 de June de 2024","format":false,"excerpt":"A Pol\u00edcia Civil identificou o motorista de \u00f4nibus morto na batida que envolveu o ve\u00edculo e um caminh\u00e3o, na madrugada desta quarta-feira (26), no km 299 da rodovia Anhanguera (SP-330), no trecho conhecido como Serra de Cravinhos, na regi\u00e3o de Ribeir\u00e3o Preto. Segundo o boletim de ocorr\u00eancia (BO), o condutor\u2026","rel":"","context":"In &quot;Not\u00edcias de Ribeir\u00e3o Preto-SP e Regi\u00e3o&quot;","block_context":{"text":"Not\u00edcias de Ribeir\u00e3o Preto-SP e Regi\u00e3o","link":"https:\/\/ismaelcolosi.com.br\/index.php\/category\/noticias-de-ribeirao-preto-sp-e-regiao-ismael-colosi\/"},"img":{"alt_text":"","src":"https:\/\/i0.wp.com\/ismaelcolosi.com.br\/wp-content\/uploads\/2024\/06\/ONIBUS-ACIDENTE_2024-06-26_14-28-49_jpg_2024-06-26_14-28-50.webp.webp?fit=1200%2C827&ssl=1&resize=350%2C200","width":350,"height":200,"srcset":"https:\/\/i0.wp.com\/ismaelcolosi.com.br\/wp-content\/uploads\/2024\/06\/ONIBUS-ACIDENTE_2024-06-26_14-28-49_jpg_2024-06-26_14-28-50.webp.webp?fit=1200%2C827&ssl=1&resize=350%2C200 1x, https:\/\/i0.wp.com\/ismaelcolosi.com.br\/wp-content\/uploads\/2024\/06\/ONIBUS-ACIDENTE_2024-06-26_14-28-49_jpg_2024-06-26_14-28-50.webp.webp?fit=1200%2C827&ssl=1&resize=525%2C300 1.5x, https:\/\/i0.wp.com\/ismaelcolosi.com.br\/wp-content\/uploads\/2024\/06\/ONIBUS-ACIDENTE_2024-06-26_14-28-49_jpg_2024-06-26_14-28-50.webp.webp?fit=1200%2C827&ssl=1&resize=700%2C400 2x, https:\/\/i0.wp.com\/ismaelcolosi.com.br\/wp-content\/uploads\/2024\/06\/ONIBUS-ACIDENTE_2024-06-26_14-28-49_jpg_2024-06-26_14-28-50.webp.webp?fit=1200%2C827&ssl=1&resize=1050%2C600 3x"},"classes":[]},{"id":73862,"url":"https:\/\/ismaelcolosi.com.br\/index.php\/2024\/10\/29\/motociclista-fica-ferido-apos-batida-entre-moto-e-carro-na-zona-norte-de-ribeirao\/","url_meta":{"origin":46030,"position":2},"title":"Motociclista fica ferido ap\u00f3s batida entre moto e carro na zona Norte de Ribeir\u00e3o","author":"ismaelcolosi.com.br","date":"29 de October de 2024","format":false,"excerpt":"Um motociclista foi socorrido na manh\u00e3 desta ter\u00e7a-feira (29), depois de se envolver em uma batida entre moto e carro no bairro Ipiranga, zona Norte de Ribeir\u00e3o Preto. A colis\u00e3o ocorreu no cruzamento das ruas General C\u00e2mara e Rio Verde. Com o impacto, a moto foi parar na cal\u00e7ada de\u2026","rel":"","context":"In &quot;Not\u00edcias de Ribeir\u00e3o Preto-SP e Regi\u00e3o&quot;","block_context":{"text":"Not\u00edcias de Ribeir\u00e3o Preto-SP e Regi\u00e3o","link":"https:\/\/ismaelcolosi.com.br\/index.php\/category\/noticias-de-ribeirao-preto-sp-e-regiao-ismael-colosi\/"},"img":{"alt_text":"","src":"https:\/\/i0.wp.com\/ismaelcolosi.com.br\/wp-content\/uploads\/2024\/10\/MOTO_2024-10-29_11-46-00_jpg_2024-10-29_11-46-00.webp.webp?fit=1200%2C670&ssl=1&resize=350%2C200","width":350,"height":200,"srcset":"https:\/\/i0.wp.com\/ismaelcolosi.com.br\/wp-content\/uploads\/2024\/10\/MOTO_2024-10-29_11-46-00_jpg_2024-10-29_11-46-00.webp.webp?fit=1200%2C670&ssl=1&resize=350%2C200 1x, https:\/\/i0.wp.com\/ismaelcolosi.com.br\/wp-content\/uploads\/2024\/10\/MOTO_2024-10-29_11-46-00_jpg_2024-10-29_11-46-00.webp.webp?fit=1200%2C670&ssl=1&resize=525%2C300 1.5x, https:\/\/i0.wp.com\/ismaelcolosi.com.br\/wp-content\/uploads\/2024\/10\/MOTO_2024-10-29_11-46-00_jpg_2024-10-29_11-46-00.webp.webp?fit=1200%2C670&ssl=1&resize=700%2C400 2x, https:\/\/i0.wp.com\/ismaelcolosi.com.br\/wp-content\/uploads\/2024\/10\/MOTO_2024-10-29_11-46-00_jpg_2024-10-29_11-46-00.webp.webp?fit=1200%2C670&ssl=1&resize=1050%2C600 3x"},"classes":[]},{"id":50295,"url":"https:\/\/ismaelcolosi.com.br\/index.php\/2024\/05\/15\/motorista-morre-apos-colisao-entre-carro-e-caminhao-em-rodovia-na-regiao-de-ribeirao\/","url_meta":{"origin":46030,"position":3},"title":"Motorista morre ap\u00f3s colis\u00e3o entre carro e caminh\u00e3o em rodovia na regi\u00e3o de Ribeir\u00e3o","author":"ismaelcolosi.com.br","date":"15 de May de 2024","format":false,"excerpt":"Um homem morreu na tarde desta quarta-feira (15), ap\u00f3s se envolver em um acidente na rodovia M\u00e1rio Doneg\u00e1, entre Ribeir\u00e3o Preto e Dumont. De acordo com as informa\u00e7\u00f5es da Pol\u00edcia Militar Rodovi\u00e1ria, a batida foi entre carro e caminh\u00e3o, em um trecho de pista simples. A rodovia est\u00e1 parcialmente interditada,\u2026","rel":"","context":"In &quot;Not\u00edcias de Ribeir\u00e3o Preto-SP e Regi\u00e3o&quot;","block_context":{"text":"Not\u00edcias de Ribeir\u00e3o Preto-SP e Regi\u00e3o","link":"https:\/\/ismaelcolosi.com.br\/index.php\/category\/noticias-de-ribeirao-preto-sp-e-regiao-ismael-colosi\/"},"img":{"alt_text":"","src":"https:\/\/i0.wp.com\/ismaelcolosi.com.br\/wp-content\/uploads\/2024\/05\/Copia-de-Copia-de-TAMANHO-EXATO-PARA-FOTOS-NO-SISTEMA-NOVO-40_2024-05-15_18-48-25_png_2024-05-15_18-48-25.webp.webp?fit=1200%2C675&ssl=1&resize=350%2C200","width":350,"height":200,"srcset":"https:\/\/i0.wp.com\/ismaelcolosi.com.br\/wp-content\/uploads\/2024\/05\/Copia-de-Copia-de-TAMANHO-EXATO-PARA-FOTOS-NO-SISTEMA-NOVO-40_2024-05-15_18-48-25_png_2024-05-15_18-48-25.webp.webp?fit=1200%2C675&ssl=1&resize=350%2C200 1x, https:\/\/i0.wp.com\/ismaelcolosi.com.br\/wp-content\/uploads\/2024\/05\/Copia-de-Copia-de-TAMANHO-EXATO-PARA-FOTOS-NO-SISTEMA-NOVO-40_2024-05-15_18-48-25_png_2024-05-15_18-48-25.webp.webp?fit=1200%2C675&ssl=1&resize=525%2C300 1.5x, https:\/\/i0.wp.com\/ismaelcolosi.com.br\/wp-content\/uploads\/2024\/05\/Copia-de-Copia-de-TAMANHO-EXATO-PARA-FOTOS-NO-SISTEMA-NOVO-40_2024-05-15_18-48-25_png_2024-05-15_18-48-25.webp.webp?fit=1200%2C675&ssl=1&resize=700%2C400 2x, https:\/\/i0.wp.com\/ismaelcolosi.com.br\/wp-content\/uploads\/2024\/05\/Copia-de-Copia-de-TAMANHO-EXATO-PARA-FOTOS-NO-SISTEMA-NOVO-40_2024-05-15_18-48-25_png_2024-05-15_18-48-25.webp.webp?fit=1200%2C675&ssl=1&resize=1050%2C600 3x"},"classes":[]},{"id":70912,"url":"https:\/\/ismaelcolosi.com.br\/index.php\/2024\/10\/14\/medico-e-socorrido-apos-batida-entre-carro-e-caminhao-na-regiao-de-ribeirao-preto\/","url_meta":{"origin":46030,"position":4},"title":"M\u00e9dico \u00e9 socorrido ap\u00f3s batida entre carro e caminh\u00e3o na regi\u00e3o de Ribeir\u00e3o Preto","author":"ismaelcolosi.com.br","date":"14 de October de 2024","format":false,"excerpt":"Um m\u00e9dico ficou ferido na noite deste domingo (13), ap\u00f3s bater o carro na traseira de um caminh\u00e3o, na rodovia C\u00e2ndido Portinari (SP-334), em Franca, cidade a aproximadamente 80 quil\u00f4metros de Ribeir\u00e3o Preto. De acordo com o Corpo de Bombeiros, o acidente ocorreu pr\u00f3ximo ao Jardim Paineiras, quando o motorista\u2026","rel":"","context":"In &quot;Not\u00edcias de Ribeir\u00e3o Preto-SP e Regi\u00e3o&quot;","block_context":{"text":"Not\u00edcias de Ribeir\u00e3o Preto-SP e Regi\u00e3o","link":"https:\/\/ismaelcolosi.com.br\/index.php\/category\/noticias-de-ribeirao-preto-sp-e-regiao-ismael-colosi\/"},"img":{"alt_text":"","src":"https:\/\/i0.wp.com\/ismaelcolosi.com.br\/wp-content\/uploads\/2024\/10\/ACIDENTE-_2024-10-14_10-00-29_jpg_2024-10-14_10-00-29.webp.webp?fit=1200%2C866&ssl=1&resize=350%2C200","width":350,"height":200,"srcset":"https:\/\/i0.wp.com\/ismaelcolosi.com.br\/wp-content\/uploads\/2024\/10\/ACIDENTE-_2024-10-14_10-00-29_jpg_2024-10-14_10-00-29.webp.webp?fit=1200%2C866&ssl=1&resize=350%2C200 1x, https:\/\/i0.wp.com\/ismaelcolosi.com.br\/wp-content\/uploads\/2024\/10\/ACIDENTE-_2024-10-14_10-00-29_jpg_2024-10-14_10-00-29.webp.webp?fit=1200%2C866&ssl=1&resize=525%2C300 1.5x, https:\/\/i0.wp.com\/ismaelcolosi.com.br\/wp-content\/uploads\/2024\/10\/ACIDENTE-_2024-10-14_10-00-29_jpg_2024-10-14_10-00-29.webp.webp?fit=1200%2C866&ssl=1&resize=700%2C400 2x, https:\/\/i0.wp.com\/ismaelcolosi.com.br\/wp-content\/uploads\/2024\/10\/ACIDENTE-_2024-10-14_10-00-29_jpg_2024-10-14_10-00-29.webp.webp?fit=1200%2C866&ssl=1&resize=1050%2C600 3x"},"classes":[]},{"id":56330,"url":"https:\/\/ismaelcolosi.com.br\/index.php\/2024\/07\/11\/idoso-morre-apos-batida-entre-carro-e-caminhao-em-vicinal-na-regiao-de-ribeirao-preto\/","url_meta":{"origin":46030,"position":5},"title":"Idoso morre ap\u00f3s batida entre carro e caminh\u00e3o em vicinal na regi\u00e3o de Ribeir\u00e3o Preto","author":"ismaelcolosi.com.br","date":"11 de July de 2024","format":false,"excerpt":"O motorista de um carro morreu na noite desta quarta-feira (10), depois da batida do ve\u00edculo com um caminh\u00e3o na estrada vicinal Cel. Francisco Orlando, em Morro Agudo, a aproximadamente 70 quil\u00f4metros de\u00a0Ribeir\u00e3o Preto. Segundo o boletim de ocorr\u00eancia (BO), Carlos Henrique de Castro, de 68 anos, chegou\u00a0 a ser\u2026","rel":"","context":"In &quot;Not\u00edcias de Ribeir\u00e3o Preto-SP e Regi\u00e3o&quot;","block_context":{"text":"Not\u00edcias de Ribeir\u00e3o Preto-SP e Regi\u00e3o","link":"https:\/\/ismaelcolosi.com.br\/index.php\/category\/noticias-de-ribeirao-preto-sp-e-regiao-ismael-colosi\/"},"img":{"alt_text":"","src":"https:\/\/i0.wp.com\/ismaelcolosi.com.br\/wp-content\/uploads\/2024\/07\/WhatsApp-Image-2024-07-11-at-08.40.14_2024-07-11_11-41-37_jpeg_2024-07-11_11-41-37.webp.webp?fit=1200%2C1100&ssl=1&resize=350%2C200","width":350,"height":200,"srcset":"https:\/\/i0.wp.com\/ismaelcolosi.com.br\/wp-content\/uploads\/2024\/07\/WhatsApp-Image-2024-07-11-at-08.40.14_2024-07-11_11-41-37_jpeg_2024-07-11_11-41-37.webp.webp?fit=1200%2C1100&ssl=1&resize=350%2C200 1x, https:\/\/i0.wp.com\/ismaelcolosi.com.br\/wp-content\/uploads\/2024\/07\/WhatsApp-Image-2024-07-11-at-08.40.14_2024-07-11_11-41-37_jpeg_2024-07-11_11-41-37.webp.webp?fit=1200%2C1100&ssl=1&resize=525%2C300 1.5x, https:\/\/i0.wp.com\/ismaelcolosi.com.br\/wp-content\/uploads\/2024\/07\/WhatsApp-Image-2024-07-11-at-08.40.14_2024-07-11_11-41-37_jpeg_2024-07-11_11-41-37.webp.webp?fit=1200%2C1100&ssl=1&resize=700%2C400 2x, https:\/\/i0.wp.com\/ismaelcolosi.com.br\/wp-content\/uploads\/2024\/07\/WhatsApp-Image-2024-07-11-at-08.40.14_2024-07-11_11-41-37_jpeg_2024-07-11_11-41-37.webp.webp?fit=1200%2C1100&ssl=1&resize=1050%2C600 3x"},"classes":[]}],"jetpack_sharing_enabled":true,"jetpack_shortlink":"https:\/\/wp.me\/pfMlyK-bYq","_links":{"self":[{"href":"https:\/\/ismaelcolosi.com.br\/index.php\/wp-json\/wp\/v2\/posts\/46030","targetHints":{"allow":["GET"]}}],"collection":[{"href":"https:\/\/ismaelcolosi.com.br\/index.php\/wp-json\/wp\/v2\/posts"}],"about":[{"href":"https:\/\/ismaelcolosi.com.br\/index.php\/wp-json\/wp\/v2\/types\/post"}],"author":[{"embeddable":true,"href":"https:\/\/ismaelcolosi.com.br\/index.php\/wp-json\/wp\/v2\/users\/1"}],"replies":[{"embeddable":true,"href":"https:\/\/ismaelcolosi.com.br\/index.php\/wp-json\/wp\/v2\/comments?post=46030"}],"version-history":[{"count":0,"href":"https:\/\/ismaelcolosi.com.br\/index.php\/wp-json\/wp\/v2\/posts\/46030\/revisions"}],"wp:featuredmedia":[{"embeddable":true,"href":"https:\/\/ismaelcolosi.com.br\/index.php\/wp-json\/wp\/v2\/media\/46031"}],"wp:attachment":[{"href":"https:\/\/ismaelcolosi.com.br\/index.php\/wp-json\/wp\/v2\/media?parent=46030"}],"wp:term":[{"taxonomy":"category","embeddable":true,"href":"https:\/\/ismaelcolosi.com.br\/index.php\/wp-json\/wp\/v2\/categories?post=46030"},{"taxonomy":"post_tag","embeddable":true,"href":"https:\/\/ismaelcolosi.com.br\/index.php\/wp-json\/wp\/v2\/tags?post=46030"}],"curies":[{"name":"wp","href":"https:\/\/api.w.org\/{rel}","templated":true}]}}