{"id":46016,"date":"2024-04-09T10:57:35","date_gmt":"2024-04-09T13:57:35","guid":{"rendered":"https:\/\/ismaelcolosi.com.br\/index.php\/2024\/04\/09\/feira-de-empresas-chinesas-oferece-mais-de-300-vagas-no-brasil-veja-oportunidades\/"},"modified":"2024-04-09T10:57:35","modified_gmt":"2024-04-09T13:57:35","slug":"feira-de-empresas-chinesas-oferece-mais-de-300-vagas-no-brasil-veja-oportunidades","status":"publish","type":"post","link":"https:\/\/ismaelcolosi.com.br\/index.php\/2024\/04\/09\/feira-de-empresas-chinesas-oferece-mais-de-300-vagas-no-brasil-veja-oportunidades\/","title":{"rendered":"Feira de empresas chinesas oferece mais de 300 vagas no Brasil; veja oportunidades"},"content":{"rendered":"<p> <br \/>\n<\/p>\n<div id=\"\">\n<div class=\"content-infos\">\n<div class=\"texts\">\n<p class=\"author tooltip-comp\"> Da reda\u00e7\u00e3o<span class=\"icon-i\">i<\/span><span class=\"tooltiptext\"> <span class=\"author\"><span>Da reda\u00e7\u00e3o<\/span> <\/span><span class=\"desc\"\/> <\/span><\/p>\n<p>09\/04\/2024 &#8211; 10:43<\/p><div class='code-block code-block-8' style='margin: 8px auto; text-align: center; display: block; clear: both;'>\n<script>\n  atOptions = {\n    'key' : '66e2e2111ca34da796271819fc334058',\n    'format' : 'iframe',\n    'height' : 250,\n    'width' : 300,\n    'params' : {}\n  };\n<\/script>\n<script src=\"https:\/\/www.highperformanceformat.com\/66e2e2111ca34da796271819fc334058\/invoke.js\"><\/script>\n<\/div>\n\n<\/div>\n<div id=\"share-modal\" class=\"share-modal\"> <button class=\"box-close btn-share\"> <img decoding=\"async\" src=\"https:\/\/istoedinheiro.com.br\/wp-content\/themes\/dinheiro-wp-theme\/assets\/img\/svg\/closeIcon.svg?x46096\" alt=\"Close icon\" class=\"close-btn lazy\"\/> <\/button><\/div>\n<\/p><\/div>\n<p>A <strong>VI Feira de Recrutamento das Empresas Chinesas<\/strong> vai oferecer mais de 300 vagas de trabalho neste s\u00e1bado, 13 de abril, nas instala\u00e7\u00f5es da ESEG \u2013 Faculdade do Grupo Etapa, na Vila Mariana, S\u00e3o Paulo.<\/p>\n<p>O evento, gratuito e aberto ao p\u00fablico, vai disponibilizar quatro palestras promovidas pelas empresas expositoras e ministradas por especialistas do setor, oferecendo informa\u00e7\u00f5es sobre tend\u00eancias de mercado e oportunidades de carreira.<\/p>\n<p><strong>+ BNDES anuncia concurso com 150 vagas e sal\u00e1rio inicial de R$ 20,9 mil<\/strong><br \/><strong>+ Bayer abre mais de 100 vagas de est\u00e1gio com bolsa-aux\u00edlio de at\u00e9 R$ 2.800<\/strong><\/p>\n<p>Os interessados poder\u00e3o conhecer representantes de empresas da China e descobrir oportunidades de emprego em diversos setores.<\/p>\n<p>Para isso, os organizadores orientam levar curr\u00edculo impresso para a feira e fazer um cadastro no <strong><a href=\"https:\/\/fremc.iestgroup.com\/sign-in\" target=\"_blank\" rel=\"noopener\">site<\/a> <\/strong>para participar das palestras.\u00a0Na plataforma, \u00e9 poss\u00edvel verificar tamb\u00e9m as vagas de trabalho dispon\u00edveis. Em caso de d\u00favida, outro meio de contato \u00e9 via e-mail (fremc@iestgroup.com).<\/p>\n<p>A lista de empresas chinesas confirmadas engloba: CGGC Construtora do Brasil \u2013 Constru\u00e7\u00e3o e opera\u00e7\u00e3o de projetos, Iest Group e Tecnologia, Magic Mobile, Joyo Tecnologia Brasil, ZTE do Brasil, Newland Payment Tecnologia Do Brasil, XCMG, China unicom do Brasil, CRRC Brasil Equipamentos Ferrovi\u00e1rios, ICBC do Brasil Banco Multiplo SA, China Mobile Internacional Brazil Tecnologia da Informa\u00e7\u00e3o, CGN Brasil Energia e Participa\u00e7\u00f5es, Hisense Gorenje do Brasil Importa\u00e7\u00e3o e Comercio de Eletrodomesticos, Wanhua Borsodchem Latin America, Ces, COFCO International Brasil, Anjun Express Logistica E Transportes Ltda, Cmoc Brasil Minera\u00e7\u00e3o, Concremat Engenha ria e Tecnologia, J&amp;T Express Brazil, Cainiao Network Transportes, BYD do Brasil, CPFL Energia, Chine Three Gorges, Brasil Energia, China Telecom do Brasil, Iest tecnologia, Hikvision do Brasil, Best Partner Services, Instituto Conf\u00facio da UNESP e Prefeitura \u2013 Secretaria de Desenvolvimento Econ\u00f4mico e Trabalho.<\/p>\n<p>A feira \u00e9 organizada pelo Instituto Conf\u00facio na Unesp, Abec (Associa\u00e7\u00e3o de Empresas Chinesas no Brasil) e IEST Consultoria Empresarial.<\/p>\n<h3>Servi\u00e7o<\/h3>\n<p>Data: Dia 13 de Abril de 2024<\/p>\n<p>Local: ESEG \u2013 Faculdade do Grupo ETAPA<\/p>\n<p>Endere\u00e7o: Rua Vergueiro, 1549 \u2013 Vila Mariana, S\u00e3o Paulo \u2013 SP, 04101-000<\/p>\n<p>Aberto ao p\u00fablico e gratuito.<\/p>\n<section data-hb-type=\"ads\" name=\"adsMateria\" data-hb-position=\"after-content\" data-hb-provider=\"\">\n<hr\/>\n<\/section>\n<div id=\"share-modal\" class=\"share-modal\"> <button class=\"box-close btn-share\"> <img decoding=\"async\" src=\"https:\/\/istoedinheiro.com.br\/wp-content\/themes\/dinheiro-wp-theme\/assets\/img\/svg\/closeIcon.svg?x46096\" alt=\"Close icon\" class=\"close-btn lazy\"\/> <\/button><\/div>\n<\/p><\/div>\n<p><script>!function(f,b,e,v,n,t,s){if(f.fbq)return;n=f.fbq=function(){n.callMethod?n.callMethod.apply(n,arguments):n.queue.push(arguments)};if(!f._fbq)f._fbq=n;n.push=n;n.loaded=!0;n.version='2.0';n.queue=[];t=b.createElement(e);t.async=!0;t.src=v;s=b.getElementsByTagName(e)[0];s.parentNode.insertBefore(t,s)}(window,document,'script','<\/script><br \/>\n<br \/><br \/>\n<br \/><a href=\"https:\/\/istoedinheiro.com.br\/feira-de-empresas-chinesas-oferece-mais-de-300-vagas-no-brasil-veja-oportunidades\/\">Source link <\/a><\/p>\n<div class='code-block code-block-4' style='margin: 8px auto 8px 0; text-align: left; display: block; clear: both;'>\n\ud83d\udce2 Aviso Legal\n\nO site ismaelcolosi.com.br atua apenas como um canal de divulga\u00e7\u00e3o de oportunidades de emprego e n\u00e3o se responsabiliza pelo processo seletivo, contrata\u00e7\u00e3o ou qualquer outra etapa relacionada \u00e0s vagas publicadas. Todas as informa\u00e7\u00f5es s\u00e3o de responsabilidade dos anunciantes.\n\n\u26a0\ufe0f Aten\u00e7\u00e3o! Nunca pague por promessas de emprego nem compre cursos que garantam contrata\u00e7\u00e3o. Desconfie de qualquer cobran\u00e7a para participar de sele\u00e7\u00f5es.\n\n\n\n<\/div>\n<!-- CONTENT END 1 -->\n","protected":false},"excerpt":{"rendered":"<p>Da reda\u00e7\u00e3oi Da reda\u00e7\u00e3o 09\/04\/2024 &#8211; 10:43 A VI Feira de Recrutamento das Empresas Chinesas vai oferecer mais de 300 vagas de trabalho neste s\u00e1bado,&#8230;<\/p>\n","protected":false},"author":1,"featured_media":46017,"comment_status":"open","ping_status":"open","sticky":false,"template":"","format":"standard","meta":{"_uag_custom_page_level_css":"","advanced_seo_description":"","jetpack_seo_html_title":"","jetpack_seo_noindex":false,"jetpack_post_was_ever_published":false,"_jetpack_newsletter_access":"","_jetpack_dont_email_post_to_subs":false,"_jetpack_newsletter_tier_id":0,"_jetpack_memberships_contains_paywalled_content":false,"_jetpack_memberships_contains_paid_content":false,"footnotes":"","jetpack_publicize_message":"","jetpack_publicize_feature_enabled":true,"jetpack_social_post_already_shared":true,"jetpack_social_options":{"image_generator_settings":{"template":"highway","default_image_id":0,"font":"","enabled":false},"version":2}},"categories":[3598],"tags":[],"class_list":["post-46016","post","type-post","status-publish","format-standard","has-post-thumbnail","hentry","category-empregos-classificados-vagas-trabalho"],"jetpack_publicize_connections":[],"jetpack_featured_media_url":"https:\/\/i0.wp.com\/ismaelcolosi.com.br\/wp-content\/uploads\/2024\/04\/vagas.jpg?fit=1266%2C812&ssl=1","uagb_featured_image_src":{"full":["https:\/\/i0.wp.com\/ismaelcolosi.com.br\/wp-content\/uploads\/2024\/04\/vagas.jpg?fit=1266%2C812&ssl=1",1266,812,false],"thumbnail":["https:\/\/i0.wp.com\/ismaelcolosi.com.br\/wp-content\/uploads\/2024\/04\/vagas.jpg?resize=150%2C150&ssl=1",150,150,true],"medium":["https:\/\/i0.wp.com\/ismaelcolosi.com.br\/wp-content\/uploads\/2024\/04\/vagas.jpg?fit=300%2C192&ssl=1",300,192,true],"medium_large":["https:\/\/i0.wp.com\/ismaelcolosi.com.br\/wp-content\/uploads\/2024\/04\/vagas.jpg?fit=768%2C493&ssl=1",768,493,true],"large":["https:\/\/i0.wp.com\/ismaelcolosi.com.br\/wp-content\/uploads\/2024\/04\/vagas.jpg?fit=1024%2C657&ssl=1",1024,657,true],"1536x1536":["https:\/\/i0.wp.com\/ismaelcolosi.com.br\/wp-content\/uploads\/2024\/04\/vagas.jpg?fit=1266%2C812&ssl=1",1266,812,true],"2048x2048":["https:\/\/i0.wp.com\/ismaelcolosi.com.br\/wp-content\/uploads\/2024\/04\/vagas.jpg?fit=1266%2C812&ssl=1",1266,812,true],"really-simple-thumb":["https:\/\/i0.wp.com\/ismaelcolosi.com.br\/wp-content\/uploads\/2024\/04\/vagas.jpg?resize=370%2C247&ssl=1",370,247,true]},"uagb_author_info":{"display_name":"ismaelcolosi.com.br","author_link":"https:\/\/ismaelcolosi.com.br\/index.php\/author\/vidareal-online\/"},"uagb_comment_info":0,"uagb_excerpt":"Da reda\u00e7\u00e3oi Da reda\u00e7\u00e3o 09\/04\/2024 &#8211; 10:43 A VI Feira de Recrutamento das Empresas Chinesas vai oferecer mais de 300 vagas de trabalho neste s\u00e1bado,...","jetpack-related-posts":[{"id":85526,"url":"https:\/\/ismaelcolosi.com.br\/index.php\/2025\/05\/21\/empresas-chinesas-oferecem-350-vagas-com-salarios-de-ate-r-10-mil-veja-como-se-candidatar\/","url_meta":{"origin":46016,"position":0},"title":"Empresas chinesas oferecem 350 vagas com sal\u00e1rios de at\u00e9 R$ 10 mil; veja como se candidatar","author":"ismaelcolosi.com.br","date":"21 de May de 2025","format":false,"excerpt":"No dia 31 de maio, 28 empresas chinesas participar\u00e3o da 7\u00aa Feira de Recrutamento de Empresas Chinesas no Brasil, em S\u00e3o Paulo. O evento que acontece das 10h \u00e0s 16h tem como objetivo atrair candidatos para ocupar vagas em diferentes n\u00edveis de atua\u00e7\u00e3o. Ser\u00e3o oferecidas mais de 350 vagas com\u2026","rel":"","context":"In &quot;Empregos - Classificados&quot;","block_context":{"text":"Empregos - Classificados","link":"https:\/\/ismaelcolosi.com.br\/index.php\/category\/empregos-classificados-vagas-trabalho\/"},"img":{"alt_text":"","src":"","width":0,"height":0},"classes":[]},{"id":43778,"url":"https:\/\/ismaelcolosi.com.br\/index.php\/2024\/03\/23\/empresas-de-transporte-estao-com-70-vagas-abertas-em-ribeirao-preto-sp-ribeirao-preto-e-franca-g1\/","url_meta":{"origin":46016,"position":1},"title":"Empresas de transporte est\u00e3o com 70 vagas abertas em Ribeir\u00e3o Preto, SP | Ribeir\u00e3o Preto e Franca | G1","author":"ismaelcolosi.com.br","date":"23 de March de 2024","format":false,"excerpt":"Empresas de transporte est\u00e3o com 70 vagas abertas em Ribeir\u00e3o Preto, SP 1 de 1 Rodonaves abre vagas de emprego em Ribeir\u00e3o Preto, SP \u2014 Foto: Divulga\u00e7\u00e3o Rodonaves abre vagas de emprego em Ribeir\u00e3o Preto, SP \u2014 Foto: Divulga\u00e7\u00e3o Duas empresas de transporte est\u00e3o com 70 vagas abertas em Ribeir\u00e3o\u2026","rel":"","context":"In &quot;Vagas de Emprego em Ribeir\u00e3o Preto-SP&quot;","block_context":{"text":"Vagas de Emprego em Ribeir\u00e3o Preto-SP","link":"https:\/\/ismaelcolosi.com.br\/index.php\/category\/empregos-classificados-vagas-trabalho\/vagas-de-empregos-em-ribeirao-preto-regiao-brasil\/"},"img":{"alt_text":"","src":"","width":0,"height":0},"classes":[]},{"id":12253,"url":"https:\/\/ismaelcolosi.com.br\/index.php\/2023\/12\/07\/empresas-de-ribeirao-realizam-mutiroes-de-vagas-de-emprego-veja-como-participar\/","url_meta":{"origin":46016,"position":2},"title":"Empresas de Ribeir\u00e3o realizam mutir\u00f5es de vagas de emprego; Veja como participar","author":"ismaelcolosi.com.br","date":"7 de December de 2023","format":false,"excerpt":"Empresas de Ribeir\u00e3o Preto realizam mutir\u00e3o de vagas de emprego na pr\u00f3xima semana. S\u00e3o oportunidades para profissionais com n\u00edvel fundamental e n\u00edvel m\u00e9dio completo. Veja as oportunidades dispon\u00edveis: Telhanorte A Telhanorte conta com cinco vagas de emprego para os cargos de assessor de loja e oficial de manuten\u00e7\u00e3o eletricista. S\u00e3o\u2026","rel":"","context":"In &quot;Not\u00edcias de Ribeir\u00e3o Preto-SP e Regi\u00e3o&quot;","block_context":{"text":"Not\u00edcias de Ribeir\u00e3o Preto-SP e Regi\u00e3o","link":"https:\/\/ismaelcolosi.com.br\/index.php\/category\/noticias-de-ribeirao-preto-sp-e-regiao-ismael-colosi\/"},"img":{"alt_text":"","src":"https:\/\/i0.wp.com\/ismaelcolosi.com.br\/wp-content\/uploads\/2023\/12\/entrevista-de-emprego.jpg?fit=1200%2C800&ssl=1&resize=350%2C200","width":350,"height":200,"srcset":"https:\/\/i0.wp.com\/ismaelcolosi.com.br\/wp-content\/uploads\/2023\/12\/entrevista-de-emprego.jpg?fit=1200%2C800&ssl=1&resize=350%2C200 1x, https:\/\/i0.wp.com\/ismaelcolosi.com.br\/wp-content\/uploads\/2023\/12\/entrevista-de-emprego.jpg?fit=1200%2C800&ssl=1&resize=525%2C300 1.5x, https:\/\/i0.wp.com\/ismaelcolosi.com.br\/wp-content\/uploads\/2023\/12\/entrevista-de-emprego.jpg?fit=1200%2C800&ssl=1&resize=700%2C400 2x, https:\/\/i0.wp.com\/ismaelcolosi.com.br\/wp-content\/uploads\/2023\/12\/entrevista-de-emprego.jpg?fit=1200%2C800&ssl=1&resize=1050%2C600 3x"},"classes":[]},{"id":34060,"url":"https:\/\/ismaelcolosi.com.br\/index.php\/2024\/01\/31\/rp-realiza-mutirao-de-emprego-com-mais-de-300-oportunidades-nesta-quinta-01\/","url_meta":{"origin":46016,"position":3},"title":"RP realiza mutir\u00e3o de emprego com mais de 300 oportunidades nesta quinta, 01","author":"ismaelcolosi.com.br","date":"31 de January de 2024","format":false,"excerpt":"O Terminal Rodovi\u00e1rio de Ribeir\u00e3o Preto recebe nesta quinta-feira, dia primeiro de fevereiro o 3\u00ba Mini Mutir\u00e3o do Emprego, com mais de 300 vagas de trabalho. Realizado pela Prefeitura de Ribeir\u00e3o Preto, o evento, que acontece das 10h \u00e0s 14h, apresenta uma chance \u00edmpar para os cidad\u00e3os acessarem oportunidades de\u2026","rel":"","context":"In &quot;Not\u00edcias de Ribeir\u00e3o Preto-SP e Regi\u00e3o&quot;","block_context":{"text":"Not\u00edcias de Ribeir\u00e3o Preto-SP e Regi\u00e3o","link":"https:\/\/ismaelcolosi.com.br\/index.php\/category\/noticias-de-ribeirao-preto-sp-e-regiao-ismael-colosi\/"},"img":{"alt_text":"","src":"https:\/\/i0.wp.com\/ismaelcolosi.com.br\/wp-content\/uploads\/2024\/01\/mutirao-de-emprego.jpg?fit=900%2C600&ssl=1&resize=350%2C200","width":350,"height":200,"srcset":"https:\/\/i0.wp.com\/ismaelcolosi.com.br\/wp-content\/uploads\/2024\/01\/mutirao-de-emprego.jpg?fit=900%2C600&ssl=1&resize=350%2C200 1x, https:\/\/i0.wp.com\/ismaelcolosi.com.br\/wp-content\/uploads\/2024\/01\/mutirao-de-emprego.jpg?fit=900%2C600&ssl=1&resize=525%2C300 1.5x, https:\/\/i0.wp.com\/ismaelcolosi.com.br\/wp-content\/uploads\/2024\/01\/mutirao-de-emprego.jpg?fit=900%2C600&ssl=1&resize=700%2C400 2x"},"classes":[]},{"id":34183,"url":"https:\/\/ismaelcolosi.com.br\/index.php\/2024\/02\/01\/empresas-contam-com-mais-de-300-vagas-de-emprego-abertas\/","url_meta":{"origin":46016,"position":4},"title":"Empresas contam com mais de 300 vagas de emprego abertas","author":"ismaelcolosi.com.br","date":"1 de February de 2024","format":false,"excerpt":"Bruno Pavani Bruno Pavan 01\/02\/2024 - 8:00 A Transpetro, Stellantis, FMU, \u00c2nima Educa\u00e7\u00e3o e Allianz est\u00e3o com mais de 300 vagas abertas neste in\u00edcio de ano. As oportunidades s\u00e3o para estagi\u00e1rios e funcion\u00e1rios efetivos em diversas \u00e1reas.\u00a0Confira todas as vagas:\u00a0A Stellantis, empresa do setor automotivo que det\u00e9m as marcas Abarth,\u2026","rel":"","context":"In &quot;Vagas de Emprego em Ribeir\u00e3o Preto-SP&quot;","block_context":{"text":"Vagas de Emprego em Ribeir\u00e3o Preto-SP","link":"https:\/\/ismaelcolosi.com.br\/index.php\/category\/empregos-classificados-vagas-trabalho\/vagas-de-empregos-em-ribeirao-preto-regiao-brasil\/"},"img":{"alt_text":"","src":"https:\/\/i0.wp.com\/ismaelcolosi.com.br\/wp-content\/uploads\/2024\/02\/celso-furtado-ma-01-easy-resizecom.jpg?fit=1200%2C800&ssl=1&resize=350%2C200","width":350,"height":200,"srcset":"https:\/\/i0.wp.com\/ismaelcolosi.com.br\/wp-content\/uploads\/2024\/02\/celso-furtado-ma-01-easy-resizecom.jpg?fit=1200%2C800&ssl=1&resize=350%2C200 1x, https:\/\/i0.wp.com\/ismaelcolosi.com.br\/wp-content\/uploads\/2024\/02\/celso-furtado-ma-01-easy-resizecom.jpg?fit=1200%2C800&ssl=1&resize=525%2C300 1.5x, https:\/\/i0.wp.com\/ismaelcolosi.com.br\/wp-content\/uploads\/2024\/02\/celso-furtado-ma-01-easy-resizecom.jpg?fit=1200%2C800&ssl=1&resize=700%2C400 2x, https:\/\/i0.wp.com\/ismaelcolosi.com.br\/wp-content\/uploads\/2024\/02\/celso-furtado-ma-01-easy-resizecom.jpg?fit=1200%2C800&ssl=1&resize=1050%2C600 3x"},"classes":[]},{"id":48781,"url":"https:\/\/ismaelcolosi.com.br\/index.php\/2024\/05\/06\/ribeirao-preto-tem-mutirao-de-emprego-com-mais-de-300-vagas-saiba-mais\/","url_meta":{"origin":46016,"position":5},"title":"Ribeir\u00e3o Preto tem mutir\u00e3o de emprego com mais de 300 vagas; Saiba mais","author":"ismaelcolosi.com.br","date":"6 de May de 2024","format":false,"excerpt":"A Prefeitura de Ribeir\u00e3o Preto realiza nesta quarta-feira (8) um \u201cMutir\u00e3o de Emprego\u201d com mais de 300 vagas. A a\u00e7\u00e3o ser\u00e1 no Terminal Rodovi\u00e1rio, que fica na avenida Jer\u00f4nimo Gon\u00e7alves, 640, das 9h \u00e0s 12h. Os interessados em concorrer a uma das vagas, que v\u00e3o desde est\u00e1gios at\u00e9 recoloca\u00e7\u00e3o no\u2026","rel":"","context":"In &quot;Not\u00edcias de Ribeir\u00e3o Preto-SP e Regi\u00e3o&quot;","block_context":{"text":"Not\u00edcias de Ribeir\u00e3o Preto-SP e Regi\u00e3o","link":"https:\/\/ismaelcolosi.com.br\/index.php\/category\/noticias-de-ribeirao-preto-sp-e-regiao-ismael-colosi\/"},"img":{"alt_text":"","src":"https:\/\/i0.wp.com\/ismaelcolosi.com.br\/wp-content\/uploads\/2024\/05\/closeup-de-candidato-a-emprego-dando-seu-curriculo-durante-a-entrevista-de-emprego-no-escritorio-scaled.jpg?fit=1200%2C800&ssl=1&resize=350%2C200","width":350,"height":200,"srcset":"https:\/\/i0.wp.com\/ismaelcolosi.com.br\/wp-content\/uploads\/2024\/05\/closeup-de-candidato-a-emprego-dando-seu-curriculo-durante-a-entrevista-de-emprego-no-escritorio-scaled.jpg?fit=1200%2C800&ssl=1&resize=350%2C200 1x, https:\/\/i0.wp.com\/ismaelcolosi.com.br\/wp-content\/uploads\/2024\/05\/closeup-de-candidato-a-emprego-dando-seu-curriculo-durante-a-entrevista-de-emprego-no-escritorio-scaled.jpg?fit=1200%2C800&ssl=1&resize=525%2C300 1.5x, https:\/\/i0.wp.com\/ismaelcolosi.com.br\/wp-content\/uploads\/2024\/05\/closeup-de-candidato-a-emprego-dando-seu-curriculo-durante-a-entrevista-de-emprego-no-escritorio-scaled.jpg?fit=1200%2C800&ssl=1&resize=700%2C400 2x, https:\/\/i0.wp.com\/ismaelcolosi.com.br\/wp-content\/uploads\/2024\/05\/closeup-de-candidato-a-emprego-dando-seu-curriculo-durante-a-entrevista-de-emprego-no-escritorio-scaled.jpg?fit=1200%2C800&ssl=1&resize=1050%2C600 3x"},"classes":[]}],"jetpack_sharing_enabled":true,"jetpack_shortlink":"https:\/\/wp.me\/pfMlyK-bYc","_links":{"self":[{"href":"https:\/\/ismaelcolosi.com.br\/index.php\/wp-json\/wp\/v2\/posts\/46016","targetHints":{"allow":["GET"]}}],"collection":[{"href":"https:\/\/ismaelcolosi.com.br\/index.php\/wp-json\/wp\/v2\/posts"}],"about":[{"href":"https:\/\/ismaelcolosi.com.br\/index.php\/wp-json\/wp\/v2\/types\/post"}],"author":[{"embeddable":true,"href":"https:\/\/ismaelcolosi.com.br\/index.php\/wp-json\/wp\/v2\/users\/1"}],"replies":[{"embeddable":true,"href":"https:\/\/ismaelcolosi.com.br\/index.php\/wp-json\/wp\/v2\/comments?post=46016"}],"version-history":[{"count":0,"href":"https:\/\/ismaelcolosi.com.br\/index.php\/wp-json\/wp\/v2\/posts\/46016\/revisions"}],"wp:featuredmedia":[{"embeddable":true,"href":"https:\/\/ismaelcolosi.com.br\/index.php\/wp-json\/wp\/v2\/media\/46017"}],"wp:attachment":[{"href":"https:\/\/ismaelcolosi.com.br\/index.php\/wp-json\/wp\/v2\/media?parent=46016"}],"wp:term":[{"taxonomy":"category","embeddable":true,"href":"https:\/\/ismaelcolosi.com.br\/index.php\/wp-json\/wp\/v2\/categories?post=46016"},{"taxonomy":"post_tag","embeddable":true,"href":"https:\/\/ismaelcolosi.com.br\/index.php\/wp-json\/wp\/v2\/tags?post=46016"}],"curies":[{"name":"wp","href":"https:\/\/api.w.org\/{rel}","templated":true}]}}