{"id":46005,"date":"2024-04-09T10:10:12","date_gmt":"2024-04-09T13:10:12","guid":{"rendered":"https:\/\/ismaelcolosi.com.br\/index.php\/2024\/04\/09\/anderson-do-molejo-e-internado-na-uti-apos-quadro-de-insuficiencia-renal\/"},"modified":"2024-04-09T10:10:12","modified_gmt":"2024-04-09T13:10:12","slug":"anderson-do-molejo-e-internado-na-uti-apos-quadro-de-insuficiencia-renal","status":"publish","type":"post","link":"https:\/\/ismaelcolosi.com.br\/index.php\/2024\/04\/09\/anderson-do-molejo-e-internado-na-uti-apos-quadro-de-insuficiencia-renal\/","title":{"rendered":"Anderson do Molejo \u00e9 internado na UTI ap\u00f3s quadro de insufici\u00eancia renal"},"content":{"rendered":"<p> <br \/>\n<\/p>\n<div data-td-block-uid=\"tdi_101\">\n<div class=\"tdb-block-inner td-fix-index\">\n<p>O cantor <strong>Anderson Leonardo<\/strong>, do grupo <strong>Molejo<\/strong>, foi internado na<strong> UTI (Unidade de Terapia Intensiva) <\/strong>do Hospital Unimed do <strong>Rio de Janeiro<\/strong>, na \u00faltima segunda-feira (8). Segundo um boletim m\u00e9dico assinado pelo diretor do hospital, <mark style=\"background-color:#fcb900\" class=\"has-inline-color has-black-color\">o vocalista est\u00e1 com um quadro de insufici\u00eancia renal.<\/mark><\/p>\n<p>A nota ressalta, por\u00e9m, que<mark style=\"background-color:#fcb900\" class=\"has-inline-color has-black-color\"> Anderson est\u00e1 \u201cacordado e l\u00facido\u201d, al\u00e9m de respirar sem a ajuda de aparelhos<\/mark>. O boletim foi publicado nas redes sociais do grupo.<\/p><div class='code-block code-block-8' style='margin: 8px auto; text-align: center; display: block; clear: both;'>\n<script>\n  atOptions = {\n    'key' : '66e2e2111ca34da796271819fc334058',\n    'format' : 'iframe',\n    'height' : 250,\n    'width' : 300,\n    'params' : {}\n  };\n<\/script>\n<script src=\"https:\/\/www.highperformanceformat.com\/66e2e2111ca34da796271819fc334058\/invoke.js\"><\/script>\n<\/div>\n\n<p>O m\u00fasico est\u00e1 internado desde o m\u00eas passado para tratamento contra um c\u00e2ncer inguinal, que afeta a regi\u00e3o do p\u00eanis e do \u00e2nus.<\/p>\n<h4 class=\"wp-block-heading\"><strong>O c\u00e2ncer<\/strong><\/h4>\n<p>Anderson foi diagnosticado com a doen\u00e7a em 2022. Em janeiro do ano passado, o c\u00e2ncer havia entrado em remiss\u00e3o, mas, em maio, ele retomou o tratamento.<\/p>\n<p>No dia 13 do m\u00eas passado, o<mark style=\"background-color:#fcb900\" class=\"has-inline-color has-black-color\"> cantor realizou o procedimento de bloqueio de plexo nervoso hipog\u00e1strico, que trata a dor do paciente oncol\u00f3gico ao bloquear o nervo da regi\u00e3o.<\/mark><\/p>\n<p>Ele chegou a ter alta no dia 19, mas teve de retornar ao hospital no dia 25 (com informa\u00e7\u00f5es Sabrina Legramandi\/Ag\u00eancia Estado).<\/p>\n<p>SAIBA MAIS<br \/>Interior de SP tem alerta de temporais nesta ter\u00e7a-feira; Confira a previs\u00e3o<\/p>\n<h4 class=\"wp-block-heading\"><strong>FIQUE ON<\/strong><\/h4>\n<p>Fique ligado em tudo que acontece em Ribeir\u00e3o Preto e regi\u00e3o. Siga os perfis do <strong>acidade on<\/strong> no <a href=\"https:\/\/www.instagram.com\/acidadeonribeirao\" target=\"_blank\" rel=\"noreferrer noopener nofollow\">Instagram<\/a> e no <a href=\"https:\/\/www.facebook.com\/acidadeonribeirao\" target=\"_blank\" rel=\"noreferrer noopener nofollow\">Facebook<\/a>.<\/p>\n<p>Receba not\u00edcias do<strong> acidade on <\/strong>no WhatsApp. <a href=\"https:\/\/chat.whatsapp.com\/GFH9HUMUTHNFJdnyEd0xxq\" target=\"_blank\" rel=\"noreferrer noopener nofollow\">Para entrar no grupo, basta clicar aqui.<\/a><\/p>\n<p>Fa\u00e7a uma den\u00fancia ou sugira uma reportagem sobre Ribeir\u00e3o Preto e regi\u00e3o pelo WhatsApp: 16 99117 7802.<\/p>\n<p>VEJA TAMB\u00c9M<br \/>Quem vai sair do BBB 24 hoje? Ter\u00e7a-feira \u00e9 de Pared\u00e3o<\/p>\n<p><!-- AI CONTENT END 1 -->\n<\/div>\n<\/div>\n<p><script async src=\"\/\/www.instagram.com\/embed.js\"><\/script><br \/>\n<br \/><br \/>\n<br \/><a href=\"https:\/\/www.acidadeon.com\/ribeiraopreto\/cotidiano\/anderson-do-molejo-e-internado-na-uti-apos-quadro-de-insuficiencia-renal\/\">Source link <\/a><\/p>\n<div class='code-block code-block-4' style='margin: 8px auto 8px 0; text-align: left; display: block; clear: both;'>\n\ud83d\udce2 Aviso Legal\n\nO site ismaelcolosi.com.br atua apenas como um canal de divulga\u00e7\u00e3o de oportunidades de emprego e n\u00e3o se responsabiliza pelo processo seletivo, contrata\u00e7\u00e3o ou qualquer outra etapa relacionada \u00e0s vagas publicadas. Todas as informa\u00e7\u00f5es s\u00e3o de responsabilidade dos anunciantes.\n\n\u26a0\ufe0f Aten\u00e7\u00e3o! Nunca pague por promessas de emprego nem compre cursos que garantam contrata\u00e7\u00e3o. Desconfie de qualquer cobran\u00e7a para participar de sele\u00e7\u00f5es.\n\n\n\n<\/div>\n<!-- CONTENT END 1 -->\n","protected":false},"excerpt":{"rendered":"<p>O cantor Anderson Leonardo, do grupo Molejo, foi internado na UTI (Unidade de Terapia Intensiva) do Hospital Unimed do Rio de Janeiro, na \u00faltima segunda-feira&#8230;<\/p>\n","protected":false},"author":1,"featured_media":46006,"comment_status":"open","ping_status":"open","sticky":false,"template":"","format":"standard","meta":{"_uag_custom_page_level_css":"","advanced_seo_description":"","jetpack_seo_html_title":"","jetpack_seo_noindex":false,"jetpack_post_was_ever_published":false,"_jetpack_newsletter_access":"","_jetpack_dont_email_post_to_subs":false,"_jetpack_newsletter_tier_id":0,"_jetpack_memberships_contains_paywalled_content":false,"_jetpack_memberships_contains_paid_content":false,"footnotes":"","jetpack_publicize_message":"","jetpack_publicize_feature_enabled":true,"jetpack_social_post_already_shared":true,"jetpack_social_options":{"image_generator_settings":{"template":"highway","default_image_id":0,"font":"","enabled":false},"version":2}},"categories":[11],"tags":[],"class_list":["post-46005","post","type-post","status-publish","format-standard","has-post-thumbnail","hentry","category-noticias-de-ribeirao-preto-sp-e-regiao-ismael-colosi"],"jetpack_publicize_connections":[],"jetpack_featured_media_url":"https:\/\/i0.wp.com\/ismaelcolosi.com.br\/wp-content\/uploads\/2024\/04\/AnyConv.com__anderson-do-molejo.webp.webp?fit=1280%2C700&ssl=1","uagb_featured_image_src":{"full":["https:\/\/i0.wp.com\/ismaelcolosi.com.br\/wp-content\/uploads\/2024\/04\/AnyConv.com__anderson-do-molejo.webp.webp?fit=1280%2C700&ssl=1",1280,700,false],"thumbnail":["https:\/\/i0.wp.com\/ismaelcolosi.com.br\/wp-content\/uploads\/2024\/04\/AnyConv.com__anderson-do-molejo.webp.webp?resize=150%2C150&ssl=1",150,150,true],"medium":["https:\/\/i0.wp.com\/ismaelcolosi.com.br\/wp-content\/uploads\/2024\/04\/AnyConv.com__anderson-do-molejo.webp.webp?fit=300%2C164&ssl=1",300,164,true],"medium_large":["https:\/\/i0.wp.com\/ismaelcolosi.com.br\/wp-content\/uploads\/2024\/04\/AnyConv.com__anderson-do-molejo.webp.webp?fit=768%2C420&ssl=1",768,420,true],"large":["https:\/\/i0.wp.com\/ismaelcolosi.com.br\/wp-content\/uploads\/2024\/04\/AnyConv.com__anderson-do-molejo.webp.webp?fit=1024%2C560&ssl=1",1024,560,true],"1536x1536":["https:\/\/i0.wp.com\/ismaelcolosi.com.br\/wp-content\/uploads\/2024\/04\/AnyConv.com__anderson-do-molejo.webp.webp?fit=1280%2C700&ssl=1",1280,700,true],"2048x2048":["https:\/\/i0.wp.com\/ismaelcolosi.com.br\/wp-content\/uploads\/2024\/04\/AnyConv.com__anderson-do-molejo.webp.webp?fit=1280%2C700&ssl=1",1280,700,true],"really-simple-thumb":["https:\/\/i0.wp.com\/ismaelcolosi.com.br\/wp-content\/uploads\/2024\/04\/AnyConv.com__anderson-do-molejo.webp.webp?resize=370%2C247&ssl=1",370,247,true]},"uagb_author_info":{"display_name":"ismaelcolosi.com.br","author_link":"https:\/\/ismaelcolosi.com.br\/index.php\/author\/vidareal-online\/"},"uagb_comment_info":0,"uagb_excerpt":"O cantor Anderson Leonardo, do grupo Molejo, foi internado na UTI (Unidade de Terapia Intensiva) do Hospital Unimed do Rio de Janeiro, na \u00faltima segunda-feira...","jetpack-related-posts":[{"id":4454,"url":"https:\/\/ismaelcolosi.com.br\/index.php\/2023\/11\/21\/enfrentando-um-cancer-raro-estado-de-anderson-do-molejo-e-atualizado\/","url_meta":{"origin":46005,"position":0},"title":"Enfrentando um c\u00e2ncer raro, estado de Anderson, do Molejo, \u00e9 atualizado","author":"ismaelcolosi.com.br","date":"21 de November de 2023","format":false,"excerpt":"Cr\u00e9ditos: reprodu\u00e7\u00e3o\/Instagram\/@cantorandersonleronardoAnderson Leonardo, do Molejo, segue em tratamento contra c\u00e2ncer Anderson Leonardo, do grupo Molejo, est\u00e1 enfrentando um c\u00e2ncer inguinal desde 2022. Nos \u00faltimos dias, boatos diziam que o cantor estava internado ap\u00f3s sofrer com efeitos colaterais do tratamento. A publica\u00e7\u00e3o dizia tamb\u00e9m que o cantor, de 51 anos, precisou\u2026","rel":"","context":"In &quot;Variedades&quot;","block_context":{"text":"Variedades","link":"https:\/\/ismaelcolosi.com.br\/index.php\/category\/variedades\/"},"img":{"alt_text":"","src":"https:\/\/i0.wp.com\/ismaelcolosi.com.br\/wp-content\/uploads\/2023\/11\/anderson-molejo-1.jpg?fit=1200%2C638&ssl=1&resize=350%2C200","width":350,"height":200,"srcset":"https:\/\/i0.wp.com\/ismaelcolosi.com.br\/wp-content\/uploads\/2023\/11\/anderson-molejo-1.jpg?fit=1200%2C638&ssl=1&resize=350%2C200 1x, https:\/\/i0.wp.com\/ismaelcolosi.com.br\/wp-content\/uploads\/2023\/11\/anderson-molejo-1.jpg?fit=1200%2C638&ssl=1&resize=525%2C300 1.5x, https:\/\/i0.wp.com\/ismaelcolosi.com.br\/wp-content\/uploads\/2023\/11\/anderson-molejo-1.jpg?fit=1200%2C638&ssl=1&resize=700%2C400 2x, https:\/\/i0.wp.com\/ismaelcolosi.com.br\/wp-content\/uploads\/2023\/11\/anderson-molejo-1.jpg?fit=1200%2C638&ssl=1&resize=1050%2C600 3x"},"classes":[]},{"id":39990,"url":"https:\/\/ismaelcolosi.com.br\/index.php\/2024\/02\/29\/faustao-fala-sobre-transplante-de-rim\/","url_meta":{"origin":46005,"position":1},"title":"Faust\u00e3o fala sobre transplante de rim \u00a0","author":"ismaelcolosi.com.br","date":"29 de February de 2024","format":false,"excerpt":"O apresentador Fausto Silva, conhecido como Faust\u00e3o, de 73 anos, falou pela primeira vez sobre o transplante de rim ao qual foi submetido na segunda-feira, 26 de fevereiro. Em declara\u00e7\u00e3o ao colunista Lauro Jardim, do jornal O Globo, disse que \u201cpara quem fez um transplante do cora\u00e7\u00e3o, o de rim\u2026","rel":"","context":"In &quot;Not\u00edcias de Ribeir\u00e3o Preto-SP e Regi\u00e3o&quot;","block_context":{"text":"Not\u00edcias de Ribeir\u00e3o Preto-SP e Regi\u00e3o","link":"https:\/\/ismaelcolosi.com.br\/index.php\/category\/noticias-de-ribeirao-preto-sp-e-regiao-ismael-colosi\/"},"img":{"alt_text":"","src":"https:\/\/i0.wp.com\/ismaelcolosi.com.br\/wp-content\/uploads\/2024\/02\/Faustao-Instagram-Fausto-Silva-scaled.jpg?fit=1000%2C598&ssl=1&resize=350%2C200","width":350,"height":200,"srcset":"https:\/\/i0.wp.com\/ismaelcolosi.com.br\/wp-content\/uploads\/2024\/02\/Faustao-Instagram-Fausto-Silva-scaled.jpg?fit=1000%2C598&ssl=1&resize=350%2C200 1x, https:\/\/i0.wp.com\/ismaelcolosi.com.br\/wp-content\/uploads\/2024\/02\/Faustao-Instagram-Fausto-Silva-scaled.jpg?fit=1000%2C598&ssl=1&resize=525%2C300 1.5x, https:\/\/i0.wp.com\/ismaelcolosi.com.br\/wp-content\/uploads\/2024\/02\/Faustao-Instagram-Fausto-Silva-scaled.jpg?fit=1000%2C598&ssl=1&resize=700%2C400 2x"},"classes":[]},{"id":4248,"url":"https:\/\/ismaelcolosi.com.br\/index.php\/2023\/11\/21\/chega-noticia-sobre-o-cantor-anderson-leonardo-apos-diagnostico-de-cancer-na-virilha\/","url_meta":{"origin":46005,"position":2},"title":"Chega not\u00edcia sobre o cantor Anderson Leonardo ap\u00f3s diagn\u00f3stico de c\u00e2ncer na virilha","author":"ismaelcolosi.com.br","date":"21 de November de 2023","format":false,"excerpt":"O cantor Anderson Leonardo, vocalista do grupo de pagode Molejo, precisou ser hospitalizado na \u00faltima semana. Para que n\u00e3o sabe, o artista, que \u00e9 um dos mais queridos do Brasil, foi diagnosticado com c\u00e2ncer inguinal h\u00e1 alguns meses.As informa\u00e7\u00f5es sobre a nova interna\u00e7\u00e3o de Anderson foram divulgadas nesta semana pelo\u2026","rel":"","context":"In &quot;Blog&quot;","block_context":{"text":"Blog","link":"https:\/\/ismaelcolosi.com.br\/index.php\/category\/blog\/"},"img":{"alt_text":"","src":"https:\/\/i0.wp.com\/ismaelcolosi.com.br\/wp-content\/uploads\/2023\/11\/postimg-655c5b7b647831263.jpg?fit=1200%2C628&ssl=1&resize=350%2C200","width":350,"height":200,"srcset":"https:\/\/i0.wp.com\/ismaelcolosi.com.br\/wp-content\/uploads\/2023\/11\/postimg-655c5b7b647831263.jpg?fit=1200%2C628&ssl=1&resize=350%2C200 1x, https:\/\/i0.wp.com\/ismaelcolosi.com.br\/wp-content\/uploads\/2023\/11\/postimg-655c5b7b647831263.jpg?fit=1200%2C628&ssl=1&resize=525%2C300 1.5x, https:\/\/i0.wp.com\/ismaelcolosi.com.br\/wp-content\/uploads\/2023\/11\/postimg-655c5b7b647831263.jpg?fit=1200%2C628&ssl=1&resize=700%2C400 2x, https:\/\/i0.wp.com\/ismaelcolosi.com.br\/wp-content\/uploads\/2023\/11\/postimg-655c5b7b647831263.jpg?fit=1200%2C628&ssl=1&resize=1050%2C600 3x"},"classes":[]},{"id":27074,"url":"https:\/\/ismaelcolosi.com.br\/index.php\/2024\/01\/11\/jornalista-da-globo-e-internado-pela-2a-vez-em-4-dias-emissora-divulgou-nota-sobre-quadro-de-saude\/","url_meta":{"origin":46005,"position":3},"title":"Jornalista da Globo \u00e9 internado pela 2\u00aa vez em 4 dias; emissora divulgou nota sobre quadro de sa\u00fade","author":"ismaelcolosi.com.br","date":"11 de January de 2024","format":false,"excerpt":"O jornalista Marcelo Pereira, conhecido por seu trabalho como apresentador do mapa-tempo no programa \u201cHora 1\u201d da Globo, tem sido alvo de preocupa\u00e7\u00f5es e mist\u00e9rios dentro da emissora.Desde 26 de dezembro, Pereira est\u00e1 fora do ar e, recentemente, foi hospitalizado duas vezes em apenas quatro dias. Sua primeira interna\u00e7\u00e3o ocorreu\u2026","rel":"","context":"In &quot;Blog&quot;","block_context":{"text":"Blog","link":"https:\/\/ismaelcolosi.com.br\/index.php\/category\/blog\/"},"img":{"alt_text":"","src":"https:\/\/i0.wp.com\/ismaelcolosi.com.br\/wp-content\/uploads\/2024\/01\/postimg-659feecbde9043933.jpg?fit=1200%2C628&ssl=1&resize=350%2C200","width":350,"height":200,"srcset":"https:\/\/i0.wp.com\/ismaelcolosi.com.br\/wp-content\/uploads\/2024\/01\/postimg-659feecbde9043933.jpg?fit=1200%2C628&ssl=1&resize=350%2C200 1x, https:\/\/i0.wp.com\/ismaelcolosi.com.br\/wp-content\/uploads\/2024\/01\/postimg-659feecbde9043933.jpg?fit=1200%2C628&ssl=1&resize=525%2C300 1.5x, https:\/\/i0.wp.com\/ismaelcolosi.com.br\/wp-content\/uploads\/2024\/01\/postimg-659feecbde9043933.jpg?fit=1200%2C628&ssl=1&resize=700%2C400 2x, https:\/\/i0.wp.com\/ismaelcolosi.com.br\/wp-content\/uploads\/2024\/01\/postimg-659feecbde9043933.jpg?fit=1200%2C628&ssl=1&resize=1050%2C600 3x"},"classes":[]},{"id":27208,"url":"https:\/\/ismaelcolosi.com.br\/index.php\/2024\/01\/11\/o-que-aconteceu-com-marcelo-pereira-jornalista-foi-internado-duas-vezes-em-apenas-4-dias-e-preocupa-fas\/","url_meta":{"origin":46005,"position":4},"title":"O que aconteceu com Marcelo Pereira? Jornalista foi internado duas vezes em apenas 4 dias e preocupa f\u00e3s","author":"ismaelcolosi.com.br","date":"11 de January de 2024","format":false,"excerpt":"Marcelo Pereira \u00e9 um jornaista bastante conhecido por suas apresenta\u00e7\u00f5es no programa \u2018Bom Dia Brasil\u2019, no momento, ele se encontrado afastado das telas, o que deixou muitos telespectadores preocupados com sua sa\u00fade geral.Diante disso, chegou a ser exposto que o apresentador foi internado duas vezes em um intervalo de quatro\u2026","rel":"","context":"In &quot;Blog&quot;","block_context":{"text":"Blog","link":"https:\/\/ismaelcolosi.com.br\/index.php\/category\/blog\/"},"img":{"alt_text":"","src":"https:\/\/i0.wp.com\/ismaelcolosi.com.br\/wp-content\/uploads\/2024\/01\/postimg-65a01eee3728a5764.jpg?fit=1200%2C628&ssl=1&resize=350%2C200","width":350,"height":200,"srcset":"https:\/\/i0.wp.com\/ismaelcolosi.com.br\/wp-content\/uploads\/2024\/01\/postimg-65a01eee3728a5764.jpg?fit=1200%2C628&ssl=1&resize=350%2C200 1x, https:\/\/i0.wp.com\/ismaelcolosi.com.br\/wp-content\/uploads\/2024\/01\/postimg-65a01eee3728a5764.jpg?fit=1200%2C628&ssl=1&resize=525%2C300 1.5x, https:\/\/i0.wp.com\/ismaelcolosi.com.br\/wp-content\/uploads\/2024\/01\/postimg-65a01eee3728a5764.jpg?fit=1200%2C628&ssl=1&resize=700%2C400 2x, https:\/\/i0.wp.com\/ismaelcolosi.com.br\/wp-content\/uploads\/2024\/01\/postimg-65a01eee3728a5764.jpg?fit=1200%2C628&ssl=1&resize=1050%2C600 3x"},"classes":[]},{"id":64328,"url":"https:\/\/ismaelcolosi.com.br\/index.php\/2024\/09\/06\/homem-morre-apos-sofrer-queimaduras-durante-incendio-na-regiao-de-ribeirao\/","url_meta":{"origin":46005,"position":5},"title":"Homem morre ap\u00f3s sofrer queimaduras durante inc\u00eandio na regi\u00e3o de Ribeir\u00e3o","author":"ismaelcolosi.com.br","date":"6 de September de 2024","format":false,"excerpt":"Morreu nesta sexta-feira (6) um dos pacientes internados no Hospital das Cl\u00ednicas de Ribeir\u00e3o Preto (HC-RP) com queimaduras provocadas pelos inc\u00eandios que atingiram a regi\u00e3o de Ribeir\u00e3o Preto na semana passada. Carlos Roberto do Prado, de 44 anos, era de Santa Cruz da Esperan\u00e7a e estava recebendo todos os cuidados\u2026","rel":"","context":"In &quot;Not\u00edcias de Ribeir\u00e3o Preto-SP e Regi\u00e3o&quot;","block_context":{"text":"Not\u00edcias de Ribeir\u00e3o Preto-SP e Regi\u00e3o","link":"https:\/\/ismaelcolosi.com.br\/index.php\/category\/noticias-de-ribeirao-preto-sp-e-regiao-ismael-colosi\/"},"img":{"alt_text":"","src":"https:\/\/i0.wp.com\/ismaelcolosi.com.br\/wp-content\/uploads\/2024\/09\/hc-ribeirao-preto.jpg?fit=1200%2C675&ssl=1&resize=350%2C200","width":350,"height":200,"srcset":"https:\/\/i0.wp.com\/ismaelcolosi.com.br\/wp-content\/uploads\/2024\/09\/hc-ribeirao-preto.jpg?fit=1200%2C675&ssl=1&resize=350%2C200 1x, https:\/\/i0.wp.com\/ismaelcolosi.com.br\/wp-content\/uploads\/2024\/09\/hc-ribeirao-preto.jpg?fit=1200%2C675&ssl=1&resize=525%2C300 1.5x, https:\/\/i0.wp.com\/ismaelcolosi.com.br\/wp-content\/uploads\/2024\/09\/hc-ribeirao-preto.jpg?fit=1200%2C675&ssl=1&resize=700%2C400 2x, https:\/\/i0.wp.com\/ismaelcolosi.com.br\/wp-content\/uploads\/2024\/09\/hc-ribeirao-preto.jpg?fit=1200%2C675&ssl=1&resize=1050%2C600 3x"},"classes":[]}],"jetpack_sharing_enabled":true,"jetpack_shortlink":"https:\/\/wp.me\/pfMlyK-bY1","_links":{"self":[{"href":"https:\/\/ismaelcolosi.com.br\/index.php\/wp-json\/wp\/v2\/posts\/46005","targetHints":{"allow":["GET"]}}],"collection":[{"href":"https:\/\/ismaelcolosi.com.br\/index.php\/wp-json\/wp\/v2\/posts"}],"about":[{"href":"https:\/\/ismaelcolosi.com.br\/index.php\/wp-json\/wp\/v2\/types\/post"}],"author":[{"embeddable":true,"href":"https:\/\/ismaelcolosi.com.br\/index.php\/wp-json\/wp\/v2\/users\/1"}],"replies":[{"embeddable":true,"href":"https:\/\/ismaelcolosi.com.br\/index.php\/wp-json\/wp\/v2\/comments?post=46005"}],"version-history":[{"count":0,"href":"https:\/\/ismaelcolosi.com.br\/index.php\/wp-json\/wp\/v2\/posts\/46005\/revisions"}],"wp:featuredmedia":[{"embeddable":true,"href":"https:\/\/ismaelcolosi.com.br\/index.php\/wp-json\/wp\/v2\/media\/46006"}],"wp:attachment":[{"href":"https:\/\/ismaelcolosi.com.br\/index.php\/wp-json\/wp\/v2\/media?parent=46005"}],"wp:term":[{"taxonomy":"category","embeddable":true,"href":"https:\/\/ismaelcolosi.com.br\/index.php\/wp-json\/wp\/v2\/categories?post=46005"},{"taxonomy":"post_tag","embeddable":true,"href":"https:\/\/ismaelcolosi.com.br\/index.php\/wp-json\/wp\/v2\/tags?post=46005"}],"curies":[{"name":"wp","href":"https:\/\/api.w.org\/{rel}","templated":true}]}}