{"id":45993,"date":"2024-04-09T09:48:25","date_gmt":"2024-04-09T12:48:25","guid":{"rendered":"https:\/\/ismaelcolosi.com.br\/index.php\/2024\/04\/09\/bndes-anuncia-concurso-com-150-vagas-em-concurso-publico-e-salario-inicial-de-r-209-mil\/"},"modified":"2024-04-09T09:48:25","modified_gmt":"2024-04-09T12:48:25","slug":"bndes-anuncia-concurso-com-150-vagas-em-concurso-publico-e-salario-inicial-de-r-209-mil","status":"publish","type":"post","link":"https:\/\/ismaelcolosi.com.br\/index.php\/2024\/04\/09\/bndes-anuncia-concurso-com-150-vagas-em-concurso-publico-e-salario-inicial-de-r-209-mil\/","title":{"rendered":"BNDES anuncia concurso com 150 vagas em concurso p\u00fablico e sal\u00e1rio inicial de R$ 20,9 mil"},"content":{"rendered":"<p> <br \/>\n<\/p>\n<div id=\"\">\n<div class=\"content-infos\">\n<div class=\"texts\">\n<p class=\"author tooltip-comp\"> Da reda\u00e7\u00e3o<span class=\"icon-i\">i<\/span><span class=\"tooltiptext\"> <span class=\"author\"><span>Da reda\u00e7\u00e3o<\/span> <\/span><span class=\"desc\"\/> <\/span><\/p>\n<p>09\/04\/2024 &#8211; 9:44<\/p><div class='code-block code-block-8' style='margin: 8px auto; text-align: center; display: block; clear: both;'>\n<script>\n  atOptions = {\n    'key' : '66e2e2111ca34da796271819fc334058',\n    'format' : 'iframe',\n    'height' : 250,\n    'width' : 300,\n    'params' : {}\n  };\n<\/script>\n<script src=\"https:\/\/www.highperformanceformat.com\/66e2e2111ca34da796271819fc334058\/invoke.js\"><\/script>\n<\/div>\n\n<\/div>\n<div id=\"share-modal\" class=\"share-modal\"> <button class=\"box-close btn-share\"> <img decoding=\"async\" src=\"https:\/\/istoedinheiro.com.br\/wp-content\/themes\/dinheiro-wp-theme\/assets\/img\/svg\/closeIcon.svg?x46096\" alt=\"Close icon\" class=\"close-btn lazy\"\/> <\/button><\/div>\n<\/p><\/div>\n<p dir=\"ltr\">O <strong>BNDES (Banco Nacional de Desenvolvimento Econ\u00f4mico e Social)<\/strong> confirmou um <strong>concurso p\u00fablico<\/strong> no qual vai oferecer 150 vagas e sal\u00e1rio inicial de R$ 20,9 mil.<\/p>\n<p dir=\"ltr\">As oportunidades s\u00e3o para o cargo de analista e de preenchimento imediato, al\u00e9m de forma\u00e7\u00e3o de cadastro de reserva. Elas exigem forma\u00e7\u00e3o em n\u00edvel superior. O concurso ir\u00e1 reservar 30% das vagas para candidatos negros e pelo menos 10% para PCDs.<\/p>\n<p><strong>+ Quer trabalhar no pa\u00eds mais feliz do mundo? Finl\u00e2ndia oferece mais de 700 vagas<\/strong><\/p>\n<p><strong>+ Correios divulga cronograma para abertura de concurso p\u00fablico nacional<\/strong><\/p>\n<p dir=\"ltr\">O cargo est\u00e1 sendo estruturado nas seguintes \u00e1reas: Administra\u00e7\u00e3o, An\u00e1lise de Sistemas \u2013 Desenvolvimento, An\u00e1lise de Sistemas \u2013 Suporte, An\u00e1lise de Sistemas \u2013 Ciberseguran\u00e7a, Arquitetura-Urbanismo, Arquivologia Digital, Ci\u00eancias Cont\u00e1beis, Ci\u00eancia de Dados, Comunica\u00e7\u00e3o Social, Direito, Economia, Engenharia e Psicologia Organizacional.<\/p>\n<p dir=\"ltr\">Trata-se tamb\u00e9m da primeira sele\u00e7\u00e3o p\u00fablica do BNDES a contemplar \u00eanfases em Ci\u00eancia de Dados e Ciberseguran\u00e7a. Especificamente para Ci\u00eancia de Dados, os candidatos com diploma de qualquer gradua\u00e7\u00e3o poder\u00e3o concorrer.<\/p>\n<p dir=\"ltr\">\u201cPor ser uma \u00e1rea de atua\u00e7\u00e3o nova e disputada por diversas organiza\u00e7\u00f5es, com pessoas de m\u00faltiplas forma\u00e7\u00f5es a ela se dedicando, a nova \u00eanfase em Ci\u00eancia de Dados ter\u00e1 requisito de acesso amplo, aberto a qualquer forma\u00e7\u00e3o de n\u00edvel universit\u00e1rio\u201d, ressalta a diretora de Pessoas, Tecnologia da Informa\u00e7\u00e3o e Opera\u00e7\u00f5es do BNDES, Helena Ten\u00f3rio, \u00e0 imprensa.<\/p>\n<section data-hb-type=\"ads\" name=\"adsMateria\" data-hb-position=\"after-content\" data-hb-provider=\"\">\n<hr\/>\n<\/section>\n<div id=\"share-modal\" class=\"share-modal\"> <button class=\"box-close btn-share\"> <img decoding=\"async\" src=\"https:\/\/istoedinheiro.com.br\/wp-content\/themes\/dinheiro-wp-theme\/assets\/img\/svg\/closeIcon.svg?x46096\" alt=\"Close icon\" class=\"close-btn lazy\"\/> <\/button><\/div>\n<\/p><\/div>\n<p><script>!function(f,b,e,v,n,t,s){if(f.fbq)return;n=f.fbq=function(){n.callMethod?n.callMethod.apply(n,arguments):n.queue.push(arguments)};if(!f._fbq)f._fbq=n;n.push=n;n.loaded=!0;n.version='2.0';n.queue=[];t=b.createElement(e);t.async=!0;t.src=v;s=b.getElementsByTagName(e)[0];s.parentNode.insertBefore(t,s)}(window,document,'script','<\/script><br \/>\n<br \/><br \/>\n<br \/><a href=\"https:\/\/istoedinheiro.com.br\/bndes-anuncia-concurso-com-150-vagas-em-concurso-publico-e-salario-inicial-de-r-209-mil\/\">Source link <\/a><\/p>\n<div class='code-block code-block-4' style='margin: 8px auto 8px 0; text-align: left; display: block; clear: both;'>\n\ud83d\udce2 Aviso Legal\n\nO site ismaelcolosi.com.br atua apenas como um canal de divulga\u00e7\u00e3o de oportunidades de emprego e n\u00e3o se responsabiliza pelo processo seletivo, contrata\u00e7\u00e3o ou qualquer outra etapa relacionada \u00e0s vagas publicadas. Todas as informa\u00e7\u00f5es s\u00e3o de responsabilidade dos anunciantes.\n\n\u26a0\ufe0f Aten\u00e7\u00e3o! Nunca pague por promessas de emprego nem compre cursos que garantam contrata\u00e7\u00e3o. Desconfie de qualquer cobran\u00e7a para participar de sele\u00e7\u00f5es.\n\n\n\n<\/div>\n<!-- CONTENT END 1 -->\n","protected":false},"excerpt":{"rendered":"<p>Da reda\u00e7\u00e3oi Da reda\u00e7\u00e3o 09\/04\/2024 &#8211; 9:44 O BNDES (Banco Nacional de Desenvolvimento Econ\u00f4mico e Social) confirmou um concurso p\u00fablico no qual vai oferecer 150&#8230;<\/p>\n","protected":false},"author":1,"featured_media":45994,"comment_status":"open","ping_status":"open","sticky":false,"template":"","format":"standard","meta":{"_uag_custom_page_level_css":"","advanced_seo_description":"","jetpack_seo_html_title":"","jetpack_seo_noindex":false,"jetpack_post_was_ever_published":false,"_jetpack_newsletter_access":"","_jetpack_dont_email_post_to_subs":false,"_jetpack_newsletter_tier_id":0,"_jetpack_memberships_contains_paywalled_content":false,"_jetpack_memberships_contains_paid_content":false,"footnotes":"","jetpack_publicize_message":"","jetpack_publicize_feature_enabled":true,"jetpack_social_post_already_shared":true,"jetpack_social_options":{"image_generator_settings":{"template":"highway","default_image_id":0,"font":"","enabled":false},"version":2}},"categories":[3598],"tags":[],"class_list":["post-45993","post","type-post","status-publish","format-standard","has-post-thumbnail","hentry","category-empregos-classificados-vagas-trabalho"],"jetpack_publicize_connections":[],"jetpack_featured_media_url":"https:\/\/i0.wp.com\/ismaelcolosi.com.br\/wp-content\/uploads\/2024\/04\/concurso-1.jpg?fit=1432%2C823&ssl=1","uagb_featured_image_src":{"full":["https:\/\/i0.wp.com\/ismaelcolosi.com.br\/wp-content\/uploads\/2024\/04\/concurso-1.jpg?fit=1432%2C823&ssl=1",1432,823,false],"thumbnail":["https:\/\/i0.wp.com\/ismaelcolosi.com.br\/wp-content\/uploads\/2024\/04\/concurso-1.jpg?resize=150%2C150&ssl=1",150,150,true],"medium":["https:\/\/i0.wp.com\/ismaelcolosi.com.br\/wp-content\/uploads\/2024\/04\/concurso-1.jpg?fit=300%2C172&ssl=1",300,172,true],"medium_large":["https:\/\/i0.wp.com\/ismaelcolosi.com.br\/wp-content\/uploads\/2024\/04\/concurso-1.jpg?fit=768%2C441&ssl=1",768,441,true],"large":["https:\/\/i0.wp.com\/ismaelcolosi.com.br\/wp-content\/uploads\/2024\/04\/concurso-1.jpg?fit=1024%2C589&ssl=1",1024,589,true],"1536x1536":["https:\/\/i0.wp.com\/ismaelcolosi.com.br\/wp-content\/uploads\/2024\/04\/concurso-1.jpg?fit=1432%2C823&ssl=1",1432,823,true],"2048x2048":["https:\/\/i0.wp.com\/ismaelcolosi.com.br\/wp-content\/uploads\/2024\/04\/concurso-1.jpg?fit=1432%2C823&ssl=1",1432,823,true],"really-simple-thumb":["https:\/\/i0.wp.com\/ismaelcolosi.com.br\/wp-content\/uploads\/2024\/04\/concurso-1.jpg?resize=370%2C247&ssl=1",370,247,true]},"uagb_author_info":{"display_name":"ismaelcolosi.com.br","author_link":"https:\/\/ismaelcolosi.com.br\/index.php\/author\/vidareal-online\/"},"uagb_comment_info":0,"uagb_excerpt":"Da reda\u00e7\u00e3oi Da reda\u00e7\u00e3o 09\/04\/2024 &#8211; 9:44 O BNDES (Banco Nacional de Desenvolvimento Econ\u00f4mico e Social) confirmou um concurso p\u00fablico no qual vai oferecer 150...","jetpack-related-posts":[{"id":57443,"url":"https:\/\/ismaelcolosi.com.br\/index.php\/2024\/07\/22\/bndes-abre-concurso-com-900-vagas-e-salario-inicial-de-r-209-mil\/","url_meta":{"origin":45993,"position":0},"title":"BNDES abre concurso com 900 vagas e sal\u00e1rio inicial\u00a0de\u00a0R$ 20,9\u00a0mil","author":"ismaelcolosi.com.br","date":"22 de July de 2024","format":false,"excerpt":"Da reda\u00e7\u00e3oi Da reda\u00e7\u00e3o 22\/07\/2024 - 8:49 O BNDES (Banco Nacional de Desenvolvimento Econ\u00f4mico e Social) abriu um concurso p\u00fablico para cargos de n\u00edvel superior, com 150 vagas e outras 750 para forma\u00e7\u00e3o de cadastro de reserva. O edital foi publicado nesta segunda-feira, 22, no Di\u00e1rio Oficial da Uni\u00e3o.Vale ressaltar\u2026","rel":"","context":"In &quot;Empregos - Classificados&quot;","block_context":{"text":"Empregos - Classificados","link":"https:\/\/ismaelcolosi.com.br\/index.php\/category\/empregos-classificados-vagas-trabalho\/"},"img":{"alt_text":"","src":"https:\/\/i0.wp.com\/ismaelcolosi.com.br\/wp-content\/uploads\/2024\/07\/bndes.jpg?fit=1011%2C617&ssl=1&resize=350%2C200","width":350,"height":200,"srcset":"https:\/\/i0.wp.com\/ismaelcolosi.com.br\/wp-content\/uploads\/2024\/07\/bndes.jpg?fit=1011%2C617&ssl=1&resize=350%2C200 1x, https:\/\/i0.wp.com\/ismaelcolosi.com.br\/wp-content\/uploads\/2024\/07\/bndes.jpg?fit=1011%2C617&ssl=1&resize=525%2C300 1.5x, https:\/\/i0.wp.com\/ismaelcolosi.com.br\/wp-content\/uploads\/2024\/07\/bndes.jpg?fit=1011%2C617&ssl=1&resize=700%2C400 2x"},"classes":[]},{"id":57975,"url":"https:\/\/ismaelcolosi.com.br\/index.php\/2024\/07\/26\/salario-de-r-209-mil-inscricoes-para-concurso-do-bndes-comecam-hoje\/","url_meta":{"origin":45993,"position":1},"title":"Sal\u00e1rio de R$ 20,9 mil: inscri\u00e7\u00f5es para concurso do BNDES come\u00e7am hoje","author":"ismaelcolosi.com.br","date":"26 de July de 2024","format":false,"excerpt":"Da reda\u00e7\u00e3oi Da reda\u00e7\u00e3o 26\/07\/2024 - 5:00 O\u00a0BNDES (Banco Nacional de Desenvolvimento Econ\u00f4mico e Social) anunciou abertura de um concurso p\u00fablico para cargos de n\u00edvel superior,\u00a0com 150 vagas e outras 750 para forma\u00e7\u00e3o de cadastro de reserva.As inscri\u00e7\u00f5es para podem ser feitas a partir das 10h desta sexta-feira, 26, e\u2026","rel":"","context":"In &quot;Empregos - Classificados&quot;","block_context":{"text":"Empregos - Classificados","link":"https:\/\/ismaelcolosi.com.br\/index.php\/category\/empregos-classificados-vagas-trabalho\/"},"img":{"alt_text":"","src":"https:\/\/i0.wp.com\/ismaelcolosi.com.br\/wp-content\/uploads\/2024\/07\/1721981337_bndes.jpg?fit=1011%2C617&ssl=1&resize=350%2C200","width":350,"height":200,"srcset":"https:\/\/i0.wp.com\/ismaelcolosi.com.br\/wp-content\/uploads\/2024\/07\/1721981337_bndes.jpg?fit=1011%2C617&ssl=1&resize=350%2C200 1x, https:\/\/i0.wp.com\/ismaelcolosi.com.br\/wp-content\/uploads\/2024\/07\/1721981337_bndes.jpg?fit=1011%2C617&ssl=1&resize=525%2C300 1.5x, https:\/\/i0.wp.com\/ismaelcolosi.com.br\/wp-content\/uploads\/2024\/07\/1721981337_bndes.jpg?fit=1011%2C617&ssl=1&resize=700%2C400 2x"},"classes":[]},{"id":60891,"url":"https:\/\/ismaelcolosi.com.br\/index.php\/2024\/08\/19\/inscricoes-para-concurso-do-bndes-com-salario-de-r-209-mil-terminam-hoje\/","url_meta":{"origin":45993,"position":2},"title":"Inscri\u00e7\u00f5es para concurso do BNDES com sal\u00e1rio de R$ 20,9 mil terminam hoje","author":"ismaelcolosi.com.br","date":"19 de August de 2024","format":false,"excerpt":"Da reda\u00e7\u00e3oi Da reda\u00e7\u00e3o 19\/08\/2024 - 8:39 As inscri\u00e7\u00f5es para o concurso p\u00fablico do BNDES (Banco Nacional de Desenvolvimento Econ\u00f4mico e Social) terminam nesta segunda-feira, 19, \u00e0s 23h59. Para aderir, os interessados devem acessar o site da Funda\u00e7\u00e3o Cesgranrio.Vale destacar que o concurso ocorre ap\u00f3s 12 anos sem processos de\u2026","rel":"","context":"In &quot;Empregos - Classificados&quot;","block_context":{"text":"Empregos - Classificados","link":"https:\/\/ismaelcolosi.com.br\/index.php\/category\/empregos-classificados-vagas-trabalho\/"},"img":{"alt_text":"","src":"https:\/\/i0.wp.com\/ismaelcolosi.com.br\/wp-content\/uploads\/2024\/08\/bndes00.jpg?fit=1022%2C572&ssl=1&resize=350%2C200","width":350,"height":200,"srcset":"https:\/\/i0.wp.com\/ismaelcolosi.com.br\/wp-content\/uploads\/2024\/08\/bndes00.jpg?fit=1022%2C572&ssl=1&resize=350%2C200 1x, https:\/\/i0.wp.com\/ismaelcolosi.com.br\/wp-content\/uploads\/2024\/08\/bndes00.jpg?fit=1022%2C572&ssl=1&resize=525%2C300 1.5x, https:\/\/i0.wp.com\/ismaelcolosi.com.br\/wp-content\/uploads\/2024\/08\/bndes00.jpg?fit=1022%2C572&ssl=1&resize=700%2C400 2x"},"classes":[]},{"id":57540,"url":"https:\/\/ismaelcolosi.com.br\/index.php\/2024\/07\/22\/bndes-abre-concurso-publico-com-150-vagas-e-salarios-de-r-20-mil\/","url_meta":{"origin":45993,"position":3},"title":"BNDES abre concurso p\u00fablico com 150 vagas e sal\u00e1rios de R$ 20 mil","author":"ismaelcolosi.com.br","date":"22 de July de 2024","format":false,"excerpt":"O BNDES (Banco Nacional de Desenvolvimento Econ\u00f4mico e Social) publicou edital de concurso p\u00fablico de n\u00edvel superior com 150 vagas e sal\u00e1rios de R$ 20,9 mil. Al\u00e9m disso, h\u00e1 750 vagas para o cadastro de reserva. As inscri\u00e7\u00f5es devem ser realizadas no site da Funda\u00e7\u00e3o Cesgranrio (clique aqui) no per\u00edodo\u2026","rel":"","context":"In &quot;Not\u00edcias de Ribeir\u00e3o Preto-SP e Regi\u00e3o&quot;","block_context":{"text":"Not\u00edcias de Ribeir\u00e3o Preto-SP e Regi\u00e3o","link":"https:\/\/ismaelcolosi.com.br\/index.php\/category\/noticias-de-ribeirao-preto-sp-e-regiao-ismael-colosi\/"},"img":{"alt_text":"","src":"https:\/\/i0.wp.com\/ismaelcolosi.com.br\/wp-content\/uploads\/2024\/06\/Copia-de-Copia-de-TAMANHO-EXATO-PARA-FOTOS-NO-SISTEMA-NOVO-6_2024-06-11_13-40-15_jpg_2024-06-11_13-40-15.webp.webp?fit=1200%2C675&ssl=1&resize=350%2C200","width":350,"height":200,"srcset":"https:\/\/i0.wp.com\/ismaelcolosi.com.br\/wp-content\/uploads\/2024\/06\/Copia-de-Copia-de-TAMANHO-EXATO-PARA-FOTOS-NO-SISTEMA-NOVO-6_2024-06-11_13-40-15_jpg_2024-06-11_13-40-15.webp.webp?fit=1200%2C675&ssl=1&resize=350%2C200 1x, https:\/\/i0.wp.com\/ismaelcolosi.com.br\/wp-content\/uploads\/2024\/06\/Copia-de-Copia-de-TAMANHO-EXATO-PARA-FOTOS-NO-SISTEMA-NOVO-6_2024-06-11_13-40-15_jpg_2024-06-11_13-40-15.webp.webp?fit=1200%2C675&ssl=1&resize=525%2C300 1.5x, https:\/\/i0.wp.com\/ismaelcolosi.com.br\/wp-content\/uploads\/2024\/06\/Copia-de-Copia-de-TAMANHO-EXATO-PARA-FOTOS-NO-SISTEMA-NOVO-6_2024-06-11_13-40-15_jpg_2024-06-11_13-40-15.webp.webp?fit=1200%2C675&ssl=1&resize=700%2C400 2x, https:\/\/i0.wp.com\/ismaelcolosi.com.br\/wp-content\/uploads\/2024\/06\/Copia-de-Copia-de-TAMANHO-EXATO-PARA-FOTOS-NO-SISTEMA-NOVO-6_2024-06-11_13-40-15_jpg_2024-06-11_13-40-15.webp.webp?fit=1200%2C675&ssl=1&resize=1050%2C600 3x"},"classes":[]},{"id":59975,"url":"https:\/\/ismaelcolosi.com.br\/index.php\/2024\/08\/13\/concurso-do-bndes-tem-mais-de-63-mil-pedidos-de-inscricao-a-seis-dias-do-fim-do-prazo\/","url_meta":{"origin":45993,"position":4},"title":"Concurso do BNDES tem mais de 63 mil pedidos de inscri\u00e7\u00e3o a seis dias do fim do prazo","author":"ismaelcolosi.com.br","date":"13 de August de 2024","format":false,"excerpt":"Da reda\u00e7\u00e3oi Da reda\u00e7\u00e3o 13\/08\/2024 - 16:14 O BNDES divulgou que j\u00e1 foram recebidos mais de 63 mil pedidos de inscri\u00e7\u00e3o no concurso p\u00fablico para trabalhar na institui\u00e7\u00e3o. Deste total, mais de 35,6 mil inscri\u00e7\u00f5es j\u00e1 foram confirmadas, ou seja, tiveram pagamento conclu\u00eddo ou isen\u00e7\u00e3o de taxa comprovada. O prazo\u2026","rel":"","context":"In &quot;Empregos - Classificados&quot;","block_context":{"text":"Empregos - Classificados","link":"https:\/\/ismaelcolosi.com.br\/index.php\/category\/empregos-classificados-vagas-trabalho\/"},"img":{"alt_text":"","src":"https:\/\/i0.wp.com\/ismaelcolosi.com.br\/wp-content\/uploads\/2024\/08\/tagreuters.com2024binary_LYNXMPEK7C0GS-VIEWIMAGE.jpg?fit=450%2C272&ssl=1&resize=350%2C200","width":350,"height":200},"classes":[]},{"id":57578,"url":"https:\/\/ismaelcolosi.com.br\/index.php\/2024\/07\/23\/concurso-do-bndes-veja-vagas-salario-e-datas\/","url_meta":{"origin":45993,"position":5},"title":"Concurso do BNDES: veja vagas, sal\u00e1rio e datas","author":"ismaelcolosi.com.br","date":"23 de July de 2024","format":false,"excerpt":"Ana Carolinai Ana Carolina - 23\/07\/2024 - 6:00 O\u00a0BNDES (Banco Nacional de Desenvolvimento Econ\u00f4mico e Social) anunciou por meio de edital no Di\u00e1rio Oficial da Uni\u00e3o (DOU) publicado na segunda-feira, 22, a abertura de um concurso p\u00fablico para cargos de n\u00edvel superior.+ Sebrae abre concurso com vagas preferenciais para negros\u2026","rel":"","context":"In &quot;Empregos - Classificados&quot;","block_context":{"text":"Empregos - Classificados","link":"https:\/\/ismaelcolosi.com.br\/index.php\/category\/empregos-classificados-vagas-trabalho\/"},"img":{"alt_text":"","src":"https:\/\/i0.wp.com\/ismaelcolosi.com.br\/wp-content\/uploads\/2024\/07\/edificio-sede-do-bndes250620211187-e1678104001315.jpg?fit=640%2C480&ssl=1&resize=350%2C200","width":350,"height":200,"srcset":"https:\/\/i0.wp.com\/ismaelcolosi.com.br\/wp-content\/uploads\/2024\/07\/edificio-sede-do-bndes250620211187-e1678104001315.jpg?fit=640%2C480&ssl=1&resize=350%2C200 1x, https:\/\/i0.wp.com\/ismaelcolosi.com.br\/wp-content\/uploads\/2024\/07\/edificio-sede-do-bndes250620211187-e1678104001315.jpg?fit=640%2C480&ssl=1&resize=525%2C300 1.5x"},"classes":[]}],"jetpack_sharing_enabled":true,"jetpack_shortlink":"https:\/\/wp.me\/pfMlyK-bXP","_links":{"self":[{"href":"https:\/\/ismaelcolosi.com.br\/index.php\/wp-json\/wp\/v2\/posts\/45993","targetHints":{"allow":["GET"]}}],"collection":[{"href":"https:\/\/ismaelcolosi.com.br\/index.php\/wp-json\/wp\/v2\/posts"}],"about":[{"href":"https:\/\/ismaelcolosi.com.br\/index.php\/wp-json\/wp\/v2\/types\/post"}],"author":[{"embeddable":true,"href":"https:\/\/ismaelcolosi.com.br\/index.php\/wp-json\/wp\/v2\/users\/1"}],"replies":[{"embeddable":true,"href":"https:\/\/ismaelcolosi.com.br\/index.php\/wp-json\/wp\/v2\/comments?post=45993"}],"version-history":[{"count":0,"href":"https:\/\/ismaelcolosi.com.br\/index.php\/wp-json\/wp\/v2\/posts\/45993\/revisions"}],"wp:featuredmedia":[{"embeddable":true,"href":"https:\/\/ismaelcolosi.com.br\/index.php\/wp-json\/wp\/v2\/media\/45994"}],"wp:attachment":[{"href":"https:\/\/ismaelcolosi.com.br\/index.php\/wp-json\/wp\/v2\/media?parent=45993"}],"wp:term":[{"taxonomy":"category","embeddable":true,"href":"https:\/\/ismaelcolosi.com.br\/index.php\/wp-json\/wp\/v2\/categories?post=45993"},{"taxonomy":"post_tag","embeddable":true,"href":"https:\/\/ismaelcolosi.com.br\/index.php\/wp-json\/wp\/v2\/tags?post=45993"}],"curies":[{"name":"wp","href":"https:\/\/api.w.org\/{rel}","templated":true}]}}