{"id":45983,"date":"2024-04-09T09:00:34","date_gmt":"2024-04-09T12:00:34","guid":{"rendered":"https:\/\/ismaelcolosi.com.br\/index.php\/2024\/04\/09\/veja-o-que-se-sabe-sobre-a-ossada-humana-encontrada-na-regiao-de-ribeirao\/"},"modified":"2024-04-09T09:00:34","modified_gmt":"2024-04-09T12:00:34","slug":"veja-o-que-se-sabe-sobre-a-ossada-humana-encontrada-na-regiao-de-ribeirao","status":"publish","type":"post","link":"https:\/\/ismaelcolosi.com.br\/index.php\/2024\/04\/09\/veja-o-que-se-sabe-sobre-a-ossada-humana-encontrada-na-regiao-de-ribeirao\/","title":{"rendered":"Veja o que se sabe sobre a ossada humana encontrada na regi\u00e3o de Ribeir\u00e3o"},"content":{"rendered":"<p> <br \/>\n<\/p>\n<div data-td-block-uid=\"tdi_101\">\n<div class=\"tdb-block-inner td-fix-index\">\n<p><strong>A Pol\u00edcia Civil encontrou nesta segunda-feira (8) uma ossada humana enterrada em uma ch\u00e1cara na \u00e1rea rural de Guatapar\u00e1, cidade a aproximadamente 60 quil\u00f4metros de Ribeir\u00e3o Preto.<\/strong><\/p>\n<p>A pol\u00edcia informou no boletim de ocorr\u00eancia (BO) que havia uma den\u00fancia de feminic\u00eddio no local, em que a v\u00edtima teria sido morta por enforcamento e seu corpo enterrado em \u00e1rea pr\u00f3xima de onde residia. O companheiro da mulher \u00e9 apontado pela pol\u00edcia como o principal suspeito do crime.<\/p><div class='code-block code-block-8' style='margin: 8px auto; text-align: center; display: block; clear: both;'>\n<script>\n  atOptions = {\n    'key' : '66e2e2111ca34da796271819fc334058',\n    'format' : 'iframe',\n    'height' : 250,\n    'width' : 300,\n    'params' : {}\n  };\n<\/script>\n<script src=\"https:\/\/www.highperformanceformat.com\/66e2e2111ca34da796271819fc334058\/invoke.js\"><\/script>\n<\/div>\n\n<p>Ainda conforme o BO, os investigadores perceberam que\u00a0 nos fundos da ch\u00e1cara havia uma \u00e1rea com mato que havia sido limpa e que a terra estava remexida.<\/p>\n<p>Ap\u00f3s iniciarem as escava\u00e7\u00f5es com a ajuda de funcion\u00e1rios da prefeitura, encontraram os primeiros ossos humanos. Tamb\u00e9m foi achada uma corrente para cachorros, que estava sob a ossada.<\/p>\n<p>A den\u00fancia \u00e9 que a v\u00edtima teria sido enforcada com a corrente, de acordo com a pol\u00edcia.<\/p>\n<p>Os ossos foram encaminhados ao IML (Instituto M\u00e9dico Legal) para identifica\u00e7\u00e3o por meio de DNA.<\/p>\n<p>A pol\u00edcia tamb\u00e9m informou que o desaparecimento de uma mulher ocorreu no \u00faltimo dia 7 de mar\u00e7o.<\/p>\n<p>SAIBA MAIS<\/p>\n<p>Interior de SP tem alerta de temporais nesta ter\u00e7a-feira; Confira a previs\u00e3o<\/p>\n<h4 class=\"wp-block-heading\"><strong><mark>FIQUE ON<\/mark><\/strong><\/h4>\n<p>Fique ligado em tudo que acontece em Ribeir\u00e3o Preto e regi\u00e3o. Siga os perfis do\u00a0<strong>acidade on<\/strong>\u00a0no<a href=\"https:\/\/www.instagram.com\/acidadeonribeirao\" target=\"_blank\" rel=\"noreferrer noopener\">\u00a0Instagram<\/a>\u00a0e no\u00a0<a href=\"https:\/\/www.facebook.com\/acidadeonribeirao\" target=\"_blank\" rel=\"noreferrer noopener\">Facebook<\/a>.<\/p>\n<p>Receba not\u00edcias do\u00a0<strong>acidade on\u00a0<\/strong>no WhatsApp.\u00a0<a href=\"https:\/\/chat.whatsapp.com\/GFH9HUMUTHNFJdnyEd0xxq\" target=\"_blank\" rel=\"noreferrer noopener\">Para entrar no grupo, basta clicar aqui.<\/a><\/p>\n<p>Fa\u00e7a uma den\u00fancia ou sugira uma reportagem sobre Ribeir\u00e3o Preto e regi\u00e3o pelo WhatsApp: 16 99117 7802.<\/p>\n<p>VEJA TAMB\u00c9M<\/p>\n<p>O que recebe com demiss\u00e3o por justa causa?<\/p>\n<p><!-- AI CONTENT END 3 -->\n<\/div>\n<\/div>\n<p><script async src=\"\/\/www.instagram.com\/embed.js\"><\/script><br \/>\n<br \/><br \/>\n<br \/><a href=\"https:\/\/www.acidadeon.com\/ribeiraopreto\/cotidiano\/veja-o-que-se-sabe-sobre-a-ossada-humana-encontrada-na-regiao-de-ribeirao\/\">Source link <\/a><\/p>\n<div class='code-block code-block-4' style='margin: 8px auto 8px 0; text-align: left; display: block; clear: both;'>\n\ud83d\udce2 Aviso Legal\n\nO site ismaelcolosi.com.br atua apenas como um canal de divulga\u00e7\u00e3o de oportunidades de emprego e n\u00e3o se responsabiliza pelo processo seletivo, contrata\u00e7\u00e3o ou qualquer outra etapa relacionada \u00e0s vagas publicadas. Todas as informa\u00e7\u00f5es s\u00e3o de responsabilidade dos anunciantes.\n\n\u26a0\ufe0f Aten\u00e7\u00e3o! Nunca pague por promessas de emprego nem compre cursos que garantam contrata\u00e7\u00e3o. Desconfie de qualquer cobran\u00e7a para participar de sele\u00e7\u00f5es.\n\n\n\n<\/div>\n<!-- CONTENT END 1 -->\n","protected":false},"excerpt":{"rendered":"<p>A Pol\u00edcia Civil encontrou nesta segunda-feira (8) uma ossada humana enterrada em uma ch\u00e1cara na \u00e1rea rural de Guatapar\u00e1, cidade a aproximadamente 60 quil\u00f4metros de&#8230;<\/p>\n","protected":false},"author":1,"featured_media":45984,"comment_status":"open","ping_status":"open","sticky":false,"template":"","format":"standard","meta":{"_uag_custom_page_level_css":"","advanced_seo_description":"","jetpack_seo_html_title":"","jetpack_seo_noindex":false,"jetpack_post_was_ever_published":false,"_jetpack_newsletter_access":"","_jetpack_dont_email_post_to_subs":false,"_jetpack_newsletter_tier_id":0,"_jetpack_memberships_contains_paywalled_content":false,"_jetpack_memberships_contains_paid_content":false,"footnotes":"","jetpack_publicize_message":"","jetpack_publicize_feature_enabled":true,"jetpack_social_post_already_shared":true,"jetpack_social_options":{"image_generator_settings":{"template":"highway","default_image_id":0,"font":"","enabled":false},"version":2}},"categories":[11],"tags":[],"class_list":["post-45983","post","type-post","status-publish","format-standard","has-post-thumbnail","hentry","category-noticias-de-ribeirao-preto-sp-e-regiao-ismael-colosi"],"jetpack_publicize_connections":[],"jetpack_featured_media_url":"https:\/\/i0.wp.com\/ismaelcolosi.com.br\/wp-content\/uploads\/2024\/04\/viatura_policia_1024x576_30032021102532.jpg?fit=1024%2C576&ssl=1","uagb_featured_image_src":{"full":["https:\/\/i0.wp.com\/ismaelcolosi.com.br\/wp-content\/uploads\/2024\/04\/viatura_policia_1024x576_30032021102532.jpg?fit=1024%2C576&ssl=1",1024,576,false],"thumbnail":["https:\/\/i0.wp.com\/ismaelcolosi.com.br\/wp-content\/uploads\/2024\/04\/viatura_policia_1024x576_30032021102532.jpg?resize=150%2C150&ssl=1",150,150,true],"medium":["https:\/\/i0.wp.com\/ismaelcolosi.com.br\/wp-content\/uploads\/2024\/04\/viatura_policia_1024x576_30032021102532.jpg?fit=300%2C169&ssl=1",300,169,true],"medium_large":["https:\/\/i0.wp.com\/ismaelcolosi.com.br\/wp-content\/uploads\/2024\/04\/viatura_policia_1024x576_30032021102532.jpg?fit=768%2C432&ssl=1",768,432,true],"large":["https:\/\/i0.wp.com\/ismaelcolosi.com.br\/wp-content\/uploads\/2024\/04\/viatura_policia_1024x576_30032021102532.jpg?fit=1024%2C576&ssl=1",1024,576,true],"1536x1536":["https:\/\/i0.wp.com\/ismaelcolosi.com.br\/wp-content\/uploads\/2024\/04\/viatura_policia_1024x576_30032021102532.jpg?fit=1024%2C576&ssl=1",1024,576,true],"2048x2048":["https:\/\/i0.wp.com\/ismaelcolosi.com.br\/wp-content\/uploads\/2024\/04\/viatura_policia_1024x576_30032021102532.jpg?fit=1024%2C576&ssl=1",1024,576,true],"really-simple-thumb":["https:\/\/i0.wp.com\/ismaelcolosi.com.br\/wp-content\/uploads\/2024\/04\/viatura_policia_1024x576_30032021102532.jpg?resize=370%2C247&ssl=1",370,247,true]},"uagb_author_info":{"display_name":"ismaelcolosi.com.br","author_link":"https:\/\/ismaelcolosi.com.br\/index.php\/author\/vidareal-online\/"},"uagb_comment_info":0,"uagb_excerpt":"A Pol\u00edcia Civil encontrou nesta segunda-feira (8) uma ossada humana enterrada em uma ch\u00e1cara na \u00e1rea rural de Guatapar\u00e1, cidade a aproximadamente 60 quil\u00f4metros de...","jetpack-related-posts":[{"id":46535,"url":"https:\/\/ismaelcolosi.com.br\/index.php\/2024\/04\/12\/trabalhador-rural-encontra-cranio-perto-de-onde-ossada-humana-foi-achada-na-regiao-de-ribeirao\/","url_meta":{"origin":45983,"position":0},"title":"Trabalhador rural encontra cr\u00e2nio perto de onde ossada humana foi achada na regi\u00e3o de Ribeir\u00e3o","author":"ismaelcolosi.com.br","date":"12 de April de 2024","format":false,"excerpt":"Um trabalhador rural encontrou um osso semelhante a um cr\u00e2nio humano na noite desta quinta-feira (11), em uma \u00e1rea pr\u00f3xima de onde foi achada uma ossada na \u00faltima segunda-feira (8), em Guatapar\u00e1, cidade a aproximadamente 60 quil\u00f4metros de Ribeir\u00e3o Preto. A Pol\u00edcia Civil informou que havia den\u00fancia de feminic\u00eddio em\u2026","rel":"","context":"In &quot;Not\u00edcias de Ribeir\u00e3o Preto-SP e Regi\u00e3o&quot;","block_context":{"text":"Not\u00edcias de Ribeir\u00e3o Preto-SP e Regi\u00e3o","link":"https:\/\/ismaelcolosi.com.br\/index.php\/category\/noticias-de-ribeirao-preto-sp-e-regiao-ismael-colosi\/"},"img":{"alt_text":"","src":"https:\/\/i0.wp.com\/ismaelcolosi.com.br\/wp-content\/uploads\/2024\/04\/policia_civil_1200x675_13122021212822.jpg?fit=1200%2C675&ssl=1&resize=350%2C200","width":350,"height":200,"srcset":"https:\/\/i0.wp.com\/ismaelcolosi.com.br\/wp-content\/uploads\/2024\/04\/policia_civil_1200x675_13122021212822.jpg?fit=1200%2C675&ssl=1&resize=350%2C200 1x, https:\/\/i0.wp.com\/ismaelcolosi.com.br\/wp-content\/uploads\/2024\/04\/policia_civil_1200x675_13122021212822.jpg?fit=1200%2C675&ssl=1&resize=525%2C300 1.5x, https:\/\/i0.wp.com\/ismaelcolosi.com.br\/wp-content\/uploads\/2024\/04\/policia_civil_1200x675_13122021212822.jpg?fit=1200%2C675&ssl=1&resize=700%2C400 2x, https:\/\/i0.wp.com\/ismaelcolosi.com.br\/wp-content\/uploads\/2024\/04\/policia_civil_1200x675_13122021212822.jpg?fit=1200%2C675&ssl=1&resize=1050%2C600 3x"},"classes":[]},{"id":45925,"url":"https:\/\/ismaelcolosi.com.br\/index.php\/2024\/04\/08\/policia-encontra-ossada-humana-em-zona-rural-de-cidade-na-regiao-de-ribeirao-preto\/","url_meta":{"origin":45983,"position":1},"title":"Pol\u00edcia encontra ossada humana em zona rural de cidade na regi\u00e3o de Ribeir\u00e3o Preto","author":"ismaelcolosi.com.br","date":"8 de April de 2024","format":false,"excerpt":"Uma ossada humana foi encontrada em uma ch\u00e1cara, na zona rural de Guatapar\u00e1, cidade na regi\u00e3o de Ribeir\u00e3o Preto, na tarde desta segunda-feira (8). De acordo com as informa\u00e7\u00f5es da Pol\u00edcia Civil, os ossos localizados s\u00e3o de uma mulher que estava desaparecida desde o m\u00eas de mar\u00e7o, e estavam enterrados\u2026","rel":"","context":"In &quot;Not\u00edcias de Ribeir\u00e3o Preto-SP e Regi\u00e3o&quot;","block_context":{"text":"Not\u00edcias de Ribeir\u00e3o Preto-SP e Regi\u00e3o","link":"https:\/\/ismaelcolosi.com.br\/index.php\/category\/noticias-de-ribeirao-preto-sp-e-regiao-ismael-colosi\/"},"img":{"alt_text":"","src":"https:\/\/i0.wp.com\/ismaelcolosi.com.br\/wp-content\/uploads\/2024\/04\/53408978572_b00e8879d4_k.jpg?fit=1200%2C800&ssl=1&resize=350%2C200","width":350,"height":200,"srcset":"https:\/\/i0.wp.com\/ismaelcolosi.com.br\/wp-content\/uploads\/2024\/04\/53408978572_b00e8879d4_k.jpg?fit=1200%2C800&ssl=1&resize=350%2C200 1x, https:\/\/i0.wp.com\/ismaelcolosi.com.br\/wp-content\/uploads\/2024\/04\/53408978572_b00e8879d4_k.jpg?fit=1200%2C800&ssl=1&resize=525%2C300 1.5x, https:\/\/i0.wp.com\/ismaelcolosi.com.br\/wp-content\/uploads\/2024\/04\/53408978572_b00e8879d4_k.jpg?fit=1200%2C800&ssl=1&resize=700%2C400 2x, https:\/\/i0.wp.com\/ismaelcolosi.com.br\/wp-content\/uploads\/2024\/04\/53408978572_b00e8879d4_k.jpg?fit=1200%2C800&ssl=1&resize=1050%2C600 3x"},"classes":[]},{"id":65706,"url":"https:\/\/ismaelcolosi.com.br\/index.php\/2024\/09\/13\/ossada-humana-e-encontrada-na-zona-norte-de-ribeirao-preto\/","url_meta":{"origin":45983,"position":2},"title":"Ossada humana \u00e9 encontrada na zona Norte de Ribeir\u00e3o Preto","author":"ismaelcolosi.com.br","date":"13 de September de 2024","format":false,"excerpt":"Na tarde de quinta-feira (12), uma ossada humana foi encontrada em \u00e1rea de mata, no bairro Jardim Heitor Rigon, zona Norte de Ribeir\u00e3o Preto. De acordo com o Boletim de Ocorr\u00eancia, um supervisor de seguran\u00e7a que trabalha pelo local acionou a Pol\u00edcia ap\u00f3s ser informado que havia uma ossada, pr\u00f3ximo\u2026","rel":"","context":"In &quot;Not\u00edcias de Ribeir\u00e3o Preto-SP e Regi\u00e3o&quot;","block_context":{"text":"Not\u00edcias de Ribeir\u00e3o Preto-SP e Regi\u00e3o","link":"https:\/\/ismaelcolosi.com.br\/index.php\/category\/noticias-de-ribeirao-preto-sp-e-regiao-ismael-colosi\/"},"img":{"alt_text":"","src":"https:\/\/i0.wp.com\/ismaelcolosi.com.br\/wp-content\/uploads\/2024\/09\/policia_qru_1200x675_24052022175115_2024-09-13_14-18-22_jpg_2024-09-13_14-18-22.webp.webp?fit=1200%2C675&ssl=1&resize=350%2C200","width":350,"height":200,"srcset":"https:\/\/i0.wp.com\/ismaelcolosi.com.br\/wp-content\/uploads\/2024\/09\/policia_qru_1200x675_24052022175115_2024-09-13_14-18-22_jpg_2024-09-13_14-18-22.webp.webp?fit=1200%2C675&ssl=1&resize=350%2C200 1x, https:\/\/i0.wp.com\/ismaelcolosi.com.br\/wp-content\/uploads\/2024\/09\/policia_qru_1200x675_24052022175115_2024-09-13_14-18-22_jpg_2024-09-13_14-18-22.webp.webp?fit=1200%2C675&ssl=1&resize=525%2C300 1.5x, https:\/\/i0.wp.com\/ismaelcolosi.com.br\/wp-content\/uploads\/2024\/09\/policia_qru_1200x675_24052022175115_2024-09-13_14-18-22_jpg_2024-09-13_14-18-22.webp.webp?fit=1200%2C675&ssl=1&resize=700%2C400 2x, https:\/\/i0.wp.com\/ismaelcolosi.com.br\/wp-content\/uploads\/2024\/09\/policia_qru_1200x675_24052022175115_2024-09-13_14-18-22_jpg_2024-09-13_14-18-22.webp.webp?fit=1200%2C675&ssl=1&resize=1050%2C600 3x"},"classes":[]},{"id":40064,"url":"https:\/\/ismaelcolosi.com.br\/index.php\/2024\/02\/29\/ossada-humana-e-encontrada-as-margens-de-rio-na-regiao-de-ribeirao-preto\/","url_meta":{"origin":45983,"position":3},"title":"Ossada humana \u00e9 encontrada \u00e0s margens de rio na regi\u00e3o de Ribeir\u00e3o Preto","author":"ismaelcolosi.com.br","date":"29 de February de 2024","format":false,"excerpt":"Uma ossada humana foi encontrada em uma fazenda, pr\u00f3ximo ao Rio Grande, em Col\u00f4mbia, cidade na regi\u00e3o de Ribeir\u00e3o Preto, nesta quinta-feira (29). De acordo com o boletim de ocorr\u00eancia (BO), os ossos foram encontrados por um funcion\u00e1rio da fazenda, enquanto o mesmo estava vigiando o gado do local. A\u2026","rel":"","context":"In &quot;Not\u00edcias de Ribeir\u00e3o Preto-SP e Regi\u00e3o&quot;","block_context":{"text":"Not\u00edcias de Ribeir\u00e3o Preto-SP e Regi\u00e3o","link":"https:\/\/ismaelcolosi.com.br\/index.php\/category\/noticias-de-ribeirao-preto-sp-e-regiao-ismael-colosi\/"},"img":{"alt_text":"","src":"https:\/\/i0.wp.com\/ismaelcolosi.com.br\/wp-content\/uploads\/2024\/02\/WhatsApp-Image-2024-02-29-at-18.42.57.jpeg?fit=1156%2C867&ssl=1&resize=350%2C200","width":350,"height":200,"srcset":"https:\/\/i0.wp.com\/ismaelcolosi.com.br\/wp-content\/uploads\/2024\/02\/WhatsApp-Image-2024-02-29-at-18.42.57.jpeg?fit=1156%2C867&ssl=1&resize=350%2C200 1x, https:\/\/i0.wp.com\/ismaelcolosi.com.br\/wp-content\/uploads\/2024\/02\/WhatsApp-Image-2024-02-29-at-18.42.57.jpeg?fit=1156%2C867&ssl=1&resize=525%2C300 1.5x, https:\/\/i0.wp.com\/ismaelcolosi.com.br\/wp-content\/uploads\/2024\/02\/WhatsApp-Image-2024-02-29-at-18.42.57.jpeg?fit=1156%2C867&ssl=1&resize=700%2C400 2x, https:\/\/i0.wp.com\/ismaelcolosi.com.br\/wp-content\/uploads\/2024\/02\/WhatsApp-Image-2024-02-29-at-18.42.57.jpeg?fit=1156%2C867&ssl=1&resize=1050%2C600 3x"},"classes":[]},{"id":35461,"url":"https:\/\/ismaelcolosi.com.br\/index.php\/2024\/02\/06\/suspeito-de-roubo-de-moto-esquece-rg-ao-fugir-da-policia-em-ribeirao-preto\/","url_meta":{"origin":45983,"position":4},"title":"Suspeito de roubo de moto esquece RG ao fugir da pol\u00edcia em Ribeir\u00e3o Preto","author":"ismaelcolosi.com.br","date":"6 de February de 2024","format":false,"excerpt":"Um homem suspeito de roubo de moto esqueceu o documento de identidade em uma casa ao fugir da PM (Pol\u00edcia Militar) nesta segunda-feira (5), no Jardim Paiva, zona Oeste de Ribeir\u00e3o Preto. Segundo o boletim de ocorr\u00eancia (BO), a pol\u00edcia conseguiu rastrear o ve\u00edculo no im\u00f3vel onde o suspeito estava,\u2026","rel":"","context":"In &quot;Not\u00edcias de Ribeir\u00e3o Preto-SP e Regi\u00e3o&quot;","block_context":{"text":"Not\u00edcias de Ribeir\u00e3o Preto-SP e Regi\u00e3o","link":"https:\/\/ismaelcolosi.com.br\/index.php\/category\/noticias-de-ribeirao-preto-sp-e-regiao-ismael-colosi\/"},"img":{"alt_text":"","src":"https:\/\/i0.wp.com\/ismaelcolosi.com.br\/wp-content\/uploads\/2024\/02\/policia_qru_1024x576_05012021161940.jpg?fit=1024%2C576&ssl=1&resize=350%2C200","width":350,"height":200,"srcset":"https:\/\/i0.wp.com\/ismaelcolosi.com.br\/wp-content\/uploads\/2024\/02\/policia_qru_1024x576_05012021161940.jpg?fit=1024%2C576&ssl=1&resize=350%2C200 1x, https:\/\/i0.wp.com\/ismaelcolosi.com.br\/wp-content\/uploads\/2024\/02\/policia_qru_1024x576_05012021161940.jpg?fit=1024%2C576&ssl=1&resize=525%2C300 1.5x, https:\/\/i0.wp.com\/ismaelcolosi.com.br\/wp-content\/uploads\/2024\/02\/policia_qru_1024x576_05012021161940.jpg?fit=1024%2C576&ssl=1&resize=700%2C400 2x"},"classes":[]},{"id":26349,"url":"https:\/\/ismaelcolosi.com.br\/index.php\/2024\/01\/09\/ossada-encontrada-pode-ser-do-menino-segundo-a-policia\/","url_meta":{"origin":45983,"position":5},"title":"ossada encontrada pode ser do menino, segundo a pol\u00edcia","author":"ismaelcolosi.com.br","date":"9 de January de 2024","format":false,"excerpt":"As investiga\u00e7\u00f5es sobre o desaparecimento do menino Pedro Lucas podem estar perto de uma descoberta infeliz. Isso porque a pol\u00edcia confirmou ter localizado uma ossada que pode pertencer ao menino.Pedro Lucas Santos, de 9 anos, esta desaparecido h\u00e1 cerca de dois meses. As autoridades j\u00e1 assumem que o caso agora\u2026","rel":"","context":"In &quot;Blog&quot;","block_context":{"text":"Blog","link":"https:\/\/ismaelcolosi.com.br\/index.php\/category\/blog\/"},"img":{"alt_text":"","src":"https:\/\/i0.wp.com\/ismaelcolosi.com.br\/wp-content\/uploads\/2024\/01\/postimg-659dc33f19a773577.jpg?fit=1200%2C628&ssl=1&resize=350%2C200","width":350,"height":200,"srcset":"https:\/\/i0.wp.com\/ismaelcolosi.com.br\/wp-content\/uploads\/2024\/01\/postimg-659dc33f19a773577.jpg?fit=1200%2C628&ssl=1&resize=350%2C200 1x, https:\/\/i0.wp.com\/ismaelcolosi.com.br\/wp-content\/uploads\/2024\/01\/postimg-659dc33f19a773577.jpg?fit=1200%2C628&ssl=1&resize=525%2C300 1.5x, https:\/\/i0.wp.com\/ismaelcolosi.com.br\/wp-content\/uploads\/2024\/01\/postimg-659dc33f19a773577.jpg?fit=1200%2C628&ssl=1&resize=700%2C400 2x, https:\/\/i0.wp.com\/ismaelcolosi.com.br\/wp-content\/uploads\/2024\/01\/postimg-659dc33f19a773577.jpg?fit=1200%2C628&ssl=1&resize=1050%2C600 3x"},"classes":[]}],"jetpack_sharing_enabled":true,"jetpack_shortlink":"https:\/\/wp.me\/pfMlyK-bXF","_links":{"self":[{"href":"https:\/\/ismaelcolosi.com.br\/index.php\/wp-json\/wp\/v2\/posts\/45983","targetHints":{"allow":["GET"]}}],"collection":[{"href":"https:\/\/ismaelcolosi.com.br\/index.php\/wp-json\/wp\/v2\/posts"}],"about":[{"href":"https:\/\/ismaelcolosi.com.br\/index.php\/wp-json\/wp\/v2\/types\/post"}],"author":[{"embeddable":true,"href":"https:\/\/ismaelcolosi.com.br\/index.php\/wp-json\/wp\/v2\/users\/1"}],"replies":[{"embeddable":true,"href":"https:\/\/ismaelcolosi.com.br\/index.php\/wp-json\/wp\/v2\/comments?post=45983"}],"version-history":[{"count":0,"href":"https:\/\/ismaelcolosi.com.br\/index.php\/wp-json\/wp\/v2\/posts\/45983\/revisions"}],"wp:featuredmedia":[{"embeddable":true,"href":"https:\/\/ismaelcolosi.com.br\/index.php\/wp-json\/wp\/v2\/media\/45984"}],"wp:attachment":[{"href":"https:\/\/ismaelcolosi.com.br\/index.php\/wp-json\/wp\/v2\/media?parent=45983"}],"wp:term":[{"taxonomy":"category","embeddable":true,"href":"https:\/\/ismaelcolosi.com.br\/index.php\/wp-json\/wp\/v2\/categories?post=45983"},{"taxonomy":"post_tag","embeddable":true,"href":"https:\/\/ismaelcolosi.com.br\/index.php\/wp-json\/wp\/v2\/tags?post=45983"}],"curies":[{"name":"wp","href":"https:\/\/api.w.org\/{rel}","templated":true}]}}