{"id":45981,"date":"2024-04-09T07:55:26","date_gmt":"2024-04-09T10:55:26","guid":{"rendered":"https:\/\/ismaelcolosi.com.br\/index.php\/2024\/04\/09\/interior-de-sp-tem-alerta-de-temporais-nesta-terca-feira-confira-a-previsao\/"},"modified":"2024-04-09T07:55:26","modified_gmt":"2024-04-09T10:55:26","slug":"interior-de-sp-tem-alerta-de-temporais-nesta-terca-feira-confira-a-previsao","status":"publish","type":"post","link":"https:\/\/ismaelcolosi.com.br\/index.php\/2024\/04\/09\/interior-de-sp-tem-alerta-de-temporais-nesta-terca-feira-confira-a-previsao\/","title":{"rendered":"Interior de SP tem alerta de temporais nesta ter\u00e7a-feira; Confira a previs\u00e3o"},"content":{"rendered":"<p> <br \/>\n<\/p>\n<div data-td-block-uid=\"tdi_101\">\n<div class=\"tdb-block-inner td-fix-index\">\n<p><strong>O interior de S\u00e3o Paulo tem previs\u00e3o de pancadas de chuva e alerta de temporais nesta ter\u00e7a-feira (9).<\/strong><\/p>\n<p>Segundo a <a href=\"https:\/\/www.climatempo.com.br\/\" target=\"_blank\" rel=\"noreferrer noopener\">Climatempo<\/a>, a <strong>circula\u00e7\u00e3o <\/strong>de <strong>ventos <\/strong>e a presen\u00e7a de um <strong>cavado meteorol\u00f3gico <\/strong>ajudam a transportar <strong>umidade <\/strong>para <strong>estado paulista<\/strong>.<\/p><div class='code-block code-block-8' style='margin: 8px auto; text-align: center; display: block; clear: both;'>\n<script>\n  atOptions = {\n    'key' : '66e2e2111ca34da796271819fc334058',\n    'format' : 'iframe',\n    'height' : 250,\n    'width' : 300,\n    'params' : {}\n  };\n<\/script>\n<script src=\"https:\/\/www.highperformanceformat.com\/66e2e2111ca34da796271819fc334058\/invoke.js\"><\/script>\n<\/div>\n\n<p>Na <strong>regi\u00e3o de Ribeir\u00e3o Preto<\/strong> est\u00e3o previstas <strong>pancadas de chuva<\/strong> hoje, que podem ser de <strong>moderada <\/strong>a <strong>forte <\/strong>intensidade, mas, sem grandes volumes. <span style=\"background-color:#f7cc62\" class=\"td_text_highlight_marker\">As temperaturas ainda seguem elevadas e faz calor.<\/span><\/p>\n<p>O <strong>alerta <\/strong>de <strong>temporais <\/strong>\u00e9 para a <strong>regi\u00e3o de Campinas<\/strong>, onde est\u00e3o previstos <strong>volumes acumulados <\/strong>mais <strong>expressivos <\/strong>de <strong>chuva<\/strong>.<\/p>\n<h4 class=\"wp-block-heading\"><strong>Veja mais detalhes da previs\u00e3o do tempo em Ribeir\u00e3o Preto:<\/strong><\/h4>\n<p><strong>Ter\u00e7a-feira (9)<\/strong><\/p>\n<p>21\u00b0C \/ 32\u00b0C<\/p>\n<p>Sol com algumas nuvens. Pancadas de chuva \u00e0 tarde e \u00e0 noite.<\/p>\n<p>Chuva: 10 mm \/ 19%<\/p>\n<p>Umidade do ar: 60% \/ 83%<\/p>\n<p><strong>Quarta-feira (10)<\/strong><\/p>\n<p>20\u00b0C \/ 33\u00b0C<\/p>\n<p>Sol e aumento de nuvens de manh\u00e3. Pancadas de chuva \u00e0 tarde e \u00e0 noite.<\/p>\n<p>Chuva: 8 mm \/ 23%<\/p>\n<p>Umidade do ar: 51% \/ 82%<\/p>\n<p>Fonte: Climatempo<\/p>\n<p>SAIBA MAIS<\/p>\n<p>Alerta de chuvas intensas \u00e9 emitido para o interior de SP; Veja munic\u00edpios afetados<\/p>\n<h4 class=\"wp-block-heading\"><strong><mark>FIQUE ON<\/mark><\/strong><\/h4>\n<p>Fique ligado em tudo que acontece em Ribeir\u00e3o Preto e regi\u00e3o. Siga os perfis do\u00a0<strong>acidade on<\/strong>\u00a0no<a href=\"https:\/\/www.instagram.com\/acidadeonribeirao\" target=\"_blank\" rel=\"noreferrer noopener\">\u00a0Instagram<\/a>\u00a0e no\u00a0<a href=\"https:\/\/www.facebook.com\/acidadeonribeirao\" target=\"_blank\" rel=\"noreferrer noopener\">Facebook<\/a>.<\/p>\n<p>Receba not\u00edcias do\u00a0<strong>acidade on\u00a0<\/strong>no WhatsApp.\u00a0<a href=\"https:\/\/chat.whatsapp.com\/GFH9HUMUTHNFJdnyEd0xxq\" target=\"_blank\" rel=\"noreferrer noopener\">Para entrar no grupo, basta clicar aqui.<\/a><\/p>\n<p>Fa\u00e7a uma den\u00fancia ou sugira uma reportagem sobre Ribeir\u00e3o Preto e regi\u00e3o pelo WhatsApp: 16 99117 7802.<\/p>\n<p>VEJA TAMB\u00c9M<\/p>\n<p>O que recebe com demiss\u00e3o por justa causa?<\/p>\n<p><!-- AI CONTENT END 1 -->\n<\/div>\n<\/div>\n<p><script async src=\"\/\/www.instagram.com\/embed.js\"><\/script><br \/>\n<br \/><br \/>\n<br \/><a href=\"https:\/\/www.acidadeon.com\/ribeiraopreto\/cotidiano\/interior-de-sp-tem-alerta-de-temporais-nesta-terca-feira-confira-a-previsao\/\">Source link <\/a><\/p>\n<div class='code-block code-block-4' style='margin: 8px auto 8px 0; text-align: left; display: block; clear: both;'>\n\ud83d\udce2 Aviso Legal\n\nO site ismaelcolosi.com.br atua apenas como um canal de divulga\u00e7\u00e3o de oportunidades de emprego e n\u00e3o se responsabiliza pelo processo seletivo, contrata\u00e7\u00e3o ou qualquer outra etapa relacionada \u00e0s vagas publicadas. Todas as informa\u00e7\u00f5es s\u00e3o de responsabilidade dos anunciantes.\n\n\u26a0\ufe0f Aten\u00e7\u00e3o! Nunca pague por promessas de emprego nem compre cursos que garantam contrata\u00e7\u00e3o. Desconfie de qualquer cobran\u00e7a para participar de sele\u00e7\u00f5es.\n\n\n\n<\/div>\n<!-- CONTENT END 1 -->\n","protected":false},"excerpt":{"rendered":"<p>O interior de S\u00e3o Paulo tem previs\u00e3o de pancadas de chuva e alerta de temporais nesta ter\u00e7a-feira (9). Segundo a Climatempo, a circula\u00e7\u00e3o de ventos&#8230;<\/p>\n","protected":false},"author":1,"featured_media":45982,"comment_status":"open","ping_status":"open","sticky":false,"template":"","format":"standard","meta":{"_uag_custom_page_level_css":"","advanced_seo_description":"","jetpack_seo_html_title":"","jetpack_seo_noindex":false,"jetpack_post_was_ever_published":false,"_jetpack_newsletter_access":"","_jetpack_dont_email_post_to_subs":false,"_jetpack_newsletter_tier_id":0,"_jetpack_memberships_contains_paywalled_content":false,"_jetpack_memberships_contains_paid_content":false,"footnotes":"","jetpack_publicize_message":"","jetpack_publicize_feature_enabled":true,"jetpack_social_post_already_shared":true,"jetpack_social_options":{"image_generator_settings":{"template":"highway","default_image_id":0,"font":"","enabled":false},"version":2}},"categories":[11],"tags":[],"class_list":["post-45981","post","type-post","status-publish","format-standard","has-post-thumbnail","hentry","category-noticias-de-ribeirao-preto-sp-e-regiao-ismael-colosi"],"jetpack_publicize_connections":[],"jetpack_featured_media_url":"https:\/\/i0.wp.com\/ismaelcolosi.com.br\/wp-content\/uploads\/2024\/04\/WhatsApp-Image-2024-04-09-at-07.20.27.jpeg?fit=1600%2C721&ssl=1","uagb_featured_image_src":{"full":["https:\/\/i0.wp.com\/ismaelcolosi.com.br\/wp-content\/uploads\/2024\/04\/WhatsApp-Image-2024-04-09-at-07.20.27.jpeg?fit=1600%2C721&ssl=1",1600,721,false],"thumbnail":["https:\/\/i0.wp.com\/ismaelcolosi.com.br\/wp-content\/uploads\/2024\/04\/WhatsApp-Image-2024-04-09-at-07.20.27.jpeg?resize=150%2C150&ssl=1",150,150,true],"medium":["https:\/\/i0.wp.com\/ismaelcolosi.com.br\/wp-content\/uploads\/2024\/04\/WhatsApp-Image-2024-04-09-at-07.20.27.jpeg?fit=300%2C135&ssl=1",300,135,true],"medium_large":["https:\/\/i0.wp.com\/ismaelcolosi.com.br\/wp-content\/uploads\/2024\/04\/WhatsApp-Image-2024-04-09-at-07.20.27.jpeg?fit=768%2C346&ssl=1",768,346,true],"large":["https:\/\/i0.wp.com\/ismaelcolosi.com.br\/wp-content\/uploads\/2024\/04\/WhatsApp-Image-2024-04-09-at-07.20.27.jpeg?fit=1024%2C461&ssl=1",1024,461,true],"1536x1536":["https:\/\/i0.wp.com\/ismaelcolosi.com.br\/wp-content\/uploads\/2024\/04\/WhatsApp-Image-2024-04-09-at-07.20.27.jpeg?fit=1536%2C692&ssl=1",1536,692,true],"2048x2048":["https:\/\/i0.wp.com\/ismaelcolosi.com.br\/wp-content\/uploads\/2024\/04\/WhatsApp-Image-2024-04-09-at-07.20.27.jpeg?fit=1600%2C721&ssl=1",1600,721,true],"really-simple-thumb":["https:\/\/i0.wp.com\/ismaelcolosi.com.br\/wp-content\/uploads\/2024\/04\/WhatsApp-Image-2024-04-09-at-07.20.27.jpeg?resize=370%2C247&ssl=1",370,247,true]},"uagb_author_info":{"display_name":"ismaelcolosi.com.br","author_link":"https:\/\/ismaelcolosi.com.br\/index.php\/author\/vidareal-online\/"},"uagb_comment_info":0,"uagb_excerpt":"O interior de S\u00e3o Paulo tem previs\u00e3o de pancadas de chuva e alerta de temporais nesta ter\u00e7a-feira (9). Segundo a Climatempo, a circula\u00e7\u00e3o de ventos...","jetpack-related-posts":[{"id":73168,"url":"https:\/\/ismaelcolosi.com.br\/index.php\/2024\/10\/25\/interior-de-sp-tem-alerta-para-risco-de-novos-temporais-veja-previsao\/","url_meta":{"origin":45981,"position":0},"title":"Interior de SP tem alerta para risco de novos temporais; Veja previs\u00e3o","author":"ismaelcolosi.com.br","date":"25 de October de 2024","format":false,"excerpt":"O avan\u00e7o de uma frente fria deve refor\u00e7ar as instabilidades sobre o interior de S\u00e3o Paulo nesta sexta-feira (25). Segundo a Climatempo, as regi\u00f5es de Ribeir\u00e3o Preto, S\u00e3o Carlos e Campinas est\u00e3o em alerta para temporais localizados, que podem ocorrer com fortes rajadas de vento, raios e granizo. O tempo\u2026","rel":"","context":"In &quot;Not\u00edcias de Ribeir\u00e3o Preto-SP e Regi\u00e3o&quot;","block_context":{"text":"Not\u00edcias de Ribeir\u00e3o Preto-SP e Regi\u00e3o","link":"https:\/\/ismaelcolosi.com.br\/index.php\/category\/noticias-de-ribeirao-preto-sp-e-regiao-ismael-colosi\/"},"img":{"alt_text":"","src":"https:\/\/i0.wp.com\/ismaelcolosi.com.br\/wp-content\/uploads\/2024\/10\/1729852723_WhatsApp-Image-2024-02-15-at-08.13.35-1.jpeg?fit=1200%2C540&ssl=1&resize=350%2C200","width":350,"height":200,"srcset":"https:\/\/i0.wp.com\/ismaelcolosi.com.br\/wp-content\/uploads\/2024\/10\/1729852723_WhatsApp-Image-2024-02-15-at-08.13.35-1.jpeg?fit=1200%2C540&ssl=1&resize=350%2C200 1x, https:\/\/i0.wp.com\/ismaelcolosi.com.br\/wp-content\/uploads\/2024\/10\/1729852723_WhatsApp-Image-2024-02-15-at-08.13.35-1.jpeg?fit=1200%2C540&ssl=1&resize=525%2C300 1.5x, https:\/\/i0.wp.com\/ismaelcolosi.com.br\/wp-content\/uploads\/2024\/10\/1729852723_WhatsApp-Image-2024-02-15-at-08.13.35-1.jpeg?fit=1200%2C540&ssl=1&resize=700%2C400 2x, https:\/\/i0.wp.com\/ismaelcolosi.com.br\/wp-content\/uploads\/2024\/10\/1729852723_WhatsApp-Image-2024-02-15-at-08.13.35-1.jpeg?fit=1200%2C540&ssl=1&resize=1050%2C600 3x"},"classes":[]},{"id":73845,"url":"https:\/\/ismaelcolosi.com.br\/index.php\/2024\/10\/29\/interior-de-sp-segue-com-alerta-de-temporais-nesta-terca-veja-regioes\/","url_meta":{"origin":45981,"position":1},"title":"Interior de SP segue com alerta de temporais nesta ter\u00e7a; Veja regi\u00f5es","author":"ismaelcolosi.com.br","date":"29 de October de 2024","format":false,"excerpt":"O interior de S\u00e3o Paulo continua sob alerta para pancadas de chuva e at\u00e9 ocorr\u00eancia de temporais nesta ter\u00e7a-feira (29). O mapa da Climatempo indica risco de temporais com raios e ventos de 70 km\/h na faixa vermelha, que compreende a regi\u00e3o Nordeste do estado paulista. Na faixa amarela, que\u2026","rel":"","context":"In &quot;Not\u00edcias de Ribeir\u00e3o Preto-SP e Regi\u00e3o&quot;","block_context":{"text":"Not\u00edcias de Ribeir\u00e3o Preto-SP e Regi\u00e3o","link":"https:\/\/ismaelcolosi.com.br\/index.php\/category\/noticias-de-ribeirao-preto-sp-e-regiao-ismael-colosi\/"},"img":{"alt_text":"","src":"https:\/\/i0.wp.com\/ismaelcolosi.com.br\/wp-content\/uploads\/2024\/10\/WhatsApp-Image-2024-02-21-at-07.07.05.jpeg?fit=1200%2C623&ssl=1&resize=350%2C200","width":350,"height":200,"srcset":"https:\/\/i0.wp.com\/ismaelcolosi.com.br\/wp-content\/uploads\/2024\/10\/WhatsApp-Image-2024-02-21-at-07.07.05.jpeg?fit=1200%2C623&ssl=1&resize=350%2C200 1x, https:\/\/i0.wp.com\/ismaelcolosi.com.br\/wp-content\/uploads\/2024\/10\/WhatsApp-Image-2024-02-21-at-07.07.05.jpeg?fit=1200%2C623&ssl=1&resize=525%2C300 1.5x, https:\/\/i0.wp.com\/ismaelcolosi.com.br\/wp-content\/uploads\/2024\/10\/WhatsApp-Image-2024-02-21-at-07.07.05.jpeg?fit=1200%2C623&ssl=1&resize=700%2C400 2x, https:\/\/i0.wp.com\/ismaelcolosi.com.br\/wp-content\/uploads\/2024\/10\/WhatsApp-Image-2024-02-21-at-07.07.05.jpeg?fit=1200%2C623&ssl=1&resize=1050%2C600 3x"},"classes":[]},{"id":12569,"url":"https:\/\/ismaelcolosi.com.br\/index.php\/2023\/12\/08\/frente-fria-avanca-e-deixa-interior-de-sp-em-alerta-para-temporais-nesta-sexta\/","url_meta":{"origin":45981,"position":2},"title":"Frente fria avan\u00e7a e deixa interior de SP em alerta para temporais nesta sexta","author":"ismaelcolosi.com.br","date":"8 de December de 2023","format":false,"excerpt":"A passagem de uma frente fria, o ar quente e a umidade estimulam a forma\u00e7\u00e3o de nuvens carregadas nesta sexta-feira (8), que podem provocar temporais no interior de S\u00e3o Paulo. Segundo o Climatempo, o sol aparece, o ar fica abafado e h\u00e1 previs\u00e3o de pancadas de chuva com raios, principalmente\u2026","rel":"","context":"In &quot;Not\u00edcias de Ribeir\u00e3o Preto-SP e Regi\u00e3o&quot;","block_context":{"text":"Not\u00edcias de Ribeir\u00e3o Preto-SP e Regi\u00e3o","link":"https:\/\/ismaelcolosi.com.br\/index.php\/category\/noticias-de-ribeirao-preto-sp-e-regiao-ismael-colosi\/"},"img":{"alt_text":"","src":"https:\/\/i0.wp.com\/ismaelcolosi.com.br\/wp-content\/uploads\/2023\/12\/1702037593_WhatsApp-Image-2023-11-24-at-11.08.54.jpeg?fit=1200%2C523&ssl=1&resize=350%2C200","width":350,"height":200,"srcset":"https:\/\/i0.wp.com\/ismaelcolosi.com.br\/wp-content\/uploads\/2023\/12\/1702037593_WhatsApp-Image-2023-11-24-at-11.08.54.jpeg?fit=1200%2C523&ssl=1&resize=350%2C200 1x, https:\/\/i0.wp.com\/ismaelcolosi.com.br\/wp-content\/uploads\/2023\/12\/1702037593_WhatsApp-Image-2023-11-24-at-11.08.54.jpeg?fit=1200%2C523&ssl=1&resize=525%2C300 1.5x, https:\/\/i0.wp.com\/ismaelcolosi.com.br\/wp-content\/uploads\/2023\/12\/1702037593_WhatsApp-Image-2023-11-24-at-11.08.54.jpeg?fit=1200%2C523&ssl=1&resize=700%2C400 2x, https:\/\/i0.wp.com\/ismaelcolosi.com.br\/wp-content\/uploads\/2023\/12\/1702037593_WhatsApp-Image-2023-11-24-at-11.08.54.jpeg?fit=1200%2C523&ssl=1&resize=1050%2C600 3x"},"classes":[]},{"id":72512,"url":"https:\/\/ismaelcolosi.com.br\/index.php\/2024\/10\/22\/instabilidades-trazem-novas-pancadas-de-chuva-e-risco-de-temporais-ao-interior-de-sp\/","url_meta":{"origin":45981,"position":3},"title":"Instabilidades trazem novas pancadas de chuva e risco de temporais ao interior de SP","author":"ismaelcolosi.com.br","date":"22 de October de 2024","format":false,"excerpt":"\u00c1reas de instabilidades favorecem pancadas de chuva no per\u00edodo da tarde desta ter\u00e7a-feira (22), no interior de S\u00e3o Paulo. Segundo a Climatempo, as instabilidades podem estimular a forma\u00e7\u00e3o de nuvens carregadas sobre as regi\u00f5es de Ribeir\u00e3o Preto, S\u00e3o Carlos e Campinas. Na regi\u00e3o de Ribeir\u00e3o, h\u00e1 alerta para temporais em\u2026","rel":"","context":"In &quot;Not\u00edcias de Ribeir\u00e3o Preto-SP e Regi\u00e3o&quot;","block_context":{"text":"Not\u00edcias de Ribeir\u00e3o Preto-SP e Regi\u00e3o","link":"https:\/\/ismaelcolosi.com.br\/index.php\/category\/noticias-de-ribeirao-preto-sp-e-regiao-ismael-colosi\/"},"img":{"alt_text":"","src":"https:\/\/i0.wp.com\/ismaelcolosi.com.br\/wp-content\/uploads\/2024\/10\/RIBEIRAO-PRETO.jpg?fit=1200%2C708&ssl=1&resize=350%2C200","width":350,"height":200,"srcset":"https:\/\/i0.wp.com\/ismaelcolosi.com.br\/wp-content\/uploads\/2024\/10\/RIBEIRAO-PRETO.jpg?fit=1200%2C708&ssl=1&resize=350%2C200 1x, https:\/\/i0.wp.com\/ismaelcolosi.com.br\/wp-content\/uploads\/2024\/10\/RIBEIRAO-PRETO.jpg?fit=1200%2C708&ssl=1&resize=525%2C300 1.5x, https:\/\/i0.wp.com\/ismaelcolosi.com.br\/wp-content\/uploads\/2024\/10\/RIBEIRAO-PRETO.jpg?fit=1200%2C708&ssl=1&resize=700%2C400 2x, https:\/\/i0.wp.com\/ismaelcolosi.com.br\/wp-content\/uploads\/2024\/10\/RIBEIRAO-PRETO.jpg?fit=1200%2C708&ssl=1&resize=1050%2C600 3x"},"classes":[]},{"id":5043,"url":"https:\/\/ismaelcolosi.com.br\/index.php\/2023\/11\/22\/interior-do-estado-de-sp-tem-alerta-da-defesa-civil-para-temporais-de-ate-170-milimetros\/","url_meta":{"origin":45981,"position":4},"title":"Interior do estado de SP tem alerta da Defesa Civil para temporais de at\u00e9 170 mil\u00edmetros","author":"ismaelcolosi.com.br","date":"22 de November de 2023","format":false,"excerpt":"A Defesa Civil publicou um alerta nesta quarta-feira (22) para temporais que podem ocorrer no interior de S\u00e3o Paulo entre quinta-feira (23) e s\u00e1bado (25).\u00a0 As chuvas podem atingir o acumulado de 170 mil\u00edmetros e s\u00e3o motivadas por uma frente fria que chegou ao estado. De acordo com o \u00f3rg\u00e3o,\u2026","rel":"","context":"In &quot;Not\u00edcias de Ribeir\u00e3o Preto-SP e Regi\u00e3o&quot;","block_context":{"text":"Not\u00edcias de Ribeir\u00e3o Preto-SP e Regi\u00e3o","link":"https:\/\/ismaelcolosi.com.br\/index.php\/category\/noticias-de-ribeirao-preto-sp-e-regiao-ismael-colosi\/"},"img":{"alt_text":"","src":"https:\/\/i0.wp.com\/ismaelcolosi.com.br\/wp-content\/uploads\/2023\/11\/WhatsApp-Image-2023-10-27-at-06.48.27.jpeg?fit=1200%2C540&ssl=1&resize=350%2C200","width":350,"height":200,"srcset":"https:\/\/i0.wp.com\/ismaelcolosi.com.br\/wp-content\/uploads\/2023\/11\/WhatsApp-Image-2023-10-27-at-06.48.27.jpeg?fit=1200%2C540&ssl=1&resize=350%2C200 1x, https:\/\/i0.wp.com\/ismaelcolosi.com.br\/wp-content\/uploads\/2023\/11\/WhatsApp-Image-2023-10-27-at-06.48.27.jpeg?fit=1200%2C540&ssl=1&resize=525%2C300 1.5x, https:\/\/i0.wp.com\/ismaelcolosi.com.br\/wp-content\/uploads\/2023\/11\/WhatsApp-Image-2023-10-27-at-06.48.27.jpeg?fit=1200%2C540&ssl=1&resize=700%2C400 2x, https:\/\/i0.wp.com\/ismaelcolosi.com.br\/wp-content\/uploads\/2023\/11\/WhatsApp-Image-2023-10-27-at-06.48.27.jpeg?fit=1200%2C540&ssl=1&resize=1050%2C600 3x"},"classes":[]},{"id":72714,"url":"https:\/\/ismaelcolosi.com.br\/index.php\/2024\/10\/23\/frente-fria-aumenta-risco-de-temporais-no-estado-de-sp-veja-previsao\/","url_meta":{"origin":45981,"position":5},"title":"Frente fria aumenta risco de temporais no estado de SP; Veja previs\u00e3o","author":"ismaelcolosi.com.br","date":"23 de October de 2024","format":false,"excerpt":"O risco de temporais aumenta nesta quarta-feira (23), no estado de S\u00e3o Paulo. Segundo a Climatempo, h\u00e1 alerta para as regi\u00f5es Centro-Sul e Leste do estado. J\u00e1 nas regi\u00f5es do Centro-Norte, Noroeste e Oeste podem ocorrer pancadas fortes com raios e ventos entre 51 km\/h a 70 km\/h. \u201cA passagem\u2026","rel":"","context":"In &quot;Not\u00edcias de Ribeir\u00e3o Preto-SP e Regi\u00e3o&quot;","block_context":{"text":"Not\u00edcias de Ribeir\u00e3o Preto-SP e Regi\u00e3o","link":"https:\/\/ismaelcolosi.com.br\/index.php\/category\/noticias-de-ribeirao-preto-sp-e-regiao-ismael-colosi\/"},"img":{"alt_text":"","src":"https:\/\/i0.wp.com\/ismaelcolosi.com.br\/wp-content\/uploads\/2024\/07\/RIBEIRAO-PRETO_2024-07-29_16-25-16_jpg_2024-07-29_16-25-17.webp.webp?fit=1200%2C679&ssl=1&resize=350%2C200","width":350,"height":200,"srcset":"https:\/\/i0.wp.com\/ismaelcolosi.com.br\/wp-content\/uploads\/2024\/07\/RIBEIRAO-PRETO_2024-07-29_16-25-16_jpg_2024-07-29_16-25-17.webp.webp?fit=1200%2C679&ssl=1&resize=350%2C200 1x, https:\/\/i0.wp.com\/ismaelcolosi.com.br\/wp-content\/uploads\/2024\/07\/RIBEIRAO-PRETO_2024-07-29_16-25-16_jpg_2024-07-29_16-25-17.webp.webp?fit=1200%2C679&ssl=1&resize=525%2C300 1.5x, https:\/\/i0.wp.com\/ismaelcolosi.com.br\/wp-content\/uploads\/2024\/07\/RIBEIRAO-PRETO_2024-07-29_16-25-16_jpg_2024-07-29_16-25-17.webp.webp?fit=1200%2C679&ssl=1&resize=700%2C400 2x, https:\/\/i0.wp.com\/ismaelcolosi.com.br\/wp-content\/uploads\/2024\/07\/RIBEIRAO-PRETO_2024-07-29_16-25-16_jpg_2024-07-29_16-25-17.webp.webp?fit=1200%2C679&ssl=1&resize=1050%2C600 3x"},"classes":[]}],"jetpack_sharing_enabled":true,"jetpack_shortlink":"https:\/\/wp.me\/pfMlyK-bXD","_links":{"self":[{"href":"https:\/\/ismaelcolosi.com.br\/index.php\/wp-json\/wp\/v2\/posts\/45981","targetHints":{"allow":["GET"]}}],"collection":[{"href":"https:\/\/ismaelcolosi.com.br\/index.php\/wp-json\/wp\/v2\/posts"}],"about":[{"href":"https:\/\/ismaelcolosi.com.br\/index.php\/wp-json\/wp\/v2\/types\/post"}],"author":[{"embeddable":true,"href":"https:\/\/ismaelcolosi.com.br\/index.php\/wp-json\/wp\/v2\/users\/1"}],"replies":[{"embeddable":true,"href":"https:\/\/ismaelcolosi.com.br\/index.php\/wp-json\/wp\/v2\/comments?post=45981"}],"version-history":[{"count":0,"href":"https:\/\/ismaelcolosi.com.br\/index.php\/wp-json\/wp\/v2\/posts\/45981\/revisions"}],"wp:featuredmedia":[{"embeddable":true,"href":"https:\/\/ismaelcolosi.com.br\/index.php\/wp-json\/wp\/v2\/media\/45982"}],"wp:attachment":[{"href":"https:\/\/ismaelcolosi.com.br\/index.php\/wp-json\/wp\/v2\/media?parent=45981"}],"wp:term":[{"taxonomy":"category","embeddable":true,"href":"https:\/\/ismaelcolosi.com.br\/index.php\/wp-json\/wp\/v2\/categories?post=45981"},{"taxonomy":"post_tag","embeddable":true,"href":"https:\/\/ismaelcolosi.com.br\/index.php\/wp-json\/wp\/v2\/tags?post=45981"}],"curies":[{"name":"wp","href":"https:\/\/api.w.org\/{rel}","templated":true}]}}