{"id":45976,"date":"2024-04-09T06:27:49","date_gmt":"2024-04-09T09:27:49","guid":{"rendered":"https:\/\/ismaelcolosi.com.br\/index.php\/2024\/04\/09\/entenda-as-consequencias-de-elon-musk-pagar-mais-para-reter-talentos-de-ia\/"},"modified":"2024-04-09T06:27:49","modified_gmt":"2024-04-09T09:27:49","slug":"entenda-as-consequencias-de-elon-musk-pagar-mais-para-reter-talentos-de-ia","status":"publish","type":"post","link":"https:\/\/ismaelcolosi.com.br\/index.php\/2024\/04\/09\/entenda-as-consequencias-de-elon-musk-pagar-mais-para-reter-talentos-de-ia\/","title":{"rendered":"Entenda as consequ\u00eancias de Elon Musk pagar mais para reter talentos de IA"},"content":{"rendered":"<p> <br \/>\n<\/p>\n<div>\n<div id=\"attachment_579426\" class=\"wp-caption alignnone style=\" max-width:=\"\"><img data-recalc-dims=\"1\" fetchpriority=\"high\" decoding=\"async\" class=\"alignnone wp-image-579426 size-full\" src=\"https:\/\/i0.wp.com\/forbes.com.br\/wp-content\/uploads\/2023\/11\/ElonMuskIA-768x512.jpg?resize=678%2C452&#038;ssl=1\" http:=\"\" alt=\"Reprodu\u00e7\u00e3o \" width=\"678\" height=\"452\" data-lazy-src=\"https:\/\/forbes.com.br\/wp-content\/uploads\/2023\/11\/ElonMuskIA-768x512.jpg\"\/><noscript><img data-recalc-dims=\"1\" fetchpriority=\"high\" decoding=\"async\" class=\"alignnone wp-image-579426 size-full\" src=\"https:\/\/i0.wp.com\/forbes.com.br\/wp-content\/uploads\/2023\/11\/ElonMuskIA-768x512.jpg?resize=678%2C452&#038;ssl=1\" alt=\"Reprodu\u00e7\u00e3o \" width=\"678\" height=\"452\"\/><\/noscript><\/p>\n<p class=\"wp-caption-text\">Elon Musk vem investindo em v\u00e1rias iniciativas de IA, entre elas o Grok<\/p><div class='code-block code-block-8' style='margin: 8px auto; text-align: center; display: block; clear: both;'>\n<script>\n  atOptions = {\n    'key' : '66e2e2111ca34da796271819fc334058',\n    'format' : 'iframe',\n    'height' : 250,\n    'width' : 300,\n    'params' : {}\n  };\n<\/script>\n<script src=\"https:\/\/www.highperformanceformat.com\/66e2e2111ca34da796271819fc334058\/invoke.js\"><\/script>\n<\/div>\n\n<\/div>\n<p>Na competitiva ind\u00fastria da intelig\u00eancia artificial, vale quase tudo para n\u00e3o ficar para tr\u00e1s. Elon Musk afirmou, na semana passada, que est\u00e1 oferecendo sal\u00e1rios mais altos para reter talentos especializados em IA.<\/p>\n<p>O mercado, em especial os analistas, logo reagiram apontando as consequ\u00eancias desse movimento, tanto positivas como negativas.<\/p>\n<p><strong>Consequ\u00eancias positivas:<\/strong><\/p>\n<p>Atrair e reter os melhores talentos em IA: Oferecer sal\u00e1rios mais altos pode atrair os melhores profissionais de IA do mundo, o que pode levar a inova\u00e7\u00f5es mais r\u00e1pidas e de maior qualidade.<br \/>Aumentar a competitividade no setor de IA: Aumento dos sal\u00e1rios pode estimular outras empresas a investir mais em IA e a oferecer sal\u00e1rios mais competitivos, o que pode levar a um crescimento geral do setor.<br \/>Melhorar a qualidade da pesquisa e do desenvolvimento em IA: Com profissionais mais talentosos e recursos mais abundantes, a qualidade da pesquisa e do desenvolvimento em IA pode melhorar significativamente.<br \/>Acelerar o desenvolvimento de tecnologias de IA: Com mais recursos e talentos, o desenvolvimento de tecnologias de IA pode ser acelerado, o que pode trazer benef\u00edcios para diversas \u00e1reas da sociedade.<\/p>\n<ul>\n<li>\n<h4>Siga a <a href=\"https:\/\/whatsapp.com\/channel\/0029Va9gQKwBFLgM96cJnu0u\" target=\"_blank\" rel=\"noopener\">Forbes<\/a> no WhatsApp e receba as principais not\u00edcias sobre neg\u00f3cios, carreira, tecnologia e estilo de vida<\/h4>\n<\/li>\n<\/ul>\n<p><strong>Consequ\u00eancias negativas:<\/strong><\/p>\n<p>Aumento da desigualdade no setor de IA: Oferecer sal\u00e1rios exorbitantes pode aumentar a desigualdade entre profissionais de IA, com os mais bem pagos se distanciando ainda mais dos demais.<br \/>Dificultar o acesso \u00e0 IA para empresas menores: Sal\u00e1rios mais altos podem dificultar o acesso \u00e0 IA para empresas menores que n\u00e3o podem competir com os grandes players do mercado.<br \/>Criar uma \u201cbolha\u201d no mercado de IA: Aumento dos sal\u00e1rios pode levar a uma \u201cbolha\u201d no mercado de IA, com a cria\u00e7\u00e3o de empresas e projetos insustent\u00e1veis.<br \/>Escassez de profissionais de IA: Aumento da demanda por profissionais de IA pode levar a uma escassez de m\u00e3o de obra qualificada, o que pode dificultar o desenvolvimento de projetos de IA.<\/p>\n<p><strong>Outras consequ\u00eancias:<\/strong><\/p>\n<p>Poss\u00edvel mudan\u00e7a no foco da pesquisa em IA: Com mais recursos, os profissionais de IA podem se concentrar em problemas mais ambiciosos e de longo prazo.<br \/>Aumento da influ\u00eancia de Elon Musk no setor de IA: Ao atrair os melhores talentos para suas empresas, Elon Musk pode aumentar sua influ\u00eancia no desenvolvimento da IA.<br \/>Mudan\u00e7as na cultura do trabalho no setor de IA: Sal\u00e1rios mais altos podem levar a mudan\u00e7as na cultura do trabalho no setor de IA, com foco em atrair e reter os melhores talentos.<\/p>\n<h2>3 fun\u00e7\u00f5es que todo l\u00edder precisa assumir em rela\u00e7\u00e3o \u00e0 intelig\u00eancia artificial<\/h2>\n<div class=\"pksGallery\">\n<div class=\"stage\">\n<span class=\"back\"\/><br \/>\n<span class=\"next\"\/><\/p>\n<ul>\n<li>\n<div>\n<span><br \/>\n<img data-recalc-dims=\"1\" decoding=\"async\" src=\"https:\/\/i0.wp.com\/forbes.com.br\/wp-content\/uploads\/2024\/02\/carreira-inteligencia-artificial-1.jpg?ssl=1\" http:=\"\" data-lazy-src=\"https:\/\/forbes.com.br\/wp-content\/uploads\/2024\/02\/carreira-inteligencia-artificial-1.jpg\"\/><noscript><img data-recalc-dims=\"1\" decoding=\"async\" src=\"https:\/\/i0.wp.com\/forbes.com.br\/wp-content\/uploads\/2024\/02\/carreira-inteligencia-artificial-1.jpg?ssl=1\"\/><\/noscript><\/p>\n<article>\n<span class=\"credito\"\/><\/p>\n<h3>1. Especialista em IA<\/h3>\n<p>Ame ou odeie, a intelig\u00eancia artificial veio para ficar. Segundo uma <a href=\"https:\/\/www.kornferry.com\/institute\/humans-still-wanted-the-future-of-work-in-an-ai-driven-world#:~:text=A%20new%20Korn%20Ferry%20survey,of%20work%20and%20human%20capital.&amp;text=In%20today's%20world%2C%20artificial%20intelligence,and%20the%20future%20of%20work.\" target=\"_blank\" rel=\"noopener\">pesquisa recente da empresa global de consultoria Korn Ferry,<\/a> mais de 82% dos l\u00edderes seniores acreditam que a IA ter\u00e1 um impacto significativo nos seus neg\u00f3cios.<\/p>\n<p>A Conference Board, organiza\u00e7\u00e3o global sem fins lucrativos que fornece pesquisas e insights para l\u00edderes, concluiu que <a href=\"https:\/\/www.conference-board.org\/press\/us-workers-and-generative-ai\" target=\"_blank\" rel=\"noopener\">56% dos trabalhadores j\u00e1 usam IA generativa no trabalho<\/a>. Isso significa que todo l\u00edder moderno precisa se tornar um especialista em IA \u2013 n\u00e3o necessariamente um especialista t\u00e9cnico, mas algu\u00e9m que entenda o b\u00e1sico: o que a IA pode ou n\u00e3o fazer e como pode ser aplicada ao seu pr\u00f3prio trabalho.<\/p>\n<p>Uma compet\u00eancia fundamental para os l\u00edderes hoje \u00e9 a de identificar as oportunidades e os desafios que a IA pode trazer para o seu campo. Eles devem ter perspic\u00e1cia para avaliar a viabilidade de solu\u00e7\u00f5es de IA para seus problemas espec\u00edficos. Al\u00e9m disso, precisam monitorar o desempenho e o impacto dos sistemas de IA no neg\u00f3cio que lideram. S\u00f3 assim eles v\u00e3o conseguir guiar as organiza\u00e7\u00f5es em meio \u00e0s transforma\u00e7\u00f5es da tecnologia.<\/p>\n<\/article>\n<p><\/span>\n<\/div>\n<\/li>\n<li>\n<div>\n<span><br \/>\n<img data-recalc-dims=\"1\" decoding=\"async\" src=\"https:\/\/i0.wp.com\/forbes.com.br\/wp-content\/uploads\/2024\/02\/carreira-inteligencia-artificial-trabalho-1.jpg?ssl=1\" http:=\"\" data-lazy-src=\"https:\/\/forbes.com.br\/wp-content\/uploads\/2024\/02\/carreira-inteligencia-artificial-trabalho-1.jpg\"\/><noscript><img data-recalc-dims=\"1\" decoding=\"async\" src=\"https:\/\/i0.wp.com\/forbes.com.br\/wp-content\/uploads\/2024\/02\/carreira-inteligencia-artificial-trabalho-1.jpg?ssl=1\"\/><\/noscript><\/p>\n<article>\n<span class=\"credito\"\/><\/p>\n<h3>2. Mentor de IA<\/h3>\n<p>De acordo com um <a href=\"https:\/\/www.apa.org\/pubs\/reports\/work-in-america\/2023-work-america-ai-monitoring\" target=\"_blank\" rel=\"noopener\">estudo recente da Associa\u00e7\u00e3o Americana de Psicologia<\/a>, 51% dos trabalhadores expressam preocupa\u00e7\u00f5es com a possibilidade de a IA acabar com os seus empregos.<\/p>\n<p>Essa apreens\u00e3o est\u00e1 associada \u00e0 sa\u00fade mental negativa e a sentimentos de desvaloriza\u00e7\u00e3o no trabalho. Uma poss\u00edvel raz\u00e3o para isso \u00e9 que as organiza\u00e7\u00f5es est\u00e3o investindo principalmente na qualifica\u00e7\u00e3o de l\u00edderes em IA, enquanto os funcion\u00e1rios da linha de frente podem se sentir deixados para tr\u00e1s. Isso ressalta a import\u00e2ncia de cada l\u00edder se tornar um mentor de IA para as suas equipes.<\/p>\n<p>Isso significa que eles v\u00e3o avaliar a prepara\u00e7\u00e3o das suas equipes em rela\u00e7\u00e3o \u00e0 tecnologia, orientar a sua utiliza\u00e7\u00e3o, definir expectativas claras e abordar riscos potenciais, como parcialidade, privacidade, seguran\u00e7a, potencial perda de emprego e conformidade.<\/p>\n<p>E tamb\u00e9m v\u00e3o defender o investimento no desenvolvimento de habilidades e na cria\u00e7\u00e3o de uma cultura de aprendizagem cont\u00ednua. Isso permitir\u00e1 que os profissionais de todos os n\u00edveis se sintam apoiados e motivados para melhorar as suas compet\u00eancias em IA.<\/p>\n<\/article>\n<p><\/span>\n<\/div>\n<\/li>\n<li>\n<div>\n<span><br \/>\n<img data-recalc-dims=\"1\" decoding=\"async\" src=\"https:\/\/i0.wp.com\/forbes.com.br\/wp-content\/uploads\/2024\/02\/carreira-trabalho-inteligencia-artificial-1.jpg?ssl=1\" http:=\"\" data-lazy-src=\"https:\/\/forbes.com.br\/wp-content\/uploads\/2024\/02\/carreira-trabalho-inteligencia-artificial-1.jpg\"\/><noscript><img data-recalc-dims=\"1\" decoding=\"async\" src=\"https:\/\/i0.wp.com\/forbes.com.br\/wp-content\/uploads\/2024\/02\/carreira-trabalho-inteligencia-artificial-1.jpg?ssl=1\"\/><\/noscript><\/p>\n<article>\n<span class=\"credito\"\/><\/p>\n<h3>3. Agente de mudan\u00e7a de IA<\/h3>\n<p>\u00c0 medida que as organiza\u00e7\u00f5es come\u00e7am a usar a IA, torna-se mais importante que cada l\u00edder conduza um movimento pensando nas transforma\u00e7\u00f5es resultantes dessa ado\u00e7\u00e3o.<\/p>\n<p>Isso implica promover a colabora\u00e7\u00e3o com outros departamentos e fun\u00e7\u00f5es para garantir a integra\u00e7\u00e3o do trabalho e o alinhamento da vis\u00e3o para a utiliza\u00e7\u00e3o da IA. Al\u00e9m disso, os l\u00edderes ter\u00e3o de desempenhar um papel crucial no estabelecimento de diretrizes \u00e9ticas, compartilhando as suas pr\u00f3prias li\u00e7\u00f5es aprendidas e abordando o impacto da IA \u200b\u200bn\u00e3o apenas nas suas equipes, mas tamb\u00e9m nos clientes e parceiros.<\/p>\n<p>A realidade \u00e9 que a ado\u00e7\u00e3o bem-sucedida da IA \u200b\u200bem grande escala exige l\u00edderes modernos que n\u00e3o s\u00f3 possuam compet\u00eancias de gest\u00e3o de mudan\u00e7as, mas tamb\u00e9m tenham a capacidade de implementar e sustentar as transforma\u00e7\u00f5es em todos os n\u00edveis da organiza\u00e7\u00e3o. Isso inclui abordagens de cima para baixo, de baixo para cima e peer-to-peer, ao mesmo tempo que uma adapta\u00e7\u00e3o cont\u00ednua em rela\u00e7\u00e3o ao r\u00e1pido ritmo de desenvolvimento da IA.<\/p>\n<\/article>\n<p><\/span>\n<\/div>\n<\/li>\n<\/ul>\n<\/div>\n<div class=\"description\">\n<span class=\"credito\"\/><\/p>\n<h3>1. Especialista em IA<\/h3>\n<p>Ame ou odeie, a intelig\u00eancia artificial veio para ficar. Segundo uma <a href=\"https:\/\/www.kornferry.com\/institute\/humans-still-wanted-the-future-of-work-in-an-ai-driven-world#:~:text=A%20new%20Korn%20Ferry%20survey,of%20work%20and%20human%20capital.&amp;text=In%20today's%20world%2C%20artificial%20intelligence,and%20the%20future%20of%20work.\" target=\"_blank\" rel=\"noopener\">pesquisa recente da empresa global de consultoria Korn Ferry,<\/a> mais de 82% dos l\u00edderes seniores acreditam que a IA ter\u00e1 um impacto significativo nos seus neg\u00f3cios.<\/p>\n<p>A Conference Board, organiza\u00e7\u00e3o global sem fins lucrativos que fornece pesquisas e insights para l\u00edderes, concluiu que <a href=\"https:\/\/www.conference-board.org\/press\/us-workers-and-generative-ai\" target=\"_blank\" rel=\"noopener\">56% dos trabalhadores j\u00e1 usam IA generativa no trabalho<\/a>. Isso significa que todo l\u00edder moderno precisa se tornar um especialista em IA \u2013 n\u00e3o necessariamente um especialista t\u00e9cnico, mas algu\u00e9m que entenda o b\u00e1sico: o que a IA pode ou n\u00e3o fazer e como pode ser aplicada ao seu pr\u00f3prio trabalho.<\/p>\n<p>Uma compet\u00eancia fundamental para os l\u00edderes hoje \u00e9 a de identificar as oportunidades e os desafios que a IA pode trazer para o seu campo. Eles devem ter perspic\u00e1cia para avaliar a viabilidade de solu\u00e7\u00f5es de IA para seus problemas espec\u00edficos. Al\u00e9m disso, precisam monitorar o desempenho e o impacto dos sistemas de IA no neg\u00f3cio que lideram. S\u00f3 assim eles v\u00e3o conseguir guiar as organiza\u00e7\u00f5es em meio \u00e0s transforma\u00e7\u00f5es da tecnologia.<\/p>\n<\/div>\n<\/div>\n<p>\u00a0<\/p>\n<\/div>\n<p><script type=\"rocketlazyloadscript\">\n\t\t\t\t(function(d, s, id){\n\t\t\t\t\tvar js, fjs = d.getElementsByTagName(s)[0];\n\t\t\t\t\tif (d.getElementById(id)) return;\n\t\t\t\t\tjs = d.createElement(s); js.id = id;\n\t\t\t\t\tjs.src = \"\/\/connect.facebook.net\/pt_BR\/sdk.js#xfbml=1&version=v2.9\";\n\t\t\t\t\tfjs.parentNode.insertBefore(js, fjs);\n\t\t\t\t}(document, 'script', 'facebook-jssdk'));\n\t\t\t<\/script><br \/>\n<br \/><br \/>\n<br \/><a href=\"https:\/\/forbes.com.br\/forbes-tech\/2024\/04\/entenda-as-consequencias-de-elon-musk-pagar-mais-para-reter-talentos-de-ia\/\">Source link <\/a><\/p>\n<div class='code-block code-block-4' style='margin: 8px auto 8px 0; text-align: left; display: block; clear: both;'>\n\ud83d\udce2 Aviso Legal\n\nO site ismaelcolosi.com.br atua apenas como um canal de divulga\u00e7\u00e3o de oportunidades de emprego e n\u00e3o se responsabiliza pelo processo seletivo, contrata\u00e7\u00e3o ou qualquer outra etapa relacionada \u00e0s vagas publicadas. Todas as informa\u00e7\u00f5es s\u00e3o de responsabilidade dos anunciantes.\n\n\u26a0\ufe0f Aten\u00e7\u00e3o! Nunca pague por promessas de emprego nem compre cursos que garantam contrata\u00e7\u00e3o. Desconfie de qualquer cobran\u00e7a para participar de sele\u00e7\u00f5es.\n\n\n\n<\/div>\n<!-- CONTENT END 1 -->\n","protected":false},"excerpt":{"rendered":"<p>Elon Musk vem investindo em v\u00e1rias iniciativas de IA, entre elas o Grok Na competitiva ind\u00fastria da intelig\u00eancia artificial, vale quase tudo para n\u00e3o ficar&#8230;<\/p>\n","protected":false},"author":1,"featured_media":45977,"comment_status":"open","ping_status":"open","sticky":false,"template":"","format":"standard","meta":{"_uag_custom_page_level_css":"","advanced_seo_description":"","jetpack_seo_html_title":"","jetpack_seo_noindex":false,"jetpack_post_was_ever_published":false,"_jetpack_newsletter_access":"","_jetpack_dont_email_post_to_subs":false,"_jetpack_newsletter_tier_id":0,"_jetpack_memberships_contains_paywalled_content":false,"_jetpack_memberships_contains_paid_content":false,"footnotes":"","jetpack_publicize_message":"","jetpack_publicize_feature_enabled":true,"jetpack_social_post_already_shared":true,"jetpack_social_options":{"image_generator_settings":{"template":"highway","default_image_id":0,"font":"","enabled":false},"version":2}},"categories":[1964],"tags":[],"class_list":["post-45976","post","type-post","status-publish","format-standard","has-post-thumbnail","hentry","category-carreira-e-sucesso-dicas-para-carreira"],"jetpack_publicize_connections":[],"jetpack_featured_media_url":"https:\/\/i0.wp.com\/ismaelcolosi.com.br\/wp-content\/uploads\/2024\/04\/ElonMuskIA-1024x683.jpg?fit=1024%2C683&ssl=1","uagb_featured_image_src":{"full":["https:\/\/i0.wp.com\/ismaelcolosi.com.br\/wp-content\/uploads\/2024\/04\/ElonMuskIA-1024x683.jpg?fit=1024%2C683&ssl=1",1024,683,false],"thumbnail":["https:\/\/i0.wp.com\/ismaelcolosi.com.br\/wp-content\/uploads\/2024\/04\/ElonMuskIA-1024x683.jpg?resize=150%2C150&ssl=1",150,150,true],"medium":["https:\/\/i0.wp.com\/ismaelcolosi.com.br\/wp-content\/uploads\/2024\/04\/ElonMuskIA-1024x683.jpg?fit=300%2C200&ssl=1",300,200,true],"medium_large":["https:\/\/i0.wp.com\/ismaelcolosi.com.br\/wp-content\/uploads\/2024\/04\/ElonMuskIA-1024x683.jpg?fit=768%2C512&ssl=1",768,512,true],"large":["https:\/\/i0.wp.com\/ismaelcolosi.com.br\/wp-content\/uploads\/2024\/04\/ElonMuskIA-1024x683.jpg?fit=1024%2C683&ssl=1",1024,683,true],"1536x1536":["https:\/\/i0.wp.com\/ismaelcolosi.com.br\/wp-content\/uploads\/2024\/04\/ElonMuskIA-1024x683.jpg?fit=1024%2C683&ssl=1",1024,683,true],"2048x2048":["https:\/\/i0.wp.com\/ismaelcolosi.com.br\/wp-content\/uploads\/2024\/04\/ElonMuskIA-1024x683.jpg?fit=1024%2C683&ssl=1",1024,683,true],"really-simple-thumb":["https:\/\/i0.wp.com\/ismaelcolosi.com.br\/wp-content\/uploads\/2024\/04\/ElonMuskIA-1024x683.jpg?resize=370%2C247&ssl=1",370,247,true]},"uagb_author_info":{"display_name":"ismaelcolosi.com.br","author_link":"https:\/\/ismaelcolosi.com.br\/index.php\/author\/vidareal-online\/"},"uagb_comment_info":0,"uagb_excerpt":"Elon Musk vem investindo em v\u00e1rias iniciativas de IA, entre elas o Grok Na competitiva ind\u00fastria da intelig\u00eancia artificial, vale quase tudo para n\u00e3o ficar...","jetpack-related-posts":[{"id":85486,"url":"https:\/\/ismaelcolosi.com.br\/index.php\/2025\/05\/21\/escassez-de-talentos-em-ia-pode-frear-inovacao-global\/","url_meta":{"origin":45976,"position":0},"title":"Escassez de Talentos em IA Pode Frear Inova\u00e7\u00e3o Global","author":"ismaelcolosi.com.br","date":"21 de May de 2025","format":false,"excerpt":"\r Getty Images\r Escassez de talentos fez com que os sal\u00e1rios de especialistas em IA subissem\r Acessibilidade \r L\r L\r A-\r A+\r \r \u25d0\r \r \u00a0 Desde 2019, a demanda por profissionais com habilidades em intelig\u00eancia artificial tem crescido, em m\u00e9dia, 21% ao ano \u2013 superando significativamente a oferta de\u2026","rel":"","context":"In &quot;Carreira e Sucesso&quot;","block_context":{"text":"Carreira e Sucesso","link":"https:\/\/ismaelcolosi.com.br\/index.php\/category\/carreira-e-sucesso-dicas-para-carreira\/"},"img":{"alt_text":"","src":"https:\/\/i0.wp.com\/ismaelcolosi.com.br\/wp-content\/uploads\/2025\/05\/forbes-ia-talentos-1200x675.jpg?fit=1200%2C675&ssl=1&resize=350%2C200","width":350,"height":200,"srcset":"https:\/\/i0.wp.com\/ismaelcolosi.com.br\/wp-content\/uploads\/2025\/05\/forbes-ia-talentos-1200x675.jpg?fit=1200%2C675&ssl=1&resize=350%2C200 1x, https:\/\/i0.wp.com\/ismaelcolosi.com.br\/wp-content\/uploads\/2025\/05\/forbes-ia-talentos-1200x675.jpg?fit=1200%2C675&ssl=1&resize=525%2C300 1.5x, https:\/\/i0.wp.com\/ismaelcolosi.com.br\/wp-content\/uploads\/2025\/05\/forbes-ia-talentos-1200x675.jpg?fit=1200%2C675&ssl=1&resize=700%2C400 2x, https:\/\/i0.wp.com\/ismaelcolosi.com.br\/wp-content\/uploads\/2025\/05\/forbes-ia-talentos-1200x675.jpg?fit=1200%2C675&ssl=1&resize=1050%2C600 3x"},"classes":[]},{"id":89652,"url":"https:\/\/ismaelcolosi.com.br\/index.php\/2026\/03\/25\/meta-eleva-remuneracao-de-principais-executivos-com-opcoes-de-acoes-em-meio-a-corrida-da-ia\/","url_meta":{"origin":45976,"position":1},"title":"Meta Eleva Remunera\u00e7\u00e3o de Principais Executivos com Op\u00e7\u00f5es de A\u00e7\u00f5es em Meio \u00c0 Corrida da IA","author":"ismaelcolosi.com.br","date":"25 de March de 2026","format":false,"excerpt":"A Meta ofereceu aos seus principais executivos op\u00e7\u00f5es de a\u00e7\u00f5es que podem render centenas de milh\u00f5es de d\u00f3lares e est\u00e3o atreladas a um aumento de seis vezes o valor da empresa, para mais de US$ 9 trilh\u00f5es (R$ 47 trilh\u00f5es na cota\u00e7\u00e3o atual), numa tentativa de reter talentos e impulsionar\u2026","rel":"","context":"In &quot;Carreira e Sucesso&quot;","block_context":{"text":"Carreira e Sucesso","link":"https:\/\/ismaelcolosi.com.br\/index.php\/category\/carreira-e-sucesso-dicas-para-carreira\/"},"img":{"alt_text":"","src":"https:\/\/i0.wp.com\/ismaelcolosi.com.br\/wp-content\/uploads\/2026\/03\/Novo-tamanho-site-1920x1080-15-1200x675.png?fit=1200%2C675&ssl=1&resize=350%2C200","width":350,"height":200,"srcset":"https:\/\/i0.wp.com\/ismaelcolosi.com.br\/wp-content\/uploads\/2026\/03\/Novo-tamanho-site-1920x1080-15-1200x675.png?fit=1200%2C675&ssl=1&resize=350%2C200 1x, https:\/\/i0.wp.com\/ismaelcolosi.com.br\/wp-content\/uploads\/2026\/03\/Novo-tamanho-site-1920x1080-15-1200x675.png?fit=1200%2C675&ssl=1&resize=525%2C300 1.5x, https:\/\/i0.wp.com\/ismaelcolosi.com.br\/wp-content\/uploads\/2026\/03\/Novo-tamanho-site-1920x1080-15-1200x675.png?fit=1200%2C675&ssl=1&resize=700%2C400 2x, https:\/\/i0.wp.com\/ismaelcolosi.com.br\/wp-content\/uploads\/2026\/03\/Novo-tamanho-site-1920x1080-15-1200x675.png?fit=1200%2C675&ssl=1&resize=1050%2C600 3x"},"classes":[]},{"id":89704,"url":"https:\/\/ismaelcolosi.com.br\/index.php\/2026\/03\/30\/meta-eleva-remuneracao-de-principais-executivos-com-opcoes-de-acoes-em-meio-a-corrida-da-ia-2\/","url_meta":{"origin":45976,"position":2},"title":"Meta Eleva Remunera\u00e7\u00e3o de Principais Executivos com Op\u00e7\u00f5es de A\u00e7\u00f5es em Meio \u00c0 Corrida da IA","author":"ismaelcolosi.com.br","date":"30 de March de 2026","format":false,"excerpt":"A Meta ofereceu aos seus principais executivos op\u00e7\u00f5es de a\u00e7\u00f5es que podem render centenas de milh\u00f5es de d\u00f3lares e est\u00e3o atreladas a um aumento de seis vezes o valor da empresa, para mais de US$ 9 trilh\u00f5es (R$ 47 trilh\u00f5es na cota\u00e7\u00e3o atual), numa tentativa de reter talentos e impulsionar\u2026","rel":"","context":"In &quot;Carreira e Sucesso&quot;","block_context":{"text":"Carreira e Sucesso","link":"https:\/\/ismaelcolosi.com.br\/index.php\/category\/carreira-e-sucesso-dicas-para-carreira\/"},"img":{"alt_text":"","src":"https:\/\/i0.wp.com\/ismaelcolosi.com.br\/wp-content\/uploads\/2026\/03\/1774858145_Novo-tamanho-site-1920x1080-15-1200x675.png?fit=1200%2C675&ssl=1&resize=350%2C200","width":350,"height":200,"srcset":"https:\/\/i0.wp.com\/ismaelcolosi.com.br\/wp-content\/uploads\/2026\/03\/1774858145_Novo-tamanho-site-1920x1080-15-1200x675.png?fit=1200%2C675&ssl=1&resize=350%2C200 1x, https:\/\/i0.wp.com\/ismaelcolosi.com.br\/wp-content\/uploads\/2026\/03\/1774858145_Novo-tamanho-site-1920x1080-15-1200x675.png?fit=1200%2C675&ssl=1&resize=525%2C300 1.5x, https:\/\/i0.wp.com\/ismaelcolosi.com.br\/wp-content\/uploads\/2026\/03\/1774858145_Novo-tamanho-site-1920x1080-15-1200x675.png?fit=1200%2C675&ssl=1&resize=700%2C400 2x, https:\/\/i0.wp.com\/ismaelcolosi.com.br\/wp-content\/uploads\/2026\/03\/1774858145_Novo-tamanho-site-1920x1080-15-1200x675.png?fit=1200%2C675&ssl=1&resize=1050%2C600 3x"},"classes":[]},{"id":88964,"url":"https:\/\/ismaelcolosi.com.br\/index.php\/2026\/01\/27\/corrida-da-ia-provoca-danca-das-cadeiras-entre-executivos-de-apple-tesla-e-meta\/","url_meta":{"origin":45976,"position":3},"title":"Corrida da IA Provoca Dan\u00e7a das Cadeiras entre Executivos de Apple, Tesla e Meta","author":"ismaelcolosi.com.br","date":"27 de January de 2026","format":false,"excerpt":"A maioria dos profissionais pode estar se agarrando firmemente a seus empregos atuais, mas executivos e pesquisadores de algumas das maiores empresas de tecnologia n\u00e3o est\u00e3o permanecendo em seus cargos em meio \u00e0 corrida da intelig\u00eancia artificial. Alguns est\u00e3o saindo ap\u00f3s n\u00e3o conseguirem entregar atualiza\u00e7\u00f5es no prazo, enquanto outros se\u2026","rel":"","context":"In &quot;Carreira e Sucesso&quot;","block_context":{"text":"Carreira e Sucesso","link":"https:\/\/ismaelcolosi.com.br\/index.php\/category\/carreira-e-sucesso-dicas-para-carreira\/"},"img":{"alt_text":"","src":"https:\/\/i0.wp.com\/ismaelcolosi.com.br\/wp-content\/uploads\/2026\/01\/danca-das-cadeiras-executivas-forbes.jpg?fit=860%2C484&ssl=1&resize=350%2C200","width":350,"height":200,"srcset":"https:\/\/i0.wp.com\/ismaelcolosi.com.br\/wp-content\/uploads\/2026\/01\/danca-das-cadeiras-executivas-forbes.jpg?fit=860%2C484&ssl=1&resize=350%2C200 1x, https:\/\/i0.wp.com\/ismaelcolosi.com.br\/wp-content\/uploads\/2026\/01\/danca-das-cadeiras-executivas-forbes.jpg?fit=860%2C484&ssl=1&resize=525%2C300 1.5x, https:\/\/i0.wp.com\/ismaelcolosi.com.br\/wp-content\/uploads\/2026\/01\/danca-das-cadeiras-executivas-forbes.jpg?fit=860%2C484&ssl=1&resize=700%2C400 2x"},"classes":[]},{"id":88392,"url":"https:\/\/ismaelcolosi.com.br\/index.php\/2025\/12\/03\/trabalhar-podera-mesmo-se-tornar-opcional-como-afirma-elon-musk\/","url_meta":{"origin":45976,"position":4},"title":"Trabalhar Poder\u00e1 Mesmo se Tornar Opcional, Como Afirma Elon Musk?","author":"ismaelcolosi.com.br","date":"3 de December de 2025","format":false,"excerpt":"\r Getty Images\r Segundo Elon Musk, milh\u00f5es de rob\u00f4s e tecnologias inteligentes automatizadas far\u00e3o tudo pelos humanos\r Acessibilidade \r L\r L\r A-\r A+\r \r \u25d0\r \r E se algu\u00e9m te dissesse que voc\u00ea nunca mais precisaria trabalhar? Depois que a sua cabe\u00e7a parasse de girar, voc\u00ea provavelmente perguntaria: \u201cMas como\u2026","rel":"","context":"In &quot;Carreira e Sucesso&quot;","block_context":{"text":"Carreira e Sucesso","link":"https:\/\/ismaelcolosi.com.br\/index.php\/category\/carreira-e-sucesso-dicas-para-carreira\/"},"img":{"alt_text":"","src":"https:\/\/i0.wp.com\/ismaelcolosi.com.br\/wp-content\/uploads\/2025\/12\/trabalho-opcional-ia-1200x675.jpg?fit=1200%2C675&ssl=1&resize=350%2C200","width":350,"height":200,"srcset":"https:\/\/i0.wp.com\/ismaelcolosi.com.br\/wp-content\/uploads\/2025\/12\/trabalho-opcional-ia-1200x675.jpg?fit=1200%2C675&ssl=1&resize=350%2C200 1x, https:\/\/i0.wp.com\/ismaelcolosi.com.br\/wp-content\/uploads\/2025\/12\/trabalho-opcional-ia-1200x675.jpg?fit=1200%2C675&ssl=1&resize=525%2C300 1.5x, https:\/\/i0.wp.com\/ismaelcolosi.com.br\/wp-content\/uploads\/2025\/12\/trabalho-opcional-ia-1200x675.jpg?fit=1200%2C675&ssl=1&resize=700%2C400 2x, https:\/\/i0.wp.com\/ismaelcolosi.com.br\/wp-content\/uploads\/2025\/12\/trabalho-opcional-ia-1200x675.jpg?fit=1200%2C675&ssl=1&resize=1050%2C600 3x"},"classes":[]},{"id":86164,"url":"https:\/\/ismaelcolosi.com.br\/index.php\/2025\/06\/16\/ia-e-remuneracao-estrategica-mudam-os-rumos-da-gestao-de-talentos\/","url_meta":{"origin":45976,"position":5},"title":"IA e Remunera\u00e7\u00e3o Estrat\u00e9gica Mudam os Rumos da Gest\u00e3o de Talentos","author":"ismaelcolosi.com.br","date":"16 de June de 2025","format":false,"excerpt":"\r Getty Images\r Transpar\u00eancia e criatividade est\u00e3o no centro das estrat\u00e9gias para atrair e reter talentos no novo mercado de trabalho com IA\r Acessibilidade \r L\r L\r A-\r A+\r \r \u25d0\r \r \u00a0 No m\u00eas de maio, mais de 2 mil profissionais de RH e de remunera\u00e7\u00e3o de todo o\u2026","rel":"","context":"In &quot;Carreira e Sucesso&quot;","block_context":{"text":"Carreira e Sucesso","link":"https:\/\/ismaelcolosi.com.br\/index.php\/category\/carreira-e-sucesso-dicas-para-carreira\/"},"img":{"alt_text":"","src":"https:\/\/i0.wp.com\/ismaelcolosi.com.br\/wp-content\/uploads\/2025\/06\/forbes-ia-remuneracao-carreira-1200x675.jpg?fit=1200%2C675&ssl=1&resize=350%2C200","width":350,"height":200,"srcset":"https:\/\/i0.wp.com\/ismaelcolosi.com.br\/wp-content\/uploads\/2025\/06\/forbes-ia-remuneracao-carreira-1200x675.jpg?fit=1200%2C675&ssl=1&resize=350%2C200 1x, https:\/\/i0.wp.com\/ismaelcolosi.com.br\/wp-content\/uploads\/2025\/06\/forbes-ia-remuneracao-carreira-1200x675.jpg?fit=1200%2C675&ssl=1&resize=525%2C300 1.5x, https:\/\/i0.wp.com\/ismaelcolosi.com.br\/wp-content\/uploads\/2025\/06\/forbes-ia-remuneracao-carreira-1200x675.jpg?fit=1200%2C675&ssl=1&resize=700%2C400 2x, https:\/\/i0.wp.com\/ismaelcolosi.com.br\/wp-content\/uploads\/2025\/06\/forbes-ia-remuneracao-carreira-1200x675.jpg?fit=1200%2C675&ssl=1&resize=1050%2C600 3x"},"classes":[]}],"jetpack_sharing_enabled":true,"jetpack_shortlink":"https:\/\/wp.me\/pfMlyK-bXy","_links":{"self":[{"href":"https:\/\/ismaelcolosi.com.br\/index.php\/wp-json\/wp\/v2\/posts\/45976","targetHints":{"allow":["GET"]}}],"collection":[{"href":"https:\/\/ismaelcolosi.com.br\/index.php\/wp-json\/wp\/v2\/posts"}],"about":[{"href":"https:\/\/ismaelcolosi.com.br\/index.php\/wp-json\/wp\/v2\/types\/post"}],"author":[{"embeddable":true,"href":"https:\/\/ismaelcolosi.com.br\/index.php\/wp-json\/wp\/v2\/users\/1"}],"replies":[{"embeddable":true,"href":"https:\/\/ismaelcolosi.com.br\/index.php\/wp-json\/wp\/v2\/comments?post=45976"}],"version-history":[{"count":0,"href":"https:\/\/ismaelcolosi.com.br\/index.php\/wp-json\/wp\/v2\/posts\/45976\/revisions"}],"wp:featuredmedia":[{"embeddable":true,"href":"https:\/\/ismaelcolosi.com.br\/index.php\/wp-json\/wp\/v2\/media\/45977"}],"wp:attachment":[{"href":"https:\/\/ismaelcolosi.com.br\/index.php\/wp-json\/wp\/v2\/media?parent=45976"}],"wp:term":[{"taxonomy":"category","embeddable":true,"href":"https:\/\/ismaelcolosi.com.br\/index.php\/wp-json\/wp\/v2\/categories?post=45976"},{"taxonomy":"post_tag","embeddable":true,"href":"https:\/\/ismaelcolosi.com.br\/index.php\/wp-json\/wp\/v2\/tags?post=45976"}],"curies":[{"name":"wp","href":"https:\/\/api.w.org\/{rel}","templated":true}]}}