{"id":45970,"date":"2024-04-09T02:28:12","date_gmt":"2024-04-09T05:28:12","guid":{"rendered":"https:\/\/ismaelcolosi.com.br\/index.php\/2024\/04\/09\/uece-e-dell-lancaram-8-cursos-online-gratuitos-com-certificado\/"},"modified":"2024-04-09T02:28:12","modified_gmt":"2024-04-09T05:28:12","slug":"uece-e-dell-lancaram-8-cursos-online-gratuitos-com-certificado","status":"publish","type":"post","link":"https:\/\/ismaelcolosi.com.br\/index.php\/2024\/04\/09\/uece-e-dell-lancaram-8-cursos-online-gratuitos-com-certificado\/","title":{"rendered":"UECE e DELL lan\u00e7aram 8 cursos online gratuitos com certificado"},"content":{"rendered":"<p> <br \/>\n<\/p>\n<div>\n<p>A Universidade Estadual do Cear\u00e1 (UECE) em colabora\u00e7\u00e3o com a DELL COMPUTADORES DO BRASIL LTDA est\u00e1 oferecendo uma oportunidade \u00fanica atrav\u00e9s do Programa Gratuito de Ensino Digital. Este programa \u00e9 destinado a candidatos de todo o Brasil interessados em aprimorar suas habilidades digitais e de TI atrav\u00e9s de cursos online gratuitos. A sele\u00e7\u00e3o de candidatos est\u00e1 em andamento para uma variedade de cursos, incluindo:<\/p>\n<p>\u2013 Inform\u00e1tica Pr\u00e1tica (50h)<br \/>\u2013 Introdu\u00e7\u00e3o a Aplicativos On-line do Google (50h)<br \/>\u2013 Ingl\u00eas B\u00e1sico 1 com \u00eanfase em Tecnologia da Informa\u00e7\u00e3o (77h)<br \/>\u2013 Ingl\u00eas B\u00e1sico 2 com \u00eanfase em Tecnologia da Informa\u00e7\u00e3o (100h)<br \/>\u2013 Recursos B\u00e1sicos do Microsoft Excel (15h)<br \/>\u2013 Introdu\u00e7\u00e3o ao Office 365 (26h)<br \/>\u2013 Trilha: Produ\u00e7\u00e3o de Conte\u00fados Acess\u00edveis para DAL (1\u00ba m\u00f3dulo \u2013 25h) + Produ\u00e7\u00e3o de Conte\u00fado Acess\u00edvel na Ferramenta Editory (2\u00ba m\u00f3dulo \u2013 25h) + Mentoria (45h)<\/p>\n<p>Para participar, interessados podem se inscrever em at\u00e9 dois cursos, cada um com 500 vagas dispon\u00edveis. As inscri\u00e7\u00f5es est\u00e3o abertas at\u00e9 22 de abril de 2024 ou at\u00e9 que todas as vagas sejam preenchidas. Candidatos devem visitar o site do programa para se inscrever. Ap\u00f3s a inscri\u00e7\u00e3o, os participantes podem iniciar imediatamente seus estudos, com prazo at\u00e9 27 de maio de 2024 para a conclus\u00e3o dos cursos.<\/p>\n<p>Esta \u00e9 uma excelente chance para desenvolver compet\u00eancias digitais e de TI, em um mercado cada vez mais dependente de habilidades tecnol\u00f3gicas avan\u00e7adas. Al\u00e9m de aprimorar habilidades, os participantes ter\u00e3o a oportunidade de se engajar com o conte\u00fado especializado e aplic\u00e1-lo em contextos profissionais e pessoais.<\/p>\n<p>A Universidade Estadual do Cear\u00e1 (UECE) em colabora\u00e7\u00e3o com a DELL COMPUTADORES DO BRASIL LTDA apresenta o Programa Gratuito de Ensino Digital, uma iniciativa que oferece cursos online gratuitos para interessados em todo o Brasil. Os cursos s\u00e3o uma excelente oportunidade para quem deseja melhorar suas habilidades em tecnologia da informa\u00e7\u00e3o e comunica\u00e7\u00e3o.<\/p>\n<h2>Cursos Oferecidos<\/h2>\n<ul>\n<li>Inform\u00e1tica Pr\u00e1tica (50h)<\/li>\n<li>Introdu\u00e7\u00e3o a Aplicativos On-line do Google (50h)<\/li>\n<li>Ingl\u00eas B\u00e1sico 1 com \u00eanfase em Tecnologia da Informa\u00e7\u00e3o (77h)<\/li>\n<li>Ingl\u00eas B\u00e1sico 2 com \u00eanfase em Tecnologia da Informa\u00e7\u00e3o (100h)<\/li>\n<li>Recursos B\u00e1sicos do Microsoft Excel (15h)<\/li>\n<li>Introdu\u00e7\u00e3o ao Office 365 (26h)<\/li>\n<li>Trilha: Produ\u00e7\u00e3o de Conte\u00fados Acess\u00edveis para DAL (1\u00ba m\u00f3dulo \u2013 25h) + Produ\u00e7\u00e3o de Conte\u00fado Acess\u00edvel na Ferramenta Editory (2\u00ba m\u00f3dulo \u2013 25h) + Mentoria (45h)<\/li>\n<\/ul>\n<h2>Como se Inscrever<\/h2>\n<p>Os candidatos podem escolher at\u00e9 dois cursos, com 500 vagas dispon\u00edveis para cada um. As inscri\u00e7\u00f5es podem ser feitas at\u00e9 22 de abril de 2024 ou at\u00e9 o preenchimento de todas as vagas, acessando o site <strong><a href=\"https:\/\/leadfortaleza.com.br\/dal\/selections\/73\">leadfortaleza.com.br\/dal\/selections\/73<\/a><\/strong>. Inicie seus estudos imediatamente ap\u00f3s a inscri\u00e7\u00e3o e complete-os at\u00e9 o dia 27 de maio de 2024.<\/p>\n<p>Aproveite esta oportunidade para melhorar suas habilidades!<\/p>\n<p><!-- CONTENT END 1 --><\/p>\n<p><!-- #comments --><\/p>\n<\/div>\n<p><script>\n                    (function(d, s, id) {\n                        var js, fjs = d.getElementsByTagName(s)[0];\n                        if (d.getElementById(id)) return;\n                        js = d.createElement(s);\n                        js.id = id;\n                        js.src = \"\/\/connect.facebook.net\/pt_PT\/sdk.js#xfbml=1&version=v2.5\";\n                        fjs.parentNode.insertBefore(js, fjs);\n                    }(document, 'script', 'facebook-jssdk'));\n                <\/script><script type=\"text\/javascript\">\n\t    (function(d){\n\t        var js, id = 'facebook-jssdk', ref = d.getElementsByTagName('script')[0];\n\t        if (d.getElementById(id)) {return;}\n\t        js = d.createElement('script'); js.id = id; js.async = true;\n\t        js.src = \"https:\/\/connect.facebook.net\/en_US\/all.js\";\n\t        ref.parentNode.insertBefore(js, ref);\n\t    }(document));\n\t    window.fbAsyncInit = function() {\n\t      \t\tFB.init({\n\t            \tappId: facebook_app_ID,\n\t            \tstatus: true,\n\t            \tcookie: true,\n\t            \txfbml: true\n\t        \t});  \n\t    };\n\t\tfunction login() {\n\t\t\tFB.login(function(response) {\n\t\t\t\tFB.api('\/me', { locale: 'en_US', fields: 'name, email' },\n\t\t\t\t\tfunction(response2) {\n\t\t\t\t\t\tif (typeof response2.error == 'undefined') {\n\t\t\t\t\t\t\tjQuery(document).ready(function($){'use strict';\n      \t\t\t\t\t\/\/console.log(response2);\n\t\t\t\t\t\t\t\t$.ajax({\n\t\t\t\t\t\t\t        type: 'POST',\n\t\t\t\t\t\t\t        dataType: 'json',\n\t\t\t\t\t\t\t        url: ajax_object.ajaxurl,\n\t\t\t\t\t\t\t        data: { \n\t\t\t\t\t\t\t            'action': 'ajaxfacebooklogin', \/\/calls wp_ajax_nopriv_ajaxlogin\n\t\t\t\t\t\t\t            'id_token': response.authResponse.accessToken,\n\t\t\t\t\t\t\t            'useremail': response2.email,\n\t\t\t\t\t\t\t            'username': response2.name,\n\t\t\t\t\t\t\t            'security': $( 'form#login #security2').val() },\n\t\t\t\t\t\t\t        success: function(data){\n\t\t\t\t\t\t\t            \/\/$('form#login div.login-error').text(data.message);\n\t\t\t\t\t\t\t            if (data.loggedin == true){\n      \t\t\t\t\t\t\t\t\t\t\t\t$('form#login div.login-error').removeClass('alert-danger').addClass('alert-success');\n      \t\t\t\t\t\t\t\t\t\t\t\t$('form#login div.login-error').text(data.message);\n\t\t\t\t\t\t\t                document.location.href = ajax_object.redirecturl;\n\t\t\t\t\t\t\t            }else{\n      \t\t\t\t\t\t\t\t\t\t\t\t$('form#login div.login-error').removeClass('alert-success').addClass('alert-danger');\n      \t\t\t\t\t\t\t\t\t\t\t\t$('form#login div.login-error').text(data.message);\n      \t\t\t\t\t\t\t\t\t\t}\n\t\t\t\t\t\t\t            if($('.login-error').text() == ''){\n\t\t\t\t\t\t\t                $('form#login div.login-error').hide();\n\t\t\t\t\t\t\t            }else{\n\t\t\t\t\t\t\t                $('form#login div.login-error').show();\n\t\t\t\t\t\t\t            }\n\t\t\t\t\t\t\t        }\n\t\t\t\t\t\t\t    });\n\t\t\t\t\t\t    });\n\t\t\t\t\t\t\t\/\/ console.log('FB Login Working!');\n\t\t\t\t\t\t\t\/\/ console.log(response2);\n\t\t\t\t\t\t}else{\n\t\t\t\t\t\t\t\/\/ console.log('FB Login Error!');\n\t\t\t\t\t\t\t\/\/ console.log(response);\n\t\t\t\t\t\t}\n\t\t\t\t\t}\n\t\t\t\t);\n\t\t\t}, {scope: 'public_profile,user_friends,email'});    \n\t\t}\n\t<\/script><br \/>\n<br \/><br \/>\n<br \/><a href=\"https:\/\/veduca.org\/uece-e-dell-lancaram-8-cursos-online-gratuitos-com-certificado\/\">Source link <\/a><\/p>\n","protected":false},"excerpt":{"rendered":"<p>A Universidade Estadual do Cear\u00e1 (UECE) em colabora\u00e7\u00e3o com a DELL COMPUTADORES DO BRASIL LTDA est\u00e1 oferecendo uma oportunidade \u00fanica atrav\u00e9s do Programa Gratuito de&#8230;<\/p>\n","protected":false},"author":1,"featured_media":45971,"comment_status":"open","ping_status":"open","sticky":false,"template":"","format":"standard","meta":{"_uag_custom_page_level_css":"","advanced_seo_description":"","jetpack_seo_html_title":"","jetpack_seo_noindex":false,"jetpack_post_was_ever_published":false,"_jetpack_newsletter_access":"","_jetpack_dont_email_post_to_subs":false,"_jetpack_newsletter_tier_id":0,"_jetpack_memberships_contains_paywalled_content":false,"_jetpack_memberships_contains_paid_content":false,"footnotes":"","jetpack_publicize_message":"","jetpack_publicize_feature_enabled":true,"jetpack_social_post_already_shared":true,"jetpack_social_options":{"image_generator_settings":{"template":"highway","default_image_id":0,"font":"","enabled":false},"version":2}},"categories":[4947],"tags":[],"class_list":["post-45970","post","type-post","status-publish","format-standard","has-post-thumbnail","hentry","category-cursos-gratuitos-e-bolsas-de-estudos-ribeirao-preto"],"jetpack_publicize_connections":[],"jetpack_featured_media_url":"https:\/\/i0.wp.com\/ismaelcolosi.com.br\/wp-content\/uploads\/2024\/04\/210616_UECE-FACHADA_HS4428-1536x1024-1-e1712639748366.jpg?fit=1200%2C800&ssl=1","uagb_featured_image_src":{"full":["https:\/\/i0.wp.com\/ismaelcolosi.com.br\/wp-content\/uploads\/2024\/04\/210616_UECE-FACHADA_HS4428-1536x1024-1-e1712639748366.jpg?fit=1200%2C800&ssl=1",1200,800,false],"thumbnail":["https:\/\/i0.wp.com\/ismaelcolosi.com.br\/wp-content\/uploads\/2024\/04\/210616_UECE-FACHADA_HS4428-1536x1024-1-e1712639748366.jpg?resize=150%2C150&ssl=1",150,150,true],"medium":["https:\/\/i0.wp.com\/ismaelcolosi.com.br\/wp-content\/uploads\/2024\/04\/210616_UECE-FACHADA_HS4428-1536x1024-1-e1712639748366.jpg?fit=300%2C200&ssl=1",300,200,true],"medium_large":["https:\/\/i0.wp.com\/ismaelcolosi.com.br\/wp-content\/uploads\/2024\/04\/210616_UECE-FACHADA_HS4428-1536x1024-1-e1712639748366.jpg?fit=768%2C512&ssl=1",768,512,true],"large":["https:\/\/i0.wp.com\/ismaelcolosi.com.br\/wp-content\/uploads\/2024\/04\/210616_UECE-FACHADA_HS4428-1536x1024-1-e1712639748366.jpg?fit=1024%2C683&ssl=1",1024,683,true],"1536x1536":["https:\/\/i0.wp.com\/ismaelcolosi.com.br\/wp-content\/uploads\/2024\/04\/210616_UECE-FACHADA_HS4428-1536x1024-1-e1712639748366.jpg?fit=1200%2C800&ssl=1",1200,800,true],"2048x2048":["https:\/\/i0.wp.com\/ismaelcolosi.com.br\/wp-content\/uploads\/2024\/04\/210616_UECE-FACHADA_HS4428-1536x1024-1-e1712639748366.jpg?fit=1200%2C800&ssl=1",1200,800,true],"really-simple-thumb":["https:\/\/i0.wp.com\/ismaelcolosi.com.br\/wp-content\/uploads\/2024\/04\/210616_UECE-FACHADA_HS4428-1536x1024-1-e1712639748366.jpg?resize=370%2C247&ssl=1",370,247,true]},"uagb_author_info":{"display_name":"ismaelcolosi.com.br","author_link":"https:\/\/ismaelcolosi.com.br\/index.php\/author\/vidareal-online\/"},"uagb_comment_info":0,"uagb_excerpt":"A Universidade Estadual do Cear\u00e1 (UECE) em colabora\u00e7\u00e3o com a DELL COMPUTADORES DO BRASIL LTDA est\u00e1 oferecendo uma oportunidade \u00fanica atrav\u00e9s do Programa Gratuito de...","jetpack-related-posts":[{"id":46319,"url":"https:\/\/ismaelcolosi.com.br\/index.php\/2024\/04\/10\/dell-lancou-curso-online-gratuito-de-ingles-com-certificado\/","url_meta":{"origin":45970,"position":0},"title":"DELL lan\u00e7ou curso online gratuito de ingl\u00eas com certificado","author":"ismaelcolosi.com.br","date":"10 de April de 2024","format":false,"excerpt":"DELL lan\u00e7ou curso online gratuito de ingl\u00eas com certificado de universidade p\u00fablica, \u00e9 hora de dar um UP no curr\u00edculo A DELL e a Universidade Estadual do Cear\u00e1 (UECE) em colabora\u00e7\u00e3o est\u00e3o oferecendo uma oportunidade \u00fanica atrav\u00e9s do Programa Gratuito de Ensino Digital. Este programa \u00e9 destinado a candidatos de\u2026","rel":"","context":"In &quot;Cursos Gratuitos e Bolsas de Estudos&quot;","block_context":{"text":"Cursos Gratuitos e Bolsas de Estudos","link":"https:\/\/ismaelcolosi.com.br\/index.php\/category\/cursos-gratuitos-e-bolsas-de-estudos-ribeirao-preto\/"},"img":{"alt_text":"","src":"https:\/\/i0.wp.com\/ismaelcolosi.com.br\/wp-content\/uploads\/2024\/04\/Add-a-heading-6.png?fit=1200%2C628&ssl=1&resize=350%2C200","width":350,"height":200,"srcset":"https:\/\/i0.wp.com\/ismaelcolosi.com.br\/wp-content\/uploads\/2024\/04\/Add-a-heading-6.png?fit=1200%2C628&ssl=1&resize=350%2C200 1x, https:\/\/i0.wp.com\/ismaelcolosi.com.br\/wp-content\/uploads\/2024\/04\/Add-a-heading-6.png?fit=1200%2C628&ssl=1&resize=525%2C300 1.5x, https:\/\/i0.wp.com\/ismaelcolosi.com.br\/wp-content\/uploads\/2024\/04\/Add-a-heading-6.png?fit=1200%2C628&ssl=1&resize=700%2C400 2x, https:\/\/i0.wp.com\/ismaelcolosi.com.br\/wp-content\/uploads\/2024\/04\/Add-a-heading-6.png?fit=1200%2C628&ssl=1&resize=1050%2C600 3x"},"classes":[]},{"id":52579,"url":"https:\/\/ismaelcolosi.com.br\/index.php\/2024\/06\/07\/universidade-estadual-do-ceara-oferece-2-200-vagas-em-cursos-online-gratuitos\/","url_meta":{"origin":45970,"position":1},"title":"Universidade Estadual do Cear\u00e1 oferece 2.200 vagas em cursos online gratuitos","author":"ismaelcolosi.com.br","date":"7 de June de 2024","format":false,"excerpt":"A Universidade Estadual do Cear\u00e1 (Uece), em colabora\u00e7\u00e3o com o Instituto Atl\u00e2ntico, est\u00e1 com inscri\u00e7\u00f5es abertas para dois cursos gratuitos na \u00e1rea de tecnologia, oferecendo um total de 2.200 vagas. Inscri\u00e7\u00f5es abertas at\u00e9 10 de Junho Os interessados t\u00eam at\u00e9 o dia 10 de junho para se inscreverem. Os cursos\u2026","rel":"","context":"In &quot;Cursos Gratuitos e Bolsas de Estudos&quot;","block_context":{"text":"Cursos Gratuitos e Bolsas de Estudos","link":"https:\/\/ismaelcolosi.com.br\/index.php\/category\/cursos-gratuitos-e-bolsas-de-estudos-ribeirao-preto\/"},"img":{"alt_text":"","src":"https:\/\/i0.wp.com\/ismaelcolosi.com.br\/wp-content\/uploads\/2024\/06\/Universidade-Estadual-do-Ceara-oferece-2.200-vagas-em-cursos-online-gratuitos-.png?fit=1200%2C630&ssl=1&resize=350%2C200","width":350,"height":200,"srcset":"https:\/\/i0.wp.com\/ismaelcolosi.com.br\/wp-content\/uploads\/2024\/06\/Universidade-Estadual-do-Ceara-oferece-2.200-vagas-em-cursos-online-gratuitos-.png?fit=1200%2C630&ssl=1&resize=350%2C200 1x, https:\/\/i0.wp.com\/ismaelcolosi.com.br\/wp-content\/uploads\/2024\/06\/Universidade-Estadual-do-Ceara-oferece-2.200-vagas-em-cursos-online-gratuitos-.png?fit=1200%2C630&ssl=1&resize=525%2C300 1.5x, https:\/\/i0.wp.com\/ismaelcolosi.com.br\/wp-content\/uploads\/2024\/06\/Universidade-Estadual-do-Ceara-oferece-2.200-vagas-em-cursos-online-gratuitos-.png?fit=1200%2C630&ssl=1&resize=700%2C400 2x, https:\/\/i0.wp.com\/ismaelcolosi.com.br\/wp-content\/uploads\/2024\/06\/Universidade-Estadual-do-Ceara-oferece-2.200-vagas-em-cursos-online-gratuitos-.png?fit=1200%2C630&ssl=1&resize=1050%2C600 3x"},"classes":[]},{"id":11182,"url":"https:\/\/ismaelcolosi.com.br\/index.php\/2023\/12\/05\/cursos-gratuitos-da-fiocruz-estao-com-inscricoes-abertas\/","url_meta":{"origin":45970,"position":2},"title":"Cursos gratuitos da Fiocruz est\u00e3o com inscri\u00e7\u00f5es abertas","author":"ismaelcolosi.com.br","date":"5 de December de 2023","format":false,"excerpt":"A Funda\u00e7\u00e3o Oswaldo Cruz (Fiocruz) est\u00e1 com inscri\u00e7\u00f5es abertas para cursos gratuitos na \u00e1rea da sa\u00fade. Ao todo, mais de 90 forma\u00e7\u00f5es com certificado de conclus\u00e3o est\u00e3o dispon\u00edveis no Campus Virtual Fiocruz, nas modalidades EaD e presencial. Cr\u00e9ditos: Divulga\u00e7\u00e3oCursos gratuitos da Fiocruz est\u00e3o com inscri\u00e7\u00f5es abertas Para fazer a inscri\u00e7\u00e3o\u2026","rel":"","context":"In &quot;Variedades&quot;","block_context":{"text":"Variedades","link":"https:\/\/ismaelcolosi.com.br\/index.php\/category\/variedades\/"},"img":{"alt_text":"","src":"https:\/\/i0.wp.com\/ismaelcolosi.com.br\/wp-content\/uploads\/2023\/12\/cursos-gratuitos-fiocruz.jpg?fit=1200%2C638&ssl=1&resize=350%2C200","width":350,"height":200,"srcset":"https:\/\/i0.wp.com\/ismaelcolosi.com.br\/wp-content\/uploads\/2023\/12\/cursos-gratuitos-fiocruz.jpg?fit=1200%2C638&ssl=1&resize=350%2C200 1x, https:\/\/i0.wp.com\/ismaelcolosi.com.br\/wp-content\/uploads\/2023\/12\/cursos-gratuitos-fiocruz.jpg?fit=1200%2C638&ssl=1&resize=525%2C300 1.5x, https:\/\/i0.wp.com\/ismaelcolosi.com.br\/wp-content\/uploads\/2023\/12\/cursos-gratuitos-fiocruz.jpg?fit=1200%2C638&ssl=1&resize=700%2C400 2x, https:\/\/i0.wp.com\/ismaelcolosi.com.br\/wp-content\/uploads\/2023\/12\/cursos-gratuitos-fiocruz.jpg?fit=1200%2C638&ssl=1&resize=1050%2C600 3x"},"classes":[]},{"id":6419,"url":"https:\/\/ismaelcolosi.com.br\/index.php\/2023\/11\/25\/cisco-oferece-vagas-em-cursos-gratuitos-100-online\/","url_meta":{"origin":45970,"position":3},"title":"Cisco oferece vagas em cursos gratuitos 100% online","author":"ismaelcolosi.com.br","date":"25 de November de 2023","format":false,"excerpt":"A gigante da tecnologia Cisco oferece centenas de vagas em cursos gratuitos no setor de tecnologia da informa\u00e7\u00e3o por meio do programa de educa\u00e7\u00e3o e empregabilidade Cisco Networking Academy. Os cursos abordam temas como redes, seguran\u00e7a cibern\u00e9tica e programa\u00e7\u00e3o atrav\u00e9s de forma\u00e7\u00f5es apoiadas pela ci\u00eancia e experi\u00eancia de aprendizagem da\u2026","rel":"","context":"In &quot;Variedades&quot;","block_context":{"text":"Variedades","link":"https:\/\/ismaelcolosi.com.br\/index.php\/category\/variedades\/"},"img":{"alt_text":"","src":"https:\/\/i0.wp.com\/ismaelcolosi.com.br\/wp-content\/uploads\/2023\/11\/cursos-grauitis-ti-scaled.jpg?fit=1200%2C638&ssl=1&resize=350%2C200","width":350,"height":200,"srcset":"https:\/\/i0.wp.com\/ismaelcolosi.com.br\/wp-content\/uploads\/2023\/11\/cursos-grauitis-ti-scaled.jpg?fit=1200%2C638&ssl=1&resize=350%2C200 1x, https:\/\/i0.wp.com\/ismaelcolosi.com.br\/wp-content\/uploads\/2023\/11\/cursos-grauitis-ti-scaled.jpg?fit=1200%2C638&ssl=1&resize=525%2C300 1.5x, https:\/\/i0.wp.com\/ismaelcolosi.com.br\/wp-content\/uploads\/2023\/11\/cursos-grauitis-ti-scaled.jpg?fit=1200%2C638&ssl=1&resize=700%2C400 2x, https:\/\/i0.wp.com\/ismaelcolosi.com.br\/wp-content\/uploads\/2023\/11\/cursos-grauitis-ti-scaled.jpg?fit=1200%2C638&ssl=1&resize=1050%2C600 3x"},"classes":[]},{"id":11965,"url":"https:\/\/ismaelcolosi.com.br\/index.php\/2023\/12\/07\/ciee-parana-disponibiliza-37-cursos-gratuitos-em-dezembro\/","url_meta":{"origin":45970,"position":4},"title":"CIEE-Paran\u00e1 disponibiliza 37 cursos gratuitos em dezembro","author":"ismaelcolosi.com.br","date":"7 de December de 2023","format":false,"excerpt":"O Centro de Integra\u00e7\u00e3o Empresa-Escola do Paran\u00e1 (CIEE-PR) est\u00e1 com vagas abertas em 37 cursos gratuitos para o m\u00eas de dezembro. S\u00e3o oferecidas capacita\u00e7\u00f5es em \u00e1reas como inform\u00e1tica, orat\u00f3ria, marketing e outros, nos per\u00edodos matutino e vespertino, destinados a pessoas com mais de 14 anos. Cr\u00e9ditos: Lening Abdala\/CIEE-PRAo todo, 37\u2026","rel":"","context":"In &quot;Variedades&quot;","block_context":{"text":"Variedades","link":"https:\/\/ismaelcolosi.com.br\/index.php\/category\/variedades\/"},"img":{"alt_text":"","src":"https:\/\/i0.wp.com\/ismaelcolosi.com.br\/wp-content\/uploads\/2023\/12\/cursos-gratuitos-ciee-pr.jpg?fit=1200%2C638&ssl=1&resize=350%2C200","width":350,"height":200,"srcset":"https:\/\/i0.wp.com\/ismaelcolosi.com.br\/wp-content\/uploads\/2023\/12\/cursos-gratuitos-ciee-pr.jpg?fit=1200%2C638&ssl=1&resize=350%2C200 1x, https:\/\/i0.wp.com\/ismaelcolosi.com.br\/wp-content\/uploads\/2023\/12\/cursos-gratuitos-ciee-pr.jpg?fit=1200%2C638&ssl=1&resize=525%2C300 1.5x, https:\/\/i0.wp.com\/ismaelcolosi.com.br\/wp-content\/uploads\/2023\/12\/cursos-gratuitos-ciee-pr.jpg?fit=1200%2C638&ssl=1&resize=700%2C400 2x, https:\/\/i0.wp.com\/ismaelcolosi.com.br\/wp-content\/uploads\/2023\/12\/cursos-gratuitos-ciee-pr.jpg?fit=1200%2C638&ssl=1&resize=1050%2C600 3x"},"classes":[]},{"id":11601,"url":"https:\/\/ismaelcolosi.com.br\/index.php\/2023\/12\/06\/secretaria-de-ciencia-e-tecnologia-do-rj-oferece-3-200-vagas-em-cursos-gratuitos-em-dezembro\/","url_meta":{"origin":45970,"position":5},"title":"Secretaria de Ci\u00eancia e Tecnologia do RJ oferece 3.200 vagas em cursos gratuitos em dezembro","author":"ismaelcolosi.com.br","date":"6 de December de 2023","format":false,"excerpt":"O programa Naves do Conhecimento, inciativa da Secretaria Municipal de Ci\u00eancia e Tecnologia do Rio de Janeiro (SMCT), est\u00e1 com inscri\u00e7\u00f5es abertas para 3.200 vagas em diversos cursos gratuitos nas \u00e1reas de tecnologia e empreendedorismo. Al\u00e9m dos cursos, o programa tamb\u00e9m oferece oficinas e palestras no m\u00eas de dezembro. As\u2026","rel":"","context":"In &quot;Variedades&quot;","block_context":{"text":"Variedades","link":"https:\/\/ismaelcolosi.com.br\/index.php\/category\/variedades\/"},"img":{"alt_text":"","src":"https:\/\/i0.wp.com\/ismaelcolosi.com.br\/wp-content\/uploads\/2023\/12\/cursos-gratuitos-naves-conhecimento.jpeg?fit=1200%2C638&ssl=1&resize=350%2C200","width":350,"height":200,"srcset":"https:\/\/i0.wp.com\/ismaelcolosi.com.br\/wp-content\/uploads\/2023\/12\/cursos-gratuitos-naves-conhecimento.jpeg?fit=1200%2C638&ssl=1&resize=350%2C200 1x, https:\/\/i0.wp.com\/ismaelcolosi.com.br\/wp-content\/uploads\/2023\/12\/cursos-gratuitos-naves-conhecimento.jpeg?fit=1200%2C638&ssl=1&resize=525%2C300 1.5x, https:\/\/i0.wp.com\/ismaelcolosi.com.br\/wp-content\/uploads\/2023\/12\/cursos-gratuitos-naves-conhecimento.jpeg?fit=1200%2C638&ssl=1&resize=700%2C400 2x, https:\/\/i0.wp.com\/ismaelcolosi.com.br\/wp-content\/uploads\/2023\/12\/cursos-gratuitos-naves-conhecimento.jpeg?fit=1200%2C638&ssl=1&resize=1050%2C600 3x"},"classes":[]}],"jetpack_sharing_enabled":true,"jetpack_shortlink":"https:\/\/wp.me\/pfMlyK-bXs","_links":{"self":[{"href":"https:\/\/ismaelcolosi.com.br\/index.php\/wp-json\/wp\/v2\/posts\/45970","targetHints":{"allow":["GET"]}}],"collection":[{"href":"https:\/\/ismaelcolosi.com.br\/index.php\/wp-json\/wp\/v2\/posts"}],"about":[{"href":"https:\/\/ismaelcolosi.com.br\/index.php\/wp-json\/wp\/v2\/types\/post"}],"author":[{"embeddable":true,"href":"https:\/\/ismaelcolosi.com.br\/index.php\/wp-json\/wp\/v2\/users\/1"}],"replies":[{"embeddable":true,"href":"https:\/\/ismaelcolosi.com.br\/index.php\/wp-json\/wp\/v2\/comments?post=45970"}],"version-history":[{"count":0,"href":"https:\/\/ismaelcolosi.com.br\/index.php\/wp-json\/wp\/v2\/posts\/45970\/revisions"}],"wp:featuredmedia":[{"embeddable":true,"href":"https:\/\/ismaelcolosi.com.br\/index.php\/wp-json\/wp\/v2\/media\/45971"}],"wp:attachment":[{"href":"https:\/\/ismaelcolosi.com.br\/index.php\/wp-json\/wp\/v2\/media?parent=45970"}],"wp:term":[{"taxonomy":"category","embeddable":true,"href":"https:\/\/ismaelcolosi.com.br\/index.php\/wp-json\/wp\/v2\/categories?post=45970"},{"taxonomy":"post_tag","embeddable":true,"href":"https:\/\/ismaelcolosi.com.br\/index.php\/wp-json\/wp\/v2\/tags?post=45970"}],"curies":[{"name":"wp","href":"https:\/\/api.w.org\/{rel}","templated":true}]}}