{"id":45954,"date":"2024-04-08T22:28:10","date_gmt":"2024-04-09T01:28:10","guid":{"rendered":"https:\/\/ismaelcolosi.com.br\/index.php\/2024\/04\/08\/criminoso-explodem-carros-fortes-em-rodovias-do-interior-de-sao-paulo\/"},"modified":"2024-04-08T22:28:10","modified_gmt":"2024-04-09T01:28:10","slug":"criminoso-explodem-carros-fortes-em-rodovias-do-interior-de-sao-paulo","status":"publish","type":"post","link":"https:\/\/ismaelcolosi.com.br\/index.php\/2024\/04\/08\/criminoso-explodem-carros-fortes-em-rodovias-do-interior-de-sao-paulo\/","title":{"rendered":"Criminoso explodem carros fortes em rodovias do interior de S\u00e3o Paulo"},"content":{"rendered":"<p> <br \/>\n<\/p>\n<div data-td-block-uid=\"tdi_101\">\n<div class=\"tdb-block-inner td-fix-index\">\n<p>Ao menos tr\u00eas <strong>carros fortes<\/strong> foram atacados por criminosos, nesta segunda-feira (8), no <strong>interior de S\u00e3o Paulo.<\/strong><\/p>\n<p>O primeiro caso aconteceu no final da tarde, na <strong>rodovia Washington Lu\u00eds (SP-330)<\/strong>, em Cordeir\u00f3polis. De acordo com a<em> EPTV Campinas<\/em>, que esteve no local do ocorrido, <mark style=\"background-color:#fcb900\" class=\"has-inline-color\">dois carros fortes foram alvos de bandidos.<\/mark><\/p><div class='code-block code-block-8' style='margin: 8px auto; text-align: center; display: block; clear: both;'>\n<script>\n  atOptions = {\n    'key' : '66e2e2111ca34da796271819fc334058',\n    'format' : 'iframe',\n    'height' : 250,\n    'width' : 300,\n    'params' : {}\n  };\n<\/script>\n<script src=\"https:\/\/www.highperformanceformat.com\/66e2e2111ca34da796271819fc334058\/invoke.js\"><\/script>\n<\/div>\n\n<p>A <strong>Pol\u00edcia Militar (PM)<\/strong> informou que os assaltantes, fortemente armados, teriam utilizado dois ve\u00edculos SUV durante a\u00e7\u00e3o. Esses mesmos autom\u00f3veis teriam sido utilizados durante um <strong>ataque a uma ag\u00eancia do Banco do Brasil, em S\u00e3o Pedro.<\/strong><\/p>\n<p>Ningu\u00e9m foi preso e ainda n\u00e3o h\u00e1 informa\u00e7\u00f5es sobre os feridos durante a a\u00e7\u00e3o. At\u00e9 o encerramento desta reportagem, a rodovia estava interditada.<\/p>\n<h4 class=\"wp-block-heading\"><strong>Outro caso<\/strong><\/h4>\n<p>O segundo caso aconteceu na <strong>rodovia Luiz de Queiroz (SP-304)<\/strong>, pr\u00f3ximo ao quil\u00f4metro 153, em Piracicaba. Tamb\u00e9m n\u00e3o h\u00e1 informa\u00e7\u00f5es sobre feridos.<\/p>\n<p>Ap\u00f3s a a\u00e7\u00e3o criminosa, um carro fo<strong>i abandonado as chamas na rodovia<\/strong>. Uma equipe do Corpo de Bombeiros foi at\u00e9 o local e controlou o inc\u00eandio. Foi necess\u00e1rio interditar a rodovia.<\/p>\n<p>A pol\u00edcia investiga a rela\u00e7\u00e3o entre os crimes. <em>(Com informa\u00e7\u00f5es da EPTV Campinas)<\/em><\/p>\n<hr class=\"wp-block-separator has-alpha-channel-opacity\"\/>\n<p>SAIBA MAIS<\/p>\n<p>O que se sabe sobre acidente com morte em despedida de solteiro<\/p>\n<h4 class=\"wp-block-heading\"><strong><mark style=\"background-color:#fcb900\" class=\"has-inline-color\">FIQUE ON<\/mark><\/strong><\/h4>\n<p>Fique ligado em tudo que acontece em Ribeir\u00e3o Preto e regi\u00e3o. Siga os perfis do\u00a0<strong>acidade on<\/strong>\u00a0no<a href=\"https:\/\/www.instagram.com\/acidadeonribeirao\" target=\"_blank\" rel=\"noreferrer noopener\">\u00a0Instagram<\/a>\u00a0e no\u00a0<a href=\"https:\/\/www.facebook.com\/acidadeonribeirao\" target=\"_blank\" rel=\"noreferrer noopener\">Facebook<\/a>.<\/p>\n<p>Receba not\u00edcias do\u00a0<strong>acidade on\u00a0<\/strong>no WhatsApp.\u00a0<a href=\"https:\/\/chat.whatsapp.com\/GFH9HUMUTHNFJdnyEd0xxq\" target=\"_blank\" rel=\"noreferrer noopener\">Para entrar no grupo, basta clicar aqui.<\/a><\/p>\n<p>Fa\u00e7a uma den\u00fancia ou sugira uma reportagem sobre Ribeir\u00e3o Preto e regi\u00e3o pelo WhatsApp: 16 99117 7802.<\/p>\n<p>VEJA TAMB\u00c9M<\/p>\n<p>Bates Motel aparece em MaXXXine? A24 lan\u00e7a novo trailer<\/p>\n<p><!-- AI CONTENT END 1 -->\n<\/div>\n<\/div>\n<p><script async src=\"\/\/www.instagram.com\/embed.js\"><\/script><br \/>\n<br \/><br \/>\n<br \/><a href=\"https:\/\/www.acidadeon.com\/ribeiraopreto\/cotidiano\/criminoso-explodem-carros-fortes-em-rodovias-do-interior-de-sao-paulo\/\">Source link <\/a><\/p>\n<div class='code-block code-block-4' style='margin: 8px auto 8px 0; text-align: left; display: block; clear: both;'>\n\ud83d\udce2 Aviso Legal\n\nO site ismaelcolosi.com.br atua apenas como um canal de divulga\u00e7\u00e3o de oportunidades de emprego e n\u00e3o se responsabiliza pelo processo seletivo, contrata\u00e7\u00e3o ou qualquer outra etapa relacionada \u00e0s vagas publicadas. Todas as informa\u00e7\u00f5es s\u00e3o de responsabilidade dos anunciantes.\n\n\u26a0\ufe0f Aten\u00e7\u00e3o! Nunca pague por promessas de emprego nem compre cursos que garantam contrata\u00e7\u00e3o. Desconfie de qualquer cobran\u00e7a para participar de sele\u00e7\u00f5es.\n\n\n\n<\/div>\n<!-- CONTENT END 1 -->\n","protected":false},"excerpt":{"rendered":"<p>Ao menos tr\u00eas carros fortes foram atacados por criminosos, nesta segunda-feira (8), no interior de S\u00e3o Paulo. O primeiro caso aconteceu no final da tarde,&#8230;<\/p>\n","protected":false},"author":1,"featured_media":45955,"comment_status":"open","ping_status":"open","sticky":false,"template":"","format":"standard","meta":{"_uag_custom_page_level_css":"","advanced_seo_description":"","jetpack_seo_html_title":"","jetpack_seo_noindex":false,"jetpack_post_was_ever_published":false,"_jetpack_newsletter_access":"","_jetpack_dont_email_post_to_subs":false,"_jetpack_newsletter_tier_id":0,"_jetpack_memberships_contains_paywalled_content":false,"_jetpack_memberships_contains_paid_content":false,"footnotes":"","jetpack_publicize_message":"","jetpack_publicize_feature_enabled":true,"jetpack_social_post_already_shared":true,"jetpack_social_options":{"image_generator_settings":{"template":"highway","default_image_id":0,"font":"","enabled":false},"version":2}},"categories":[11],"tags":[],"class_list":["post-45954","post","type-post","status-publish","format-standard","has-post-thumbnail","hentry","category-noticias-de-ribeirao-preto-sp-e-regiao-ismael-colosi"],"jetpack_publicize_connections":[],"jetpack_featured_media_url":"https:\/\/i0.wp.com\/ismaelcolosi.com.br\/wp-content\/uploads\/2024\/04\/carros-fortes-carro-forte-roubo-1068x530-1.png?fit=1068%2C530&ssl=1","uagb_featured_image_src":{"full":["https:\/\/i0.wp.com\/ismaelcolosi.com.br\/wp-content\/uploads\/2024\/04\/carros-fortes-carro-forte-roubo-1068x530-1.png?fit=1068%2C530&ssl=1",1068,530,false],"thumbnail":["https:\/\/i0.wp.com\/ismaelcolosi.com.br\/wp-content\/uploads\/2024\/04\/carros-fortes-carro-forte-roubo-1068x530-1.png?resize=150%2C150&ssl=1",150,150,true],"medium":["https:\/\/i0.wp.com\/ismaelcolosi.com.br\/wp-content\/uploads\/2024\/04\/carros-fortes-carro-forte-roubo-1068x530-1.png?fit=300%2C149&ssl=1",300,149,true],"medium_large":["https:\/\/i0.wp.com\/ismaelcolosi.com.br\/wp-content\/uploads\/2024\/04\/carros-fortes-carro-forte-roubo-1068x530-1.png?fit=768%2C381&ssl=1",768,381,true],"large":["https:\/\/i0.wp.com\/ismaelcolosi.com.br\/wp-content\/uploads\/2024\/04\/carros-fortes-carro-forte-roubo-1068x530-1.png?fit=1024%2C508&ssl=1",1024,508,true],"1536x1536":["https:\/\/i0.wp.com\/ismaelcolosi.com.br\/wp-content\/uploads\/2024\/04\/carros-fortes-carro-forte-roubo-1068x530-1.png?fit=1068%2C530&ssl=1",1068,530,true],"2048x2048":["https:\/\/i0.wp.com\/ismaelcolosi.com.br\/wp-content\/uploads\/2024\/04\/carros-fortes-carro-forte-roubo-1068x530-1.png?fit=1068%2C530&ssl=1",1068,530,true],"really-simple-thumb":["https:\/\/i0.wp.com\/ismaelcolosi.com.br\/wp-content\/uploads\/2024\/04\/carros-fortes-carro-forte-roubo-1068x530-1.png?resize=370%2C247&ssl=1",370,247,true]},"uagb_author_info":{"display_name":"ismaelcolosi.com.br","author_link":"https:\/\/ismaelcolosi.com.br\/index.php\/author\/vidareal-online\/"},"uagb_comment_info":0,"uagb_excerpt":"Ao menos tr\u00eas carros fortes foram atacados por criminosos, nesta segunda-feira (8), no interior de S\u00e3o Paulo. O primeiro caso aconteceu no final da tarde,...","jetpack-related-posts":[{"id":46046,"url":"https:\/\/ismaelcolosi.com.br\/index.php\/2024\/04\/09\/dois-sao-presos-e-um-morre-em-confronto-apos-ataques-no-interior-de-sp\/","url_meta":{"origin":45954,"position":0},"title":"Dois s\u00e3o presos e um morre em confronto ap\u00f3s ataques no interior de SP","author":"ismaelcolosi.com.br","date":"9 de April de 2024","format":false,"excerpt":"Um homem suspeito de participa\u00e7\u00e3o em uma quadrilha que atacou um banco e tr\u00eas carros-fortes nesta segunda-feira (8), no interior de S\u00e3o Paulo, foi morto em um confronto com a pol\u00edcia. Dois suspeitos acabaram presos e mais de R$ 110 mil foram recuperados. A Pol\u00edcia Civil confirmou nesta ter\u00e7a-feira (9)\u2026","rel":"","context":"In &quot;Not\u00edcias de Ribeir\u00e3o Preto-SP e Regi\u00e3o&quot;","block_context":{"text":"Not\u00edcias de Ribeir\u00e3o Preto-SP e Regi\u00e3o","link":"https:\/\/ismaelcolosi.com.br\/index.php\/category\/noticias-de-ribeirao-preto-sp-e-regiao-ismael-colosi\/"},"img":{"alt_text":"","src":"https:\/\/i0.wp.com\/ismaelcolosi.com.br\/wp-content\/uploads\/2024\/04\/ARMAMENTO.jpg?fit=1200%2C682&ssl=1&resize=350%2C200","width":350,"height":200,"srcset":"https:\/\/i0.wp.com\/ismaelcolosi.com.br\/wp-content\/uploads\/2024\/04\/ARMAMENTO.jpg?fit=1200%2C682&ssl=1&resize=350%2C200 1x, https:\/\/i0.wp.com\/ismaelcolosi.com.br\/wp-content\/uploads\/2024\/04\/ARMAMENTO.jpg?fit=1200%2C682&ssl=1&resize=525%2C300 1.5x, https:\/\/i0.wp.com\/ismaelcolosi.com.br\/wp-content\/uploads\/2024\/04\/ARMAMENTO.jpg?fit=1200%2C682&ssl=1&resize=700%2C400 2x, https:\/\/i0.wp.com\/ismaelcolosi.com.br\/wp-content\/uploads\/2024\/04\/ARMAMENTO.jpg?fit=1200%2C682&ssl=1&resize=1050%2C600 3x"},"classes":[]},{"id":79452,"url":"https:\/\/ismaelcolosi.com.br\/index.php\/2024\/12\/16\/megaoperacao-contra-roubo-a-carros-fortes-em-sp-prisoes-suspeito-morto-e-apreensao-milionaria\/","url_meta":{"origin":45954,"position":1},"title":"Megaopera\u00e7\u00e3o contra roubo a carros-fortes em SP: pris\u00f5es, suspeito morto e apreens\u00e3o milion\u00e1ria","author":"ismaelcolosi.com.br","date":"16 de December de 2024","format":false,"excerpt":"Uma opera\u00e7\u00e3o de grande escala foi realizada nesta segunda-feira (16) para desarticular uma quadrilha suspeita de cometer roubos a carros-fortes em v\u00e1rias regi\u00f5es do estado de S\u00e3o Paulo. Coordenada pela Pol\u00edcia Civil, a a\u00e7\u00e3o contou com o apoio de diversas for\u00e7as policiais e resultou em um balan\u00e7o significativo: 10 pessoas\u2026","rel":"","context":"In &quot;Not\u00edcias de Ribeir\u00e3o Preto-SP e Regi\u00e3o&quot;","block_context":{"text":"Not\u00edcias de Ribeir\u00e3o Preto-SP e Regi\u00e3o","link":"https:\/\/ismaelcolosi.com.br\/index.php\/category\/noticias-de-ribeirao-preto-sp-e-regiao-ismael-colosi\/"},"img":{"alt_text":"","src":"https:\/\/i0.wp.com\/ismaelcolosi.com.br\/wp-content\/uploads\/2024\/12\/Captura-de-tela-2024-12-16-150335-e1734372598135.png?fit=1200%2C672&ssl=1&resize=350%2C200","width":350,"height":200,"srcset":"https:\/\/i0.wp.com\/ismaelcolosi.com.br\/wp-content\/uploads\/2024\/12\/Captura-de-tela-2024-12-16-150335-e1734372598135.png?fit=1200%2C672&ssl=1&resize=350%2C200 1x, https:\/\/i0.wp.com\/ismaelcolosi.com.br\/wp-content\/uploads\/2024\/12\/Captura-de-tela-2024-12-16-150335-e1734372598135.png?fit=1200%2C672&ssl=1&resize=525%2C300 1.5x, https:\/\/i0.wp.com\/ismaelcolosi.com.br\/wp-content\/uploads\/2024\/12\/Captura-de-tela-2024-12-16-150335-e1734372598135.png?fit=1200%2C672&ssl=1&resize=700%2C400 2x, https:\/\/i0.wp.com\/ismaelcolosi.com.br\/wp-content\/uploads\/2024\/12\/Captura-de-tela-2024-12-16-150335-e1734372598135.png?fit=1200%2C672&ssl=1&resize=1050%2C600 3x"},"classes":[]},{"id":75012,"url":"https:\/\/ismaelcolosi.com.br\/index.php\/2024\/11\/04\/acidente-deixa-feridos-graves-em-rodovia-da-regiao\/","url_meta":{"origin":45954,"position":2},"title":"Acidente deixa feridos graves em rodovia da regi\u00e3o","author":"ismaelcolosi.com.br","date":"4 de November de 2024","format":false,"excerpt":"Dois ve\u00edculos teriam colidido e uma das v\u00edtimas ficou presas \u00e0s ferragens, enquanto a outra foi projetada para fora do ve\u00edculo e estava inconsciente 4 de novembro de 20248 Compartilhar1 Por: Adalberto Luque Um grave acidente envolvendo dois ve\u00edculos ocorreu no final da tarde deste domingo (3). A batida foi\u2026","rel":"","context":"In &quot;Not\u00edcias de Ribeir\u00e3o Preto-SP e Regi\u00e3o&quot;","block_context":{"text":"Not\u00edcias de Ribeir\u00e3o Preto-SP e Regi\u00e3o","link":"https:\/\/ismaelcolosi.com.br\/index.php\/category\/noticias-de-ribeirao-preto-sp-e-regiao-ismael-colosi\/"},"img":{"alt_text":"","src":"https:\/\/i0.wp.com\/ismaelcolosi.com.br\/wp-content\/uploads\/2024\/11\/04nov2024acidentedumont2-scaled.jpg?fit=783%2C500&ssl=1&resize=350%2C200","width":350,"height":200,"srcset":"https:\/\/i0.wp.com\/ismaelcolosi.com.br\/wp-content\/uploads\/2024\/11\/04nov2024acidentedumont2-scaled.jpg?fit=783%2C500&ssl=1&resize=350%2C200 1x, https:\/\/i0.wp.com\/ismaelcolosi.com.br\/wp-content\/uploads\/2024\/11\/04nov2024acidentedumont2-scaled.jpg?fit=783%2C500&ssl=1&resize=525%2C300 1.5x, https:\/\/i0.wp.com\/ismaelcolosi.com.br\/wp-content\/uploads\/2024\/11\/04nov2024acidentedumont2-scaled.jpg?fit=783%2C500&ssl=1&resize=700%2C400 2x"},"classes":[]},{"id":42662,"url":"https:\/\/ismaelcolosi.com.br\/index.php\/2024\/03\/15\/policia-apreende-carros-de-luxo-em-condominio-na-zona-sul-de-ribeirao\/","url_meta":{"origin":45954,"position":3},"title":"Pol\u00edcia apreende carros de luxo em condom\u00ednio na zona Sul de Ribeir\u00e3o","author":"ismaelcolosi.com.br","date":"15 de March de 2024","format":false,"excerpt":"A Pol\u00edcia Civil apreendeu dois carros de luxo em Ribeir\u00e3o Preto nesta sexta-feira (15). A apreens\u00e3o aconteceu no \u00e2mbito da Opera\u00e7\u00e3o Car Wash, deflagrada em novembro de 2023, que investiga uma quadrilha pelos crimes de tr\u00e1fico de drogas e lavagem de dinheiro. De acordo com o delegado Ricardo Turra, os\u2026","rel":"","context":"In &quot;Not\u00edcias de Ribeir\u00e3o Preto-SP e Regi\u00e3o&quot;","block_context":{"text":"Not\u00edcias de Ribeir\u00e3o Preto-SP e Regi\u00e3o","link":"https:\/\/ismaelcolosi.com.br\/index.php\/category\/noticias-de-ribeirao-preto-sp-e-regiao-ismael-colosi\/"},"img":{"alt_text":"","src":"https:\/\/i0.wp.com\/ismaelcolosi.com.br\/wp-content\/uploads\/2024\/03\/AnyConv.com__carros-importados.webp.webp?fit=1133%2C869&ssl=1&resize=350%2C200","width":350,"height":200,"srcset":"https:\/\/i0.wp.com\/ismaelcolosi.com.br\/wp-content\/uploads\/2024\/03\/AnyConv.com__carros-importados.webp.webp?fit=1133%2C869&ssl=1&resize=350%2C200 1x, https:\/\/i0.wp.com\/ismaelcolosi.com.br\/wp-content\/uploads\/2024\/03\/AnyConv.com__carros-importados.webp.webp?fit=1133%2C869&ssl=1&resize=525%2C300 1.5x, https:\/\/i0.wp.com\/ismaelcolosi.com.br\/wp-content\/uploads\/2024\/03\/AnyConv.com__carros-importados.webp.webp?fit=1133%2C869&ssl=1&resize=700%2C400 2x, https:\/\/i0.wp.com\/ismaelcolosi.com.br\/wp-content\/uploads\/2024\/03\/AnyConv.com__carros-importados.webp.webp?fit=1133%2C869&ssl=1&resize=1050%2C600 3x"},"classes":[]},{"id":20033,"url":"https:\/\/ismaelcolosi.com.br\/index.php\/2023\/12\/23\/utm_sourcerssutm_mediumrssutm_campaignsementinhas-do-crime-de-serrana-sao-detidas-apos-tentativa-de-roubo-em-ribeirao-preto\/","url_meta":{"origin":45954,"position":4},"title":"Sementinhas do crime de Serrana s\u00e3o detidas ap\u00f3s tentativa de roubo em Ribeir\u00e3o Preto \u2013 X Tudo Ribeir\u00e3o","author":"ismaelcolosi.com.br","date":"23 de December de 2023","format":false,"excerpt":"Duas sementinhas do crime da cidade de Serrana, foram detidas ap\u00f3s uma tentativa de roubo pr\u00f3ximo a faculdade Unaerp em Ribeir\u00e3o Preto. Segundo informa\u00e7\u00f5es da Pol\u00edcia Militar, testemunhas acionaram os Policiais versando sobre dois bandidos que teriam tentado abordar um pedestre pr\u00f3ximo da Unaerp. Rapidamente os PMs foram at\u00e9 o\u2026","rel":"","context":"In &quot;Not\u00edcias de Ribeir\u00e3o Preto-SP e Regi\u00e3o&quot;","block_context":{"text":"Not\u00edcias de Ribeir\u00e3o Preto-SP e Regi\u00e3o","link":"https:\/\/ismaelcolosi.com.br\/index.php\/category\/noticias-de-ribeirao-preto-sp-e-regiao-ismael-colosi\/"},"img":{"alt_text":"","src":"https:\/\/i0.wp.com\/ismaelcolosi.com.br\/wp-content\/uploads\/2023\/12\/WhatsApp-Image-2023-12-23-at-21.46.47-2.jpeg?fit=1149%2C630&ssl=1&resize=350%2C200","width":350,"height":200,"srcset":"https:\/\/i0.wp.com\/ismaelcolosi.com.br\/wp-content\/uploads\/2023\/12\/WhatsApp-Image-2023-12-23-at-21.46.47-2.jpeg?fit=1149%2C630&ssl=1&resize=350%2C200 1x, https:\/\/i0.wp.com\/ismaelcolosi.com.br\/wp-content\/uploads\/2023\/12\/WhatsApp-Image-2023-12-23-at-21.46.47-2.jpeg?fit=1149%2C630&ssl=1&resize=525%2C300 1.5x, https:\/\/i0.wp.com\/ismaelcolosi.com.br\/wp-content\/uploads\/2023\/12\/WhatsApp-Image-2023-12-23-at-21.46.47-2.jpeg?fit=1149%2C630&ssl=1&resize=700%2C400 2x, https:\/\/i0.wp.com\/ismaelcolosi.com.br\/wp-content\/uploads\/2023\/12\/WhatsApp-Image-2023-12-23-at-21.46.47-2.jpeg?fit=1149%2C630&ssl=1&resize=1050%2C600 3x"},"classes":[]},{"id":58127,"url":"https:\/\/ismaelcolosi.com.br\/index.php\/2024\/07\/28\/homem-morre-apos-cair-de-altura-de-70-metros-no-interior-de-sao-paulo\/","url_meta":{"origin":45954,"position":5},"title":"Homem morre ap\u00f3s cair de altura de 70 metros no interior de S\u00e3o Paulo","author":"ismaelcolosi.com.br","date":"28 de July de 2024","format":false,"excerpt":"Um homem morreu depois de cair de uma altura de 70 metros enquanto realizava uma escalada na Pedra do Ba\u00fa, em S\u00e3o Bento do Sapuca\u00ed, no interior de S\u00e3o Paulo. O caso aconteceu na \u00faltima sexta-feira (26) e a v\u00edtima ainda n\u00e3o foi identificada. De acordo com a Secretaria da\u2026","rel":"","context":"In &quot;Not\u00edcias de Ribeir\u00e3o Preto-SP e Regi\u00e3o&quot;","block_context":{"text":"Not\u00edcias de Ribeir\u00e3o Preto-SP e Regi\u00e3o","link":"https:\/\/ismaelcolosi.com.br\/index.php\/category\/noticias-de-ribeirao-preto-sp-e-regiao-ismael-colosi\/"},"img":{"alt_text":"","src":"https:\/\/i0.wp.com\/ismaelcolosi.com.br\/wp-content\/uploads\/2024\/07\/pedra-do-bau_2024-07-28_14-57-04_jpg_2024-07-28_14-57-04.webp.webp?fit=1200%2C800&ssl=1&resize=350%2C200","width":350,"height":200,"srcset":"https:\/\/i0.wp.com\/ismaelcolosi.com.br\/wp-content\/uploads\/2024\/07\/pedra-do-bau_2024-07-28_14-57-04_jpg_2024-07-28_14-57-04.webp.webp?fit=1200%2C800&ssl=1&resize=350%2C200 1x, https:\/\/i0.wp.com\/ismaelcolosi.com.br\/wp-content\/uploads\/2024\/07\/pedra-do-bau_2024-07-28_14-57-04_jpg_2024-07-28_14-57-04.webp.webp?fit=1200%2C800&ssl=1&resize=525%2C300 1.5x, https:\/\/i0.wp.com\/ismaelcolosi.com.br\/wp-content\/uploads\/2024\/07\/pedra-do-bau_2024-07-28_14-57-04_jpg_2024-07-28_14-57-04.webp.webp?fit=1200%2C800&ssl=1&resize=700%2C400 2x, https:\/\/i0.wp.com\/ismaelcolosi.com.br\/wp-content\/uploads\/2024\/07\/pedra-do-bau_2024-07-28_14-57-04_jpg_2024-07-28_14-57-04.webp.webp?fit=1200%2C800&ssl=1&resize=1050%2C600 3x"},"classes":[]}],"jetpack_sharing_enabled":true,"jetpack_shortlink":"https:\/\/wp.me\/pfMlyK-bXc","_links":{"self":[{"href":"https:\/\/ismaelcolosi.com.br\/index.php\/wp-json\/wp\/v2\/posts\/45954","targetHints":{"allow":["GET"]}}],"collection":[{"href":"https:\/\/ismaelcolosi.com.br\/index.php\/wp-json\/wp\/v2\/posts"}],"about":[{"href":"https:\/\/ismaelcolosi.com.br\/index.php\/wp-json\/wp\/v2\/types\/post"}],"author":[{"embeddable":true,"href":"https:\/\/ismaelcolosi.com.br\/index.php\/wp-json\/wp\/v2\/users\/1"}],"replies":[{"embeddable":true,"href":"https:\/\/ismaelcolosi.com.br\/index.php\/wp-json\/wp\/v2\/comments?post=45954"}],"version-history":[{"count":0,"href":"https:\/\/ismaelcolosi.com.br\/index.php\/wp-json\/wp\/v2\/posts\/45954\/revisions"}],"wp:featuredmedia":[{"embeddable":true,"href":"https:\/\/ismaelcolosi.com.br\/index.php\/wp-json\/wp\/v2\/media\/45955"}],"wp:attachment":[{"href":"https:\/\/ismaelcolosi.com.br\/index.php\/wp-json\/wp\/v2\/media?parent=45954"}],"wp:term":[{"taxonomy":"category","embeddable":true,"href":"https:\/\/ismaelcolosi.com.br\/index.php\/wp-json\/wp\/v2\/categories?post=45954"},{"taxonomy":"post_tag","embeddable":true,"href":"https:\/\/ismaelcolosi.com.br\/index.php\/wp-json\/wp\/v2\/tags?post=45954"}],"curies":[{"name":"wp","href":"https:\/\/api.w.org\/{rel}","templated":true}]}}