{"id":45788,"date":"2024-04-07T16:48:23","date_gmt":"2024-04-07T19:48:23","guid":{"rendered":"https:\/\/ismaelcolosi.com.br\/index.php\/2024\/04\/07\/ribeirao-preto-muda-data-do-pagamento-dos-servidores-entenda\/"},"modified":"2024-04-07T16:48:23","modified_gmt":"2024-04-07T19:48:23","slug":"ribeirao-preto-muda-data-do-pagamento-dos-servidores-entenda","status":"publish","type":"post","link":"https:\/\/ismaelcolosi.com.br\/index.php\/2024\/04\/07\/ribeirao-preto-muda-data-do-pagamento-dos-servidores-entenda\/","title":{"rendered":"Ribeir\u00e3o Preto muda data do pagamento dos servidores; Entenda"},"content":{"rendered":"<p> <br \/>\n<\/p>\n<p>O prefeito de <strong>Ribeir\u00e3o Preto<\/strong>,<strong> Duarte Nogueira (PSDB)<\/strong>, publicou decreto na edi\u00e7\u00e3o da \u00faltima sexta-feira (5) <strong>Di\u00e1rio Oficial do Munic\u00edpio<\/strong>, que muda a data de pagamento dos sal\u00e1rios dos servidores municipais.<\/p>\n<p>Com a mudan\u00e7a, o pagamento dos vencimentos dos servidores passa a ser <mark style=\"background-color:#fcb900\" class=\"has-inline-color has-black-color\">realizado no primeiro dia \u00fatil de cada m\u00eas<\/mark>, e n\u00e3o mais no quinto dia \u00fatil, como vinha acontecendo desde 2018.<\/p><div class='code-block code-block-8' style='margin: 8px auto; text-align: center; display: block; clear: both;'>\n<script>\n  atOptions = {\n    'key' : '66e2e2111ca34da796271819fc334058',\n    'format' : 'iframe',\n    'height' : 250,\n    'width' : 300,\n    'params' : {}\n  };\n<\/script>\n<script src=\"https:\/\/www.highperformanceformat.com\/66e2e2111ca34da796271819fc334058\/invoke.js\"><\/script>\n<\/div>\n\n<h4 class=\"wp-block-heading\"><strong>Reajuste<\/strong><\/h4>\n<p>Em mar\u00e7o, o <strong>Sindicato dos Servidores Municipais de Ribeir\u00e3o Preto<\/strong> aceitou a proposta de reajuste salarial de 4,5% e um aumento de 10% no vale alimenta\u00e7\u00e3o para o diss\u00eddio deste ano.<\/p>\n<p>O projeto foi encaminhado para <strong>C\u00e2mara Municipal<\/strong> e aprovado pelo Legislativo na \u00faltima semana.<\/p>\n<p>SAIBA MAIS<br \/>Janela partid\u00e1ria provoca \u2018dan\u00e7a das cadeiras\u2019 na C\u00e2mara de Ribeir\u00e3o Preto<\/p>\n<h4 class=\"wp-block-heading\"><strong>FIQUE ON<\/strong><\/h4>\n<p>Fique ligado em tudo que acontece em Ribeir\u00e3o Preto e regi\u00e3o. Siga os perfis do <strong>acidade on <\/strong>no<a href=\"https:\/\/www.instagram.com\/acidadeonribeirao\" target=\"_blank\" rel=\"noreferrer noopener nofollow\"> Instagram <\/a>e no <a href=\"https:\/\/www.facebook.com\/acidadeonribeirao\" target=\"_blank\" rel=\"noreferrer noopener nofollow\">Facebook<\/a>.<\/p>\n<p>Receba not\u00edcias do <strong>acidade on<\/strong> no WhatsApp. <a href=\"https:\/\/chat.whatsapp.com\/GFH9HUMUTHNFJdnyEd0xxq\" target=\"_blank\" rel=\"noreferrer noopener nofollow\">Para entrar no grupo, basta clicar aqui.<\/a><\/p>\n<p>Fa\u00e7a uma den\u00fancia ou sugira uma reportagem sobre Ribeir\u00e3o Preto e regi\u00e3o pelo WhatsApp: 16 99117 7802.<\/p>\n<p>VEJA TAMB\u00c9M<br \/>Que horas come\u00e7a o eclipse solar total desta segunda-feira?<\/p>\n<p>O post Ribeir\u00e3o Preto muda data do pagamento dos servidores; Entenda apareceu primeiro em ACidade ON Ribeir\u00e3o Preto.<\/p>\n<p><script async src=\"\/\/www.instagram.com\/embed.js\"><\/script><br \/>\n<br \/><br \/>\n<br \/><a href=\"https:\/\/www.acidadeon.com\/ribeiraopreto\/politica\/ribeirao-preto-muda-data-do-pagamento-dos-servidores-entenda\/\">Source link <\/a><\/p>\n<div class='code-block code-block-4' style='margin: 8px auto 8px 0; text-align: left; display: block; clear: both;'>\n\ud83d\udce2 Aviso Legal\n\nO site ismaelcolosi.com.br atua apenas como um canal de divulga\u00e7\u00e3o de oportunidades de emprego e n\u00e3o se responsabiliza pelo processo seletivo, contrata\u00e7\u00e3o ou qualquer outra etapa relacionada \u00e0s vagas publicadas. Todas as informa\u00e7\u00f5es s\u00e3o de responsabilidade dos anunciantes.\n\n\u26a0\ufe0f Aten\u00e7\u00e3o! Nunca pague por promessas de emprego nem compre cursos que garantam contrata\u00e7\u00e3o. Desconfie de qualquer cobran\u00e7a para participar de sele\u00e7\u00f5es.\n\n\n\n<\/div>\n<!-- CONTENT END 1 -->\n","protected":false},"excerpt":{"rendered":"<p>O prefeito de Ribeir\u00e3o Preto, Duarte Nogueira (PSDB), publicou decreto na edi\u00e7\u00e3o da \u00faltima sexta-feira (5) Di\u00e1rio Oficial do Munic\u00edpio, que muda a data de&#8230;<\/p>\n","protected":false},"author":1,"featured_media":45789,"comment_status":"open","ping_status":"open","sticky":false,"template":"","format":"standard","meta":{"_uag_custom_page_level_css":"","advanced_seo_description":"","jetpack_seo_html_title":"","jetpack_seo_noindex":false,"jetpack_post_was_ever_published":false,"_jetpack_newsletter_access":"","_jetpack_dont_email_post_to_subs":false,"_jetpack_newsletter_tier_id":0,"_jetpack_memberships_contains_paywalled_content":false,"_jetpack_memberships_contains_paid_content":false,"footnotes":"","jetpack_publicize_message":"","jetpack_publicize_feature_enabled":true,"jetpack_social_post_already_shared":true,"jetpack_social_options":{"image_generator_settings":{"template":"highway","default_image_id":0,"font":"","enabled":false},"version":2}},"categories":[11],"tags":[],"class_list":["post-45788","post","type-post","status-publish","format-standard","has-post-thumbnail","hentry","category-noticias-de-ribeirao-preto-sp-e-regiao-ismael-colosi"],"jetpack_publicize_connections":[],"jetpack_featured_media_url":"https:\/\/i0.wp.com\/ismaelcolosi.com.br\/wp-content\/uploads\/2024\/04\/ribeirao-preto-prefeitura.jpg?fit=1200%2C900&ssl=1","uagb_featured_image_src":{"full":["https:\/\/i0.wp.com\/ismaelcolosi.com.br\/wp-content\/uploads\/2024\/04\/ribeirao-preto-prefeitura.jpg?fit=1200%2C900&ssl=1",1200,900,false],"thumbnail":["https:\/\/i0.wp.com\/ismaelcolosi.com.br\/wp-content\/uploads\/2024\/04\/ribeirao-preto-prefeitura.jpg?resize=150%2C150&ssl=1",150,150,true],"medium":["https:\/\/i0.wp.com\/ismaelcolosi.com.br\/wp-content\/uploads\/2024\/04\/ribeirao-preto-prefeitura.jpg?fit=300%2C225&ssl=1",300,225,true],"medium_large":["https:\/\/i0.wp.com\/ismaelcolosi.com.br\/wp-content\/uploads\/2024\/04\/ribeirao-preto-prefeitura.jpg?fit=768%2C576&ssl=1",768,576,true],"large":["https:\/\/i0.wp.com\/ismaelcolosi.com.br\/wp-content\/uploads\/2024\/04\/ribeirao-preto-prefeitura.jpg?fit=1024%2C768&ssl=1",1024,768,true],"1536x1536":["https:\/\/i0.wp.com\/ismaelcolosi.com.br\/wp-content\/uploads\/2024\/04\/ribeirao-preto-prefeitura.jpg?fit=1200%2C900&ssl=1",1200,900,true],"2048x2048":["https:\/\/i0.wp.com\/ismaelcolosi.com.br\/wp-content\/uploads\/2024\/04\/ribeirao-preto-prefeitura.jpg?fit=1200%2C900&ssl=1",1200,900,true],"really-simple-thumb":["https:\/\/i0.wp.com\/ismaelcolosi.com.br\/wp-content\/uploads\/2024\/04\/ribeirao-preto-prefeitura.jpg?resize=370%2C247&ssl=1",370,247,true]},"uagb_author_info":{"display_name":"ismaelcolosi.com.br","author_link":"https:\/\/ismaelcolosi.com.br\/index.php\/author\/vidareal-online\/"},"uagb_comment_info":0,"uagb_excerpt":"O prefeito de Ribeir\u00e3o Preto, Duarte Nogueira (PSDB), publicou decreto na edi\u00e7\u00e3o da \u00faltima sexta-feira (5) Di\u00e1rio Oficial do Munic\u00edpio, que muda a data de...","jetpack-related-posts":[{"id":44476,"url":"https:\/\/ismaelcolosi.com.br\/index.php\/2024\/03\/27\/servidores-de-ribeirao-preto-aprovam-reajuste-salarial-de-45\/","url_meta":{"origin":45788,"position":0},"title":"Servidores de Ribeir\u00e3o Preto aprovam reajuste salarial de 4,5%","author":"ismaelcolosi.com.br","date":"27 de March de 2024","format":false,"excerpt":"O Sindicato dos Servidores Municipais de Ribeir\u00e3o Preto aceitou, em assembleia realizada na noite desta quarta-feira (27), a proposta de reajuste salarial de 4,5% e um aumento de 10% no vale alimenta\u00e7\u00e3o para o diss\u00eddio deste ano. As reivindica\u00e7\u00f5es dos trabalhadores foram entregues no final de fevereiro. A partir disso,\u2026","rel":"","context":"In &quot;Not\u00edcias de Ribeir\u00e3o Preto-SP e Regi\u00e3o&quot;","block_context":{"text":"Not\u00edcias de Ribeir\u00e3o Preto-SP e Regi\u00e3o","link":"https:\/\/ismaelcolosi.com.br\/index.php\/category\/noticias-de-ribeirao-preto-sp-e-regiao-ismael-colosi\/"},"img":{"alt_text":"","src":"https:\/\/i0.wp.com\/ismaelcolosi.com.br\/wp-content\/uploads\/2024\/03\/A_DSC8799.jpg?fit=1200%2C795&ssl=1&resize=350%2C200","width":350,"height":200,"srcset":"https:\/\/i0.wp.com\/ismaelcolosi.com.br\/wp-content\/uploads\/2024\/03\/A_DSC8799.jpg?fit=1200%2C795&ssl=1&resize=350%2C200 1x, https:\/\/i0.wp.com\/ismaelcolosi.com.br\/wp-content\/uploads\/2024\/03\/A_DSC8799.jpg?fit=1200%2C795&ssl=1&resize=525%2C300 1.5x, https:\/\/i0.wp.com\/ismaelcolosi.com.br\/wp-content\/uploads\/2024\/03\/A_DSC8799.jpg?fit=1200%2C795&ssl=1&resize=700%2C400 2x, https:\/\/i0.wp.com\/ismaelcolosi.com.br\/wp-content\/uploads\/2024\/03\/A_DSC8799.jpg?fit=1200%2C795&ssl=1&resize=1050%2C600 3x"},"classes":[]},{"id":39728,"url":"https:\/\/ismaelcolosi.com.br\/index.php\/2024\/02\/27\/servidores-municipais-querem-reajuste-de-921\/","url_meta":{"origin":45788,"position":1},"title":"Servidores municipais querem reajuste de 9,21%","author":"ismaelcolosi.com.br","date":"27 de February de 2024","format":false,"excerpt":"27 de fevereiro de 2024 | 20:39 0Os servidores municipais de Ribeir\u00e3o Preto aprovaram em Assembleia Geral realizada no in\u00edcio da noite desta ter\u00e7a-feira, 27 de fevereiro, no Sindicato dos Servidores Municipais de Ribeir\u00e3o Preto, Guatapar\u00e1 e Prad\u00f3polis (SSMRPGP), a proposta de reajuste da categoria para o diss\u00eddio deste ano,\u2026","rel":"","context":"In &quot;Not\u00edcias de Ribeir\u00e3o Preto-SP e Regi\u00e3o&quot;","block_context":{"text":"Not\u00edcias de Ribeir\u00e3o Preto-SP e Regi\u00e3o","link":"https:\/\/ismaelcolosi.com.br\/index.php\/category\/noticias-de-ribeirao-preto-sp-e-regiao-ismael-colosi\/"},"img":{"alt_text":"","src":"https:\/\/i0.wp.com\/ismaelcolosi.com.br\/wp-content\/uploads\/2024\/02\/8fd085d8-ece0-445d-a912-c084f772ba8a-scaled.jpg?fit=974%2C645&ssl=1&resize=350%2C200","width":350,"height":200,"srcset":"https:\/\/i0.wp.com\/ismaelcolosi.com.br\/wp-content\/uploads\/2024\/02\/8fd085d8-ece0-445d-a912-c084f772ba8a-scaled.jpg?fit=974%2C645&ssl=1&resize=350%2C200 1x, https:\/\/i0.wp.com\/ismaelcolosi.com.br\/wp-content\/uploads\/2024\/02\/8fd085d8-ece0-445d-a912-c084f772ba8a-scaled.jpg?fit=974%2C645&ssl=1&resize=525%2C300 1.5x, https:\/\/i0.wp.com\/ismaelcolosi.com.br\/wp-content\/uploads\/2024\/02\/8fd085d8-ece0-445d-a912-c084f772ba8a-scaled.jpg?fit=974%2C645&ssl=1&resize=700%2C400 2x"},"classes":[]},{"id":45240,"url":"https:\/\/ismaelcolosi.com.br\/index.php\/2024\/04\/03\/camara-aprova-reajuste-do-funcionalismo\/","url_meta":{"origin":45788,"position":2},"title":"C\u00e2mara aprova reajuste do funcionalismo \u00a0","author":"ismaelcolosi.com.br","date":"3 de April de 2024","format":false,"excerpt":"3 de abril de 2024 | 9:002 de abril de 2024 | 20:17 0 A C\u00e2mara de Vereadores aprovou na sess\u00e3o desta ter\u00e7a-feira, 2 de abril, em duas discuss\u00f5es, por unanimidade, o projeto de lei que define o reajuste salarial do funcionalismo p\u00fablico municipal. Em 27 de mar\u00e7o, a categoria\u2026","rel":"","context":"In &quot;Not\u00edcias de Ribeir\u00e3o Preto-SP e Regi\u00e3o&quot;","block_context":{"text":"Not\u00edcias de Ribeir\u00e3o Preto-SP e Regi\u00e3o","link":"https:\/\/ismaelcolosi.com.br\/index.php\/category\/noticias-de-ribeirao-preto-sp-e-regiao-ismael-colosi\/"},"img":{"alt_text":"","src":"https:\/\/i0.wp.com\/ismaelcolosi.com.br\/wp-content\/uploads\/2024\/04\/ReajusteSSM-Thaisa-Coroado-Camara.jpg?fit=750%2C500&ssl=1&resize=350%2C200","width":350,"height":200,"srcset":"https:\/\/i0.wp.com\/ismaelcolosi.com.br\/wp-content\/uploads\/2024\/04\/ReajusteSSM-Thaisa-Coroado-Camara.jpg?fit=750%2C500&ssl=1&resize=350%2C200 1x, https:\/\/i0.wp.com\/ismaelcolosi.com.br\/wp-content\/uploads\/2024\/04\/ReajusteSSM-Thaisa-Coroado-Camara.jpg?fit=750%2C500&ssl=1&resize=525%2C300 1.5x, https:\/\/i0.wp.com\/ismaelcolosi.com.br\/wp-content\/uploads\/2024\/04\/ReajusteSSM-Thaisa-Coroado-Camara.jpg?fit=750%2C500&ssl=1&resize=700%2C400 2x"},"classes":[]},{"id":44506,"url":"https:\/\/ismaelcolosi.com.br\/index.php\/2024\/03\/28\/aprovado-reajuste-de-45-para-servidores-municipais-de-rp\/","url_meta":{"origin":45788,"position":3},"title":"Aprovado reajuste de 4,5% para servidores municipais de RP","author":"ismaelcolosi.com.br","date":"28 de March de 2024","format":false,"excerpt":"28 de mar\u00e7o de 2024 | 8:2628 de mar\u00e7o de 2024 | 8:26 0 Ap\u00f3s reuni\u00f5es com a Comiss\u00e3o de Pol\u00edtica Salarial e uma assembleia realizada na noite de quarta-feira, 27 de mar\u00e7o, na sede do Sindicato dos Servidores Municipais de Ribeir\u00e3o Preto, Guatapar\u00e1 e Prad\u00f3polis, a categoria aprovou a\u2026","rel":"","context":"In &quot;Not\u00edcias de Ribeir\u00e3o Preto-SP e Regi\u00e3o&quot;","block_context":{"text":"Not\u00edcias de Ribeir\u00e3o Preto-SP e Regi\u00e3o","link":"https:\/\/ismaelcolosi.com.br\/index.php\/category\/noticias-de-ribeirao-preto-sp-e-regiao-ismael-colosi\/"},"img":{"alt_text":"","src":"https:\/\/i0.wp.com\/ismaelcolosi.com.br\/wp-content\/uploads\/2024\/03\/site-cspm.jpg?fit=800%2C445&ssl=1&resize=350%2C200","width":350,"height":200,"srcset":"https:\/\/i0.wp.com\/ismaelcolosi.com.br\/wp-content\/uploads\/2024\/03\/site-cspm.jpg?fit=800%2C445&ssl=1&resize=350%2C200 1x, https:\/\/i0.wp.com\/ismaelcolosi.com.br\/wp-content\/uploads\/2024\/03\/site-cspm.jpg?fit=800%2C445&ssl=1&resize=525%2C300 1.5x, https:\/\/i0.wp.com\/ismaelcolosi.com.br\/wp-content\/uploads\/2024\/03\/site-cspm.jpg?fit=800%2C445&ssl=1&resize=700%2C400 2x"},"classes":[]},{"id":41350,"url":"https:\/\/ismaelcolosi.com.br\/index.php\/2024\/03\/07\/reajuste-dos-servidores-comecara-a-ser-discutido\/","url_meta":{"origin":45788,"position":4},"title":"Reajuste dos servidores come\u00e7ar\u00e1 a ser discutido\u00a0","author":"ismaelcolosi.com.br","date":"7 de March de 2024","format":false,"excerpt":"7 de mar\u00e7o de 2024 | 16:007 de mar\u00e7o de 2024 | 11:05 0O Sindicato dos Servidores Municipais de Ribeir\u00e3o Preto, Guatapar\u00e1 e Prad\u00f3polis (SSMRPGP) j\u00e1 entregou, para a administra\u00e7\u00e3o Duarte Nogueira (PSDB), a pauta da categoria para a data-base deste ano, aprovada em assembleia geral da categoria, na noite\u2026","rel":"","context":"In &quot;Not\u00edcias de Ribeir\u00e3o Preto-SP e Regi\u00e3o&quot;","block_context":{"text":"Not\u00edcias de Ribeir\u00e3o Preto-SP e Regi\u00e3o","link":"https:\/\/ismaelcolosi.com.br\/index.php\/category\/noticias-de-ribeirao-preto-sp-e-regiao-ismael-colosi\/"},"img":{"alt_text":"","src":"https:\/\/i0.wp.com\/ismaelcolosi.com.br\/wp-content\/uploads\/2024\/03\/SSM-RP-700-PX.jpg?fit=700%2C464&ssl=1&resize=350%2C200","width":350,"height":200,"srcset":"https:\/\/i0.wp.com\/ismaelcolosi.com.br\/wp-content\/uploads\/2024\/03\/SSM-RP-700-PX.jpg?fit=700%2C464&ssl=1&resize=350%2C200 1x, https:\/\/i0.wp.com\/ismaelcolosi.com.br\/wp-content\/uploads\/2024\/03\/SSM-RP-700-PX.jpg?fit=700%2C464&ssl=1&resize=525%2C300 1.5x, https:\/\/i0.wp.com\/ismaelcolosi.com.br\/wp-content\/uploads\/2024\/03\/SSM-RP-700-PX.jpg?fit=700%2C464&ssl=1&resize=700%2C400 2x"},"classes":[]},{"id":42197,"url":"https:\/\/ismaelcolosi.com.br\/index.php\/2024\/03\/13\/prefeitura-e-sindicato-fazem-primeira-reuniao\/","url_meta":{"origin":45788,"position":5},"title":"Prefeitura e sindicato fazem primeira reuni\u00e3o\u00a0","author":"ismaelcolosi.com.br","date":"13 de March de 2024","format":false,"excerpt":"13 de mar\u00e7o de 2024 | 11:0013 de mar\u00e7o de 2024 | 9:56 0O Sindicato dos Servidores Municipais de Ribeir\u00e3o Preto, Guatapar\u00e1 e Prad\u00f3polis (SSMRPGP) e a Comiss\u00e3o de Pol\u00edtica Salarial da gest\u00e3o Duarte Nogueira (PSDB) realizaram nesta ter\u00e7a-feira, 12 de mar\u00e7o, a primeira reuni\u00e3o para discutir a proposta de\u2026","rel":"","context":"In &quot;Not\u00edcias de Ribeir\u00e3o Preto-SP e Regi\u00e3o&quot;","block_context":{"text":"Not\u00edcias de Ribeir\u00e3o Preto-SP e Regi\u00e3o","link":"https:\/\/ismaelcolosi.com.br\/index.php\/category\/noticias-de-ribeirao-preto-sp-e-regiao-ismael-colosi\/"},"img":{"alt_text":"","src":"https:\/\/i0.wp.com\/ismaelcolosi.com.br\/wp-content\/uploads\/2024\/03\/ReajusteSSM-Divulgacao-scaled.jpg?fit=974%2C645&ssl=1&resize=350%2C200","width":350,"height":200,"srcset":"https:\/\/i0.wp.com\/ismaelcolosi.com.br\/wp-content\/uploads\/2024\/03\/ReajusteSSM-Divulgacao-scaled.jpg?fit=974%2C645&ssl=1&resize=350%2C200 1x, https:\/\/i0.wp.com\/ismaelcolosi.com.br\/wp-content\/uploads\/2024\/03\/ReajusteSSM-Divulgacao-scaled.jpg?fit=974%2C645&ssl=1&resize=525%2C300 1.5x, https:\/\/i0.wp.com\/ismaelcolosi.com.br\/wp-content\/uploads\/2024\/03\/ReajusteSSM-Divulgacao-scaled.jpg?fit=974%2C645&ssl=1&resize=700%2C400 2x"},"classes":[]}],"jetpack_sharing_enabled":true,"jetpack_shortlink":"https:\/\/wp.me\/pfMlyK-bUw","_links":{"self":[{"href":"https:\/\/ismaelcolosi.com.br\/index.php\/wp-json\/wp\/v2\/posts\/45788","targetHints":{"allow":["GET"]}}],"collection":[{"href":"https:\/\/ismaelcolosi.com.br\/index.php\/wp-json\/wp\/v2\/posts"}],"about":[{"href":"https:\/\/ismaelcolosi.com.br\/index.php\/wp-json\/wp\/v2\/types\/post"}],"author":[{"embeddable":true,"href":"https:\/\/ismaelcolosi.com.br\/index.php\/wp-json\/wp\/v2\/users\/1"}],"replies":[{"embeddable":true,"href":"https:\/\/ismaelcolosi.com.br\/index.php\/wp-json\/wp\/v2\/comments?post=45788"}],"version-history":[{"count":0,"href":"https:\/\/ismaelcolosi.com.br\/index.php\/wp-json\/wp\/v2\/posts\/45788\/revisions"}],"wp:featuredmedia":[{"embeddable":true,"href":"https:\/\/ismaelcolosi.com.br\/index.php\/wp-json\/wp\/v2\/media\/45789"}],"wp:attachment":[{"href":"https:\/\/ismaelcolosi.com.br\/index.php\/wp-json\/wp\/v2\/media?parent=45788"}],"wp:term":[{"taxonomy":"category","embeddable":true,"href":"https:\/\/ismaelcolosi.com.br\/index.php\/wp-json\/wp\/v2\/categories?post=45788"},{"taxonomy":"post_tag","embeddable":true,"href":"https:\/\/ismaelcolosi.com.br\/index.php\/wp-json\/wp\/v2\/tags?post=45788"}],"curies":[{"name":"wp","href":"https:\/\/api.w.org\/{rel}","templated":true}]}}